{"id":79299,"date":"2026-03-17T10:38:56","date_gmt":"2026-03-17T13:38:56","guid":{"rendered":"https:\/\/jornalrol.com.br\/?p=79299"},"modified":"2026-03-17T10:39:03","modified_gmt":"2026-03-17T13:39:03","slug":"um-certo-professor-jordao","status":"publish","type":"post","link":"http:\/\/jornalrol.com.br\/?p=79299","title":{"rendered":"Um certo professor Jord\u00e3o"},"content":{"rendered":"<div class=\"pdfprnt-buttons pdfprnt-buttons-post pdfprnt-top-right\"><a href=\"http:\/\/jornalrol.com.br\/index.php?rest_route=%2Fwp%2Fv2%2Fposts%2F79299&print=pdf\" class=\"pdfprnt-button pdfprnt-button-pdf\" target=\"_blank\" ><\/a><a href=\"http:\/\/jornalrol.com.br\/index.php?rest_route=%2Fwp%2Fv2%2Fposts%2F79299&print=print\" class=\"pdfprnt-button pdfprnt-button-print\" target=\"_blank\" ><img decoding=\"async\" src=\"https:\/\/jornalrol.com.br\/wp-content\/plugins\/pdf-print\/images\/print.png\" alt=\"image_print\" title=\"Conte\u00fado de impress\u00e3o\" \/><\/a><\/div>\n<h2 class=\"wp-block-heading has-text-align-center\">Jorge Facury: Cr\u00f4nica &#8216;Um certo professor Jord\u00e3o&#8217;<br><br><\/h2>\n\n\n<div class=\"wp-block-image\">\n<figure class=\"aligncenter size-full is-resized\"><img loading=\"lazy\" decoding=\"async\" width=\"675\" height=\"948\" data-attachment-id=\"69248\" data-permalink=\"http:\/\/jornalrol.com.br\/?attachment_id=69248\" data-orig-file=\"http:\/\/jornalrol.com.br\/wp-content\/uploads\/2024\/09\/05caea81-4a12-45f6-8059-8530bb794d6d.jpeg\" data-orig-size=\"675,948\" data-comments-opened=\"1\" data-image-meta=\"{&quot;aperture&quot;:&quot;0&quot;,&quot;credit&quot;:&quot;&quot;,&quot;camera&quot;:&quot;&quot;,&quot;caption&quot;:&quot;&quot;,&quot;created_timestamp&quot;:&quot;0&quot;,&quot;copyright&quot;:&quot;&quot;,&quot;focal_length&quot;:&quot;0&quot;,&quot;iso&quot;:&quot;0&quot;,&quot;shutter_speed&quot;:&quot;0&quot;,&quot;title&quot;:&quot;&quot;,&quot;orientation&quot;:&quot;0&quot;}\" data-image-title=\"05caea81-4a12-45f6-8059-8530bb794d6d\" data-image-description=\"&lt;p&gt;Jorge Facury&lt;\/p&gt;\n\" data-image-caption=\"&lt;p&gt;Jorge Facury&lt;\/p&gt;\n\" data-large-file=\"http:\/\/jornalrol.com.br\/wp-content\/uploads\/2024\/09\/05caea81-4a12-45f6-8059-8530bb794d6d.jpeg\" src=\"http:\/\/jornalrol.com.br\/wp-content\/uploads\/2024\/09\/05caea81-4a12-45f6-8059-8530bb794d6d.jpeg\" alt=\"Jorge Facury\" class=\"wp-image-69248\" style=\"aspect-ratio:0.7120370522984621;width:149px;height:auto\"\/><figcaption class=\"wp-element-caption\">Jorge Facury<\/figcaption><\/figure>\n<\/div>\n\n<div class=\"wp-block-image\">\n<figure class=\"aligncenter size-full is-resized\"><img loading=\"lazy\" decoding=\"async\" width=\"1024\" height=\"1536\" data-attachment-id=\"79300\" data-permalink=\"http:\/\/jornalrol.com.br\/?attachment_id=79300\" data-orig-file=\"http:\/\/jornalrol.com.br\/wp-content\/uploads\/2026\/03\/02aa1516-61e0-4cef-97f4-1a0b68a7a429.jpg\" data-orig-size=\"1024,1536\" data-comments-opened=\"1\" data-image-meta=\"{&quot;aperture&quot;:&quot;0&quot;,&quot;credit&quot;:&quot;&quot;,&quot;camera&quot;:&quot;&quot;,&quot;caption&quot;:&quot;&quot;,&quot;created_timestamp&quot;:&quot;0&quot;,&quot;copyright&quot;:&quot;&quot;,&quot;focal_length&quot;:&quot;0&quot;,&quot;iso&quot;:&quot;0&quot;,&quot;shutter_speed&quot;:&quot;0&quot;,&quot;title&quot;:&quot;&quot;,&quot;orientation&quot;:&quot;0&quot;}\" data-image-title=\"02aa1516-61e0-4cef-97f4-1a0b68a7a429\" data-image-description=\"\" data-image-caption=\"\" data-large-file=\"http:\/\/jornalrol.com.br\/wp-content\/uploads\/2026\/03\/02aa1516-61e0-4cef-97f4-1a0b68a7a429.jpg\" src=\"https:\/\/jornalrol.com.br\/wp-content\/uploads\/2026\/03\/02aa1516-61e0-4cef-97f4-1a0b68a7a429.jpg\" alt=\"\" class=\"wp-image-79300\" style=\"width:332px;height:auto\" srcset=\"http:\/\/jornalrol.com.br\/wp-content\/uploads\/2026\/03\/02aa1516-61e0-4cef-97f4-1a0b68a7a429.jpg 1024w, http:\/\/jornalrol.com.br\/wp-content\/uploads\/2026\/03\/02aa1516-61e0-4cef-97f4-1a0b68a7a429-800x1200.jpg 800w, http:\/\/jornalrol.com.br\/wp-content\/uploads\/2026\/03\/02aa1516-61e0-4cef-97f4-1a0b68a7a429-768x1152.jpg 768w\" sizes=\"auto, (max-width: 1024px) 100vw, 1024px\" \/><figcaption class=\"wp-element-caption\"><em>Imagem gerada pelo ChatGPT &#8211; https:\/\/chatgpt.com\/c\/69b95861-d7fc-83e9-8edb-be9a4d66939d<\/em><\/figcaption><\/figure>\n<\/div>\n\n\n<p class=\"has-drop-cap\">Estava na adolesc\u00eancia. Aula de educa\u00e7\u00e3o f\u00edsica na escola Industrial &#8216;Sales Gomes&#8217; da seresteira Tatu\u00ed.<\/p>\n\n\n\n<p>Tarde de calor, daquelas de rachar mamona! Est\u00e1vamos em uma atividade pra l\u00e1 de esgotante e sa\u00ed rapidamente para tomar um pouco de \u00e1gua numa torneira num ponto da quadra. Nem tinha come\u00e7ado a beber quando senti algu\u00e9m me abra\u00e7ando. Era o professor de educa\u00e7\u00e3o f\u00edsica, chamado Jord\u00e3o, uma montanha de m\u00fasculos com aspecto imponente, que me abordou.<\/p>\n\n\n\n<p>N\u00e3o era um abra\u00e7o confortante, mas, amea\u00e7ador. Ele disse:<\/p>\n\n\n\n<p>&#8211; Est\u00e1 com sede? E emendou: &nbsp;&#8211; Acaso eu disse que podia tomar \u00e1gua?<\/p>\n\n\n\n<p>Bem, ningu\u00e9m me disse que era proibido! Se houvesse uma ordem expressa nesse sentido, com certeza eu gravaria, mas, n\u00e3o lembro disso. Foi naquela surpresa da presen\u00e7a abrupta dele que logo me vi sentenciado a 25 flex\u00f5es de bra\u00e7o para \u2018aprender\u2019 a n\u00e3o desobedecer a sua autoridade.<\/p>\n\n\n\n<p>A atmosfera educacional da \u00e9poca ainda se via aguilhoada pela cartilha militar. Sofri para fazer aquelas flex\u00f5es sem ter matado a sede. Na mesma semana, o diretor me chamou \u00e0 Diretoria. Queria saber se acaso era eu que assinava uma coluna no jornal INTEGRA\u00c7\u00c3O que ele acabara de ler e estava sobre sua mesa. Confirmei. Ele me deu parab\u00e9ns. Jord\u00e3o estava presente e, com certa surpresa, dirigiu-se a mim, inquirindo:<\/p>\n\n\n\n<p>&#8211; Ent\u00e3o \u00e9 esse o seu neg\u00f3cio?<\/p>\n\n\n\n<p>S\u00f3 fiz sinal positivo com a cabe\u00e7a, pois ele me inspirava certo temor. Ele deve ter pensado: \u201cComo esse moleque fracote escreve assim, pra jornal?\u201d<\/p>\n\n\n\n<p>Afinal, eu tinha apenas 16 anos e escrevia sobre Ufologia e outros assuntos, numa coluna generosamente ofertada pelo editor Jos\u00e9 Reiner Fernandes.<\/p>\n\n\n\n<p>O homenzarr\u00e3o que tinha nome de rio, notadamente b\u00edblico, um s\u00edmbolo de \u00e1guas flu\u00eddas, quis me condenar \u00e0 secura! Que ironia da vida! O tempo passou. Como afinal passam as \u00e1guas e as nuvens, e, claro, jamais poderia esquecer aquela abordagem \u00fanica:<\/p>\n\n\n\n<p>&#8211; Ent\u00e3o, \u00e9 esse o seu neg\u00f3cio?!<\/p>\n\n\n\n<h3 class=\"wp-block-heading has-text-align-center\">Jorge Facury<\/h3>\n\n\n\n<div class=\"wp-block-columns is-layout-flex wp-container-core-columns-is-layout-9d6595d7 wp-block-columns-is-layout-flex\">\n<div class=\"wp-block-column is-layout-flow wp-block-column-is-layout-flow\">\n<h3 class=\"wp-block-heading has-text-align-center has-electric-grass-gradient-background has-background\"><a href=\"https:\/\/www.facebook.com\/jorge.facury.1?locale=pt_BR\" target=\"_blank\" rel=\"noopener\" title=\"Facebook\">Facebook<\/a><\/h3>\n<\/div>\n\n\n\n<div class=\"wp-block-column is-layout-flow wp-block-column-is-layout-flow\">\n<h3 class=\"wp-block-heading has-text-align-center has-electric-grass-gradient-background has-background\"><a href=\"https:\/\/wa.me\/15991449123\" title=\"WhatsApp\">WhatsApp<\/a><\/h3>\n<\/div>\n<\/div>\n\n\n\n<p><a href=\"https:\/\/jornalrol.com.br\/\" title=\"Voltar\">Voltar<\/a><\/p>\n\n\n\n<p><a href=\"https:\/\/www.facebook.com\/JCulturalrol\/\" title=\"Facebook\">Facebook<\/a><\/p>\n","protected":false},"excerpt":{"rendered":"<p>Estava na adolesc\u00eancia. Aula de educa\u00e7\u00e3o f\u00edsica na escola Industrial &#8216;Sales Gomes&#8217; da seresteira Tatu\u00ed. Tarde de calor, daquelas de rachar mamona!<\/p>\n","protected":false},"author":117,"featured_media":79300,"comment_status":"open","ping_status":"closed","sticky":false,"template":"","format":"standard","meta":{"_jetpack_newsletter_access":"","_jetpack_dont_email_post_to_subs":false,"_jetpack_newsletter_tier_id":0,"_jetpack_memberships_contains_paywalled_content":false,"_jetpack_memberships_contains_paid_content":false,"footnotes":""},"categories":[9392,9285],"tags":[633,16425,16426],"class_list":["post-79299","post","type-post","status-publish","format-standard","has-post-thumbnail","hentry","category-cronicas","category-literatura","tag-adolescencia","tag-aula-de-educacao-fisica","tag-professor-autoritario"],"aioseo_notices":[],"views":182,"jetpack_featured_media_url":"http:\/\/jornalrol.com.br\/wp-content\/uploads\/2026\/03\/02aa1516-61e0-4cef-97f4-1a0b68a7a429.jpg","jetpack_sharing_enabled":true,"jetpack_likes_enabled":true,"jetpack-related-posts":[{"id":78248,"url":"http:\/\/jornalrol.com.br\/?p=78248","url_meta":{"origin":79299,"position":0},"title":"O seguimento da mestra","author":"Jorge Facury","date":"4 de fevereiro de 2026","format":false,"excerpt":"\u00c0s 4h30 deste dia 03 de fevereiro, a querida e inesquec\u00edvel professora Almira Porci\u00fancula, de Tatu\u00ed, partiu para a Eternidade. Mestra da l\u00edngua portuguesa...","rel":"","context":"Em &quot;Cr\u00f4nicas&quot;","block_context":{"text":"Cr\u00f4nicas","link":"http:\/\/jornalrol.com.br\/?cat=9392"},"img":{"alt_text":"Professora Almira Porci\u00fancula e Jorge Facury - Foto do arquivo do autor","src":"https:\/\/i0.wp.com\/jornalrol.com.br\/wp-content\/uploads\/2026\/02\/627365411_26338955455688350_842514845108969999_n.jpg?resize=350%2C200","width":350,"height":200,"srcset":"https:\/\/i0.wp.com\/jornalrol.com.br\/wp-content\/uploads\/2026\/02\/627365411_26338955455688350_842514845108969999_n.jpg?resize=350%2C200 1x, https:\/\/i0.wp.com\/jornalrol.com.br\/wp-content\/uploads\/2026\/02\/627365411_26338955455688350_842514845108969999_n.jpg?resize=525%2C300 1.5x, https:\/\/i0.wp.com\/jornalrol.com.br\/wp-content\/uploads\/2026\/02\/627365411_26338955455688350_842514845108969999_n.jpg?resize=700%2C400 2x, https:\/\/i0.wp.com\/jornalrol.com.br\/wp-content\/uploads\/2026\/02\/627365411_26338955455688350_842514845108969999_n.jpg?resize=1050%2C600 3x"},"classes":[]},{"id":38326,"url":"http:\/\/jornalrol.com.br\/?p=38326","url_meta":{"origin":79299,"position":1},"title":"&#039;Amargo, Azedo, Ardido&#8230; Mas, se Quiser, Agridoce&#039; \u00e9 o mais novo livro de Michel Facury","author":"Sergio Diniz da Costa","date":"5 de mar\u00e7o de 2021","format":false,"excerpt":"\u00a0\"Um livro suave, leve e solto, contudo, em algumas p\u00e1ginas \u2013 intenso, transl\u00facido, \u00e1cido, corrosivo at\u00e9 - diria, esta \u00e9 a obra setembrina de Michel Facury...\" (Jorge Facury) Depois de algum tempo num 'jejum liter\u00e1rio', Michel Facury lan\u00e7a 'Amargo, Azedo, Ardido... Mas, se Quiser, Agridoce', pela Crearte Editora, com capa\u2026","rel":"","context":"Em &quot;Comunica\u00e7\u00e3o&quot;","block_context":{"text":"Comunica\u00e7\u00e3o","link":"http:\/\/jornalrol.com.br\/?cat=7"},"img":{"alt_text":"","src":"https:\/\/i0.wp.com\/jornalrol.com.br\/wp-content\/uploads\/2021\/03\/capa_frente-2.jpg?resize=350%2C200","width":350,"height":200},"classes":[]},{"id":69246,"url":"http:\/\/jornalrol.com.br\/?p=69246","url_meta":{"origin":79299,"position":2},"title":"Vida de Rhand","author":"Sergio Diniz da Costa","date":"6 de setembro de 2024","format":false,"excerpt":"O escritor sorocabano Jorge Facury lan\u00e7ou o livro VIDA DE RHAND, no Miss Terra 2024, um importante concurso do mundo Miss, em S\u00e3o Paulo, no \u00faltimo dia 30...","rel":"","context":"Em &quot;lan\u00e7amentos&quot;","block_context":{"text":"lan\u00e7amentos","link":"http:\/\/jornalrol.com.br\/?cat=9462"},"img":{"alt_text":"Capa do livro 'Vida de Rhand', de Jorge Facury, pela Crearte Editora","src":"https:\/\/i0.wp.com\/jornalrol.com.br\/wp-content\/uploads\/2024\/09\/56cc2d88-e32e-4389-ae67-c36ca433d240.jpeg?resize=350%2C200","width":350,"height":200,"srcset":"https:\/\/i0.wp.com\/jornalrol.com.br\/wp-content\/uploads\/2024\/09\/56cc2d88-e32e-4389-ae67-c36ca433d240.jpeg?resize=350%2C200 1x, https:\/\/i0.wp.com\/jornalrol.com.br\/wp-content\/uploads\/2024\/09\/56cc2d88-e32e-4389-ae67-c36ca433d240.jpeg?resize=525%2C300 1.5x, https:\/\/i0.wp.com\/jornalrol.com.br\/wp-content\/uploads\/2024\/09\/56cc2d88-e32e-4389-ae67-c36ca433d240.jpeg?resize=700%2C400 2x, https:\/\/i0.wp.com\/jornalrol.com.br\/wp-content\/uploads\/2024\/09\/56cc2d88-e32e-4389-ae67-c36ca433d240.jpeg?resize=1050%2C600 3x"},"classes":[]},{"id":11037,"url":"http:\/\/jornalrol.com.br\/?p=11037","url_meta":{"origin":79299,"position":3},"title":"Jorge Facury vai realizar palestra em Itapetininga dia 24","author":"Helio Rubens","date":"11 de junho de 2017","format":false,"excerpt":"A palestra de Jorge Facury\u00a0ser\u00e1 dia 24 No pr\u00f3ximo dia 24, s\u00e1bado, \u00e0s 20 horas, o maior uf\u00f3logo de toda a regi\u00e3o, o escritor JORGE FACURY, tamb\u00e9m colunista do ROL e autor de v\u00e1rios livros, estar\u00e1 realizando uma palestra na cidade de Itapetininga. A vinda de Jorge Facury est\u00e1 sendo\u2026","rel":"","context":"Em &quot;Comunica\u00e7\u00e3o&quot;","block_context":{"text":"Comunica\u00e7\u00e3o","link":"http:\/\/jornalrol.com.br\/?cat=7"},"img":{"alt_text":"","src":"https:\/\/i0.wp.com\/www.jornalrol.com.br\/wp-content\/uploads\/2017\/02\/Foto-close-1-221x300.jpg?resize=350%2C200","width":350,"height":200},"classes":[]},{"id":8265,"url":"http:\/\/jornalrol.com.br\/?p=8265","url_meta":{"origin":79299,"position":4},"title":"Mais um grande craque no time no ROL: Jorge Facury","author":"Helio Rubens","date":"17 de fevereiro de 2017","format":false,"excerpt":"Jorge Facury e o novo colunista do ROL! Prezados leitores: confirmando meu orgulho em dizer que o nosso jornal ROL tem o melhor time de colunistas da internet, hoje\u00a0fica ainda melhor com a aceita\u00e7\u00e3o de Jorge Facury, por indica\u00e7\u00e3o do colunista Sergio Diniz da Costa, aceitar ser mais um\u00a0nosso colunista-colaborador.\u2026","rel":"","context":"Em &quot;Comunica\u00e7\u00e3o&quot;","block_context":{"text":"Comunica\u00e7\u00e3o","link":"http:\/\/jornalrol.com.br\/?cat=7"},"img":{"alt_text":"","src":"https:\/\/i0.wp.com\/www.jornalrol.com.br\/wp-content\/uploads\/2017\/02\/DSC01083-221x300.jpg?resize=350%2C200","width":350,"height":200},"classes":[]},{"id":53154,"url":"http:\/\/jornalrol.com.br\/?p=53154","url_meta":{"origin":79299,"position":5},"title":"Jorge Facury lan\u00e7a livro infantojuvenil No Reino dos Bichos Falantes","author":"Sergio Diniz da Costa","date":"29 de dezembro de 2022","format":false,"excerpt":"O lan\u00e7amento ser\u00e1 hoje (29), \u00e0s 19h, pelo Canal TalkCast - YouTube Incursionando no universo infantojuvenil, Jorge Facury lan\u00e7a hoje (29), \u00e0s 19h, o livro\u00a0No Reino dos Bichos Falantes, visando projeto pedag\u00f3gico, uma vez que \u00e9 apropriado para escolas. Editado pela Crearte Editora, o\u00a0livro \u00e9 ilustrado pela professora Renata Neto\u2026","rel":"","context":"Em &quot;Comunica\u00e7\u00e3o&quot;","block_context":{"text":"Comunica\u00e7\u00e3o","link":"http:\/\/jornalrol.com.br\/?cat=7"},"img":{"alt_text":"","src":"https:\/\/i0.wp.com\/jornalrol.com.br\/wp-content\/uploads\/2022\/12\/076eac5e-da1e-4068-8f04-a37f0178a001.jpg?resize=350%2C200","width":350,"height":200,"srcset":"https:\/\/i0.wp.com\/jornalrol.com.br\/wp-content\/uploads\/2022\/12\/076eac5e-da1e-4068-8f04-a37f0178a001.jpg?resize=350%2C200 1x, https:\/\/i0.wp.com\/jornalrol.com.br\/wp-content\/uploads\/2022\/12\/076eac5e-da1e-4068-8f04-a37f0178a001.jpg?resize=525%2C300 1.5x, https:\/\/i0.wp.com\/jornalrol.com.br\/wp-content\/uploads\/2022\/12\/076eac5e-da1e-4068-8f04-a37f0178a001.jpg?resize=700%2C400 2x"},"classes":[]}],"_links":{"self":[{"href":"http:\/\/jornalrol.com.br\/index.php?rest_route=\/wp\/v2\/posts\/79299","targetHints":{"allow":["GET"]}}],"collection":[{"href":"http:\/\/jornalrol.com.br\/index.php?rest_route=\/wp\/v2\/posts"}],"about":[{"href":"http:\/\/jornalrol.com.br\/index.php?rest_route=\/wp\/v2\/types\/post"}],"author":[{"embeddable":true,"href":"http:\/\/jornalrol.com.br\/index.php?rest_route=\/wp\/v2\/users\/117"}],"replies":[{"embeddable":true,"href":"http:\/\/jornalrol.com.br\/index.php?rest_route=%2Fwp%2Fv2%2Fcomments&post=79299"}],"version-history":[{"count":1,"href":"http:\/\/jornalrol.com.br\/index.php?rest_route=\/wp\/v2\/posts\/79299\/revisions"}],"predecessor-version":[{"id":79301,"href":"http:\/\/jornalrol.com.br\/index.php?rest_route=\/wp\/v2\/posts\/79299\/revisions\/79301"}],"wp:featuredmedia":[{"embeddable":true,"href":"http:\/\/jornalrol.com.br\/index.php?rest_route=\/wp\/v2\/media\/79300"}],"wp:attachment":[{"href":"http:\/\/jornalrol.com.br\/index.php?rest_route=%2Fwp%2Fv2%2Fmedia&parent=79299"}],"wp:term":[{"taxonomy":"category","embeddable":true,"href":"http:\/\/jornalrol.com.br\/index.php?rest_route=%2Fwp%2Fv2%2Fcategories&post=79299"},{"taxonomy":"post_tag","embeddable":true,"href":"http:\/\/jornalrol.com.br\/index.php?rest_route=%2Fwp%2Fv2%2Ftags&post=79299"}],"curies":[{"name":"wp","href":"https:\/\/api.w.org\/{rel}","templated":true}]}}