{"id":79313,"date":"2026-03-17T13:57:06","date_gmt":"2026-03-17T16:57:06","guid":{"rendered":"https:\/\/jornalrol.com.br\/?p=79313"},"modified":"2026-03-24T14:36:41","modified_gmt":"2026-03-24T17:36:41","slug":"edith-stein","status":"publish","type":"post","link":"http:\/\/jornalrol.com.br\/?p=79313","title":{"rendered":"Edith Stein"},"content":{"rendered":"<div class=\"pdfprnt-buttons pdfprnt-buttons-post pdfprnt-top-right\"><a href=\"http:\/\/jornalrol.com.br\/index.php?rest_route=%2Fwp%2Fv2%2Fposts%2F79313&print=pdf\" class=\"pdfprnt-button pdfprnt-button-pdf\" target=\"_blank\" ><\/a><a href=\"http:\/\/jornalrol.com.br\/index.php?rest_route=%2Fwp%2Fv2%2Fposts%2F79313&print=print\" class=\"pdfprnt-button pdfprnt-button-print\" target=\"_blank\" ><img decoding=\"async\" src=\"https:\/\/jornalrol.com.br\/wp-content\/plugins\/pdf-print\/images\/print.png\" alt=\"image_print\" title=\"Conte\u00fado de impress\u00e3o\" \/><\/a><\/div>\n<h2 class=\"wp-block-heading has-text-align-center\">Marli Freitas: &#8216;Edith Stein&#8217;<br><br><\/h2>\n\n\n<div class=\"wp-block-image\">\n<figure class=\"aligncenter size-full is-resized\"><img loading=\"lazy\" decoding=\"async\" width=\"1080\" height=\"1508\" data-attachment-id=\"77826\" data-permalink=\"http:\/\/jornalrol.com.br\/?attachment_id=77826\" data-orig-file=\"http:\/\/jornalrol.com.br\/wp-content\/uploads\/2026\/01\/52eb81ed-e713-44d4-aab4-f12c4c39cdc6.jpg\" data-orig-size=\"1080,1508\" data-comments-opened=\"1\" data-image-meta=\"{&quot;aperture&quot;:&quot;0&quot;,&quot;credit&quot;:&quot;&quot;,&quot;camera&quot;:&quot;&quot;,&quot;caption&quot;:&quot;&quot;,&quot;created_timestamp&quot;:&quot;0&quot;,&quot;copyright&quot;:&quot;&quot;,&quot;focal_length&quot;:&quot;0&quot;,&quot;iso&quot;:&quot;0&quot;,&quot;shutter_speed&quot;:&quot;0&quot;,&quot;title&quot;:&quot;&quot;,&quot;orientation&quot;:&quot;0&quot;}\" data-image-title=\"52eb81ed-e713-44d4-aab4-f12c4c39cdc6\" data-image-description=\"&lt;p&gt;Marli Freitas&lt;\/p&gt;\n\" data-image-caption=\"&lt;p&gt;Marli Fraitas&lt;\/p&gt;\n\" data-large-file=\"http:\/\/jornalrol.com.br\/wp-content\/uploads\/2026\/01\/52eb81ed-e713-44d4-aab4-f12c4c39cdc6.jpg\" src=\"http:\/\/jornalrol.com.br\/wp-content\/uploads\/2026\/01\/52eb81ed-e713-44d4-aab4-f12c4c39cdc6.jpg\" alt=\"Marli Freitas\" class=\"wp-image-77826\" style=\"aspect-ratio:0.7161888521794735;width:196px;height:auto\" srcset=\"http:\/\/jornalrol.com.br\/wp-content\/uploads\/2026\/01\/52eb81ed-e713-44d4-aab4-f12c4c39cdc6.jpg 1080w, http:\/\/jornalrol.com.br\/wp-content\/uploads\/2026\/01\/52eb81ed-e713-44d4-aab4-f12c4c39cdc6-859x1200.jpg 859w, http:\/\/jornalrol.com.br\/wp-content\/uploads\/2026\/01\/52eb81ed-e713-44d4-aab4-f12c4c39cdc6-768x1072.jpg 768w\" sizes=\"auto, (max-width: 1080px) 100vw, 1080px\" \/><figcaption class=\"wp-element-caption\">Marli Fraitas<\/figcaption><\/figure>\n<\/div>\n\n<div class=\"wp-block-image\">\n<figure class=\"aligncenter size-full is-resized\"><img loading=\"lazy\" decoding=\"async\" width=\"1024\" height=\"1536\" data-attachment-id=\"79315\" data-permalink=\"http:\/\/jornalrol.com.br\/?attachment_id=79315\" data-orig-file=\"http:\/\/jornalrol.com.br\/wp-content\/uploads\/2026\/03\/fef9f75b-1d7a-46b0-890b-3c458b3e2593.jpg\" data-orig-size=\"1024,1536\" data-comments-opened=\"1\" data-image-meta=\"{&quot;aperture&quot;:&quot;0&quot;,&quot;credit&quot;:&quot;&quot;,&quot;camera&quot;:&quot;&quot;,&quot;caption&quot;:&quot;&quot;,&quot;created_timestamp&quot;:&quot;0&quot;,&quot;copyright&quot;:&quot;&quot;,&quot;focal_length&quot;:&quot;0&quot;,&quot;iso&quot;:&quot;0&quot;,&quot;shutter_speed&quot;:&quot;0&quot;,&quot;title&quot;:&quot;&quot;,&quot;orientation&quot;:&quot;0&quot;}\" data-image-title=\"fef9f75b-1d7a-46b0-890b-3c458b3e2593\" data-image-description=\"\" data-image-caption=\"\" data-large-file=\"http:\/\/jornalrol.com.br\/wp-content\/uploads\/2026\/03\/fef9f75b-1d7a-46b0-890b-3c458b3e2593.jpg\" src=\"https:\/\/jornalrol.com.br\/wp-content\/uploads\/2026\/03\/fef9f75b-1d7a-46b0-890b-3c458b3e2593.jpg\" alt=\"\" class=\"wp-image-79315\" style=\"aspect-ratio:0.6666553928366084;width:316px;height:auto\" srcset=\"http:\/\/jornalrol.com.br\/wp-content\/uploads\/2026\/03\/fef9f75b-1d7a-46b0-890b-3c458b3e2593.jpg 1024w, http:\/\/jornalrol.com.br\/wp-content\/uploads\/2026\/03\/fef9f75b-1d7a-46b0-890b-3c458b3e2593-800x1200.jpg 800w, http:\/\/jornalrol.com.br\/wp-content\/uploads\/2026\/03\/fef9f75b-1d7a-46b0-890b-3c458b3e2593-768x1152.jpg 768w\" sizes=\"auto, (max-width: 1024px) 100vw, 1024px\" \/><figcaption class=\"wp-element-caption\"><em>Imagem gerada por IA do ChatGPT &#8211; https:\/\/chatgpt.com\/c\/69b986f9-69f8-83e9-9233-d132014d4e43<\/em><\/figcaption><\/figure>\n<\/div>\n\n\n<p class=\"has-drop-cap\">Conhecer a vida e obra de Edith Theresa Hedwig Stein (Edith Stein) uma santa, fil\u00f3sofa e te\u00f3loga alem\u00e3, nascida judia em 12\/10\/1891, \u00e9 sentir-se diante de uma mulher de grandeza colossal. Uma alma que se entregou \u00e0 busca profunda da verdade.<br><\/p>\n\n\n\n<p>Irm\u00e3 mais nova de onze irm\u00e3os que perdeu, aos dois anos de idade, o pai, comerciante, e encontrou em sua m\u00e3e, Auguste, um grande exemplo de for\u00e7a e coragem, ao assumir a responsabilidade sobre os neg\u00f3cios e a fam\u00edlia. Tornando-se um s\u00edmbolo de honra e sensatez para Edith, que havia perdido a f\u00e9 em Deus, quando ainda era muito jovem.<br><\/p>\n\n\n\n<p>Foi reconhecida como uma das mais brilhantes estudantes de sua \u00e9poca, gra\u00e7as ao empenho e aptid\u00e3o para os estudos. Seus interesses inclu\u00edam o estudo da L\u00edngua Alem\u00e3, Hist\u00f3ria, Psicologia e Filosofia, que foram interrompidos pela Primeira Guerra Mundial, ao voluntariar-se como auxiliar de enfermagem na Cruz Vermelha.<br><\/p>\n\n\n\n<p>Mais tarde, retomou os estudos e concluiu seu doutorado sobre o &#8216;Problema da Empatia&#8217;. Ela foi uma das primeiras mulheres a receber o t\u00edtulo de doutorado em Filosofia na Alemanha e se tornou assistente do maior fil\u00f3sofo de seu tempo, Edmund Husserl (fundador da Escola de Fenomenologia) e, apesar de v\u00e1rias tentativas para obter um cargo em diversas universidades, n\u00e3o foi aceita por ser mulher.<br><\/p>\n\n\n\n<p>Ao usar a empatia natural diante da dor de uma amiga, que havia perdido o marido na guerra, viu despertar em si a curiosidade sobre os efeitos da f\u00e9. Entregou-se \u00e0 leitura da autobiografia de Santa Teresa d\u2019D\u00e1vila e compreendeu que o olhar espiritualizado \u00e9 mais bem preparado para acolher as intemperan\u00e7as da vida. Converteu-se ao Catolicismo e anotou, &#8216;A f\u00e9 est\u00e1 mais pr\u00f3xima da sabedoria divina do que toda ci\u00eancia filos\u00f3fica e mesmo teol\u00f3gica, pois o conhecimento s\u00f3 se integra, realmente, \u00e0 alma depois de passar pelas vias do racioc\u00ednio e dos sentidos e, conseguindo emocionar, \u00e9 poss\u00edvel que o cora\u00e7\u00e3o se anime&#8217;.<br><\/p>\n\n\n\n<p>Chegou a participar das reuni\u00f5es do rec\u00e9m fundado, \u00e0 \u00e9poca, Partido Democr\u00e1tico Alem\u00e3o, mas logo se desiludiu com a pol\u00edtica, por\u00e9m, em seguida, testemunhou a conquista das mulheres, que passaram a ter o direito ao voto e \u00e0 igualdade.<br><\/p>\n\n\n\n<p>Atuou como multiplicadora na prepara\u00e7\u00e3o de mentes pensantes, ministrando aulas para a forma\u00e7\u00e3o de professoras. Traduziu obras relevantes de autores como S\u00e3o Tom\u00e1s de Aquino e John Henry Newman. Participou, ativamente, de confer\u00eancias, simp\u00f3sios e congressos pedag\u00f3gicos em v\u00e1rias cidades europeias, sobre quest\u00f5es ligadas \u00e0 mulher e \u00e0 espiritualidade, e publicou v\u00e1rios estudos e textos no &#8216;Anu\u00e1rio&#8217;.<br><\/p>\n\n\n\n<p>Com a chegada do Partido Nazista e a publica\u00e7\u00e3o de leis proibindo a presen\u00e7a de judeus em campos p\u00fablicos, Edith Stein, reconheceu os sinais dos tempos e entendeu que n\u00e3o havia espa\u00e7o no ambiente acad\u00eamico em seu pa\u00eds e decide por realizar o seu chamado, reconhecido desde a sua convers\u00e3o. Tornou-se uma freira &#8216;Carmelita Descal\u00e7a&#8217; no monast\u00e9rio de Col\u00f4nia (cidade na Alemanha), tomando o h\u00e1bito com o nome de &#8216;Teresa Benedita da Cruz&#8217; e obteve de sua superiora a permiss\u00e3o para continuar seus estudos.<br><\/p>\n\n\n\n<p>Depois da morte de sua m\u00e3e sua irm\u00e3, Rosa, se converteu ao Catolicismo e, tamb\u00e9m, fez os votos definitivos.<br><\/p>\n\n\n\n<p>Pouco depois com a viol\u00eancia da &#8216;Noite dos Cristais&#8217; (marcada pela invas\u00e3o e destrui\u00e7\u00e3o em toda Alemanha e \u00c1ustria dos s\u00edmbolos judaicos nas sinagogas, casas comerciais e resid\u00eancias dos judeus), as irm\u00e3s s\u00e3o conduzidas para a Holanda, alguns familiares emigraram para os Estados Unidos e para a Col\u00f4mbia, outros foram recolhidos para os campos de concentra\u00e7\u00e3o e Edith e Rosa foram registradas pela Gestapo (pol\u00edcia nazista).<br><\/p>\n\n\n\n<p>Ap\u00f3s uma carta da Holanda fazendo cr\u00edticas ao nazismo, os crist\u00e3os sofreram repres\u00e1lias, sendo Edith e a irm\u00e3 capturadas e suas \u00faltimas palavras proferidas \u00e0 irm\u00e3 foram, \u201cVenha, estamos indo para o nosso povo!\u201d<br><\/p>\n\n\n\n<p>Edith Stein morreu aos 50 anos de idade, em 09\/08\/1942, no campo de concentra\u00e7\u00e3o de Auschwitz, envenenada na c\u00e2mara de g\u00e1s.<br><\/p>\n\n\n\n<p>Como legado deixou em seus Escritos Autobiogr\u00e1ficos sua coragem, determina\u00e7\u00e3o e sua f\u00e9. Nos Escritos Antropol\u00f3gicos e Pedag\u00f3gicos a valoriza\u00e7\u00e3o do desenvolvimento do ser humano e o reconhecimento do valor de uma individualidade bem constru\u00edda, principalmente, a compreens\u00e3o de ser a f\u00e9 a base da sabedoria. E, entre temas de relev\u00e2ncia e contribui\u00e7\u00e3o social, os Escritos Filos\u00f3ficos deixam claro, que a for\u00e7a que anima a alma, depois de passar pelos sentidos e pela intelig\u00eancia, precisa emocionar o cora\u00e7\u00e3o para ser assimilada e incorporada \u00e0 alma.<br><\/p>\n\n\n\n<p>Edith Stein foi beatificada em 01\/05\/1987 e canonizada em 11\/10\/1998 como &#8216;Santa Tereza Benedita da Cruz&#8217;, sendo celebrada em 09\/ de agosto de cada ano, pelo Papa Jo\u00e3o Paulo II e em 01\/10\/1999, proclamou-a uma das padroeiras da Europa pela participa\u00e7\u00e3o e contribui\u00e7\u00e3o \u00e0 Igreja Cat\u00f3lica e \u00e0 sociedade europeia, atrav\u00e9s de seu pensamento filos\u00f3fico.<\/p>\n\n\n\n<p><strong>Refer\u00eancia Bibliogr\u00e1fica<\/strong><\/p>\n\n\n\n<p>Fontes de Pesquisa:<\/p>\n\n\n\n<p>Wikip\u00e9dia, a enciclop\u00e9dia livre \/ Google;<\/p>\n\n\n\n<p>Edith Stein &#8211; Em busca da verdade em tempos sombrios &#8211; Ilana Waingort Novinsky, editora Humanitas, Fapesp Liga\u00e7\u00f5es Externas (Biografia no site do Vaticano, site do Instituto Edith Stein e obras completas de Santa Teresa Benedita da Cruz);<\/p>\n\n\n\n<p>Edith Stein (Santa Teresa Benedita da Cruz): A mulher: sua miss\u00e3o segundo a natureza e a gra\u00e7a;<\/p>\n\n\n\n<p>Filme A s\u00e9tima morada, de Santa Edith Stein (Santa Teresa Benedita da Cruz)<\/p>\n\n\n\n<p>E v\u00e1rias palestras cat\u00f3licas e universit\u00e1rias.<\/p>\n\n\n\n<h3 class=\"wp-block-heading has-text-align-center\">Marli Freitas<\/h3>\n\n\n\n<div class=\"wp-block-columns is-layout-flex wp-container-core-columns-is-layout-9d6595d7 wp-block-columns-is-layout-flex\">\n<div class=\"wp-block-column is-layout-flow wp-block-column-is-layout-flow\">\n<h3 class=\"wp-block-heading has-text-align-center has-luminous-vivid-amber-to-luminous-vivid-orange-gradient-background has-background\"><a href=\"https:\/\/www.instagram.com\/marlifreitas79\/#\" target=\"_blank\" rel=\"noopener\" title=\"Marli Freitas\">Instagram<\/a><\/h3>\n<\/div>\n\n\n\n<div class=\"wp-block-column is-layout-flow wp-block-column-is-layout-flow\">\n<h3 class=\"wp-block-heading has-text-align-center has-luminous-vivid-amber-to-luminous-vivid-orange-gradient-background has-background\"><a href=\"https:\/\/www.facebook.com\/marli.firminadefreitaslima?locale=pt_BR\" title=\"Facebook\">Facebook<\/a><\/h3>\n<\/div>\n<\/div>\n\n\n\n<p><a href=\"https:\/\/jornalrol.com.br\/\" title=\"Voltar\">Voltar<\/a><\/p>\n\n\n\n<p><a href=\"https:\/\/www.facebook.com\/JCulturalrol\/\" title=\"Facebook\">Facebook<\/a><\/p>\n\n\n\n<pre class=\"wp-block-code\"><code><br><br><\/code><\/pre>\n","protected":false},"excerpt":{"rendered":"<p>Conhecer a vida e obra de Edith Theresa Hedwig Stein (Edith Stein) uma santa, fil\u00f3sofa e te\u00f3loga alem\u00e3  judia, \u00e9 sentir-se diante de uma mulher de grandeza&#8230;<\/p>\n","protected":false},"author":132,"featured_media":79315,"comment_status":"open","ping_status":"closed","sticky":false,"template":"","format":"standard","meta":{"_jetpack_newsletter_access":"","_jetpack_dont_email_post_to_subs":false,"_jetpack_newsletter_tier_id":0,"_jetpack_memberships_contains_paywalled_content":false,"_jetpack_memberships_contains_paid_content":false,"footnotes":""},"categories":[16436,16438,16437,9285],"tags":[16439],"class_list":["post-79313","post","type-post","status-publish","format-standard","has-post-thumbnail","hentry","category-biografia","category-biografia-literatura","category-edith-stein","category-literatura","tag-edith-stein"],"aioseo_notices":[],"views":347,"jetpack_featured_media_url":"http:\/\/jornalrol.com.br\/wp-content\/uploads\/2026\/03\/fef9f75b-1d7a-46b0-890b-3c458b3e2593.jpg","jetpack_sharing_enabled":true,"jetpack_likes_enabled":true,"jetpack-related-posts":[{"id":7168,"url":"http:\/\/jornalrol.com.br\/?p=7168","url_meta":{"origin":79313,"position":0},"title":"Afr\u00e2nio Mello: informa\u00e7\u00f5es sobre a fam\u00edlia STEIN","author":"Helio Rubens","date":"13 de dezembro de 2016","format":false,"excerpt":"Genealogista Afr\u00e2nio Franco de Oliveira Mello atende gratuitamente pedidos de leitores do ROL \u00a0 Prezada Sonia, boa tarde. Que bom receber um pedido de uma moradora do Jardim Shangril\u00e1. Estou atendendo voc\u00ea\u00a0 , informando abaixo. Seu sobrenome \u00e9 de origem alem\u00e3 e tem cita\u00e7\u00f5es de origem juda\u00edca. STEIN ................ 5\u2026","rel":"","context":"Em &quot;Comunica\u00e7\u00e3o&quot;","block_context":{"text":"Comunica\u00e7\u00e3o","link":"http:\/\/jornalrol.com.br\/?cat=7"},"img":{"alt_text":"Colunista do ROL","src":"https:\/\/i0.wp.com\/www.jornalrol.com.br\/wp-content\/uploads\/2014\/11\/FOTO-CLOSE-AFRANIO.jpg?resize=350%2C200","width":350,"height":200},"classes":[]},{"id":9110,"url":"http:\/\/jornalrol.com.br\/?p=9110","url_meta":{"origin":79313,"position":1},"title":"Dia 3 Ana Ca\u00f1as interpreta can\u00e7\u00e3o de Edith Piaf em &#039;As Can\u00e7\u00f5es da Minha Vida&#039;, s\u00e9rie exclusiva do Curta!","author":"Helio Rubens","date":"31 de mar\u00e7o de 2017","format":false,"excerpt":"Dia 3 Ana Ca\u00f1as interpreta can\u00e7\u00e3o de Edith Piaf em 'As Can\u00e7\u00f5es da Minha Vida', s\u00e9rie exclusiva do Curta! \u00a0 Em\u00a0As Can\u00e7\u00f5es da Minha Vida, a cantora e compositora Ana Ca\u00f1as revela as m\u00fasicas que fazem parte do seu repert\u00f3rio afetivo e interpreta vers\u00f5es especiais no epis\u00f3dio in\u00e9dito da s\u00e9rie\u2026","rel":"","context":"Em &quot;Comunica\u00e7\u00e3o&quot;","block_context":{"text":"Comunica\u00e7\u00e3o","link":"http:\/\/jornalrol.com.br\/?cat=7"},"img":{"alt_text":"","src":"https:\/\/i0.wp.com\/www.jornalrol.com.br\/wp-content\/uploads\/2017\/03\/Ana-300x199.jpg?resize=350%2C200","width":350,"height":200},"classes":[]},{"id":18338,"url":"http:\/\/jornalrol.com.br\/?p=18338","url_meta":{"origin":79313,"position":2},"title":"Tatui comemora o Dia do Artista Pl\u00e1stico com exposi\u00e7\u00e3o coletiva","author":"Helio Rubens","date":"15 de maio de 2018","format":false,"excerpt":"EXPOSI\u00c7\u00c3O COLETIVA SER\u00c1 EM HOMENAGEM \u00a0AO DIA DO ARTISTA PL\u00c1STICO TATUIANO Na quinta-feira (17\/05), a Secretaria de Esporte, Cultura, Turismo, Lazer e Juventude, da Prefeitura de Tatu\u00ed, realizar\u00e1, \u00e0s 19h, a abertura oficial da Exposi\u00e7\u00e3o Coletiva em Homenagem ao Artista Pl\u00e1stico tatuiano, no Centro Cultural. A exposi\u00e7\u00e3o ter\u00e1 obras de\u2026","rel":"","context":"Em &quot;Comunica\u00e7\u00e3o&quot;","block_context":{"text":"Comunica\u00e7\u00e3o","link":"http:\/\/jornalrol.com.br\/?cat=7"},"img":{"alt_text":"","src":"https:\/\/ci5.googleusercontent.com\/proxy\/TFL3dR9LelMFrK2MHOhq6t7P7onjwIVBDai69tFTxN9VMjyLhNBPZV0FgEgdJ1pU-5DlSEXvrZt74gqnfUGvix2JagxmL5o9qHpjYCIRfhkyAT2G49yF2PfGe7tYCRxIkMy4ZO1L9N_NIn3W3LVUvyh0ClUY_xDzn8M5aSDyMwqrbvbR4n1J0L8uzpHKSdJX6jkup48hCnJ_Dw=s0-d-e1-ft#http:\/\/assets.mktnaweb.com\/accounts\/2013\/06\/13\/17128\/pictures\/1172\/original_DIA%20DO%20ARTISTA%20PLASTICO%20TATUIANO.jpg?1526391975","width":350,"height":200},"classes":[]},{"id":7500,"url":"http:\/\/jornalrol.com.br\/?p=7500","url_meta":{"origin":79313,"position":3},"title":"Poesias do Professor Carlos est\u00e3o no Projeto &#039;P\u00e3o e Poesia&#039;","author":"Helio Rubens","date":"13 de janeiro de 2017","format":false,"excerpt":"A edi\u00e7\u00e3o deste ano foi considerada um sucesso e ficou acima da expectativa \u00a0 O professor, historiador, escritor e poeta Carlos Carvalho Cavalheiro teve suas poesias selecionadas para o projeto \"P\u00e3o e Poesia\", da cidade de Blumenau \/ SC, e ser\u00e3o impressas em embalagens das padarias daquela localidade. Carlos Cavalheiro\u2026","rel":"","context":"Em &quot;Comunica\u00e7\u00e3o&quot;","block_context":{"text":"Comunica\u00e7\u00e3o","link":"http:\/\/jornalrol.com.br\/?cat=7"},"img":{"alt_text":"Carlos Cavalheiro","src":"https:\/\/i0.wp.com\/www.jornalrol.com.br\/wp-content\/uploads\/2016\/07\/Carlos-300x284.jpg?resize=350%2C200","width":350,"height":200},"classes":[]},{"id":34200,"url":"http:\/\/jornalrol.com.br\/?p=34200","url_meta":{"origin":79313,"position":4},"title":"Tradicional festival de filmes holandeses tem programa\u00e7\u00e3o online em 2020","author":"Sergio Diniz da Costa","date":"4 de outubro de 2020","format":false,"excerpt":"The Netherlands Film Festival acontece anualmente na Holanda, em outubro A nova edi\u00e7\u00e3o do \u201cThe Netherlands Film Festival\u201d (NFF), o mais tradicional festival de filmes da Holanda, tem parte de sua programa\u00e7\u00e3o online neste ano. Por causa da pandemia da Covid-19 e das recomenda\u00e7\u00f5es de isolamento social, o festival foi\u2026","rel":"","context":"Em &quot;Comunica\u00e7\u00e3o&quot;","block_context":{"text":"Comunica\u00e7\u00e3o","link":"http:\/\/jornalrol.com.br\/?cat=7"},"img":{"alt_text":"","src":"https:\/\/i0.wp.com\/www.jornalrol.com.br\/wp-content\/uploads\/2020\/10\/Festival-filmes-1024x768-1-300x225.jpg?resize=350%2C200","width":350,"height":200},"classes":[]},{"id":59223,"url":"http:\/\/jornalrol.com.br\/?p=59223","url_meta":{"origin":79313,"position":5},"title":"Pela primeira vez Studio Z patrocina a Oktoberfest Blumenau","author":"Marcelo Paiva Pereira","date":"24 de julho de 2023","format":false,"excerpt":"A Studio Z anuncia o patroc\u00ednio na 38\u00aa Oktoberfest Blumenau, com participa\u00e7\u00e3o ativa na maior festa alem\u00e3 das Am\u00e9ricas por meio de ativa\u00e7\u00f5es especiais","rel":"","context":"Em &quot;Cultura&quot;","block_context":{"text":"Cultura","link":"http:\/\/jornalrol.com.br\/?cat=11"},"img":{"alt_text":"Banner publicit\u00e1rio da Oktoberfest","src":"https:\/\/i0.wp.com\/www.jornalrol.com.br\/wp-content\/uploads\/2023\/07\/unnamed-4.jpg?resize=350%2C200&ssl=1","width":350,"height":200},"classes":[]}],"_links":{"self":[{"href":"http:\/\/jornalrol.com.br\/index.php?rest_route=\/wp\/v2\/posts\/79313","targetHints":{"allow":["GET"]}}],"collection":[{"href":"http:\/\/jornalrol.com.br\/index.php?rest_route=\/wp\/v2\/posts"}],"about":[{"href":"http:\/\/jornalrol.com.br\/index.php?rest_route=\/wp\/v2\/types\/post"}],"author":[{"embeddable":true,"href":"http:\/\/jornalrol.com.br\/index.php?rest_route=\/wp\/v2\/users\/132"}],"replies":[{"embeddable":true,"href":"http:\/\/jornalrol.com.br\/index.php?rest_route=%2Fwp%2Fv2%2Fcomments&post=79313"}],"version-history":[{"count":2,"href":"http:\/\/jornalrol.com.br\/index.php?rest_route=\/wp\/v2\/posts\/79313\/revisions"}],"predecessor-version":[{"id":79474,"href":"http:\/\/jornalrol.com.br\/index.php?rest_route=\/wp\/v2\/posts\/79313\/revisions\/79474"}],"wp:featuredmedia":[{"embeddable":true,"href":"http:\/\/jornalrol.com.br\/index.php?rest_route=\/wp\/v2\/media\/79315"}],"wp:attachment":[{"href":"http:\/\/jornalrol.com.br\/index.php?rest_route=%2Fwp%2Fv2%2Fmedia&parent=79313"}],"wp:term":[{"taxonomy":"category","embeddable":true,"href":"http:\/\/jornalrol.com.br\/index.php?rest_route=%2Fwp%2Fv2%2Fcategories&post=79313"},{"taxonomy":"post_tag","embeddable":true,"href":"http:\/\/jornalrol.com.br\/index.php?rest_route=%2Fwp%2Fv2%2Ftags&post=79313"}],"curies":[{"name":"wp","href":"https:\/\/api.w.org\/{rel}","templated":true}]}}