{"id":79317,"date":"2026-03-17T15:00:06","date_gmt":"2026-03-17T18:00:06","guid":{"rendered":"https:\/\/jornalrol.com.br\/?p=79317"},"modified":"2026-03-17T15:00:26","modified_gmt":"2026-03-17T18:00:26","slug":"frida-kahlo-e-jorge-luis-borges","status":"publish","type":"post","link":"http:\/\/jornalrol.com.br\/?p=79317","title":{"rendered":"Frida Kahlo e Jorge Luis Borges"},"content":{"rendered":"<div class=\"pdfprnt-buttons pdfprnt-buttons-post pdfprnt-top-right\"><a href=\"http:\/\/jornalrol.com.br\/index.php?rest_route=%2Fwp%2Fv2%2Fposts%2F79317&print=pdf\" class=\"pdfprnt-button pdfprnt-button-pdf\" target=\"_blank\" ><\/a><a href=\"http:\/\/jornalrol.com.br\/index.php?rest_route=%2Fwp%2Fv2%2Fposts%2F79317&print=print\" class=\"pdfprnt-button pdfprnt-button-print\" target=\"_blank\" ><img decoding=\"async\" src=\"https:\/\/jornalrol.com.br\/wp-content\/plugins\/pdf-print\/images\/print.png\" alt=\"image_print\" title=\"Conte\u00fado de impress\u00e3o\" \/><\/a><\/div>\n<h2 class=\"wp-block-heading has-text-align-center\">Encontro de Arte e Literatura celebra o legado de Frida Kahlo e Borges no P\u00e1tio Cian\u00ea Shopping<br><br><\/h2>\n\n\n<div class=\"wp-block-image\">\n<figure class=\"aligncenter size-full\"><img loading=\"lazy\" decoding=\"async\" width=\"1600\" height=\"900\" data-attachment-id=\"79319\" data-permalink=\"http:\/\/jornalrol.com.br\/?attachment_id=79319\" data-orig-file=\"http:\/\/jornalrol.com.br\/wp-content\/uploads\/2026\/03\/cb997d52-eef5-47b6-8cc0-f9ec1c427cc8.jpg\" data-orig-size=\"1600,900\" data-comments-opened=\"1\" data-image-meta=\"{&quot;aperture&quot;:&quot;0&quot;,&quot;credit&quot;:&quot;&quot;,&quot;camera&quot;:&quot;&quot;,&quot;caption&quot;:&quot;&quot;,&quot;created_timestamp&quot;:&quot;0&quot;,&quot;copyright&quot;:&quot;&quot;,&quot;focal_length&quot;:&quot;0&quot;,&quot;iso&quot;:&quot;0&quot;,&quot;shutter_speed&quot;:&quot;0&quot;,&quot;title&quot;:&quot;&quot;,&quot;orientation&quot;:&quot;0&quot;}\" data-image-title=\"cb997d52-eef5-47b6-8cc0-f9ec1c427cc8\" data-image-description=\"\" data-image-caption=\"\" data-large-file=\"http:\/\/jornalrol.com.br\/wp-content\/uploads\/2026\/03\/cb997d52-eef5-47b6-8cc0-f9ec1c427cc8.jpg\" src=\"http:\/\/jornalrol.com.br\/wp-content\/uploads\/2026\/03\/cb997d52-eef5-47b6-8cc0-f9ec1c427cc8.jpg\" alt=\"Exposi\u00e7\u00e3o Jardim dos Sonhos: Ecos de Frida e Borges, no P\u00e1tio Cian\u00ea Shopping - Foto por Danilo Gameiro\" class=\"wp-image-79319\" srcset=\"http:\/\/jornalrol.com.br\/wp-content\/uploads\/2026\/03\/cb997d52-eef5-47b6-8cc0-f9ec1c427cc8.jpg 1600w, http:\/\/jornalrol.com.br\/wp-content\/uploads\/2026\/03\/cb997d52-eef5-47b6-8cc0-f9ec1c427cc8-1200x675.jpg 1200w, http:\/\/jornalrol.com.br\/wp-content\/uploads\/2026\/03\/cb997d52-eef5-47b6-8cc0-f9ec1c427cc8-768x432.jpg 768w, http:\/\/jornalrol.com.br\/wp-content\/uploads\/2026\/03\/cb997d52-eef5-47b6-8cc0-f9ec1c427cc8-1536x864.jpg 1536w\" sizes=\"auto, (max-width: 1600px) 100vw, 1600px\" \/><figcaption class=\"wp-element-caption\"><em>Exposi\u00e7\u00e3o Jardim dos Sonhos: Ecos de Frida e Borges<\/em>, <em>no P\u00e1tio Cian\u00ea Shopping<\/em> &#8211; <em>Foto por Danilo Gameiro<\/em><\/figcaption><\/figure>\n<\/div>\n\n\n<p class=\"has-drop-cap\">Sorocaba, mar\u00e7o de 2026 \u2013 Na tarde da \u00faltima quinta-feira (05\/03), a exposi\u00e7\u00e3o \u2018<strong>Jardim dos Sonhos: Ecos de Frida e Borges\u2019<\/strong> foi palco de um enriquecedor encontro cultural no P\u00e1tio Cian\u00ea Shopping. O evento reuniu administradores de arte, escritores e o renomado historiador e pesquisador <strong>Jos\u00e9 Rubens Incao<\/strong> para uma imers\u00e3o nas trajet\u00f3rias de dois dos maiores \u00edcones da cultura latino-americana.\u200b<\/p>\n\n\n\n<p><strong>Destaques do Encontro<\/strong>\u200b<\/p>\n\n\n<div class=\"wp-block-image\">\n<figure class=\"alignright size-full is-resized\"><img loading=\"lazy\" decoding=\"async\" width=\"900\" height=\"1600\" data-attachment-id=\"79320\" data-permalink=\"http:\/\/jornalrol.com.br\/?attachment_id=79320\" data-orig-file=\"http:\/\/jornalrol.com.br\/wp-content\/uploads\/2026\/03\/3f0b6df1-8155-43f4-b7cb-6ea66e75afa4.jpg\" data-orig-size=\"900,1600\" data-comments-opened=\"1\" data-image-meta=\"{&quot;aperture&quot;:&quot;0&quot;,&quot;credit&quot;:&quot;&quot;,&quot;camera&quot;:&quot;&quot;,&quot;caption&quot;:&quot;&quot;,&quot;created_timestamp&quot;:&quot;0&quot;,&quot;copyright&quot;:&quot;&quot;,&quot;focal_length&quot;:&quot;0&quot;,&quot;iso&quot;:&quot;0&quot;,&quot;shutter_speed&quot;:&quot;0&quot;,&quot;title&quot;:&quot;&quot;,&quot;orientation&quot;:&quot;0&quot;}\" data-image-title=\"3f0b6df1-8155-43f4-b7cb-6ea66e75afa4\" data-image-description=\"\" data-image-caption=\"\" data-large-file=\"http:\/\/jornalrol.com.br\/wp-content\/uploads\/2026\/03\/3f0b6df1-8155-43f4-b7cb-6ea66e75afa4.jpg\" src=\"https:\/\/jornalrol.com.br\/wp-content\/uploads\/2026\/03\/3f0b6df1-8155-43f4-b7cb-6ea66e75afa4.jpg\" alt=\"Foto por Priscila Mancussi\" class=\"wp-image-79320\" style=\"aspect-ratio:0.5625020048115477;width:333px;height:auto\" srcset=\"http:\/\/jornalrol.com.br\/wp-content\/uploads\/2026\/03\/3f0b6df1-8155-43f4-b7cb-6ea66e75afa4.jpg 900w, http:\/\/jornalrol.com.br\/wp-content\/uploads\/2026\/03\/3f0b6df1-8155-43f4-b7cb-6ea66e75afa4-675x1200.jpg 675w, http:\/\/jornalrol.com.br\/wp-content\/uploads\/2026\/03\/3f0b6df1-8155-43f4-b7cb-6ea66e75afa4-768x1365.jpg 768w, http:\/\/jornalrol.com.br\/wp-content\/uploads\/2026\/03\/3f0b6df1-8155-43f4-b7cb-6ea66e75afa4-864x1536.jpg 864w\" sizes=\"auto, (max-width: 900px) 100vw, 900px\" \/><figcaption class=\"wp-element-caption\"><em>Foto por Priscila Mancussi<\/em><\/figcaption><\/figure>\n<\/div>\n\n\n<p>A abertura foi conduzida pelo escritor <strong>Beto Costa<\/strong>, que ressaltou o papel vital da arte na sociedade antes de apresentar a idealizadora do projeto, a professora e escritora <strong>Priscila Mancuss<\/strong>i. Em sua fala, Priscila detalhou o processo criativo das obras expostas e destacou a atua\u00e7\u00e3o do <strong>Coletivo Cultural Caf\u00e9 &amp; Arte em Movimento<\/strong> na <strong>Feira Internacional Del Libro<\/strong>, evento mensal que percorre diversos pa\u00edses. Na ocasi\u00e3o, a organizadora expressou seu agradecimento especial ao embaixador da paz e poeta <strong>Rom\u00e1rio Filho<\/strong>, articulador fundamental para a proje\u00e7\u00e3o internacional do grupo.\u200b<\/p>\n\n\n\n<p><strong>O momento contou ainda com relatos inspiradores de escritoras que comp\u00f5em a mostra:<\/strong>\u200b<\/p>\n\n\n\n<p><strong>Carina Gameiro<\/strong>: Compartilhou seu processo de escrita e agradeceu o acolhimento do coletivo.<\/p>\n\n\n\n<p><strong>\u200bV\u00e2nia Moreira:<\/strong> Refletiu sobre a produ\u00e7\u00e3o de seus poemas e a import\u00e2ncia essencial da poesia como ferramenta de reflex\u00e3o humana.<\/p>\n\n\n\n<p>\u200bO historiador <strong>Jos\u00e9 Rubens Incao<\/strong> parabenizou o coletivo pela iniciativa e pela qualidade est\u00e9tica e liter\u00e1ria do trabalho apresentado. O evento atraiu olhares da m\u00eddia, contando com a presen\u00e7a do jornalista <strong>Jos\u00e9 Desid\u00e9rio<\/strong> (Jovem Pan), que entrevistou Priscila Mancussi, e do curador <strong>Maur\u00edcio Barisson<\/strong>, respons\u00e1vel por viabilizar a ocupa\u00e7\u00e3o do espa\u00e7o pelo coletivo.<\/p>\n\n\n\n<p><strong>\u200bO Coletivo Caf\u00e9 &amp; Arte em Movimento<\/strong>\u200b<\/p>\n\n\n\n<p>Idealizado por Priscila Mancussi, o coletivo re\u00fane artistas de diversas regi\u00f5es do Brasil, promovendo um interc\u00e2mbio cultural que enriquece a produ\u00e7\u00e3o art\u00edstica nacional por meio de diferentes olhares e sotaques.\u200b<\/p>\n\n\n\n<p><strong>Artistas Expositores (Ordem Alfab\u00e9tica):<\/strong><\/p>\n\n\n\n<p>\u200bAltamir Costa, Beto Costa, Carina Gameiro, Cris Vaccarezza, Cristina Pimentel, D\u00e9bora Domingues, Djalma Moraes, Josemir Lemos, Lana Coelho, M\u00e1rcio Zacarias, Priscila Mancussi, Ricardo Oliveira, Ricco Cassiano, Shirley Ferro e V\u00e2nia Moreira.<\/p>\n\n\n\n<p><a href=\"http:\/\/jornalrol.com.br\/\" title=\"Voltar\">Voltar<\/a><\/p>\n\n\n\n<p><a href=\"https:\/www.facebook.com\/JCulturalrol\/\" title=\"Facebook\">Facebook<\/a><\/p>\n\n\n\n<h2 class=\"wp-block-heading\"><\/h2>\n\n\n\n<p>\u200b<\/p>\n\n\n\n<p class=\"has-text-align-center\"><br><br><\/p>\n","protected":false},"excerpt":{"rendered":"<p>Na tarde do dia 05 de mar\u00e7o, a exposi\u00e7\u00e3o \u2018Jardim dos Sonhos: Ecos de Frida e Borges\u2019 foi palco de um enriquecedor encontro cultural no P\u00e1tio Cian\u00ea Shopping.<\/p>\n","protected":false},"author":6,"featured_media":79319,"comment_status":"open","ping_status":"closed","sticky":false,"template":"","format":"standard","meta":{"_jetpack_newsletter_access":"","_jetpack_dont_email_post_to_subs":false,"_jetpack_newsletter_tier_id":0,"_jetpack_memberships_contains_paywalled_content":false,"_jetpack_memberships_contains_paid_content":false,"footnotes":""},"categories":[15461,9285],"tags":[16441,16305,16442,16440,13487,10909],"class_list":["post-79317","post","type-post","status-publish","format-standard","has-post-thumbnail","hentry","category-exposicao-literatura","category-literatura","tag-coletivo-cafe-arte-em-movimento","tag-jardim-dos-sonhos-ecos-de-frida-e-borges","tag-jose-desiderio","tag-jose-rubens-incao","tag-mauricio-barisson","tag-priscila-mancussi"],"aioseo_notices":[],"views":238,"jetpack_featured_media_url":"http:\/\/jornalrol.com.br\/wp-content\/uploads\/2026\/03\/cb997d52-eef5-47b6-8cc0-f9ec1c427cc8.jpg","jetpack_sharing_enabled":true,"jetpack_likes_enabled":true,"jetpack-related-posts":[{"id":78900,"url":"http:\/\/jornalrol.com.br\/?p=78900","url_meta":{"origin":79317,"position":0},"title":"Jardim dos Sonhos: Ecos de Frida e Borges","author":"Sergio Diniz da Costa","date":"5 de mar\u00e7o de 2026","format":false,"excerpt":"O P\u00e1tio Cian\u00ea Shopping inaugurou recentemente a exposi\u00e7\u00e3o 'Jardim dos Sonhos: Ecos de Frida e Borges', transformando o espa\u00e7o em um ponto de encontro...","rel":"","context":"Em &quot;Exposi\u00e7\u00e3o&quot;","block_context":{"text":"Exposi\u00e7\u00e3o","link":"http:\/\/jornalrol.com.br\/?cat=15461"},"img":{"alt_text":"Exposi\u00e7\u00e3o 'Jardim dos Sonhos: Ecos de Frida e Borges' - Foto por","src":"https:\/\/i0.wp.com\/jornalrol.com.br\/wp-content\/uploads\/2026\/03\/47bc22bf-62e4-44b9-a4d1-8c3e1f26b6fb.jpg?resize=350%2C200","width":350,"height":200,"srcset":"https:\/\/i0.wp.com\/jornalrol.com.br\/wp-content\/uploads\/2026\/03\/47bc22bf-62e4-44b9-a4d1-8c3e1f26b6fb.jpg?resize=350%2C200 1x, https:\/\/i0.wp.com\/jornalrol.com.br\/wp-content\/uploads\/2026\/03\/47bc22bf-62e4-44b9-a4d1-8c3e1f26b6fb.jpg?resize=525%2C300 1.5x, https:\/\/i0.wp.com\/jornalrol.com.br\/wp-content\/uploads\/2026\/03\/47bc22bf-62e4-44b9-a4d1-8c3e1f26b6fb.jpg?resize=700%2C400 2x, https:\/\/i0.wp.com\/jornalrol.com.br\/wp-content\/uploads\/2026\/03\/47bc22bf-62e4-44b9-a4d1-8c3e1f26b6fb.jpg?resize=1050%2C600 3x, https:\/\/i0.wp.com\/jornalrol.com.br\/wp-content\/uploads\/2026\/03\/47bc22bf-62e4-44b9-a4d1-8c3e1f26b6fb.jpg?resize=1400%2C800 4x"},"classes":[]},{"id":78780,"url":"http:\/\/jornalrol.com.br\/?p=78780","url_meta":{"origin":79317,"position":1},"title":"Movimento Cultivista Caf\u00e9 com Poemas Sorocaba","author":"Sergio Diniz da Costa","date":"28 de fevereiro de 2026","format":false,"excerpt":"O Movimento Cultivista Caf\u00e9 com Poemas Sorocaba promove a poesia, a arte e a educa\u00e7\u00e3o, conectando artistas e poetas em encontros presenciais e virtuais...","rel":"","context":"Em &quot;Exposi\u00e7\u00e3o&quot;","block_context":{"text":"Exposi\u00e7\u00e3o","link":"http:\/\/jornalrol.com.br\/?cat=15461"},"img":{"alt_text":"Card da exposi\u00e7\u00e3o O Jardim Scecreto dos Sonhos - Ecos de Kahlo e Borges","src":"https:\/\/i0.wp.com\/jornalrol.com.br\/wp-content\/uploads\/2026\/02\/26d6592a-2fa1-469d-9af7-8020ba42d748.jpg?resize=350%2C200","width":350,"height":200,"srcset":"https:\/\/i0.wp.com\/jornalrol.com.br\/wp-content\/uploads\/2026\/02\/26d6592a-2fa1-469d-9af7-8020ba42d748.jpg?resize=350%2C200 1x, https:\/\/i0.wp.com\/jornalrol.com.br\/wp-content\/uploads\/2026\/02\/26d6592a-2fa1-469d-9af7-8020ba42d748.jpg?resize=525%2C300 1.5x, https:\/\/i0.wp.com\/jornalrol.com.br\/wp-content\/uploads\/2026\/02\/26d6592a-2fa1-469d-9af7-8020ba42d748.jpg?resize=700%2C400 2x, https:\/\/i0.wp.com\/jornalrol.com.br\/wp-content\/uploads\/2026\/02\/26d6592a-2fa1-469d-9af7-8020ba42d748.jpg?resize=1050%2C600 3x"},"classes":[]},{"id":80236,"url":"http:\/\/jornalrol.com.br\/?p=80236","url_meta":{"origin":79317,"position":2},"title":"Jardim Secreto dos Sonhos \u2013 Ecos de Frida e Borges","author":"Sergio Diniz da Costa","date":"22 de abril de 2026","format":false,"excerpt":"O cen\u00e1rio cultural de Sorocaba ganha um novo f\u00f4lego com a chegada da exposi\u00e7\u00e3o 'Jardim Secreto dos Sonhos \u2013 Ecos de Frida e Borges'. Aberta \u00e0 visita\u00e7\u00e3o na...","rel":"","context":"Em &quot;Exposi\u00e7\u00e3o&quot;","block_context":{"text":"Exposi\u00e7\u00e3o","link":"http:\/\/jornalrol.com.br\/?cat=15461"},"img":{"alt_text":"Exposi\u00e7\u00e3o 'Jardim Secreto dos Sonhos \u2013 Ecos de Frida e Borges' - Biblioteca Municipal de Sorocaba","src":"https:\/\/i0.wp.com\/jornalrol.com.br\/wp-content\/uploads\/2026\/04\/d0bd29bb-6e8a-4fb9-906d-c6b819e1a030-1.jpg?resize=350%2C200","width":350,"height":200,"srcset":"https:\/\/i0.wp.com\/jornalrol.com.br\/wp-content\/uploads\/2026\/04\/d0bd29bb-6e8a-4fb9-906d-c6b819e1a030-1.jpg?resize=350%2C200 1x, https:\/\/i0.wp.com\/jornalrol.com.br\/wp-content\/uploads\/2026\/04\/d0bd29bb-6e8a-4fb9-906d-c6b819e1a030-1.jpg?resize=525%2C300 1.5x, https:\/\/i0.wp.com\/jornalrol.com.br\/wp-content\/uploads\/2026\/04\/d0bd29bb-6e8a-4fb9-906d-c6b819e1a030-1.jpg?resize=700%2C400 2x, https:\/\/i0.wp.com\/jornalrol.com.br\/wp-content\/uploads\/2026\/04\/d0bd29bb-6e8a-4fb9-906d-c6b819e1a030-1.jpg?resize=1050%2C600 3x"},"classes":[]},{"id":80203,"url":"http:\/\/jornalrol.com.br\/?p=80203","url_meta":{"origin":79317,"position":3},"title":"Exposi\u00e7\u00e3o Jardim Secreto dos Sonhos &#8211; Ecos de Kahlo e Borges","author":"Sergio Diniz da Costa","date":"22 de abril de 2026","format":false,"excerpt":"No dia 11 de abril de 2026, a resid\u00eancia da escritora Lana Coelho, foi palco de uma exposi\u00e7\u00e3o liter\u00e1ria marcada por sensibilidade, cultura e conex\u00e3o com...","rel":"","context":"Em &quot;Exposi\u00e7\u00e3o&quot;","block_context":{"text":"Exposi\u00e7\u00e3o","link":"http:\/\/jornalrol.com.br\/?cat=15461"},"img":{"alt_text":"Exposi\u00e7\u00e3o liter\u00e1ria na resid\u00eancia da escritora Lana Coelho - Foto por Priscila Mancussi","src":"https:\/\/i0.wp.com\/jornalrol.com.br\/wp-content\/uploads\/2026\/04\/e706f009-ffe6-41d7-8bf2-b9b472123313.jpg?resize=350%2C200","width":350,"height":200,"srcset":"https:\/\/i0.wp.com\/jornalrol.com.br\/wp-content\/uploads\/2026\/04\/e706f009-ffe6-41d7-8bf2-b9b472123313.jpg?resize=350%2C200 1x, https:\/\/i0.wp.com\/jornalrol.com.br\/wp-content\/uploads\/2026\/04\/e706f009-ffe6-41d7-8bf2-b9b472123313.jpg?resize=525%2C300 1.5x, https:\/\/i0.wp.com\/jornalrol.com.br\/wp-content\/uploads\/2026\/04\/e706f009-ffe6-41d7-8bf2-b9b472123313.jpg?resize=700%2C400 2x, https:\/\/i0.wp.com\/jornalrol.com.br\/wp-content\/uploads\/2026\/04\/e706f009-ffe6-41d7-8bf2-b9b472123313.jpg?resize=1050%2C600 3x, https:\/\/i0.wp.com\/jornalrol.com.br\/wp-content\/uploads\/2026\/04\/e706f009-ffe6-41d7-8bf2-b9b472123313.jpg?resize=1400%2C800 4x"},"classes":[]},{"id":18330,"url":"http:\/\/jornalrol.com.br\/?p=18330","url_meta":{"origin":79317,"position":4},"title":"Centro Paula Souza realiza exposi\u00e7\u00e3o com fotos in\u00e9ditas de Frida Kahlo","author":"Sergio Diniz da Costa","date":"16 de maio de 2018","format":false,"excerpt":"\u00a0Pela primeira vez no Brasil, mostra re\u00fane 60 fotos que retratam a hist\u00f3ria do casal Frida Kahlo e Diego Rivera \u00a0 Come\u00e7a nesta ter\u00e7a-feira, 15, a\u00a0Exposi\u00e7\u00e3o Frida & Diego - Fragmentos, realizada pelo Centro Paula Souza (CPS) em parceria com o Consulado-Geral do M\u00e9xico em S\u00e3o Paulo. In\u00e9dita no Brasil,\u2026","rel":"","context":"Em &quot;Comunica\u00e7\u00e3o&quot;","block_context":{"text":"Comunica\u00e7\u00e3o","link":"http:\/\/jornalrol.com.br\/?cat=7"},"img":{"alt_text":"","src":"https:\/\/i0.wp.com\/www.jornalrol.com.br\/wp-content\/uploads\/2018\/05\/frida-kahlo-taylan-soyturk-221x300.jpg?resize=350%2C200","width":350,"height":200},"classes":[]},{"id":18340,"url":"http:\/\/jornalrol.com.br\/?p=18340","url_meta":{"origin":79317,"position":5},"title":"Exposi\u00e7\u00e3o em SP com fotos de Frida Kahlo","author":"Helio Rubens","date":"15 de maio de 2018","format":false,"excerpt":"Centro Paula Souza realiza na Capital exposi\u00e7\u00e3o com fotos in\u00e9ditas de Frida Kahlo Pela primeira vez no Brasil, mostra re\u00fane 60 fotos que retratam a hist\u00f3ria do casal Frida Kahlo e Diego Rivera Come\u00e7a nesta ter\u00e7a-feira, 15, a Exposi\u00e7\u00e3o Frida & Diego - Fragmentos, realizada pelo Centro Paula Souza (CPS)\u2026","rel":"","context":"Em &quot;Comunica\u00e7\u00e3o&quot;","block_context":{"text":"Comunica\u00e7\u00e3o","link":"http:\/\/jornalrol.com.br\/?cat=7"},"img":{"alt_text":"","src":"https:\/\/mail.google.com\/mail\/u\/2\/?ui=2&ik=d4016f14b7&view=fimg&th=16363f8f2bf73e5e&attid=0.1&disp=emb&attbid=ANGjdJ9vH8owuJN1zAuBjahPbhWyytJZPyXLJObh2kX5pO-dyBy4aazUoKbn5TfQnEVxPLB0PW3KjFfXl5Ak5MLv0OMuV1wwPjhzwMPEA5VJtSDP9Kz_ewqupQZTxoM&sz=w1126-h762&ats=1526403585504&rm=16363f8f2bf73e5e&zw&atsh=1","width":350,"height":200},"classes":[]}],"_links":{"self":[{"href":"http:\/\/jornalrol.com.br\/index.php?rest_route=\/wp\/v2\/posts\/79317","targetHints":{"allow":["GET"]}}],"collection":[{"href":"http:\/\/jornalrol.com.br\/index.php?rest_route=\/wp\/v2\/posts"}],"about":[{"href":"http:\/\/jornalrol.com.br\/index.php?rest_route=\/wp\/v2\/types\/post"}],"author":[{"embeddable":true,"href":"http:\/\/jornalrol.com.br\/index.php?rest_route=\/wp\/v2\/users\/6"}],"replies":[{"embeddable":true,"href":"http:\/\/jornalrol.com.br\/index.php?rest_route=%2Fwp%2Fv2%2Fcomments&post=79317"}],"version-history":[{"count":1,"href":"http:\/\/jornalrol.com.br\/index.php?rest_route=\/wp\/v2\/posts\/79317\/revisions"}],"predecessor-version":[{"id":79321,"href":"http:\/\/jornalrol.com.br\/index.php?rest_route=\/wp\/v2\/posts\/79317\/revisions\/79321"}],"wp:featuredmedia":[{"embeddable":true,"href":"http:\/\/jornalrol.com.br\/index.php?rest_route=\/wp\/v2\/media\/79319"}],"wp:attachment":[{"href":"http:\/\/jornalrol.com.br\/index.php?rest_route=%2Fwp%2Fv2%2Fmedia&parent=79317"}],"wp:term":[{"taxonomy":"category","embeddable":true,"href":"http:\/\/jornalrol.com.br\/index.php?rest_route=%2Fwp%2Fv2%2Fcategories&post=79317"},{"taxonomy":"post_tag","embeddable":true,"href":"http:\/\/jornalrol.com.br\/index.php?rest_route=%2Fwp%2Fv2%2Ftags&post=79317"}],"curies":[{"name":"wp","href":"https:\/\/api.w.org\/{rel}","templated":true}]}}