{"id":79322,"date":"2026-03-17T16:40:28","date_gmt":"2026-03-17T19:40:28","guid":{"rendered":"https:\/\/jornalrol.com.br\/?p=79322"},"modified":"2026-03-17T16:46:43","modified_gmt":"2026-03-17T19:46:43","slug":"sesc-sorocaba","status":"publish","type":"post","link":"http:\/\/jornalrol.com.br\/?p=79322","title":{"rendered":"Sesc\u00a0Sorocaba"},"content":{"rendered":"<div class=\"pdfprnt-buttons pdfprnt-buttons-post pdfprnt-top-right\"><a href=\"http:\/\/jornalrol.com.br\/index.php?rest_route=%2Fwp%2Fv2%2Fposts%2F79322&print=pdf\" class=\"pdfprnt-button pdfprnt-button-pdf\" target=\"_blank\" ><\/a><a href=\"http:\/\/jornalrol.com.br\/index.php?rest_route=%2Fwp%2Fv2%2Fposts%2F79322&print=print\" class=\"pdfprnt-button pdfprnt-button-print\" target=\"_blank\" ><img decoding=\"async\" src=\"https:\/\/jornalrol.com.br\/wp-content\/plugins\/pdf-print\/images\/print.png\" alt=\"image_print\" title=\"Conte\u00fado de impress\u00e3o\" \/><\/a><\/div>\n<h2 class=\"wp-block-heading has-text-align-center\">Sesc&nbsp;Sorocaba apresenta final de semana com m\u00fasica, teatro, circo e atividades para crian\u00e7as&nbsp;<br><br><\/h2>\n\n\n<div class=\"wp-block-image\">\n<figure class=\"aligncenter size-full is-resized\"><img loading=\"lazy\" decoding=\"async\" width=\"1500\" height=\"1000\" data-attachment-id=\"79324\" data-permalink=\"http:\/\/jornalrol.com.br\/?attachment_id=79324\" data-orig-file=\"http:\/\/jornalrol.com.br\/wp-content\/uploads\/2026\/03\/Pastoras_do_RosaI_rio___Foto_Cassandra_Melo_2025-11-12-16-08-0.jpg\" data-orig-size=\"1500,1000\" data-comments-opened=\"1\" data-image-meta=\"{&quot;aperture&quot;:&quot;3.5&quot;,&quot;credit&quot;:&quot;&quot;,&quot;camera&quot;:&quot;Canon EOS 6D&quot;,&quot;caption&quot;:&quot;&quot;,&quot;created_timestamp&quot;:&quot;1578850300&quot;,&quot;copyright&quot;:&quot;&quot;,&quot;focal_length&quot;:&quot;85&quot;,&quot;iso&quot;:&quot;250&quot;,&quot;shutter_speed&quot;:&quot;0.008&quot;,&quot;title&quot;:&quot;&quot;,&quot;orientation&quot;:&quot;1&quot;}\" data-image-title=\"Pastoras_do_RosaI_rio___Foto_Cassandra_Melo_2025-11-12-16-08-0\" data-image-description=\"\" data-image-caption=\"\" data-large-file=\"http:\/\/jornalrol.com.br\/wp-content\/uploads\/2026\/03\/Pastoras_do_RosaI_rio___Foto_Cassandra_Melo_2025-11-12-16-08-0.jpg\" src=\"https:\/\/jornalrol.com.br\/wp-content\/uploads\/2026\/03\/Pastoras_do_RosaI_rio___Foto_Cassandra_Melo_2025-11-12-16-08-0.jpg\" alt=\"Pastoras do Rosal - Foto por Mirella Ghiraldi\" class=\"wp-image-79324\" style=\"aspect-ratio:1.13933661570355;width:819px;height:auto\" srcset=\"http:\/\/jornalrol.com.br\/wp-content\/uploads\/2026\/03\/Pastoras_do_RosaI_rio___Foto_Cassandra_Melo_2025-11-12-16-08-0.jpg 1500w, http:\/\/jornalrol.com.br\/wp-content\/uploads\/2026\/03\/Pastoras_do_RosaI_rio___Foto_Cassandra_Melo_2025-11-12-16-08-0-1200x800.jpg 1200w, http:\/\/jornalrol.com.br\/wp-content\/uploads\/2026\/03\/Pastoras_do_RosaI_rio___Foto_Cassandra_Melo_2025-11-12-16-08-0-768x512.jpg 768w\" sizes=\"auto, (max-width: 1500px) 100vw, 1500px\" \/><figcaption class=\"wp-element-caption\"><em>Pastoras do Rosario- Foto por Mirella Ghiraldi<\/em><\/figcaption><\/figure>\n<\/div>\n\n\n<p>O&nbsp;Sesc&nbsp;Sorocaba recebe&nbsp;neste final de semana&nbsp;uma programa\u00e7\u00e3o variada,&nbsp;com m\u00fasica, teatro, circo e atividades voltadas ao p\u00fablico infantil. As atra\u00e7\u00f5es transitam entre tradi\u00e7\u00f5es da cultura popular brasileira, temas contempor\u00e2neos e experi\u00eancias l\u00fadicas que convidam crian\u00e7as e fam\u00edlias a participar.&nbsp;<\/p>\n\n\n\n<p>A agenda tamb\u00e9m dialoga com a exposi\u00e7\u00e3o<strong>&nbsp;Frestas \u2013 Trienal de Artes<\/strong>, em cartaz na unidade, e inclui atividades do projeto&nbsp;<strong>Mulheria<\/strong>, realizado ao longo de mar\u00e7o, que destaca a produ\u00e7\u00e3o art\u00edstica de mulheres e prop\u00f5e reflex\u00f5es sobre representatividade e igualdade de g\u00eanero.&nbsp;<\/p>\n\n\n\n<p>Em paralelo \u00e0 programa\u00e7\u00e3o realizada na unidade, o\u00a0Sesc\u00a0Sorocaba tamb\u00e9m estar\u00e1 presente nas cidades de\u00a0<strong>S\u00e3o Roque<\/strong>\u00a0(s\u00e1bado, 21\/3) e\u00a0<strong>Itu<\/strong>\u00a0(domingo, 22\/3) com o\u00a0<strong>Circuito\u00a0Sesc\u00a0de Artes 2026<\/strong>.\u00a0<br><br><\/p>\n\n\n\n<figure class=\"wp-block-embed is-type-video is-provider-youtube wp-block-embed-youtube wp-embed-aspect-16-9 wp-has-aspect-ratio\"><div class=\"wp-block-embed__wrapper\">\n<iframe loading=\"lazy\" title=\"Pastoras do Ros\u00e1rio - Da nebulosa ao brilho [\u00e1lbum visual]\" width=\"640\" height=\"360\" src=\"https:\/\/www.youtube.com\/embed\/V8E6Ym0J5vY?start=5&#038;feature=oembed\" frameborder=\"0\" allow=\"accelerometer; autoplay; clipboard-write; encrypted-media; gyroscope; picture-in-picture; web-share\" referrerpolicy=\"strict-origin-when-cross-origin\" allowfullscreen><\/iframe>\n<\/div><\/figure>\n\n\n\n<p>As atra\u00e7\u00f5es come\u00e7am na&nbsp;<strong>sexta, \u00e0s 20h<\/strong>, com o show&nbsp;do grupo&nbsp;<strong>As Pastoras do Ros\u00e1rio<\/strong>. A apresenta\u00e7\u00e3o prop\u00f5e um encontro entre a m\u00fasica caipira e manifesta\u00e7\u00f5es da cultura popular brasileira, como o samba de roda, as umbigadas e cantos presentes em festejos afro-ind\u00edgenas do interior do pa\u00eds. Sens\u00edvel e vibrante, o espet\u00e1culo cria um ambiente de celebra\u00e7\u00e3o das tradi\u00e7\u00f5es e das mem\u00f3rias musicais brasileiras.&nbsp;<\/p>\n\n\n\n<p>A apresenta\u00e7\u00e3o tem classifica\u00e7\u00e3o livre e lugares limitados. Vendas dispon\u00edveis em&nbsp;<a rel=\"noreferrer noopener\" href=\"https:\/\/centralrelacionamento.sescsp.org.br\/\" target=\"_blank\">centralrelacionamento.sescsp.org.br<\/a>&nbsp;ou aplicativo Credencial Sesc SP. E presencialmente na Central de Atendimento. &nbsp;<\/p>\n\n\n\n<p>Os valores dos ingressos s\u00e3o&nbsp;<strong>R$ 15,00<\/strong>&nbsp;(credencial plena),&nbsp;<strong>R$ 25,00&nbsp;<\/strong>(aposentado, pessoa com mais de 60 anos, estudante, servidor de escola p\u00fablica com comprovante, pessoas com defici\u00eancias e seu acompanhante) e&nbsp;<strong>R$ 50,00&nbsp;<\/strong>(inteira).&nbsp;<\/p>\n\n\n\n<p>No&nbsp;<strong>s\u00e1bado<\/strong>, as atividades come\u00e7am pela manh\u00e3 com a viv\u00eancia&nbsp;<strong>Clube do Sorriso<\/strong>, conduzida pela equipe de sa\u00fade bucal do Sesc Sorocaba. A proposta convida crian\u00e7as de 2 a 10 anos a participarem de uma jornada divertida para aprender sobre cuidados com a sa\u00fade da boca e dos dentes. Por meio de conversas e atividades l\u00fadicas, a equipe aborda temas como escova\u00e7\u00e3o, uso do fio dental e h\u00e1bitos alimentares que contribuem para manter um sorriso saud\u00e1vel.&nbsp;<\/p>\n\n\n\n<p>A atividade acontece&nbsp;em dois hor\u00e1rios,&nbsp;<strong>\u00e0s 10h30 e \u00e0s 14h<\/strong>, com vagas limitadas. A participa\u00e7\u00e3o \u00e9 gratuita, com retirada de senhas 30 minutos antes.&nbsp;<br><br><\/p>\n\n\n<div class=\"wp-block-image\">\n<figure class=\"aligncenter size-full is-resized\"><img loading=\"lazy\" decoding=\"async\" width=\"2048\" height=\"2047\" data-attachment-id=\"79325\" data-permalink=\"http:\/\/jornalrol.com.br\/?attachment_id=79325\" data-orig-file=\"http:\/\/jornalrol.com.br\/wp-content\/uploads\/2026\/03\/Palhaca-Fiorella.jpg\" data-orig-size=\"2048,2047\" data-comments-opened=\"1\" data-image-meta=\"{&quot;aperture&quot;:&quot;0&quot;,&quot;credit&quot;:&quot;&quot;,&quot;camera&quot;:&quot;&quot;,&quot;caption&quot;:&quot;&quot;,&quot;created_timestamp&quot;:&quot;0&quot;,&quot;copyright&quot;:&quot;&quot;,&quot;focal_length&quot;:&quot;0&quot;,&quot;iso&quot;:&quot;0&quot;,&quot;shutter_speed&quot;:&quot;0&quot;,&quot;title&quot;:&quot;&quot;,&quot;orientation&quot;:&quot;0&quot;}\" data-image-title=\"Palha\u00e7a Fiorella\" data-image-description=\"\" data-image-caption=\"\" data-large-file=\"http:\/\/jornalrol.com.br\/wp-content\/uploads\/2026\/03\/Palhaca-Fiorella.jpg\" src=\"https:\/\/jornalrol.com.br\/wp-content\/uploads\/2026\/03\/Palhaca-Fiorella.jpg\" alt=\"\" class=\"wp-image-79325\" style=\"aspect-ratio:1.0005024845067276;width:338px;height:auto\" srcset=\"http:\/\/jornalrol.com.br\/wp-content\/uploads\/2026\/03\/Palhaca-Fiorella.jpg 2048w, http:\/\/jornalrol.com.br\/wp-content\/uploads\/2026\/03\/Palhaca-Fiorella-1200x1200.jpg 1200w, http:\/\/jornalrol.com.br\/wp-content\/uploads\/2026\/03\/Palhaca-Fiorella-600x600.jpg 600w, http:\/\/jornalrol.com.br\/wp-content\/uploads\/2026\/03\/Palhaca-Fiorella-768x768.jpg 768w, http:\/\/jornalrol.com.br\/wp-content\/uploads\/2026\/03\/Palhaca-Fiorella-1536x1536.jpg 1536w\" sizes=\"auto, (max-width: 2048px) 100vw, 2048px\" \/><figcaption class=\"wp-element-caption\"><em>Palha\u00e7a Fiorella<\/em><\/figcaption><\/figure>\n<\/div>\n\n\n<p>\u00c0 tarde,<strong>&nbsp;\u00e0s 16h<\/strong>,&nbsp;acontece&nbsp;o&nbsp;espet\u00e1culo&nbsp;<strong>A casa da palha\u00e7a<\/strong>, com&nbsp;a&nbsp;<strong>Palha\u00e7a Fiorella<\/strong>. Em cena, objetos do cotidiano como baldes, vassouras, livros, x\u00edcaras e pratos ganham novos significados em n\u00fameros de manipula\u00e7\u00e3o e humor. Entre malabarismos, equilibrismos, acrobacias e m\u00e1gicas close-up, a artista transforma situa\u00e7\u00f5es simples em momentos surpreendentes, convidando o p\u00fablico a entrar em um universo de imagina\u00e7\u00e3o e brincadeira.&nbsp;A atividade \u00e9 gratuita e tem classifica\u00e7\u00e3o livre. Para assistir, \u00e9 s\u00f3 chegar.&nbsp;<br><br><\/p>\n\n\n\n<figure class=\"wp-block-image size-large\"><img loading=\"lazy\" decoding=\"async\" width=\"4096\" height=\"2731\" data-attachment-id=\"79326\" data-permalink=\"http:\/\/jornalrol.com.br\/?attachment_id=79326\" data-orig-file=\"http:\/\/jornalrol.com.br\/wp-content\/uploads\/2026\/03\/Peca_ThelmaLouise_0015-1-scaled.jpg\" data-orig-size=\"2560,1707\" data-comments-opened=\"1\" data-image-meta=\"{&quot;aperture&quot;:&quot;0&quot;,&quot;credit&quot;:&quot;&quot;,&quot;camera&quot;:&quot;&quot;,&quot;caption&quot;:&quot;&quot;,&quot;created_timestamp&quot;:&quot;0&quot;,&quot;copyright&quot;:&quot;&quot;,&quot;focal_length&quot;:&quot;0&quot;,&quot;iso&quot;:&quot;0&quot;,&quot;shutter_speed&quot;:&quot;0&quot;,&quot;title&quot;:&quot;&quot;,&quot;orientation&quot;:&quot;0&quot;}\" data-image-title=\"Peca_ThelmaLouise_0015 (1)\" data-image-description=\"\" data-image-caption=\"\" data-large-file=\"http:\/\/jornalrol.com.br\/wp-content\/uploads\/2026\/03\/Peca_ThelmaLouise_0015-1-4096x2731.jpg\" src=\"https:\/\/jornalrol.com.br\/wp-content\/uploads\/2026\/03\/Peca_ThelmaLouise_0015-1-4096x2731.jpg\" alt=\"\" class=\"wp-image-79326\" srcset=\"http:\/\/jornalrol.com.br\/wp-content\/uploads\/2026\/03\/Peca_ThelmaLouise_0015-1-4096x2731.jpg 4096w, http:\/\/jornalrol.com.br\/wp-content\/uploads\/2026\/03\/Peca_ThelmaLouise_0015-1-1200x800.jpg 1200w, http:\/\/jornalrol.com.br\/wp-content\/uploads\/2026\/03\/Peca_ThelmaLouise_0015-1-768x512.jpg 768w, http:\/\/jornalrol.com.br\/wp-content\/uploads\/2026\/03\/Peca_ThelmaLouise_0015-1-1536x1024.jpg 1536w, http:\/\/jornalrol.com.br\/wp-content\/uploads\/2026\/03\/Peca_ThelmaLouise_0015-1-2048x1365.jpg 2048w\" sizes=\"auto, (max-width: 4096px) 100vw, 4096px\" \/><figcaption class=\"wp-element-caption\"><em>Eu sou Thelma e ela \u00e9 minha Louise<\/em><\/figcaption><\/figure>\n\n\n\n<p>Ainda no\u00a0<strong>s\u00e1bado, \u00e0s 20h<\/strong>, o teatro recebe o espet\u00e1culo\u00a0<strong>Eu sou Thelma e ela \u00e9 minha Louise<\/strong>. A pe\u00e7a aborda a amizade entre mulheres a partir da trajet\u00f3ria de Vera e\u00a0Madu, acompanhando suas vidas desde os anos 1990 at\u00e9 os dias atuais. Inspirada no cl\u00e1ssico filme Thelma &amp; Louise, a narrativa ganha novos contornos quando um epis\u00f3dio de viol\u00eancia sexual transforma os rumos da hist\u00f3ria.\u00a0<br><br><\/p>\n\n\n\n<figure class=\"wp-block-embed is-type-video is-provider-youtube wp-block-embed-youtube wp-embed-aspect-16-9 wp-has-aspect-ratio\"><div class=\"wp-block-embed__wrapper\">\n<iframe loading=\"lazy\" title=\"teaser Eu sou Thelma e ela \u00e9 minha Louise\" width=\"640\" height=\"360\" src=\"https:\/\/www.youtube.com\/embed\/MP7d_gb49Aw?feature=oembed\" frameborder=\"0\" allow=\"accelerometer; autoplay; clipboard-write; encrypted-media; gyroscope; picture-in-picture; web-share\" referrerpolicy=\"strict-origin-when-cross-origin\" allowfullscreen><\/iframe>\n<\/div><\/figure>\n\n\n\n<p>Com dramaturgia constru\u00edda a partir de relatos reais, o espet\u00e1culo discute sororidade, protagonismo feminino e viol\u00eancia contra a mulher, ampliando reflex\u00f5es sobre mem\u00f3ria, justi\u00e7a e futuro.&nbsp;<\/p>\n\n\n\n<p>Com classifica\u00e7\u00e3o de 16 anos e lugares limitados. Vendas dispon\u00edveis em&nbsp;<a rel=\"noreferrer noopener\" href=\"https:\/\/centralrelacionamento.sescsp.org.br\/\" target=\"_blank\">centralrelacionamento.sescsp.org.br<\/a>&nbsp;ou aplicativo Credencial Sesc SP. E presencialmente na Central de Atendimento. &nbsp;<\/p>\n\n\n\n<p>Os valores dos ingressos s\u00e3o&nbsp;<strong>R$ 15,00<\/strong>&nbsp;(credencial plena),&nbsp;<strong>R$ 25,00&nbsp;<\/strong>(aposentado, pessoa com mais de 60 anos, estudante, servidor de escola p\u00fablica com comprovante, pessoas com defici\u00eancias e seu acompanhante) e&nbsp;<strong>R$ 50,00&nbsp;<\/strong>(inteira).&nbsp;<br><br><\/p>\n\n\n<div class=\"wp-block-image\">\n<figure class=\"aligncenter size-full is-resized\"><img loading=\"lazy\" decoding=\"async\" width=\"687\" height=\"603\" data-attachment-id=\"79323\" data-permalink=\"http:\/\/jornalrol.com.br\/?attachment_id=79323\" data-orig-file=\"http:\/\/jornalrol.com.br\/wp-content\/uploads\/2026\/03\/Revoada-cantante.jpeg\" data-orig-size=\"687,603\" data-comments-opened=\"1\" data-image-meta=\"{&quot;aperture&quot;:&quot;0&quot;,&quot;credit&quot;:&quot;&quot;,&quot;camera&quot;:&quot;&quot;,&quot;caption&quot;:&quot;&quot;,&quot;created_timestamp&quot;:&quot;0&quot;,&quot;copyright&quot;:&quot;&quot;,&quot;focal_length&quot;:&quot;0&quot;,&quot;iso&quot;:&quot;0&quot;,&quot;shutter_speed&quot;:&quot;0&quot;,&quot;title&quot;:&quot;&quot;,&quot;orientation&quot;:&quot;0&quot;}\" data-image-title=\"Revoada cantante\" data-image-description=\"\" data-image-caption=\"\" data-large-file=\"http:\/\/jornalrol.com.br\/wp-content\/uploads\/2026\/03\/Revoada-cantante.jpeg\" src=\"http:\/\/jornalrol.com.br\/wp-content\/uploads\/2026\/03\/Revoada-cantante.jpeg\" alt=\"Revoada Cantante\" class=\"wp-image-79323\" style=\"aspect-ratio:1.13933661570355;width:753px;height:auto\"\/><figcaption class=\"wp-element-caption\"><em>Revoada Cantante<\/em><\/figcaption><\/figure>\n<\/div>\n\n\n<p>No&nbsp;<strong>domingo, \u00e0s 16h<\/strong>,&nbsp;come\u00e7a o&nbsp;espet\u00e1culo infantil&nbsp;<strong>Revoada Cantante<\/strong>, um musical brincante com can\u00e7\u00f5es autorais inspiradas na literatura infantil brasileira. Com banda ao vivo e artistas brincantes em cena, o trabalho convida o p\u00fablico a mergulhar em um universo de poesia, ritmos populares e brincadeiras, transformando o palco em um espa\u00e7o de afeto, dan\u00e7a e encantamento para crian\u00e7as e fam\u00edlias.&nbsp;<\/p>\n\n\n\n<p>Com classifica\u00e7\u00e3o livre e lugares limitados.&nbsp;Vendas dispon\u00edveis em&nbsp;<a rel=\"noreferrer noopener\" href=\"https:\/\/centralrelacionamento.sescsp.org.br\/\" target=\"_blank\">centralrelacionamento.sescsp.org.br<\/a>&nbsp;ou aplicativo Credencial Sesc SP.&nbsp;E presencialmente na Central de Atendimento.&nbsp;<\/p>\n\n\n\n<p>Os valores dos ingressos s\u00e3o&nbsp;<strong>R$ 12,00&nbsp;<\/strong>(credencial plena),&nbsp;<strong>R$ 20,00<\/strong>&nbsp;(aposentado, pessoa com mais de 60 anos, estudante, servidor de escola p\u00fablica com comprovante, pessoas com defici\u00eancias e seu acompanhante) e&nbsp;<strong>R$ 40,00<\/strong>&nbsp;(inteira). Gr\u00e1tis para crian\u00e7as at\u00e9 12 anos (necess\u00e1rio apresentar ingresso).&nbsp;<br><br><\/p>\n\n\n<div class=\"wp-block-image\">\n<figure class=\"alignright size-large is-resized\"><img decoding=\"async\" src=\"https:\/\/jornalrol.com.br\/wp-content\/uploads\/2026\/03\/Copia_de_JESSICA_E_JULIANA_2025-11-21-22-22-21-1-1-2731x4096.jpg\" alt=\"\" class=\"wp-image-79328\" style=\"aspect-ratio:0.6667596101443581;width:332px;height:auto\"\/><figcaption class=\"wp-element-caption\"><em>J\u00e9ssica e Juliana<\/em><\/figcaption><\/figure>\n<\/div>\n\n\n<p>Encerrando o final de semana,&nbsp;<strong>\u00e0s 17h<\/strong>, a \u00e1rea de conviv\u00eancia recebe o show da dupla&nbsp;<strong>J\u00e9ssica e Juliana<\/strong>. Com mais de 20 anos de trajet\u00f3ria, as artistas celebram a tradi\u00e7\u00e3o da m\u00fasica sertaneja raiz em um repert\u00f3rio inspirado por nomes como As Galv\u00e3o, Ti\u00e3o Carreiro &amp; Pardinho, Tonico &amp; Tinoco e Cascatinha &amp; Inhana.&nbsp;<\/p>\n\n\n\n<p>O show revisita temas cl\u00e1ssicos do g\u00eanero, como a vida no campo, o amor e as hist\u00f3rias da ro\u00e7a, reafirmando a for\u00e7a dessa tradi\u00e7\u00e3o musical.&nbsp;A apresenta\u00e7\u00e3o \u00e9 gratuita e tem classifica\u00e7\u00e3o livre. Para assistir, \u00e9 s\u00f3 chegar.&nbsp;<\/p>\n\n\n\n<p>O Sesc Sorocaba tamb\u00e9m conta, at\u00e9 o dia&nbsp;<strong>16\/8<\/strong>, com a exposi\u00e7\u00e3o&nbsp;<strong>Frestas &#8211; Trienal de Artes: do caminho um rezo,&nbsp;<\/strong>com curadoria de&nbsp;<strong>Khadyg&nbsp;Fares,&nbsp;Luciara&nbsp;Ribeiro e&nbsp;Naine&nbsp;Terena.<\/strong>&nbsp;<\/p>\n\n\n\n<p>O projeto \u00e9 apresentado ao p\u00fablico a partir de exposi\u00e7\u00e3o, interven\u00e7\u00f5es, performances, ocupa\u00e7\u00f5es art\u00edsticas em espa\u00e7os internos e externos \u00e0 unidade do Sesc, programas p\u00fablicos, a\u00e7\u00f5es educativas e outras atividades de diversos formatos. A 4\u00aa edi\u00e7\u00e3o d\u00e1 continuidade \u00e0s pesquisas iniciadas nas edi\u00e7\u00f5es anteriores, reconhecendo a regi\u00e3o de Sorocaba, bem como os interiores, como um territ\u00f3rio em que confluem as rela\u00e7\u00f5es art\u00edsticas e comunit\u00e1rias.&nbsp;<br><br><\/p>\n\n\n<div class=\"wp-block-image\">\n<figure class=\"aligncenter size-full is-resized\"><img loading=\"lazy\" decoding=\"async\" width=\"2048\" height=\"1365\" data-attachment-id=\"79330\" data-permalink=\"http:\/\/jornalrol.com.br\/?attachment_id=79330\" data-orig-file=\"http:\/\/jornalrol.com.br\/wp-content\/uploads\/2026\/03\/Frestas2026_Pedro-Henrique-Gomide-26.jpg\" data-orig-size=\"2048,1365\" data-comments-opened=\"1\" data-image-meta=\"{&quot;aperture&quot;:&quot;4&quot;,&quot;credit&quot;:&quot;&quot;,&quot;camera&quot;:&quot;Canon EOS RP&quot;,&quot;caption&quot;:&quot;&quot;,&quot;created_timestamp&quot;:&quot;1772032428&quot;,&quot;copyright&quot;:&quot;&quot;,&quot;focal_length&quot;:&quot;37&quot;,&quot;iso&quot;:&quot;1600&quot;,&quot;shutter_speed&quot;:&quot;0.0125&quot;,&quot;title&quot;:&quot;&quot;,&quot;orientation&quot;:&quot;0&quot;}\" data-image-title=\"Frestas2026_Pedro Henrique Gomide (26)\" data-image-description=\"\" data-image-caption=\"\" data-large-file=\"http:\/\/jornalrol.com.br\/wp-content\/uploads\/2026\/03\/Frestas2026_Pedro-Henrique-Gomide-26.jpg\" src=\"https:\/\/jornalrol.com.br\/wp-content\/uploads\/2026\/03\/Frestas2026_Pedro-Henrique-Gomide-26.jpg\" alt=\"\" class=\"wp-image-79330\" style=\"aspect-ratio:1.500418643594753;width:642px;height:auto\" srcset=\"http:\/\/jornalrol.com.br\/wp-content\/uploads\/2026\/03\/Frestas2026_Pedro-Henrique-Gomide-26.jpg 2048w, http:\/\/jornalrol.com.br\/wp-content\/uploads\/2026\/03\/Frestas2026_Pedro-Henrique-Gomide-26-1200x800.jpg 1200w, http:\/\/jornalrol.com.br\/wp-content\/uploads\/2026\/03\/Frestas2026_Pedro-Henrique-Gomide-26-768x512.jpg 768w, http:\/\/jornalrol.com.br\/wp-content\/uploads\/2026\/03\/Frestas2026_Pedro-Henrique-Gomide-26-1536x1024.jpg 1536w\" sizes=\"auto, (max-width: 2048px) 100vw, 2048px\" \/><figcaption class=\"wp-element-caption\"><em>Frestas &#8211; Trienal de Artes: do caminho um rezo<\/em> &#8211; <em>Foto por Henrique Gomide<\/em><\/figcaption><\/figure>\n<\/div>\n\n\n<p><strong>Ter\u00e7as a sextas, das 9h \u00e0s 21h30; s\u00e1bados 10h \u00e0s 20h. Domingos e feriados, das 10h \u00e0s 18h30<\/strong>. Classifica\u00e7\u00e3o 12 anos. Gr\u00e1tis.\u202f&nbsp;<\/p>\n\n\n\n<p>Em paralelo com as atividades que acontecem na unidade, o Sesc Sorocaba tamb\u00e9m estar\u00e1 presente nas cidades de&nbsp;<strong>S\u00e3o Roque&nbsp;<\/strong>(s\u00e1bado, dia&nbsp;21\/3) e&nbsp;<strong>Itu&nbsp;<\/strong>(domingo,&nbsp;22\/3), com o&nbsp;<strong>Circuito Sesc de Artes 2026<\/strong>. &nbsp;<\/p>\n\n\n\n<p>Com&nbsp;atividades&nbsp;nas \u00e1reas de m\u00fasica, dan\u00e7a, circo, teatro, cinema, literatura, artes visuais e tecnologias, levando&nbsp;uma programa\u00e7\u00e3o gratuita com espet\u00e1culos, interven\u00e7\u00f5es, media\u00e7\u00f5es de leitura e oficinas. Confira&nbsp;em&nbsp;<a rel=\"noreferrer noopener\" href=\"https:\/\/sescsp.org.br\/circuitosescdeartes\" target=\"_blank\">sescsp.org.br\/circuitosescdeartes<\/a>&nbsp;<\/p>\n\n\n\n<p>Confira mais sobre essas e outras atividades da programa\u00e7\u00e3o do Sesc Sorocaba em&nbsp;<a rel=\"noreferrer noopener\" href=\"http:\/\/sescsp.org.br\/sorocaba\" target=\"_blank\">sescsp.org.br\/sorocaba.<\/a>&nbsp;&nbsp;&nbsp;&nbsp;<\/p>\n\n\n\n<h3 class=\"wp-block-heading\">Servi\u00e7o<\/h3>\n\n\n\n<p><strong>M\u00daSICA &#8211; FRESTAS<\/strong>&nbsp;<\/p>\n\n\n\n<p><strong>As Pastoras do Ros\u00e1rio<\/strong>&nbsp;<\/p>\n\n\n\n<p>Sexta, dia 20\/3, \u00e0s 20h.&nbsp;<\/p>\n\n\n\n<p>Lugares limitados. Classifica\u00e7\u00e3o livre.&nbsp;<\/p>\n\n\n\n<p>R$ 50,00 | R$ 25,00 | R$ 15,00.&nbsp;<\/p>\n\n\n\n<p><strong>VIV\u00caNCIA<\/strong>&nbsp;<\/p>\n\n\n\n<p><strong>Clube do sorriso<\/strong>&nbsp;<\/p>\n\n\n\n<p>S\u00e1bado, dia 21\/3,&nbsp;10h30 \u00e0s 12h&nbsp;(Turma 1)&nbsp;e&nbsp;14h \u00e0s 15h30&nbsp;(Turma 2).&nbsp;<\/p>\n\n\n\n<p>Classifica\u00e7\u00e3o de&nbsp;2 a 10 anos.&nbsp;Gr\u00e1tis.&nbsp;Vagas limitadas.&nbsp;<\/p>\n\n\n\n<p>Retirada de senhas com 30 minutos de anteced\u00eancia.&nbsp;<\/p>\n\n\n\n<p><strong>CIRCO INFANTIL &#8211; MULHERIA<\/strong>&nbsp;<\/p>\n\n\n\n<p><strong>A casa da palha\u00e7a<\/strong>&nbsp;<\/p>\n\n\n\n<p>S\u00e1bado, dia 21\/3, \u00e0s 16h.&nbsp;<\/p>\n\n\n\n<p>Classifica\u00e7\u00e3o livre.&nbsp;Gr\u00e1tis.&nbsp;<\/p>\n\n\n\n<p>Para assistir \u00e9 s\u00f3 chegar.&nbsp;<\/p>\n\n\n\n<p><strong>TEATRO&nbsp;\u2013&nbsp;MULHERIA<\/strong>&nbsp;<\/p>\n\n\n\n<p><strong>Eu sou Thelma e ela \u00e9 minha Louise<\/strong>&nbsp;<\/p>\n\n\n\n<p>S\u00e1bado, dia 21\/3, \u00e0s 20h.&nbsp;<\/p>\n\n\n\n<p>Lugares limitados. Classifica\u00e7\u00e3o 16 anos.&nbsp;<\/p>\n\n\n\n<p>R$ 50,00 | R$ 25,00 | R$ 15,00.&nbsp;<\/p>\n\n\n\n<p><strong>MUSICAL INFANTIL<\/strong>&nbsp;<\/p>\n\n\n\n<p><strong>Revoada cantante<\/strong>&nbsp;<\/p>\n\n\n\n<p>Domingo, dia&nbsp;22\/3, \u00e0s 16h.&nbsp;<\/p>\n\n\n\n<p>Lugares limitados.&nbsp;Classifica\u00e7\u00e3o livre. &nbsp;<\/p>\n\n\n\n<p>R$ 40,00 | R$ 20,00 | R$ 12,00 | Gr\u00e1tis para crian\u00e7as at\u00e9 12 anos.&nbsp;<\/p>\n\n\n\n<p><strong>M\u00daSICA &#8211; MULHERIA<\/strong>&nbsp;<\/p>\n\n\n\n<p><strong>J\u00e9ssica e Juliana<\/strong>&nbsp;<\/p>\n\n\n\n<p>Domingo, dia 22\/3, \u00e0s 17h.&nbsp;<\/p>\n\n\n\n<p>Classifica\u00e7\u00e3o livre.&nbsp;Gr\u00e1tis.&nbsp;<\/p>\n\n\n\n<p>Para assistir \u00e9 s\u00f3 chegar.&nbsp;<\/p>\n\n\n\n<p><strong>ARTES VISUAIS<\/strong>&nbsp;<\/p>\n\n\n\n<p><strong>Frestas &#8211; Trienal de Artes: do caminho um rezo<\/strong>&nbsp;<br>At\u00e9 dia 16\/8, ter\u00e7as a sextas, das 9h \u00e0s 21h30; s\u00e1bados 10h \u00e0s 20h. Domingos e feriados, das 10h \u00e0s 18h30&nbsp;<\/p>\n\n\n\n<p>Classifica\u00e7\u00e3o 12 anos. Gr\u00e1tis.&nbsp;<\/p>\n\n\n\n<p><strong>Sesc Sorocaba\u202f\u202f\u202f\u202f\u202f<\/strong>\u202f&nbsp;<\/p>\n\n\n\n<p>Rua Bar\u00e3o de Piratininga, 555 \u2013 Jardim Faculdade.\u202f\u202f\u202f\u202f\u202f\u202f&nbsp;<\/p>\n\n\n\n<p>Fone: (15) 3332-9933.\u202f\u202f\u202f\u202f&nbsp;<\/p>\n\n\n\n<p><strong>Prefira o transporte p\u00fablico<\/strong>&nbsp;<\/p>\n\n\n\n<p><strong>Terminal S\u00e3o Paulo<\/strong>&nbsp;<\/p>\n\n\n\n<p>Linha 13: Santa Izabel\/ Jd. Europa&nbsp;<\/p>\n\n\n\n<p>Linha 71: Campolim via Raposo Tavares&nbsp;<\/p>\n\n\n\n<p><strong>Terminal Santo Ant\u00f4nio<\/strong>&nbsp;<\/p>\n\n\n\n<p>Linha 65: Campolim&nbsp;<\/p>\n\n\n\n<p><strong>BRT<\/strong>&nbsp;<\/p>\n\n\n\n<p>Linha D200: Terminal Vit\u00f3ria R\u00e9gia\/ Campolim&nbsp;<\/p>\n\n\n\n<p><strong>+ informa\u00e7\u00f5es\u202f&nbsp;<\/strong><\/p>\n\n\n\n<p><a href=\"http:\/\/facebook.com\/sescsorocaba\" target=\"_blank\" rel=\"noreferrer noopener\">facebook.com\/sescsorocaba<\/a>&nbsp;<br><a href=\"http:\/\/instagram.com\/sescsorocaba\" target=\"_blank\" rel=\"noreferrer noopener\">instagram.com\/sescsorocaba<\/a>&nbsp;<br><a href=\"http:\/\/youtube.com\/sescsorocaba\" target=\"_blank\" rel=\"noreferrer noopener\">youtube.com\/sescsorocaba<\/a>&nbsp;<br><a href=\"http:\/\/sescsp.org.br\/sorocaba\" target=\"_blank\" rel=\"noreferrer noopener\">sescsp.org.br\/sorocaba<\/a>&nbsp;<\/p>\n\n\n\n<p><a href=\"http:\/\/jornalrol.com.br\/\" title=\"Voltar\">Voltar<\/a><\/p>\n\n\n\n<p><a href=\"https:\/www.facebook.com\/JCulturalrol\/\" title=\"Facebook\">Facebook<\/a><\/p>\n","protected":false},"excerpt":{"rendered":"<p>O Sesc Sorocaba recebe neste final de semana uma programa\u00e7\u00e3o variada, com m\u00fasica, teatro, circo e atividades voltadas ao p\u00fablico infantil. As atra\u00e7\u00f5es&#8230; <\/p>\n","protected":false},"author":6,"featured_media":79324,"comment_status":"open","ping_status":"closed","sticky":false,"template":"","format":"standard","meta":{"_jetpack_newsletter_access":"","_jetpack_dont_email_post_to_subs":false,"_jetpack_newsletter_tier_id":0,"_jetpack_memberships_contains_paywalled_content":false,"_jetpack_memberships_contains_paid_content":false,"footnotes":""},"categories":[9286,12230,11334],"tags":[16445,16443,7133,16444,7911],"class_list":["post-79322","post","type-post","status-publish","format-standard","has-post-thumbnail","hentry","category-arte","category-circo","category-teatro","tag-clube-do-sorriso","tag-frestas-trienal-de-artes-2","tag-programacao","tag-projeto-mulheria-2","tag-sesc"],"aioseo_notices":[],"views":347,"jetpack_featured_media_url":"http:\/\/jornalrol.com.br\/wp-content\/uploads\/2026\/03\/Pastoras_do_RosaI_rio___Foto_Cassandra_Melo_2025-11-12-16-08-0.jpg","jetpack_sharing_enabled":true,"jetpack_likes_enabled":true,"jetpack-related-posts":[{"id":4950,"url":"http:\/\/jornalrol.com.br\/?p=4950","url_meta":{"origin":79322,"position":0},"title":"Virada Cultural Paulista 2016 acontece no Sesc Sorocaba","author":"Helio Rubens","date":"16 de maio de 2016","format":false,"excerpt":"Dentre a programa\u00e7\u00e3o est\u00e1 a apresenta\u00e7\u00e3o do artista Siba com ritmos do Maracatu\u00a0e encena\u00e7\u00f5es das Cias. O Que de Que e Suno \u00a0 \u00a0\u00a0\u00a0\u00a0\u00a0\u00a0\u00a0\u00a0\u00a0\u00a0\u00a0\u00a0\u00a0\u00a0\u00a0\u00a0\u00a0\u00a0 Durante os dias 14 e 15\/05, o Sesc Sorocaba abre suas portas para a 10\u00ba edi\u00e7\u00e3o Virada Cultural Paulista, evento realizado pelo Governo do Estado de\u2026","rel":"","context":"Em &quot;Comunica\u00e7\u00e3o&quot;","block_context":{"text":"Comunica\u00e7\u00e3o","link":"http:\/\/jornalrol.com.br\/?cat=7"},"img":{"alt_text":"","src":"","width":0,"height":0},"classes":[]},{"id":10094,"url":"http:\/\/jornalrol.com.br\/?p=10094","url_meta":{"origin":79322,"position":1},"title":"Saiu na TV TEM: &#039;Circuito Sesc de Artes traz m\u00fasica, cinema e artes para Itapetininga e regi\u00e3o&#039;","author":"Helio Rubens","date":"6 de maio de 2017","format":false,"excerpt":"Projeto acontece neste final de semana em Itapetininga, Boituva e Tiet\u00ea (SP). Atividades s\u00e3o gratuitas e livres para todos os p\u00fablicos \u00a0 foto: Circuito Sesc de Artes se apresenta em Itapetininga, Boituva e Tiet\u00ea (Foto: Divulga\u00e7\u00e3o\/Sesc) O Circuito Sesc de Artes traz m\u00fasica, dan\u00e7a, teatro, circo, cinema, artes visuais e\u2026","rel":"","context":"Em &quot;Comunica\u00e7\u00e3o&quot;","block_context":{"text":"Comunica\u00e7\u00e3o","link":"http:\/\/jornalrol.com.br\/?cat=7"},"img":{"alt_text":"Circuito Sesc de Artes se apresenta em Itapetininga, Boituva e Tiet\u00ea (Foto: Divulga\u00e7\u00e3o\/Sesc)","src":"https:\/\/i0.wp.com\/s2.glbimg.com\/MyH8sFAtGV096xY6cdnv6pGdzzA%3D\/0x0%3A1700x1133\/984x0\/smart\/filters%3Astrip_icc%28%29\/i.s3.glbimg.com\/v1\/AUTH_59edd422c0c84a879bd37670ae4f538a\/internal_photos\/bs\/2017\/8\/2\/buBOueRFyypU5Rdmi8aw\/sesc.jpg?resize=350%2C200","width":350,"height":200},"classes":[]},{"id":52085,"url":"http:\/\/jornalrol.com.br\/?p=52085","url_meta":{"origin":79322,"position":2},"title":"Confira os destaques da programa\u00e7\u00e3o do Sesc Sorocaba em outubro","author":"Veronica Moreira","date":"29 de setembro de 2022","format":false,"excerpt":"\u00a0A programa\u00e7\u00e3o conta com apresenta\u00e7\u00f5es circenses, shows\u00a0musicais,\u00a0espet\u00e1culos teatrais, oficinas sobre alimenta\u00e7\u00e3o e muito mais O Sesc Sorocaba\u00a0promove ao longo do m\u00eas de outubro uma sele\u00e7\u00e3o de atividades que abrangem as mais diversas linguagens e faixas et\u00e1rias. A programa\u00e7\u00e3o conta com apresenta\u00e7\u00f5es circenses, shows\u00a0musicais,\u00a0espet\u00e1culos teatrais, oficinas sobre alimenta\u00e7\u00e3o e muito mais\u00a0\u2026","rel":"","context":"Em &quot;Comunica\u00e7\u00e3o&quot;","block_context":{"text":"Comunica\u00e7\u00e3o","link":"http:\/\/jornalrol.com.br\/?cat=7"},"img":{"alt_text":"","src":"https:\/\/i0.wp.com\/jornalrol.com.br\/wp-content\/uploads\/2022\/09\/Versao_Brasileira___Dado_Guerra24_2022-09-09-10-18-20-1.jpg?resize=350%2C200","width":350,"height":200,"srcset":"https:\/\/i0.wp.com\/jornalrol.com.br\/wp-content\/uploads\/2022\/09\/Versao_Brasileira___Dado_Guerra24_2022-09-09-10-18-20-1.jpg?resize=350%2C200 1x, https:\/\/i0.wp.com\/jornalrol.com.br\/wp-content\/uploads\/2022\/09\/Versao_Brasileira___Dado_Guerra24_2022-09-09-10-18-20-1.jpg?resize=525%2C300 1.5x"},"classes":[]},{"id":79986,"url":"http:\/\/jornalrol.com.br\/?p=79986","url_meta":{"origin":79322,"position":3},"title":"Mulheres que sonham mudar o mundo","author":"Sergio Diniz da Costa","date":"10 de abril de 2026","format":false,"excerpt":"A programa\u00e7\u00e3o do final de semana no Sesc Sorocaba re\u00fane atividades para diferentes p\u00fablicos, com destaque para as a\u00e7\u00f5es do Festival da Cultura Surda...","rel":"","context":"Em &quot;Arte&quot;","block_context":{"text":"Arte","link":"http:\/\/jornalrol.com.br\/?cat=9286"},"img":{"alt_text":"Cena do espet\u00e1culo 'Mulheres que sonham mudar o mundo' - Foto de Ricardo Oba","src":"https:\/\/i0.wp.com\/jornalrol.com.br\/wp-content\/uploads\/2026\/04\/Fotos-de-Ricardo-Oba-2.jpg?resize=350%2C200","width":350,"height":200,"srcset":"https:\/\/i0.wp.com\/jornalrol.com.br\/wp-content\/uploads\/2026\/04\/Fotos-de-Ricardo-Oba-2.jpg?resize=350%2C200 1x, https:\/\/i0.wp.com\/jornalrol.com.br\/wp-content\/uploads\/2026\/04\/Fotos-de-Ricardo-Oba-2.jpg?resize=525%2C300 1.5x, https:\/\/i0.wp.com\/jornalrol.com.br\/wp-content\/uploads\/2026\/04\/Fotos-de-Ricardo-Oba-2.jpg?resize=700%2C400 2x, https:\/\/i0.wp.com\/jornalrol.com.br\/wp-content\/uploads\/2026\/04\/Fotos-de-Ricardo-Oba-2.jpg?resize=1050%2C600 3x, https:\/\/i0.wp.com\/jornalrol.com.br\/wp-content\/uploads\/2026\/04\/Fotos-de-Ricardo-Oba-2.jpg?resize=1400%2C800 4x"},"classes":[]},{"id":13946,"url":"http:\/\/jornalrol.com.br\/?p=13946","url_meta":{"origin":79322,"position":4},"title":"Sesc Sorocaba apresenta amanh\u00e3 (domingo), \u00e0s 16h, a pe\u00e7a infantil &#039;A Viagem de Luz&#039;","author":"Sergio Diniz da Costa","date":"21 de outubro de 2017","format":false,"excerpt":"'A Viagem de Luz' traz como protagonista Luz, uma menina curiosa e inquieta que mora num casar\u00e3o longe da cidade \u00a0 No fim de semana dos dias 21 e 22 de outubro, o\u00a0Sesc Sorocaba\u00a0preparou uma programa\u00e7\u00e3o recheada de atividades e atra\u00e7\u00f5es para as crian\u00e7as na Unidade. Dia 22 (domingo), \u00e0s\u2026","rel":"","context":"Em &quot;Comunica\u00e7\u00e3o&quot;","block_context":{"text":"Comunica\u00e7\u00e3o","link":"http:\/\/jornalrol.com.br\/?cat=7"},"img":{"alt_text":"","src":"https:\/\/i0.wp.com\/www.jornalrol.com.br\/wp-content\/uploads\/2017\/10\/A-Viagem-de-Luz-300x178.jpg?resize=350%2C200","width":350,"height":200},"classes":[]},{"id":54382,"url":"http:\/\/jornalrol.com.br\/?p=54382","url_meta":{"origin":79322,"position":5},"title":"Sesc Sorocaba apresenta espet\u00e1culos c\u00eanicos em suas diversas linguagens","author":"Veronica Moreira","date":"30 de mar\u00e7o de 2023","format":false,"excerpt":"O\u00a0Sesc\u00a0Sorocaba traz programa\u00e7\u00e3o c\u00eanica diversificada nas noites dos finais de semana de\u00a0abril. As apresenta\u00e7\u00f5es acontecem no teatro\u00a0e\u00a0gin\u00e1sio\u00a0do\u00a0Sesc, com lugares limitados No dia\u00a08\/4, s\u00e1bado \u00e0s 20h, a Cia. Gente apresenta\u00a0o espet\u00e1culo\u00a0V\u00edrgula.\u00a0A obra \u00e9\u00a0escrita\u00a0e dirigida pelo dramaturgo e antrop\u00f3logo\u00a0Paulo Em\u00edlio Azevedo\u00a0e\u00a0traz em cena nove int\u00e9rpretes-criadores que se comunicam por meio de gestos,\u2026","rel":"","context":"Em &quot;Comunica\u00e7\u00e3o&quot;","block_context":{"text":"Comunica\u00e7\u00e3o","link":"http:\/\/jornalrol.com.br\/?cat=7"},"img":{"alt_text":"","src":"https:\/\/i0.wp.com\/jornalrol.com.br\/wp-content\/uploads\/2023\/03\/sesc-cadeira.png?resize=350%2C200","width":350,"height":200,"srcset":"https:\/\/i0.wp.com\/jornalrol.com.br\/wp-content\/uploads\/2023\/03\/sesc-cadeira.png?resize=350%2C200 1x, https:\/\/i0.wp.com\/jornalrol.com.br\/wp-content\/uploads\/2023\/03\/sesc-cadeira.png?resize=525%2C300 1.5x, https:\/\/i0.wp.com\/jornalrol.com.br\/wp-content\/uploads\/2023\/03\/sesc-cadeira.png?resize=700%2C400 2x"},"classes":[]}],"_links":{"self":[{"href":"http:\/\/jornalrol.com.br\/index.php?rest_route=\/wp\/v2\/posts\/79322","targetHints":{"allow":["GET"]}}],"collection":[{"href":"http:\/\/jornalrol.com.br\/index.php?rest_route=\/wp\/v2\/posts"}],"about":[{"href":"http:\/\/jornalrol.com.br\/index.php?rest_route=\/wp\/v2\/types\/post"}],"author":[{"embeddable":true,"href":"http:\/\/jornalrol.com.br\/index.php?rest_route=\/wp\/v2\/users\/6"}],"replies":[{"embeddable":true,"href":"http:\/\/jornalrol.com.br\/index.php?rest_route=%2Fwp%2Fv2%2Fcomments&post=79322"}],"version-history":[{"count":3,"href":"http:\/\/jornalrol.com.br\/index.php?rest_route=\/wp\/v2\/posts\/79322\/revisions"}],"predecessor-version":[{"id":79334,"href":"http:\/\/jornalrol.com.br\/index.php?rest_route=\/wp\/v2\/posts\/79322\/revisions\/79334"}],"wp:featuredmedia":[{"embeddable":true,"href":"http:\/\/jornalrol.com.br\/index.php?rest_route=\/wp\/v2\/media\/79324"}],"wp:attachment":[{"href":"http:\/\/jornalrol.com.br\/index.php?rest_route=%2Fwp%2Fv2%2Fmedia&parent=79322"}],"wp:term":[{"taxonomy":"category","embeddable":true,"href":"http:\/\/jornalrol.com.br\/index.php?rest_route=%2Fwp%2Fv2%2Fcategories&post=79322"},{"taxonomy":"post_tag","embeddable":true,"href":"http:\/\/jornalrol.com.br\/index.php?rest_route=%2Fwp%2Fv2%2Ftags&post=79322"}],"curies":[{"name":"wp","href":"https:\/\/api.w.org\/{rel}","templated":true}]}}