{"id":79346,"date":"2026-03-18T19:52:27","date_gmt":"2026-03-18T22:52:27","guid":{"rendered":"https:\/\/jornalrol.com.br\/?p=79346"},"modified":"2026-03-18T21:33:48","modified_gmt":"2026-03-19T00:33:48","slug":"violencia-contra-a-mulher-retratada-nas-literaturas","status":"publish","type":"post","link":"http:\/\/jornalrol.com.br\/?p=79346","title":{"rendered":"Viol\u00eancia contra a mulher"},"content":{"rendered":"<div class=\"pdfprnt-buttons pdfprnt-buttons-post pdfprnt-top-right\"><a href=\"http:\/\/jornalrol.com.br\/index.php?rest_route=%2Fwp%2Fv2%2Fposts%2F79346&print=pdf\" class=\"pdfprnt-button pdfprnt-button-pdf\" target=\"_blank\" ><\/a><a href=\"http:\/\/jornalrol.com.br\/index.php?rest_route=%2Fwp%2Fv2%2Fposts%2F79346&print=print\" class=\"pdfprnt-button pdfprnt-button-print\" target=\"_blank\" ><img decoding=\"async\" src=\"https:\/\/jornalrol.com.br\/wp-content\/plugins\/pdf-print\/images\/print.png\" alt=\"image_print\" title=\"Conte\u00fado de impress\u00e3o\" \/><\/a><\/div>\n<h2 class=\"wp-block-heading has-text-align-center\">Renata Barcellos<br><br> &#8216;Viol\u00eancia contra a mulher retratada nas literaturas&#8217;<br><br><\/h2>\n\n\n<div class=\"wp-block-image is-style-rounded\">\n<figure class=\"aligncenter size-full is-resized\"><img loading=\"lazy\" decoding=\"async\" width=\"293\" height=\"344\" data-attachment-id=\"74905\" data-permalink=\"http:\/\/jornalrol.com.br\/?attachment_id=74905\" data-orig-file=\"http:\/\/jornalrol.com.br\/wp-content\/uploads\/2025\/08\/RSB2.jpeg\" data-orig-size=\"293,344\" data-comments-opened=\"1\" data-image-meta=\"{&quot;aperture&quot;:&quot;0&quot;,&quot;credit&quot;:&quot;&quot;,&quot;camera&quot;:&quot;&quot;,&quot;caption&quot;:&quot;&quot;,&quot;created_timestamp&quot;:&quot;0&quot;,&quot;copyright&quot;:&quot;&quot;,&quot;focal_length&quot;:&quot;0&quot;,&quot;iso&quot;:&quot;0&quot;,&quot;shutter_speed&quot;:&quot;0&quot;,&quot;title&quot;:&quot;&quot;,&quot;orientation&quot;:&quot;0&quot;}\" data-image-title=\"RSB2\" data-image-description=\"&lt;p&gt;Renata Barcellos&lt;\/p&gt;\n\" data-image-caption=\"&lt;p&gt;Renata Barcellos&lt;\/p&gt;\n\" data-large-file=\"http:\/\/jornalrol.com.br\/wp-content\/uploads\/2025\/08\/RSB2.jpeg\" src=\"http:\/\/jornalrol.com.br\/wp-content\/uploads\/2025\/08\/RSB2.jpeg\" alt=\"Renata Barcellos\" class=\"wp-image-74905\" style=\"aspect-ratio:0.8517374517374517;width:167px;height:auto\"\/><figcaption class=\"wp-element-caption\">Renata Barcellos<\/figcaption><\/figure>\n<\/div>\n\n<div class=\"wp-block-image\">\n<figure class=\"aligncenter size-full is-resized\"><img loading=\"lazy\" decoding=\"async\" width=\"1024\" height=\"1536\" data-attachment-id=\"79355\" data-permalink=\"http:\/\/jornalrol.com.br\/?attachment_id=79355\" data-orig-file=\"http:\/\/jornalrol.com.br\/wp-content\/uploads\/2026\/03\/e475a65c-03f2-4a3b-a131-59b05a75475d.jpg\" data-orig-size=\"1024,1536\" data-comments-opened=\"1\" data-image-meta=\"{&quot;aperture&quot;:&quot;0&quot;,&quot;credit&quot;:&quot;&quot;,&quot;camera&quot;:&quot;&quot;,&quot;caption&quot;:&quot;&quot;,&quot;created_timestamp&quot;:&quot;0&quot;,&quot;copyright&quot;:&quot;&quot;,&quot;focal_length&quot;:&quot;0&quot;,&quot;iso&quot;:&quot;0&quot;,&quot;shutter_speed&quot;:&quot;0&quot;,&quot;title&quot;:&quot;&quot;,&quot;orientation&quot;:&quot;0&quot;}\" data-image-title=\"e475a65c-03f2-4a3b-a131-59b05a75475d\" data-image-description=\"\" data-image-caption=\"\" data-large-file=\"http:\/\/jornalrol.com.br\/wp-content\/uploads\/2026\/03\/e475a65c-03f2-4a3b-a131-59b05a75475d.jpg\" src=\"https:\/\/jornalrol.com.br\/wp-content\/uploads\/2026\/03\/e475a65c-03f2-4a3b-a131-59b05a75475d.jpg\" alt=\"Imagem gerada por IA do ChatGPT - https:\/\/chatgpt.com\/c\/69bb3e90-7964-83e9-9000-fb352dba428b\" class=\"wp-image-79355\" style=\"aspect-ratio:0.6666574317772545;width:332px;height:auto\" srcset=\"http:\/\/jornalrol.com.br\/wp-content\/uploads\/2026\/03\/e475a65c-03f2-4a3b-a131-59b05a75475d.jpg 1024w, http:\/\/jornalrol.com.br\/wp-content\/uploads\/2026\/03\/e475a65c-03f2-4a3b-a131-59b05a75475d-800x1200.jpg 800w, http:\/\/jornalrol.com.br\/wp-content\/uploads\/2026\/03\/e475a65c-03f2-4a3b-a131-59b05a75475d-768x1152.jpg 768w\" sizes=\"auto, (max-width: 1024px) 100vw, 1024px\" \/><figcaption class=\"wp-element-caption\"><em>Imagem gerada por IA do ChatGPT &#8211; https:\/\/chatgpt.com\/c\/69bb3e90-7964-83e9-9000-fb352dba428b<\/em><\/figcaption><\/figure>\n<\/div>\n\n\n<p class=\"has-drop-cap\">Se as literaturas retratam o homem no seu tempo, na contemporaneidade, um dos temas \u00e9 a viol\u00eancia contra a mulher. Conforme Ezra Pound (2006,p.36): \u201c[&#8230;] se a literatura de uma na\u00e7\u00e3o entra em decl\u00ednio a na\u00e7\u00e3o se atrofia e de cai\u201d. Isso significa que esta express\u00e3o art\u00edstica \u00e9, enquanto manifesta\u00e7\u00e3o dos homens, uma forma de comunica\u00e7\u00e3o. Talvez n\u00e3o haja equil\u00edbrio social.<\/p>\n\n\n\n<p>J\u00e1 de acordo Antonio Candido no ensaio <strong>O direito \u00e0 literatura<\/strong>, as literaturas, assim como o sonho (essencial para o equil\u00edbrio ps\u00edquico individual), s\u00e3o uma necessidade universal e fundamental para a humaniza\u00e7\u00e3o do homem. O autor defende que o acesso a elas deve ser um direito garantido a todos, pois contribuem para a coes\u00e3o social e a humaniza\u00e7\u00e3o, combatendo o caos e a desumaniza\u00e7\u00e3o.<\/p>\n\n\n\n<p>Um dos textos liter\u00e1rios que aborda o feminic\u00eddio \u00e9 o conto <strong>Venha ver o p\u00f4r do sol<\/strong> de Lygia Fagundes Telles cuja hist\u00f3ria \u00e9 de Ricardo e de Raquel, um casal de ex-namorados que vivencia um \u00faltimo encontro em um cemit\u00e9rio abandonado.&nbsp;Vale a pena conferir!!!<\/p>\n\n\n\n<p>No Brasil, segundo dados oriundos do anu\u00e1rio Brasileiro de Seguran\u00e7a P\u00fablica e relat\u00f3rios de \u00f3rg\u00e3os federais, uma mulher \u00e9 estuprada a cada 6 ou 8 minutos, no Brasil. Cabe ressaltar que essa informa\u00e7\u00e3o \u00e9 baseada apenas nos casos oficialmente registrados. Quantos ainda n\u00e3o o foram? Denuncie!!!! Nunca \u00e9 tarde!!! Ligue <strong>190 (Pol\u00edcia Militar), 180 (Ligue 180 \/ Central de Atendimento \u00e0 Mulher) ou 100 (Disque Direitos Humanos). N\u00e3o se cale!!!<\/strong><\/p>\n\n\n\n<p>Em maio de 2016, no Rio de Janeiro, a barb\u00e1rie contra uma jovem de 16 anos causou horror \u00e0 sociedade brasileira. A adolescente foi violentada por 30 homens e a divulga\u00e7\u00e3o do ato foi feita pelos pr\u00f3prios estupradores. Antes deste caso e at\u00e9 na atualidade, quantos MAIS n\u00e3o ocorreram? Dez anos depois, recentemente, uma de 17 anos foi atacada por 4 homens. O que est\u00e1 acontecendo no mundo?<\/p>\n\n\n\n<p>Vale ressaltar que, na cr\u00f4nica:<strong>&nbsp;N\u00e3o as matem, de Lima Barreto (<\/strong>pr\u00e9-modernista), h\u00e1 a den\u00fancia do autor de que o homem se julga no poder de aniquilar a vontade da mulher. Isso foi redigido a mais de um s\u00e9culo. A narrativa transcendeu o seu pr\u00f3prio tempo, porque o conte\u00fado da obra ainda se mant\u00e9m atual, infelizmente. Ao tratar deste assunto, Barreto esteve \u00e0 frente da Justi\u00e7a brasileira no sentido de elucidar a raz\u00e3o do uso da for\u00e7a e da viol\u00eancia contra a mulher.<\/p>\n\n\n\n<p>Na contemporaneidade, de forma avassaladora, a\u00e7\u00f5es cru\u00e9is s\u00f3 aumentam. Quais s\u00e3o os fatores que levam a tais pr\u00e1ticas? Como acabar com estes atos b\u00e1rbaros? Conforme anu\u00e1rio Brasileiro de Seguran\u00e7a P\u00fablica e relat\u00f3rios de \u00f3rg\u00e3os federais:<\/p>\n\n\n\n<ul class=\"wp-block-list\">\n<li><strong>Recorde de Casos:<\/strong>&nbsp;Brasil registrou mais de 83 mil casos de estupro (incluindo vulner\u00e1veis) em 2025, um n\u00famero que segue em patamares elevados ap\u00f3s recordes anteriores.<br><br><\/li>\n\n\n\n<li><strong>Estupro de Vulner\u00e1vel:<\/strong>&nbsp;cerca de 70% a 76% dos casos registrados envolvem v\u00edtimas menores de 14 anos ou sem capacidade de consentimento.<br><br><\/li>\n\n\n\n<li><strong>Frequ\u00eancia:<\/strong>&nbsp;estima-se que ocorra um estupro a cada 6 ou 8 minutos, no Brasil, segundo dados de 2023-2025.<br><br><\/li>\n\n\n\n<li><strong>Dados de 2025:<\/strong>&nbsp;pr\u00e9via de dados do Minist\u00e9rio da Justi\u00e7a indicou mais de 83 mil casos, com uma m\u00e9dia de 227 v\u00edtimas por dia.<br><br><\/li>\n\n\n\n<li><strong>Tend\u00eancia de Aumento:<\/strong>&nbsp;em um per\u00edodo de 10 anos (at\u00e9 2025), a quantidade de estupros aumentou expressivamente, chegando a mais de 70% de alta no acumulado.<\/li>\n<\/ul>\n\n\n\n<p><strong>Perfil das V\u00edtimas e Agressores<\/strong><\/p>\n\n\n\n<ul class=\"wp-block-list\">\n<li><strong>Estupro de Vulner\u00e1vel:<\/strong>&nbsp;cerca de&nbsp;<strong>70% a 76%<\/strong>&nbsp;dos casos registrados s\u00e3o de estupro de vulner\u00e1vel, que envolve v\u00edtimas menores de 14 anos ou sem capacidade de consentimento.<br><br><\/li>\n\n\n\n<li><strong>Idade:<\/strong>&nbsp;a maioria das v\u00edtimas \u00e9 muito jovem. Dados mostram que&nbsp;<strong>6 em cada 10 v\u00edtimas t\u00eam at\u00e9 13 anos<\/strong>.<br><br><\/li>\n\n\n\n<li><strong>G\u00eanero:<\/strong>&nbsp;<strong>88,7%<\/strong>&nbsp;das v\u00edtimas s\u00e3o do sexo feminino.<br><br><\/li>\n\n\n\n<li><strong>Local e Agressor:<\/strong>&nbsp;a maior parte dos crimes ocorre dentro de casa. Cerca de&nbsp;<strong>70% a 86% dos casos<\/strong>&nbsp;s\u00e3o praticados por conhecidos, familiares, pais ou padrastos.<br><br><\/li>\n\n\n\n<li><strong>Crian\u00e7as\/Adolescentes:<\/strong>&nbsp;de 2021 a 2023, foram registrados 164.199 casos de estupro contra crian\u00e7as e adolescentes de 0 a 19 anos.<br><br><\/li>\n\n\n\n<li><strong>Perfil dos Agressores no Coletivo:<\/strong>&nbsp;em casos de m\u00faltiplos agressores, 27,7% dos autores s\u00e3o estranhos, 28,3% conhecidos, e 10,3% parentes.&nbsp;<\/li>\n<\/ul>\n\n\n\n<p>Isso ocorre mesmo havendo legisla\u00e7\u00e3o como a <strong>Lei Maria da Penha<\/strong> criada pelo Estado brasileiro, Lei n\u00ba11.340, em 7 de agosto de 2006. J\u00e1, em 9 de mar\u00e7o de 2015 come\u00e7ou a vigorar no ordenamento jur\u00eddico brasileiro a Lei n\u00ba13.104, no qual passou a prever no C\u00f3digo Penal o crime de feminic\u00eddio. Nem assim os \u00edndices reduzem. O que est\u00e1 havendo?<\/p>\n\n\n\n<p>Dado o ocorrido, diversas discuss\u00f5es est\u00e3o em pauta: a educa\u00e7\u00e3o recebida pelos respons\u00e1veis concernente a atos que firam a dignidade feminina ou a integridade de jovens.<br>O que leva um adolescente a cometer estupro? Como as jovens t\u00eam sido orientadas para se defenderem? Ser\u00e1 que vivemos em uma cultura do estupro?&#8230;<\/p>\n\n\n\n<p>A express\u00e3o \u201ccultura do estupro\u201d n\u00e3o \u00e9 nova. Entrou em uso nas ruas e nas redes sociais com os novos movimentos feministas e depois da publicidade de um estupro coletivo ocorrido em uma comunidade carioca. Ao mesmo tempo em que cresce a den\u00fancia de uma \u201ccultura do estupro\u201d, estamos caminhando para uma cultura anti-estupro.&nbsp;&nbsp;<\/p>\n\n\n\n<p>Urgem aulas de Educa\u00e7\u00e3o Sexual a fim de orientar os alunos de que n\u00e3o s\u00f3 as rela\u00e7\u00f5es sexuais sejam praticadas sob o signo do consentimento e da liberdade, da autonomia e da dignidade de cada um (uma). Mais tamb\u00e9m de que o estupro ou qualquer ato sexual violento \u00e9 inaceit\u00e1vel, porque revela um profundo desrespeito \u00e0 autonomia feminina. Estupro \u00e9 um ato violent\u00edssimo, uma invas\u00e3o ao corpo cujos efeitos s\u00e3o devastadores: depress\u00e3o, per\u00edodos longos de sil\u00eancio, descuido com o corpo, dificuldade e p\u00e2nico diante de tentativas de rela\u00e7\u00f5es afetivas e sexuais, incompreens\u00e3o, distanciamento&#8230; &nbsp;&nbsp;<\/p>\n\n\n\n<p>A tem\u00e1tica deve ser abordada nas institui\u00e7\u00f5es de ensino. A conscientiza\u00e7\u00e3o \u00e9 urgente. Cada professor na sua \u00e1rea de atua\u00e7\u00e3o deve discuti-la. Por exemplo:<\/p>\n\n\n\n<p><strong>&#8211; L\u00edngua Portuguesa e Literaturas: <\/strong>apresentar os textos liter\u00e1rios aqui citados. Nas \u00faltimas tr\u00eassemanas,ministrando estas disciplinas, propus o seguinte:<\/p>\n\n\n\n<p><strong>* na primeira semana: <\/strong>leitura da cr\u00f4nica:<strong>&nbsp;N\u00e3o as matem, de Lima Barreto<\/strong><strong>. <\/strong>Em seguida, a elabora\u00e7\u00e3o de um par\u00e1grafo sobre a tem\u00e1tica abordada.<\/p>\n\n\n\n<p><strong>* na segunda semana: <\/strong>V\u00eddeo no YouTube sobre o conto <strong>Venha ver o p\u00f4r do sol,<\/strong> de Lygia Fagundes Telles. Em seguida, justificar o t\u00edtulo e elaborar uma publicidade sobre a tem\u00e1tica abordada.<\/p>\n\n\n\n<p><strong>* na terceira semana: <\/strong>leitura do primeiro cap\u00edtulode <strong>\u00c1gua de Mortas <\/strong>(Editora Patu\u00e1, 2017)<strong>,<\/strong> pela escritora paraense&nbsp;<em><strong>Isadora Salazar<\/strong><\/em>. Neste, a tem\u00e1tica do feminic\u00eddio \u00e9 abordado.<\/p>\n\n\n\n<p>&#8211; <strong>Biologia:<\/strong> os males no corpo e na alma<\/p>\n\n\n\n<p>&#8211; <strong>Educa\u00e7\u00e3o F\u00edsica:<\/strong> defesa pessoal<\/p>\n\n\n\n<p><strong>&#8211; Hist\u00f3ria: <\/strong>legisla\u00e7\u00f5es<\/p>\n\n\n\n<p>S\u00e3o apenas algumas sugest\u00f5es. Professor, n\u00e3o tenha receio!!! Utilize sua criatividade e aborde a tem\u00e1tica!!! Diga n\u00e3o a qualquer tipo de viol\u00eancia!!! E vale ressaltar que se o professor for repreendido pela abordagem da tem\u00e1tica tamb\u00e9m \u00e9 um ATO DE VIOL\u00caNCIA!!!! Diga N\u00c3O \u00c0 FALTA DE LIBERDADE PEDAG\u00d3GICA!!!<\/p>\n\n\n\n<h3 class=\"wp-block-heading has-text-align-center\">Renata Barcellos<\/h3>\n\n\n\n<div class=\"wp-block-columns is-layout-flex wp-container-core-columns-is-layout-9d6595d7 wp-block-columns-is-layout-flex\">\n<div class=\"wp-block-column is-layout-flow wp-block-column-is-layout-flow\">\n<h3 class=\"wp-block-heading has-text-align-center has-luminous-vivid-amber-to-luminous-vivid-orange-gradient-background has-background\"><a href=\"https:\/\/www.facebook.com\/renata.barcellos74?rdid=FfPiDfZ4FSW7BVRR&amp;share_url=https%3A%2F%2Fwww.facebook.com%2Fshare%2F175qrgyvJC%2F#\" target=\"_blank\" rel=\"noopener\" title=\"Facebook\">Facebook<\/a><\/h3>\n<\/div>\n\n\n\n<div class=\"wp-block-column is-layout-flow wp-block-column-is-layout-flow\">\n<h3 class=\"wp-block-heading has-text-align-center has-luminous-vivid-amber-to-luminous-vivid-orange-gradient-background has-background\"><a href=\"https:\/\/www.instagram.com\/prof.renatabarcellos?utm_source=qr&amp;igsh=c2MxNnJraWE5NWx5\" target=\"_blank\" rel=\"noopener\" title=\"Instagram\">Instagram<\/a><\/h3>\n<\/div>\n\n\n\n<div class=\"wp-block-column is-layout-flow wp-block-column-is-layout-flow\">\n<h3 class=\"wp-block-heading has-text-align-center has-luminous-vivid-amber-to-luminous-vivid-orange-gradient-background has-background\"><a href=\"https:\/\/www.youtube.com\/@barcellartes6969\" title=\"YouTube\">YouTube<\/a><\/h3>\n<\/div>\n<\/div>\n\n\n\n<p><a href=\"http:\/\/jornalrol.com.br\/\" title=\"Voltar\">Voltar<\/a><\/p>\n\n\n\n<p><a href=\"https:\/\/www.facebook.com\/JCulturalrol\/\" title=\"Facebook\">Facebook<\/a><\/p>\n","protected":false},"excerpt":{"rendered":"<p>Se as literaturas retratam o homem no seu tempo, na contemporaneidade, um dos temas \u00e9 a viol\u00eancia contra a mulher. [&#8230;] No Brasil, segundo dados oriundos&#8230; <\/p>\n","protected":false},"author":127,"featured_media":79355,"comment_status":"open","ping_status":"closed","sticky":false,"template":"","format":"standard","meta":{"_jetpack_newsletter_access":"","_jetpack_dont_email_post_to_subs":false,"_jetpack_newsletter_tier_id":0,"_jetpack_memberships_contains_paywalled_content":false,"_jetpack_memberships_contains_paid_content":false,"footnotes":""},"categories":[9398,9285],"tags":[2881,16453,16454,8086,8799],"class_list":["post-79346","post","type-post","status-publish","format-standard","has-post-thumbnail","hentry","category-artigos","category-literatura","tag-direito","tag-humanizacao-do-homem","tag-necessidade-universal","tag-sonhos","tag-violencia-contra-a-mulher"],"aioseo_notices":[],"views":551,"jetpack_featured_media_url":"http:\/\/jornalrol.com.br\/wp-content\/uploads\/2026\/03\/e475a65c-03f2-4a3b-a131-59b05a75475d.jpg","jetpack_sharing_enabled":true,"jetpack_likes_enabled":true,"jetpack-related-posts":[{"id":78754,"url":"http:\/\/jornalrol.com.br\/?p=78754","url_meta":{"origin":79346,"position":0},"title":"Que pa\u00eds \u00e9 este?","author":"Renata da Silva de Barcellos","date":"27 de fevereiro de 2026","format":false,"excerpt":"Depois dos festejos de Reveillon e Carnaval, de fato, agora, iniciamos o ano de 2026. Ufa, em dois meses, tantos acontecimentos fora e dentro do pa\u00eds.","rel":"","context":"Em &quot;Cr\u00f4nicas&quot;","block_context":{"text":"Cr\u00f4nicas","link":"http:\/\/jornalrol.com.br\/?cat=9392"},"img":{"alt_text":"Renata Barcellos e Campos - Arquivo pessoal","src":"https:\/\/i0.wp.com\/jornalrol.com.br\/wp-content\/uploads\/2026\/02\/0193ae39-0ef1-4884-9ff3-ab5c6e3cf4f7-1.jpg?resize=350%2C200","width":350,"height":200,"srcset":"https:\/\/i0.wp.com\/jornalrol.com.br\/wp-content\/uploads\/2026\/02\/0193ae39-0ef1-4884-9ff3-ab5c6e3cf4f7-1.jpg?resize=350%2C200 1x, https:\/\/i0.wp.com\/jornalrol.com.br\/wp-content\/uploads\/2026\/02\/0193ae39-0ef1-4884-9ff3-ab5c6e3cf4f7-1.jpg?resize=525%2C300 1.5x, https:\/\/i0.wp.com\/jornalrol.com.br\/wp-content\/uploads\/2026\/02\/0193ae39-0ef1-4884-9ff3-ab5c6e3cf4f7-1.jpg?resize=700%2C400 2x"},"classes":[]},{"id":77663,"url":"http:\/\/jornalrol.com.br\/?p=77663","url_meta":{"origin":79346,"position":1},"title":"Viol\u00eancia contra a mulher","author":"Renata da Silva de Barcellos","date":"6 de janeiro de 2026","format":false,"excerpt":"Psic\u00f3loga cl\u00ednica, com atua\u00e7\u00e3o voltada \u00e0 escuta do sofrimento ps\u00edquico e das din\u00e2micas relacionais. Trabalha com mulheres em diferentes fases do ciclo de...","rel":"","context":"Em &quot;Entrevistas ROLianas&quot;","block_context":{"text":"Entrevistas ROLianas","link":"http:\/\/jornalrol.com.br\/?cat=15034"},"img":{"alt_text":"Vania Zanelli","src":"https:\/\/i0.wp.com\/jornalrol.com.br\/wp-content\/uploads\/2026\/01\/VANIZE.jpg?resize=350%2C200","width":350,"height":200,"srcset":"https:\/\/i0.wp.com\/jornalrol.com.br\/wp-content\/uploads\/2026\/01\/VANIZE.jpg?resize=350%2C200 1x, https:\/\/i0.wp.com\/jornalrol.com.br\/wp-content\/uploads\/2026\/01\/VANIZE.jpg?resize=525%2C300 1.5x, https:\/\/i0.wp.com\/jornalrol.com.br\/wp-content\/uploads\/2026\/01\/VANIZE.jpg?resize=700%2C400 2x, https:\/\/i0.wp.com\/jornalrol.com.br\/wp-content\/uploads\/2026\/01\/VANIZE.jpg?resize=1050%2C600 3x"},"classes":[]},{"id":78474,"url":"http:\/\/jornalrol.com.br\/?p=78474","url_meta":{"origin":79346,"position":2},"title":"Carnaval e viol\u00eancia contra a mulher","author":"Renata da Silva de Barcellos","date":"13 de fevereiro de 2026","format":false,"excerpt":"Provavelmente, o carnaval tem sua origem em festas pag\u00e3s, como os realizados em honra de Baco (deus do vinho), as saturnais romanas e as Lupercalia, ou...","rel":"","context":"Em &quot;Literatura&quot;","block_context":{"text":"Literatura","link":"http:\/\/jornalrol.com.br\/?cat=9285"},"img":{"alt_text":"Dra. Mery Janes Corbiceiro Fonseca - Arquivo pessoal","src":"https:\/\/i0.wp.com\/jornalrol.com.br\/wp-content\/uploads\/2026\/02\/7831c642-faae-47a1-bed9-c426b3a05641.jpg?resize=350%2C200","width":350,"height":200,"srcset":"https:\/\/i0.wp.com\/jornalrol.com.br\/wp-content\/uploads\/2026\/02\/7831c642-faae-47a1-bed9-c426b3a05641.jpg?resize=350%2C200 1x, https:\/\/i0.wp.com\/jornalrol.com.br\/wp-content\/uploads\/2026\/02\/7831c642-faae-47a1-bed9-c426b3a05641.jpg?resize=525%2C300 1.5x, https:\/\/i0.wp.com\/jornalrol.com.br\/wp-content\/uploads\/2026\/02\/7831c642-faae-47a1-bed9-c426b3a05641.jpg?resize=700%2C400 2x"},"classes":[]},{"id":76533,"url":"http:\/\/jornalrol.com.br\/?p=76533","url_meta":{"origin":79346,"position":3},"title":"Dicas ENEM 2026: Linguagem","author":"Sergio Diniz da Costa","date":"6 de novembro de 2025","format":false,"excerpt":"Mais um ano findando e j\u00e1 estamos na semana do Exame Nacional de Acesso ao Ensino M\u00e9dio (ENEM)\/ 2026. Pontuaremos algumas dicas. Depois de anos de forma\u00e7\u00e3o...","rel":"","context":"Em &quot;Educa\u00e7\u00e3o&quot;","block_context":{"text":"Educa\u00e7\u00e3o","link":"http:\/\/jornalrol.com.br\/?cat=12858"},"img":{"alt_text":"Imagem criada por IA do Grok","src":"https:\/\/i0.wp.com\/jornalrol.com.br\/wp-content\/uploads\/2025\/11\/download-1.jpeg?resize=350%2C200","width":350,"height":200,"srcset":"https:\/\/i0.wp.com\/jornalrol.com.br\/wp-content\/uploads\/2025\/11\/download-1.jpeg?resize=350%2C200 1x, https:\/\/i0.wp.com\/jornalrol.com.br\/wp-content\/uploads\/2025\/11\/download-1.jpeg?resize=525%2C300 1.5x, https:\/\/i0.wp.com\/jornalrol.com.br\/wp-content\/uploads\/2025\/11\/download-1.jpeg?resize=700%2C400 2x"},"classes":[]},{"id":78270,"url":"http:\/\/jornalrol.com.br\/?p=78270","url_meta":{"origin":79346,"position":4},"title":"Volta \u00e0s aulas!? Alegria ou desespero?","author":"Renata da Silva de Barcellos","date":"6 de fevereiro de 2026","format":false,"excerpt":"Este per\u00edodo \u00e9 de retorno \u00e0s aulas. Adapta\u00e7\u00e3o dos pequenos, apresenta\u00e7\u00e3o de alunos maiores, reuni\u00e3o com os respons\u00e1veis e com os professores. Estes \u00e0s voltas...","rel":"","context":"Em &quot;artigos&quot;","block_context":{"text":"artigos","link":"http:\/\/jornalrol.com.br\/?cat=9398"},"img":{"alt_text":"Renata Barcellos - Foto do arquivo da autora","src":"https:\/\/i0.wp.com\/jornalrol.com.br\/wp-content\/uploads\/2026\/02\/81541f8c-c57c-4be6-a1bf-dd7cea8f2363.jpg?resize=350%2C200","width":350,"height":200,"srcset":"https:\/\/i0.wp.com\/jornalrol.com.br\/wp-content\/uploads\/2026\/02\/81541f8c-c57c-4be6-a1bf-dd7cea8f2363.jpg?resize=350%2C200 1x, https:\/\/i0.wp.com\/jornalrol.com.br\/wp-content\/uploads\/2026\/02\/81541f8c-c57c-4be6-a1bf-dd7cea8f2363.jpg?resize=525%2C300 1.5x, https:\/\/i0.wp.com\/jornalrol.com.br\/wp-content\/uploads\/2026\/02\/81541f8c-c57c-4be6-a1bf-dd7cea8f2363.jpg?resize=700%2C400 2x"},"classes":[]},{"id":77030,"url":"http:\/\/jornalrol.com.br\/?p=77030","url_meta":{"origin":79346,"position":5},"title":"Educa\u00e7\u00e3o fim de linha","author":"Renata da Silva de Barcellos","date":"2 de dezembro de 2025","format":false,"excerpt":"Findo o ano de 2025 aposentada na matr\u00edcula mais antiga da Rede Estadual do Rio de Janeiro. Formei-me em 1996 em Portugu\u00eas\/Franc\u00eas. S\u00e3o quase trinta anos de...","rel":"","context":"Em &quot;artigos&quot;","block_context":{"text":"artigos","link":"http:\/\/jornalrol.com.br\/?cat=9398"},"img":{"alt_text":"Imagem criada por IA da Meta","src":"https:\/\/i0.wp.com\/jornalrol.com.br\/wp-content\/uploads\/2025\/12\/a7368cb3-eacb-407a-a63a-c85015311e42.jpg?resize=350%2C200","width":350,"height":200,"srcset":"https:\/\/i0.wp.com\/jornalrol.com.br\/wp-content\/uploads\/2025\/12\/a7368cb3-eacb-407a-a63a-c85015311e42.jpg?resize=350%2C200 1x, https:\/\/i0.wp.com\/jornalrol.com.br\/wp-content\/uploads\/2025\/12\/a7368cb3-eacb-407a-a63a-c85015311e42.jpg?resize=525%2C300 1.5x, https:\/\/i0.wp.com\/jornalrol.com.br\/wp-content\/uploads\/2025\/12\/a7368cb3-eacb-407a-a63a-c85015311e42.jpg?resize=700%2C400 2x, https:\/\/i0.wp.com\/jornalrol.com.br\/wp-content\/uploads\/2025\/12\/a7368cb3-eacb-407a-a63a-c85015311e42.jpg?resize=1050%2C600 3x"},"classes":[]}],"_links":{"self":[{"href":"http:\/\/jornalrol.com.br\/index.php?rest_route=\/wp\/v2\/posts\/79346","targetHints":{"allow":["GET"]}}],"collection":[{"href":"http:\/\/jornalrol.com.br\/index.php?rest_route=\/wp\/v2\/posts"}],"about":[{"href":"http:\/\/jornalrol.com.br\/index.php?rest_route=\/wp\/v2\/types\/post"}],"author":[{"embeddable":true,"href":"http:\/\/jornalrol.com.br\/index.php?rest_route=\/wp\/v2\/users\/127"}],"replies":[{"embeddable":true,"href":"http:\/\/jornalrol.com.br\/index.php?rest_route=%2Fwp%2Fv2%2Fcomments&post=79346"}],"version-history":[{"count":5,"href":"http:\/\/jornalrol.com.br\/index.php?rest_route=\/wp\/v2\/posts\/79346\/revisions"}],"predecessor-version":[{"id":79357,"href":"http:\/\/jornalrol.com.br\/index.php?rest_route=\/wp\/v2\/posts\/79346\/revisions\/79357"}],"wp:featuredmedia":[{"embeddable":true,"href":"http:\/\/jornalrol.com.br\/index.php?rest_route=\/wp\/v2\/media\/79355"}],"wp:attachment":[{"href":"http:\/\/jornalrol.com.br\/index.php?rest_route=%2Fwp%2Fv2%2Fmedia&parent=79346"}],"wp:term":[{"taxonomy":"category","embeddable":true,"href":"http:\/\/jornalrol.com.br\/index.php?rest_route=%2Fwp%2Fv2%2Fcategories&post=79346"},{"taxonomy":"post_tag","embeddable":true,"href":"http:\/\/jornalrol.com.br\/index.php?rest_route=%2Fwp%2Fv2%2Ftags&post=79346"}],"curies":[{"name":"wp","href":"https:\/\/api.w.org\/{rel}","templated":true}]}}