{"id":80334,"date":"2026-04-27T08:16:00","date_gmt":"2026-04-27T11:16:00","guid":{"rendered":"https:\/\/jornalrol.com.br\/?p=80334"},"modified":"2026-04-26T07:43:51","modified_gmt":"2026-04-26T10:43:51","slug":"omissao-2","status":"publish","type":"post","link":"http:\/\/jornalrol.com.br\/?p=80334","title":{"rendered":"Omiss\u00e3o"},"content":{"rendered":"<div class=\"pdfprnt-buttons pdfprnt-buttons-post pdfprnt-top-right\"><a href=\"http:\/\/jornalrol.com.br\/index.php?rest_route=%2Fwp%2Fv2%2Fposts%2F80334&print=pdf\" class=\"pdfprnt-button pdfprnt-button-pdf\" target=\"_blank\" ><\/a><a href=\"http:\/\/jornalrol.com.br\/index.php?rest_route=%2Fwp%2Fv2%2Fposts%2F80334&print=print\" class=\"pdfprnt-button pdfprnt-button-print\" target=\"_blank\" ><img decoding=\"async\" src=\"https:\/\/jornalrol.com.br\/wp-content\/plugins\/pdf-print\/images\/print.png\" alt=\"image_print\" title=\"Conte\u00fado de impress\u00e3o\" \/><\/a><\/div>\n<h2 class=\"wp-block-heading has-text-align-center\">Sergio Diniz da Costa: Poema &#8216;Omiss\u00e3o&#8217;<br><br><\/h2>\n\n\n<div class=\"wp-block-image\">\n<figure class=\"aligncenter size-full is-resized\"><img loading=\"lazy\" decoding=\"async\" width=\"1194\" height=\"858\" data-attachment-id=\"66950\" data-permalink=\"http:\/\/jornalrol.com.br\/?attachment_id=66950\" data-orig-file=\"http:\/\/jornalrol.com.br\/wp-content\/uploads\/2024\/05\/20240301_1126302-1.jpg\" data-orig-size=\"1194,858\" data-comments-opened=\"1\" data-image-meta=\"{&quot;aperture&quot;:&quot;1.8&quot;,&quot;credit&quot;:&quot;&quot;,&quot;camera&quot;:&quot;SM-A135M&quot;,&quot;caption&quot;:&quot;&quot;,&quot;created_timestamp&quot;:&quot;1709292390&quot;,&quot;copyright&quot;:&quot;&quot;,&quot;focal_length&quot;:&quot;4&quot;,&quot;iso&quot;:&quot;250&quot;,&quot;shutter_speed&quot;:&quot;0.016666666666667&quot;,&quot;title&quot;:&quot;&quot;,&quot;orientation&quot;:&quot;1&quot;}\" data-image-title=\"20240301_112630~2\" data-image-description=\"&lt;p&gt;Sergio Diniz&lt;\/p&gt;\n\" data-image-caption=\"&lt;p&gt;Sergio Diniz&lt;\/p&gt;\n\" data-large-file=\"http:\/\/jornalrol.com.br\/wp-content\/uploads\/2024\/05\/20240301_1126302-1.jpg\" src=\"http:\/\/jornalrol.com.br\/wp-content\/uploads\/2024\/05\/20240301_1126302-1.jpg\" alt=\"Sergio Diniz\" class=\"wp-image-66950\" style=\"aspect-ratio:1.391664509448615;width:229px;height:auto\" srcset=\"http:\/\/jornalrol.com.br\/wp-content\/uploads\/2024\/05\/20240301_1126302-1.jpg 1194w, http:\/\/jornalrol.com.br\/wp-content\/uploads\/2024\/05\/20240301_1126302-1-768x552.jpg 768w\" sizes=\"auto, (max-width: 1194px) 100vw, 1194px\" \/><figcaption class=\"wp-element-caption\">Sergio Diniz<\/figcaption><\/figure>\n<\/div>\n\n<div class=\"wp-block-image\">\n<figure class=\"aligncenter size-full\"><img loading=\"lazy\" decoding=\"async\" width=\"1536\" height=\"1024\" data-attachment-id=\"80337\" data-permalink=\"http:\/\/jornalrol.com.br\/?attachment_id=80337\" data-orig-file=\"http:\/\/jornalrol.com.br\/wp-content\/uploads\/2026\/04\/031883cd-4867-468b-ae5f-cce5e9b0e858.jpg\" data-orig-size=\"1536,1024\" data-comments-opened=\"1\" data-image-meta=\"{&quot;aperture&quot;:&quot;0&quot;,&quot;credit&quot;:&quot;&quot;,&quot;camera&quot;:&quot;&quot;,&quot;caption&quot;:&quot;&quot;,&quot;created_timestamp&quot;:&quot;0&quot;,&quot;copyright&quot;:&quot;&quot;,&quot;focal_length&quot;:&quot;0&quot;,&quot;iso&quot;:&quot;0&quot;,&quot;shutter_speed&quot;:&quot;0&quot;,&quot;title&quot;:&quot;&quot;,&quot;orientation&quot;:&quot;0&quot;}\" data-image-title=\"031883cd-4867-468b-ae5f-cce5e9b0e858\" data-image-description=\"\" data-image-caption=\"\" data-large-file=\"http:\/\/jornalrol.com.br\/wp-content\/uploads\/2026\/04\/031883cd-4867-468b-ae5f-cce5e9b0e858.jpg\" src=\"https:\/\/jornalrol.com.br\/wp-content\/uploads\/2026\/04\/031883cd-4867-468b-ae5f-cce5e9b0e858.jpg\" alt=\"\" class=\"wp-image-80337\" srcset=\"http:\/\/jornalrol.com.br\/wp-content\/uploads\/2026\/04\/031883cd-4867-468b-ae5f-cce5e9b0e858.jpg 1536w, http:\/\/jornalrol.com.br\/wp-content\/uploads\/2026\/04\/031883cd-4867-468b-ae5f-cce5e9b0e858-1200x800.jpg 1200w, http:\/\/jornalrol.com.br\/wp-content\/uploads\/2026\/04\/031883cd-4867-468b-ae5f-cce5e9b0e858-768x512.jpg 768w\" sizes=\"auto, (max-width: 1536px) 100vw, 1536px\" \/><figcaption class=\"wp-element-caption\"><a href=\"https:\/\/chatgpt.com\/c\/69edeb33-52cc-83e9-a952-f2c8ab7ae05c\"><em>Imagem criada palo ChatGPT &#8211;  <\/em>https:\/\/chatgpt.com\/c\/69edeb33-52cc-83e9-a952-f2c8ab7ae05c<\/a><\/figcaption><\/figure>\n<\/div>\n\n\n<p class=\"has-text-align-center\">O sol se deitou, acobertado<br>Pelo manto rubro do poente\u2026<br>Mas voc\u00ea n\u00e3o viu.<\/p>\n\n\n\n<p class=\"has-text-align-center\">Nos jardins, as rosas se abriram<br>Inebriando o ar\u2026<br>Mas voc\u00ea n\u00e3o sentiu.<\/p>\n\n\n\n<p class=\"has-text-align-center\">Nas ruas, a crian\u00e7a pediu<br>Do lar, o velho partiu\u2026<br>E voc\u00ea, nem chorou.<\/p>\n\n\n\n<p class=\"has-text-align-center\">Sob a f\u00faria da cavalaria<br>A multid\u00e3o, tr\u00f4pega, gritou,<br>Mas, diante da opress\u00e3o,<br>Voc\u00ea se calou!<\/p>\n\n\n\n<p class=\"has-text-align-center\">\u00c0s portas da Morte,<br>Voc\u00ea a viu, a sentiu,<br>Por ela chorou,<br>Em desespero gritou,<br>Mas a Vida, outrora t\u00e3o perto,<br>Repentina, te deixou.<\/p>\n\n\n\n<h3 class=\"wp-block-heading has-text-align-center\"><br>Sergio Diniz da Costa<\/h3>\n\n\n\n<div class=\"wp-block-columns is-layout-flex wp-container-core-columns-is-layout-9d6595d7 wp-block-columns-is-layout-flex\">\n<div class=\"wp-block-column is-layout-flow wp-block-column-is-layout-flow\">\n<h3 class=\"wp-block-heading has-text-align-center has-electric-grass-gradient-background has-background\"><a href=\"https:\/\/www.facebook.com\/sergio.dinizdacosta79\" target=\"_blank\" rel=\"noopener\" title=\"Facebook\">Facebook<\/a><\/h3>\n<\/div>\n\n\n\n<div class=\"wp-block-column is-layout-flow wp-block-column-is-layout-flow\">\n<h3 class=\"wp-block-heading has-text-align-center has-electric-grass-gradient-background has-background\"><a href=\"https:\/\/www.recantodasletras.com.br\/autor.php?id=173342\" target=\"_blank\" rel=\"noopener\" title=\"Recanto das Letras\">Recanto das Letras<\/a><\/h3>\n<\/div>\n\n\n\n<div class=\"wp-block-column is-layout-flow wp-block-column-is-layout-flow\">\n<h3 class=\"wp-block-heading has-text-align-center has-electric-grass-gradient-background has-background\"><a href=\"https:\/\/www.pensador.com\/autor\/sergio_diniz_da_costa\/\" title=\"Pensador\">Pensador<\/a><\/h3>\n<\/div>\n<\/div>\n\n\n\n<p><a href=\"http:\/\/jornalrol.com.br\/\" title=\"Voltar\">Voltar<\/a><\/p>\n\n\n\n<p><a href=\"https:\/\/www.facebook.com\/JCulturalrol\/\" title=\"Facebook\">Facebook<\/a><\/p>\n","protected":false},"excerpt":{"rendered":"<p>O sol se deitou, acobertado pelo manto rubro do poente\u2026 Mas voc\u00ea n\u00e3o viu.<br \/>\nNos jardins, as rosas se abriram, inebriando o ar\u2026 mas voc\u00ea n\u00e3o sentiu. Nas ruas&#8230;<\/p>\n","protected":false},"author":6,"featured_media":80337,"comment_status":"open","ping_status":"closed","sticky":false,"template":"","format":"standard","meta":{"_jetpack_newsletter_access":"","_jetpack_dont_email_post_to_subs":false,"_jetpack_newsletter_tier_id":0,"_jetpack_memberships_contains_paywalled_content":false,"_jetpack_memberships_contains_paid_content":false,"footnotes":""},"categories":[9285,58],"tags":[10626,2418,13202,11671,13501,8056,14131],"class_list":["post-80334","post","type-post","status-publish","format-standard","has-post-thumbnail","hentry","category-literatura","category-poesias","tag-ar","tag-crianca","tag-jardins","tag-poente","tag-rosas","tag-sol","tag-velho"],"aioseo_notices":[],"views":163,"jetpack_featured_media_url":"http:\/\/jornalrol.com.br\/wp-content\/uploads\/2026\/04\/031883cd-4867-468b-ae5f-cce5e9b0e858.jpg","jetpack_sharing_enabled":true,"jetpack_likes_enabled":true,"jetpack-related-posts":[{"id":72840,"url":"http:\/\/jornalrol.com.br\/?p=72840","url_meta":{"origin":80334,"position":0},"title":"Omiss\u00e3o","author":"Sergio Diniz da Costa","date":"9 de abril de 2025","format":false,"excerpt":"O Sol se deitou, acobertado pelo manto rubro do poente\u2026 Mas voc\u00ea n\u00e3o viu. Nos jardins, as rosas se abriram, inebriando o ar\u2026 Mas voc\u00ea n\u00e3o sentiu. Na rua...","rel":"","context":"Em &quot;Literatura&quot;","block_context":{"text":"Literatura","link":"http:\/\/jornalrol.com.br\/?cat=9285"},"img":{"alt_text":"Imagem criada por IA no Bing - 09 de abril de 2025, \u00e0s 10:16 PM","src":"https:\/\/i0.wp.com\/jornalrol.com.br\/wp-content\/uploads\/2025\/04\/OIG2-2.jpg?resize=350%2C200","width":350,"height":200,"srcset":"https:\/\/i0.wp.com\/jornalrol.com.br\/wp-content\/uploads\/2025\/04\/OIG2-2.jpg?resize=350%2C200 1x, https:\/\/i0.wp.com\/jornalrol.com.br\/wp-content\/uploads\/2025\/04\/OIG2-2.jpg?resize=525%2C300 1.5x, https:\/\/i0.wp.com\/jornalrol.com.br\/wp-content\/uploads\/2025\/04\/OIG2-2.jpg?resize=700%2C400 2x"},"classes":[]},{"id":65506,"url":"http:\/\/jornalrol.com.br\/?p=65506","url_meta":{"origin":80334,"position":1},"title":"Instant\u00e2neos","author":"Sergio Diniz da Costa","date":"6 de abril de 2024","format":false,"excerpt":"A mente, um pula-pula. Pula pra c\u00e1 e pula pra l\u00e1. Parece um saci. Voam os bal\u00f5es. Levam, levam consigo sonhos-meninos. Poente rubro, transmutando emo\u00e7\u00f5es...","rel":"","context":"Em &quot;Literatura&quot;","block_context":{"text":"Literatura","link":"http:\/\/jornalrol.com.br\/?cat=9285"},"img":{"alt_text":"Entre as ameias, meias verdades, meia vis\u00e3o,\u00a0de uma ilus\u00e3o inteira","src":"https:\/\/i0.wp.com\/jornalrol.com.br\/wp-content\/uploads\/2024\/04\/OIG4.5KblbW8lVTXVd_.jpg?resize=350%2C200","width":350,"height":200,"srcset":"https:\/\/i0.wp.com\/jornalrol.com.br\/wp-content\/uploads\/2024\/04\/OIG4.5KblbW8lVTXVd_.jpg?resize=350%2C200 1x, https:\/\/i0.wp.com\/jornalrol.com.br\/wp-content\/uploads\/2024\/04\/OIG4.5KblbW8lVTXVd_.jpg?resize=525%2C300 1.5x, https:\/\/i0.wp.com\/jornalrol.com.br\/wp-content\/uploads\/2024\/04\/OIG4.5KblbW8lVTXVd_.jpg?resize=700%2C400 2x"},"classes":[]},{"id":71484,"url":"http:\/\/jornalrol.com.br\/?p=71484","url_meta":{"origin":80334,"position":2},"title":"No barraco","author":"Ceica Rocha Cruz","date":"6 de janeiro de 2025","format":false,"excerpt":"O p\u00f4r do Sol surge atr\u00e1s da montanha silenciosa e a favela v\u00ea a vida passar, debru\u00e7ada na janela do poente. O crep\u00fasculo despede-se e a noite pelo sono...","rel":"","context":"Em &quot;Literatura&quot;","block_context":{"text":"Literatura","link":"http:\/\/jornalrol.com.br\/?cat=9285"},"img":{"alt_text":"\"O p\u00f4r do Sol surge atr\u00e1s da montanha silenciosa e a favela v\u00ea a vida passar...\"","src":"https:\/\/i0.wp.com\/jornalrol.com.br\/wp-content\/uploads\/2025\/01\/OIG3.jpeg?resize=350%2C200","width":350,"height":200,"srcset":"https:\/\/i0.wp.com\/jornalrol.com.br\/wp-content\/uploads\/2025\/01\/OIG3.jpeg?resize=350%2C200 1x, https:\/\/i0.wp.com\/jornalrol.com.br\/wp-content\/uploads\/2025\/01\/OIG3.jpeg?resize=525%2C300 1.5x, https:\/\/i0.wp.com\/jornalrol.com.br\/wp-content\/uploads\/2025\/01\/OIG3.jpeg?resize=700%2C400 2x"},"classes":[]},{"id":57558,"url":"http:\/\/jornalrol.com.br\/?p=57558","url_meta":{"origin":80334,"position":3},"title":"Busca di\u00e1ria","author":"Sergio Diniz da Costa","date":"19 de junho de 2023","format":false,"excerpt":"Busco o despertar de seus olhos, na pregui\u00e7osa manh\u00e3 de minh\u00b4alma. Busco o poente de seus l\u00e1bios na enfadonha tarde de minha saudade.","rel":"","context":"Em &quot;Literatura&quot;","block_context":{"text":"Literatura","link":"http:\/\/jornalrol.com.br\/?cat=9285"},"img":{"alt_text":"","src":"https:\/\/i0.wp.com\/jornalrol.com.br\/wp-content\/uploads\/2021\/09\/20210711_172218-1.jpg?resize=350%2C200","width":350,"height":200},"classes":[]},{"id":67941,"url":"http:\/\/jornalrol.com.br\/?p=67941","url_meta":{"origin":80334,"position":4},"title":"Eu sou","author":"Ceica Rocha Cruz","date":"4 de julho de 2024","format":false,"excerpt":"O Sol dourado que abre os olhos do dia, resplandece e reluz, vicejando nos jardins floridos da manh\u00e3. Na fase lunar, a Lua cheia refulge plena e intensa, de...","rel":"","context":"Em &quot;Literatura&quot;","block_context":{"text":"Literatura","link":"http:\/\/jornalrol.com.br\/?cat=9285"},"img":{"alt_text":"O Sol dourado que abre os olhos do dia, resplandece e reluz, vicejando nos jardins floridos da manh\u00e3.","src":"https:\/\/i0.wp.com\/jornalrol.com.br\/wp-content\/uploads\/2024\/07\/OIG1.986.jpeg?resize=350%2C200","width":350,"height":200,"srcset":"https:\/\/i0.wp.com\/jornalrol.com.br\/wp-content\/uploads\/2024\/07\/OIG1.986.jpeg?resize=350%2C200 1x, https:\/\/i0.wp.com\/jornalrol.com.br\/wp-content\/uploads\/2024\/07\/OIG1.986.jpeg?resize=525%2C300 1.5x, https:\/\/i0.wp.com\/jornalrol.com.br\/wp-content\/uploads\/2024\/07\/OIG1.986.jpeg?resize=700%2C400 2x"},"classes":[]},{"id":71164,"url":"http:\/\/jornalrol.com.br\/?p=71164","url_meta":{"origin":80334,"position":5},"title":"As rosas","author":"Augusto Antonio Carvalho Barreiro Damas","date":"6 de dezembro de 2024","format":false,"excerpt":"Rosa por rosas, flores em jardins s\u00e3o vidas amorosas\u2026 S\u00e3o encantos no canto das emo\u00e7\u00f5es, dos que a cantam em prosas e versos, dos que amam os espinhos que...","rel":"","context":"Em &quot;Literatura&quot;","block_context":{"text":"Literatura","link":"http:\/\/jornalrol.com.br\/?cat=9285"},"img":{"alt_text":"","src":"https:\/\/i0.wp.com\/jornalrol.com.br\/wp-content\/uploads\/2024\/12\/OIG1.LLp8B4sM.jpeg?resize=350%2C200","width":350,"height":200,"srcset":"https:\/\/i0.wp.com\/jornalrol.com.br\/wp-content\/uploads\/2024\/12\/OIG1.LLp8B4sM.jpeg?resize=350%2C200 1x, https:\/\/i0.wp.com\/jornalrol.com.br\/wp-content\/uploads\/2024\/12\/OIG1.LLp8B4sM.jpeg?resize=525%2C300 1.5x, https:\/\/i0.wp.com\/jornalrol.com.br\/wp-content\/uploads\/2024\/12\/OIG1.LLp8B4sM.jpeg?resize=700%2C400 2x"},"classes":[]}],"_links":{"self":[{"href":"http:\/\/jornalrol.com.br\/index.php?rest_route=\/wp\/v2\/posts\/80334","targetHints":{"allow":["GET"]}}],"collection":[{"href":"http:\/\/jornalrol.com.br\/index.php?rest_route=\/wp\/v2\/posts"}],"about":[{"href":"http:\/\/jornalrol.com.br\/index.php?rest_route=\/wp\/v2\/types\/post"}],"author":[{"embeddable":true,"href":"http:\/\/jornalrol.com.br\/index.php?rest_route=\/wp\/v2\/users\/6"}],"replies":[{"embeddable":true,"href":"http:\/\/jornalrol.com.br\/index.php?rest_route=%2Fwp%2Fv2%2Fcomments&post=80334"}],"version-history":[{"count":3,"href":"http:\/\/jornalrol.com.br\/index.php?rest_route=\/wp\/v2\/posts\/80334\/revisions"}],"predecessor-version":[{"id":80339,"href":"http:\/\/jornalrol.com.br\/index.php?rest_route=\/wp\/v2\/posts\/80334\/revisions\/80339"}],"wp:featuredmedia":[{"embeddable":true,"href":"http:\/\/jornalrol.com.br\/index.php?rest_route=\/wp\/v2\/media\/80337"}],"wp:attachment":[{"href":"http:\/\/jornalrol.com.br\/index.php?rest_route=%2Fwp%2Fv2%2Fmedia&parent=80334"}],"wp:term":[{"taxonomy":"category","embeddable":true,"href":"http:\/\/jornalrol.com.br\/index.php?rest_route=%2Fwp%2Fv2%2Fcategories&post=80334"},{"taxonomy":"post_tag","embeddable":true,"href":"http:\/\/jornalrol.com.br\/index.php?rest_route=%2Fwp%2Fv2%2Ftags&post=80334"}],"curies":[{"name":"wp","href":"https:\/\/api.w.org\/{rel}","templated":true}]}}