{"id":80354,"date":"2026-04-30T08:01:00","date_gmt":"2026-04-30T11:01:00","guid":{"rendered":"https:\/\/jornalrol.com.br\/?p=80354"},"modified":"2026-04-30T08:40:53","modified_gmt":"2026-04-30T11:40:53","slug":"thomas-hardy-y-su-tess","status":"publish","type":"post","link":"http:\/\/jornalrol.com.br\/?p=80354","title":{"rendered":"Thomas Hardy y su tess"},"content":{"rendered":"<div class=\"pdfprnt-buttons pdfprnt-buttons-post pdfprnt-top-right\"><a href=\"http:\/\/jornalrol.com.br\/index.php?rest_route=%2Fwp%2Fv2%2Fposts%2F80354&print=pdf\" class=\"pdfprnt-button pdfprnt-button-pdf\" target=\"_blank\" ><\/a><a href=\"http:\/\/jornalrol.com.br\/index.php?rest_route=%2Fwp%2Fv2%2Fposts%2F80354&print=print\" class=\"pdfprnt-button pdfprnt-button-print\" target=\"_blank\" ><img decoding=\"async\" src=\"https:\/\/jornalrol.com.br\/wp-content\/plugins\/pdf-print\/images\/print.png\" alt=\"image_print\" title=\"Conte\u00fado de impress\u00e3o\" \/><\/a><\/div>\n<h2 class=\"wp-block-heading has-text-align-center\">Mar\u00eda Beatriz Mu\u00f1oz Ruiz<br><br> Rese\u00f1a literaria &#8216;Thomas Hardy y su tess&#8217;<br><br><\/h2>\n\n\n<div class=\"wp-block-image\">\n<figure class=\"aligncenter size-full is-resized\"><img loading=\"lazy\" decoding=\"async\" width=\"369\" height=\"581\" data-attachment-id=\"78310\" data-permalink=\"http:\/\/jornalrol.com.br\/?attachment_id=78310\" data-orig-file=\"http:\/\/jornalrol.com.br\/wp-content\/uploads\/2026\/02\/549421884_4102266380030875_3673805329579234188_n-1.jpg\" data-orig-size=\"369,581\" data-comments-opened=\"1\" data-image-meta=\"{&quot;aperture&quot;:&quot;0&quot;,&quot;credit&quot;:&quot;&quot;,&quot;camera&quot;:&quot;&quot;,&quot;caption&quot;:&quot;&quot;,&quot;created_timestamp&quot;:&quot;0&quot;,&quot;copyright&quot;:&quot;&quot;,&quot;focal_length&quot;:&quot;0&quot;,&quot;iso&quot;:&quot;0&quot;,&quot;shutter_speed&quot;:&quot;0&quot;,&quot;title&quot;:&quot;&quot;,&quot;orientation&quot;:&quot;0&quot;}\" data-image-title=\"549421884_4102266380030875_3673805329579234188_n\" data-image-description=\"&lt;p&gt;Maria Beatriz Munoz Ruiz&lt;\/p&gt;\n\" data-image-caption=\"&lt;p&gt;Maria Beatriz Munoz Ruiz&lt;\/p&gt;\n\" data-large-file=\"http:\/\/jornalrol.com.br\/wp-content\/uploads\/2026\/02\/549421884_4102266380030875_3673805329579234188_n-1.jpg\" src=\"http:\/\/jornalrol.com.br\/wp-content\/uploads\/2026\/02\/549421884_4102266380030875_3673805329579234188_n-1.jpg\" alt=\"Maria Beatriz Mun\u00f5z Ruiz\" class=\"wp-image-78310\" style=\"aspect-ratio:0.6351191436716691;width:155px;height:auto\"\/><figcaption class=\"wp-element-caption\">Maria Beatriz Mu\u00f1oz Ruiz<\/figcaption><\/figure>\n<\/div>\n\n\n<p class=\"has-drop-cap\">Lento, muy lento. Lo que en sus poemas era una hermosa bendici\u00f3n, en sus novelas fue una lenta, aunque dulce, tortura. Estoy hablando de Thomas Hardy y de su novela Tess d&#8217;Urberville.<\/p>\n\n\n\n<p>Primero me enamor\u00e9 de su vida y sent\u00ed curiosidad por el hombre cuyo coraz\u00f3n reposa con su amada Emma y su cuerpo con los grandes poetas en la Abad\u00eda de Westminster. Entonces descubr\u00ed sus perfectos, rom\u00e1nticos y dram\u00e1ticos versos; de esos que te envuelven como una c\u00e1lida manta en una noche de fr\u00edo, de esos que hielan tus huesos con el dolor de alguien que ha perdido al amor de su vida sabiendo que ya lo hab\u00eda perdido antes de que durmiera eternamente en el blanco m\u00e1rmol pulido.<\/p>\n\n\n\n<p>Como un suave fuego que calienta mi cuerpo, entr\u00f3 en mi coraz\u00f3n y grab\u00f3 su nombre en un tatuaje invisible y eterno. As\u00ed que decid\u00ed avanzar en nuestra relaci\u00f3n y aventurarme con una de sus novelas porque, como ya sab\u00e9is, me atrae todo lo que la sociedad censura, aquello que se critica, porque supongo que es interesante.<\/p>\n\n\n\n<p>La novela elegida fue Tess d&#8217;Urberville y, en su defensa, he de decir que no s\u00e9 si la recomendar\u00eda o no; y digo \u201cen su defensa\u201d porque me ha dejado perpleja en muchos sentidos. En primer lugar, esta novela deber\u00eda llevar detalladas instrucciones para aquellos valientes en los que surja la inquietud de leerla.<\/p>\n\n\n\n<p>Es una novela densa, muy densa, y os lo dice alguien que est\u00e1 acostumbrada a leer novela cl\u00e1sica inglesa. He le\u00eddo a las hermanas Bront\u00eb, a Virginia Woolf, Jane Austen, George Orwell, Oscar Wilde e innumerables poetas que se han convertido en mis amigos, amantes y arquitectos de sue\u00f1os con puentes que me hacen viajar a tiempos llenos de romanticismo.<\/p>\n\n\n\n<p>Pero s\u00ed, con esta novela he estado a nada de castigarla de cara a la pared; casi seiscientas p\u00e1ginas en las que las descripciones son tan densas que, cuando llegas a los sucesos interesantes, apenas recuerdas en qu\u00e9 punto estabas. Y ahora dir\u00e9is los eruditos insufribles que las novelas cl\u00e1sicas son as\u00ed, y ten\u00e9is raz\u00f3n; he le\u00eddo demasiado a los cl\u00e1sicos como para saber que lo son, pero lo que empieza como pura poes\u00eda descriptiva termina desquici\u00e1ndome con cada detalle desmenuzado del paisaje. Sin embargo, creo que no ha sido eso lo que se me ha atragantado de esta novela; lo que realmente me ha desquiciado ha sido la historia en s\u00ed misma.<\/p>\n\n\n\n<p>Entonces entend\u00ed la magia de Thomas Hardy y que no todos estamos preparados para leerlo; es como la comida mexicana: me encanta el picante, pero cuando te comes un taco mexicano real es cuando entiendes que no est\u00e1s preparada para el verdadero picante, ya que su nivel de tolerancia es mucho mayor al nuestro. Vamos, un arte.<\/p>\n\n\n\n<p>Pues eso pasa con esta novela; no estaba preparada, pero me alegro de haberla le\u00eddo. Thomas Hardy muestra la hipocres\u00eda de la sociedad en estado puro: el doble rasero con el que se med\u00eda a las mujeres y a los hombres, lo ef\u00edmero que puede ser el amor que pasa al odio en dos segundos y la triste realidad de que, al final, todo se compra con dinero.<\/p>\n\n\n\n<p>A Tess le arrebataron su inocencia, la amaron, la juzgaron y, tras empujarla al abismo, decidieron que ella era el error. Creo que por eso se me ha hecho demasiado larga: porque sufr\u00eda con su dolor y, si hubiera podido adentrarme en esas p\u00e1ginas y rescatarla, lo habr\u00eda hecho.<\/p>\n\n\n\n<p>As\u00ed que, si me pregunt\u00e1is si la recomendar\u00eda\u2026 os dir\u00eda que solo para los que est\u00e9n preparados para pausar su vida y avanzar lentamente con cada descripci\u00f3n hasta llegar a imaginar los campos, el olor a c\u00e9sped, el sol de la tarde con sus \u00faltimos rayos acariciando la piel de Tess, un amor que se cuece a fuego lento y una traici\u00f3n que asesina el coraz\u00f3n del lector.<\/p>\n\n\n\n<p>Quiz\u00e1s por eso la novela cl\u00e1sica es tan dif\u00edcil de leer en la actualidad, pero tal vez\u2026 deber\u00edamos hacer caso y detenernos, dejar de correr en este mundo de locos y obligarnos a vivir la vida como la cadencia de los versos y las descripciones de Thomas Hardy: sin prisa.<\/p>\n\n\n\n<h3 class=\"wp-block-heading has-text-align-center\"><br>Maria Beatriz Mu\u00f1oz Ruiz<\/h3>\n\n\n\n<div class=\"wp-block-columns is-layout-flex wp-container-core-columns-is-layout-9d6595d7 wp-block-columns-is-layout-flex\">\n<div class=\"wp-block-column is-layout-flow wp-block-column-is-layout-flow\">\n<h3 class=\"wp-block-heading has-text-align-center has-luminous-vivid-amber-to-luminous-vivid-orange-gradient-background has-background\"><a href=\"https:\/\/www.instagram.com\/maria_beatriz_munoz\/\" title=\"Instagram\">Instagram<\/a><\/h3>\n<\/div>\n\n\n\n<div class=\"wp-block-column is-layout-flow wp-block-column-is-layout-flow\">\n<h3 class=\"wp-block-heading has-text-align-center has-luminous-vivid-amber-to-luminous-vivid-orange-gradient-background has-background\"><a href=\"https:\/\/www.facebook.com\/escritoram.beatriz.munoz?locale=pt_BR\" title=\"Facebook\">Facebook<\/a><\/h3>\n<\/div>\n<\/div>\n\n\n\n<p><a href=\"https:\/\/jornalrol.com.br\/\" title=\"Voltar\">Voltar<\/a><\/p>\n\n\n\n<p><a href=\"https:\/\/www.facebook.com\/JCulturalrol\/\" title=\"Facebook\">Facebook<\/a><\/p>\n","protected":false},"excerpt":{"rendered":"<p>Lento, muy lento. Lo que en sus poemas era una hermosa bendici\u00f3n, en sus novelas fue una lenta, aunque dulce, tortura. Estoy hablando de Thomas Hardy y de su\u2026 <\/p>\n","protected":false},"author":139,"featured_media":78310,"comment_status":"open","ping_status":"closed","sticky":false,"template":"","format":"standard","meta":{"_jetpack_newsletter_access":"","_jetpack_dont_email_post_to_subs":false,"_jetpack_newsletter_tier_id":0,"_jetpack_memberships_contains_paywalled_content":false,"_jetpack_memberships_contains_paid_content":false,"footnotes":""},"categories":[9285,9259],"tags":[10875,16759,16758],"class_list":["post-80354","post","type-post","status-publish","format-standard","has-post-thumbnail","hentry","category-literatura","category-resenha","tag-novela","tag-tess-durberville","tag-thomas-hardy"],"aioseo_notices":[],"views":116,"jetpack_featured_media_url":"http:\/\/jornalrol.com.br\/wp-content\/uploads\/2026\/02\/549421884_4102266380030875_3673805329579234188_n-1.jpg","jetpack_sharing_enabled":true,"jetpack_likes_enabled":true,"jetpack-related-posts":[{"id":80286,"url":"http:\/\/jornalrol.com.br\/?p=80286","url_meta":{"origin":80354,"position":0},"title":"Vivo de noche, sue\u00f1o de d\u00eda","author":"Maria Beatriz Munoz Ruiz","date":"24 de abril de 2026","format":false,"excerpt":"Que el tiempo se detenga cada noche; que las horas sean elegantes y lentas ondas que avanzan, sin apenas ser vistas, en el lago, fruto del amor de dos cisnes\u2026","rel":"","context":"Em &quot;Cr\u00f4nicas&quot;","block_context":{"text":"Cr\u00f4nicas","link":"http:\/\/jornalrol.com.br\/?cat=9392"},"img":{"alt_text":"Imagem criada pelo ChatGPT - https:\/\/chatgpt.com\/c\/69eb6bb3-61ec-83e9-bb8e-2c54388dadd8","src":"https:\/\/i0.wp.com\/jornalrol.com.br\/wp-content\/uploads\/2026\/04\/17fbcf1c-bb8c-4732-bb3a-ea92ae6774e1.jpg?resize=350%2C200","width":350,"height":200,"srcset":"https:\/\/i0.wp.com\/jornalrol.com.br\/wp-content\/uploads\/2026\/04\/17fbcf1c-bb8c-4732-bb3a-ea92ae6774e1.jpg?resize=350%2C200 1x, https:\/\/i0.wp.com\/jornalrol.com.br\/wp-content\/uploads\/2026\/04\/17fbcf1c-bb8c-4732-bb3a-ea92ae6774e1.jpg?resize=525%2C300 1.5x, https:\/\/i0.wp.com\/jornalrol.com.br\/wp-content\/uploads\/2026\/04\/17fbcf1c-bb8c-4732-bb3a-ea92ae6774e1.jpg?resize=700%2C400 2x, https:\/\/i0.wp.com\/jornalrol.com.br\/wp-content\/uploads\/2026\/04\/17fbcf1c-bb8c-4732-bb3a-ea92ae6774e1.jpg?resize=1050%2C600 3x"},"classes":[]},{"id":78486,"url":"http:\/\/jornalrol.com.br\/?p=78486","url_meta":{"origin":80354,"position":1},"title":"Cumbres a medias","author":"Maria Beatriz Munoz Ruiz","date":"16 de fevereiro de 2026","format":false,"excerpt":"Hace un tiempo escrib\u00ed una cr\u00edtica literaria sobre la novela de Emily Bront\u00eb, Cumbres Borrascosas, sin haber visto su adaptaci\u00f3n cinematogr\u00e1fica.","rel":"","context":"Em &quot;Cr\u00edtica&quot;","block_context":{"text":"Cr\u00edtica","link":"http:\/\/jornalrol.com.br\/?cat=9759"},"img":{"alt_text":"Cumbres Borrascosas - Imagem criada por IA do Grok https:\/\/grok.com\/imagine\/post\/b1c6c33a-67ee-46e8-86ba-1e38aeb071d9","src":"https:\/\/i0.wp.com\/jornalrol.com.br\/wp-content\/uploads\/2026\/02\/download-8.jpg?resize=350%2C200","width":350,"height":200,"srcset":"https:\/\/i0.wp.com\/jornalrol.com.br\/wp-content\/uploads\/2026\/02\/download-8.jpg?resize=350%2C200 1x, https:\/\/i0.wp.com\/jornalrol.com.br\/wp-content\/uploads\/2026\/02\/download-8.jpg?resize=525%2C300 1.5x, https:\/\/i0.wp.com\/jornalrol.com.br\/wp-content\/uploads\/2026\/02\/download-8.jpg?resize=700%2C400 2x"},"classes":[]},{"id":80130,"url":"http:\/\/jornalrol.com.br\/?p=80130","url_meta":{"origin":80354,"position":2},"title":"Mi paz sin Elpis","author":"Maria Beatriz Munoz Ruiz","date":"20 de abril de 2026","format":false,"excerpt":"Cuando la gente que me rodea descubre mi cara oculta de escritora y mi largo recorrido literario y period\u00edstico, siempre me dicen: \u201cSeguro que con alguna de\u2026","rel":"","context":"Em &quot;Artigo de opini\u00e3o&quot;","block_context":{"text":"Artigo de opini\u00e3o","link":"http:\/\/jornalrol.com.br\/?cat=16704"},"img":{"alt_text":"","src":"https:\/\/i0.wp.com\/jornalrol.com.br\/wp-content\/uploads\/2026\/04\/08d235b7-5c7c-4fd1-8a7e-9f62831fcbc2.jpg?resize=350%2C200","width":350,"height":200,"srcset":"https:\/\/i0.wp.com\/jornalrol.com.br\/wp-content\/uploads\/2026\/04\/08d235b7-5c7c-4fd1-8a7e-9f62831fcbc2.jpg?resize=350%2C200 1x, https:\/\/i0.wp.com\/jornalrol.com.br\/wp-content\/uploads\/2026\/04\/08d235b7-5c7c-4fd1-8a7e-9f62831fcbc2.jpg?resize=525%2C300 1.5x, https:\/\/i0.wp.com\/jornalrol.com.br\/wp-content\/uploads\/2026\/04\/08d235b7-5c7c-4fd1-8a7e-9f62831fcbc2.jpg?resize=700%2C400 2x"},"classes":[]},{"id":79567,"url":"http:\/\/jornalrol.com.br\/?p=79567","url_meta":{"origin":80354,"position":3},"title":"Emmanuel Marete","author":"Carlos Javier Jarquin","date":"27 de mar\u00e7o de 2026","format":false,"excerpt":"La tecnolog\u00eda, si le damos un uso apropiado, puede ser una herramienta de mucha influencia positiva en la vida de cada ciudadano. Claro que, en un mundo...","rel":"","context":"Em &quot;Sem categoria&quot;","block_context":{"text":"Sem categoria","link":"http:\/\/jornalrol.com.br\/?cat=1"},"img":{"alt_text":"Emmanuel,\u00a0a sus 15 a\u00f1os habla\u00a0tres idiomas:\u00a0kimeru, suajili e ingl\u00e9s.\u00a0Cortes\u00eda de Emmanuel","src":"https:\/\/i0.wp.com\/jornalrol.com.br\/wp-content\/uploads\/2026\/03\/IMG-20260321-WA0058.jpg?resize=350%2C200","width":350,"height":200,"srcset":"https:\/\/i0.wp.com\/jornalrol.com.br\/wp-content\/uploads\/2026\/03\/IMG-20260321-WA0058.jpg?resize=350%2C200 1x, https:\/\/i0.wp.com\/jornalrol.com.br\/wp-content\/uploads\/2026\/03\/IMG-20260321-WA0058.jpg?resize=525%2C300 1.5x, https:\/\/i0.wp.com\/jornalrol.com.br\/wp-content\/uploads\/2026\/03\/IMG-20260321-WA0058.jpg?resize=700%2C400 2x"},"classes":[]},{"id":75991,"url":"http:\/\/jornalrol.com.br\/?p=75991","url_meta":{"origin":80354,"position":4},"title":"Amal Fares\u00a0","author":"Carlos Javier Jarquin","date":"6 de outubro de 2025","format":false,"excerpt":"Carlos Javier Jarqu\u00edn entrevista a tradutora, escritora e poetisa s\u00edrio-venezuelana Amal Fares, a quem admira profundamente, e que vive em tr\u00eas mundos...","rel":"","context":"Em &quot;Entrevistas ROLianas&quot;","block_context":{"text":"Entrevistas ROLianas","link":"http:\/\/jornalrol.com.br\/?cat=15034"},"img":{"alt_text":"Amal Fares, vive en tres mundos distintos, que son los idiomas, pues es triling\u00fce. Su lengua materna es el \u00e1rabe, habla espa\u00f1ol y tambi\u00e9n ingl\u00e9s. Foto -cortes\u00eda de Amal","src":"https:\/\/i0.wp.com\/jornalrol.com.br\/wp-content\/uploads\/2025\/10\/FB_IMG_1759402998274.jpg?resize=350%2C200","width":350,"height":200,"srcset":"https:\/\/i0.wp.com\/jornalrol.com.br\/wp-content\/uploads\/2025\/10\/FB_IMG_1759402998274.jpg?resize=350%2C200 1x, https:\/\/i0.wp.com\/jornalrol.com.br\/wp-content\/uploads\/2025\/10\/FB_IMG_1759402998274.jpg?resize=525%2C300 1.5x, https:\/\/i0.wp.com\/jornalrol.com.br\/wp-content\/uploads\/2025\/10\/FB_IMG_1759402998274.jpg?resize=700%2C400 2x, https:\/\/i0.wp.com\/jornalrol.com.br\/wp-content\/uploads\/2025\/10\/FB_IMG_1759402998274.jpg?resize=1050%2C600 3x, https:\/\/i0.wp.com\/jornalrol.com.br\/wp-content\/uploads\/2025\/10\/FB_IMG_1759402998274.jpg?resize=1400%2C800 4x"},"classes":[]},{"id":79069,"url":"http:\/\/jornalrol.com.br\/?p=79069","url_meta":{"origin":80354,"position":5},"title":"Entrevista con el poeta errante Ron A. Kalman\u00a0","author":"Carlos Javier Jarquin","date":"11 de mar\u00e7o de 2026","format":false,"excerpt":"Hoy les presento a un amigo, poeta y sobre todo humanista, Ron A. Kalman, nacido el 6 de marzo de 1959 en Haifa, Israel. Sus padres, Gabor J. Kalman y\u2026","rel":"","context":"Em &quot;Entrevistas ROLianas&quot;","block_context":{"text":"Entrevistas ROLianas","link":"http:\/\/jornalrol.com.br\/?cat=10024"},"img":{"alt_text":"Ron A.\u00a0 Kalman, es coautor de CANTO PLANETARIO, Volumen I (H.C. EDITORES, Costa Rica, 2023), donde aparecen dos poemas suyos en versi\u00f3n biling\u00fce espa\u00f1ol-ingl\u00e9s, traducidos por la poeta y traductora colombiana Mar\u00eda Fernanda Del\u00a0 Castillo Sucerquia.","src":"https:\/\/i0.wp.com\/jornalrol.com.br\/wp-content\/uploads\/2026\/03\/Ron-A-Kalman-1-.jpeg?resize=350%2C200","width":350,"height":200},"classes":[]}],"_links":{"self":[{"href":"http:\/\/jornalrol.com.br\/index.php?rest_route=\/wp\/v2\/posts\/80354","targetHints":{"allow":["GET"]}}],"collection":[{"href":"http:\/\/jornalrol.com.br\/index.php?rest_route=\/wp\/v2\/posts"}],"about":[{"href":"http:\/\/jornalrol.com.br\/index.php?rest_route=\/wp\/v2\/types\/post"}],"author":[{"embeddable":true,"href":"http:\/\/jornalrol.com.br\/index.php?rest_route=\/wp\/v2\/users\/139"}],"replies":[{"embeddable":true,"href":"http:\/\/jornalrol.com.br\/index.php?rest_route=%2Fwp%2Fv2%2Fcomments&post=80354"}],"version-history":[{"count":3,"href":"http:\/\/jornalrol.com.br\/index.php?rest_route=\/wp\/v2\/posts\/80354\/revisions"}],"predecessor-version":[{"id":80474,"href":"http:\/\/jornalrol.com.br\/index.php?rest_route=\/wp\/v2\/posts\/80354\/revisions\/80474"}],"wp:featuredmedia":[{"embeddable":true,"href":"http:\/\/jornalrol.com.br\/index.php?rest_route=\/wp\/v2\/media\/78310"}],"wp:attachment":[{"href":"http:\/\/jornalrol.com.br\/index.php?rest_route=%2Fwp%2Fv2%2Fmedia&parent=80354"}],"wp:term":[{"taxonomy":"category","embeddable":true,"href":"http:\/\/jornalrol.com.br\/index.php?rest_route=%2Fwp%2Fv2%2Fcategories&post=80354"},{"taxonomy":"post_tag","embeddable":true,"href":"http:\/\/jornalrol.com.br\/index.php?rest_route=%2Fwp%2Fv2%2Ftags&post=80354"}],"curies":[{"name":"wp","href":"https:\/\/api.w.org\/{rel}","templated":true}]}}