{"id":80422,"date":"2026-04-29T10:25:13","date_gmt":"2026-04-29T13:25:13","guid":{"rendered":"https:\/\/jornalrol.com.br\/?p=80422"},"modified":"2026-04-29T10:25:28","modified_gmt":"2026-04-29T13:25:28","slug":"idioma-e-poesia","status":"publish","type":"post","link":"http:\/\/jornalrol.com.br\/?p=80422","title":{"rendered":"Idioma e poesia"},"content":{"rendered":"<div class=\"pdfprnt-buttons pdfprnt-buttons-post pdfprnt-top-right\"><a href=\"http:\/\/jornalrol.com.br\/index.php?rest_route=%2Fwp%2Fv2%2Fposts%2F80422&print=pdf\" class=\"pdfprnt-button pdfprnt-button-pdf\" target=\"_blank\" ><\/a><a href=\"http:\/\/jornalrol.com.br\/index.php?rest_route=%2Fwp%2Fv2%2Fposts%2F80422&print=print\" class=\"pdfprnt-button pdfprnt-button-print\" target=\"_blank\" ><img decoding=\"async\" src=\"https:\/\/jornalrol.com.br\/wp-content\/plugins\/pdf-print\/images\/print.png\" alt=\"image_print\" title=\"Conte\u00fado de impress\u00e3o\" \/><\/a><\/div>\n<h2 class=\"wp-block-heading has-text-align-center\">Jos\u00e9 Antonio Torres: Poema &#8216;Idioma e poesia&#8217;<br><br><\/h2>\n\n\n<div class=\"wp-block-image\">\n<figure class=\"aligncenter size-full is-resized\"><img loading=\"lazy\" decoding=\"async\" width=\"1080\" height=\"1306\" data-attachment-id=\"75635\" data-permalink=\"http:\/\/jornalrol.com.br\/?attachment_id=75635\" data-orig-file=\"http:\/\/jornalrol.com.br\/wp-content\/uploads\/2025\/09\/ccae34d0-7631-434d-b6b4-38dd9970ce56.jpeg\" data-orig-size=\"1080,1306\" data-comments-opened=\"1\" data-image-meta=\"{&quot;aperture&quot;:&quot;0&quot;,&quot;credit&quot;:&quot;&quot;,&quot;camera&quot;:&quot;&quot;,&quot;caption&quot;:&quot;&quot;,&quot;created_timestamp&quot;:&quot;0&quot;,&quot;copyright&quot;:&quot;&quot;,&quot;focal_length&quot;:&quot;0&quot;,&quot;iso&quot;:&quot;0&quot;,&quot;shutter_speed&quot;:&quot;0&quot;,&quot;title&quot;:&quot;&quot;,&quot;orientation&quot;:&quot;0&quot;}\" data-image-title=\"ccae34d0-7631-434d-b6b4-38dd9970ce56\" data-image-description=\"&lt;p&gt;Jos\u00e9 Antonio Torres&lt;\/p&gt;\n\" data-image-caption=\"&lt;p&gt;Jos\u00e9 Antonio Torres&lt;\/p&gt;\n\" data-large-file=\"http:\/\/jornalrol.com.br\/wp-content\/uploads\/2025\/09\/ccae34d0-7631-434d-b6b4-38dd9970ce56.jpeg\" src=\"http:\/\/jornalrol.com.br\/wp-content\/uploads\/2025\/09\/ccae34d0-7631-434d-b6b4-38dd9970ce56.jpeg\" alt=\"Jos\u00e9 Antonio Torres\" class=\"wp-image-75635\" style=\"aspect-ratio:0.8269624205879186;width:188px;height:auto\" srcset=\"http:\/\/jornalrol.com.br\/wp-content\/uploads\/2025\/09\/ccae34d0-7631-434d-b6b4-38dd9970ce56.jpeg 1080w, http:\/\/jornalrol.com.br\/wp-content\/uploads\/2025\/09\/ccae34d0-7631-434d-b6b4-38dd9970ce56-992x1200.jpeg 992w, http:\/\/jornalrol.com.br\/wp-content\/uploads\/2025\/09\/ccae34d0-7631-434d-b6b4-38dd9970ce56-768x929.jpeg 768w\" sizes=\"auto, (max-width: 1080px) 100vw, 1080px\" \/><figcaption class=\"wp-element-caption\">Jos\u00e9 Antonio Torres<\/figcaption><\/figure>\n<\/div>\n\n<div class=\"wp-block-image\">\n<figure class=\"aligncenter size-full is-resized\"><img loading=\"lazy\" decoding=\"async\" width=\"810\" height=\"1440\" data-attachment-id=\"80423\" data-permalink=\"http:\/\/jornalrol.com.br\/?attachment_id=80423\" data-orig-file=\"http:\/\/jornalrol.com.br\/wp-content\/uploads\/2026\/04\/009915da-7656-49d8-ab07-01cce54d24c3.jpg\" data-orig-size=\"810,1440\" data-comments-opened=\"1\" data-image-meta=\"{&quot;aperture&quot;:&quot;0&quot;,&quot;credit&quot;:&quot;&quot;,&quot;camera&quot;:&quot;&quot;,&quot;caption&quot;:&quot;&quot;,&quot;created_timestamp&quot;:&quot;0&quot;,&quot;copyright&quot;:&quot;&quot;,&quot;focal_length&quot;:&quot;0&quot;,&quot;iso&quot;:&quot;0&quot;,&quot;shutter_speed&quot;:&quot;0&quot;,&quot;title&quot;:&quot;&quot;,&quot;orientation&quot;:&quot;0&quot;}\" data-image-title=\"009915da-7656-49d8-ab07-01cce54d24c3\" data-image-description=\"\" data-image-caption=\"\" data-large-file=\"http:\/\/jornalrol.com.br\/wp-content\/uploads\/2026\/04\/009915da-7656-49d8-ab07-01cce54d24c3.jpg\" src=\"https:\/\/jornalrol.com.br\/wp-content\/uploads\/2026\/04\/009915da-7656-49d8-ab07-01cce54d24c3.jpg\" alt=\"\" class=\"wp-image-80423\" style=\"aspect-ratio:0.5624981314837514;width:282px;height:auto\" srcset=\"http:\/\/jornalrol.com.br\/wp-content\/uploads\/2026\/04\/009915da-7656-49d8-ab07-01cce54d24c3.jpg 810w, http:\/\/jornalrol.com.br\/wp-content\/uploads\/2026\/04\/009915da-7656-49d8-ab07-01cce54d24c3-675x1200.jpg 675w, http:\/\/jornalrol.com.br\/wp-content\/uploads\/2026\/04\/009915da-7656-49d8-ab07-01cce54d24c3-768x1365.jpg 768w\" sizes=\"auto, (max-width: 810px) 100vw, 810px\" \/><figcaption class=\"wp-element-caption\"><em>Imagem criada pela IA da Meta.<br>Gerada em 29 de abril, \u00e0s 08:16h<\/em><\/figcaption><\/figure>\n<\/div>\n\n\n<p class=\"has-text-align-center\">Ah, linguagem melodiosa do acalanto!&nbsp;<br>Idioma de Cam\u00f5es e Fernando Pessoa.&nbsp;<br>Quem ouve te adora, entoando o canto.<br>Sua beleza na for\u00e7a da alma ressoa.<\/p>\n\n\n\n<p class=\"has-text-align-center\">Idioma de Castro Alves, quem nunca leu e amou?<br>Espalhou-se por continentes, levado por Caravela.<br>Faz-me flutuar, pois que a tristeza da alma arrancou,<br>Desbravadores valentes falando uma linguagem t\u00e3o bela.<\/p>\n\n\n\n<p class=\"has-text-align-center\">Derivou-se do latim e aprimorou-se em nobreza.<br>S\u00edlabas de um jardim que encantam a Natureza.<br>Portugal, p\u00e1tria de origem da l\u00edngua portuguesa,<br>Onde os poetas criam poemas de grande beleza.<\/p>\n\n\n\n<p class=\"has-text-align-center\">Ao raiar no horizonte um dia de esplendor,&nbsp;<br>O idioma inspira o olor da maresia.<br>A l\u00edngua portuguesa de som encantador,&nbsp;<br>Mostra a beleza da terra e inspira poesia.<\/p>\n\n\n\n<h3 class=\"wp-block-heading has-text-align-center\"><br>Jos\u00e9 Antonio Torres<\/h3>\n\n\n\n<div class=\"wp-block-columns is-layout-flex wp-container-core-columns-is-layout-9d6595d7 wp-block-columns-is-layout-flex\">\n<div class=\"wp-block-column is-layout-flow wp-block-column-is-layout-flow\">\n<h3 class=\"wp-block-heading has-text-align-center has-electric-grass-gradient-background has-background\"><a href=\"https:\/\/www.facebook.com\/jose.antonio.torres.92380?locale=pt_BR\" target=\"_blank\" rel=\"noopener\" title=\"Facebook\">Facebook<\/a><\/h3>\n<\/div>\n\n\n\n<div class=\"wp-block-column is-layout-flow wp-block-column-is-layout-flow\">\n<h3 class=\"wp-block-heading has-text-align-center has-electric-grass-gradient-background has-background\"><a href=\"https:\/\/www.instagram.com\/comendador_jose_antonio_torres\/\" title=\"Instagram\">Instagram<\/a><\/h3>\n<\/div>\n<\/div>\n\n\n\n<p><a href=\"https:\/\/jornalrol.com.br\/\" title=\"Voltar\">Voltar<\/a><\/p>\n\n\n\n<p><a href=\"https:\/\/www.facebook.com\/JCulturalrol\/\" title=\"Facebook\">Facebook<\/a><\/p>\n","protected":false},"excerpt":{"rendered":"<p>Ah, linguagem melodiosa do acalanto! Idioma de Cam\u00f5es e Fernando Pessoa.<br \/>\nQuem ouve te adora, entoando o canto. Sua beleza na for\u00e7a da alma ressoa.<\/p>\n","protected":false},"author":104,"featured_media":80423,"comment_status":"open","ping_status":"closed","sticky":false,"template":"","format":"standard","meta":{"_jetpack_newsletter_access":"","_jetpack_dont_email_post_to_subs":false,"_jetpack_newsletter_tier_id":0,"_jetpack_memberships_contains_paywalled_content":false,"_jetpack_memberships_contains_paid_content":false,"footnotes":""},"categories":[9285,58],"tags":[12154,771,16476,1598,3808,16780,16781],"class_list":["post-80422","post","type-post","status-publish","format-standard","has-post-thumbnail","hentry","category-literatura","category-poesias","tag-acalanto","tag-alma","tag-camoes","tag-canto","tag-fernando-pessoa","tag-idioma-e-poesia","tag-linguagem-melodiosa"],"aioseo_notices":[],"views":350,"jetpack_featured_media_url":"http:\/\/jornalrol.com.br\/wp-content\/uploads\/2026\/04\/009915da-7656-49d8-ab07-01cce54d24c3.jpg","jetpack_sharing_enabled":true,"jetpack_likes_enabled":true,"jetpack-related-posts":[{"id":72145,"url":"http:\/\/jornalrol.com.br\/?p=72145","url_meta":{"origin":80422,"position":0},"title":"Poeme-se","author":"Jose Antonio Torres","date":"19 de fevereiro de 2025","format":false,"excerpt":"Na poesia me encontro. Garimpando letras, formando palavras, dando forma aos sentimentos. Com a poesia, mesmo na feiura, encontra-se o belo. O \u00e1rido fica...","rel":"","context":"Em &quot;Literatura&quot;","block_context":{"text":"Literatura","link":"http:\/\/jornalrol.com.br\/?cat=9285"},"img":{"alt_text":"Imagem criada por Ia do Bing - 19 de fevereiro de 2025, \u00e0s 08:00 PM","src":"https:\/\/i0.wp.com\/jornalrol.com.br\/wp-content\/uploads\/2025\/02\/OIG3.yxaH_.jpg?resize=350%2C200","width":350,"height":200,"srcset":"https:\/\/i0.wp.com\/jornalrol.com.br\/wp-content\/uploads\/2025\/02\/OIG3.yxaH_.jpg?resize=350%2C200 1x, https:\/\/i0.wp.com\/jornalrol.com.br\/wp-content\/uploads\/2025\/02\/OIG3.yxaH_.jpg?resize=525%2C300 1.5x, https:\/\/i0.wp.com\/jornalrol.com.br\/wp-content\/uploads\/2025\/02\/OIG3.yxaH_.jpg?resize=700%2C400 2x"},"classes":[]},{"id":77275,"url":"http:\/\/jornalrol.com.br\/?p=77275","url_meta":{"origin":80422,"position":1},"title":"Encantamento","author":"Jose Antonio Torres","date":"10 de dezembro de 2025","format":false,"excerpt":"A m\u00fasica suave\u2026 O multiaroma de um jardim florido onde desabrocha a mais linda flor. O som das ondas quebrando na praia\u2026 A brisa do mar fluindo pelo ar\u2026 Voc\u00ea!","rel":"","context":"Em &quot;Literatura&quot;","block_context":{"text":"Literatura","link":"http:\/\/jornalrol.com.br\/?cat=9285"},"img":{"alt_text":"Imagem criada por IA do Bing - 10 de dezembro de 2025, \u00e0s 7:42 PM","src":"https:\/\/i0.wp.com\/jornalrol.com.br\/wp-content\/uploads\/2025\/12\/ed88c382-597b-426c-905c-5c836f373b0f.jpg?resize=350%2C200","width":350,"height":200},"classes":[]},{"id":66456,"url":"http:\/\/jornalrol.com.br\/?p=66456","url_meta":{"origin":80422,"position":2},"title":"No Quadro do ROL, Jos\u00e9 Antonio Torres, o Garimpeiro das Letras!","author":"Sergio Diniz da Costa","date":"13 de maio de 2024","format":false,"excerpt":"Jos\u00e9 Antonio Torres, natural do Rio de Janeiro (RJ), \u00e9 poeta, escritor e militar do Ex\u00e9rcito \u2013 reformado. Agraciado com dois T\u00edtulos Dr. H. C. em literatura...","rel":"","context":"Em &quot;Apresenta\u00e7\u00e3o de colunista&quot;","block_context":{"text":"Apresenta\u00e7\u00e3o de colunista","link":"http:\/\/jornalrol.com.br\/?cat=10981"},"img":{"alt_text":"Jose Antonio Torres","src":"https:\/\/i0.wp.com\/jornalrol.com.br\/wp-content\/uploads\/2024\/05\/FOTO-Jose-Antonio-Torres.jpg?resize=350%2C200","width":350,"height":200,"srcset":"https:\/\/i0.wp.com\/jornalrol.com.br\/wp-content\/uploads\/2024\/05\/FOTO-Jose-Antonio-Torres.jpg?resize=350%2C200 1x, https:\/\/i0.wp.com\/jornalrol.com.br\/wp-content\/uploads\/2024\/05\/FOTO-Jose-Antonio-Torres.jpg?resize=525%2C300 1.5x"},"classes":[]},{"id":10037,"url":"http:\/\/jornalrol.com.br\/?p=10037","url_meta":{"origin":80422,"position":3},"title":"Nicanor Filadelfo Pereira: &#039;Canto \u00e0 L\u00edngua Portuguesa&#039;","author":"Sergio Diniz da Costa","date":"6 de maio de 2017","format":false,"excerpt":"Lembrando que o dia 05 de maio \u00e9 uma das datas em que se comemora a L\u00edngua Portuguesa - a sexta mais falada no mundo - , o colunista e poeta parnasiano Nicanor Filadelfo Pereira presta sua homenagem a ela por meio de um bel\u00edssimo soneto Canto \u00e0 L\u00edngua Portuguesa\u2026","rel":"","context":"Em &quot;Comunica\u00e7\u00e3o&quot;","block_context":{"text":"Comunica\u00e7\u00e3o","link":"http:\/\/jornalrol.com.br\/?cat=7"},"img":{"alt_text":"","src":"https:\/\/i0.wp.com\/www.jornalrol.com.br\/wp-content\/uploads\/2017\/01\/nicanor-pereira.jpg?resize=350%2C200","width":350,"height":200},"classes":[]},{"id":69511,"url":"http:\/\/jornalrol.com.br\/?p=69511","url_meta":{"origin":80422,"position":4},"title":"Palavras sufocadas","author":"Jose Antonio Torres","date":"20 de setembro de 2024","format":false,"excerpt":"Quantas vezes o peito parece sufocar a mente confusa em profundo torvelinho; A ang\u00fastia tomar conta da alma; nada fazer sentido; sensa\u00e7\u00e3o de afastamento de...","rel":"","context":"Em &quot;Literatura&quot;","block_context":{"text":"Literatura","link":"http:\/\/jornalrol.com.br\/?cat=9285"},"img":{"alt_text":"\"\u00c9 imperioso quebrar essa corrente que nos oprime\"","src":"https:\/\/i0.wp.com\/jornalrol.com.br\/wp-content\/uploads\/2024\/09\/OIG2-3-1.jpeg?resize=350%2C200","width":350,"height":200,"srcset":"https:\/\/i0.wp.com\/jornalrol.com.br\/wp-content\/uploads\/2024\/09\/OIG2-3-1.jpeg?resize=350%2C200 1x, https:\/\/i0.wp.com\/jornalrol.com.br\/wp-content\/uploads\/2024\/09\/OIG2-3-1.jpeg?resize=525%2C300 1.5x, https:\/\/i0.wp.com\/jornalrol.com.br\/wp-content\/uploads\/2024\/09\/OIG2-3-1.jpeg?resize=700%2C400 2x"},"classes":[]},{"id":70203,"url":"http:\/\/jornalrol.com.br\/?p=70203","url_meta":{"origin":80422,"position":5},"title":"O c\u00e9u toca o mar","author":"Jose Antonio Torres","date":"16 de outubro de 2024","format":false,"excerpt":"A beleza dos sentimentos; os relacionamentos intensos e vividos; os rios que tocam as margens; a chuva que toca o solo para irrig\u00e1-lo e fazer germinar as flores","rel":"","context":"Em &quot;Literatura&quot;","block_context":{"text":"Literatura","link":"http:\/\/jornalrol.com.br\/?cat=9285"},"img":{"alt_text":"\"... o c\u00e9u toca o mar no horizonte...\" Imagem gerada por IA do Bing - 15 de outubro de 2024 \u00e0s 5:21 PM","src":"https:\/\/i0.wp.com\/jornalrol.com.br\/wp-content\/uploads\/2024\/10\/OIG2.JkCt8_.jpeg?resize=350%2C200","width":350,"height":200,"srcset":"https:\/\/i0.wp.com\/jornalrol.com.br\/wp-content\/uploads\/2024\/10\/OIG2.JkCt8_.jpeg?resize=350%2C200 1x, https:\/\/i0.wp.com\/jornalrol.com.br\/wp-content\/uploads\/2024\/10\/OIG2.JkCt8_.jpeg?resize=525%2C300 1.5x, https:\/\/i0.wp.com\/jornalrol.com.br\/wp-content\/uploads\/2024\/10\/OIG2.JkCt8_.jpeg?resize=700%2C400 2x"},"classes":[]}],"_links":{"self":[{"href":"http:\/\/jornalrol.com.br\/index.php?rest_route=\/wp\/v2\/posts\/80422","targetHints":{"allow":["GET"]}}],"collection":[{"href":"http:\/\/jornalrol.com.br\/index.php?rest_route=\/wp\/v2\/posts"}],"about":[{"href":"http:\/\/jornalrol.com.br\/index.php?rest_route=\/wp\/v2\/types\/post"}],"author":[{"embeddable":true,"href":"http:\/\/jornalrol.com.br\/index.php?rest_route=\/wp\/v2\/users\/104"}],"replies":[{"embeddable":true,"href":"http:\/\/jornalrol.com.br\/index.php?rest_route=%2Fwp%2Fv2%2Fcomments&post=80422"}],"version-history":[{"count":2,"href":"http:\/\/jornalrol.com.br\/index.php?rest_route=\/wp\/v2\/posts\/80422\/revisions"}],"predecessor-version":[{"id":80425,"href":"http:\/\/jornalrol.com.br\/index.php?rest_route=\/wp\/v2\/posts\/80422\/revisions\/80425"}],"wp:featuredmedia":[{"embeddable":true,"href":"http:\/\/jornalrol.com.br\/index.php?rest_route=\/wp\/v2\/media\/80423"}],"wp:attachment":[{"href":"http:\/\/jornalrol.com.br\/index.php?rest_route=%2Fwp%2Fv2%2Fmedia&parent=80422"}],"wp:term":[{"taxonomy":"category","embeddable":true,"href":"http:\/\/jornalrol.com.br\/index.php?rest_route=%2Fwp%2Fv2%2Fcategories&post=80422"},{"taxonomy":"post_tag","embeddable":true,"href":"http:\/\/jornalrol.com.br\/index.php?rest_route=%2Fwp%2Fv2%2Ftags&post=80422"}],"curies":[{"name":"wp","href":"https:\/\/api.w.org\/{rel}","templated":true}]}}