{"id":80465,"date":"2026-04-30T08:12:00","date_gmt":"2026-04-30T11:12:00","guid":{"rendered":"https:\/\/jornalrol.com.br\/?p=80465"},"modified":"2026-04-30T06:17:12","modified_gmt":"2026-04-30T09:17:12","slug":"o-equilibrio-invisivel","status":"publish","type":"post","link":"http:\/\/jornalrol.com.br\/?p=80465","title":{"rendered":"O equil\u00edbrio invis\u00edvel"},"content":{"rendered":"<div class=\"pdfprnt-buttons pdfprnt-buttons-post pdfprnt-top-right\"><a href=\"http:\/\/jornalrol.com.br\/index.php?rest_route=%2Fwp%2Fv2%2Fposts%2F80465&print=pdf\" class=\"pdfprnt-button pdfprnt-button-pdf\" target=\"_blank\" ><\/a><a href=\"http:\/\/jornalrol.com.br\/index.php?rest_route=%2Fwp%2Fv2%2Fposts%2F80465&print=print\" class=\"pdfprnt-button pdfprnt-button-print\" target=\"_blank\" ><img decoding=\"async\" src=\"https:\/\/jornalrol.com.br\/wp-content\/plugins\/pdf-print\/images\/print.png\" alt=\"image_print\" title=\"Conte\u00fado de impress\u00e3o\" \/><\/a><\/div>\n<h2 class=\"wp-block-heading has-text-align-center\">SA\u00daDE INTEGRAL<br><br> Joelson Mora: Artigo &#8216;O equil\u00edbrio invis\u00edvel&#8217;<br><br><\/h2>\n\n\n<div class=\"wp-block-image\">\n<figure class=\"aligncenter size-full is-resized\"><img loading=\"lazy\" decoding=\"async\" width=\"960\" height=\"955\" data-attachment-id=\"65158\" data-permalink=\"http:\/\/jornalrol.com.br\/?attachment_id=65158\" data-orig-file=\"http:\/\/jornalrol.com.br\/wp-content\/uploads\/2024\/03\/78d64274-3f32-49b2-840f-2da823db2060.jpg\" data-orig-size=\"960,955\" data-comments-opened=\"1\" data-image-meta=\"{&quot;aperture&quot;:&quot;0&quot;,&quot;credit&quot;:&quot;&quot;,&quot;camera&quot;:&quot;&quot;,&quot;caption&quot;:&quot;&quot;,&quot;created_timestamp&quot;:&quot;0&quot;,&quot;copyright&quot;:&quot;&quot;,&quot;focal_length&quot;:&quot;0&quot;,&quot;iso&quot;:&quot;0&quot;,&quot;shutter_speed&quot;:&quot;0&quot;,&quot;title&quot;:&quot;&quot;,&quot;orientation&quot;:&quot;0&quot;}\" data-image-title=\"78d64274-3f32-49b2-840f-2da823db2060\" data-image-description=\"&lt;p&gt;Joelson Mora&lt;\/p&gt;\n\" data-image-caption=\"&lt;p&gt;Joelson Mora&lt;\/p&gt;\n\" data-large-file=\"http:\/\/jornalrol.com.br\/wp-content\/uploads\/2024\/03\/78d64274-3f32-49b2-840f-2da823db2060.jpg\" src=\"http:\/\/jornalrol.com.br\/wp-content\/uploads\/2024\/03\/78d64274-3f32-49b2-840f-2da823db2060.jpg\" alt=\"Joelson Mora\" class=\"wp-image-65158\" style=\"aspect-ratio:1.0052359208523591;width:210px;height:auto\" srcset=\"http:\/\/jornalrol.com.br\/wp-content\/uploads\/2024\/03\/78d64274-3f32-49b2-840f-2da823db2060.jpg 960w, http:\/\/jornalrol.com.br\/wp-content\/uploads\/2024\/03\/78d64274-3f32-49b2-840f-2da823db2060-768x764.jpg 768w\" sizes=\"auto, (max-width: 960px) 100vw, 960px\" \/><figcaption class=\"wp-element-caption\">Joelson Mora<\/figcaption><\/figure>\n<\/div>\n\n<div class=\"wp-block-image\">\n<figure class=\"aligncenter size-full is-resized\"><img loading=\"lazy\" decoding=\"async\" width=\"1024\" height=\"1536\" data-attachment-id=\"80466\" data-permalink=\"http:\/\/jornalrol.com.br\/?attachment_id=80466\" data-orig-file=\"http:\/\/jornalrol.com.br\/wp-content\/uploads\/2026\/04\/3B1B1BE1-099C-40BD-921D-0DCC603C5797.jpg\" data-orig-size=\"1024,1536\" data-comments-opened=\"1\" data-image-meta=\"{&quot;aperture&quot;:&quot;0&quot;,&quot;credit&quot;:&quot;&quot;,&quot;camera&quot;:&quot;&quot;,&quot;caption&quot;:&quot;&quot;,&quot;created_timestamp&quot;:&quot;0&quot;,&quot;copyright&quot;:&quot;&quot;,&quot;focal_length&quot;:&quot;0&quot;,&quot;iso&quot;:&quot;0&quot;,&quot;shutter_speed&quot;:&quot;0&quot;,&quot;title&quot;:&quot;&quot;,&quot;orientation&quot;:&quot;0&quot;}\" data-image-title=\"3B1B1BE1-099C-40BD-921D-0DCC603C5797\" data-image-description=\"\" data-image-caption=\"\" data-large-file=\"http:\/\/jornalrol.com.br\/wp-content\/uploads\/2026\/04\/3B1B1BE1-099C-40BD-921D-0DCC603C5797.jpg\" src=\"https:\/\/jornalrol.com.br\/wp-content\/uploads\/2026\/04\/3B1B1BE1-099C-40BD-921D-0DCC603C5797.jpg\" alt=\"\" class=\"wp-image-80466\" style=\"width:334px;height:auto\" srcset=\"http:\/\/jornalrol.com.br\/wp-content\/uploads\/2026\/04\/3B1B1BE1-099C-40BD-921D-0DCC603C5797.jpg 1024w, http:\/\/jornalrol.com.br\/wp-content\/uploads\/2026\/04\/3B1B1BE1-099C-40BD-921D-0DCC603C5797-800x1200.jpg 800w, http:\/\/jornalrol.com.br\/wp-content\/uploads\/2026\/04\/3B1B1BE1-099C-40BD-921D-0DCC603C5797-768x1152.jpg 768w\" sizes=\"auto, (max-width: 1024px) 100vw, 1024px\" \/><figcaption class=\"wp-element-caption\"><em>Imagem criada pela IA do Bing &#8211; 29 de abril de 2026,<\/em><br><em> \u00e0s 23:00 PM<\/em><\/figcaption><\/figure>\n<\/div>\n\n\n<p class=\"has-drop-cap\">Entre o orgulho que constr\u00f3i e o orgulho que destr\u00f3i.<\/p>\n\n\n\n<p>Existe uma linha silenciosa, quase impercept\u00edvel, entre aquilo que nos fortalece e aquilo que nos derruba.<\/p>\n\n\n\n<p>Chamamos essa linha de orgulho.<\/p>\n\n\n\n<p>O orgulho, em sua ess\u00eancia, n\u00e3o \u00e9 um vil\u00e3o. Ele nasce quando reconhecemos uma conquista, quando honramos nossa jornada, quando percebemos que estamos evoluindo. A ci\u00eancia, inclusive, confirma isso: estudos em psicologia mostram que existe o chamado orgulho aut\u00eantico, associado \u00e0 autoestima saud\u00e1vel, sensa\u00e7\u00e3o de compet\u00eancia e bem-estar. &nbsp;<\/p>\n\n\n\n<p>Mas h\u00e1 um outro lado mais sutil, mais perigoso, o orgulho arrogante. Esse, por sua vez, se manifesta na incapacidade de reconhecer erros, na sensa\u00e7\u00e3o de superioridade e na desconex\u00e3o com a realidade. E aqui come\u00e7a a ru\u00edna. &nbsp;<\/p>\n\n\n\n<p>Porque o problema nunca foi sentir orgulho.<\/p>\n\n\n\n<p>O problema \u00e9 quando ele deixa de ser consci\u00eancia\u2026 e passa a ser ilus\u00e3o.<\/p>\n\n\n\n<p>Existe um princ\u00edpio antigo, profundamente observado ao longo da hist\u00f3ria humana: antes da queda, h\u00e1 sempre uma eleva\u00e7\u00e3o desordenada do ego.<\/p>\n\n\n\n<p>A arrog\u00e2ncia n\u00e3o surge do nada. Ela nasce de um excesso de autoimagem inflada, de reconhecimento distorcido, de uma identidade que j\u00e1 n\u00e3o precisa mais aprender.<\/p>\n\n\n\n<p>A psicologia descreve esse fen\u00f4meno com precis\u00e3o: pessoas arrogantes tendem a ter maior dificuldade de autocr\u00edtica, menor capacidade de crescimento e mais conflitos interpessoais.&nbsp; Ou seja: quanto maior a sensa\u00e7\u00e3o de \u201cj\u00e1 cheguei\u201d, menor a possibilidade de evolu\u00e7\u00e3o.<\/p>\n\n\n\n<p>E isso explica por que tantas trajet\u00f3rias brilhantes desmoronam.<\/p>\n\n\n\n<p>N\u00e3o \u00e9 falta de talento.<\/p>\n\n\n\n<p>\u00c9 excesso de si mesmo.<\/p>\n\n\n\n<p>Existe um tipo ainda mais sofisticado e mais perigoso de orgulho: aquele que se esconde atr\u00e1s da humildade.<\/p>\n\n\n\n<p>A falsa humildade n\u00e3o se apresenta como grandeza\u2026 mas como pequenez estrat\u00e9gica.<\/p>\n\n\n\n<p>\u00c9 quando a pessoa se diminui para ser validada.<\/p>\n\n\n\n<p>Quando diz \u201cn\u00e3o sou nada\u201d, mas espera ser exaltada.<\/p>\n\n\n\n<p>Quando se coloca abaixo, mas internamente deseja estar acima.<\/p>\n\n\n\n<p>Isso n\u00e3o \u00e9 humildade.<\/p>\n\n\n\n<p>Isso ainda \u00e9 orgulho s\u00f3 que invertido.<\/p>\n\n\n\n<p>\u00c9 o ego que n\u00e3o conseguiu crescer\u2026 e decidiu se esconder.<\/p>\n\n\n\n<p>Humildade n\u00e3o \u00e9 ser pequeno<\/p>\n\n\n\n<p>Um dos maiores equ\u00edvocos humanos \u00e9 confundir humildade com mis\u00e9ria emocional.<\/p>\n\n\n\n<p>Ser humilde n\u00e3o \u00e9 se anular.<\/p>\n\n\n\n<p>N\u00e3o \u00e9 aceitar menos do que se \u00e9.<\/p>\n\n\n\n<p>N\u00e3o \u00e9 viver em escassez interna.<\/p>\n\n\n\n<p>Humildade \u00e9 consci\u00eancia.<\/p>\n\n\n\n<p>\u00c9 saber quem voc\u00ea \u00e9 sem precisar provar.<\/p>\n\n\n\n<p>\u00c9 reconhecer suas for\u00e7as sem precisar exibir.<\/p>\n\n\n\n<p>\u00c9 admitir suas falhas sem se destruir por elas.<\/p>\n\n\n\n<p>A verdadeira humildade n\u00e3o diminui o indiv\u00edduo.<\/p>\n\n\n\n<p>Ela o posiciona.<\/p>\n\n\n\n<p>Enquanto o orgulho exagerado distorce a identidade para cima, e o vitimismo distorce para baixo, a humildade alinha.<\/p>\n\n\n\n<p>Pouco se fala, mas o vitimismo tamb\u00e9m \u00e9 uma forma de orgulho.<\/p>\n\n\n\n<p>Sim, um orgulho ferido.<\/p>\n\n\n\n<p>\u00c9 quando a pessoa se apega \u00e0 dor como identidade.<\/p>\n\n\n\n<p>Quando transforma a pr\u00f3pria limita\u00e7\u00e3o em narrativa permanente.<\/p>\n\n\n\n<p>Quando se recusa a crescer, porque crescer exige responsabilidade.<\/p>\n\n\n\n<p>No fundo, o vitimismo diz:<\/p>\n\n\n\n<p>\u201cEu n\u00e3o mudo, o mundo que deveria mudar para mim.\u201d<\/p>\n\n\n\n<p>E isso paralisa.<\/p>\n\n\n\n<p>Porque enquanto a arrog\u00e2ncia impede o aprendizado por excesso de ego, o vitimismo impede por aus\u00eancia de a\u00e7\u00e3o.<\/p>\n\n\n\n<p>Ambos levam ao mesmo lugar: estagna\u00e7\u00e3o.<\/p>\n\n\n\n<p>Quando o orgulho se combina com o desejo descontrolado por mais, mais status, mais poder, mais reconhecimento, nasce a gan\u00e2ncia.<\/p>\n\n\n\n<p>E aqui o problema se aprofunda.<\/p>\n\n\n\n<p>Estudos em comportamento social mostram que tra\u00e7os como arrog\u00e2ncia e gan\u00e2ncia tendem a prejudicar a coopera\u00e7\u00e3o, enfraquecer rela\u00e7\u00f5es e comprometer decis\u00f5es coletivas. Ou seja, o indiv\u00edduo at\u00e9 pode subir\u2026<\/p>\n\n\n\n<p>Mas sobe sozinho.<\/p>\n\n\n\n<p>E, muitas vezes, cai sem sustenta\u00e7\u00e3o.<\/p>\n\n\n\n<p>Porque aquilo que n\u00e3o \u00e9 constru\u00eddo com consci\u00eancia, n\u00e3o se sustenta com o tempo.<\/p>\n\n\n\n<p>A sa\u00fade integral, f\u00edsica, emocional e espiritual, exige um equil\u00edbrio fino:<\/p>\n\n\n\n<p>Orgulho suficiente para reconhecer seu valor<\/p>\n\n\n\n<p>Humildade suficiente para continuar aprendendo<\/p>\n\n\n\n<p>Confian\u00e7a para avan\u00e7ar<\/p>\n\n\n\n<p>Consci\u00eancia para n\u00e3o se perder<\/p>\n\n\n\n<p>For\u00e7a para conquistar<\/p>\n\n\n\n<p>Sabedoria para permanecer<\/p>\n\n\n\n<p>A arte da vida n\u00e3o est\u00e1 em eliminar o orgulho.<\/p>\n\n\n\n<p>Est\u00e1 em refin\u00e1-lo.<\/p>\n\n\n\n<p>Transformar o orgulho em gratid\u00e3o.<\/p>\n\n\n\n<p>A conquista em servi\u00e7o.<\/p>\n\n\n\n<p>O crescimento em consci\u00eancia.<\/p>\n\n\n\n<p>Porque no fim\u2026<\/p>\n\n\n\n<p>n\u00e3o \u00e9 sobre o quanto voc\u00ea sobe.<\/p>\n\n\n\n<p>\u00c9 sobre quem voc\u00ea se torna enquanto sobe.<\/p>\n\n\n\n<p>Do que voc\u00ea se orgulha em sua vida?<\/p>\n\n\n\n<h3 class=\"wp-block-heading has-text-align-center\">Joelson Mora<\/h3>\n\n\n\n<div class=\"wp-block-columns is-layout-flex wp-container-core-columns-is-layout-9d6595d7 wp-block-columns-is-layout-flex\">\n<div class=\"wp-block-column is-layout-flow wp-block-column-is-layout-flow\">\n<h3 class=\"wp-block-heading has-text-align-center has-electric-grass-gradient-background has-background\"><a href=\"https:\/\/www.facebook.com\/joelson.mora\" target=\"_blank\" rel=\"noopener\" title=\"Facebook\">Facebook<\/a><\/h3>\n<\/div>\n\n\n\n<div class=\"wp-block-column is-layout-flow wp-block-column-is-layout-flow\">\n<h3 class=\"wp-block-heading has-text-align-center has-electric-grass-gradient-background has-background\"><a href=\"https:\/\/www.instagram.com\/ojoelsonmora\/\" title=\"Instagram\">Instagram<\/a><\/h3>\n<\/div>\n<\/div>\n\n\n\n<p><a href=\"https:\/\/jornalrol.com.br\/\" title=\"Voltar\">Voltar<\/a><\/p>\n\n\n\n<p><a href=\"https:\/\/www.facebook.com\/JCulturalrol\/\" title=\"Facebook\">Facebook<\/a><\/p>\n","protected":false},"excerpt":{"rendered":"<p>Entre o orgulho que constr\u00f3i e o orgulho que destr\u00f3i existe uma linha silenciosa, quase impercept\u00edvel, entre aquilo que nos fortalece e aquilo que nos derruba.<\/p>\n","protected":false},"author":101,"featured_media":80466,"comment_status":"open","ping_status":"closed","sticky":false,"template":"","format":"standard","meta":{"_jetpack_newsletter_access":"","_jetpack_dont_email_post_to_subs":false,"_jetpack_newsletter_tier_id":0,"_jetpack_memberships_contains_paywalled_content":false,"_jetpack_memberships_contains_paid_content":false,"footnotes":""},"categories":[9398,9285],"tags":[16798,10472,13065],"class_list":["post-80465","post","type-post","status-publish","format-standard","has-post-thumbnail","hentry","category-artigos","category-literatura","tag-equilibrio-invisivel","tag-orgulho","tag-saude-integral-2"],"aioseo_notices":[],"views":153,"jetpack_featured_media_url":"http:\/\/jornalrol.com.br\/wp-content\/uploads\/2026\/04\/3B1B1BE1-099C-40BD-921D-0DCC603C5797.jpg","jetpack_sharing_enabled":true,"jetpack_likes_enabled":true,"jetpack-related-posts":[{"id":76928,"url":"http:\/\/jornalrol.com.br\/?p=76928","url_meta":{"origin":80465,"position":0},"title":"O despertar","author":"Joelson Mora da Silva","date":"26 de novembro de 2025","format":false,"excerpt":"Alegria, felicidade, prote\u00e7\u00e3o divina, harmonia, plenitude, equil\u00edbrio, sorte, f\u00e9, esperan\u00e7a, \u00eaxito e conquistas. Palavras que parecem distantes umas das...","rel":"","context":"Em &quot;artigos&quot;","block_context":{"text":"artigos","link":"http:\/\/jornalrol.com.br\/?cat=9398"},"img":{"alt_text":"Imagem criada por IA do Bing em 25 de novembro de 2025, \u00e0s 17:00 PM","src":"https:\/\/i0.wp.com\/jornalrol.com.br\/wp-content\/uploads\/2025\/11\/4108f1b1-1c5b-455e-8982-d3e98ac21013.jpg?resize=350%2C200","width":350,"height":200,"srcset":"https:\/\/i0.wp.com\/jornalrol.com.br\/wp-content\/uploads\/2025\/11\/4108f1b1-1c5b-455e-8982-d3e98ac21013.jpg?resize=350%2C200 1x, https:\/\/i0.wp.com\/jornalrol.com.br\/wp-content\/uploads\/2025\/11\/4108f1b1-1c5b-455e-8982-d3e98ac21013.jpg?resize=525%2C300 1.5x, https:\/\/i0.wp.com\/jornalrol.com.br\/wp-content\/uploads\/2025\/11\/4108f1b1-1c5b-455e-8982-d3e98ac21013.jpg?resize=700%2C400 2x"},"classes":[]},{"id":64806,"url":"http:\/\/jornalrol.com.br\/?p=64806","url_meta":{"origin":80465,"position":1},"title":"No Quadro do ROL, Joelson Mora, o  Personal Trainer das Letras!","author":"Sergio Diniz da Costa","date":"5 de mar\u00e7o de 2024","format":false,"excerpt":"Joelson Mora \u00e9 apresentador do Joelson Podcast pela Fox Rock, a r\u00e1dio rock de Sorocaba, 87.7 FM, bem como escritor de cr\u00f4nicas e artigos cient\u00edficos...","rel":"","context":"Em &quot;Apresenta\u00e7\u00e3o de colunista&quot;","block_context":{"text":"Apresenta\u00e7\u00e3o de colunista","link":"http:\/\/jornalrol.com.br\/?cat=10981"},"img":{"alt_text":"O que \u00e9 a sa\u00fade integral?","src":"https:\/\/i0.wp.com\/jornalrol.com.br\/wp-content\/uploads\/2024\/03\/OIG1-1.jpg?resize=350%2C200","width":350,"height":200,"srcset":"https:\/\/i0.wp.com\/jornalrol.com.br\/wp-content\/uploads\/2024\/03\/OIG1-1.jpg?resize=350%2C200 1x, https:\/\/i0.wp.com\/jornalrol.com.br\/wp-content\/uploads\/2024\/03\/OIG1-1.jpg?resize=525%2C300 1.5x, https:\/\/i0.wp.com\/jornalrol.com.br\/wp-content\/uploads\/2024\/03\/OIG1-1.jpg?resize=700%2C400 2x"},"classes":[]},{"id":65708,"url":"http:\/\/jornalrol.com.br\/?p=65708","url_meta":{"origin":80465,"position":2},"title":"Sa\u00fade Integral: O pilar da sa\u00fade financeira","author":"Joelson Mora da Silva","date":"15 de abril de 2024","format":false,"excerpt":"A busca pela sa\u00fade integral vai al\u00e9m do f\u00edsico, abrangendo aspectos emocionais, mentais e financeiros. Venho aqui destacar a correla\u00e7\u00e3o entre sa\u00fade integral...","rel":"","context":"Em &quot;artigos&quot;","block_context":{"text":"artigos","link":"http:\/\/jornalrol.com.br\/?cat=9398"},"img":{"alt_text":"Sa\u00fade Integral: O pilar da sa\u00fade financeira","src":"https:\/\/i0.wp.com\/jornalrol.com.br\/wp-content\/uploads\/2024\/04\/OIG2.YKn_.jpg?resize=350%2C200","width":350,"height":200,"srcset":"https:\/\/i0.wp.com\/jornalrol.com.br\/wp-content\/uploads\/2024\/04\/OIG2.YKn_.jpg?resize=350%2C200 1x, https:\/\/i0.wp.com\/jornalrol.com.br\/wp-content\/uploads\/2024\/04\/OIG2.YKn_.jpg?resize=525%2C300 1.5x, https:\/\/i0.wp.com\/jornalrol.com.br\/wp-content\/uploads\/2024\/04\/OIG2.YKn_.jpg?resize=700%2C400 2x"},"classes":[]},{"id":67278,"url":"http:\/\/jornalrol.com.br\/?p=67278","url_meta":{"origin":80465,"position":3},"title":"O voo da \u00e1guia &#8211; Renova\u00e7\u00e3o","author":"Joelson Mora da Silva","date":"10 de junho de 2024","format":false,"excerpt":"A sa\u00fade integral busca um equil\u00edbrio harmonioso entre os elementos que constituem o ser humano. Neste contexto, o conceito de renova\u00e7\u00e3o e o s\u00edmbolo da \u00e1guia","rel":"","context":"Em &quot;artigos&quot;","block_context":{"text":"artigos","link":"http:\/\/jornalrol.com.br\/?cat=9398"},"img":{"alt_text":"O voo da \u00e1guia como s\u00edmbolo d renova\u00e7\u00e3o","src":"https:\/\/i0.wp.com\/jornalrol.com.br\/wp-content\/uploads\/2024\/06\/OIG4.jpeg?resize=350%2C200","width":350,"height":200,"srcset":"https:\/\/i0.wp.com\/jornalrol.com.br\/wp-content\/uploads\/2024\/06\/OIG4.jpeg?resize=350%2C200 1x, https:\/\/i0.wp.com\/jornalrol.com.br\/wp-content\/uploads\/2024\/06\/OIG4.jpeg?resize=525%2C300 1.5x, https:\/\/i0.wp.com\/jornalrol.com.br\/wp-content\/uploads\/2024\/06\/OIG4.jpeg?resize=700%2C400 2x"},"classes":[]},{"id":76557,"url":"http:\/\/jornalrol.com.br\/?p=76557","url_meta":{"origin":80465,"position":4},"title":"Renova\u00e7\u00e3o","author":"Joelson Mora da Silva","date":"4 de novembro de 2025","format":false,"excerpt":"H\u00e1 momentos em que o corpo pede pausa, a mente clama por sil\u00eancio e o cora\u00e7\u00e3o sussurra que \u00e9 hora de recome\u00e7ar. N\u00e3o se trata de fraqueza, desist\u00eancia ou...","rel":"","context":"Em &quot;artigos&quot;","block_context":{"text":"artigos","link":"http:\/\/jornalrol.com.br\/?cat=9398"},"img":{"alt_text":"Imagem criada por IA da Meta em 04 de novembro de 2025, \u00e0s 9:30 PM","src":"https:\/\/i0.wp.com\/jornalrol.com.br\/wp-content\/uploads\/2025\/11\/1000787881.jpg?resize=350%2C200","width":350,"height":200,"srcset":"https:\/\/i0.wp.com\/jornalrol.com.br\/wp-content\/uploads\/2025\/11\/1000787881.jpg?resize=350%2C200 1x, https:\/\/i0.wp.com\/jornalrol.com.br\/wp-content\/uploads\/2025\/11\/1000787881.jpg?resize=525%2C300 1.5x, https:\/\/i0.wp.com\/jornalrol.com.br\/wp-content\/uploads\/2025\/11\/1000787881.jpg?resize=700%2C400 2x"},"classes":[]},{"id":67870,"url":"http:\/\/jornalrol.com.br\/?p=67870","url_meta":{"origin":80465,"position":5},"title":"Lidando com as decep\u00e7\u00f5es","author":"Joelson Mora da Silva","date":"1 de julho de 2024","format":false,"excerpt":"A sa\u00fade integral n\u00e3o se refere apenas ao bem-estar f\u00edsico, mas engloba tamb\u00e9m a sa\u00fade mental, emocional e espiritual. Entre os desafios mais comuns...","rel":"","context":"Em &quot;artigos&quot;","block_context":{"text":"artigos","link":"http:\/\/jornalrol.com.br\/?cat=9398"},"img":{"alt_text":"Sa\u00fade integral: lidando com as decep\u00e7\u00f5es","src":"https:\/\/i0.wp.com\/jornalrol.com.br\/wp-content\/uploads\/2024\/07\/OIG2-2.jpeg?resize=350%2C200","width":350,"height":200,"srcset":"https:\/\/i0.wp.com\/jornalrol.com.br\/wp-content\/uploads\/2024\/07\/OIG2-2.jpeg?resize=350%2C200 1x, https:\/\/i0.wp.com\/jornalrol.com.br\/wp-content\/uploads\/2024\/07\/OIG2-2.jpeg?resize=525%2C300 1.5x, https:\/\/i0.wp.com\/jornalrol.com.br\/wp-content\/uploads\/2024\/07\/OIG2-2.jpeg?resize=700%2C400 2x"},"classes":[]}],"_links":{"self":[{"href":"http:\/\/jornalrol.com.br\/index.php?rest_route=\/wp\/v2\/posts\/80465","targetHints":{"allow":["GET"]}}],"collection":[{"href":"http:\/\/jornalrol.com.br\/index.php?rest_route=\/wp\/v2\/posts"}],"about":[{"href":"http:\/\/jornalrol.com.br\/index.php?rest_route=\/wp\/v2\/types\/post"}],"author":[{"embeddable":true,"href":"http:\/\/jornalrol.com.br\/index.php?rest_route=\/wp\/v2\/users\/101"}],"replies":[{"embeddable":true,"href":"http:\/\/jornalrol.com.br\/index.php?rest_route=%2Fwp%2Fv2%2Fcomments&post=80465"}],"version-history":[{"count":2,"href":"http:\/\/jornalrol.com.br\/index.php?rest_route=\/wp\/v2\/posts\/80465\/revisions"}],"predecessor-version":[{"id":80468,"href":"http:\/\/jornalrol.com.br\/index.php?rest_route=\/wp\/v2\/posts\/80465\/revisions\/80468"}],"wp:featuredmedia":[{"embeddable":true,"href":"http:\/\/jornalrol.com.br\/index.php?rest_route=\/wp\/v2\/media\/80466"}],"wp:attachment":[{"href":"http:\/\/jornalrol.com.br\/index.php?rest_route=%2Fwp%2Fv2%2Fmedia&parent=80465"}],"wp:term":[{"taxonomy":"category","embeddable":true,"href":"http:\/\/jornalrol.com.br\/index.php?rest_route=%2Fwp%2Fv2%2Fcategories&post=80465"},{"taxonomy":"post_tag","embeddable":true,"href":"http:\/\/jornalrol.com.br\/index.php?rest_route=%2Fwp%2Fv2%2Ftags&post=80465"}],"curies":[{"name":"wp","href":"https:\/\/api.w.org\/{rel}","templated":true}]}}