{"id":80469,"date":"2026-04-30T08:46:27","date_gmt":"2026-04-30T11:46:27","guid":{"rendered":"https:\/\/jornalrol.com.br\/?p=80469"},"modified":"2026-04-30T09:28:13","modified_gmt":"2026-04-30T12:28:13","slug":"jornalista-sera-contemplado-em-solenidade-da-febacla","status":"publish","type":"post","link":"http:\/\/jornalrol.com.br\/?p=80469","title":{"rendered":"Jornalista ser\u00e1 contemplado em solenidade da FEBACLA"},"content":{"rendered":"<div class=\"pdfprnt-buttons pdfprnt-buttons-post pdfprnt-top-right\"><a href=\"http:\/\/jornalrol.com.br\/index.php?rest_route=%2Fwp%2Fv2%2Fposts%2F80469&print=pdf\" class=\"pdfprnt-button pdfprnt-button-pdf\" target=\"_blank\" ><\/a><a href=\"http:\/\/jornalrol.com.br\/index.php?rest_route=%2Fwp%2Fv2%2Fposts%2F80469&print=print\" class=\"pdfprnt-button pdfprnt-button-print\" target=\"_blank\" ><img decoding=\"async\" src=\"https:\/\/jornalrol.com.br\/wp-content\/plugins\/pdf-print\/images\/print.png\" alt=\"image_print\" title=\"Conte\u00fado de impress\u00e3o\" \/><\/a><\/div>\n<h2 class=\"wp-block-heading has-text-align-center\">A solenidade comemorativa estar\u00e1 reconhecendo a import\u00e2ncia das express\u00f5es como patrim\u00f4nios culturais, instrumentos de forma\u00e7\u00e3o cidad\u00e3 e meios de preserva\u00e7\u00e3o das tradi\u00e7\u00f5es hist\u00f3ricas e identit\u00e1rias do Brasil<br><br><\/h2>\n\n\n<div class=\"wp-block-image\">\n<figure class=\"aligncenter size-full\"><img loading=\"lazy\" decoding=\"async\" width=\"282\" height=\"281\" data-attachment-id=\"80470\" data-permalink=\"http:\/\/jornalrol.com.br\/?attachment_id=80470\" data-orig-file=\"http:\/\/jornalrol.com.br\/wp-content\/uploads\/2026\/04\/a22e6cc9-423f-4f58-b0b2-05db2fce4b1e.jpg\" data-orig-size=\"282,281\" data-comments-opened=\"1\" data-image-meta=\"{&quot;aperture&quot;:&quot;0&quot;,&quot;credit&quot;:&quot;&quot;,&quot;camera&quot;:&quot;&quot;,&quot;caption&quot;:&quot;&quot;,&quot;created_timestamp&quot;:&quot;0&quot;,&quot;copyright&quot;:&quot;&quot;,&quot;focal_length&quot;:&quot;0&quot;,&quot;iso&quot;:&quot;0&quot;,&quot;shutter_speed&quot;:&quot;0&quot;,&quot;title&quot;:&quot;&quot;,&quot;orientation&quot;:&quot;0&quot;}\" data-image-title=\"a22e6cc9-423f-4f58-b0b2-05db2fce4b1e\" data-image-description=\"\" data-image-caption=\"\" data-large-file=\"http:\/\/jornalrol.com.br\/wp-content\/uploads\/2026\/04\/a22e6cc9-423f-4f58-b0b2-05db2fce4b1e.jpg\" src=\"https:\/\/jornalrol.com.br\/wp-content\/uploads\/2026\/04\/a22e6cc9-423f-4f58-b0b2-05db2fce4b1e.jpg\" alt=\"Bruno Alves Feitosa\" class=\"wp-image-80470\"\/><figcaption class=\"wp-element-caption\"><em>Bruno Alves Feitosa<\/em><\/figcaption><\/figure>\n<\/div>\n\n\n<p class=\"has-drop-cap\">O diretor do Ateli\u00ea e Jornal Rep\u00fablica Alternativa Cultural e correspondente do <strong>ROL<\/strong> pelo estado de Pernambuco, <strong>Bruno Alves Feitosa<\/strong>, receber\u00e1 da <strong>Federa\u00e7\u00e3o Brasileira dos Acad\u00eamicos das Ci\u00eancias, Letras e Artes &#8211;<\/strong> <strong>FEBACLA<\/strong> a <strong>Comenda Baluarte da Cultura Naciona<\/strong>l em evento de grande significado no m\u00eas de maio de 2026 no formato on-line e presencial. A cidade de Niter\u00f3i, no Rio de Janeiro, se prepara para receber expressivo encontro intercultural do Brasil e do mundo.<\/p>\n\n\n\n<p>A C\u00e2mara Municipal de Niter\u00f3i ser\u00e1 o cen\u00e1rio da grande solenidade comemorativa pelos 14 anos de funda\u00e7\u00e3o da <strong>FEBACLA<\/strong>, sob a gest\u00e3o do presidente <strong>Dom Alexandre da Silva Cam\u00ealo Rurikovich Carvalho<\/strong>, reunindo representantes de diversas \u00e1reas do saber e da produ\u00e7\u00e3o cultural brasileira. Com expectativa de amplo interc\u00e2mbio nacional e internacional, o evento contar\u00e1 com a presen\u00e7a de artistas, escritores, educadores, pesquisadores, gestores culturais e autoridades.<\/p>\n\n\n\n<p>A <strong>FEBACLA<\/strong> se posiciona como guardia da mem\u00f3ria cultural contempor\u00e2nea, atuando na preserva\u00e7\u00e3o e na proje\u00e7\u00e3o das contribui\u00e7\u00f5es de agentes culturais que colaboraram para a preserva\u00e7\u00e3o do patrim\u00f4nio hist\u00f3rico da Cultura Imaterial. \u00c0 frente da institui\u00e7\u00e3o est\u00e1 seu presidente, <strong>Dom Alexandre Rurikovich Carvalho<\/strong>, cuja atua\u00e7\u00e3o multifacetada como jornalista, fil\u00f3sofo, escritor, historiador e produtor cultural tem sido determinante para o fortalecimento e a expans\u00e3o da <strong>FEBACLA<\/strong>.<\/p>\n\n\n\n<p>A solenidade comemorativa estar\u00e1 reconhecendo a import\u00e2ncia das express\u00f5es como patrim\u00f4nios culturais, instrumentos de forma\u00e7\u00e3o cidad\u00e3 e meios de preserva\u00e7\u00e3o das tradi\u00e7\u00f5es hist\u00f3ricas e identit\u00e1rias do Brasil. O encontro tamb\u00e9m se consolida como espa\u00e7o de di\u00e1logo, interc\u00e2mbio e fortalecimento de redes culturais entre diferentes regi\u00f5es do Brasil e do mundo.<\/p>\n\n\n\n<p><a href=\"http:\/\/jornalrol.com.br\/\" title=\"Voltar\">Voltar<\/a><\/p>\n\n\n\n<p><a href=\"https:\/www.facebook.com\/JCulturalrol\/\" title=\"Facebook\">Facebook<\/a><\/p>\n","protected":false},"excerpt":{"rendered":"<p>O diretor do Ateli\u00ea e Jornal Rep\u00fablica Alternativa Cultural e correspondente do ROL pelo estado de Pernambuco, Bruno Alves Feitosa, receber\u00e1 da FEBACLA a&#8230; <\/p>\n","protected":false},"author":6,"featured_media":80470,"comment_status":"open","ping_status":"closed","sticky":false,"template":"","format":"standard","meta":{"_jetpack_newsletter_access":"","_jetpack_dont_email_post_to_subs":false,"_jetpack_newsletter_tier_id":0,"_jetpack_memberships_contains_paywalled_content":false,"_jetpack_memberships_contains_paid_content":false,"footnotes":""},"categories":[9391],"tags":[1493,3752,6491,8060],"class_list":["post-80469","post","type-post","status-publish","format-standard","has-post-thumbnail","hentry","category-academiasefederacoes","tag-bruno-alves-feitosa","tag-febacla","tag-outorga-de-titulo","tag-solenidade"],"aioseo_notices":[],"views":161,"jetpack_featured_media_url":"http:\/\/jornalrol.com.br\/wp-content\/uploads\/2026\/04\/a22e6cc9-423f-4f58-b0b2-05db2fce4b1e.jpg","jetpack_sharing_enabled":true,"jetpack_likes_enabled":true,"jetpack-related-posts":[{"id":75002,"url":"http:\/\/jornalrol.com.br\/?p=75002","url_meta":{"origin":80469,"position":0},"title":"Ode \u00e0 Compet\u00eancia","author":"Sergio Diniz da Costa","date":"22 de agosto de 2025","format":false,"excerpt":"Jornal Cultural ROL inaugura nova se\u00e7\u00e3o: Ode \u00e0 Compet\u00eancia, e apresenta aos leitores um nordestino arretado: Bruno Alves Feitosa, natural de Teresina (PI).","rel":"","context":"Em &quot;Arte&quot;","block_context":{"text":"Arte","link":"http:\/\/jornalrol.com.br\/?cat=9286"},"img":{"alt_text":"Bruno Alves Feitosa","src":"https:\/\/i0.wp.com\/jornalrol.com.br\/wp-content\/uploads\/2025\/08\/fb0c3079-1f1f-4e2f-a401-1fadb12f9935.jpeg?resize=350%2C200","width":350,"height":200,"srcset":"https:\/\/i0.wp.com\/jornalrol.com.br\/wp-content\/uploads\/2025\/08\/fb0c3079-1f1f-4e2f-a401-1fadb12f9935.jpeg?resize=350%2C200 1x, https:\/\/i0.wp.com\/jornalrol.com.br\/wp-content\/uploads\/2025\/08\/fb0c3079-1f1f-4e2f-a401-1fadb12f9935.jpeg?resize=525%2C300 1.5x, https:\/\/i0.wp.com\/jornalrol.com.br\/wp-content\/uploads\/2025\/08\/fb0c3079-1f1f-4e2f-a401-1fadb12f9935.jpeg?resize=700%2C400 2x, https:\/\/i0.wp.com\/jornalrol.com.br\/wp-content\/uploads\/2025\/08\/fb0c3079-1f1f-4e2f-a401-1fadb12f9935.jpeg?resize=1050%2C600 3x"},"classes":[]},{"id":78117,"url":"http:\/\/jornalrol.com.br\/?p=78117","url_meta":{"origin":80469,"position":1},"title":"Bacamarteiros","author":"Bruno Alves Feitosa","date":"29 de janeiro de 2026","format":false,"excerpt":"No dia 11 de janeiro de 2026 no Pa\u00fal em Moreno foi realizada a primeira reuni\u00e3o do Grupo Cultural \u00c1guia Nordestina de Bacamarteiros de Moreno PE, sob a...","rel":"","context":"Em &quot;Arte&quot;","block_context":{"text":"Arte","link":"http:\/\/jornalrol.com.br\/?cat=9286"},"img":{"alt_text":"A primeira reuni\u00e3o dos Bacamarteiros em 2026","src":"https:\/\/i0.wp.com\/jornalrol.com.br\/wp-content\/uploads\/2026\/01\/6b4aa247-6caa-43c0-bb51-196c761f1278.jpg?resize=350%2C200","width":350,"height":200,"srcset":"https:\/\/i0.wp.com\/jornalrol.com.br\/wp-content\/uploads\/2026\/01\/6b4aa247-6caa-43c0-bb51-196c761f1278.jpg?resize=350%2C200 1x, https:\/\/i0.wp.com\/jornalrol.com.br\/wp-content\/uploads\/2026\/01\/6b4aa247-6caa-43c0-bb51-196c761f1278.jpg?resize=525%2C300 1.5x, https:\/\/i0.wp.com\/jornalrol.com.br\/wp-content\/uploads\/2026\/01\/6b4aa247-6caa-43c0-bb51-196c761f1278.jpg?resize=700%2C400 2x, https:\/\/i0.wp.com\/jornalrol.com.br\/wp-content\/uploads\/2026\/01\/6b4aa247-6caa-43c0-bb51-196c761f1278.jpg?resize=1050%2C600 3x, https:\/\/i0.wp.com\/jornalrol.com.br\/wp-content\/uploads\/2026\/01\/6b4aa247-6caa-43c0-bb51-196c761f1278.jpg?resize=1400%2C800 4x"},"classes":[]},{"id":35130,"url":"http:\/\/jornalrol.com.br\/?p=35130","url_meta":{"origin":80469,"position":2},"title":"De Recife (PE), Bruno Alves Feitosa \u00e9 o mais novo Correspondente do Jornal ROL!","author":"Sergio Diniz da Costa","date":"22 de novembro de 2020","format":false,"excerpt":"Presidente da Rep\u00fablica Alternativa Cultural Recife PE, Bruno Alves utiliza o multiculturalismo como ferramenta pedag\u00f3gica Bruno Alves Feitosa\u00a0\u00a0\u00e9 natural de Terezina (PI). Possui Doutorado em Ci\u00eancias das Religi\u00f5es, Doutorado em Capelania, Mestrado em Hist\u00f3ria da Igreja e Bacharelado em Teologia. Atualmente, \u00e9 promotor cultural e sua obra \u00e9 realizada atrav\u00e9s\u2026","rel":"","context":"Em &quot;Comunica\u00e7\u00e3o&quot;","block_context":{"text":"Comunica\u00e7\u00e3o","link":"http:\/\/jornalrol.com.br\/?cat=7"},"img":{"alt_text":"","src":"https:\/\/i0.wp.com\/www.jornalrol.com.br\/wp-content\/uploads\/2020\/11\/132e4c33-20df-4a1f-b84b-af81e699a9e4.jpg?resize=350%2C200","width":350,"height":200},"classes":[]},{"id":78681,"url":"http:\/\/jornalrol.com.br\/?p=78681","url_meta":{"origin":80469,"position":3},"title":"Grupo Cultural \u00c1guia Nordestina de Bacamarteiros de Moreno","author":"Bruno Alves Feitosa","date":"24 de fevereiro de 2026","format":false,"excerpt":"No dia 08 de fevereiro de 2026, foi realizada a segunda reuni\u00e3o do Grupo Cultural \u00c1guia Nordestina de Bacamarteiros de Moreno. No encontro foram abordados...","rel":"","context":"Em &quot;Sem categoria&quot;","block_context":{"text":"Sem categoria","link":"http:\/\/jornalrol.com.br\/?cat=1"},"img":{"alt_text":"Bruno Alves Feitosa","src":"https:\/\/i0.wp.com\/jornalrol.com.br\/wp-content\/uploads\/2026\/01\/6b0d0a69-3ee0-40f9-bdd0-96a7d56ca4b5-1.jpg?resize=350%2C200","width":350,"height":200,"srcset":"https:\/\/i0.wp.com\/jornalrol.com.br\/wp-content\/uploads\/2026\/01\/6b0d0a69-3ee0-40f9-bdd0-96a7d56ca4b5-1.jpg?resize=350%2C200 1x, https:\/\/i0.wp.com\/jornalrol.com.br\/wp-content\/uploads\/2026\/01\/6b0d0a69-3ee0-40f9-bdd0-96a7d56ca4b5-1.jpg?resize=525%2C300 1.5x, https:\/\/i0.wp.com\/jornalrol.com.br\/wp-content\/uploads\/2026\/01\/6b0d0a69-3ee0-40f9-bdd0-96a7d56ca4b5-1.jpg?resize=700%2C400 2x, https:\/\/i0.wp.com\/jornalrol.com.br\/wp-content\/uploads\/2026\/01\/6b0d0a69-3ee0-40f9-bdd0-96a7d56ca4b5-1.jpg?resize=1050%2C600 3x"},"classes":[]},{"id":78597,"url":"http:\/\/jornalrol.com.br\/?p=78597","url_meta":{"origin":80469,"position":4},"title":"Um enigm\u00e1tico interc\u00e2mbio entre mestres da cultura","author":"Bruno Alves Feitosa","date":"18 de fevereiro de 2026","format":false,"excerpt":"Ra\u00fal Seixas \u00e9 considerado o pai do rock brasileiro, mas antes de se consagrar como cantor e compositor, ele teve uma experi\u00eancia marcante como produtor musical.","rel":"","context":"Em &quot;Arte&quot;","block_context":{"text":"Arte","link":"http:\/\/jornalrol.com.br\/?cat=9286"},"img":{"alt_text":"Jacson do Pandeiro - Nossas Ra\u00edzes - foto promo0\u00e7\u00e3o","src":"https:\/\/i0.wp.com\/jornalrol.com.br\/wp-content\/uploads\/2026\/02\/0d76f78c-8469-4225-8e49-2374b7400cd1.jpg?resize=350%2C200","width":350,"height":200,"srcset":"https:\/\/i0.wp.com\/jornalrol.com.br\/wp-content\/uploads\/2026\/02\/0d76f78c-8469-4225-8e49-2374b7400cd1.jpg?resize=350%2C200 1x, https:\/\/i0.wp.com\/jornalrol.com.br\/wp-content\/uploads\/2026\/02\/0d76f78c-8469-4225-8e49-2374b7400cd1.jpg?resize=525%2C300 1.5x, https:\/\/i0.wp.com\/jornalrol.com.br\/wp-content\/uploads\/2026\/02\/0d76f78c-8469-4225-8e49-2374b7400cd1.jpg?resize=700%2C400 2x, https:\/\/i0.wp.com\/jornalrol.com.br\/wp-content\/uploads\/2026\/02\/0d76f78c-8469-4225-8e49-2374b7400cd1.jpg?resize=1050%2C600 3x"},"classes":[]},{"id":34464,"url":"http:\/\/jornalrol.com.br\/?p=34464","url_meta":{"origin":80469,"position":5},"title":"Genealogia: Afr\u00e2nio Mello fornece informa\u00e7\u00f5es sobre as fam\u00edlias Alves e Feitosa","author":"ADM","date":"16 de outubro de 2020","format":false,"excerpt":"Afr\u00e2nio Mello fornece informa\u00e7\u00f5es sobre as fam\u00edlias ALVES e FEITOSA ATENDIMENTOS N\u00daMEROS 1.298 E 1.299 Prezado Aerton, Vou deixar sua esposa muito contente. Encontrei a origem que \u00e9 o Jo\u00e3o Alves Feitosa e est\u00e1 no come\u00e7o do arquivo. Fam\u00edlia do Cear\u00e1. No caso do FEITOSA trata-se do primeiro atendimento que\u2026","rel":"","context":"Em &quot;Comunica\u00e7\u00e3o&quot;","block_context":{"text":"Comunica\u00e7\u00e3o","link":"http:\/\/jornalrol.com.br\/?cat=7"},"img":{"alt_text":"","src":"https:\/\/i0.wp.com\/www.jornalrol.com.br\/wp-content\/uploads\/2020\/04\/afranio-150x150-1.jpg?resize=350%2C200","width":350,"height":200},"classes":[]}],"_links":{"self":[{"href":"http:\/\/jornalrol.com.br\/index.php?rest_route=\/wp\/v2\/posts\/80469","targetHints":{"allow":["GET"]}}],"collection":[{"href":"http:\/\/jornalrol.com.br\/index.php?rest_route=\/wp\/v2\/posts"}],"about":[{"href":"http:\/\/jornalrol.com.br\/index.php?rest_route=\/wp\/v2\/types\/post"}],"author":[{"embeddable":true,"href":"http:\/\/jornalrol.com.br\/index.php?rest_route=\/wp\/v2\/users\/6"}],"replies":[{"embeddable":true,"href":"http:\/\/jornalrol.com.br\/index.php?rest_route=%2Fwp%2Fv2%2Fcomments&post=80469"}],"version-history":[{"count":3,"href":"http:\/\/jornalrol.com.br\/index.php?rest_route=\/wp\/v2\/posts\/80469\/revisions"}],"predecessor-version":[{"id":80479,"href":"http:\/\/jornalrol.com.br\/index.php?rest_route=\/wp\/v2\/posts\/80469\/revisions\/80479"}],"wp:featuredmedia":[{"embeddable":true,"href":"http:\/\/jornalrol.com.br\/index.php?rest_route=\/wp\/v2\/media\/80470"}],"wp:attachment":[{"href":"http:\/\/jornalrol.com.br\/index.php?rest_route=%2Fwp%2Fv2%2Fmedia&parent=80469"}],"wp:term":[{"taxonomy":"category","embeddable":true,"href":"http:\/\/jornalrol.com.br\/index.php?rest_route=%2Fwp%2Fv2%2Fcategories&post=80469"},{"taxonomy":"post_tag","embeddable":true,"href":"http:\/\/jornalrol.com.br\/index.php?rest_route=%2Fwp%2Fv2%2Ftags&post=80469"}],"curies":[{"name":"wp","href":"https:\/\/api.w.org\/{rel}","templated":true}]}}