{"id":80475,"date":"2026-04-30T09:27:06","date_gmt":"2026-04-30T12:27:06","guid":{"rendered":"https:\/\/jornalrol.com.br\/?p=80475"},"modified":"2026-04-30T09:27:13","modified_gmt":"2026-04-30T12:27:13","slug":"historiadora-sera-contemplada-em-solenidade-da-febacla","status":"publish","type":"post","link":"http:\/\/jornalrol.com.br\/?p=80475","title":{"rendered":"Historiadora ser\u00e1 contemplada em Solenidade da FEBACLA"},"content":{"rendered":"<div class=\"pdfprnt-buttons pdfprnt-buttons-post pdfprnt-top-right\"><a href=\"http:\/\/jornalrol.com.br\/index.php?rest_route=%2Fwp%2Fv2%2Fposts%2F80475&print=pdf\" class=\"pdfprnt-button pdfprnt-button-pdf\" target=\"_blank\" ><\/a><a href=\"http:\/\/jornalrol.com.br\/index.php?rest_route=%2Fwp%2Fv2%2Fposts%2F80475&print=print\" class=\"pdfprnt-button pdfprnt-button-print\" target=\"_blank\" ><img decoding=\"async\" src=\"https:\/\/jornalrol.com.br\/wp-content\/plugins\/pdf-print\/images\/print.png\" alt=\"image_print\" title=\"Conte\u00fado de impress\u00e3o\" \/><\/a><\/div>\n<h2 class=\"wp-block-heading has-text-align-center\">A FEBACLA se posiciona como guardi\u00e3 da mem\u00f3ria cultural contempor\u00e2nea, atuando na preserva\u00e7\u00e3o e na proje\u00e7\u00e3o das contribui\u00e7\u00f5es de agentes culturais que colaboraram para a preserva\u00e7\u00e3o do patrim\u00f4nio hist\u00f3rico da Cultura Imaterial<br><br><\/h2>\n\n\n<div class=\"wp-block-image\">\n<figure class=\"aligncenter size-full is-resized\"><img loading=\"lazy\" decoding=\"async\" width=\"442\" height=\"537\" data-attachment-id=\"80476\" data-permalink=\"http:\/\/jornalrol.com.br\/?attachment_id=80476\" data-orig-file=\"http:\/\/jornalrol.com.br\/wp-content\/uploads\/2026\/04\/fc270c65-5835-4909-9f71-f5da6190d8ef.jpg\" data-orig-size=\"442,537\" data-comments-opened=\"1\" data-image-meta=\"{&quot;aperture&quot;:&quot;0&quot;,&quot;credit&quot;:&quot;&quot;,&quot;camera&quot;:&quot;&quot;,&quot;caption&quot;:&quot;&quot;,&quot;created_timestamp&quot;:&quot;0&quot;,&quot;copyright&quot;:&quot;&quot;,&quot;focal_length&quot;:&quot;0&quot;,&quot;iso&quot;:&quot;0&quot;,&quot;shutter_speed&quot;:&quot;0&quot;,&quot;title&quot;:&quot;&quot;,&quot;orientation&quot;:&quot;0&quot;}\" data-image-title=\"fc270c65-5835-4909-9f71-f5da6190d8ef\" data-image-description=\"\" data-image-caption=\"\" data-large-file=\"http:\/\/jornalrol.com.br\/wp-content\/uploads\/2026\/04\/fc270c65-5835-4909-9f71-f5da6190d8ef.jpg\" src=\"https:\/\/jornalrol.com.br\/wp-content\/uploads\/2026\/04\/fc270c65-5835-4909-9f71-f5da6190d8ef.jpg\" alt=\"Condessa Laura Moura Nunes\" class=\"wp-image-80476\" style=\"aspect-ratio:0.823110050631438;width:238px;height:auto\"\/><figcaption class=\"wp-element-caption\">Condessa Laura Moura Nunes<\/figcaption><\/figure>\n<\/div>\n\n\n<p class=\"has-drop-cap\">A colunista do <strong>ROL<\/strong>, escritora, historiadora e poetisa de Portugal, <strong>Condessa Laura Moura Nunes<\/strong>, receber\u00e1 da <strong>Federa\u00e7\u00e3o Brasileira dos Acad\u00eamicos das Ci\u00eancias e Letras &#8211; FEBACLA<\/strong>, a <strong>COMENDA DO M\u00c9RITO LITER\u00c1RIO MACHADO DE ASSIS<\/strong>, no m\u00eas de maio de 2026 no formato online e presencial. A cidade de Niter\u00f3i no Rio de Janeiro se prepara para receber expressivo encontro intercultural do Brasil e do mundo.<\/p>\n\n\n\n<p>A C\u00e2mara Municipal de Niter\u00f3i ser\u00e1 o cen\u00e1rio da grande solenidade comemorativa pelos 14 anos de funda\u00e7\u00e3o da <strong>FEBACLA<\/strong>, sob a gest\u00e3o do presidente <strong>Dom Alexandre da Silva Cam\u00ealo Rurikovich Carvalho<\/strong>, reunindo representantes de diversas \u00e1reas do saber e da produ\u00e7\u00e3o cultural brasileira. Com expectativa de amplo interc\u00e2mbio nacional e internacional, o evento contar\u00e1 com a presen\u00e7a de artistas, escritores, educadores, pesquisadores, gestores culturais e autoridades.<\/p>\n\n\n\n<p>A <strong>FEBACLA<\/strong> se posiciona como guardi\u00e3 da mem\u00f3ria cultural contempor\u00e2nea, atuando na preserva\u00e7\u00e3o e na proje\u00e7\u00e3o das contribui\u00e7\u00f5es de agentes culturais que colaboraram para a preserva\u00e7\u00e3o do patrim\u00f4nio hist\u00f3rico da Cultura Imaterial. \u00c0 frente da institui\u00e7\u00e3o est\u00e1 seu presidente, Dom Alexandre da Silva Cam\u00ealo Rurikovich Carvalho, cuja atua\u00e7\u00e3o multifacetada como jornalista, fil\u00f3sofo, escritor, historiador e produtor cultural tem sido determinante para o fortalecimento e a expans\u00e3o da FEBACLA.<\/p>\n\n\n\n<p>A solenidade comemorativa estar\u00e1 reconhecendo a import\u00e2ncia das express\u00f5es como patrim\u00f4nios culturais, instrumentos de forma\u00e7\u00e3o cidad\u00e3 e meios de preserva\u00e7\u00e3o das tradi\u00e7\u00f5es hist\u00f3ricas e identit\u00e1rias do Brasil. O encontro tamb\u00e9m se consolida como espa\u00e7o de di\u00e1logo, interc\u00e2mbio e fortalecimento de redes culturais entre diferentes regi\u00f5es do Brasil e do mundo.<\/p>\n\n\n\n<p><a href=\"http:\/\/jornalrol.com.br\/\" title=\"Voltar\">Voltar<\/a><\/p>\n\n\n\n<p><a href=\"https:\/www.facebook.com\/JCulturalrol\/\" title=\"Facebook\">Facebook<\/a><\/p>\n","protected":false},"excerpt":{"rendered":"<p>A colunista do ROL, escritora, historiadora e poetisa de Portugal, Condessa Laura Moura Nunes, receber\u00e1 da FEBACLA, a Comenda do M\u00e9rito Liter\u00e1rio Machado de&#8230;<\/p>\n","protected":false},"author":6,"featured_media":80476,"comment_status":"open","ping_status":"closed","sticky":false,"template":"","format":"standard","meta":{"_jetpack_newsletter_access":"","_jetpack_dont_email_post_to_subs":false,"_jetpack_newsletter_tier_id":0,"_jetpack_memberships_contains_paywalled_content":false,"_jetpack_memberships_contains_paid_content":false,"footnotes":""},"categories":[9391],"tags":[3752,16047,6491,8060],"class_list":["post-80475","post","type-post","status-publish","format-standard","has-post-thumbnail","hentry","category-academiasefederacoes","tag-febacla","tag-laura-moura-nunes","tag-outorga-de-titulo","tag-solenidade"],"aioseo_notices":[],"views":119,"jetpack_featured_media_url":"http:\/\/jornalrol.com.br\/wp-content\/uploads\/2026\/04\/fc270c65-5835-4909-9f71-f5da6190d8ef.jpg","jetpack_sharing_enabled":true,"jetpack_likes_enabled":true,"jetpack-related-posts":[{"id":78257,"url":"http:\/\/jornalrol.com.br\/?p=78257","url_meta":{"origin":80475,"position":0},"title":"Da Terra de Cam\u00f5es para o ROL, Laura Moura Nunes!","author":"Sergio Diniz da Costa","date":"6 de fevereiro de 2026","format":false,"excerpt":"Laura Moura Nunes, natural de Ribatejo, Portugal, \u00e9 escritora, poetisa, promotora cultural e historiadora. Membro da Association Cultive Club d' Art...","rel":"","context":"Em &quot;Apresenta\u00e7\u00e3o de colunista&quot;","block_context":{"text":"Apresenta\u00e7\u00e3o de colunista","link":"http:\/\/jornalrol.com.br\/?cat=10981"},"img":{"alt_text":"Laura Moura Nunes","src":"https:\/\/i0.wp.com\/jornalrol.com.br\/wp-content\/uploads\/2026\/02\/7b6cf0b0-c9ba-4d35-84c0-4e18c3aa027c.jpg?resize=350%2C200","width":350,"height":200},"classes":[]},{"id":78612,"url":"http:\/\/jornalrol.com.br\/?p=78612","url_meta":{"origin":80475,"position":1},"title":"Portugal e seu maravilhoso acervo folcl\u00f3rico","author":"Laura Moura Nunes","date":"19 de fevereiro de 2026","format":false,"excerpt":"\u00c9 preciso uma cidade para formar cidad\u00e3os e sensibiliz\u00e1-los que a cultura \u00e9 uma filosofia pedag\u00f3gica que busca colocar seres humanos ao exerc\u00edcio da cultura...","rel":"","context":"Em &quot;artigos&quot;","block_context":{"text":"artigos","link":"http:\/\/jornalrol.com.br\/?cat=9398"},"img":{"alt_text":"Rancho Folcl\u00f3rico - Licen\u00e7as Criative Commons - Criador:\u00a0Michael Wendl\u00a0- Direitos autorais:\u00a0Michael Wendl 19 de fevereiro de 2026, \u00e0s 11h32","src":"https:\/\/i0.wp.com\/jornalrol.com.br\/wp-content\/uploads\/2026\/02\/Gala_Internacional_de_Folclore_da_Batalha.jpg?resize=350%2C200","width":350,"height":200,"srcset":"https:\/\/i0.wp.com\/jornalrol.com.br\/wp-content\/uploads\/2026\/02\/Gala_Internacional_de_Folclore_da_Batalha.jpg?resize=350%2C200 1x, https:\/\/i0.wp.com\/jornalrol.com.br\/wp-content\/uploads\/2026\/02\/Gala_Internacional_de_Folclore_da_Batalha.jpg?resize=525%2C300 1.5x"},"classes":[]},{"id":80469,"url":"http:\/\/jornalrol.com.br\/?p=80469","url_meta":{"origin":80475,"position":2},"title":"Jornalista ser\u00e1 contemplado em solenidade da FEBACLA","author":"Sergio Diniz da Costa","date":"30 de abril de 2026","format":false,"excerpt":"O diretor do Ateli\u00ea e Jornal Rep\u00fablica Alternativa Cultural e correspondente do ROL pelo estado de Pernambuco, Bruno Alves Feitosa, receber\u00e1 da FEBACLA a...","rel":"","context":"Em &quot;Academias e Federa\u00e7\u00f5es de Artes&quot;","block_context":{"text":"Academias e Federa\u00e7\u00f5es de Artes","link":"http:\/\/jornalrol.com.br\/?cat=9391"},"img":{"alt_text":"Bruno Alves Feitosa","src":"https:\/\/i0.wp.com\/jornalrol.com.br\/wp-content\/uploads\/2026\/04\/a22e6cc9-423f-4f58-b0b2-05db2fce4b1e.jpg?resize=350%2C200&ssl=1","width":350,"height":200},"classes":[]},{"id":75579,"url":"http:\/\/jornalrol.com.br\/?p=75579","url_meta":{"origin":80475,"position":3},"title":"Solenidade acad\u00eamica na C\u00e2mara Municipal de Niter\u00f3i (RJ)","author":"Dom Alexandre da Silva Cam\u00ealo Rurikovich Carvalho","date":"16 de setembro de 2025","format":false,"excerpt":"A FEBACLA realizou no dia 12 de setembro de 2025, \u00e0s 15h, uma bel\u00edssima solenidade de outorgas de honrarias no plen\u00e1rio da C\u00e2mara Municipal de Niter\u00f3i (RJ)","rel":"","context":"Em &quot;Academias e Federa\u00e7\u00f5es de Artes&quot;","block_context":{"text":"Academias e Federa\u00e7\u00f5es de Artes","link":"http:\/\/jornalrol.com.br\/?cat=9391"},"img":{"alt_text":"Solenidade realizada pela FEBACLA na C\u00e2mara Municipal de Nier\u00f3i (RJ)","src":"https:\/\/i0.wp.com\/jornalrol.com.br\/wp-content\/uploads\/2025\/09\/549072375_1915376155704458_5963195723185079254_n.jpg?resize=350%2C200","width":350,"height":200,"srcset":"https:\/\/i0.wp.com\/jornalrol.com.br\/wp-content\/uploads\/2025\/09\/549072375_1915376155704458_5963195723185079254_n.jpg?resize=350%2C200 1x, https:\/\/i0.wp.com\/jornalrol.com.br\/wp-content\/uploads\/2025\/09\/549072375_1915376155704458_5963195723185079254_n.jpg?resize=525%2C300 1.5x, https:\/\/i0.wp.com\/jornalrol.com.br\/wp-content\/uploads\/2025\/09\/549072375_1915376155704458_5963195723185079254_n.jpg?resize=700%2C400 2x, https:\/\/i0.wp.com\/jornalrol.com.br\/wp-content\/uploads\/2025\/09\/549072375_1915376155704458_5963195723185079254_n.jpg?resize=1050%2C600 3x, https:\/\/i0.wp.com\/jornalrol.com.br\/wp-content\/uploads\/2025\/09\/549072375_1915376155704458_5963195723185079254_n.jpg?resize=1400%2C800 4x"},"classes":[]},{"id":20746,"url":"http:\/\/jornalrol.com.br\/?p=20746","url_meta":{"origin":80475,"position":4},"title":"Artistas e intelectuais da regi\u00e3o recebem homenagem da FEBACLA","author":"Sergio Diniz da Costa","date":"6 de setembro de 2018","format":false,"excerpt":"Dentre os homenageados est\u00e3o o historiador e cartunista Rodrigo Ara\u00fajo, a historiadora e orientadora pedag\u00f3gica Adilene Ferreira Carvalho Cavalheiro, o poeta, historiador e escritor Carlos Carvalho Cavalheiro, o diretor de teatro Hamilton Sbrana, e a poeta e escritora Adriana Negrini \u00a0 \u00a0 \u00a0 \u00a0 \u00a0 \u00a0 \u00a0 \u00a0A Febacla \u2013\u2026","rel":"","context":"Em &quot;Comunica\u00e7\u00e3o&quot;","block_context":{"text":"Comunica\u00e7\u00e3o","link":"http:\/\/jornalrol.com.br\/?cat=7"},"img":{"alt_text":"","src":"https:\/\/i0.wp.com\/www.jornalrol.com.br\/wp-content\/uploads\/2018\/09\/534936_294400157315658_825671050_n-300x275.jpg?resize=350%2C200","width":350,"height":200},"classes":[]},{"id":30015,"url":"http:\/\/jornalrol.com.br\/?p=30015","url_meta":{"origin":80475,"position":5},"title":"Professor Carlos Carvalho Cavalheiro recebe a Mais Alta Comenda da FEBACLA","author":"Sergio Diniz da Costa","date":"9 de dezembro de 2019","format":false,"excerpt":"A 'Comenda L\u00e1urea Acad\u00eamica Ouro' foi-lhe outorgada por suas valiosas contribui\u00e7\u00f5es em prol da cultura, reconhecidas como de real valor O escritor, poeta, historiador e professor\u00a0\u00a0Carlos Carvalho Cavalheiro\u00a0recebeu da\u00a0FEBACLA - Federa\u00e7\u00e3o Brasileira dos Acad\u00eamicos das Ci\u00eancias, Letras e Artes sua Mais Alta Comenda: a\u00a0Comenda L\u00e1urea Acad\u00eamica Ouro, outorgada por suas\u2026","rel":"","context":"Em &quot;Comunica\u00e7\u00e3o&quot;","block_context":{"text":"Comunica\u00e7\u00e3o","link":"http:\/\/jornalrol.com.br\/?cat=7"},"img":{"alt_text":"","src":"https:\/\/i0.wp.com\/www.jornalrol.com.br\/wp-content\/uploads\/2019\/12\/609cbc78-99f8-45c9-8205-29d4891b6743-150x300.jpg?resize=350%2C200","width":350,"height":200},"classes":[]}],"_links":{"self":[{"href":"http:\/\/jornalrol.com.br\/index.php?rest_route=\/wp\/v2\/posts\/80475","targetHints":{"allow":["GET"]}}],"collection":[{"href":"http:\/\/jornalrol.com.br\/index.php?rest_route=\/wp\/v2\/posts"}],"about":[{"href":"http:\/\/jornalrol.com.br\/index.php?rest_route=\/wp\/v2\/types\/post"}],"author":[{"embeddable":true,"href":"http:\/\/jornalrol.com.br\/index.php?rest_route=\/wp\/v2\/users\/6"}],"replies":[{"embeddable":true,"href":"http:\/\/jornalrol.com.br\/index.php?rest_route=%2Fwp%2Fv2%2Fcomments&post=80475"}],"version-history":[{"count":1,"href":"http:\/\/jornalrol.com.br\/index.php?rest_route=\/wp\/v2\/posts\/80475\/revisions"}],"predecessor-version":[{"id":80480,"href":"http:\/\/jornalrol.com.br\/index.php?rest_route=\/wp\/v2\/posts\/80475\/revisions\/80480"}],"wp:featuredmedia":[{"embeddable":true,"href":"http:\/\/jornalrol.com.br\/index.php?rest_route=\/wp\/v2\/media\/80476"}],"wp:attachment":[{"href":"http:\/\/jornalrol.com.br\/index.php?rest_route=%2Fwp%2Fv2%2Fmedia&parent=80475"}],"wp:term":[{"taxonomy":"category","embeddable":true,"href":"http:\/\/jornalrol.com.br\/index.php?rest_route=%2Fwp%2Fv2%2Fcategories&post=80475"},{"taxonomy":"post_tag","embeddable":true,"href":"http:\/\/jornalrol.com.br\/index.php?rest_route=%2Fwp%2Fv2%2Ftags&post=80475"}],"curies":[{"name":"wp","href":"https:\/\/api.w.org\/{rel}","templated":true}]}}