{"id":80481,"date":"2026-04-30T18:11:32","date_gmt":"2026-04-30T21:11:32","guid":{"rendered":"https:\/\/jornalrol.com.br\/?p=80481"},"modified":"2026-04-30T18:11:39","modified_gmt":"2026-04-30T21:11:39","slug":"labor-no-universo-literario","status":"publish","type":"post","link":"http:\/\/jornalrol.com.br\/?p=80481","title":{"rendered":"Labor no universo liter\u00e1rio"},"content":{"rendered":"<div class=\"pdfprnt-buttons pdfprnt-buttons-post pdfprnt-top-right\"><a href=\"http:\/\/jornalrol.com.br\/index.php?rest_route=%2Fwp%2Fv2%2Fposts%2F80481&print=pdf\" class=\"pdfprnt-button pdfprnt-button-pdf\" target=\"_blank\" ><\/a><a href=\"http:\/\/jornalrol.com.br\/index.php?rest_route=%2Fwp%2Fv2%2Fposts%2F80481&print=print\" class=\"pdfprnt-button pdfprnt-button-print\" target=\"_blank\" ><img decoding=\"async\" src=\"https:\/\/jornalrol.com.br\/wp-content\/plugins\/pdf-print\/images\/print.png\" alt=\"image_print\" title=\"Conte\u00fado de impress\u00e3o\" \/><\/a><\/div>\n<h2 class=\"wp-block-heading has-text-align-center\">Renata Barcellos: &#8216;Labor no universo liter\u00e1rio&#8217;<br><br><\/h2>\n\n\n<div class=\"wp-block-image\">\n<figure class=\"aligncenter size-full is-resized\"><img loading=\"lazy\" decoding=\"async\" width=\"293\" height=\"344\" data-attachment-id=\"74905\" data-permalink=\"http:\/\/jornalrol.com.br\/?attachment_id=74905\" data-orig-file=\"http:\/\/jornalrol.com.br\/wp-content\/uploads\/2025\/08\/RSB2.jpeg\" data-orig-size=\"293,344\" data-comments-opened=\"1\" data-image-meta=\"{&quot;aperture&quot;:&quot;0&quot;,&quot;credit&quot;:&quot;&quot;,&quot;camera&quot;:&quot;&quot;,&quot;caption&quot;:&quot;&quot;,&quot;created_timestamp&quot;:&quot;0&quot;,&quot;copyright&quot;:&quot;&quot;,&quot;focal_length&quot;:&quot;0&quot;,&quot;iso&quot;:&quot;0&quot;,&quot;shutter_speed&quot;:&quot;0&quot;,&quot;title&quot;:&quot;&quot;,&quot;orientation&quot;:&quot;0&quot;}\" data-image-title=\"RSB2\" data-image-description=\"&lt;p&gt;Renata Barcellos&lt;\/p&gt;\n\" data-image-caption=\"&lt;p&gt;Renata Barcellos&lt;\/p&gt;\n\" data-large-file=\"http:\/\/jornalrol.com.br\/wp-content\/uploads\/2025\/08\/RSB2.jpeg\" src=\"http:\/\/jornalrol.com.br\/wp-content\/uploads\/2025\/08\/RSB2.jpeg\" alt=\"Renata Barcellos\" class=\"wp-image-74905\" style=\"aspect-ratio:0.8517374517374517;width:185px;height:auto\"\/><figcaption class=\"wp-element-caption\">Renata Barcellos<\/figcaption><\/figure>\n<\/div>\n\n<div class=\"wp-block-image\">\n<figure class=\"aligncenter size-full\"><img loading=\"lazy\" decoding=\"async\" width=\"1024\" height=\"559\" data-attachment-id=\"80488\" data-permalink=\"http:\/\/jornalrol.com.br\/?attachment_id=80488\" data-orig-file=\"http:\/\/jornalrol.com.br\/wp-content\/uploads\/2026\/04\/d623789d-2820-4727-b660-ccdaf01d1628.jpg\" data-orig-size=\"1024,559\" data-comments-opened=\"1\" data-image-meta=\"{&quot;aperture&quot;:&quot;0&quot;,&quot;credit&quot;:&quot;&quot;,&quot;camera&quot;:&quot;&quot;,&quot;caption&quot;:&quot;&quot;,&quot;created_timestamp&quot;:&quot;0&quot;,&quot;copyright&quot;:&quot;&quot;,&quot;focal_length&quot;:&quot;0&quot;,&quot;iso&quot;:&quot;0&quot;,&quot;shutter_speed&quot;:&quot;0&quot;,&quot;title&quot;:&quot;&quot;,&quot;orientation&quot;:&quot;0&quot;}\" data-image-title=\"d623789d-2820-4727-b660-ccdaf01d1628\" data-image-description=\"\" data-image-caption=\"\" data-large-file=\"http:\/\/jornalrol.com.br\/wp-content\/uploads\/2026\/04\/d623789d-2820-4727-b660-ccdaf01d1628.jpg\" src=\"https:\/\/jornalrol.com.br\/wp-content\/uploads\/2026\/04\/d623789d-2820-4727-b660-ccdaf01d1628.jpg\" alt=\"\" class=\"wp-image-80488\" srcset=\"http:\/\/jornalrol.com.br\/wp-content\/uploads\/2026\/04\/d623789d-2820-4727-b660-ccdaf01d1628.jpg 1024w, http:\/\/jornalrol.com.br\/wp-content\/uploads\/2026\/04\/d623789d-2820-4727-b660-ccdaf01d1628-768x419.jpg 768w\" sizes=\"auto, (max-width: 1024px) 100vw, 1024px\" \/><figcaption class=\"wp-element-caption\"><em>Imagem criada pela IA do Gemini &#8211; https:\/\/gemini.google.com\/app\/f29e0fff54324397?utm_source=app_launcher&amp;utm_medium=owned&amp;utm_campaign=base_all<\/em><\/figcaption><\/figure>\n<\/div>\n\n\n<p class=\"has-drop-cap\">A tematiza\u00e7\u00e3o da import\u00e2ncia do trabalho na vida humana \u00e9 milenar desde os escritos gregos. Exemplos: nas obras de Hes\u00edodo: <strong>O Trabalho e os dias<\/strong> e nos livros que constituem a <strong>B\u00edblia<\/strong> at\u00e9 nossos dias. Ao longo do tempo, o homem tem se dedicando ao universo laboral e o questiona, conceitua, problematiza, nomeando-o sob diversos prismas, ora dignificando-o, ora o depreciando.<\/p>\n\n\n\n<p>No s\u00e9culo XIX,\u00a0Marx (1986) e\u00a0Engels (1990)\u00a0emitiram importantes enuncia\u00e7\u00f5es sobre o trabalho. Neste per\u00edodo, foram publicadas as obras \u201cO Escriv\u00e3o\u00a0e\u00a0A Metamorfose\u201d\u00a0que apresentam o trabalho como tema recorrente na fic\u00e7\u00e3o. \u201c<em>O Escriv\u00e3o\u201d, p<\/em>ublicado em 1853, de Herman Melville, traz uma das personagens mais emblem\u00e1ticas de todas as literaturas: um escriv\u00e3o que, de repente, passa a se negar a fazer qualquer tarefa, em uma postura que transita entre a rebeldia e o niilismo. E &#8220;A Metamorfose&#8221;, de\u00a0Franz Kafka, de 1915, a personagem Gregor Samsa acorda metamorfoseado num inseto monstruoso e, ainda assim, seu principal medo \u00e9 perder o emprego.\u00a0\u00a0\u00a0<\/p>\n\n\n\n<p>Na contemporaneidade, o labor ainda \u00e9 atividade a ser legalizada, questionada, alterada. Isso porque, para boa parte da humanidade, constitui-se em fonte de sofrimento f\u00edsico e psicol\u00f3gico. Nas Literaturas Brasileiras, h\u00e1 in\u00fameras personagens ilustrativas disso. Existem pesquisas cujo objetivo \u00e9 verificar nas literaturas dos s\u00e9culos XIX, XX e XXI, como os escritores formalizam as articula\u00e7\u00f5es entre trabalho e discurso liter\u00e1rio.<\/p>\n\n\n\n<p><strong>Principais aspectos desta transforma\u00e7\u00e3o:<\/strong><\/p>\n\n\n\n<p><strong>1. Tem\u00e1ticas Centrais na Literatura Contempor\u00e2nea<\/strong><\/p>\n\n\n\n<ul class=\"wp-block-list\">\n<li><strong>capitalismo de Plataforma e Precariza\u00e7\u00e3o:<\/strong>\u00a0obras recentes, como as discutidas no livro\u00a0<em>&#8220;Icebergs \u00e0 Deriva&#8221;<\/em>, analisam o descontrole das grandes plataformas digitais (Uber, Amazon) e a falta de v\u00ednculo formal.<br><br><\/li>\n\n\n\n<li><strong>explora\u00e7\u00f5es Cotidianas:<\/strong>\u00a0livros como\u00a0<em>&#8220;Afetos posti\u00e7os&#8221;<\/em>, de Gabriele Rosa e\u00a0<em>&#8220;Os dias trabalhados&#8221;<\/em>, de Marcelo da Silva Antunes, retratam a precariza\u00e7\u00e3o, a terceiriza\u00e7\u00e3o e a desregulamenta\u00e7\u00e3o como a nova regra.<br><br><\/li>\n\n\n\n<li><strong>t<\/strong><strong>rabalho no Centro:<\/strong>&nbsp;as Literatura Brasileiras t\u00eam, cada vez mais, inserido o trabalho como tema central da constru\u00e7\u00e3o de personagens e enredos. Assim, evidenciando desigualdades sociais e o cotidiano da classe trabalhadora.&nbsp;<\/li>\n<\/ul>\n\n\n\n<ul class=\"wp-block-list\">\n<li><strong>2. Novas Formas de Produ\u00e7\u00e3o e Organiza\u00e7\u00e3o<\/strong><\/li>\n<\/ul>\n\n\n\n<ul class=\"wp-block-list\">\n<li><strong>teletrabalho e Anywhere Office:<\/strong>\u00a0o trabalho remoto e o modelo h\u00edbrido, intensificados pela pandemia, transformaram a rotina de escritores, editores e tradutores.<br><br><\/li>\n\n\n\n<li><strong>t<\/strong><strong>rabalho &#8220;Gig&#8221; (Eventual):<\/strong>&nbsp;muitos profissionais do livro est\u00e3o inseridos no modelo de&nbsp;<em>gig economy<\/em>, baseada em tarefas pontuais e autonomia, mas frequentemente sem prote\u00e7\u00e3o legal.&nbsp;<\/li>\n\n\n\n<li><\/li>\n<\/ul>\n\n\n\n<p><strong>3<\/strong><strong>. Novas Rela\u00e7\u00f5es Jur\u00eddicas e Prote\u00e7\u00e3o<\/strong><\/p>\n\n\n\n<ul class=\"wp-block-list\">\n<li><strong>confronto e Resist\u00eancia:<\/strong>\u00a0o debate liter\u00e1rio jur\u00eddico busca formas de enfrentar a nova conforma\u00e7\u00e3o econ\u00f4mica, discutindo prote\u00e7\u00e3o para o trabalhador em um cen\u00e1rio de terceiriza\u00e7\u00e3o.<br><br><\/li>\n\n\n\n<li><strong>l<\/strong><strong>ivros Educativos:<\/strong>&nbsp;lan\u00e7amentos como&nbsp;<em>&#8220;Novas Rela\u00e7\u00f5es de Trabalho e Novos Modelos de Prote\u00e7\u00e3o&#8221;<\/em>&nbsp;(Editora Amanuense) abordam como o Direito deve responder a esses novos cen\u00e1rios.&nbsp;<\/li>\n<\/ul>\n\n\n\n<p><strong>4.<\/strong><strong>Obras Relevantes sobre a <\/strong><strong>t<\/strong><strong>em\u00e1tica<\/strong><\/p>\n\n\n\n<ul class=\"wp-block-list\">\n<li><strong><em><strong>Icebergs \u00e0 Deriva<\/strong><\/em><\/strong>\u00a0(Grupo de Pesquisa Mundo do Trabalho &#8211; MPT)<br><br><\/li>\n\n\n\n<li><strong><em><strong>Afetos posti\u00e7os<\/strong><\/em><\/strong>, de Gabriele Rosa<br><br><\/li>\n\n\n\n<li><strong><em><strong>Os dias trabalhados<\/strong><\/em><\/strong>, de Marcelo da Silva Antunes<br><br><\/li>\n\n\n\n<li><strong><em><strong>No ch\u00e3o da f\u00e1brica<\/strong><\/em><\/strong>, de Roniwalter Jatob\u00e1<br><br><\/li>\n\n\n\n<li><strong><em><strong>De mim j\u00e1 nem se lembra<\/strong><\/em><\/strong>, de Luiz Ruffato<br><br><\/li>\n\n\n\n<li><strong><em><strong>Novas Rela\u00e7\u00f5es de Trabalho e Novos Modelos de Prote\u00e7\u00e3o<\/strong><\/em><\/strong>&nbsp;(Nelson Mannrich e Alessandra Boskovic)<\/li>\n<\/ul>\n\n\n\n<p>5<strong>. <\/strong><strong>Novas Din\u00e2micas de Produ\u00e7\u00e3o Liter\u00e1ria<\/strong><\/p>\n\n\n\n<ul class=\"wp-block-list\">\n<li><strong>coautoria e Assist\u00eancia:<\/strong>\u00a0a IA atua como uma ferramenta colaborativa, capaz de propor enredos, estruturar narrativas, imitar estilos liter\u00e1rios e revisar textos. Escritores podem utilizar IAs para superar bloqueios criativos e acelerar etapas t\u00e9cnicas da escrita. Como fonte de inspira\u00e7\u00e3o, n\u00e3o produto final.<br><br><\/li>\n\n\n\n<li><strong>engenharia de Prompt e Treinamento:<\/strong>\u00a0autores podem desenvolver &#8220;assistentes personalizados&#8221; (como GPTs ou Gems).<br><br><\/li>\n\n\n\n<li><strong>Desafios e Quest\u00f5es \u00c9ticas<\/strong><\/li>\n<\/ul>\n\n\n\n<ul class=\"wp-block-list\">\n<li><strong>autenticidade e Ess\u00eancia:<\/strong>\u00a0debates sobre a perda da ess\u00eancia da literatura e a capacidade da IA de replicar a subjetividade e a experi\u00eancia humana.<br><br><\/li>\n\n\n\n<li><strong>autoria e Propriedade Intelectual:<\/strong>\u00a0questionamentos sobre quem \u00e9 o &#8220;autor&#8221; de uma obra gerada com aux\u00edlio significativo de IA, impulsionando discuss\u00f5es jur\u00eddicas.<br><br><\/li>\n\n\n\n<li><strong>v<\/strong><strong>aloriza\u00e7\u00e3o da Escrita Humana:<\/strong>&nbsp;a escrita humana tende a ser valorizada como um &#8220;artigo de luxo&#8221; ou um ato de resist\u00eancia, carregado de subjetividade, falibilidade e criatividade.&nbsp;<\/li>\n<\/ul>\n\n\n\n<p>O uso de Intelig\u00eancia Artificial (IA) no universo liter\u00e1rio em 2026 \u00e9 regido por um misto de leis de direitos autorais tradicionais, novas regulamenta\u00e7\u00f5es \u00e9ticas e precedentes judiciais em evolu\u00e7\u00e3o. <strong>A premissa central <\/strong><strong>a seguinte:<\/strong><strong> IA \u00e9 uma ferramenta de aux\u00edlio, n\u00e3o um autor legal.&nbsp;<\/strong>A seguir, as principais &#8220;leis&#8221; e normas atuais:<\/p>\n\n\n\n<p><strong>1. Autoria e Direitos Autorais (O Fator Humano)<\/strong><\/p>\n\n\n\n<ul class=\"wp-block-list\">\n<li><strong>humanos como \u00danicos Autores:<\/strong>\u00a0Lei de Direitos Autorais (como a brasileira n\u00ba 9.610\/1998) estabelece que somente pessoas naturais podem ser autores de obras liter\u00e1rias. Obras criadas 100% por IA n\u00e3o recebem prote\u00e7\u00e3o de direito autoral, pois a lei n\u00e3o reconhece m\u00e1quinas como autoras.<br><br><\/li>\n\n\n\n<li><strong>responsabilidade Legal:<\/strong>\u00a0o humano que utiliza a IA para gerar texto \u00e9 o \u00fanico respons\u00e1vel p\u00fablico pelo conte\u00fado, incluindo erros ou casos de pl\u00e1gio.<br><br><\/li>\n\n\n\n<li><strong>o<\/strong><strong>bras de Dom\u00ednio P\u00fablico:<\/strong>&nbsp;treinar modelos de IA com livros protegidos por direitos autorais tem sido considerado por alguns ju\u00edzes como &#8220;uso justo&#8221; (<em>fair use<\/em>) para desenvolvimento de tecnologia, embora isso continue sendo debatido.&nbsp;<\/li>\n<\/ul>\n\n\n\n<p><strong>2. \u00c9tica e Transpar\u00eancia<\/strong><\/p>\n\n\n\n<ul class=\"wp-block-list\">\n<li><strong>declara\u00e7\u00e3o de Uso:<\/strong>\u00a0a\u00a0<em>Authors Guild<\/em>\u00a0(uni\u00e3o de autores norte-americanos) e diversas editoras exigem que o uso de IA na gera\u00e7\u00e3o de textos seja informado aos leitores.<br><br><\/li>\n\n\n\n<li><strong>transpar\u00eancia Editorial:<\/strong>\u00a0editores e plataformas de publica\u00e7\u00e3o est\u00e3o adotando pol\u00edticas para identificar conte\u00fados gerados por IA, muitas vezes exigindo a documenta\u00e7\u00e3o do uso da ferramenta.<br><br><\/li>\n\n\n\n<li><strong>r<\/strong><strong>isco de &#8220;Fake&#8221; Liter\u00e1rio:<\/strong>&nbsp;textos inteiramente gerados por IA s\u00e3o vistos por muitos no mercado editorial como &#8220;falsos&#8221; ou inaut\u00eanticos, carecendo da profundidade emocional humana.&nbsp;<\/li>\n<\/ul>\n\n\n\n<p><strong>3. \u00c9tica no Treinamento e Direitos de Estilo<\/strong><\/p>\n\n\n\n<ul class=\"wp-block-list\">\n<li><strong>prote\u00e7\u00e3o de Estilo:<\/strong>\u00a0a IA pode emular o estilo de autores consagrados, mas a emula\u00e7\u00e3o excessiva que resulta em reprodu\u00e7\u00e3o de trechos (pl\u00e1gio) \u00e9 ilegal.<br><br><\/li>\n\n\n\n<li><strong>&#8220;Engenharia de Refer\u00eancia&#8221;:<\/strong>&nbsp;o uso de IA para analisar sintaxe e estilo (com &#8220;GPTs&#8221; personalizados) \u00e9 aceito como aux\u00edlio criativo, desde que o resultado final seja editado e assinado por um humano.&nbsp;<\/li>\n<\/ul>\n\n\n\n<p><strong>4. Novas Regula\u00e7\u00f5es (Tend\u00eancias 2025-2026)<\/strong><\/p>\n\n\n\n<ul class=\"wp-block-list\">\n<li><strong>Projeto de Lei 2338\/23 (Brasil):<\/strong>\u00a0analisa a regulamenta\u00e7\u00e3o da IA com foco nos n\u00edveis de risco para os direitos fundamentais.<br><br><\/li>\n\n\n\n<li><strong>c<\/strong><strong>oncursos e <\/strong><strong>e<\/strong><strong>ditoras:<\/strong>&nbsp;algumas editoras e concursos liter\u00e1rios t\u00eam cancelado ou alterado regras para evitar a enxurrada de textos gerados automaticamente, dada a dificuldade de distinguir a autoria.&nbsp;<\/li>\n<\/ul>\n\n\n\n<p><strong>Em resumo<\/strong>, a regra de ouro \u00e9:&nbsp;<strong>A IA pode ajudar a escrever (assist\u00eancia). <\/strong><strong>Entretanto, <\/strong><strong>o autor humano deve assumir a autoria (responsabilidade).<\/strong>&nbsp;Sejamos respons\u00e1veis pelos nossos atos!!! E produzamos produ\u00e7\u00f5es liter\u00e1rias de qualidade. Com base nisso, de acordo com Noam Chomsky: \u201cEste \u00e9 o ataque mais radical ao pensamento cr\u00edtico, \u00e0 intelig\u00eancia cr\u00edtica e particularmente \u00e0 ci\u00eancia que eu jamais vi\u201d.<\/p>\n\n\n\n<h3 class=\"wp-block-heading has-text-align-center\"><br>Renata Barcellos<\/h3>\n\n\n\n<div class=\"wp-block-columns is-layout-flex wp-container-core-columns-is-layout-9d6595d7 wp-block-columns-is-layout-flex\">\n<div class=\"wp-block-column is-layout-flow wp-block-column-is-layout-flow\">\n<h3 class=\"wp-block-heading has-text-align-center has-luminous-vivid-amber-to-luminous-vivid-orange-gradient-background has-background\"><a href=\"https:\/\/www.facebook.com\/renata.barcellos74?rdid=lTSI5HS9eWTAIgrR&amp;share_url=https%3A%2F%2Fwww.facebook.com%2Fshare%2F175qrgyvJC%2F#\" title=\"Facebook\">Facebook<\/a><\/h3>\n<\/div>\n\n\n\n<div class=\"wp-block-column is-layout-flow wp-block-column-is-layout-flow\">\n<h3 class=\"wp-block-heading has-text-align-center has-luminous-vivid-amber-to-luminous-vivid-orange-gradient-background has-background\"><a href=\"https:\/\/www.youtube.com\/@barcellartes6969\" title=\"YouTube\">YouTube<\/a><\/h3>\n<\/div>\n\n\n\n<div class=\"wp-block-column is-layout-flow wp-block-column-is-layout-flow\">\n<h3 class=\"wp-block-heading has-text-align-center has-luminous-vivid-amber-to-luminous-vivid-orange-gradient-background has-background\"><a href=\"https:\/\/www.instagram.com\/prof.renatabarcellos?utm_source=qr&amp;igsh=c2MxNnJraWE5NWx5\" title=\"Instagram\">Instagram<\/a><\/h3>\n<\/div>\n<\/div>\n\n\n\n<p><a href=\"http:\/\/jornalrol.com.br\/\" title=\"Voltar\">Voltar<\/a><\/p>\n\n\n\n<p><a href=\"https:\/\/www.facebook.com\/JCulturalrol\/\" title=\"Facebook\">Facebook<\/a><\/p>\n","protected":false},"excerpt":{"rendered":"<p>A tematiza\u00e7\u00e3o da import\u00e2ncia do trabalho na vida humana \u00e9 milenar desde os escritos gregos. Exemplos: nas obras de Hes\u00edodo: O Trabalho e os dias e nos&#8230;<\/p>\n","protected":false},"author":127,"featured_media":80488,"comment_status":"open","ping_status":"closed","sticky":false,"template":"","format":"standard","meta":{"_jetpack_newsletter_access":"","_jetpack_dont_email_post_to_subs":false,"_jetpack_newsletter_tier_id":0,"_jetpack_memberships_contains_paywalled_content":false,"_jetpack_memberships_contains_paid_content":false,"footnotes":""},"categories":[9398,9285],"tags":[3263,16805,16804,16803,5466],"class_list":["post-80481","post","type-post","status-publish","format-standard","has-post-thumbnail","hentry","category-artigos","category-literatura","tag-engels","tag-franz-kafka","tag-importancia-do-trabalho","tag-labor-no-universo-literario","tag-marx"],"aioseo_notices":[],"views":108,"jetpack_featured_media_url":"http:\/\/jornalrol.com.br\/wp-content\/uploads\/2026\/04\/d623789d-2820-4727-b660-ccdaf01d1628.jpg","jetpack_sharing_enabled":true,"jetpack_likes_enabled":true,"jetpack-related-posts":[{"id":47337,"url":"http:\/\/jornalrol.com.br\/?p=47337","url_meta":{"origin":80481,"position":0},"title":"Premiado dramaturgo Eduardo Aleixo Monteiro disponibiliza gratuitamente livro \u2018Interrup\u00e7\u00e3o\u2019, com direito a uma leitura dram\u00e1tica e uma oficina de escrita teatral","author":"Veronica Moreira","date":"18 de dezembro de 2021","format":false,"excerpt":"Inspirada em um caso real, a trama coloca em cena um juiz e um escriv\u00e3o \u00e0s voltas com um pedido de interrup\u00e7\u00e3o de gravidez, deixando-se influenciar por suas ambi\u00e7\u00f5es e convic\u00e7\u00f5es O texto da pe\u00e7a \u201cInterrup\u00e7\u00e3o\u201d, de Eduardo Aleixo Monteiro, \u00e9 disponibilizado online, publicado pela Editora Ef\u00eamera. O trabalho foi\u2026","rel":"","context":"Em &quot;Comunica\u00e7\u00e3o&quot;","block_context":{"text":"Comunica\u00e7\u00e3o","link":"http:\/\/jornalrol.com.br\/?cat=7"},"img":{"alt_text":"","src":"https:\/\/i0.wp.com\/www.jornalrol.com.br\/wp-content\/uploads\/2021\/12\/image1.jpg?resize=350%2C200","width":350,"height":200,"srcset":"https:\/\/i0.wp.com\/www.jornalrol.com.br\/wp-content\/uploads\/2021\/12\/image1.jpg?resize=350%2C200 1x, https:\/\/i0.wp.com\/www.jornalrol.com.br\/wp-content\/uploads\/2021\/12\/image1.jpg?resize=525%2C300 1.5x"},"classes":[]},{"id":17055,"url":"http:\/\/jornalrol.com.br\/?p=17055","url_meta":{"origin":80481,"position":1},"title":"Jorge Paunovic: &#039;Policia Judici\u00e1ria&#039;","author":"Helio Rubens","date":"11 de mar\u00e7o de 2018","format":false,"excerpt":"Jorge Paunovic - Pol\u00edcia Judici\u00e1ria \u00a0 \u00a0 \u00a0 \u00a0 \u00a0\u00a0No pa\u00eds a Seguran\u00e7a P\u00fablica \u00e9 responsabilidade do Estado e \u00e9 composta de duas for\u00e7as policiais. Segundo a Constitui\u00e7\u00e3o Federal, a responsabilidade do policiamento ostensivo fardado compete \u00e0s Policias Militares. \u00a0 \u00a0 \u00a0 \u00a0 \u00a0 A Pol\u00edcia Judici\u00e1ria \u00e9 composta pela\u2026","rel":"","context":"Em &quot;Comunica\u00e7\u00e3o&quot;","block_context":{"text":"Comunica\u00e7\u00e3o","link":"http:\/\/jornalrol.com.br\/?cat=7"},"img":{"alt_text":"","src":"https:\/\/i0.wp.com\/www.jornalrol.com.br\/wp-content\/uploads\/2017\/01\/jorge-paunovic.jpg?resize=350%2C200","width":350,"height":200},"classes":[]},{"id":5025,"url":"http:\/\/jornalrol.com.br\/?p=5025","url_meta":{"origin":80481,"position":2},"title":"Genealogia: leitora de Portugal troca correspondencia com Afr\u00e2nio Mello","author":"Helio Rubens","date":"22 de maio de 2016","format":false,"excerpt":"Leia a troca de correspond\u00eancia entre o genealogista e a leitora do ROL que mora em Portugal Maribel Monteiro e Marcos Rodrigues, bom dia. Maribel, veja abaixo a correspond\u00eancia que o Marcos me envia solicitando seu endere\u00e7o eletr\u00f4nico e informa que o bisav\u00f4 dele Silvino Adauto Rodrigues era irmn\u00e7ai g\u00eameode\u2026","rel":"","context":"Em &quot;Comunica\u00e7\u00e3o&quot;","block_context":{"text":"Comunica\u00e7\u00e3o","link":"http:\/\/jornalrol.com.br\/?cat=7"},"img":{"alt_text":"","src":"","width":0,"height":0},"classes":[]},{"id":46966,"url":"http:\/\/jornalrol.com.br\/?p=46966","url_meta":{"origin":80481,"position":3},"title":"Jorge Paunovic lan\u00e7a o livro O Dan\u00fabio Vermelho em Sorocaba\/SP","author":"Sergio Diniz da Costa","date":"2 de dezembro de 2021","format":false,"excerpt":"A obra narra a hist\u00f3ria de uma garota nascida na S\u00e9rvia que enfrentou os desafios da Segunda Guerra Mundial em busca de um \u00fanico prop\u00f3sito: reconstruir a sua fam\u00edlia O escritor\u00a0Jorge Paunovic\u00a0lan\u00e7ar\u00e1 em Sorocaba\/SP o livro\u00a0O Dan\u00fabio Vermelho,\u00a0escrito em mem\u00f3ria aos 80 anos da invas\u00e3o nazista na S\u00e9rvia, abordando a\u2026","rel":"","context":"Em &quot;Comunica\u00e7\u00e3o&quot;","block_context":{"text":"Comunica\u00e7\u00e3o","link":"http:\/\/jornalrol.com.br\/?cat=7"},"img":{"alt_text":"","src":"https:\/\/i0.wp.com\/jornalrol.com.br\/wp-content\/uploads\/2021\/12\/fb672666-4aca-4de3-b2de-bf8dc8bf365a-300x300.jpg?resize=350%2C200","width":350,"height":200},"classes":[]},{"id":49306,"url":"http:\/\/jornalrol.com.br\/?p=49306","url_meta":{"origin":80481,"position":4},"title":"Semana de Arte Moderna: alunos de Ribeir\u00e3o Preto fazem releitura de obras","author":"Veronica Moreira","date":"25 de mar\u00e7o de 2022","format":false,"excerpt":"Por meio das redes sociais, col\u00e9gio apresenta trabalhos de crian\u00e7as que mergulharam no universo de artistas que, h\u00e1 cem anos, revolucionaram as artes \u201cA artista Tarsila do Amaral\u00a0desejava dar um tchau\u00a0na ideia de perfei\u00e7\u00e3o,\u00a0e criou Abaporu\u00a0 fora do padr\u00e3o.\u00a0Ela queria demonstrar\u00a0que na liberdade de se expressar\u00a0pode dizer sobre beleza\u00a0Com toda\u2026","rel":"","context":"Em &quot;Comunica\u00e7\u00e3o&quot;","block_context":{"text":"Comunica\u00e7\u00e3o","link":"http:\/\/jornalrol.com.br\/?cat=7"},"img":{"alt_text":"","src":"https:\/\/i0.wp.com\/www.jornalrol.com.br\/wp-content\/uploads\/2022\/03\/unnamed-48.jpg?resize=350%2C200","width":350,"height":200},"classes":[]},{"id":17357,"url":"http:\/\/jornalrol.com.br\/?p=17357","url_meta":{"origin":80481,"position":5},"title":"Jorge Paunovic: &#039;Pol\u00edcia Judici\u00e1ria II&#039;","author":"Helio Rubens","date":"28 de mar\u00e7o de 2018","format":false,"excerpt":"Jorge Paunovic: 'Pol\u00edcia Judici\u00e1ria II' \u00a0\u00a0\u00a0\u00a0\u00a0\u00a0\u00a0\u00a0\u00a0\u00a0\u00a0\u00a0\u00a0\u00a0\u00a0\u00a0\u00a0\u00a0\u00a0\u00a0\u00a0\u00a0\u00a0\u00a0\u00a0\u00a0\u00a0\u00a0\u00a0\u00a0\u00a0\u00a0\u00a0\u00a0\u00a0\u00a0\u00a0\u00a0\u00a0\u00a0\u00a0\u00a0\u00a0\u00a0\u00a0\u00a0\u00a0Um novo dia que surge e um plant\u00e3o em uma Delegacia de Pol\u00edcia da Periferia de S\u00e3o Paulo.\u00a0 Assumimos o plant\u00e3o e chegam as ocorr\u00eancias. Furto de Toca Fitas de carros durante a madrugada. Naquele tempo n\u00e3o havia os tais alarmes de carro como hoje\u2026","rel":"","context":"Em &quot;Comunica\u00e7\u00e3o&quot;","block_context":{"text":"Comunica\u00e7\u00e3o","link":"http:\/\/jornalrol.com.br\/?cat=7"},"img":{"alt_text":"","src":"https:\/\/i0.wp.com\/www.jornalrol.com.br\/wp-content\/uploads\/2017\/01\/jorge-paunovic.jpg?resize=350%2C200","width":350,"height":200},"classes":[]}],"_links":{"self":[{"href":"http:\/\/jornalrol.com.br\/index.php?rest_route=\/wp\/v2\/posts\/80481","targetHints":{"allow":["GET"]}}],"collection":[{"href":"http:\/\/jornalrol.com.br\/index.php?rest_route=\/wp\/v2\/posts"}],"about":[{"href":"http:\/\/jornalrol.com.br\/index.php?rest_route=\/wp\/v2\/types\/post"}],"author":[{"embeddable":true,"href":"http:\/\/jornalrol.com.br\/index.php?rest_route=\/wp\/v2\/users\/127"}],"replies":[{"embeddable":true,"href":"http:\/\/jornalrol.com.br\/index.php?rest_route=%2Fwp%2Fv2%2Fcomments&post=80481"}],"version-history":[{"count":3,"href":"http:\/\/jornalrol.com.br\/index.php?rest_route=\/wp\/v2\/posts\/80481\/revisions"}],"predecessor-version":[{"id":80490,"href":"http:\/\/jornalrol.com.br\/index.php?rest_route=\/wp\/v2\/posts\/80481\/revisions\/80490"}],"wp:featuredmedia":[{"embeddable":true,"href":"http:\/\/jornalrol.com.br\/index.php?rest_route=\/wp\/v2\/media\/80488"}],"wp:attachment":[{"href":"http:\/\/jornalrol.com.br\/index.php?rest_route=%2Fwp%2Fv2%2Fmedia&parent=80481"}],"wp:term":[{"taxonomy":"category","embeddable":true,"href":"http:\/\/jornalrol.com.br\/index.php?rest_route=%2Fwp%2Fv2%2Fcategories&post=80481"},{"taxonomy":"post_tag","embeddable":true,"href":"http:\/\/jornalrol.com.br\/index.php?rest_route=%2Fwp%2Fv2%2Ftags&post=80481"}],"curies":[{"name":"wp","href":"https:\/\/api.w.org\/{rel}","templated":true}]}}