{"id":80494,"date":"2026-05-01T12:25:04","date_gmt":"2026-05-01T15:25:04","guid":{"rendered":"https:\/\/jornalrol.com.br\/?p=80494"},"modified":"2026-05-01T12:25:14","modified_gmt":"2026-05-01T15:25:14","slug":"trabalhador-certo-no-local-certo","status":"publish","type":"post","link":"http:\/\/jornalrol.com.br\/?p=80494","title":{"rendered":"Trabalhador certo no local certo"},"content":{"rendered":"<div class=\"pdfprnt-buttons pdfprnt-buttons-post pdfprnt-top-right\"><a href=\"http:\/\/jornalrol.com.br\/index.php?rest_route=%2Fwp%2Fv2%2Fposts%2F80494&print=pdf\" class=\"pdfprnt-button pdfprnt-button-pdf\" target=\"_blank\" ><\/a><a href=\"http:\/\/jornalrol.com.br\/index.php?rest_route=%2Fwp%2Fv2%2Fposts%2F80494&print=print\" class=\"pdfprnt-button pdfprnt-button-print\" target=\"_blank\" ><img decoding=\"async\" src=\"https:\/\/jornalrol.com.br\/wp-content\/plugins\/pdf-print\/images\/print.png\" alt=\"image_print\" title=\"Conte\u00fado de impress\u00e3o\" \/><\/a><\/div>\n<h2 class=\"wp-block-heading has-text-align-center\">Diamantino Louren\u00e7o Rodrigues de B\u00e1rtolo<br><br> &#8216;Trabalhador certo no local certo&#8217;<br><br><\/h2>\n\n\n<div class=\"wp-block-image\">\n<figure class=\"aligncenter size-full is-resized\"><img loading=\"lazy\" decoding=\"async\" width=\"843\" height=\"1069\" data-attachment-id=\"68602\" data-permalink=\"http:\/\/jornalrol.com.br\/?attachment_id=68602\" data-orig-file=\"http:\/\/jornalrol.com.br\/wp-content\/uploads\/2024\/08\/2.-Diamantino-21.03.2016-21032016-1.jpg\" data-orig-size=\"843,1069\" data-comments-opened=\"1\" data-image-meta=\"{&quot;aperture&quot;:&quot;0&quot;,&quot;credit&quot;:&quot;&quot;,&quot;camera&quot;:&quot;&quot;,&quot;caption&quot;:&quot;&quot;,&quot;created_timestamp&quot;:&quot;0&quot;,&quot;copyright&quot;:&quot;&quot;,&quot;focal_length&quot;:&quot;0&quot;,&quot;iso&quot;:&quot;0&quot;,&quot;shutter_speed&quot;:&quot;0&quot;,&quot;title&quot;:&quot;&quot;,&quot;orientation&quot;:&quot;0&quot;}\" data-image-title=\"2. Diamantino (21.03.2016) 21032016 (1)\" data-image-description=\"&lt;p&gt;Diamantino B\u00e1rtolo&lt;\/p&gt;\n\" data-image-caption=\"&lt;p&gt;Diamantino B\u00e1rtolo&lt;\/p&gt;\n\" data-large-file=\"http:\/\/jornalrol.com.br\/wp-content\/uploads\/2024\/08\/2.-Diamantino-21.03.2016-21032016-1.jpg\" src=\"http:\/\/jornalrol.com.br\/wp-content\/uploads\/2024\/08\/2.-Diamantino-21.03.2016-21032016-1.jpg\" alt=\"Diamantino B\u00e1rtolo\" class=\"wp-image-68602\" style=\"aspect-ratio:0.788605125346555;width:170px;height:auto\" srcset=\"http:\/\/jornalrol.com.br\/wp-content\/uploads\/2024\/08\/2.-Diamantino-21.03.2016-21032016-1.jpg 843w, http:\/\/jornalrol.com.br\/wp-content\/uploads\/2024\/08\/2.-Diamantino-21.03.2016-21032016-1-768x974.jpg 768w\" sizes=\"auto, (max-width: 843px) 100vw, 843px\" \/><figcaption class=\"wp-element-caption\">Diamantino B\u00e1rtolo<\/figcaption><\/figure>\n<\/div>\n\n<div class=\"wp-block-image\">\n<figure class=\"aligncenter size-full is-resized\"><img loading=\"lazy\" decoding=\"async\" width=\"1402\" height=\"1122\" data-attachment-id=\"80499\" data-permalink=\"http:\/\/jornalrol.com.br\/?attachment_id=80499\" data-orig-file=\"http:\/\/jornalrol.com.br\/wp-content\/uploads\/2026\/05\/a414ebea-47d4-4ff5-86e1-dab21e079b39.jpg\" data-orig-size=\"1402,1122\" data-comments-opened=\"1\" data-image-meta=\"{&quot;aperture&quot;:&quot;0&quot;,&quot;credit&quot;:&quot;&quot;,&quot;camera&quot;:&quot;&quot;,&quot;caption&quot;:&quot;&quot;,&quot;created_timestamp&quot;:&quot;0&quot;,&quot;copyright&quot;:&quot;&quot;,&quot;focal_length&quot;:&quot;0&quot;,&quot;iso&quot;:&quot;0&quot;,&quot;shutter_speed&quot;:&quot;0&quot;,&quot;title&quot;:&quot;&quot;,&quot;orientation&quot;:&quot;0&quot;}\" data-image-title=\"a414ebea-47d4-4ff5-86e1-dab21e079b39\" data-image-description=\"\" data-image-caption=\"\" data-large-file=\"http:\/\/jornalrol.com.br\/wp-content\/uploads\/2026\/05\/a414ebea-47d4-4ff5-86e1-dab21e079b39.jpg\" src=\"https:\/\/jornalrol.com.br\/wp-content\/uploads\/2026\/05\/a414ebea-47d4-4ff5-86e1-dab21e079b39.jpg\" alt=\"\" class=\"wp-image-80499\" style=\"aspect-ratio:1.2495932313699967;width:440px;height:auto\" srcset=\"http:\/\/jornalrol.com.br\/wp-content\/uploads\/2026\/05\/a414ebea-47d4-4ff5-86e1-dab21e079b39.jpg 1402w, http:\/\/jornalrol.com.br\/wp-content\/uploads\/2026\/05\/a414ebea-47d4-4ff5-86e1-dab21e079b39-1200x960.jpg 1200w, http:\/\/jornalrol.com.br\/wp-content\/uploads\/2026\/05\/a414ebea-47d4-4ff5-86e1-dab21e079b39-768x615.jpg 768w\" sizes=\"auto, (max-width: 1402px) 100vw, 1402px\" \/><figcaption class=\"wp-element-caption\"><em>Imagem criada pelo ChatGPT &#8211; <a href=\"https:\/\/chatgpt.com\/g\/g-59EzD5Ehz-gerador-de-imagens-ia-que-cria-imagens\/c\/69f4c3c5-b514-83e9-8a1d-4f47b94ef7c3\">https:\/\/chatgpt.com\/g\/g-59EzD5Ehz-gerador-de-imagens-ia-que-cria-imagens\/c\/69f4c3c5-b514-83e9-8a1d-4f47b94ef7c3<\/a><\/em><\/figcaption><\/figure>\n<\/div>\n\n\n<p class=\"has-drop-cap\">As institui\u00e7\u00f5es empresariais, p\u00fablicas, privadas, quaisquer que sejam os seus objetivos, estrutura, procedimentos e composi\u00e7\u00e3o humana, ter\u00e3o tudo, e tanto mais a ganhar, quanto investirem na valoriza\u00e7\u00e3o e dignifica\u00e7\u00e3o dos seus colaboradores, na medida em que as pessoas ficar\u00e3o mais sensibilizadas para defender e praticarem os valores institucionais, que incorporam toda uma cultura emblem\u00e1tica.&nbsp;<\/p>\n\n\n\n<p>Por outro lado, igualmente, importante \u00e9 cada trabalhador estar colocado no local certo, nas fun\u00e7\u00f5es que melhor sabe executar, e que as realiza com prazer, sem press\u00f5es nem persegui\u00e7\u00f5es, com a maior liberdade poss\u00edvel, sabendo, previamente, que quanto mais independ\u00eancia tiver, mais responsabilidades lhe ser\u00e3o exigidas.&nbsp;<\/p>\n\n\n\n<p>O grau de satisfa\u00e7\u00e3o dos funcion\u00e1rios tamb\u00e9m passa por eles poderem fazer o que gostam, ali\u00e1s: <em>\u00abTodo o mundo sabe que \u00e9 preciso gostar do que se faz. Isso \u00e9 fundamental, important\u00edssimo, mas as vit\u00f3rias s\u00e3o constru\u00eddas sobre coisas que gostamos e tamb\u00e9m sobre outras que n\u00e3o gostamos de fazer. (\u2026) Precisamos colocar o m\u00e1ximo prazer em nosso trabalho, mas temos tamb\u00e9m de faz\u00ea-lo com a m\u00e1xima qualidade, mesmo que isso implique horas e horas de desprazer.\u00bb<\/em> (SHINYASHIKI, 2000:162-63).<\/p>\n\n\n\n<p>O exerc\u00edcio de fun\u00e7\u00f5es executivas, numa determinada institui\u00e7\u00e3o, envolve requisitos de exig\u00eancia, rigor e maturidade que, noutras atividades n\u00e3o ser\u00e3o decisivos, embora, analogamente, importantes para o sucesso da organiza\u00e7\u00e3o e dos seus colaboradores.&nbsp;<\/p>\n\n\n\n<p>Com efeito, a vida profissional de um cidad\u00e3o, titular de um cargo executivo, implica, desde logo, um forte dom\u00ednio da componente emocional, para que nele se possam encontrar a seguran\u00e7a, a credibilidade, a maturidade e a compet\u00eancia, que conduzem \u00e0 tomada de boas, eficazes e justas decis\u00f5es.&nbsp;<\/p>\n\n\n\n<p>O grau de exig\u00eancia que se lhe imp\u00f5e deve ser compat\u00edvel, n\u00e3o s\u00f3 com um estatuto proporcional ao n\u00edvel social, mas tamb\u00e9m remunerat\u00f3rio, obviamente, partindo do princ\u00edpio, segundo o qual, os resultados justificam a diferencia\u00e7\u00e3o entre o executivo e os demais trabalhadores da mesma organiza\u00e7\u00e3o.<\/p>\n\n\n\n<p>Naturalmente que, individualmente considerado, o executivo n\u00e3o resolver\u00e1, apenas por si s\u00f3, todos os problemas da institui\u00e7\u00e3o, dos colaboradores, utentes, acionistas e outra popula\u00e7\u00e3o, a ela ligada por qualquer v\u00ednculo. O executivo carece do apoio e coopera\u00e7\u00e3o de toda uma equipa, dos diversos departamentos da institui\u00e7\u00e3o, embora ele se deva assumir como o garante dos sucessos e o respons\u00e1vel pelas diversas situa\u00e7\u00f5es que se v\u00e3o originando ao longo do exerc\u00edcio.<\/p>\n\n\n\n<p>Aceite-se que: <em>\u00abA vida executiva, particularmente nas grandes empresas ou nas organiza\u00e7\u00f5es governamentais, constitui um rigoroso teste de maturidade emocional. Poucos dos que ingressam nessa vida sabem, exatamente, qu\u00e3o perto eles chegar\u00e3o de se afastarem de seus ancoradouros emocionais. A tens\u00e3o e a press\u00e3o do papel executivo se refletem na procura quase universal de um ideal para o desempenho executivo e eficaz.\u00bb <\/em>(JENNINGS, 1972:17).<\/p>\n\n\n\n<p><strong>BIBLIOGRAFIA<\/strong><\/p>\n\n\n\n<p>JENNINGS, E. E. (1972). O Executivo, Autocrata-Burocrata-Democrata. Tradu\u00e7\u00e3o, Oswaldo Chiquetto. S. Paulo: Livraria Pioneira Editora<\/p>\n\n\n\n<p>SHINYASHIKI, Roberto T., (2000). Os Donos do Futuro. 31\u00aa Edi\u00e7\u00e3o. S. Paulo: Editora Infinito.<\/p>\n\n\n\n<p class=\"has-text-align-right\">Venade\/Caminha \u2013 Portugal, 25 de abril deE 2026<\/p>\n\n\n\n<p class=\"has-text-align-right\"><strong>Diamantino Louren\u00e7o Rodrigues de B\u00e1rtolo<\/strong><\/p>\n\n\n\n<p class=\"has-text-align-right\"><strong>Presidente HONOR\u00c1RIO do N\u00facleo Acad\u00e9mico de Letras e Artes de Portugal<\/strong><\/p>\n\n\n\n<div class=\"wp-block-columns is-layout-flex wp-container-core-columns-is-layout-9d6595d7 wp-block-columns-is-layout-flex\">\n<div class=\"wp-block-column is-layout-flow wp-block-column-is-layout-flow\">\n<h4 class=\"wp-block-heading has-text-align-center has-electric-grass-gradient-background has-background\"><a href=\"mailto:diamantino.bartolo@gmail.com\" title=\"E-meio\">E-meio<\/a><\/h4>\n<\/div>\n\n\n\n<div class=\"wp-block-column is-layout-flow wp-block-column-is-layout-flow\">\n<h4 class=\"wp-block-heading has-text-align-center has-electric-grass-gradient-background has-background\"><a href=\"http:\/\/nalap.org\/Artigos.aspx\" title=\"Nalap\">Nalap<\/a><\/h4>\n<\/div>\n\n\n\n<div class=\"wp-block-column is-layout-flow wp-block-column-is-layout-flow\">\n<h4 class=\"wp-block-heading has-text-align-center has-electric-grass-gradient-background has-background\"><a href=\"https:\/\/www.facebook.com\/diamantino.bartolo.1\" target=\"_blank\" rel=\"noopener\" title=\"Facebook\">Facebook<\/a><\/h4>\n<\/div>\n\n\n\n<div class=\"wp-block-column is-layout-flow wp-block-column-is-layout-flow\">\n<h4 class=\"wp-block-heading has-text-align-center has-electric-grass-gradient-background has-background\"><a href=\"http:\/\/diamantinobartolo.blogspot.com\" title=\"Blog\">Blog<\/a><\/h4>\n<\/div>\n<\/div>\n\n\n\n<p><a href=\"https:\/\/jornalrol.com.br\/\" title=\"Voltar\">Voltar<\/a><\/p>\n\n\n\n<p><a href=\"https:\/\/www.facebook.com\/JCulturalrol\/\" title=\"Facebook\">Facebook<\/a><\/p>\n","protected":false},"excerpt":{"rendered":"<p>As institui\u00e7\u00f5es empresariais, p\u00fablicas, privadas, quaisquer que sejam os seus objetivos, estrutura, procedimentos e composi\u00e7\u00e3o humana, ter\u00e3o tudo, e tanto&#8230;<\/p>\n","protected":false},"author":16,"featured_media":80499,"comment_status":"open","ping_status":"closed","sticky":false,"template":"","format":"standard","meta":{"_jetpack_newsletter_access":"","_jetpack_dont_email_post_to_subs":false,"_jetpack_newsletter_tier_id":0,"_jetpack_memberships_contains_paywalled_content":false,"_jetpack_memberships_contains_paid_content":false,"footnotes":""},"categories":[9398,9285],"tags":[10349,16809,16810,13693],"class_list":["post-80494","post","type-post","status-publish","format-standard","has-post-thumbnail","hentry","category-artigos","category-literatura","tag-dia-do-trabalhador","tag-dignificacao","tag-valores-institucionais","tag-valorizacao"],"aioseo_notices":[],"views":115,"jetpack_featured_media_url":"http:\/\/jornalrol.com.br\/wp-content\/uploads\/2026\/05\/a414ebea-47d4-4ff5-86e1-dab21e079b39.jpg","jetpack_sharing_enabled":true,"jetpack_likes_enabled":true,"jetpack-related-posts":[{"id":51004,"url":"http:\/\/jornalrol.com.br\/?p=51004","url_meta":{"origin":80494,"position":0},"title":"Diamantino Louren\u00e7o Rodrigues de B\u00e1rtolo: &#039;Cidade promotora de educa\u00e7\u00e3o-forma\u00e7\u00e3o&#039;","author":"Diamantino Bartolo","date":"6 de julho de 2022","format":false,"excerpt":"Cidade promotora de educa\u00e7\u00e3o-forma\u00e7\u00e3o Provavelmente, a partir da sustenta\u00e7\u00e3o na investiga\u00e7\u00e3o cient\u00edfica, com alguns crit\u00e9rios de rigor, nomeadamente a objetividade e a verificabilidade, pode-se afirmar que, com exce\u00e7\u00e3o de situa\u00e7\u00f5es extraordin\u00e1rias, as cidades\/localidades que mais investem na educa\u00e7\u00e3o, e forma\u00e7\u00e3o profissional dos seus cidad\u00e3os residentes, e outros que a procuram,\u2026","rel":"","context":"Em &quot;Comunica\u00e7\u00e3o&quot;","block_context":{"text":"Comunica\u00e7\u00e3o","link":"http:\/\/jornalrol.com.br\/?cat=7"},"img":{"alt_text":"","src":"https:\/\/i0.wp.com\/www.jornalrol.com.br\/wp-content\/uploads\/2020\/09\/113545633_1612205885611817_276299013388565688_o-1-217x300.jpg?resize=350%2C200","width":350,"height":200},"classes":[]},{"id":54547,"url":"http:\/\/jornalrol.com.br\/?p=54547","url_meta":{"origin":80494,"position":1},"title":"Diamantino Loureiro de B\u00e1rtolo: &#039;Superar a crise com f\u00e9 na evolu\u00e7\u00e3o&#039;","author":"Diamantino Bartolo","date":"12 de abril de 2023","format":false,"excerpt":"Superar a crise com f\u00e9 na evolu\u00e7\u00e3o Quando, cuidadosamente, estudamos a Hist\u00f3ria da Humanidade, obviamente, \u00e0 escala global, possivelmente, n\u00e3o haver\u00e1 um per\u00edodo, um continente, um pa\u00eds, uma organiza\u00e7\u00e3o ou at\u00e9 uma pessoa, que n\u00e3o tenha experienciado algum tipo de crise: na sa\u00fade, no trabalho, na economia, nos valores, nos\u2026","rel":"","context":"Em &quot;Comunica\u00e7\u00e3o&quot;","block_context":{"text":"Comunica\u00e7\u00e3o","link":"http:\/\/jornalrol.com.br\/?cat=7"},"img":{"alt_text":"","src":"https:\/\/i0.wp.com\/jornalrol.com.br\/wp-content\/uploads\/2022\/11\/113545633_1612205885611817_276299013388565688_o-1.jpg?resize=350%2C200","width":350,"height":200},"classes":[]},{"id":51081,"url":"http:\/\/jornalrol.com.br\/?p=51081","url_meta":{"origin":80494,"position":2},"title":"Diamantino Louren\u00e7o Rodrigues de B\u00e1rtolo: &#039;Perspectiva filos\u00f3fica sobre a cidade educadora&#039;","author":"Diamantino Bartolo","date":"12 de julho de 2022","format":false,"excerpt":"Perspectiva filos\u00f3fica sobre a cidade educadora Sendo impratic\u00e1vel constru\u00edrem-se cidades em qualquer espa\u00e7o, e sem objetivos estrat\u00e9gicos, assim como continuar a investir naquelas onde as condi\u00e7\u00f5es ambientais s\u00e3o desfavor\u00e1veis, as acessibilidades inadequadas e\/ou de dif\u00edcil e dispendiosa adapta\u00e7\u00e3o, pode-se considerar, por\u00e9m, oportuno apostar numa nova filosofia urban\u00edstica, no sentido de\u2026","rel":"","context":"Em &quot;Comunica\u00e7\u00e3o&quot;","block_context":{"text":"Comunica\u00e7\u00e3o","link":"http:\/\/jornalrol.com.br\/?cat=7"},"img":{"alt_text":"","src":"https:\/\/i0.wp.com\/www.jornalrol.com.br\/wp-content\/uploads\/2020\/09\/113545633_1612205885611817_276299013388565688_o-1-217x300.jpg?resize=350%2C200","width":350,"height":200},"classes":[]},{"id":51878,"url":"http:\/\/jornalrol.com.br\/?p=51878","url_meta":{"origin":80494,"position":3},"title":"Diamantino Louren\u00e7o Rodrigues de B\u00e1rtolo: &#039;Interc\u00e2mbio acad\u00eamico Brasil-Portugal&#039;","author":"Diamantino Bartolo","date":"7 de setembro de 2022","format":false,"excerpt":"Interc\u00e2mbio acad\u00eamico Brasil-Portugal Ningu\u00e9m ignora que as universidades desempenham um papel crucial, ao proporcionarem condi\u00e7\u00f5es de pesquisa, de inova\u00e7\u00e3o, de reinterpreta\u00e7\u00e3o de conceitos e de pr\u00e1ticas. Nesse sentido o que seria mais desej\u00e1vel \u00e9 que os cidad\u00e3os do futuro frequentassem a universidade porque: \u00abA observ\u00e2ncia dos princ\u00edpios democr\u00e1ticos tem sido\u2026","rel":"","context":"Em &quot;Comunica\u00e7\u00e3o&quot;","block_context":{"text":"Comunica\u00e7\u00e3o","link":"http:\/\/jornalrol.com.br\/?cat=7"},"img":{"alt_text":"Foto do autor do texto, o colunista Diamantino B\u00e1rtolo","src":"https:\/\/i0.wp.com\/jornalrol.com.br\/wp-content\/uploads\/2020\/09\/113545633_1612205885611817_276299013388565688_o-1.jpg?resize=350%2C200","width":350,"height":200},"classes":[]},{"id":66331,"url":"http:\/\/jornalrol.com.br\/?p=66331","url_meta":{"origin":80494,"position":4},"title":"M\u00e3e. A hegemonia do afeto","author":"Diamantino Bartolo","date":"12 de maio de 2024","format":false,"excerpt":"Todos os dias do ano, das nossas vidas e da hist\u00f3ria, ser\u00e3o sempre muito poucos para enaltecer e homenagear as m\u00faltiplas e profundas dimens\u00f5es da mulher, porque","rel":"","context":"Em &quot;artigos&quot;","block_context":{"text":"artigos","link":"http:\/\/jornalrol.com.br\/?cat=9398"},"img":{"alt_text":"M\u00e3e. A hegemonia do afeto","src":"https:\/\/i0.wp.com\/jornalrol.com.br\/wp-content\/uploads\/2024\/05\/OIG3-1-2.jpg?resize=350%2C200","width":350,"height":200},"classes":[]},{"id":54634,"url":"http:\/\/jornalrol.com.br\/?p=54634","url_meta":{"origin":80494,"position":5},"title":"Diamantino Louren\u00e7o Rodrigues de B\u00e1rtolo: &#039;Controlo da predestina\u00e7\u00e3o humana&#039;","author":"Diamantino Bartolo","date":"20 de abril de 2023","format":false,"excerpt":"Controlo da predestina\u00e7\u00e3o humana At\u00e9 que ponto se pode afirmar, e confirmar, que o Ser Humano \u00e9 dono do seu pr\u00f3prio destino? Que o pode controlar? Trata-se de quest\u00f5es extremamente complexas, de dif\u00edcil resposta e de poucas ou nenhumas certezas, porque s\u00e3o imensas as vari\u00e1veis que interferem com a vida\u2026","rel":"","context":"Em &quot;Comunica\u00e7\u00e3o&quot;","block_context":{"text":"Comunica\u00e7\u00e3o","link":"http:\/\/jornalrol.com.br\/?cat=7"},"img":{"alt_text":"","src":"https:\/\/i0.wp.com\/www.jornalrol.com.br\/wp-content\/uploads\/2022\/11\/113545633_1612205885611817_276299013388565688_o-1-217x300.jpg?resize=350%2C200","width":350,"height":200},"classes":[]}],"_links":{"self":[{"href":"http:\/\/jornalrol.com.br\/index.php?rest_route=\/wp\/v2\/posts\/80494","targetHints":{"allow":["GET"]}}],"collection":[{"href":"http:\/\/jornalrol.com.br\/index.php?rest_route=\/wp\/v2\/posts"}],"about":[{"href":"http:\/\/jornalrol.com.br\/index.php?rest_route=\/wp\/v2\/types\/post"}],"author":[{"embeddable":true,"href":"http:\/\/jornalrol.com.br\/index.php?rest_route=\/wp\/v2\/users\/16"}],"replies":[{"embeddable":true,"href":"http:\/\/jornalrol.com.br\/index.php?rest_route=%2Fwp%2Fv2%2Fcomments&post=80494"}],"version-history":[{"count":4,"href":"http:\/\/jornalrol.com.br\/index.php?rest_route=\/wp\/v2\/posts\/80494\/revisions"}],"predecessor-version":[{"id":80502,"href":"http:\/\/jornalrol.com.br\/index.php?rest_route=\/wp\/v2\/posts\/80494\/revisions\/80502"}],"wp:featuredmedia":[{"embeddable":true,"href":"http:\/\/jornalrol.com.br\/index.php?rest_route=\/wp\/v2\/media\/80499"}],"wp:attachment":[{"href":"http:\/\/jornalrol.com.br\/index.php?rest_route=%2Fwp%2Fv2%2Fmedia&parent=80494"}],"wp:term":[{"taxonomy":"category","embeddable":true,"href":"http:\/\/jornalrol.com.br\/index.php?rest_route=%2Fwp%2Fv2%2Fcategories&post=80494"},{"taxonomy":"post_tag","embeddable":true,"href":"http:\/\/jornalrol.com.br\/index.php?rest_route=%2Fwp%2Fv2%2Ftags&post=80494"}],"curies":[{"name":"wp","href":"https:\/\/api.w.org\/{rel}","templated":true}]}}