{"id":8175,"date":"2017-02-13T17:20:55","date_gmt":"2017-02-13T19:20:55","guid":{"rendered":"http:\/\/www.jornalrol.com.br\/?p=8175"},"modified":"2017-02-13T17:20:55","modified_gmt":"2017-02-13T19:20:55","slug":"sergio-diniz-da-costa-a-bandeira-para-a-qual-meus-olhos-se-voltam-e-minha-alma-se-entrega","status":"publish","type":"post","link":"http:\/\/jornalrol.com.br\/?p=8175","title":{"rendered":"Sergio Diniz da Costa: &#039;A bandeira para a qual meus olhos se voltam e minha alma se entrega&#039;"},"content":{"rendered":"<div class=\"pdfprnt-buttons pdfprnt-buttons-post pdfprnt-top-right\"><a href=\"http:\/\/jornalrol.com.br\/index.php?rest_route=%2Fwp%2Fv2%2Fposts%2F8175&print=pdf\" class=\"pdfprnt-button pdfprnt-button-pdf\" target=\"_blank\" ><\/a><a href=\"http:\/\/jornalrol.com.br\/index.php?rest_route=%2Fwp%2Fv2%2Fposts%2F8175&print=print\" class=\"pdfprnt-button pdfprnt-button-print\" target=\"_blank\" ><img decoding=\"async\" src=\"https:\/\/jornalrol.com.br\/wp-content\/plugins\/pdf-print\/images\/print.png\" alt=\"image_print\" title=\"Conte\u00fado de impress\u00e3o\" \/><\/a><\/div><figure id=\"attachment_31273\" aria-describedby=\"caption-attachment-31273\" style=\"width: 160px\" class=\"wp-caption aligncenter\"><a href=\"http:\/\/www.jornalrol.com.br\/wp-content\/uploads\/2016\/08\/73232858_2335697733218941_6041306865478926336_n.jpg\"><img loading=\"lazy\" decoding=\"async\" class=\" wp-image-31273\" src=\"http:\/\/www.jornalrol.com.br\/wp-content\/uploads\/2016\/08\/73232858_2335697733218941_6041306865478926336_n-300x300.jpg\" alt=\"\" width=\"160\" height=\"160\" \/><\/a><figcaption id=\"caption-attachment-31273\" class=\"wp-caption-text\">Sergio Diniz<\/figcaption><\/figure>\n<h2 style=\"text-align: center;\"><em>\u00a0&#8220;Por meio de met\u00e1foras t\u00e3o retumbantes, na alma daquele menino foram insuflados o alt\u00edssimo senso de liberdade, como um dos bens mais preciosos da dignidade humana.&#8221;<\/em><!--more--><\/h2>\n<p><a href=\"http:\/\/www.jornalrol.com.br\/wp-content\/uploads\/2017\/02\/bANDEIRA-DO-BRASIL-balan\u00e7ando-300x202-1.jpg\"><img loading=\"lazy\" decoding=\"async\" class=\" wp-image-33716 aligncenter\" src=\"http:\/\/www.jornalrol.com.br\/wp-content\/uploads\/2017\/02\/bANDEIRA-DO-BRASIL-balan\u00e7ando-300x202-1-300x202.jpg\" alt=\"\" width=\"574\" height=\"387\" \/><\/a><\/p>\n<p><strong>\u00a0<\/strong>Logo nos meus primeiros anos escolares aprendi a conhecer e a respeitar os S\u00edmbolos Nacionais (Bandeira Nacional, o Hino Nacional, o Bras\u00e3o da Rep\u00fablica e o Selo Nacional).<\/p>\n<p>Perten\u00e7o a uma das \u00faltimas gera\u00e7\u00f5es de brasileiros que, antes de adentrar na sala de aula, perfilados cant\u00e1vamos o Hino Nacional, com os olhos voltados \u00e0 nossa Bandeira.<\/p>\n<p>Eu me lembro de como aquele menino, mesmo sem ainda ter galgado todos os conhecimentos hist\u00f3ricos da p\u00e1tria, se emocionava naqueles momentos que se gravaram e se perpetuaram indelevelmente na sua mem\u00f3ria.<\/p>\n<p>Ele olhava, fixa e deslumbradamente a Bandeira e, nela, alguns trechos do Hino, da \u00e1urea lavra de Joaquim Os\u00f3rio Duque Estrada, se destacavam, por motivos que, \u00e0quela \u00e9poca sequer o menino conseguia apreender racionalmente, por\u00e9m, que a alma dele traduzia como sendo os mais altos ideais humanos.<\/p>\n<p><em>&#8230; E o sol da liberdade, em raios f\u00falgidos\/ Brilhou no c\u00e9u da p\u00e1tria nesse instante&#8230;\u2019<\/em><\/p>\n<p><em>\u00a0<\/em><em>Brasil, um sonho intenso, um raio v\u00edvido\/ De amor e de esperan\u00e7a \u00e0 terra desce<\/em><\/p>\n<p><em>Se em teu formoso c\u00e9u, risonho e l\u00edmpido\/ A imagem do cruzeiro resplandece.<\/em><\/p>\n<p><em>\u00a0<\/em><em>Teus risonhos lindos campos t\u00eam mais flores,\/ &#8220;Nossos bosques t\u00eam mais vida&#8221;,\/ &#8220;Nossa vida&#8221; no teu seio, &#8220;mais amores&#8221;.<\/em><strong>*<\/strong><\/p>\n<p><em>\u00a0<\/em><em>&#8230; Fulguras, \u00f3 Brasil, flor\u00e3o da Am\u00e9rica\/ Iluminado ao sol do novo mundo!<\/em><\/p>\n<p><em>\u00a0<\/em><em>Mas, se ergues da justi\u00e7a a clava forte\/ Ver\u00e1s que um filho teu n\u00e3o foge \u00e0 luta\/ Nem teme, quem te adora, a pr\u00f3pria morte&#8230;<\/em><\/p>\n<p>Por meio de met\u00e1foras t\u00e3o retumbantes, na alma daquele menino foram insuflados o alt\u00edssimo senso de liberdade, como um dos bens mais preciosos da dignidade humana.<\/p>\n<p>Sentindo-se livre, o menino, nas noites frias e l\u00edmpidas, mergulhava seus olhos no c\u00e9u estrelado, e distinguindo a constela\u00e7\u00e3o do Cruzeiro do Sul, tamb\u00e9m sonhava, sob o resplendor daquela Cruz, com o amor e a esperan\u00e7a descendo \u00e0 terra, iluminando a p\u00e1tria que, em sua pujan\u00e7a, se fazia um flor\u00e3o, um adorno da Am\u00e9rica.<\/p>\n<p>Sonhando, contemplava seu pa\u00eds, sua p\u00e1tria transbordar daquele Estandarte, inundando-lhe os olhos e a imagina\u00e7\u00e3o com campos e bosques exuberantemente floridos e repletos de vida.<\/p>\n<p>E, no peito daquele menino, no drapejar de sua Bandeira, expressando com suas cores o desejo de paz, o c\u00e9u e os rios brasileiros, as riquezas do pa\u00eds e a rica floresta brasileira, germinou um contundente sentimento de patriotismo que, paulatinamente deu-lhe a certeza de que jamais fugiria \u00e0 luta em defesa de seu ber\u00e7o natal.<\/p>\n<p>Aquele menino, por\u00e9m, cresceu e se tornou adulto. E o menino adulto come\u00e7ou a perceber que sua Bandeira come\u00e7ara a perder o vi\u00e7o das cores e a apresentar lacera\u00e7\u00f5es, pois que colocada sob o sol inclemente da viol\u00eancia f\u00edsica, da omiss\u00e3o e da degrada\u00e7\u00e3o \u00e9tica de uma camada de seus pr\u00f3prios compatriotas.<\/p>\n<p>Entristecido pela realidade, mas n\u00e3o combalido, o menino adulto iniciou sua peregrina\u00e7\u00e3o com as armas de um guerreiro da paz: o conhecimento, que liberta, a pena, a servi\u00e7o do verbo, e a f\u00e9, como et\u00e9reo pend\u00e3o.<\/p>\n<p>E o menino adulto continuou e continua perfilado \u00e0 frente de sua Bandeira, de seu Pavilh\u00e3o&#8230; que ainda tremula no alto da Colina da Esperan\u00e7a!<\/p>\n<p>&nbsp;<\/p>\n<p><strong>*<\/strong> As aspas s\u00e3o usadas por Duque Estradas no original, pois representam cita\u00e7\u00f5es dos versos de Gon\u00e7alves Dias em &#8220;Can\u00e7\u00e3o do Ex\u00edlio&#8221; (Significado do Hino Nacional. http:\/\/www.hinonacionalbrasileiro.net\/significado-hino-nacional.php&gt;. Acesso em: 12\/02\/2017)<\/p>\n<p>&nbsp;<\/p>\n","protected":false},"excerpt":{"rendered":"<p>\u00a0&#8220;Por meio de met\u00e1foras t\u00e3o retumbantes, na alma daquele menino foram insuflados o alt\u00edssimo senso de liberdade, como um dos bens mais preciosos da dignidade humana.&#8221;<\/p>\n","protected":false},"author":3,"featured_media":0,"comment_status":"closed","ping_status":"closed","sticky":false,"template":"","format":"standard","meta":{"_jetpack_newsletter_access":"","_jetpack_dont_email_post_to_subs":false,"_jetpack_newsletter_tier_id":0,"_jetpack_memberships_contains_paywalled_content":false,"_jetpack_memberships_contains_paid_content":false,"footnotes":""},"categories":[7],"tags":[1462,4371,7888],"class_list":["post-8175","post","type-post","status-publish","format-standard","hentry","category-comunicacao","tag-brasil","tag-hino-nacional","tag-sergio-diniz-da-costa"],"aioseo_notices":[],"views":0,"jetpack_featured_media_url":"","jetpack_sharing_enabled":true,"jetpack_likes_enabled":true,"jetpack-related-posts":[{"id":59198,"url":"http:\/\/jornalrol.com.br\/?p=59198","url_meta":{"origin":8175,"position":0},"title":"Patriotismo","author":"Sergio Diniz da Costa","date":"19 de novembro de 2023","format":false,"excerpt":"Uma coisa que sempre me chamou a aten\u00e7\u00e3o foi o apego \u00e0 bandeira, ao patriotismo. Digo isso, por causa do orgulho que demonstra o povo norte-americano.","rel":"","context":"Em &quot;Cr\u00f4nicas&quot;","block_context":{"text":"Cr\u00f4nicas","link":"http:\/\/jornalrol.com.br\/?cat=9392"},"img":{"alt_text":"","src":"https:\/\/i0.wp.com\/jornalrol.com.br\/wp-content\/uploads\/2023\/11\/OIG-8-1.jpg?resize=350%2C200","width":350,"height":200,"srcset":"https:\/\/i0.wp.com\/jornalrol.com.br\/wp-content\/uploads\/2023\/11\/OIG-8-1.jpg?resize=350%2C200 1x, https:\/\/i0.wp.com\/jornalrol.com.br\/wp-content\/uploads\/2023\/11\/OIG-8-1.jpg?resize=525%2C300 1.5x, https:\/\/i0.wp.com\/jornalrol.com.br\/wp-content\/uploads\/2023\/11\/OIG-8-1.jpg?resize=700%2C400 2x"},"classes":[]},{"id":74734,"url":"http:\/\/jornalrol.com.br\/?p=74734","url_meta":{"origin":8175,"position":1},"title":"Hino ao Selo Nacional da hist\u00f3ria do Brasil","author":"Sergio Diniz da Costa","date":"7 de agosto de 2025","format":false,"excerpt":"Em um feito liter\u00e1rio e c\u00edvico de grande relev\u00e2ncia, a poeta brasileira Suziene Cavalcante acaba de compor o primeiro Hino ao Selo Nacional da Hist\u00f3ria do...","rel":"","context":"Em &quot;Sem categoria&quot;","block_context":{"text":"Sem categoria","link":"http:\/\/jornalrol.com.br\/?cat=1"},"img":{"alt_text":"Poeta Suziene Cavalcante inaugura novo g\u00eanero liter\u00e1rio e ressignifica s\u00edmbolo oficial da Rep\u00fablica com lirismo patri\u00f3tico e originalidade in\u00e9dita","src":"https:\/\/i0.wp.com\/jornalrol.com.br\/wp-content\/uploads\/2025\/08\/Selo-nacional-simbolo-patrio-Foto-Divulgacao-570x570-1.png?resize=350%2C200","width":350,"height":200,"srcset":"https:\/\/i0.wp.com\/jornalrol.com.br\/wp-content\/uploads\/2025\/08\/Selo-nacional-simbolo-patrio-Foto-Divulgacao-570x570-1.png?resize=350%2C200 1x, https:\/\/i0.wp.com\/jornalrol.com.br\/wp-content\/uploads\/2025\/08\/Selo-nacional-simbolo-patrio-Foto-Divulgacao-570x570-1.png?resize=525%2C300 1.5x"},"classes":[]},{"id":53547,"url":"http:\/\/jornalrol.com.br\/?p=53547","url_meta":{"origin":8175,"position":2},"title":"Escritora brasileira \u00e9 convidada a compor o Hino da Ordem dos Advogados de Portugal","author":"Sergio Diniz da Costa","date":"31 de janeiro de 2023","format":false,"excerpt":"A escritora e poetisa Suziene Cavalcante recebeu o convite da Dra. Fernanda Pinheiro de Almeida, presidente da Ordem dos Advogados de Portugal Colunista do Jornal ROL, a escritora e poetisa Suziene Cavalcante, natural de Rondon\u00f3polis (MT),\u00a0\u00e9 bacharel em Direito, Letras e Teologia e, profissionalmente, policial estadual em Mato Grosso. Na\u2026","rel":"","context":"Em &quot;Comunica\u00e7\u00e3o&quot;","block_context":{"text":"Comunica\u00e7\u00e3o","link":"http:\/\/jornalrol.com.br\/?cat=7"},"img":{"alt_text":"","src":"https:\/\/i0.wp.com\/jornalrol.com.br\/wp-content\/uploads\/2023\/01\/98c3322f-288b-40d1-a49b-445cdde86aab.jpg?resize=350%2C200","width":350,"height":200,"srcset":"https:\/\/i0.wp.com\/jornalrol.com.br\/wp-content\/uploads\/2023\/01\/98c3322f-288b-40d1-a49b-445cdde86aab.jpg?resize=350%2C200 1x, https:\/\/i0.wp.com\/jornalrol.com.br\/wp-content\/uploads\/2023\/01\/98c3322f-288b-40d1-a49b-445cdde86aab.jpg?resize=525%2C300 1.5x, https:\/\/i0.wp.com\/jornalrol.com.br\/wp-content\/uploads\/2023\/01\/98c3322f-288b-40d1-a49b-445cdde86aab.jpg?resize=700%2C400 2x, https:\/\/i0.wp.com\/jornalrol.com.br\/wp-content\/uploads\/2023\/01\/98c3322f-288b-40d1-a49b-445cdde86aab.jpg?resize=1050%2C600 3x"},"classes":[]},{"id":74741,"url":"http:\/\/jornalrol.com.br\/?p=74741","url_meta":{"origin":8175,"position":3},"title":"Hino da Hist\u00f3ria ao Rio Amazonas","author":"Sergio Diniz da Costa","date":"7 de agosto de 2025","format":false,"excerpt":"Em um feito in\u00e9dito e relev\u00e2ncia nacional, a poeta brasileira Suziene Cavalcante comp\u00f4s o primeiro hino da Hist\u00f3ria dedicado exclusivamente ao Rio Amazonas.","rel":"","context":"Em &quot;Hino&quot;","block_context":{"text":"Hino","link":"http:\/\/jornalrol.com.br\/?cat=14774"},"img":{"alt_text":"","src":"https:\/\/i0.wp.com\/jornalrol.com.br\/wp-content\/uploads\/2025\/08\/pexels-jeangc-28587130-2-scaled.jpg?resize=350%2C200","width":350,"height":200,"srcset":"https:\/\/i0.wp.com\/jornalrol.com.br\/wp-content\/uploads\/2025\/08\/pexels-jeangc-28587130-2-scaled.jpg?resize=350%2C200 1x, https:\/\/i0.wp.com\/jornalrol.com.br\/wp-content\/uploads\/2025\/08\/pexels-jeangc-28587130-2-scaled.jpg?resize=525%2C300 1.5x, https:\/\/i0.wp.com\/jornalrol.com.br\/wp-content\/uploads\/2025\/08\/pexels-jeangc-28587130-2-scaled.jpg?resize=700%2C400 2x, https:\/\/i0.wp.com\/jornalrol.com.br\/wp-content\/uploads\/2025\/08\/pexels-jeangc-28587130-2-scaled.jpg?resize=1050%2C600 3x, https:\/\/i0.wp.com\/jornalrol.com.br\/wp-content\/uploads\/2025\/08\/pexels-jeangc-28587130-2-scaled.jpg?resize=1400%2C800 4x"},"classes":[]},{"id":73443,"url":"http:\/\/jornalrol.com.br\/?p=73443","url_meta":{"origin":8175,"position":4},"title":"Declara\u00e7\u00e3o de honra \u00e0 excelent\u00edssima poeta Suziene Cavalcante","author":"Sergio Diniz da Costa","date":"28 de maio de 2025","format":false,"excerpt":"\u00c9 com elevada honra que tornamos p\u00fablica a Declara\u00e7\u00e3o de Honra \u00e0 Excelent\u00edssima Poeta Suziene Cavalcante, uma das vozes mais extraordin\u00e1rias da literatura...","rel":"","context":"Em &quot;Literatura&quot;","block_context":{"text":"Literatura","link":"http:\/\/jornalrol.com.br\/?cat=9285"},"img":{"alt_text":"Suziene Cavalcante","src":"https:\/\/i0.wp.com\/jornalrol.com.br\/wp-content\/uploads\/2024\/09\/9ff90424-14f3-46c4-a8f8-d6a153739271.jpeg?resize=350%2C200","width":350,"height":200,"srcset":"https:\/\/i0.wp.com\/jornalrol.com.br\/wp-content\/uploads\/2024\/09\/9ff90424-14f3-46c4-a8f8-d6a153739271.jpeg?resize=350%2C200 1x, https:\/\/i0.wp.com\/jornalrol.com.br\/wp-content\/uploads\/2024\/09\/9ff90424-14f3-46c4-a8f8-d6a153739271.jpeg?resize=525%2C300 1.5x, https:\/\/i0.wp.com\/jornalrol.com.br\/wp-content\/uploads\/2024\/09\/9ff90424-14f3-46c4-a8f8-d6a153739271.jpeg?resize=700%2C400 2x"},"classes":[]},{"id":8196,"url":"http:\/\/jornalrol.com.br\/?p=8196","url_meta":{"origin":8175,"position":5},"title":"Livro recomendado pelo ROL: &#039;P\u00e1ssaros Libertos&#039;, de Wellinquelitta Lorca Bueno","author":"Helio Rubens","date":"14 de fevereiro de 2017","format":false,"excerpt":"P\u00e1ssaros Libertos, de Wellinquelitta Lorca Bueno \u00a0 Trata-se de um livro de poucas p\u00e1ginas, daqueles de leitura f\u00e1cil e que fazem o tempo escorrer suavemente. E \u00e9 uma obra cujo enredo \u00e9 de uma tessitura liter\u00e1ria simples, centrada em Lucas, um menino que dizia amar os p\u00e1ssaros, mas que os\u2026","rel":"","context":"Em &quot;Comunica\u00e7\u00e3o&quot;","block_context":{"text":"Comunica\u00e7\u00e3o","link":"http:\/\/jornalrol.com.br\/?cat=7"},"img":{"alt_text":"","src":"https:\/\/i0.wp.com\/www.jornalrol.com.br\/wp-content\/uploads\/2017\/02\/capa_rol-209x300.jpg?resize=350%2C200","width":350,"height":200},"classes":[]}],"_links":{"self":[{"href":"http:\/\/jornalrol.com.br\/index.php?rest_route=\/wp\/v2\/posts\/8175","targetHints":{"allow":["GET"]}}],"collection":[{"href":"http:\/\/jornalrol.com.br\/index.php?rest_route=\/wp\/v2\/posts"}],"about":[{"href":"http:\/\/jornalrol.com.br\/index.php?rest_route=\/wp\/v2\/types\/post"}],"author":[{"embeddable":true,"href":"http:\/\/jornalrol.com.br\/index.php?rest_route=\/wp\/v2\/users\/3"}],"replies":[{"embeddable":true,"href":"http:\/\/jornalrol.com.br\/index.php?rest_route=%2Fwp%2Fv2%2Fcomments&post=8175"}],"version-history":[{"count":0,"href":"http:\/\/jornalrol.com.br\/index.php?rest_route=\/wp\/v2\/posts\/8175\/revisions"}],"wp:attachment":[{"href":"http:\/\/jornalrol.com.br\/index.php?rest_route=%2Fwp%2Fv2%2Fmedia&parent=8175"}],"wp:term":[{"taxonomy":"category","embeddable":true,"href":"http:\/\/jornalrol.com.br\/index.php?rest_route=%2Fwp%2Fv2%2Fcategories&post=8175"},{"taxonomy":"post_tag","embeddable":true,"href":"http:\/\/jornalrol.com.br\/index.php?rest_route=%2Fwp%2Fv2%2Ftags&post=8175"}],"curies":[{"name":"wp","href":"https:\/\/api.w.org\/{rel}","templated":true}]}}