{"id":8184,"date":"2017-02-13T19:25:10","date_gmt":"2017-02-13T21:25:10","guid":{"rendered":"http:\/\/www.jornalrol.com.br\/?p=8184"},"modified":"2017-02-13T19:25:10","modified_gmt":"2017-02-13T21:25:10","slug":"elcio-mario-pinto-chassot-e-o-bem-te-vi","status":"publish","type":"post","link":"http:\/\/jornalrol.com.br\/?p=8184","title":{"rendered":"\u00c9lcio M\u00e1rio Pinto: &#039;Chassot e o Bem-Te-Vi&#039;"},"content":{"rendered":"<div class=\"pdfprnt-buttons pdfprnt-buttons-post pdfprnt-top-right\"><a href=\"http:\/\/jornalrol.com.br\/index.php?rest_route=%2Fwp%2Fv2%2Fposts%2F8184&print=pdf\" class=\"pdfprnt-button pdfprnt-button-pdf\" target=\"_blank\" ><\/a><a href=\"http:\/\/jornalrol.com.br\/index.php?rest_route=%2Fwp%2Fv2%2Fposts%2F8184&print=print\" class=\"pdfprnt-button pdfprnt-button-print\" target=\"_blank\" ><img decoding=\"async\" src=\"https:\/\/jornalrol.com.br\/wp-content\/plugins\/pdf-print\/images\/print.png\" alt=\"image_print\" title=\"Conte\u00fado de impress\u00e3o\" \/><\/a><\/div><h1 style=\"text-align: center;\"><strong><a href=\"http:\/\/www.jornalrol.com.br\/elcio-mario-pinto-vitoria\/elcio-lendo\/\" rel=\"attachment wp-att-7388\"><img loading=\"lazy\" decoding=\"async\" class=\"aligncenter size-medium wp-image-7388\" src=\"http:\/\/www.jornalrol.com.br\/wp-content\/uploads\/2017\/01\/Elcio-lendo-300x169.jpg\" alt=\"\" width=\"300\" height=\"169\" \/><\/a>CHASSOT\u00a0\u00a0 e \u00a0o \u00a0\u00a0BEM-TE-VI<\/strong><\/h1>\n<p><!--more--><\/p>\n<p><strong>\u00a0<\/strong><\/p>\n<p><strong>\u00a0<\/strong><\/p>\n<p style=\"text-align: center;\">O que ser\u00e1 que Chassot achou?<\/p>\n<p style=\"text-align: center;\">\n<p style=\"text-align: center;\">Achou pelos olhos.<\/p>\n<p style=\"text-align: center;\">\n<p style=\"text-align: center;\">Viu o belo Bem-te-vi, refrescando-se.<\/p>\n<p style=\"text-align: center;\">\n<p style=\"text-align: center;\">Chassot nada falou<\/p>\n<p style=\"text-align: center;\">\n<p style=\"text-align: center;\">S\u00f3 observou<\/p>\n<p style=\"text-align: center;\">\n<p style=\"text-align: center;\">\u201cQue passarinho garboso!\u201d \u2013 pensou.<\/p>\n<p style=\"text-align: center;\">\n<p style=\"text-align: center;\">Sentiu-se Chassot, orgulhoso!<\/p>\n<p style=\"text-align: center;\">\n<p style=\"text-align: center;\">Da terra dos Pampas para aquela Rasgada<\/p>\n<p style=\"text-align: center;\">\n<p style=\"text-align: center;\">Era s\u00f3 risada<\/p>\n<p style=\"text-align: center;\">\n<p style=\"text-align: center;\">O homem de bra\u00e7os abertos<\/p>\n<p style=\"text-align: center;\">\n<p style=\"text-align: center;\">Festejando no rosto seus anos vividos<\/p>\n<p style=\"text-align: center;\">\n<p style=\"text-align: center;\">Postou duas imagens:<\/p>\n<p style=\"text-align: center;\">\n<p style=\"text-align: center;\">De um lado, seu abra\u00e7o largo,<\/p>\n<p style=\"text-align: center;\">\n<p style=\"text-align: center;\">Do tamanho de todas as terras.<\/p>\n<p style=\"text-align: center;\">\n<p style=\"text-align: center;\">Do outro, a ave cor do Sol.<\/p>\n<p style=\"text-align: center;\">\n<p style=\"text-align: center;\">Quis admir\u00e1-la, sem palavras, s\u00f3 o som de: OH!!!<\/p>\n<p style=\"text-align: center;\">\n<p style=\"text-align: center;\">E assim, Chassot achou amigos<\/p>\n<p style=\"text-align: center;\">\n<p style=\"text-align: center;\">Redescobriu a Natureza<\/p>\n<p style=\"text-align: center;\">\n<p style=\"text-align: center;\">E decidiu dobrar seus anos para mais de 150&#8230;<\/p>\n<p style=\"text-align: center;\">\n<p style=\"text-align: center;\">\n<p style=\"text-align: center;\">Aos amigos leitores do Jornal ROL, permitam-me explicar:<\/p>\n<p style=\"text-align: center;\">\n<p style=\"text-align: center;\">1\u00ba &#8211; Trata-se do querido amigo de Porto Alegre\/RS, Prof. Dr. \u00c1ttico Chassot, homem de viagens pelo Brasil e pela Terra. Seu cora\u00e7\u00e3o, nascido nos pampas, n\u00e3o se faz cercado por arames e conven\u00e7\u00f5es. Seu esp\u00edrito, nas ideias e na carne, percorre todos os cantos para aprender e ensinar. Sua maestria est\u00e1 na simplicidade de quem retira os \u201cv\u00e9us\u201d para que o objeto que nos chama, seja conhecido. Qui\u00e7\u00e1, do nosso e do seu pr\u00f3prio modo.<\/p>\n<p style=\"text-align: center;\">\n<p style=\"text-align: center;\">2\u00ba &#8211; Bem-te-vi, p\u00e1ssaro que nos \u00e9 querido, conhecido e reconhecido em nossas cidades. Nesta bela ave, fizemos homenagem com livros de nossa autoria: \u00e0 cidade de Sorocaba\/SP, a publica\u00e7\u00e3o \u201cNa Terra Rasgada, a Vida Plantada\u201d \u2013 com destaque para o pref\u00e1cio de Glauco D\u2019Elia Branco (<em>in memoriam<\/em>), poeta ga\u00facho, de nascimento, e sorocabano, de cora\u00e7\u00e3o; presen\u00e7a permanente junto ao Instituto Hist\u00f3rico, Geogr\u00e1fico e Geneal\u00f3gico de Itapetininga\/SP e membro do Coes\u00e3o Po\u00e9tica de Sorocaba; tamb\u00e9m homenageamos cidade de Timb\u00f3\/SC, com a publica\u00e7\u00e3o \u201cBem-tim-b\u00f3\u201d e lan\u00e7amento na cidade catarinense em 05\/10\/2015, quando realizamos a 1\u00aa Caravana Liter\u00e1ria.<\/p>\n<p style=\"text-align: center;\">\n<p style=\"text-align: center;\"><strong>\u00c9LCIO M\u00c1RIO PINTO<\/strong><\/p>\n<p style=\"text-align: center;\"><strong>13\/02\/2017<\/strong><\/p>\n","protected":false},"excerpt":{"rendered":"<p>CHASSOT\u00a0\u00a0 e \u00a0o \u00a0\u00a0BEM-TE-VI<\/p>\n","protected":false},"author":3,"featured_media":0,"comment_status":"closed","ping_status":"closed","sticky":false,"template":"","format":"standard","meta":{"_jetpack_newsletter_access":"","_jetpack_dont_email_post_to_subs":false,"_jetpack_newsletter_tier_id":0,"_jetpack_memberships_contains_paywalled_content":false,"_jetpack_memberships_contains_paid_content":false,"footnotes":""},"categories":[7],"tags":[],"class_list":["post-8184","post","type-post","status-publish","format-standard","hentry","category-comunicacao"],"aioseo_notices":[],"views":0,"jetpack_featured_media_url":"","jetpack_sharing_enabled":true,"jetpack_likes_enabled":true,"jetpack-related-posts":[{"id":53634,"url":"http:\/\/jornalrol.com.br\/?p=53634","url_meta":{"origin":8184,"position":0},"title":"Ivete Rosa de Souza: &#039;O canto do bem-te-vi&#039;","author":"Ivete Rosa de Souza","date":"6 de fevereiro de 2023","format":false,"excerpt":"O canto do bem-te-vi Todos os dias me encanta, bem pr\u00f3ximo a minha janela. \u00a0Antes mesmo de abri-la, escuto o canto insistente de um bem-te-vi; bem-te-vi, bem-te-vi cantar para mim. E assim amanhe\u00e7o, com o cora\u00e7\u00e3o em apre\u00e7o ao canto do bem-te-vi. J\u00e1 notei que durante as minhas ora\u00e7\u00f5es o\u2026","rel":"","context":"Em &quot;Poesia&quot;","block_context":{"text":"Poesia","link":"http:\/\/jornalrol.com.br\/?cat=58"},"img":{"alt_text":"","src":"https:\/\/i0.wp.com\/www.jornalrol.com.br\/wp-content\/uploads\/2022\/10\/24347a66-6eb5-4415-bdec-ba675151ace6-1-1.jpg?resize=350%2C200&ssl=1","width":350,"height":200},"classes":[]},{"id":7757,"url":"http:\/\/jornalrol.com.br\/?p=7757","url_meta":{"origin":8184,"position":1},"title":"Recomenda\u00e7\u00e3o de livro: BEM-TE-VI, de \u00c9lcio Mario Pinto","author":"Helio Rubens","date":"22 de janeiro de 2017","format":false,"excerpt":"O livro tem pref\u00e1cio de Glauco D'Elia Branco e ilustra\u00e7\u00f5es de Caique Ferraz O livro foi prefaciado pelo poeta ga\u00facho-sorocabano Glauco D'Elia Branco falecido h\u00e1 pouco tempo, e conta a hist\u00f3ria de um menino que vivenciou em sua plenitude sua inf\u00e2ncia e aprendeu a amar a natureza. Edi\u00e7\u00e3o do autor:\u2026","rel":"","context":"Em &quot;Comunica\u00e7\u00e3o&quot;","block_context":{"text":"Comunica\u00e7\u00e3o","link":"http:\/\/jornalrol.com.br\/?cat=7"},"img":{"alt_text":"","src":"https:\/\/i0.wp.com\/www.jornalrol.com.br\/wp-content\/uploads\/2017\/01\/Capa-livro-BEM-TE-VI-de-%C3%89lcio-M%C3%A1rio-Pinto-reduzida-207x300.jpg?resize=350%2C200","width":350,"height":200},"classes":[]},{"id":12669,"url":"http:\/\/jornalrol.com.br\/?p=12669","url_meta":{"origin":8184,"position":2},"title":"Jose Coutinho de Oliveira: &#039;Momento mon\u00e1rquico I&#039; (b)","author":"Helio Rubens","date":"31 de agosto de 2017","format":false,"excerpt":"Jos\u00e9 Coutinho de Oliveira: 'Momento mon\u00e1rquico I' (b) \u00a0\u00a0\u00a0\u00a0 Muita gente se lembra que em 2\/6\/2014 o rei Juan Carlos da Espanha renunciou ao trono em favor de seu filho, Felipe, hoje, Felipe VI; pois bem, a partir da ascens\u00e3o de Felipe VI, tornou-se a Princesa das Ast\u00farias, Da. Leonor,\u2026","rel":"","context":"Em &quot;Comunica\u00e7\u00e3o&quot;","block_context":{"text":"Comunica\u00e7\u00e3o","link":"http:\/\/jornalrol.com.br\/?cat=7"},"img":{"alt_text":"","src":"https:\/\/i0.wp.com\/www.jornalrol.com.br\/wp-content\/uploads\/2017\/08\/Nova-foto-218x300.jpg?resize=350%2C200","width":350,"height":200},"classes":[]},{"id":6309,"url":"http:\/\/jornalrol.com.br\/?p=6309","url_meta":{"origin":8184,"position":3},"title":"Sergio Diniz da Costa: &#039;Reflex\u00f5es diante da morte&#039;","author":"Helio Rubens","date":"22 de setembro de 2016","format":false,"excerpt":"Sergio Diniz da Costa - 'REFLEX\u00d5ES DIANTE DA MORTE' \u00a0 Hoje \u00e9 21 de setembro. O dia anterior do in\u00edcio da primavera. A manh\u00e3, por\u00e9m, ainda \u00e9 invernal, com grossas nuvens acinzentadas e um vento frio. Estou no maior cemit\u00e9rio de minha cidade, acompanhando o enterro de um grande amigo\u2026","rel":"","context":"Em &quot;Comunica\u00e7\u00e3o&quot;","block_context":{"text":"Comunica\u00e7\u00e3o","link":"http:\/\/jornalrol.com.br\/?cat=7"},"img":{"alt_text":"Sergio Diniz da Costa","src":"https:\/\/i0.wp.com\/www.jornalrol.com.br\/wp-content\/uploads\/2016\/04\/foto-close-300x300.jpg?resize=350%2C200","width":350,"height":200},"classes":[]},{"id":6379,"url":"http:\/\/jornalrol.com.br\/?p=6379","url_meta":{"origin":8184,"position":4},"title":"O escritor \u00c9lcio M\u00e1rio lan\u00e7ar\u00e1 novo livro em Sorocaba dia 16","author":"Helio Rubens","date":"4 de outubro de 2016","format":false,"excerpt":"CONVITE DO AUTOR \u00a0 \u00a0 \u00c9 com a m\u00e1xima alegria que convidamos os leitores do ROL para o lan\u00e7amento da nova publica\u00e7\u00e3o: \u201cBEM-TE-VI: na terra rasgada, a vida plantada!\u201d Trata-se de uma homenagem \u00e0 hospitaleira cidade de Sorocaba\/SP atrav\u00e9s da ave aqui sugerida para ser seu s\u00edmbolo. Esta produ\u00e7\u00e3o conta\u2026","rel":"","context":"Em &quot;Comunica\u00e7\u00e3o&quot;","block_context":{"text":"Comunica\u00e7\u00e3o","link":"http:\/\/jornalrol.com.br\/?cat=7"},"img":{"alt_text":"banner","src":"https:\/\/i0.wp.com\/www.jornalrol.com.br\/wp-content\/uploads\/2016\/10\/BANNER-225x300.jpg?resize=350%2C200","width":350,"height":200},"classes":[]},{"id":20882,"url":"http:\/\/jornalrol.com.br\/?p=20882","url_meta":{"origin":8184,"position":5},"title":"Jairo Valio: &#039;Cantar da passarada&#039;","author":"Sergio Diniz da Costa","date":"11 de setembro de 2018","format":false,"excerpt":"\"O cantar da passarada,\/\u00a0Do sabi\u00e1 e do bem-te-vi,\/\u00a0Tudo que a m\u00e3e contava,\/\u00a0Isso eu nunca esqueci,\/\u00a0Que co cantar dos passarinho,\/\u00a0Fez o meu medo sumi.\" Cantar da passarada O cantar da passarada, Do sabi\u00e1 e do bem-te-vi, Tudo que a m\u00e3e contava, Isso eu nunca esqueci, Que co cantar dos passarinho, Fez\u2026","rel":"","context":"Em &quot;Comunica\u00e7\u00e3o&quot;","block_context":{"text":"Comunica\u00e7\u00e3o","link":"http:\/\/jornalrol.com.br\/?cat=7"},"img":{"alt_text":"","src":"https:\/\/i0.wp.com\/www.jornalrol.com.br\/wp-content\/uploads\/2018\/09\/1888.jpg?resize=350%2C200","width":350,"height":200},"classes":[]}],"_links":{"self":[{"href":"http:\/\/jornalrol.com.br\/index.php?rest_route=\/wp\/v2\/posts\/8184","targetHints":{"allow":["GET"]}}],"collection":[{"href":"http:\/\/jornalrol.com.br\/index.php?rest_route=\/wp\/v2\/posts"}],"about":[{"href":"http:\/\/jornalrol.com.br\/index.php?rest_route=\/wp\/v2\/types\/post"}],"author":[{"embeddable":true,"href":"http:\/\/jornalrol.com.br\/index.php?rest_route=\/wp\/v2\/users\/3"}],"replies":[{"embeddable":true,"href":"http:\/\/jornalrol.com.br\/index.php?rest_route=%2Fwp%2Fv2%2Fcomments&post=8184"}],"version-history":[{"count":0,"href":"http:\/\/jornalrol.com.br\/index.php?rest_route=\/wp\/v2\/posts\/8184\/revisions"}],"wp:attachment":[{"href":"http:\/\/jornalrol.com.br\/index.php?rest_route=%2Fwp%2Fv2%2Fmedia&parent=8184"}],"wp:term":[{"taxonomy":"category","embeddable":true,"href":"http:\/\/jornalrol.com.br\/index.php?rest_route=%2Fwp%2Fv2%2Fcategories&post=8184"},{"taxonomy":"post_tag","embeddable":true,"href":"http:\/\/jornalrol.com.br\/index.php?rest_route=%2Fwp%2Fv2%2Ftags&post=8184"}],"curies":[{"name":"wp","href":"https:\/\/api.w.org\/{rel}","templated":true}]}}