{"id":8186,"date":"2017-02-13T23:37:11","date_gmt":"2017-02-14T01:37:11","guid":{"rendered":"http:\/\/www.jornalrol.com.br\/?p=8186"},"modified":"2017-02-13T23:37:11","modified_gmt":"2017-02-14T01:37:11","slug":"academia-brasileira-de-letras-lembra-dos-20-anos-da-morte-do-academico-darcy-ribeiro","status":"publish","type":"post","link":"http:\/\/jornalrol.com.br\/?p=8186","title":{"rendered":"Academia Brasileira de Letras lembra dos 20 anos da morte do academico Darcy Ribeiro"},"content":{"rendered":"<div class=\"pdfprnt-buttons pdfprnt-buttons-post pdfprnt-top-right\"><a href=\"http:\/\/jornalrol.com.br\/index.php?rest_route=%2Fwp%2Fv2%2Fposts%2F8186&print=pdf\" class=\"pdfprnt-button pdfprnt-button-pdf\" target=\"_blank\" ><\/a><a href=\"http:\/\/jornalrol.com.br\/index.php?rest_route=%2Fwp%2Fv2%2Fposts%2F8186&print=print\" class=\"pdfprnt-button pdfprnt-button-print\" target=\"_blank\" ><img decoding=\"async\" src=\"https:\/\/jornalrol.com.br\/wp-content\/plugins\/pdf-print\/images\/print.png\" alt=\"image_print\" title=\"Conte\u00fado de impress\u00e3o\" \/><\/a><\/div><h2 class=\"gmail-page-header\"><span style=\"color: #000000;\"><a style=\"color: #000000;\" href=\"http:\/\/www.jornalrol.com.br\/academia-brasileira-de-letras-lembra-dos-20-anos-da-morte-do-academico-darcy-ribeiro\/darcy-2\/\" rel=\"attachment wp-att-8187\">ABL vai promover o encerramento da s\u00e9rie de homenagens ao Acad\u00eamico Darcy Ribeiro, no 20\u00ba aniv<span style=\"text-decoration: underline;\">ers\u00e1ri<\/span>o de sua morte<\/a><\/span><\/h2>\n<p><!--more--><\/p>\n<h1 class=\"gmail-page-header\"><a href=\"http:\/\/www.jornalrol.com.br\/academia-brasileira-de-letras-lembra-dos-20-anos-da-morte-do-academico-darcy-ribeiro\/darcy-2\/\" rel=\"attachment wp-att-8187\"><br \/>\n<\/a><a href=\"http:\/\/www.jornalrol.com.br\/academia-brasileira-de-letras-lembra-dos-20-anos-da-morte-do-academico-darcy-ribeiro\/darcy\/\" rel=\"attachment wp-att-8192\"><img loading=\"lazy\" decoding=\"async\" class=\"aligncenter size-medium wp-image-8192\" src=\"http:\/\/www.jornalrol.com.br\/wp-content\/uploads\/2017\/02\/Darcy-300x128.jpg\" alt=\"\" width=\"300\" height=\"128\" \/><img loading=\"lazy\" decoding=\"async\" class=\"aligncenter size-medium wp-image-8187\" src=\"http:\/\/www.jornalrol.com.br\/wp-content\/uploads\/2017\/02\/Darcy-2-300x126.jpg\" alt=\"\" width=\"300\" height=\"126\" \/><\/a><a href=\"http:\/\/www.jornalrol.com.br\/academia-brasileira-de-letras-lembra-dos-20-anos-da-morte-do-academico-darcy-ribeiro\/darcy-3\/\" rel=\"attachment wp-att-8193\"><img loading=\"lazy\" decoding=\"async\" class=\"aligncenter size-medium wp-image-8193\" src=\"http:\/\/www.jornalrol.com.br\/wp-content\/uploads\/2017\/02\/Darcy-3-300x141.jpg\" alt=\"\" width=\"300\" height=\"141\" \/><\/a><a href=\"http:\/\/www.jornalrol.com.br\/academia-brasileira-de-letras-lembra-dos-20-anos-da-morte-do-academico-darcy-ribeiro\/darcy-4\/\" rel=\"attachment wp-att-8194\"><img loading=\"lazy\" decoding=\"async\" class=\"aligncenter size-medium wp-image-8194\" src=\"http:\/\/www.jornalrol.com.br\/wp-content\/uploads\/2017\/02\/Darcy-4-300x236.jpg\" alt=\"\" width=\"300\" height=\"236\" \/><\/a><\/h1>\n<div class=\"gmail-region gmail-region-content\">\n<section id=\"gmail-block-cool-social-links-block\" class=\"gmail-block gmail-block-cool gmail-clearfix\">\n<div class=\"gmail-addthis_toolbox gmail-addthis_default_style gmail-addthis_32x32_style gmail-addthis_template\"><\/div>\n<\/section>\n<div id=\"gmail-block-system-main\" class=\"gmail-block gmail-block-system\">\n<div class=\"gmail-content\">\n<div id=\"gmail-node-23233\" class=\"gmail-node gmail-node-noticia gmail-clearfix\">\n<p>Com uma sess\u00e3o especial e mesa presidida pelo Acad\u00eamico e Professor Alberto Venancio Filho \u2013 Conselheiro da Funda\u00e7\u00e3o Darcy Ribeiro \u2013, a Academia Brasileira de Letras realizar\u00e1, no pr\u00f3ximo dia 17 de fevereiro, entre 15:00 e 18:00 horas, o encerramento da s\u00e9rie de homenagens ao Acad\u00eamico Darcy Ribeiro, que morreu no dia 17 de fevereiro de 1997 e ocupou a cadeira n\u00ba 11 da ABL, fundada por L\u00facio de Mendon\u00e7a, que escolheu como patrono o poeta Fagundes Varela.<\/p>\n<p>O evento na ABL, organizado pela Funda\u00e7\u00e3o Darcy Ribeiro (FUNDAR), culminar\u00e1 uma s\u00e9rie de homenagens, sob o t\u00edtulo geral de \u201cDarcy Ribeiro- 20 anos- Que falta ele nos faz!\u201d, com in\u00edcio em Semin\u00e1rio no Arquivo Nacional, no dia 15\/02.<\/p>\n<p>O Reitor da UFRJ, Professor Roberto Leher ser\u00e1 o conferencista da abertura do evento na ABL, que ter\u00e1 a presen\u00e7a do Presidente da Academia,\u00a0 Acad\u00eamico e Professor\u00a0 Dom\u00edcio Proen\u00e7a Filho, acad\u00eamicos,\u00a0 e do Presidente da FUNDAR, Paulo Ribeiro.<\/p>\n<p><strong>Entrada franca<\/strong>.<\/p>\n<p><strong>Saiba mais<\/strong><\/p>\n<p>Os encontros v\u00e3o reunir professores, escritores, cientistas pol\u00edticos e amigos de Darcy Ribeiro, que debater\u00e3o sua produ\u00e7\u00e3o intelectual e contribui\u00e7\u00e3o em antropologia, educa\u00e7\u00e3o, cultura, literatura e pol\u00edtica.<\/p>\n<p>Para os dias 15 e 16 de fevereiro, a Fundar preparou um Semin\u00e1rio, no Arquivo Nacional, na Pra\u00e7a da Rep\u00fablica, centro do Rio, que vai reunir intelectuais, professores, lideran\u00e7as ind\u00edgenas e personalidades, em quatro mesas, para debater os temas \u201cDarcy semeia escolas\u201d, \u201cOs fazimentos de Darcy\u201d, \u201cDarcy em prosa e verso\u201d e \u201cDarcy dos \u00edndios\u201d.<\/p>\n<p>Explica a FUNDAR que os temas, escolhidos pela equipe que est\u00e1 coordenando a realiza\u00e7\u00e3o dos eventos, representam as quatro facetas mais marcantes de Darcy Ribeiro.<\/p>\n<p>\u201cNo dia 15, a mesa \u201cDarcy semeia escolas\u201d vai abordar o vasto trabalho como educador, desde 1955, colaborando com o plano educacional do governo de Juscelino Kubitschek, quando se aproxima de An\u00edsio Teixeira; a cria\u00e7\u00e3o da Universidade de Bras\u00edlia, em 1959; suas passagens e contribui\u00e7\u00f5es para projetos de educa\u00e7\u00e3o, no per\u00edodo de ex\u00edlio, no Uruguai, Venezuela, Chile, Peru e Portugal; a cria\u00e7\u00e3o e consolida\u00e7\u00e3o dos Centros Integrados de Educa\u00e7\u00e3o P\u00fablica (Cieps), durante os dois governos de Leonel Brizola, no Rio de Janeiro (1983-1986 e 1991-1994); e o projeto da Lei de Diretrizes e Bases da Educa\u00e7\u00e3o, em 1991, considerado seu maior projeto pol\u00edtico na \u00e1rea de educa\u00e7\u00e3o.<\/p>\n<p>Nesse mesmo dia, \u00e0 tarde, o debate \u201cos fazimentos de Darcy\u201d abordar\u00e1 sua intensa atua\u00e7\u00e3o intelectual em diversas \u00e1reas &#8211; na academia; na milit\u00e2ncia pol\u00edtica; na vida p\u00fablica; e na cria\u00e7\u00e3o de espa\u00e7os e equipamentos p\u00fablicos como o Samb\u00f3dromo, Memorial da Am\u00e9rica Latina, Memorial dos Povos Ind\u00edgenas, a UnB, a UENF, entre outros. Um mergulho em suas mem\u00f3rias e a repercuss\u00e3o de seu trabalho, dentro e fora do pa\u00eds, como um todo.<\/p>\n<p>No dia 16, ser\u00e1 a vez de debater sua produ\u00e7\u00e3o liter\u00e1ria e\u00a0\u00a0 intensa conviv\u00eancia com os \u00edndios. A mesa \u201cDarcy em prosa e verso\u201d, na parte da manh\u00e3, tratar\u00e1 dos seus livros e trabalhos publicados, nos campos da etnologia; antropologia; os quatro romances, dentre os quais \u201cMa\u00edra\u201d (1976), considerada uma de suas obras mais aclamadas, e que completa 40 anos; e seus projetos e ensaios sobre diversos assuntos, sempre tendo o Brasil e o povo brasileiro como foco.<\/p>\n<p>Na parte da tarde o debate ser\u00e1 \u201cDarcy dos \u00edndios\u201d, que ir\u00e1 abordar sua longa e apaixonada conviv\u00eancia com os \u00edndios Kadiw\u00e9u, no sul do Mato Grosso, e os \u00edndios Urubu-Kaapor, na floresta amaz\u00f4nica, que lhe renderam diversos livros e artigos, e que mais tarde, servem de base para, em parceira com os irm\u00e3os Orlando e Claudio Villas-Boas elaborar o projeto de cria\u00e7\u00e3o do Parque Ind\u00edgena do Xingu e convencer o ent\u00e3o presidente J\u00e2nio Quadros a assinar o decreto, em abril de 1961.<\/p>\n<p>No dia 17, data de sua morte, em 1997, a Academia Brasileira de Letras (ABL) abre as portas para uma sess\u00e3o especial em homenagem ao Acad\u00eamico Darcy Ribeiro. A sess\u00e3o ser\u00e1 aberta com palestra do Reitor da UFRJ, Roberto Leher, em mesa presidida pelo acad\u00eamico e conselheiro da Fundar Alberto Venancio Filho, com a presen\u00e7a de Paulo Ribeiro, presidente da Funda\u00e7\u00e3o Darcy Ribeiro, seguida por depoimentos de personalidades convidadas especialmente para o evento.<\/p>\n<p>Nessa cerim\u00f4nia ser\u00e3o comemorados os 40 anos de \u201cMa\u00edra\u201d, uma das obras mais aclamadas que Darcy Ribeiro escreveu\u201d.<\/p>\n<p>Segundo Paulo Ribeiro, \u201cnosso objetivo, ao organizar essa s\u00e9rie de discuss\u00f5es e homenagens em torno de Darcy Ribeiro, \u00e9 contribuir para elevar o n\u00edvel do atual debate nacional, trazendo aos dias de hoje sua vis\u00e3o multicultural e \u00fanica de Brasil\u201d.<\/p>\n<h5>Programa\u00e7\u00e3o<\/h5>\n<hr \/>\n<div class=\"gmail-panel-group\">\n<div class=\"gmail-panel gmail-panel-default\">\n<div class=\"gmail-panel-heading\">\n<h4 class=\"gmail-panel-title\"><a href=\"http:\/\/www.academia.org.br\/noticias\/abl-vai-promover-o-encerramento-da-serie-de-homenagens-ao-academico-darcy-ribeiro-no-20o#collapse1\">Dias 15 e 16\/02<\/a><\/h4>\n<\/div>\n<\/div>\n<div class=\"gmail-panel gmail-panel-default\">\n<div class=\"gmail-panel-heading\">\n<h4 class=\"gmail-panel-title\"><a href=\"http:\/\/www.academia.org.br\/noticias\/abl-vai-promover-o-encerramento-da-serie-de-homenagens-ao-academico-darcy-ribeiro-no-20o#collapse2\">15\/02<\/a><\/h4>\n<\/div>\n<\/div>\n<div class=\"gmail-panel gmail-panel-default\">\n<div class=\"gmail-panel-heading\">\n<h4 class=\"gmail-panel-title\"><a href=\"http:\/\/www.academia.org.br\/noticias\/abl-vai-promover-o-encerramento-da-serie-de-homenagens-ao-academico-darcy-ribeiro-no-20o#collapse3\">16\/02<\/a><\/h4>\n<\/div>\n<\/div>\n<div class=\"gmail-panel gmail-panel-default\">\n<div class=\"gmail-panel-heading\">\n<h4 class=\"gmail-panel-title\"><a href=\"http:\/\/www.academia.org.br\/noticias\/abl-vai-promover-o-encerramento-da-serie-de-homenagens-ao-academico-darcy-ribeiro-no-20o#collapse4\">17\/02<\/a><\/h4>\n<\/div>\n<\/div>\n<\/div>\n<\/div>\n<\/div>\n<\/div>\n<\/div>\n","protected":false},"excerpt":{"rendered":"<p>ABL vai promover o encerramento da s\u00e9rie de homenagens ao Acad\u00eamico Darcy Ribeiro, no 20\u00ba anivers\u00e1rio de sua morte<\/p>\n","protected":false},"author":3,"featured_media":0,"comment_status":"closed","ping_status":"closed","sticky":false,"template":"","format":"standard","meta":{"_jetpack_newsletter_access":"","_jetpack_dont_email_post_to_subs":false,"_jetpack_newsletter_tier_id":0,"_jetpack_memberships_contains_paywalled_content":false,"_jetpack_memberships_contains_paid_content":false,"footnotes":""},"categories":[7],"tags":[2624],"class_list":["post-8186","post","type-post","status-publish","format-standard","hentry","category-comunicacao","tag-darcy-ribeiro-abl-academia-brasileira-de-letras"],"aioseo_notices":[],"views":0,"jetpack_featured_media_url":"","jetpack_sharing_enabled":true,"jetpack_likes_enabled":true,"jetpack-related-posts":[{"id":78208,"url":"http:\/\/jornalrol.com.br\/?p=78208","url_meta":{"origin":8186,"position":0},"title":"A Funda\u00e7\u00e3o da Academia Brasileira de Letras","author":"Dom Alexandre da Silva Cam\u00ealo Rurikovich Carvalho","date":"2 de fevereiro de 2026","format":false,"excerpt":"A funda\u00e7\u00e3o da Academia Brasileira de Letras (ABL), em 20 de julho de 1897, constitui um dos marcos mais relevantes da hist\u00f3ria cultural do Brasil. Criada em...","rel":"","context":"Em &quot;artigos&quot;","block_context":{"text":"artigos","link":"http:\/\/jornalrol.com.br\/?cat=9398"},"img":{"alt_text":"Fotografia dos Fundadores da Academia Brasileira de Letras. A presente imagem, integrante da Galeria de Fotos da Academia Brasileira de Letras, registra um almo\u00e7o realizado no Hotel Rio Branco, em 1901, localizado na Rua das Laranjeiras, n\u00ba 192, na ent\u00e3o Capital Federal. iImagem de Dom\u00ednio P\u00fab\u00e7ico","src":"https:\/\/i0.wp.com\/jornalrol.com.br\/wp-content\/uploads\/2026\/02\/fundadores-da-ABL.jpg?resize=350%2C200","width":350,"height":200,"srcset":"https:\/\/i0.wp.com\/jornalrol.com.br\/wp-content\/uploads\/2026\/02\/fundadores-da-ABL.jpg?resize=350%2C200 1x, https:\/\/i0.wp.com\/jornalrol.com.br\/wp-content\/uploads\/2026\/02\/fundadores-da-ABL.jpg?resize=525%2C300 1.5x, https:\/\/i0.wp.com\/jornalrol.com.br\/wp-content\/uploads\/2026\/02\/fundadores-da-ABL.jpg?resize=700%2C400 2x, https:\/\/i0.wp.com\/jornalrol.com.br\/wp-content\/uploads\/2026\/02\/fundadores-da-ABL.jpg?resize=1050%2C600 3x"},"classes":[]},{"id":34581,"url":"http:\/\/jornalrol.com.br\/?p=34581","url_meta":{"origin":8186,"position":1},"title":"O livro-espelho (ou O Povo Brasileiro) discute a antropologia no Brasil","author":"Sergio Diniz da Costa","date":"21 de outubro de 2020","format":false,"excerpt":"\u00a0Neste artigo,\u00a0\u00a0Douglas Henrique A. Lopes\u00a0defende que\u00a0a obra n\u00e3o nos apresenta uma vis\u00e3o rom\u00e2ntica de um Brasil pac\u00edfico, mas revela que aqui houve (e h\u00e1) um 'moinho de gente'\u00a0 Reza a lenda que, nos idos de 1995, ele fugiu da UTI do hospital em Bras\u00edlia para n\u00e3o ser v\u00edtima fatal de\u2026","rel":"","context":"Em &quot;Comunica\u00e7\u00e3o&quot;","block_context":{"text":"Comunica\u00e7\u00e3o","link":"http:\/\/jornalrol.com.br\/?cat=7"},"img":{"alt_text":"","src":"https:\/\/i0.wp.com\/www.jornalrol.com.br\/wp-content\/uploads\/2020\/10\/175550_-_images_-_products_-_9788526022256_UNICO_-_templ1-300x300.jpg?resize=350%2C200","width":350,"height":200},"classes":[]},{"id":8481,"url":"http:\/\/jornalrol.com.br\/?p=8481","url_meta":{"origin":8186,"position":2},"title":"Marisa Lajolo abre ciclo de confer\u00eancias na ABL","author":"Helio Rubens","date":"2 de mar\u00e7o de 2017","format":false,"excerpt":"Escritora e cr\u00edtica liter\u00e1ria Marisa Lajolo abre na ABL o ciclo de confer\u00eancias 'Educa\u00e7\u00e3o e leitura, novos paradigmas' A Academia Brasileira de Letras abre, no m\u00eas de mar\u00e7o, seus ciclos de confer\u00eancias do ano de 2017, o primeiro dos quais tem com o tema Educa\u00e7\u00e3o e Leitura, novos paradigmas, sob\u2026","rel":"","context":"Em &quot;Comunica\u00e7\u00e3o&quot;","block_context":{"text":"Comunica\u00e7\u00e3o","link":"http:\/\/jornalrol.com.br\/?cat=7"},"img":{"alt_text":"","src":"https:\/\/i0.wp.com\/www.jornalrol.com.br\/wp-content\/uploads\/2017\/03\/ABL-300x161.jpg?resize=350%2C200","width":350,"height":200},"classes":[]},{"id":54244,"url":"http:\/\/jornalrol.com.br\/?p=54244","url_meta":{"origin":8186,"position":3},"title":"O leitor participa: Berenice Sousa Miranda Ribeiro, natural do distrito Maristela de Minas, pertencente ao munic\u00edpio de Curral de Dentro\/MG, com o conto &#039;A sonhadora princesa&#039;","author":"Sergio Diniz da Costa","date":"23 de mar\u00e7o de 2023","format":false,"excerpt":"A sonhadora princesa Era uma vez... Em um acolhedor casebre nasceu uma menina de classe comum, mas cora\u00e7\u00e3o e mente de princesa. Se por um lado viver na idealiza\u00e7\u00e3o dos livros dificulta aceitar a realidade, por outro facilita superar a mesma, pois essa se transforma. O que era imut\u00e1vel passou\u2026","rel":"","context":"Em &quot;Poesia&quot;","block_context":{"text":"Poesia","link":"http:\/\/jornalrol.com.br\/?cat=58"},"img":{"alt_text":"","src":"https:\/\/i0.wp.com\/jornalrol.com.br\/wp-content\/uploads\/2023\/03\/Berenice_Foto.jpg?resize=350%2C200","width":350,"height":200},"classes":[]},{"id":54993,"url":"http:\/\/jornalrol.com.br\/?p=54993","url_meta":{"origin":8186,"position":4},"title":"De Maristela de Minas (MG) para o ROL, a pluralidade liter\u00e1ria de Berenice Miranda!","author":"Sergio Diniz da Costa","date":"18 de maio de 2023","format":false,"excerpt":"Berenice Sousa Miranda Ribeiro Berenice Miranda: historiadora, pedagoga, gestora empresarial e, acima de tudo, escritora e poetisa! Berenice Sousa Miranda Ribeiro, natural do distrito Maristela de Minas, pertencente ao munic\u00edpio de Curral de Dentro\/MG, \u00e9 historiadora, escritora, cronista, poetisa, contista, sonetista e autora dos livros \u2018Do Casulo \u00e0 Borboleta\u2019 e\u2026","rel":"","context":"Em &quot;Comunica\u00e7\u00e3o&quot;","block_context":{"text":"Comunica\u00e7\u00e3o","link":"http:\/\/jornalrol.com.br\/?cat=7"},"img":{"alt_text":"","src":"","width":0,"height":0},"classes":[]},{"id":8910,"url":"http:\/\/jornalrol.com.br\/?p=8910","url_meta":{"origin":8186,"position":5},"title":"Noticias da ABL &#8211; Academia Brasileira de Letras","author":"Helio Rubens","date":"23 de mar\u00e7o de 2017","format":false,"excerpt":"Ex-Ministra Claudia Costin faz na ABL a terceira palestra do ciclo de confer\u00eancias Educa\u00e7\u00e3o e leitura. Novos paradigmas? A Academia Brasileira de Letras deu prosseguimento ao seu ciclo de confer\u00eancias do m\u00eas de mar\u00e7o, sob coordena\u00e7\u00e3o da Acad\u00eamica e escritora Ana Maria Machado, Primeira-Secret\u00e1ria da ABL, intitulado Educa\u00e7\u00e3o e Leitura.\u2026","rel":"","context":"Em &quot;Comunica\u00e7\u00e3o&quot;","block_context":{"text":"Comunica\u00e7\u00e3o","link":"http:\/\/jornalrol.com.br\/?cat=7"},"img":{"alt_text":"","src":"https:\/\/i0.wp.com\/www.jornalrol.com.br\/wp-content\/uploads\/2017\/03\/ABL-1.jpg?resize=350%2C200","width":350,"height":200},"classes":[]}],"_links":{"self":[{"href":"http:\/\/jornalrol.com.br\/index.php?rest_route=\/wp\/v2\/posts\/8186","targetHints":{"allow":["GET"]}}],"collection":[{"href":"http:\/\/jornalrol.com.br\/index.php?rest_route=\/wp\/v2\/posts"}],"about":[{"href":"http:\/\/jornalrol.com.br\/index.php?rest_route=\/wp\/v2\/types\/post"}],"author":[{"embeddable":true,"href":"http:\/\/jornalrol.com.br\/index.php?rest_route=\/wp\/v2\/users\/3"}],"replies":[{"embeddable":true,"href":"http:\/\/jornalrol.com.br\/index.php?rest_route=%2Fwp%2Fv2%2Fcomments&post=8186"}],"version-history":[{"count":0,"href":"http:\/\/jornalrol.com.br\/index.php?rest_route=\/wp\/v2\/posts\/8186\/revisions"}],"wp:attachment":[{"href":"http:\/\/jornalrol.com.br\/index.php?rest_route=%2Fwp%2Fv2%2Fmedia&parent=8186"}],"wp:term":[{"taxonomy":"category","embeddable":true,"href":"http:\/\/jornalrol.com.br\/index.php?rest_route=%2Fwp%2Fv2%2Fcategories&post=8186"},{"taxonomy":"post_tag","embeddable":true,"href":"http:\/\/jornalrol.com.br\/index.php?rest_route=%2Fwp%2Fv2%2Ftags&post=8186"}],"curies":[{"name":"wp","href":"https:\/\/api.w.org\/{rel}","templated":true}]}}