{"id":8199,"date":"2017-02-14T00:48:21","date_gmt":"2017-02-14T02:48:21","guid":{"rendered":"http:\/\/www.jornalrol.com.br\/?p=8199"},"modified":"2017-02-14T00:48:21","modified_gmt":"2017-02-14T02:48:21","slug":"afranio-mello-fornece-informacoes-sobre-a-familia-trombini","status":"publish","type":"post","link":"http:\/\/jornalrol.com.br\/?p=8199","title":{"rendered":"Afr\u00e2nio Mello fornece informa\u00e7\u00f5es sobre a fam\u00edlia TROMBINI"},"content":{"rendered":"<div class=\"pdfprnt-buttons pdfprnt-buttons-post pdfprnt-top-right\"><a href=\"http:\/\/jornalrol.com.br\/index.php?rest_route=%2Fwp%2Fv2%2Fposts%2F8199&print=pdf\" class=\"pdfprnt-button pdfprnt-button-pdf\" target=\"_blank\" ><\/a><a href=\"http:\/\/jornalrol.com.br\/index.php?rest_route=%2Fwp%2Fv2%2Fposts%2F8199&print=print\" class=\"pdfprnt-button pdfprnt-button-print\" target=\"_blank\" ><img decoding=\"async\" src=\"https:\/\/jornalrol.com.br\/wp-content\/plugins\/pdf-print\/images\/print.png\" alt=\"image_print\" title=\"Conte\u00fado de impress\u00e3o\" \/><\/a><\/div><h2><strong>Afr\u00e2nio Franco de Oliveira Mello &#8211;\u00a0<\/strong>ATENDIMENTO<strong> N\u00daMERO 833<\/strong><\/h2>\n<p><!--more--><\/p>\n<p>&nbsp;<\/p>\n<p>Prezado Gustavo, boa noite.<\/p>\n<p>Esta pesquisa deu um pouco de trabalho.<\/p>\n<p>Busca em Dicion\u00e1rios Italianos e na Internet.<\/p>\n<p>Encontrei algumas informa\u00e7\u00f5es que passo para voc\u00ea.<\/p>\n<p>Espero que seu amigo goste.<\/p>\n<p><strong>TROMBINI<\/strong>&#8230;&#8230;&#8230;&#8230;&#8230;.. 13 p\u00e1ginas e 1 bras\u00e3o.<\/p>\n<p>Um pequeno resumo.<\/p>\n<p><img decoding=\"async\" src=\"https:\/\/mail.google.com\/mail\/u\/0\/?ui=2&amp;ik=d4016f14b7&amp;view=fimg&amp;th=15a1f6cc70b26512&amp;attid=0.0.1&amp;disp=emb&amp;attbid=ANGjdJ8AcFPP-lnfz0dOjB_a9yvvv47GJUrRpYBO9yCQCgOHdTg7vdL-daI0AyyjZ8p4cmmHPcROQ7Cu9saZIubj3SJNvYxUtegzsCE6n4LAVT0HCOBFKy99BoyARX4&amp;sz=w338-h412&amp;ats=1487037742994&amp;rm=15a1f6cc70b26512&amp;zw&amp;atsh=1\" alt=\"clip_image002\" \/><\/p>\n<p><img decoding=\"async\" src=\"https:\/\/mail.google.com\/mail\/u\/0\/?ui=2&amp;ik=d4016f14b7&amp;view=fimg&amp;th=15a1f6cc70b26512&amp;attid=0.0.2&amp;disp=emb&amp;attbid=ANGjdJ-Hc0tDZqdlgBlSzUR3P5_7KSwrHqqqOs6Ez0HnkTN1zoart4r3DpCfvXttz_Q2KpZh1QAOVnoqWJ2mQuwG8RbJEKv1p5UWsMErvPYIWhMAUull9XCdbk17K0w&amp;sz=w1142-h590&amp;ats=1487037742995&amp;rm=15a1f6cc70b26512&amp;zw&amp;atsh=1\" alt=\"clip_image002[4]\" \/><\/p>\n<h2>Bras\u00e3o da fam\u00edlia<\/h2>\n<p>D&#8217;azzurro all&#8217;albero nodrito sopra una zolla di terreno e sostenuto da due capre bianche ritte ed affronte, il tutto al naturale; col capo d&#8217;oro, sostenuto di rosso e caricato di un&#8217;aquila bicipide, coronata del campo all&#8217;imperiale sulle due teste e tenente coll&#8217;artiglio destro una spada d&#8217;argento manicata d&#8217;oro, e col sinistro una tromba d&#8217;oro.<\/p>\n<p>Tradu\u00e7\u00e3o<\/p>\n<p>Nodrito azul \u00e1rvore sobre uma placa de terra e apoiada por duas cabras brancas ritte e rostos, o natural; com a capa de ouro, apoiado por vermelho e carregada com uma \u00e1guia coroada campo Imperial sobre o b\u00edceps, duas cabe\u00e7as e um tenente com direito garra de ouro de manicata uma espada de prata e usam a esquerda um trompete dourado.<\/p>\n<p>Grande abra\u00e7o<\/p>\n<p>Abra\u00e7os<br \/>\n<strong>Afr\u00e2nio Franco de Oliveira Mello<\/strong><br \/>\nROL &#8211; Regi\u00e3o On Line<\/p>\n<p>&nbsp;<\/p>\n","protected":false},"excerpt":{"rendered":"<p>Afr\u00e2nio Franco de Oliveira Mello &#8211;\u00a0ATENDIMENTO N\u00daMERO 833<\/p>\n","protected":false},"author":3,"featured_media":0,"comment_status":"closed","ping_status":"closed","sticky":false,"template":"","format":"standard","meta":{"_jetpack_newsletter_access":"","_jetpack_dont_email_post_to_subs":false,"_jetpack_newsletter_tier_id":0,"_jetpack_memberships_contains_paywalled_content":false,"_jetpack_memberships_contains_paid_content":false,"footnotes":""},"categories":[7],"tags":[657,3712,4152],"class_list":["post-8199","post","type-post","status-publish","format-standard","hentry","category-comunicacao","tag-afranio-mello","tag-familias","tag-genealogia"],"aioseo_notices":[],"views":0,"jetpack_featured_media_url":"","jetpack_sharing_enabled":true,"jetpack_likes_enabled":true,"jetpack-related-posts":[{"id":20451,"url":"http:\/\/jornalrol.com.br\/?p=20451","url_meta":{"origin":8199,"position":0},"title":"Genealogia: Afr\u00e2nio Mello fornece informa\u00e7\u00f5es sobre a fam\u00edlia Trombini","author":"Helio Rubens","date":"24 de agosto de 2018","format":false,"excerpt":"Afr\u00e2nio Franco de Oliveira Mello - ATENDIMENTO N\u00daMERO 1057 \u00a0 Prezado \u00c2ngelo, boa noite. Que bom que se interessa em saber suas origens. Hoje vai saber de onde veio esse sobrenome e o belo bras\u00e3o da familia. TROMBINI.................. 13 p\u00e1ginas e 1 bras\u00e3o. S\u00e3o informa\u00e7\u00f5es diversas que fui amealhando at\u00e9\u2026","rel":"","context":"Em &quot;Comunica\u00e7\u00e3o&quot;","block_context":{"text":"Comunica\u00e7\u00e3o","link":"http:\/\/jornalrol.com.br\/?cat=7"},"img":{"alt_text":"","src":"https:\/\/i0.wp.com\/www.jornalrol.com.br\/wp-content\/uploads\/2018\/03\/afranio-150x150.jpg?resize=350%2C200","width":350,"height":200},"classes":[]},{"id":14862,"url":"http:\/\/jornalrol.com.br\/?p=14862","url_meta":{"origin":8199,"position":1},"title":"Genealogia: Afr\u00e2nio Mello atende gratuitamente pedidos de leitores sobre origens de familias. Neste edi\u00e7\u00e3o, familia MELLI.","author":"Helio Rubens","date":"24 de novembro de 2017","format":false,"excerpt":"Afr\u00e2nio Franco de Oliveira Mello - ATENDIMENTO N\u00daMERO 929 Prezado Johny, boa tarde. Nunca havia escutado antes a men\u00e7\u00e3o do Sobrenome MELLI. N\u00e3o tenho esse sobrenome no meu arquivo. Nos Sites que costume pesquisar, nada encontrei. O que achei, sem custo, para manter o meu atendimento \u00e9 o que segue\u2026","rel":"","context":"Em &quot;Comunica\u00e7\u00e3o&quot;","block_context":{"text":"Comunica\u00e7\u00e3o","link":"http:\/\/jornalrol.com.br\/?cat=7"},"img":{"alt_text":"","src":"https:\/\/i0.wp.com\/www.jornalrol.com.br\/wp-content\/uploads\/2017\/01\/afranio.jpg?resize=350%2C200","width":350,"height":200},"classes":[]},{"id":3941,"url":"http:\/\/jornalrol.com.br\/?p=3941","url_meta":{"origin":8199,"position":2},"title":"Genealogia: Afr\u00e2nio Mello fornece informa\u00e7\u00f5es sobre a fam\u00edlia Melo","author":"Helio Rubens","date":"20 de dezembro de 2015","format":false,"excerpt":"Afr\u00e2nio Franco de Oliveira Mello: ATENDIMENTO N\u00daMERO 575 \u00a0 Caro Rafael, boa tarde. \u00a0 Eu tamb\u00e9m sou da ascend\u00eancia do sobrenome MELLO. \u00a0 Comum em todo o Brasil , de origem portugu\u00easa e com um hist\u00f3rico muito grande no Brasil. \u00a0 \u00a0 \u00a0 Tem com as duas grafias : Melo\u2026","rel":"","context":"Em &quot;Comunica\u00e7\u00e3o&quot;","block_context":{"text":"Comunica\u00e7\u00e3o","link":"http:\/\/jornalrol.com.br\/?cat=7"},"img":{"alt_text":"Afr\u00e2nio Mello","src":"https:\/\/i0.wp.com\/www.jornalrol.com.br\/wp-content\/uploads\/2015\/07\/Afr%C3%A2nio-para-o-ROL-2.jpg?resize=350%2C200","width":350,"height":200},"classes":[]},{"id":17464,"url":"http:\/\/jornalrol.com.br\/?p=17464","url_meta":{"origin":8199,"position":3},"title":"Genealogia: Afr\u00e2nio Mello fornece informa\u00e7\u00f5es sobre a fam\u00edlia MARIANO","author":"Helio Rubens","date":"2 de abril de 2018","format":false,"excerpt":"Afr\u00e2nio Franco de Oliveira Mello - ATENDIMENTOS N\u00daMEROS 1019 Adriano, \u00faltima remessa e espero que fique contente com o que enviei. Voc\u00ea tem um bom material de pesquisa com os 13 arquivos que enviei. MARIANO.............................. 2 p\u00e1ginas e 2 bras\u00f5es e um hist\u00f3rico em PDF. Se tiver mais alguma pesquisa\u2026","rel":"","context":"Em &quot;Comunica\u00e7\u00e3o&quot;","block_context":{"text":"Comunica\u00e7\u00e3o","link":"http:\/\/jornalrol.com.br\/?cat=7"},"img":{"alt_text":"","src":"https:\/\/i0.wp.com\/www.jornalrol.com.br\/wp-content\/uploads\/2018\/03\/afranio-150x150.jpg?resize=350%2C200","width":350,"height":200},"classes":[]},{"id":38051,"url":"http:\/\/jornalrol.com.br\/?p=38051","url_meta":{"origin":8199,"position":4},"title":"Genealogia: Afr\u00e2nio Mello fornece informa\u00e7\u00f5es sobre a fam\u00edlia Moraes Rosa","author":"ADM","date":"25 de fevereiro de 2021","format":false,"excerpt":"Afr\u00e2nio Mello fornece informa\u00e7\u00f5es sobre a fam\u00edlia MORAES ROSA ATENDIMENTO N\u00daMERO \u00a01.337 Clara, Boa tarde \u00a0Vou enviar os seus arquivos aos poucos, pois este primeiro \u00e9 muito grande. e onde est\u00e1 citada sua \u00a0ascendente. \u00a0Eu faria uma impress\u00e3o desse arquivo. Est\u00e1 meio apagado pois eu tirei de\u00a0uma c\u00f3pia j\u00e1 quase\u2026","rel":"","context":"Em &quot;Comunica\u00e7\u00e3o&quot;","block_context":{"text":"Comunica\u00e7\u00e3o","link":"http:\/\/jornalrol.com.br\/?cat=7"},"img":{"alt_text":"","src":"https:\/\/i0.wp.com\/jornalrol.com.br\/wp-content\/uploads\/2021\/02\/image003.jpg?resize=350%2C200","width":350,"height":200},"classes":[]},{"id":36511,"url":"http:\/\/jornalrol.com.br\/?p=36511","url_meta":{"origin":8199,"position":5},"title":"Genealogia: Afr\u00e2nio Mello Presta informa\u00e7\u00f5es sobre a fam\u00edlia Valad\u00e3o","author":"ADM","date":"9 de janeiro de 2021","format":false,"excerpt":"Afr\u00e2nio Mello presta informa\u00e7\u00f5es sobre a fam\u00edlia VALAD\u00c3O ATENDIMENTO N\u00daMERO 1.315 Caros Jos\u00e9 Luiz Nogueira e M\u00e1rcio Valad\u00e3o. Em aten\u00e7\u00e3o ao pedido de voc\u00eas dois estou encaminhando o arquivo do sobrenome VALAD\u00c3O. VALAD\u00c3O..................... 3 p\u00e1ginas e 1 bras\u00e3o e mais 1 em separado para quadros. Abaixo um resumo para os\u2026","rel":"","context":"Em &quot;Comunica\u00e7\u00e3o&quot;","block_context":{"text":"Comunica\u00e7\u00e3o","link":"http:\/\/jornalrol.com.br\/?cat=7"},"img":{"alt_text":"","src":"https:\/\/i0.wp.com\/www.jornalrol.com.br\/wp-content\/uploads\/2020\/04\/afranio-150x150-1.jpg?resize=350%2C200","width":350,"height":200},"classes":[]}],"_links":{"self":[{"href":"http:\/\/jornalrol.com.br\/index.php?rest_route=\/wp\/v2\/posts\/8199","targetHints":{"allow":["GET"]}}],"collection":[{"href":"http:\/\/jornalrol.com.br\/index.php?rest_route=\/wp\/v2\/posts"}],"about":[{"href":"http:\/\/jornalrol.com.br\/index.php?rest_route=\/wp\/v2\/types\/post"}],"author":[{"embeddable":true,"href":"http:\/\/jornalrol.com.br\/index.php?rest_route=\/wp\/v2\/users\/3"}],"replies":[{"embeddable":true,"href":"http:\/\/jornalrol.com.br\/index.php?rest_route=%2Fwp%2Fv2%2Fcomments&post=8199"}],"version-history":[{"count":0,"href":"http:\/\/jornalrol.com.br\/index.php?rest_route=\/wp\/v2\/posts\/8199\/revisions"}],"wp:attachment":[{"href":"http:\/\/jornalrol.com.br\/index.php?rest_route=%2Fwp%2Fv2%2Fmedia&parent=8199"}],"wp:term":[{"taxonomy":"category","embeddable":true,"href":"http:\/\/jornalrol.com.br\/index.php?rest_route=%2Fwp%2Fv2%2Fcategories&post=8199"},{"taxonomy":"post_tag","embeddable":true,"href":"http:\/\/jornalrol.com.br\/index.php?rest_route=%2Fwp%2Fv2%2Ftags&post=8199"}],"curies":[{"name":"wp","href":"https:\/\/api.w.org\/{rel}","templated":true}]}}