{"id":8202,"date":"2017-02-14T08:49:40","date_gmt":"2017-02-14T10:49:40","guid":{"rendered":"http:\/\/www.jornalrol.com.br\/?p=8202"},"modified":"2017-02-14T08:49:40","modified_gmt":"2017-02-14T10:49:40","slug":"mostra-contemplada-em-edital-do-programa-de-acao-cultural-proac-do-governo-do-estado-de-sao-paulo-percorrera-seis-cidades-no-primeiro-e-segundo-semestres","status":"publish","type":"post","link":"http:\/\/jornalrol.com.br\/?p=8202","title":{"rendered":"Mostra contemplada em edital do Programa de A\u00e7\u00e3o Cultural (ProAC), do Governo do Estado de S\u00e3o Paulo, percorrer\u00e1 seis cidades no primeiro e segundo semestres"},"content":{"rendered":"<div class=\"pdfprnt-buttons pdfprnt-buttons-post pdfprnt-top-right\"><a href=\"http:\/\/jornalrol.com.br\/index.php?rest_route=%2Fwp%2Fv2%2Fposts%2F8202&print=pdf\" class=\"pdfprnt-button pdfprnt-button-pdf\" target=\"_blank\" ><\/a><a href=\"http:\/\/jornalrol.com.br\/index.php?rest_route=%2Fwp%2Fv2%2Fposts%2F8202&print=print\" class=\"pdfprnt-button pdfprnt-button-print\" target=\"_blank\" ><img decoding=\"async\" src=\"https:\/\/jornalrol.com.br\/wp-content\/plugins\/pdf-print\/images\/print.png\" alt=\"image_print\" title=\"Conte\u00fado de impress\u00e3o\" \/><\/a><\/div><div class=\"release-header\">\n<h2>EXPOSI\u00c7\u00c3O ITINERANTE NO INTERIOR PAULISTA CELEBRA CULTURA CAIPIRA<\/h2>\n<\/div>\n<p><!--more--><\/p>\n<div class=\"release-text\">\n<div class=\"side-text\">\n<div class=\"clearfix\"><\/div>\n<div class=\"release-logo\"><a class=\"fancy\" href=\"http:\/\/cloud.dino.com.br\/\/img\/122\/7b90ced5-6a78-4c92-9f9d-fc76ce247f5a.jpg?quality=85&amp;mode=max&amp;\"><img decoding=\"async\" class=\"aligncenter\" title=\"Elementos que remetem \u00e0 inf\u00e2ncia e ao jeito simples da ro\u00e7a integram mostra\" src=\"http:\/\/cloud.dino.com.br\/\/img\/122\/7b90ced5-6a78-4c92-9f9d-fc76ce247f5a.jpg?width=300&amp;height=250&amp;quality=80&amp;mode=max&amp;\" alt=\"Elementos que remetem \u00e0 inf\u00e2ncia e ao jeito simples da ro\u00e7a integram mostra\" \/><\/a><\/div>\n<blockquote class=\"blockquote-reverse\">\n<p style=\"text-align: center;\"><i class=\"fa fa-quote-left fa-2x pull-left\"><\/i>&#8220;A inten\u00e7\u00e3o \u00e9 despertar a mem\u00f3ria afetiva do visitante e que cada um<br \/>\nreencontre o caipira dentro de si\u201d, diz a curadora Renata Gava <i class=\"fa fa-quote-right fa-2x\"><\/i><\/p>\n<\/blockquote>\n<\/div>\n<div>Santa B\u00e1rbara d\u2019Oeste \u00e9 o primeiro munic\u00edpio a receber a exposi\u00e7\u00e3o itinerante Porta, Porteira e Port\u00e3o: Modos de \u2018Falarrr\u2019 e Costumes do \u2018Interiorrr\u2019. A mostra abre na ter\u00e7a-feira, 14, e pode ser vista at\u00e9 24 de mar\u00e7o, no Centro de Documenta\u00e7\u00e3o Hist\u00f3rica (Cedoc), da Funda\u00e7\u00e3o Romi. Outras cinco cidades paulistas ser\u00e3o contempladas com a iniciativa, viabilizada pelo edital de difus\u00e3o de acervos museol\u00f3gicos do Programa de A\u00e7\u00e3o Cultural (ProAC), do Governo do Estado de S\u00e3o Paulo, e o apoio do Sistema Estadual de Museus (Sisem-SP).<\/div>\n<div>A entrada \u00e9 gratuita.<\/p>\n<p>Versos musicais, simpatias, supersti\u00e7\u00f5es, contos e causos est\u00e3o entre os elementos que comp\u00f5em a cultura caipira no pa\u00eds. Todos presentes na exposi\u00e7\u00e3o em pain\u00e9is ou objetos. \u201cCelebramos o caipira como sin\u00f4nimo de um modo de vida\u201d, diz o muse\u00f3logo Rodrigo Santos, que fez a concep\u00e7\u00e3o museol\u00f3gica e tamb\u00e9m assina a curadoria da mostra, ao lado da historiadora Renata Gava. \u201cA inten\u00e7\u00e3o \u00e9 despertar a mem\u00f3ria afetiva do visitante e que cada um reencontre o caipira dentro de si\u201d, completa Renata, respons\u00e1vel ainda pela pesquisa de conte\u00fado.<\/p>\n<p>Pain\u00e9is de madeiras dispostos em prateleiras abrigam objetos como bule, lampi\u00e3o de g\u00e1s, m\u00e1quina de costura, sanfona, tacho de cobre, caneca e leiteira de alum\u00ednio, pil\u00e3o, entre outros itens. Uma instala\u00e7\u00e3o traz os cl\u00e1ssicos mon\u00f3culos fotogr\u00e1ficos, em que as pessoas podem conferir imagens antigas sobre o estilo de vida no campo. \u201cS\u00e3o s\u00edmbolos referenciais do interior paulista com uma leitura contempor\u00e2nea e que fizeram parte das rotinas de nossos pais e av\u00f3s, ou at\u00e9 mesmo de nossas inf\u00e2ncias\u201d, explica Renata Gava.<\/p>\n<p>O muse\u00f3logo Rodrigo Santos diz que a exposi\u00e7\u00e3o tamb\u00e9m tem o objetivo de quebrar o estigma de que o caipira \u00e9 um ser antiquado, de pouca instru\u00e7\u00e3o ou de costumes ultrapassados. \u201cO caipira se transformou com o passar dos anos e ainda hoje faz parte da cultura nacional. Num pa\u00eds t\u00e3o grande e plural como o Brasil, somos todos caipiras. O caipir\u00eas est\u00e1 em todas as regi\u00f5es, cada uma com sua peculiaridade.\u201d<\/p>\n<p>Renata e Rodrigo inclu\u00edram express\u00f5es da tradi\u00e7\u00e3o oral caipira, entre as quais de banda (de lado), enfezado (nervoso), estorv\u00e1 (atrapalhar), fu\u00e1 (encrenca), lonjura (dist\u00e2ncia), n\u00f3is fumo (n\u00f3s fomos) e z\u00f3io (olhos). Uma tela em branco instiga: \u201cquais express\u00f5es, simpatias e ditos populares voc\u00ea conhece?\u201d. Nela, o visitante pode escrever o que vem \u00e0 mente e, assim, contribuir para a amplia\u00e7\u00e3o desse dicion\u00e1rio caipira.<\/p>\n<p>Ainda para ampliar a interatividade, os curadores incentivam o p\u00fablico a produzir fotos para as redes sociais, utilizando a palavra-chave (ou hashtag) #SouCaipira. Al\u00e9m disso, a p\u00e1gina Porta, Porteira e Port\u00e3o, criada no Facebook, traz atualiza\u00e7\u00f5es frequentes, textos, reportagens e dados adicionais sobre a cultura caipira. Os visitantes podem levar filipetas para a casa e as crian\u00e7as que fizerem visitas em grupo, agendadas por escolas, recebem uma cartilha com ca\u00e7a-palavras, c\u00f3digo secreto, jogo dos sete erros e desenhos para colorir.<\/p>\n<p>No espa\u00e7o expositivo tamb\u00e9m est\u00e3o m\u00fasicas caipiras e sonoriza\u00e7\u00e3o ambiente para a extrovers\u00e3o art\u00edstica de cada visitante. H\u00e1, ainda, curiosidades sobre rem\u00e9dios e benzedeiras, culin\u00e1ria e informa\u00e7\u00f5es sobre o folclore, incluindo dados adicionais sobre as hist\u00f3rias envolvendo saci-perer\u00ea, curupira, lobisomem, medicina popular, ritual da benze\u00e7\u00e3o e mula sem cabe\u00e7a.<\/p>\n<p>HIST\u00d3RICO \u2013 A mostra nasceu em 2016 e percorreu o Museu Hist\u00f3rico e Pedag\u00f3gico Prudente de Moraes, em Piracicaba, o Museu Casar\u00e3o Pau Preto, em Indaiatuba, e o Museu Gustavo Teixeira, em S\u00e3o Pedro, por meio da parceria entre as prefeituras de cada um dos munic\u00edpios com o Sistema Estadual de Museus (Sisem-SP) e Associa\u00e7\u00e3o Cultural de Apoio ao Museu Casa de Portinari (Acam Portinari), institui\u00e7\u00f5es ligadas \u00e0 Secretaria da Cultura do Estado de S\u00e3o Paulo. Os outros espa\u00e7os que receber\u00e3o a mostra em 2017 ser\u00e3o definidos pelos curadores e pelo pr\u00f3prio Sisem-SP.<\/p>\n<p>Ao inscreverem a exposi\u00e7\u00e3o no edital de difus\u00e3o de acervos museol\u00f3gicos do Programa de A\u00e7\u00e3o Cultural (ProAC), Renata e Rodrigo pensaram no fortalecimento dos espa\u00e7os que recebem o material. Para isso, cada museu contemplado na itiner\u00e2ncia \u00e9 convidado a incluir objetos de seu pr\u00f3prio acervo, como forma de ampliar o di\u00e1logo do espa\u00e7o com a exposi\u00e7\u00e3o e de trazer o sentimento de proximidade da hist\u00f3ria.<\/p>\n<p>Em Santa B\u00e1rbara d\u2019Oeste, a equipe da Funda\u00e7\u00e3o Romi acrescentou itens como ferro de passar a brasa, moedores de carne, pimenta e caf\u00e9, ralador de milho, r\u00e1dio de v\u00e1lvula, bule, coador de caf\u00e9, moringa de barro, balan\u00e7as, caldeir\u00e3o de ferro e unidade de medida. Os objetos s\u00e3o do pr\u00f3prio Cedoc ou pertencem ao acervo dos mun\u00edcipes Maria Peres Rezende e Antonio Carlos Angolini.<\/p>\n<p>Fotografias de v\u00e1rias d\u00e9cadas de 1900 tamb\u00e9m foram inclu\u00eddas pela equipe do Cedoc. S\u00e3o retratos em preto e branco de moradores da zona rural nos quintais de suas resid\u00eancias, charrete, lavoura de algod\u00e3o, carregamento de cana-de-a\u00e7\u00facar, prociss\u00e3o religiosa nos bairros Caiubi e Santo Antonio do Sapezeiro, al\u00e9m da rotina em algumas institui\u00e7\u00f5es da cidade, como a Creche Menino Jesus e o Asilo S\u00e3o Vicente de Paulo.<\/p>\n<p>Segundo a historiadora Sandra Edilene de Souza Barboza, coordenadora do Centro de Documenta\u00e7\u00e3o Hist\u00f3rica (Cedoc), costumes como as benzedeiras e os rituais de lavagem de santos perderam for\u00e7a em Santa B\u00e1rbara d\u2019Oeste. No entanto, o sotaque arrastado se mant\u00e9m e \u00e9 transmitido atrav\u00e9s da oralidade. \u201cIsso faz com que os moradores de outras cidades identifiquem os barbarenses como caipiras. Uma cidade como Santa B\u00e1rbara d\u2019 Oeste, onde a popula\u00e7\u00e3o rural at\u00e9 a d\u00e9cada de 1970 era mais numerosa, ainda apresenta tra\u00e7os da cultura caipira.\u201d<\/p>\n<p>OS CURADORES \u2013 Rodrigo Santos coordenou o projeto de implanta\u00e7\u00e3o do Museu Gustavo Teixeira, em S\u00e3o Pedro, onde atuou por sete anos como diretor. Fez a gradua\u00e7\u00e3o em museologia e se especializou em cultura e arte barroca na Universidade Federal de Ouro Preto. Renata, que est\u00e1 desde 2013 na dire\u00e7\u00e3o do Museu Prudente de Moraes, em Piracicaba, \u00e9 especialista em patrim\u00f4nio arquitet\u00f4nico pela Pontif\u00edcia Universidade Cat\u00f3lica de Campinas e em gest\u00e3o cultural pelo Centro Universit\u00e1rio Senac do Rio de Janeiro.<\/p>\n<p>SERVI\u00c7O \u2013 Porta, Porteira e Port\u00e3o: Modos de \u2018Falarrr\u2019 e Costumes do \u2018Interiorrr\u2019. De 14 de fevereiro a 24 de mar\u00e7o, no Cedoc da Funda\u00e7\u00e3o Romi (av. Jo\u00e3o Ometo, 118, Jd. Panambi, Santa B\u00e1rbara d&#8217;Oeste). Visitas de segunda a sexta, das 8h \u00e0s 12h e das 13h \u00e0s 15h. Entrada gratuita. Informa\u00e7\u00f5es: (19) 3499-1558.<\/p><\/div>\n<\/div>\n","protected":false},"excerpt":{"rendered":"<p>EXPOSI\u00c7\u00c3O ITINERANTE NO INTERIOR PAULISTA CELEBRA CULTURA CAIPIRA<\/p>\n","protected":false},"author":3,"featured_media":0,"comment_status":"closed","ping_status":"closed","sticky":false,"template":"","format":"standard","meta":{"_jetpack_newsletter_access":"","_jetpack_dont_email_post_to_subs":false,"_jetpack_newsletter_tier_id":0,"_jetpack_memberships_contains_paywalled_content":false,"_jetpack_memberships_contains_paid_content":false,"footnotes":""},"categories":[7],"tags":[1533,1616,3628,7708],"class_list":["post-8202","post","type-post","status-publish","format-standard","hentry","category-comunicacao","tag-caipirez","tag-capira","tag-exposicoes","tag-santa-barbara-doeste"],"aioseo_notices":[],"views":0,"jetpack_featured_media_url":"","jetpack_sharing_enabled":true,"jetpack_likes_enabled":true,"jetpack-related-posts":[{"id":25552,"url":"http:\/\/jornalrol.com.br\/?p=25552","url_meta":{"origin":8202,"position":0},"title":"Encontro Regional de Contadores de Hist\u00f3rias em Porto Feliz","author":"Sergio Diniz da Costa","date":"24 de mar\u00e7o de 2019","format":false,"excerpt":"Porto Feliz foi um dos P\u00f3los do 14\u00ba ENCONTRA CONTO - 2019 com parceria do grupo Narra\u00e7\u00e3o Oral Tradicional - Viva Hist\u00f3ria Viva Porto Feliz foi um dos P\u00f3los do 14\u00ba ENCONTRA CONTO - 2019 com parceria do grupo Narra\u00e7\u00e3o Oral Tradicional - Viva Hist\u00f3ria Viva. O 14\u00ba Encontro Regional\u2026","rel":"","context":"Em &quot;Comunica\u00e7\u00e3o&quot;","block_context":{"text":"Comunica\u00e7\u00e3o","link":"http:\/\/jornalrol.com.br\/?cat=7"},"img":{"alt_text":"","src":"https:\/\/i0.wp.com\/www.jornalrol.com.br\/wp-content\/uploads\/2019\/03\/53926382_2181061591982483_7053991176700952576_o-300x200.jpg?resize=350%2C200","width":350,"height":200},"classes":[]},{"id":11921,"url":"http:\/\/jornalrol.com.br\/?p=11921","url_meta":{"origin":8202,"position":1},"title":"Atibaia realiza\u00e7\u00e3o exposi\u00e7\u00e3o sobre cultura caipira","author":"Helio Rubens","date":"31 de julho de 2017","format":false,"excerpt":"CULTURA CAIPIRA \u00c9 TEMA DE EXPOSI\u00c7\u00c3O EM ATIBAIA Fotografias, objetos e pain\u00e9is sobre o modo de vida no interior t\u00eam como objetivo disseminar o conhecimento sobre a identidade e o repert\u00f3rio caipira O Centro de Conven\u00e7\u00f5es Victor Brecheret de Atibaia recebe a exposi\u00e7\u00e3o itinerante \u201cPorta, Porteira e Port\u00e3o \u2013 Modos\u2026","rel":"","context":"Em &quot;Comunica\u00e7\u00e3o&quot;","block_context":{"text":"Comunica\u00e7\u00e3o","link":"http:\/\/jornalrol.com.br\/?cat=7"},"img":{"alt_text":"","src":"","width":0,"height":0},"classes":[]},{"id":2287,"url":"http:\/\/jornalrol.com.br\/?p=2287","url_meta":{"origin":8202,"position":2},"title":"Marcelo Meira \u00e9 eleito coordenador da Regional do Alto Sorocabana da Fecomerci\u00e1rios","author":"Helio Rubens","date":"22 de junho de 2015","format":false,"excerpt":"As Regionais da Fecomerci\u00e1rios em Campinas e Sorocaba escolheram seus coordenadores e subcoordenadores em reuni\u00e3o na segunda-feira, 8 de junho S\u00e3o eles, respectivamente: Roberto Previde (Piracicaba) com Marcos Avansini (Americana), na Regional de Campinas, e Marcelo Meira (Itapetininga \/Tatu\u00ed) com Luciano Alves (Itu), na Regional de Sorocaba. O encontro, realizado\u2026","rel":"","context":"Em &quot;Comunica\u00e7\u00e3o&quot;","block_context":{"text":"Comunica\u00e7\u00e3o","link":"http:\/\/jornalrol.com.br\/?cat=7"},"img":{"alt_text":"Campinas - Regionais coordenadores 2 (1)","src":"https:\/\/i0.wp.com\/www.jornalrol.com.br\/wp-content\/uploads\/2015\/06\/Campinas-Regionais-coordenadores-2-1-300x159.jpg?resize=350%2C200","width":350,"height":200},"classes":[]},{"id":76792,"url":"http:\/\/jornalrol.com.br\/?p=76792","url_meta":{"origin":8202,"position":3},"title":"B\u00e1rbara dos Prazeres","author":"Maze Oliver","date":"19 de novembro de 2025","format":false,"excerpt":"A hist\u00f3ria de B\u00e1rbara Vicente de Urpia aconteceu no s\u00e9culo dezenove. O cen\u00e1rio, a pra\u00e7a 15, centro do Rio de Janeiro. Conta-se que a bel\u00edssima B\u00e1rbara foi...","rel":"","context":"Em &quot;Cr\u00f4nicas&quot;","block_context":{"text":"Cr\u00f4nicas","link":"http:\/\/jornalrol.com.br\/?cat=9392"},"img":{"alt_text":"Imagem criada por IA do Grok","src":"https:\/\/i0.wp.com\/jornalrol.com.br\/wp-content\/uploads\/2025\/11\/94324085-d5ad-400f-822d-a5e6be84bdbb.jpg?resize=350%2C200","width":350,"height":200,"srcset":"https:\/\/i0.wp.com\/jornalrol.com.br\/wp-content\/uploads\/2025\/11\/94324085-d5ad-400f-822d-a5e6be84bdbb.jpg?resize=350%2C200 1x, https:\/\/i0.wp.com\/jornalrol.com.br\/wp-content\/uploads\/2025\/11\/94324085-d5ad-400f-822d-a5e6be84bdbb.jpg?resize=525%2C300 1.5x, https:\/\/i0.wp.com\/jornalrol.com.br\/wp-content\/uploads\/2025\/11\/94324085-d5ad-400f-822d-a5e6be84bdbb.jpg?resize=700%2C400 2x"},"classes":[]},{"id":65070,"url":"http:\/\/jornalrol.com.br\/?p=65070","url_meta":{"origin":8202,"position":4},"title":"1\u00ba Festival Viola Caipira","author":"Sergio Diniz da Costa","date":"15 de mar\u00e7o de 2024","format":false,"excerpt":"A cidade de S\u00e3o Louren\u00e7o, no Sul de Minas, vai receber o 1\u00ba Festival Viola Caipira \u2013 o Som das Minas Gerais. O evento, criado com o objetivo de promover...","rel":"","context":"Em &quot;Arte&quot;","block_context":{"text":"Arte","link":"http:\/\/jornalrol.com.br\/?cat=9286"},"img":{"alt_text":"1\u00ba Festival Viola Caipira \u2013 o Som das Minas Gerais","src":"https:\/\/i0.wp.com\/jornalrol.com.br\/wp-content\/uploads\/2024\/03\/8ee250c0-a1fd-48ef-88cf-0a2483343c8f.jpeg?resize=350%2C200","width":350,"height":200,"srcset":"https:\/\/i0.wp.com\/jornalrol.com.br\/wp-content\/uploads\/2024\/03\/8ee250c0-a1fd-48ef-88cf-0a2483343c8f.jpeg?resize=350%2C200 1x, https:\/\/i0.wp.com\/jornalrol.com.br\/wp-content\/uploads\/2024\/03\/8ee250c0-a1fd-48ef-88cf-0a2483343c8f.jpeg?resize=525%2C300 1.5x, https:\/\/i0.wp.com\/jornalrol.com.br\/wp-content\/uploads\/2024\/03\/8ee250c0-a1fd-48ef-88cf-0a2483343c8f.jpeg?resize=700%2C400 2x, https:\/\/i0.wp.com\/jornalrol.com.br\/wp-content\/uploads\/2024\/03\/8ee250c0-a1fd-48ef-88cf-0a2483343c8f.jpeg?resize=1050%2C600 3x"},"classes":[]},{"id":5606,"url":"http:\/\/jornalrol.com.br\/?p=5606","url_meta":{"origin":8202,"position":5},"title":"Saiu na TV Tem: &#039;Orquestra Paulistana de Viola Caipira se apresenta no Sesi em Itapetininga&#039;","author":"Helio Rubens","date":"15 de julho de 2016","format":false,"excerpt":"Espet\u00e1culo come\u00e7a a partir das 20h no dia 22 de julho.\u00a0Classifica\u00e7\u00e3o \u00e9 livre e a entrada \u00e9 gratuita Espet\u00e1culo de orquestra pode ser reservado antecipadamente em Itapetininga (Foto: Edi Souza\/Divulga\u00e7\u00e3o) O Sesi de Itapetininga (SP) vai receber a Orquestra Paulistana de Viola Caipira no dia 22 de julho. O show\u2026","rel":"","context":"Em &quot;Comunica\u00e7\u00e3o&quot;","block_context":{"text":"Comunica\u00e7\u00e3o","link":"http:\/\/jornalrol.com.br\/?cat=7"},"img":{"alt_text":"A Orquestra Paulistana de Viola Caipira se apresenta nesta sexta-feira (24) em Mogi das Cruzes. (Foto: Edi Souza\/Divulga\u00e7\u00e3o)","src":"https:\/\/i0.wp.com\/s2.glbimg.com\/GI5h8BAd0l6Ykaq4tzGjlbPbGlo%3D\/620x465\/s.glbimg.com\/jo\/g1\/f\/original\/2015\/07\/21\/orquestra_paulistana_de_viola_caipira_foto_edi_souza.jpg?resize=350%2C200","width":350,"height":200,"srcset":"https:\/\/i0.wp.com\/s2.glbimg.com\/GI5h8BAd0l6Ykaq4tzGjlbPbGlo%3D\/620x465\/s.glbimg.com\/jo\/g1\/f\/original\/2015\/07\/21\/orquestra_paulistana_de_viola_caipira_foto_edi_souza.jpg?resize=350%2C200 1x, https:\/\/i0.wp.com\/s2.glbimg.com\/GI5h8BAd0l6Ykaq4tzGjlbPbGlo%3D\/620x465\/s.glbimg.com\/jo\/g1\/f\/original\/2015\/07\/21\/orquestra_paulistana_de_viola_caipira_foto_edi_souza.jpg?resize=525%2C300 1.5x"},"classes":[]}],"_links":{"self":[{"href":"http:\/\/jornalrol.com.br\/index.php?rest_route=\/wp\/v2\/posts\/8202","targetHints":{"allow":["GET"]}}],"collection":[{"href":"http:\/\/jornalrol.com.br\/index.php?rest_route=\/wp\/v2\/posts"}],"about":[{"href":"http:\/\/jornalrol.com.br\/index.php?rest_route=\/wp\/v2\/types\/post"}],"author":[{"embeddable":true,"href":"http:\/\/jornalrol.com.br\/index.php?rest_route=\/wp\/v2\/users\/3"}],"replies":[{"embeddable":true,"href":"http:\/\/jornalrol.com.br\/index.php?rest_route=%2Fwp%2Fv2%2Fcomments&post=8202"}],"version-history":[{"count":0,"href":"http:\/\/jornalrol.com.br\/index.php?rest_route=\/wp\/v2\/posts\/8202\/revisions"}],"wp:attachment":[{"href":"http:\/\/jornalrol.com.br\/index.php?rest_route=%2Fwp%2Fv2%2Fmedia&parent=8202"}],"wp:term":[{"taxonomy":"category","embeddable":true,"href":"http:\/\/jornalrol.com.br\/index.php?rest_route=%2Fwp%2Fv2%2Fcategories&post=8202"},{"taxonomy":"post_tag","embeddable":true,"href":"http:\/\/jornalrol.com.br\/index.php?rest_route=%2Fwp%2Fv2%2Ftags&post=8202"}],"curies":[{"name":"wp","href":"https:\/\/api.w.org\/{rel}","templated":true}]}}