{"id":8205,"date":"2017-02-14T10:53:42","date_gmt":"2017-02-14T12:53:42","guid":{"rendered":"http:\/\/www.jornalrol.com.br\/?p=8205"},"modified":"2017-02-14T10:53:42","modified_gmt":"2017-02-14T12:53:42","slug":"sonyah-moreira-sonhos","status":"publish","type":"post","link":"http:\/\/jornalrol.com.br\/?p=8205","title":{"rendered":"S\u00f4nyah Moreira: &#039;Sonhos&#039;"},"content":{"rendered":"<div class=\"pdfprnt-buttons pdfprnt-buttons-post pdfprnt-top-right\"><a href=\"http:\/\/jornalrol.com.br\/index.php?rest_route=%2Fwp%2Fv2%2Fposts%2F8205&print=pdf\" class=\"pdfprnt-button pdfprnt-button-pdf\" target=\"_blank\" ><\/a><a href=\"http:\/\/jornalrol.com.br\/index.php?rest_route=%2Fwp%2Fv2%2Fposts%2F8205&print=print\" class=\"pdfprnt-button pdfprnt-button-print\" target=\"_blank\" ><img decoding=\"async\" src=\"https:\/\/jornalrol.com.br\/wp-content\/plugins\/pdf-print\/images\/print.png\" alt=\"image_print\" title=\"Conte\u00fado de impress\u00e3o\" \/><\/a><\/div><h2 style=\"text-align: center;\"><a href=\"http:\/\/www.jornalrol.com.br\/sonyah-moreira-enquanto-todos-dormem\/sontah-moreira\/\" rel=\"attachment wp-att-7738\"><img loading=\"lazy\" decoding=\"async\" class=\"aligncenter size-full wp-image-7738\" src=\"http:\/\/www.jornalrol.com.br\/wp-content\/uploads\/2017\/01\/sontah-moreira.jpg\" alt=\"\" width=\"150\" height=\"200\" \/><\/a><\/h2>\n<h2 style=\"text-align: center;\"><strong>S\u00f4nyah Moreira \u2013 sonyah.moreira@gmail.com &#8211;\u00a0<\/strong>Sonhos!<\/h2>\n<p><!--more--><\/p>\n<p>Quando crian\u00e7as, sonhamos muito, chegamos a faz\u00ea-lo acordado, a vida era simples, muito simples. Acredit\u00e1vamos em super her\u00f3is, quem n\u00e3o sonhava viajar em carros que voavam, se tele transportar de um lugar pro outro, viajar em naves estelares, conhecer novos mundos, novas civiliza\u00e7\u00f5es, \u201cIndo onde nenhum homem jamais esteve\u201d. (Jornada nas Estrelas &#8211; 1966). Que saudades!<\/p>\n<p>Era muito bom aquele tempo que tudo parecia dar certo, a gente sonhava ser bonita como boneca, ou ser uma princesa e encontrar seu pr\u00edncipe encantado, como nos contos de fadas! O menino imaginava ser um xerife valente, com seu revolver que prendia todos os bandidos, sonhando em ser homens da Lei, &#8216;Mocinhos&#8217;! Hoje, n\u00e3o \u00e9 permitido brincar de faroeste, dizem os entendidos que incita a viol\u00eancia, ser\u00e1?<\/p>\n<p>Hoje a inf\u00e2ncia \u00e9 mais curta, garotos usam armas de verdade e matam amiguinhos de escola, que pena, esses infelizmente n\u00e3o ter\u00e3o seus sonhos concretizados, se \u00e9 que sonham, e ainda poder\u00e3o interromper o de muitos.<\/p>\n<p>Puxa! Bons tempos aqueles, que pod\u00edamos sonhar, por\u00e9m, \u00e0 medida que nos tornamos adultos os sonhos tamb\u00e9m mudam, deixamos de acreditar em her\u00f3is e princesas, em contos de fadas.<\/p>\n<p>Jamais \u00a0devemos deixar de sonhar, sejam eles grandiosos, ou mais singelos, o fato \u00e9 que podemos nos tornar um her\u00f3i para nossos filhos e netos, uma princesa que encontrou seu pr\u00edncipe encantado, e viveu feliz para sempre, vai depender de voc\u00ea e das escolhas que fizer ao longo da vida.<\/p>\n<p>Sonhos! Ningu\u00e9m pode interferir, nem dar palpites \u00e9 s\u00f3 seu, sonhe o que quiser se tiver algu\u00e9m pra compartilhar melhor ainda, sen\u00e3o fique s\u00f3 com voc\u00ea, por\u00e9m, o mais importante de tudo \u00e9 que voc\u00ea pode e deve continuar sonhando, a vida passa t\u00e3o r\u00e1pido n\u00e3o permita que ningu\u00e9m te impe\u00e7a de sonhar.<\/p>\n<p>Sonhe sempre, nele voc\u00ea pode ser um cavaleiro a lutar com drag\u00f5es, ou um rei guerreiro defendendo seu reino, seja voc\u00ea, um ser humano comum, por\u00e9m feliz por ter conseguido realizar ao menos um sonho, viver e ser feliz.<\/p>\n<p>Nenhuma pessoa deve deixar de sonhar, quem n\u00e3o sonha n\u00e3o vive, apenas sobrevive, e torna-se amarga e frustrada, sem raz\u00e3o, sem objetivo que a impulsione a seguir em frente e superar obst\u00e1culos.<\/p>\n<p>Quando deixamos de sonhar envelhecemos e murchamos. Sonhe, realize muito e continue sonhando, tenha sonhos sempre, sejam eles pequenos ou grandiosos, mas que sejam sonhos!<\/p>\n<p>Fa\u00e7a uma retrospectiva de seus sonhos e voc\u00ea vai perceber que muitos foram realizados de uma forma ou de outra. Lembrem-se grandes realiza\u00e7\u00f5es surgiram de singelos sonhos.<\/p>\n<p>Vamos sonhar afinal, n\u00e3o paga impostos, e se voc\u00ea n\u00e3o quiser compartilhar, n\u00e3o precisa , \u00e9 s\u00f3 seu e de mais ningu\u00e9m.<\/p>\n<p>Bons sonhos! Sogni D\u2019oro!<\/p>\n<p>&nbsp;<\/p>\n<p><strong>S\u00f4nyah Moreira \u2013 sonyah.moreira@gmail.com<\/strong><\/p>\n","protected":false},"excerpt":{"rendered":"<p>S\u00f4nyah Moreira \u2013 sonyah.moreira@gmail.com &#8211;\u00a0Sonhos!<\/p>\n","protected":false},"author":3,"featured_media":0,"comment_status":"closed","ping_status":"closed","sticky":false,"template":"","format":"standard","meta":{"_jetpack_newsletter_access":"","_jetpack_dont_email_post_to_subs":false,"_jetpack_newsletter_tier_id":0,"_jetpack_memberships_contains_paywalled_content":false,"_jetpack_memberships_contains_paid_content":false,"footnotes":""},"categories":[7],"tags":[8086,8101],"class_list":["post-8205","post","type-post","status-publish","format-standard","hentry","category-comunicacao","tag-sonhos","tag-sonyah-moreira"],"aioseo_notices":[],"views":0,"jetpack_featured_media_url":"","jetpack_sharing_enabled":true,"jetpack_likes_enabled":true,"jetpack-related-posts":[{"id":18375,"url":"http:\/\/jornalrol.com.br\/?p=18375","url_meta":{"origin":8205,"position":0},"title":"S\u00f4nyah Moreira: &#039;O futuro chegou!&#039;","author":"Sergio Diniz da Costa","date":"16 de maio de 2018","format":false,"excerpt":"\"Num determinado momento da celebra\u00e7\u00e3o, olhei para o pedestal onde foi colocada uma imagem bel\u00edssima de Maria, denominada Nossa Senhora de F\u00e1tima, no alto de sua majestosa imagem, um drone teleguiado filmava a manifesta\u00e7\u00e3o religiosa.\" \u00a0 Um dia desses, estava em uma manifesta\u00e7\u00e3o de determinada religi\u00e3o da qual fa\u00e7o parte,\u2026","rel":"","context":"Em &quot;Comunica\u00e7\u00e3o&quot;","block_context":{"text":"Comunica\u00e7\u00e3o","link":"http:\/\/jornalrol.com.br\/?cat=7"},"img":{"alt_text":"","src":"https:\/\/i0.wp.com\/www.jornalrol.com.br\/wp-content\/uploads\/2018\/05\/20171005_144421-300x225-1-2-300x225.jpg?resize=350%2C200","width":350,"height":200},"classes":[]},{"id":19004,"url":"http:\/\/jornalrol.com.br\/?p=19004","url_meta":{"origin":8205,"position":1},"title":"S\u00f4nyah Moreira: &#039;O tempo e o vento&#039;","author":"Sergio Diniz da Costa","date":"11 de junho de 2018","format":false,"excerpt":"\u00a0\"O vento, \u00e0s vezes, nos traz perfumes do passado, algumas lembran\u00e7as saborosas, outras vezes dolorosas, sonhos esquecidos, projetos inacabados de um tempo de ingenuidade e inoc\u00eancia.\" \u00a0 O tempo passa sem perceber, o vento batendo em nossas faces, faz branquear as madeixas, os sulcos na pele adquiridos ao longo da\u2026","rel":"","context":"Em &quot;Comunica\u00e7\u00e3o&quot;","block_context":{"text":"Comunica\u00e7\u00e3o","link":"http:\/\/jornalrol.com.br\/?cat=7"},"img":{"alt_text":"","src":"https:\/\/i0.wp.com\/www.jornalrol.com.br\/wp-content\/uploads\/2018\/06\/20171005_144421-300x225-1-2-300x225.jpg?resize=350%2C200","width":350,"height":200},"classes":[]},{"id":17903,"url":"http:\/\/jornalrol.com.br\/?p=17903","url_meta":{"origin":8205,"position":2},"title":"S\u00f4nyah Moreira: &#039;Acredite!&#039;","author":"Sergio Diniz da Costa","date":"30 de abril de 2018","format":false,"excerpt":"\"Acreditar em pr\u00edncipes e princesas, amores imposs\u00edveis e eternos, isso te faz ser diferente; pensar que no mundo da fantasia existem gnomos e fadas, faz de voc\u00ea um sonhador!\" \u00a0 Outro dia algu\u00e9m me disse que eu sou uma sonhadora, ing\u00eanua, que creio em conto de fadas, Papai Noel, coelhinho\u2026","rel":"","context":"Em &quot;Comunica\u00e7\u00e3o&quot;","block_context":{"text":"Comunica\u00e7\u00e3o","link":"http:\/\/jornalrol.com.br\/?cat=7"},"img":{"alt_text":"","src":"https:\/\/i0.wp.com\/www.jornalrol.com.br\/wp-content\/uploads\/2018\/04\/20171005_144421-300x225-1-2-1-300x225.jpg?resize=350%2C200","width":350,"height":200},"classes":[]},{"id":19936,"url":"http:\/\/jornalrol.com.br\/?p=19936","url_meta":{"origin":8205,"position":3},"title":"S\u00f4nyah Moreira: &#039;Um dia voltaremos?&#039;","author":"Sergio Diniz da Costa","date":"26 de julho de 2018","format":false,"excerpt":"\"Quem dera pud\u00e9ssemos apreciar nossas vidas passadas, corrigir as falhas, desviar dos obst\u00e1culos, ou, pelo menos,\u00a0 saber qual decis\u00e3o seria melhor.\" \u00a0 Ser\u00e1 que um dia voltaremos ao nosso lugar de origem? \u00a0E onde ser\u00e1 esse t\u00e3o sonhado e esperado lugar? Qual ser\u00e1 a nossa verdadeira origem? Ser\u00e1 que poderemos\u2026","rel":"","context":"Em &quot;Comunica\u00e7\u00e3o&quot;","block_context":{"text":"Comunica\u00e7\u00e3o","link":"http:\/\/jornalrol.com.br\/?cat=7"},"img":{"alt_text":"","src":"https:\/\/i0.wp.com\/www.jornalrol.com.br\/wp-content\/uploads\/2018\/07\/2780d24ecb02db38897187300c22885a-3-225x300.jpg?resize=350%2C200","width":350,"height":200},"classes":[]},{"id":14054,"url":"http:\/\/jornalrol.com.br\/?p=14054","url_meta":{"origin":8205,"position":4},"title":"Portugal visto sob as imagens e os textos da colunista S\u00f4nyah Moreira: Monumento aos Descobrimentos  e Torre de Bel\u00e9m","author":"Sergio Diniz da Costa","date":"24 de outubro de 2017","format":false,"excerpt":"Portugal visto sob as imagens e os textos da colunista S\u00f4nyah Moreira: Monumento aos Descobrimentos e Torre de Bel\u00e9m \u00a0 Viajar para Portugal e n\u00e3o visitar a Torre de Bel\u00e9m pode ser considerado uma heresia!\u00a0Esta magn\u00edfica obra de arte fica ao lado do monumento ao descobrimento, localizada ao lado direito\u2026","rel":"","context":"Em &quot;Comunica\u00e7\u00e3o&quot;","block_context":{"text":"Comunica\u00e7\u00e3o","link":"http:\/\/jornalrol.com.br\/?cat=7"},"img":{"alt_text":"","src":"https:\/\/i0.wp.com\/www.jornalrol.com.br\/wp-content\/uploads\/2017\/10\/20171005_144421-300x225.jpg?resize=350%2C200","width":350,"height":200},"classes":[]},{"id":11243,"url":"http:\/\/jornalrol.com.br\/?p=11243","url_meta":{"origin":8205,"position":5},"title":"S\u00f4nyah Moreira: &#039;Sonhos de um mundo invis\u00edvel&#039;","author":"Sergio Diniz da Costa","date":"23 de junho de 2017","format":false,"excerpt":"S\u00f4nyah Moreira: 'Sonhos de um mundo invis\u00edvel' \u00a0 Nesse sonho vejo um mundo prestes a ser destru\u00eddo por armas poderosas com capacidade \u00a0para aniquilar a humanidade,\u00a0 criadas por intelig\u00eancias acima da m\u00e9dia, inspira\u00e7\u00f5es\u00a0 vindas n\u00e3o se sabe l\u00e1 de onde! \u00a0Com certeza s\u00e3o inspira\u00e7\u00f5es, por\u00e9m, \u00a0demon\u00edacas! As\u00a0 \u00a0moradas celestes s\u00e3o\u2026","rel":"","context":"Em &quot;Comunica\u00e7\u00e3o&quot;","block_context":{"text":"Comunica\u00e7\u00e3o","link":"http:\/\/jornalrol.com.br\/?cat=7"},"img":{"alt_text":"","src":"https:\/\/i0.wp.com\/www.jornalrol.com.br\/wp-content\/uploads\/2017\/01\/foto-1001-001.jpg?resize=350%2C200","width":350,"height":200},"classes":[]}],"_links":{"self":[{"href":"http:\/\/jornalrol.com.br\/index.php?rest_route=\/wp\/v2\/posts\/8205","targetHints":{"allow":["GET"]}}],"collection":[{"href":"http:\/\/jornalrol.com.br\/index.php?rest_route=\/wp\/v2\/posts"}],"about":[{"href":"http:\/\/jornalrol.com.br\/index.php?rest_route=\/wp\/v2\/types\/post"}],"author":[{"embeddable":true,"href":"http:\/\/jornalrol.com.br\/index.php?rest_route=\/wp\/v2\/users\/3"}],"replies":[{"embeddable":true,"href":"http:\/\/jornalrol.com.br\/index.php?rest_route=%2Fwp%2Fv2%2Fcomments&post=8205"}],"version-history":[{"count":0,"href":"http:\/\/jornalrol.com.br\/index.php?rest_route=\/wp\/v2\/posts\/8205\/revisions"}],"wp:attachment":[{"href":"http:\/\/jornalrol.com.br\/index.php?rest_route=%2Fwp%2Fv2%2Fmedia&parent=8205"}],"wp:term":[{"taxonomy":"category","embeddable":true,"href":"http:\/\/jornalrol.com.br\/index.php?rest_route=%2Fwp%2Fv2%2Fcategories&post=8205"},{"taxonomy":"post_tag","embeddable":true,"href":"http:\/\/jornalrol.com.br\/index.php?rest_route=%2Fwp%2Fv2%2Ftags&post=8205"}],"curies":[{"name":"wp","href":"https:\/\/api.w.org\/{rel}","templated":true}]}}