{"id":8207,"date":"2017-02-14T11:49:41","date_gmt":"2017-02-14T13:49:41","guid":{"rendered":"http:\/\/www.jornalrol.com.br\/?p=8207"},"modified":"2017-02-14T11:49:41","modified_gmt":"2017-02-14T13:49:41","slug":"jose-coutinho-de-oliveira-inovacao-catequetica","status":"publish","type":"post","link":"http:\/\/jornalrol.com.br\/?p=8207","title":{"rendered":"Jos\u00e9 Coutinho de Oliveira: &#039;Inova\u00e7\u00e3o catequ\u00e9tica&#039;"},"content":{"rendered":"<div class=\"pdfprnt-buttons pdfprnt-buttons-post pdfprnt-top-right\"><a href=\"http:\/\/jornalrol.com.br\/index.php?rest_route=%2Fwp%2Fv2%2Fposts%2F8207&print=pdf\" class=\"pdfprnt-button pdfprnt-button-pdf\" target=\"_blank\" ><\/a><a href=\"http:\/\/jornalrol.com.br\/index.php?rest_route=%2Fwp%2Fv2%2Fposts%2F8207&print=print\" class=\"pdfprnt-button pdfprnt-button-print\" target=\"_blank\" ><img decoding=\"async\" src=\"https:\/\/jornalrol.com.br\/wp-content\/plugins\/pdf-print\/images\/print.png\" alt=\"image_print\" title=\"Conte\u00fado de impress\u00e3o\" \/><\/a><\/div><div class=\"nH\">\n<div class=\"nH\">\n<div class=\"ha\">\n<h2 class=\"hP\" style=\"text-align: center;\" tabindex=\"-1\"><a href=\"http:\/\/www.jornalrol.com.br\/jose-coutinho-de-oliveira-momento-monarquico-xi-bis\/jose-coutinho-de-oliveira\/\" rel=\"attachment wp-att-7717\"><img loading=\"lazy\" decoding=\"async\" class=\"aligncenter size-medium wp-image-7717\" src=\"http:\/\/www.jornalrol.com.br\/wp-content\/uploads\/2017\/01\/jose-coutinho-de-oliveira-202x300.jpg\" alt=\"\" width=\"202\" height=\"300\" \/><\/a><\/h2>\n<h2 id=\":1jv\" class=\"hP\" style=\"text-align: center;\" tabindex=\"-1\">Jos\u00e9 Coutinho de Oliveira: &#8216;Inova\u00e7\u00e3o catequ\u00e9tica&#8217;<\/h2>\n<\/div>\n<\/div>\n<\/div>\n<p><!--more--><\/p>\n<div class=\"nH aHU\">\n<div class=\"nH hx\">\n<div class=\"nH\"><\/div>\n<div class=\"nH\">\n<div class=\"h7  ie nH oy8Mbf\" tabindex=\"-1\">\n<div class=\"Bk\">\n<div class=\"G3 G2\">\n<div id=\":1lo\">\n<div class=\"adn ads\">\n<div class=\"gs\">\n<div id=\":1ly\" tabindex=\"-1\"><\/div>\n<div id=\":1lq\" class=\"ii gt adP adO\">\n<div id=\":1lp\" class=\"a3s aXjCH m15a3c712a04dfaec\">\n<div dir=\"ltr\">\u00a0 \u00a0 \u00a0 Nossa gnose traz mais uma outra grande novidade: m\u00e9todo audio-oral ou \u00e1grafo que pode ser aplicado no ensino de qualquer l\u00edngua e principalmente na 1a. comunh\u00e3o e no catecumenato, ambos para iletrados. Nesse m\u00e9todo nem se l\u00ea nem se escreve, s\u00f3 audi\u00e7\u00e3o e repeti\u00e7\u00e3o. DVDs \u00e1grafos podem ser utilizados para enriquecer as aulas. \u00c9 de grande alcance transcendental, hol\u00edstico e teleol\u00f3gico pois cr\u00ea poder causar um grande impacto naquela popula\u00e7\u00e3o iletrada que quer se batizar sem mais demora. Aqueles que como se diz, aceitaram o Kerigma, de kerix, mensageiro, querem se batizar mas ainda est\u00e3o sem tempo ou sem meios para se alfabetizarem. Nasceu esse m\u00e9todo da cr\u00edtica que Arist\u00f3teles fez ao mais famoso paradoxo socr\u00e1tico, ou seja, aquele que isenta por extens\u00e3o o iletrado de culpabilidade. Segundo Arist\u00f3teles ent\u00e3o a intui\u00e7\u00e3o do mal \u00e9 inata ou infusa nos homens; Arist\u00f3teles defende assim o livre arb\u00edtrio, ou seja, de que \u00e9 sempre n\u00f3s mesmos que decidimos antecipadamente tudo o que fazemos, no caso, o bem ou o mal, objeto daquele famoso paradoxo. Quem nos fala de mais essa inova\u00e7\u00e3o aristot\u00e9lica \u00e9 Jacques Maritain, fil\u00f3sofo neotomista no seu livro &#8220;Elementos de Filosofia&#8221; Livraria Agira, 1956, pg. 53. No ensino de qualquer l\u00edngua pode ser adotado \u00e0queles que est\u00e3o interessados no aprendizado s\u00f3 da modalidade falada da referida l\u00edngua. O catecumenato, para finalizar, \u00e9 bom que se diga, \u00e9 a catequese preparat\u00f3ria ao batismo dos crist\u00e3os que j\u00e1 atingiram a idade da raz\u00e3o, a partir, portanto, dos 7 anos.<\/p>\n<div><\/div>\n<div><strong>Jos\u00e9 Coutinho de Oliveira<\/strong><\/div>\n<\/div>\n<\/div>\n<\/div>\n<\/div>\n<\/div>\n<\/div>\n<\/div>\n<\/div>\n<\/div>\n<\/div>\n<\/div>\n<\/div>\n","protected":false},"excerpt":{"rendered":"<p>Jos\u00e9 Coutinho de Oliveira: &#8216;Inova\u00e7\u00e3o catequ\u00e9tica&#8217;<\/p>\n","protected":false},"author":3,"featured_media":0,"comment_status":"closed","ping_status":"closed","sticky":false,"template":"","format":"standard","meta":{"_jetpack_newsletter_access":"","_jetpack_dont_email_post_to_subs":false,"_jetpack_newsletter_tier_id":0,"_jetpack_memberships_contains_paywalled_content":false,"_jetpack_memberships_contains_paid_content":false,"footnotes":""},"categories":[7],"tags":[4870],"class_list":["post-8207","post","type-post","status-publish","format-standard","hentry","category-comunicacao","tag-jose-coutinho-de-oliveira"],"aioseo_notices":[],"views":0,"jetpack_featured_media_url":"","jetpack_sharing_enabled":true,"jetpack_likes_enabled":true,"jetpack-related-posts":[{"id":9012,"url":"http:\/\/jornalrol.com.br\/?p=9012","url_meta":{"origin":8207,"position":0},"title":"Jos\u00e9 Coutinho de Oliveira: &#039;Inova\u00e7\u00e3o catequ\u00e9tica II&#039;","author":"Helio Rubens","date":"27 de mar\u00e7o de 2017","format":false,"excerpt":"Jos\u00e9 Coutinho de Oliveira: 'Inova\u00e7\u00e3o catequ\u00e9tica II' \u00a0 \u00a0 Pretendemos hoje continuar e reformular a minha tese defendida no artigo \"Inova\u00e7\u00e3o catequ\u00e9tica\" publicado na edi\u00e7\u00e3o do dia 4 pp desse jornal. Pois bem dissemos naquele artigo que depois de meditar sobre a cr\u00edtica de Arist\u00f3teles ao paradoxo socr\u00e1tico chegamos a\u2026","rel":"","context":"Em &quot;Comunica\u00e7\u00e3o&quot;","block_context":{"text":"Comunica\u00e7\u00e3o","link":"http:\/\/jornalrol.com.br\/?cat=7"},"img":{"alt_text":"","src":"https:\/\/i0.wp.com\/www.jornalrol.com.br\/wp-content\/uploads\/2016\/09\/foto-Jos%C3%A9-Coutinho-202x300.jpg?resize=350%2C200","width":350,"height":200},"classes":[]},{"id":9298,"url":"http:\/\/jornalrol.com.br\/?p=9298","url_meta":{"origin":8207,"position":1},"title":"Jos\u00e9 Coutinho de Oliveira: &#039;Inova\u00e7\u00e3o catequ\u00e9tica III&#039;","author":"Helio Rubens","date":"8 de abril de 2017","format":false,"excerpt":"\u00a0Jos\u00e9 Coutinho de Oliveira: 'Inova\u00e7\u00e3o catequ\u00e9tica III' \u00a0 Pretendemos continuar e concluir o assunto dessa s\u00e9rie publicado inicialmente no dia 4 de mar\u00e7o pp e continuado na edi\u00e7\u00e3o do dia 1\u00ba pp no jornal Expresso de Apia\u00ed. Pois bem, na edi\u00e7\u00e3o do dia 1\u00ba dissemos que o verdadeiro nome do\u2026","rel":"","context":"Em &quot;Comunica\u00e7\u00e3o&quot;","block_context":{"text":"Comunica\u00e7\u00e3o","link":"http:\/\/jornalrol.com.br\/?cat=7"},"img":{"alt_text":"","src":"https:\/\/i0.wp.com\/www.jornalrol.com.br\/wp-content\/uploads\/2016\/09\/foto-Jos%C3%A9-Coutinho-202x300.jpg?resize=350%2C200","width":350,"height":200},"classes":[]},{"id":18064,"url":"http:\/\/jornalrol.com.br\/?p=18064","url_meta":{"origin":8207,"position":2},"title":"Jos\u00e9 Coutinho de Oliveira : &#039;Extremismos&#039;","author":"Helio Rubens","date":"6 de maio de 2018","format":false,"excerpt":"Jos\u00e9 Coutinho de Oliveira : 'Extremismos' \u00a0\u00a0\u00a0\u00a0\u00a0 O que tem acontecido ami\u00fade na hist\u00f3ria da humanidade \u00e9 que para se combater um sistema que n\u00e3o est\u00e1 dando certo o que se faz \u00e9 substitu\u00ed-lo por outro diametralmente oposto. Ocorre nessa pr\u00e1tica o desprezo de poss\u00edveis virtudes do sistema criticado. Dito\u2026","rel":"","context":"Em &quot;Comunica\u00e7\u00e3o&quot;","block_context":{"text":"Comunica\u00e7\u00e3o","link":"http:\/\/jornalrol.com.br\/?cat=7"},"img":{"alt_text":"","src":"https:\/\/i0.wp.com\/www.jornalrol.com.br\/wp-content\/uploads\/2017\/09\/Coutinho-218x300.jpg?resize=350%2C200","width":350,"height":200},"classes":[]},{"id":8821,"url":"http:\/\/jornalrol.com.br\/?p=8821","url_meta":{"origin":8207,"position":3},"title":"Jos\u00e9 Coutinho de Oliveira: &#039;Inova\u00e7\u00e3o pedag\u00f3gica II&#039;","author":"Helio Rubens","date":"19 de mar\u00e7o de 2017","format":false,"excerpt":"Jos\u00e9 Coutinho de Oliveira: 'Inova\u00e7\u00e3o pedag\u00f3gica II' \u00a0\u00a0\u00a0\u00a0\u00a0 Saiu publicado no dia 25 de fevereiro pp no jornal Expresso de Apia\u00ed \" Inova\u00e7\u00e3o pedag\u00f3gica\", pois bem, hoje gostar\u00edamos de falar dos desdobramentos da aplica\u00e7\u00e3o, portanto, do tal m\u00e9todo ultradin\u00e2mico semiaberto. O que percebemos \u00e9 que se a frequ\u00eancia fosse mesmo\u2026","rel":"","context":"Em &quot;Comunica\u00e7\u00e3o&quot;","block_context":{"text":"Comunica\u00e7\u00e3o","link":"http:\/\/jornalrol.com.br\/?cat=7"},"img":{"alt_text":"","src":"https:\/\/i0.wp.com\/www.jornalrol.com.br\/wp-content\/uploads\/2016\/09\/foto-Jos%C3%A9-Coutinho-202x300.jpg?resize=350%2C200","width":350,"height":200},"classes":[]},{"id":8100,"url":"http:\/\/jornalrol.com.br\/?p=8100","url_meta":{"origin":8207,"position":4},"title":"Jos\u00e9 Coutinho de Oliveira: &#039;Inova\u00e7\u00e3o pedag\u00f3gica&#039;","author":"Helio Rubens","date":"10 de fevereiro de 2017","format":false,"excerpt":"Jos\u00e9 Coutinho de Oliveira: 'Inova\u00e7\u00e3o pedag\u00f3gica' Como muitos sabem eu tamb\u00e9m acredito que a liberta\u00e7\u00e3o pode ser antecipada atrav\u00e9s de atalhos. Aprendi dessa possibilidade com o budismo quando eles falam dos oito atalhos, atalhos para se chegar ao nirvana, cessa\u00e7\u00e3o das reencarna\u00e7\u00f5es. Pois bem acredito que o m\u00e9todo ultradin\u00e2mico semiaberto\u2026","rel":"","context":"Em &quot;Comunica\u00e7\u00e3o&quot;","block_context":{"text":"Comunica\u00e7\u00e3o","link":"http:\/\/jornalrol.com.br\/?cat=7"},"img":{"alt_text":"","src":"","width":0,"height":0},"classes":[]},{"id":14193,"url":"http:\/\/jornalrol.com.br\/?p=14193","url_meta":{"origin":8207,"position":5},"title":"Jos\u00e9 Coutinho de Oliveira: &#039;&#039;Inova\u00e7\u00e3o politica&#039;","author":"Helio Rubens","date":"28 de outubro de 2017","format":false,"excerpt":"Jos\u00e9 Coutinho de Oliveira: ''Inova\u00e7\u00e3o politica' \u00a0\u00a0 Quem anda meio desanimado por falta de alternativa, eis que surge no cen\u00e1rio Hilaire Belloc, ( 27\/7\/1870 - 16\/7\/1953), historiador franc\u00eas dos arredores de Paris, posteriormente naturalizado brit\u00e2nico onde foi deputado sob a bandeira do Partido Liberal. Diz-se que em seu livro \"\u2026","rel":"","context":"Em &quot;Comunica\u00e7\u00e3o&quot;","block_context":{"text":"Comunica\u00e7\u00e3o","link":"http:\/\/jornalrol.com.br\/?cat=7"},"img":{"alt_text":"","src":"https:\/\/i0.wp.com\/www.jornalrol.com.br\/wp-content\/uploads\/2017\/09\/Coutinho-218x300.jpg?resize=350%2C200","width":350,"height":200},"classes":[]}],"_links":{"self":[{"href":"http:\/\/jornalrol.com.br\/index.php?rest_route=\/wp\/v2\/posts\/8207","targetHints":{"allow":["GET"]}}],"collection":[{"href":"http:\/\/jornalrol.com.br\/index.php?rest_route=\/wp\/v2\/posts"}],"about":[{"href":"http:\/\/jornalrol.com.br\/index.php?rest_route=\/wp\/v2\/types\/post"}],"author":[{"embeddable":true,"href":"http:\/\/jornalrol.com.br\/index.php?rest_route=\/wp\/v2\/users\/3"}],"replies":[{"embeddable":true,"href":"http:\/\/jornalrol.com.br\/index.php?rest_route=%2Fwp%2Fv2%2Fcomments&post=8207"}],"version-history":[{"count":0,"href":"http:\/\/jornalrol.com.br\/index.php?rest_route=\/wp\/v2\/posts\/8207\/revisions"}],"wp:attachment":[{"href":"http:\/\/jornalrol.com.br\/index.php?rest_route=%2Fwp%2Fv2%2Fmedia&parent=8207"}],"wp:term":[{"taxonomy":"category","embeddable":true,"href":"http:\/\/jornalrol.com.br\/index.php?rest_route=%2Fwp%2Fv2%2Fcategories&post=8207"},{"taxonomy":"post_tag","embeddable":true,"href":"http:\/\/jornalrol.com.br\/index.php?rest_route=%2Fwp%2Fv2%2Ftags&post=8207"}],"curies":[{"name":"wp","href":"https:\/\/api.w.org\/{rel}","templated":true}]}}