{"id":8209,"date":"2017-02-14T12:13:03","date_gmt":"2017-02-14T14:13:03","guid":{"rendered":"http:\/\/www.jornalrol.com.br\/?p=8209"},"modified":"2017-02-14T12:13:03","modified_gmt":"2017-02-14T14:13:03","slug":"carreira-sexo-influencia-na-escolha-do-curso-universitario","status":"publish","type":"post","link":"http:\/\/jornalrol.com.br\/?p=8209","title":{"rendered":"Carreira: Sexo influencia na escolha do curso universit\u00e1rio"},"content":{"rendered":"<div class=\"pdfprnt-buttons pdfprnt-buttons-post pdfprnt-top-right\"><a href=\"http:\/\/jornalrol.com.br\/index.php?rest_route=%2Fwp%2Fv2%2Fposts%2F8209&print=pdf\" class=\"pdfprnt-button pdfprnt-button-pdf\" target=\"_blank\" ><\/a><a href=\"http:\/\/jornalrol.com.br\/index.php?rest_route=%2Fwp%2Fv2%2Fposts%2F8209&print=print\" class=\"pdfprnt-button pdfprnt-button-print\" target=\"_blank\" ><img decoding=\"async\" src=\"https:\/\/jornalrol.com.br\/wp-content\/plugins\/pdf-print\/images\/print.png\" alt=\"image_print\" title=\"Conte\u00fado de impress\u00e3o\" \/><\/a><\/div><h2><strong>An\u00e1lise in\u00e9dita do Guia da Carreira mostra que homens t\u00eam predile\u00e7\u00e3o por Exatas, enquanto mulheres focam em \u00e1reas como Educa\u00e7\u00e3o e Sa\u00fade<\/strong><\/h2>\n<p><!--more--><\/p>\n<p>&nbsp;<\/p>\n<p><img loading=\"lazy\" decoding=\"async\" class=\"CToWUd a6T aligncenter\" tabindex=\"0\" src=\"https:\/\/ci5.googleusercontent.com\/proxy\/5k0jYKULUiwaekXQJoSkgtsIbAm-2JwPg5I72xH_PLrapvU2vozNpEoeyj-Ixy7ZvJr1f5leS72Fr44DmN9uoDiwV2TuRVnRs3CMtYAk8MiL14OBiWLaHaojAgWP=s0-d-e1-ft#http:\/\/files.workr.com.br\/ViewImage.aspx?image=AkH8j0ucYK+2\/yrbnSJ+iQ==\" alt=\"guia de carreira\" width=\"500\" height=\"1545\" \/><\/p>\n<table style=\"height: 1079px;\" border=\"0\" width=\"852\" cellspacing=\"0\" cellpadding=\"0\" align=\"center\">\n<tbody>\n<tr>\n<td>\n<div>Prestes a escolher uma carreira, uma nova gera\u00e7\u00e3o se v\u00ea diante de um velho desafio: superar o senso comum que dita determinadas profiss\u00f5es como femininas ou masculinas. Segundo an\u00e1lise feita pelo Guia da Carreira (<a href=\"http:\/\/www.guiadacarreira.com.br\/\" target=\"_blank\" data-saferedirecturl=\"https:\/\/www.google.com\/url?hl=pt-BR&amp;q=http:\/\/www.guiadacarreira.com.br&amp;source=gmail&amp;ust=1487163481526000&amp;usg=AFQjCNET1PkUygJLeEfzMdp8W9cA124NwA\">www.guiadacarreira.com.br<\/a>) a partir dos dados do Censo da Educa\u00e7\u00e3o Superior 2015 (publicado pelo Inep no fim do ano), as mulheres ainda se decidem por cursos de Ci\u00eancias Humanas e ligados ao cuidado com o pr\u00f3ximo, enquanto homens preferem Exatas e Tecnologia.<\/div>\n<div><\/div>\n<div>Entre os 10 cursos universit\u00e1rios com mais matr\u00edculas de mulheres est\u00e3o Pedagogia, Enfermagem, Servi\u00e7o Social e Arquitetura. Os homens, por sua vez, dominam as mais variadas engenharias. J\u00e1 as gradua\u00e7\u00f5es de Direito, Administra\u00e7\u00e3o e Ci\u00eancias Cont\u00e1beis apresentam um maior equil\u00edbrio entre os dois sexos.<\/div>\n<div><\/div>\n<div>Para Fernanda Lapidus Hecht, gerente respons\u00e1vel pelo <a href=\"http:\/\/www.guiadacarreira.com.br\/\" target=\"_blank\" data-saferedirecturl=\"https:\/\/www.google.com\/url?hl=pt-BR&amp;q=http:\/\/www.guiadacarreira.com.br&amp;source=gmail&amp;ust=1487163481526000&amp;usg=AFQjCNET1PkUygJLeEfzMdp8W9cA124NwA\">Guia da Carreira<\/a>, v\u00e1rios fatores podem causar essa despropor\u00e7\u00e3o de g\u00eanero: &#8220;A forma\u00e7\u00e3o do indiv\u00edduo na sociedade certamente interfere na escolha profissional, pois \u00e9 comum que, na inf\u00e2ncia, as meninas sejam incentivadas a brincar de boneca enquanto os meninos s\u00e3o expostos a blocos de montar. Isso pode gerar, posteriormente, uma identifica\u00e7\u00e3o com determinadas atividades\u201d.<\/div>\n<div><\/div>\n<div>\u201cO cen\u00e1rio pode ainda ocultar o receio de discrimina\u00e7\u00e3o por parte de colegas, professores e mercado de trabalho\u201d, argumenta ela. \u201cComo resultado, essas carreiras com participa\u00e7\u00e3o majorit\u00e1ria feminina ou masculina perdem com a falta de diversidade e de representatividade&#8221;, conclui Fernanda. Ela menciona o programa \u201cFaculty for the Future\u201d, da Schlumberger Foundation, como um dos exemplos de incentivo \u00e0 equipara\u00e7\u00e3o de g\u00eanero e ao combate ao sexismo que ocorre l\u00e1 fora. A iniciativa distribui bolsas de estudo para mulheres formadas em cursos de Ci\u00eancias Exatas.<\/div>\n<div><\/div>\n<div>Outra consequ\u00eancia do paradigma descrito por Fernanda \u00e9 a concentra\u00e7\u00e3o das universit\u00e1rias em poucas carreiras. Foram mais de 608 mil inscritas no curso mais procurado, Pedagogia, enquanto cerca de 381 mil homens ingressaram na gradua\u00e7\u00e3o preferida deles, Direito.<\/div>\n<div><\/div>\n<div>Ao todo, mais de oito milh\u00f5es de pessoas entraram em cursos superiores em 2015. Desse total, 4,5 milh\u00f5es foram do sexo feminino, o equivalente a 57,1% do total, contra os 51,6% de participa\u00e7\u00e3o que elas t\u00eam na popula\u00e7\u00e3o brasileira, segundo dados do Pnad 2015.<\/div>\n<\/td>\n<\/tr>\n<tr>\n<td>\n<div><strong>Sobre o Guia da Carreira<\/strong><br \/>\nCom mais de 5 milh\u00f5es de acessos mensais, o portal Guia da Carreira \u00e9 refer\u00eancia em temas ligados a carreira e profiss\u00f5es, al\u00e9m de ter o teste vocacional mais acessado do pa\u00eds. Pertence \u00e0 multinacional americana QuinStreet, l\u00edder em Marketing Digital de Performance e capta\u00e7\u00e3o de leads. <a href=\"http:\/\/www.guiadacarreira.com.br\/\" target=\"_blank\" data-saferedirecturl=\"https:\/\/www.google.com\/url?hl=pt-BR&amp;q=http:\/\/www.guiadacarreira.com.br&amp;source=gmail&amp;ust=1487163481526000&amp;usg=AFQjCNET1PkUygJLeEfzMdp8W9cA124NwA\">www.guiadacarreira.com.br<\/a>.<\/div>\n<\/td>\n<\/tr>\n<\/tbody>\n<\/table>\n","protected":false},"excerpt":{"rendered":"<p>An\u00e1lise in\u00e9dita do Guia da Carreira mostra que homens t\u00eam predile\u00e7\u00e3o por Exatas, enquanto mulheres focam em \u00e1reas como Educa\u00e7\u00e3o e Sa\u00fade<\/p>\n","protected":false},"author":3,"featured_media":0,"comment_status":"closed","ping_status":"closed","sticky":false,"template":"","format":"standard","meta":{"_jetpack_newsletter_access":"","_jetpack_dont_email_post_to_subs":false,"_jetpack_newsletter_tier_id":0,"_jetpack_memberships_contains_paywalled_content":false,"_jetpack_memberships_contains_paid_content":false,"footnotes":""},"categories":[7],"tags":[3288,4309],"class_list":["post-8209","post","type-post","status-publish","format-standard","hentry","category-comunicacao","tag-ensino-superior","tag-guia-da-carreira"],"aioseo_notices":[],"views":0,"jetpack_featured_media_url":"","jetpack_sharing_enabled":true,"jetpack_likes_enabled":true,"jetpack-related-posts":[{"id":5153,"url":"http:\/\/jornalrol.com.br\/?p=5153","url_meta":{"origin":8209,"position":0},"title":"Centro Paula Souza lan\u00e7a Guia das Profiss\u00f5es Tecnol\u00f3gicas","author":"Helio Rubens","date":"3 de junho de 2016","format":false,"excerpt":"Publica\u00e7\u00e3o online\u00a0apresenta os 72 cursos superiores de tecnologia oferecidos\u00a0pelas Fatecs e as possibilidades profissionais de cada carreira Nesta sexta-feira, 3, o Centro Paula Souza lan\u00e7a o Guia das Profiss\u00f5es Tecnol\u00f3gicas, que apresenta os cursos oferecidos pelas Faculdades de Tecnologia do Estado (Fatecs). A publica\u00e7\u00e3o explica cada uma das 72 gradua\u00e7\u00f5es\u2026","rel":"","context":"Em &quot;Comunica\u00e7\u00e3o&quot;","block_context":{"text":"Comunica\u00e7\u00e3o","link":"http:\/\/jornalrol.com.br\/?cat=7"},"img":{"alt_text":"","src":"https:\/\/ci5.googleusercontent.com\/proxy\/FL9YMmx-FrLf7t4CWHlwM3HQjKPOnQm2Tp2TG84s162iROuEdYbopi5pVwV7Seygl0T12D7KybCnadUSbvz5lOuQzKfYsoOnsXKqy16Bs_9KBTf3P0Vmvpjfw0fU=s0-d-e1-ft#http:\/\/files.workr.com.br\/ViewImage.aspx?image=emsTIPErQXHKmGLUEHy+Gg==","width":350,"height":200,"srcset":"https:\/\/ci5.googleusercontent.com\/proxy\/FL9YMmx-FrLf7t4CWHlwM3HQjKPOnQm2Tp2TG84s162iROuEdYbopi5pVwV7Seygl0T12D7KybCnadUSbvz5lOuQzKfYsoOnsXKqy16Bs_9KBTf3P0Vmvpjfw0fU=s0-d-e1-ft#http:\/\/files.workr.com.br\/ViewImage.aspx?image=emsTIPErQXHKmGLUEHy+Gg== 1x, https:\/\/ci5.googleusercontent.com\/proxy\/FL9YMmx-FrLf7t4CWHlwM3HQjKPOnQm2Tp2TG84s162iROuEdYbopi5pVwV7Seygl0T12D7KybCnadUSbvz5lOuQzKfYsoOnsXKqy16Bs_9KBTf3P0Vmvpjfw0fU=s0-d-e1-ft#http:\/\/files.workr.com.br\/ViewImage.aspx?image=emsTIPErQXHKmGLUEHy+Gg== 1.5x"},"classes":[]},{"id":12797,"url":"http:\/\/jornalrol.com.br\/?p=12797","url_meta":{"origin":8209,"position":1},"title":"O brasileiro Gui Pereira se destaca no g\u00eanero faroeste  em carreira internacional!","author":"Sergio Diniz da Costa","date":"5 de setembro de 2017","format":false,"excerpt":"Diretor, produtor e roteirista brasileiro possui trabalhos de destaques em festivais dos EUA, al\u00e9m de engatar dire\u00e7\u00e3o de videoclipes de sucesso \u00a0 \u00a0Gui Pereira, dirigindo Divulga\u00e7\u00e3o\u00a0 \u00a0 Gui Pereira nasceu no Brasil, onde o g\u00eanero sertanejo tem uma grande for\u00e7a na m\u00fasica e na hist\u00f3ria em geral. Mas o diretor,\u2026","rel":"","context":"Em &quot;Comunica\u00e7\u00e3o&quot;","block_context":{"text":"Comunica\u00e7\u00e3o","link":"http:\/\/jornalrol.com.br\/?cat=7"},"img":{"alt_text":"","src":"https:\/\/i0.wp.com\/www.jornalrol.com.br\/wp-content\/uploads\/2017\/09\/imagem_release_1056416-200x300.jpg?resize=350%2C200","width":350,"height":200},"classes":[]},{"id":3330,"url":"http:\/\/jornalrol.com.br\/?p=3330","url_meta":{"origin":8209,"position":2},"title":"250 estudantes e rec\u00e9m-formados ser\u00e3o escolhidos para participar da Ene Jur\u00eddico. As inscri\u00e7\u00f5es v\u00e3o at\u00e9 27 de setembro","author":"Helio Rubens","date":"23 de setembro de 2015","format":false,"excerpt":"Ambev, BTG Pactual e escrit\u00f3rios de advocacia recrutam talentos na 1\u00aa Confer\u00eancia de Carreira em Direito da Funda\u00e7\u00e3o Estudar \u00a0 O Na Pr\u00e1tica, portal de carreira da Funda\u00e7\u00e3o Estudar, far\u00e1 a primeira confer\u00eancia de carreiras direcionada para a \u00e1rea de Direito. O evento, chamado \u201cEne Jur\u00eddico\u201d, acontecer\u00e1 no dia 26\u2026","rel":"","context":"Em &quot;Comunica\u00e7\u00e3o&quot;","block_context":{"text":"Comunica\u00e7\u00e3o","link":"http:\/\/jornalrol.com.br\/?cat=7"},"img":{"alt_text":"","src":"","width":0,"height":0},"classes":[]},{"id":61002,"url":"http:\/\/jornalrol.com.br\/?p=61002","url_meta":{"origin":8209,"position":3},"title":"Coala Music amplifica campo de atua\u00e7\u00e3o e se torna pe\u00e7a-chave do mercado da m\u00fasica","author":"Sergio Diniz da Costa","date":"13 de setembro de 2023","format":false,"excerpt":"Ter a m\u00fasica como protagonista. Esta \u00e9 a premissa que guiou o Coala Festival desde sua primeira edi\u00e7\u00e3o, em 2014. O Coala se tornou mais do que um festival...","rel":"","context":"Em &quot;Arte&quot;","block_context":{"text":"Arte","link":"http:\/\/jornalrol.com.br\/?cat=9286"},"img":{"alt_text":"Coala Festival","src":"https:\/\/i0.wp.com\/jornalrol.com.br\/wp-content\/uploads\/2023\/09\/unnamed-3.jpg?resize=350%2C200","width":350,"height":200,"srcset":"https:\/\/i0.wp.com\/jornalrol.com.br\/wp-content\/uploads\/2023\/09\/unnamed-3.jpg?resize=350%2C200 1x, https:\/\/i0.wp.com\/jornalrol.com.br\/wp-content\/uploads\/2023\/09\/unnamed-3.jpg?resize=525%2C300 1.5x"},"classes":[]},{"id":3139,"url":"http:\/\/jornalrol.com.br\/?p=3139","url_meta":{"origin":8209,"position":4},"title":"Artigo de Maraisa Lima: &#039;O que a comunica\u00e7\u00e3o tem a ver com a sua carreira?&#039;","author":"Helio Rubens","date":"6 de setembro de 2015","format":false,"excerpt":"Voc\u00ea tem ideia de quanto a habilidade de comunica\u00e7\u00e3o contribui para o posicionamento de sua carreira? \u00a0Este n\u00e3o \u00e9 um artigo publicit\u00e1rio, embora eu acredite que \u201cvender\u201d uma boa imagem profissional seja uma a\u00e7\u00e3o muito importante nos dias de hoje. Mas, para ser visto como um comunicador assertivo - aquele\u2026","rel":"","context":"Em &quot;Comunica\u00e7\u00e3o&quot;","block_context":{"text":"Comunica\u00e7\u00e3o","link":"http:\/\/jornalrol.com.br\/?cat=7"},"img":{"alt_text":"Mara\u00edsa Lima","src":"https:\/\/i0.wp.com\/www.jornalrol.com.br\/wp-content\/uploads\/2015\/09\/Mara%C3%ADsa-Lima-200x300.jpg?resize=350%2C200","width":350,"height":200},"classes":[]},{"id":5222,"url":"http:\/\/jornalrol.com.br\/?p=5222","url_meta":{"origin":8209,"position":5},"title":"Fatecs prorrogam inscri\u00e7\u00e3o para o Vestibular\u00a0","author":"Helio Rubens","date":"8 de junho de 2016","format":false,"excerpt":"A inscri\u00e7\u00e3o foi prorrogada at\u00e9 \u00a0dia 13 A inscri\u00e7\u00e3o para o processo seletivo das Faculdades de Tecnologia (Fatecs) do Estado de S\u00e3o Paulo para o segundo semestre de 2016 foi prorrogada at\u00e9 as 15 horas da pr\u00f3xima segunda-feira, 13 de junho. Para se inscrever, exclusivamente pelo site www.vestibularfatec.com.br, o candidato\u2026","rel":"","context":"Em &quot;Comunica\u00e7\u00e3o&quot;","block_context":{"text":"Comunica\u00e7\u00e3o","link":"http:\/\/jornalrol.com.br\/?cat=7"},"img":{"alt_text":"","src":"","width":0,"height":0},"classes":[]}],"_links":{"self":[{"href":"http:\/\/jornalrol.com.br\/index.php?rest_route=\/wp\/v2\/posts\/8209","targetHints":{"allow":["GET"]}}],"collection":[{"href":"http:\/\/jornalrol.com.br\/index.php?rest_route=\/wp\/v2\/posts"}],"about":[{"href":"http:\/\/jornalrol.com.br\/index.php?rest_route=\/wp\/v2\/types\/post"}],"author":[{"embeddable":true,"href":"http:\/\/jornalrol.com.br\/index.php?rest_route=\/wp\/v2\/users\/3"}],"replies":[{"embeddable":true,"href":"http:\/\/jornalrol.com.br\/index.php?rest_route=%2Fwp%2Fv2%2Fcomments&post=8209"}],"version-history":[{"count":0,"href":"http:\/\/jornalrol.com.br\/index.php?rest_route=\/wp\/v2\/posts\/8209\/revisions"}],"wp:attachment":[{"href":"http:\/\/jornalrol.com.br\/index.php?rest_route=%2Fwp%2Fv2%2Fmedia&parent=8209"}],"wp:term":[{"taxonomy":"category","embeddable":true,"href":"http:\/\/jornalrol.com.br\/index.php?rest_route=%2Fwp%2Fv2%2Fcategories&post=8209"},{"taxonomy":"post_tag","embeddable":true,"href":"http:\/\/jornalrol.com.br\/index.php?rest_route=%2Fwp%2Fv2%2Ftags&post=8209"}],"curies":[{"name":"wp","href":"https:\/\/api.w.org\/{rel}","templated":true}]}}