{"id":82536,"date":"2026-07-15T09:14:37","date_gmt":"2026-07-15T12:14:37","guid":{"rendered":"https:\/\/jornalrol.com.br\/?p=82536"},"modified":"2026-07-15T09:14:44","modified_gmt":"2026-07-15T12:14:44","slug":"entre-o-olhar-e-o-beijo","status":"publish","type":"post","link":"http:\/\/jornalrol.com.br\/?p=82536","title":{"rendered":"Entre o olhar e o beijo"},"content":{"rendered":"<div class=\"pdfprnt-buttons pdfprnt-buttons-post pdfprnt-top-right\"><a href=\"http:\/\/jornalrol.com.br\/index.php?rest_route=%2Fwp%2Fv2%2Fposts%2F82536&print=pdf\" class=\"pdfprnt-button pdfprnt-button-pdf\" target=\"_blank\" ><\/a><a href=\"http:\/\/jornalrol.com.br\/index.php?rest_route=%2Fwp%2Fv2%2Fposts%2F82536&print=print\" class=\"pdfprnt-button pdfprnt-button-print\" target=\"_blank\" ><img decoding=\"async\" src=\"https:\/\/jornalrol.com.br\/wp-content\/plugins\/pdf-print\/images\/print.png\" alt=\"image_print\" title=\"Conte\u00fado de impress\u00e3o\" \/><\/a><\/div>\n<h2 class=\"wp-block-heading has-text-align-center\">Marli Freitas: Poema &#8216;Entre o olhar e o beijo&#8217;<br><br><\/h2>\n\n\n<div class=\"wp-block-image\">\n<figure class=\"aligncenter size-full is-resized\"><img loading=\"lazy\" decoding=\"async\" width=\"1080\" height=\"1508\" data-attachment-id=\"77826\" data-permalink=\"http:\/\/jornalrol.com.br\/?attachment_id=77826\" data-orig-file=\"http:\/\/jornalrol.com.br\/wp-content\/uploads\/2026\/01\/52eb81ed-e713-44d4-aab4-f12c4c39cdc6.jpg\" data-orig-size=\"1080,1508\" data-comments-opened=\"1\" data-image-meta=\"{&quot;aperture&quot;:&quot;0&quot;,&quot;credit&quot;:&quot;&quot;,&quot;camera&quot;:&quot;&quot;,&quot;caption&quot;:&quot;&quot;,&quot;created_timestamp&quot;:&quot;0&quot;,&quot;copyright&quot;:&quot;&quot;,&quot;focal_length&quot;:&quot;0&quot;,&quot;iso&quot;:&quot;0&quot;,&quot;shutter_speed&quot;:&quot;0&quot;,&quot;title&quot;:&quot;&quot;,&quot;orientation&quot;:&quot;0&quot;}\" data-image-title=\"52eb81ed-e713-44d4-aab4-f12c4c39cdc6\" data-image-description=\"&lt;p&gt;Marli Freitas&lt;\/p&gt;\n\" data-image-caption=\"&lt;p&gt;Marli Freitas&lt;\/p&gt;\n\" data-large-file=\"http:\/\/jornalrol.com.br\/wp-content\/uploads\/2026\/01\/52eb81ed-e713-44d4-aab4-f12c4c39cdc6.jpg\" src=\"http:\/\/jornalrol.com.br\/wp-content\/uploads\/2026\/01\/52eb81ed-e713-44d4-aab4-f12c4c39cdc6.jpg\" alt=\"Marli Freitas\" class=\"wp-image-77826\" style=\"aspect-ratio:0.7161888521794735;width:192px;height:auto\" srcset=\"http:\/\/jornalrol.com.br\/wp-content\/uploads\/2026\/01\/52eb81ed-e713-44d4-aab4-f12c4c39cdc6.jpg 1080w, http:\/\/jornalrol.com.br\/wp-content\/uploads\/2026\/01\/52eb81ed-e713-44d4-aab4-f12c4c39cdc6-859x1200.jpg 859w, http:\/\/jornalrol.com.br\/wp-content\/uploads\/2026\/01\/52eb81ed-e713-44d4-aab4-f12c4c39cdc6-768x1072.jpg 768w\" sizes=\"auto, (max-width: 1080px) 100vw, 1080px\" \/><figcaption class=\"wp-element-caption\">Marli Freitas<\/figcaption><\/figure>\n<\/div>\n\n<div class=\"wp-block-image\">\n<figure class=\"aligncenter size-full is-resized\"><img loading=\"lazy\" decoding=\"async\" width=\"1920\" height=\"1280\" data-attachment-id=\"82538\" data-permalink=\"http:\/\/jornalrol.com.br\/?attachment_id=82538\" data-orig-file=\"http:\/\/jornalrol.com.br\/wp-content\/uploads\/2026\/07\/745768608_2307220153015898_5005225392708401203_n-1.webp\" data-orig-size=\"1920,1280\" data-comments-opened=\"1\" data-image-meta=\"{&quot;aperture&quot;:&quot;0&quot;,&quot;credit&quot;:&quot;&quot;,&quot;camera&quot;:&quot;&quot;,&quot;caption&quot;:&quot;&quot;,&quot;created_timestamp&quot;:&quot;0&quot;,&quot;copyright&quot;:&quot;&quot;,&quot;focal_length&quot;:&quot;0&quot;,&quot;iso&quot;:&quot;0&quot;,&quot;shutter_speed&quot;:&quot;0&quot;,&quot;title&quot;:&quot;&quot;,&quot;orientation&quot;:&quot;0&quot;,&quot;alt&quot;:&quot;&quot;}\" data-image-title=\"745768608_2307220153015898_5005225392708401203_n\" data-image-description=\"\" data-image-caption=\"\" data-large-file=\"http:\/\/jornalrol.com.br\/wp-content\/uploads\/2026\/07\/745768608_2307220153015898_5005225392708401203_n-1.webp\" src=\"https:\/\/jornalrol.com.br\/wp-content\/uploads\/2026\/07\/745768608_2307220153015898_5005225392708401203_n-1.webp\" alt=\"\" class=\"wp-image-82538\" style=\"aspect-ratio:1.500033482890243;width:634px;height:auto\" srcset=\"http:\/\/jornalrol.com.br\/wp-content\/uploads\/2026\/07\/745768608_2307220153015898_5005225392708401203_n-1.webp 1920w, http:\/\/jornalrol.com.br\/wp-content\/uploads\/2026\/07\/745768608_2307220153015898_5005225392708401203_n-1-1200x800.webp 1200w, http:\/\/jornalrol.com.br\/wp-content\/uploads\/2026\/07\/745768608_2307220153015898_5005225392708401203_n-1-768x512.webp 768w, http:\/\/jornalrol.com.br\/wp-content\/uploads\/2026\/07\/745768608_2307220153015898_5005225392708401203_n-1-1536x1024.webp 1536w\" sizes=\"auto, (max-width: 1920px) 100vw, 1920px\" \/><figcaption class=\"wp-element-caption\"><em>https:\/\/www.meta.ai\/share\/c\/dJQzRbIpeg?utm_source=android_meta_ai_sl&amp;utm_campaign=wa_convo_share<\/em><\/figcaption><\/figure>\n<\/div>\n\n\n<p class=\"has-text-align-center wp-block-paragraph\">Entre os ramos e o voo dos p\u00e1ssaros,<br>H\u00e1 uma liberdade que clareia<br>O discorrer do milagre que traz poesia.<\/p>\n\n\n\n<p class=\"has-text-align-center wp-block-paragraph\">Entre o sonho e a realidade, posso sentir<br>Que tudo est\u00e1 como deveria \u2013 em<br>Movimento de renova\u00e7\u00e3o e expans\u00e3o.<\/p>\n\n\n\n<p class=\"has-text-align-center wp-block-paragraph\">Entre as imponentes serras da minha<br>Terra e o c\u00e9u, posso ver a beleza<br>Do mundo desenhando o infinito.<\/p>\n\n\n\n<p class=\"has-text-align-center wp-block-paragraph\">Entre o aqui e o agora, dan\u00e7am<br>As mais ecl\u00e9ticas mem\u00f3rias que<br>Sa\u00fadam o instante &#8211; natureza not\u00f3ria.<\/p>\n\n\n\n<p class=\"has-text-align-center wp-block-paragraph\">Entre o ser ou n\u00e3o ser, a jornada<br>Acontece \u00e0 sombra do pensamento, a<br>Gosto da vida, \u00e0s respostas do tempo.<\/p>\n\n\n\n<p class=\"has-text-align-center wp-block-paragraph\">Entre a nudez e a flor, uma pausa<br>Faz refletir (tudo passa). Depois do medo<br>Vem a coragem; depois da dor, a alegria.<\/p>\n\n\n\n<p class=\"has-text-align-center wp-block-paragraph\">Entre o olhar e o beijo &#8211; vai-se o dia,<br>Vem a saudade &#8211; enquanto o sol<br>Deita-se em c\u00e1lice sobre os arbustos.<\/p>\n\n\n\n<h3 class=\"wp-block-heading has-text-align-center\"><br>Marli Freitas<\/h3>\n\n\n\n<div class=\"wp-block-columns is-layout-flex wp-container-core-columns-is-layout-8f761849 wp-block-columns-is-layout-flex\">\n<div class=\"wp-block-column is-layout-flow wp-block-column-is-layout-flow\">\n<h3 class=\"wp-block-heading has-text-align-center has-luminous-vivid-amber-to-luminous-vivid-orange-gradient-background has-background\"><a href=\"https:\/\/www.facebook.com\/marli.firminadefreitaslima?locale=pt_BR\" target=\"_blank\" rel=\"noopener\" title=\"Facebook\">Facebook<\/a><\/h3>\n<\/div>\n\n\n\n<div class=\"wp-block-column is-layout-flow wp-block-column-is-layout-flow\">\n<h3 class=\"wp-block-heading has-text-align-center has-luminous-vivid-amber-to-luminous-vivid-orange-gradient-background has-background\"><a href=\"https:\/\/www.instagram.com\/marlifreitas79\" title=\"Instagram\">Instagram<\/a><\/h3>\n<\/div>\n<\/div>\n\n\n\n<p class=\"wp-block-paragraph\"><a href=\"https:\/\/jornalrol.com.br\/\" title=\"Voltar\">Voltar<\/a><\/p>\n","protected":false},"excerpt":{"rendered":"<p>Reflex\u00e3o po\u00e9tica sobre a transitoriedade, o equil\u00edbrio e as belezas da vida e da natureza. Uma jornada profunda entre o agora e o tempo.<\/p>\n","protected":false},"author":132,"featured_media":82538,"comment_status":"open","ping_status":"closed","sticky":false,"template":"","format":"standard","meta":{"_jetpack_newsletter_access":"","_jetpack_dont_email_post_to_subs":false,"_jetpack_newsletter_tier_id":0,"_jetpack_memberships_contains_paywalled_content":false,"_jetpack_memberships_contains_paid_content":false,"footnotes":""},"categories":[9285,58],"tags":[17481,17581,17580,17578,17579],"class_list":["post-82536","post","type-post","status-publish","format-standard","has-post-thumbnail","hentry","category-literatura","category-poesias","tag-ciclos-da-vida","tag-despertar-da-mente","tag-misterios-do-tempo","tag-poesia-evocativa","tag-reflexao-interior"],"aioseo_notices":[],"aioseo_head":"\n\t\t<!-- All in One SEO 5.0.1.1 - aioseo.com -->\n\t<meta name=\"description\" content=\"Reflex\u00e3o po\u00e9tica sobre a transitoriedade, o equil\u00edbrio e as belezas da vida e da natureza. Uma jornada profunda entre o agora e o tempo.\" \/>\n\t<meta name=\"robots\" content=\"max-image-preview:large\" \/>\n\t<meta name=\"author\" content=\"Marli Firmina Freitas\"\/>\n\t<link rel=\"canonical\" href=\"http:\/\/jornalrol.com.br\/?p=82536\" \/>\n\t<meta name=\"generator\" content=\"All in One SEO (AIOSEO) 5.0.1.1\" \/>\n\t\t<meta property=\"og:locale\" content=\"pt_BR\" \/>\n\t\t<meta property=\"og:site_name\" content=\"Jornal Cultural Rol - Desde 1994 promovendo a cultura\" \/>\n\t\t<meta property=\"og:type\" content=\"article\" \/>\n\t\t<meta property=\"og:title\" content=\"Marli Freitas: Poema &#039;Entre o olhar e o beijo&#039;\" \/>\n\t\t<meta property=\"og:description\" content=\"Reflex\u00e3o po\u00e9tica sobre a transitoriedade, o equil\u00edbrio e as belezas da vida e da natureza. Uma jornada profunda entre o agora e o tempo.\" \/>\n\t\t<meta property=\"og:url\" content=\"http:\/\/jornalrol.com.br\/?p=82536\" \/>\n\t\t<meta property=\"og:image\" content=\"http:\/\/jornalrol.com.br\/wp-content\/uploads\/2023\/05\/JornalCulturalRol_150x173.png\" \/>\n\t\t<meta property=\"og:image:width\" content=\"150\" \/>\n\t\t<meta property=\"og:image:height\" content=\"174\" \/>\n\t\t<meta property=\"article:published_time\" content=\"2026-07-15T12:14:37+00:00\" \/>\n\t\t<meta property=\"article:modified_time\" content=\"2026-07-15T12:14:44+00:00\" \/>\n\t\t<meta property=\"article:publisher\" content=\"https:\/\/www.facebook.com\/JCulturalrol\" \/>\n\t\t<meta name=\"twitter:card\" content=\"summary_large_image\" \/>\n\t\t<meta name=\"twitter:title\" content=\"Marli Freitas: Poema &#039;Entre o olhar e o beijo&#039;\" \/>\n\t\t<meta name=\"twitter:description\" content=\"Reflex\u00e3o po\u00e9tica sobre a transitoriedade, o equil\u00edbrio e as belezas da vida e da natureza. Uma jornada profunda entre o agora e o tempo.\" \/>\n\t\t<meta name=\"twitter:image\" content=\"http:\/\/jornalrol.com.br\/wp-content\/uploads\/2023\/05\/JornalCulturalRol_150x173.png\" \/>\n\t\t<script type=\"application\/ld+json\" class=\"aioseo-schema\">\n\t\t\t{\"@context\":\"https:\\\/\\\/schema.org\",\"@graph\":[{\"@type\":\"BlogPosting\",\"@id\":\"http:\\\/\\\/jornalrol.com.br\\\/?p=82536#blogposting\",\"name\":\"Marli Freitas: Poema 'Entre o olhar e o beijo'\",\"headline\":\"Entre o olhar e o beijo\",\"author\":{\"@id\":\"http:\\\/\\\/jornalrol.com.br\\\/?author=132#author\"},\"publisher\":{\"@id\":\"http:\\\/\\\/jornalrol.com.br\\\/#organization\"},\"image\":{\"@type\":\"ImageObject\",\"url\":\"http:\\\/\\\/jornalrol.com.br\\\/wp-content\\\/uploads\\\/2026\\\/07\\\/745768608_2307220153015898_5005225392708401203_n-1.webp\",\"width\":1920,\"height\":1280,\"caption\":\"https:\\\/\\\/www.meta.ai\\\/share\\\/c\\\/dJQzRbIpeg?utm_source=android_meta_ai_sl&utm_campaign=wa_convo_share\"},\"datePublished\":\"2026-07-15T09:14:37-03:00\",\"dateModified\":\"2026-07-15T09:14:44-03:00\",\"inLanguage\":\"pt-BR\",\"mainEntityOfPage\":{\"@id\":\"http:\\\/\\\/jornalrol.com.br\\\/?p=82536#webpage\"},\"isPartOf\":{\"@id\":\"http:\\\/\\\/jornalrol.com.br\\\/?p=82536#webpage\"},\"articleSection\":\"Literatura, Poesia, ciclos da vida, Despertar da Mente, Mist\\u00e9rios do Tempo, Poesia Evocativa, Reflex\\u00e3o Interior\"},{\"@type\":\"BreadcrumbList\",\"@id\":\"http:\\\/\\\/jornalrol.com.br\\\/?p=82536#breadcrumblist\",\"itemListElement\":[{\"@type\":\"ListItem\",\"@id\":\"http:\\\/\\\/jornalrol.com.br#listItem\",\"position\":1,\"name\":\"In\\u00edcio\",\"item\":\"http:\\\/\\\/jornalrol.com.br\",\"nextItem\":{\"@type\":\"ListItem\",\"@id\":\"http:\\\/\\\/jornalrol.com.br\\\/?cat=9285#listItem\",\"name\":\"Literatura\"}},{\"@type\":\"ListItem\",\"@id\":\"http:\\\/\\\/jornalrol.com.br\\\/?cat=9285#listItem\",\"position\":2,\"name\":\"Literatura\",\"item\":\"http:\\\/\\\/jornalrol.com.br\\\/?cat=9285\",\"nextItem\":{\"@type\":\"ListItem\",\"@id\":\"http:\\\/\\\/jornalrol.com.br\\\/?cat=58#listItem\",\"name\":\"Poesia\"},\"previousItem\":{\"@type\":\"ListItem\",\"@id\":\"http:\\\/\\\/jornalrol.com.br#listItem\",\"name\":\"In\\u00edcio\"}},{\"@type\":\"ListItem\",\"@id\":\"http:\\\/\\\/jornalrol.com.br\\\/?cat=58#listItem\",\"position\":3,\"name\":\"Poesia\",\"item\":\"http:\\\/\\\/jornalrol.com.br\\\/?cat=58\",\"nextItem\":{\"@type\":\"ListItem\",\"@id\":\"http:\\\/\\\/jornalrol.com.br\\\/?p=82536#listItem\",\"name\":\"Entre o olhar e o beijo\"},\"previousItem\":{\"@type\":\"ListItem\",\"@id\":\"http:\\\/\\\/jornalrol.com.br\\\/?cat=9285#listItem\",\"name\":\"Literatura\"}},{\"@type\":\"ListItem\",\"@id\":\"http:\\\/\\\/jornalrol.com.br\\\/?p=82536#listItem\",\"position\":4,\"name\":\"Entre o olhar e o beijo\",\"previousItem\":{\"@type\":\"ListItem\",\"@id\":\"http:\\\/\\\/jornalrol.com.br\\\/?cat=58#listItem\",\"name\":\"Poesia\"}}]},{\"@type\":\"Organization\",\"@id\":\"http:\\\/\\\/jornalrol.com.br\\\/#organization\",\"name\":\"Jornal Cultural ROL\",\"description\":\"Desde 1994 promovendo a cultura\",\"url\":\"http:\\\/\\\/jornalrol.com.br\\\/\",\"telephone\":\"+5515996165768\",\"logo\":{\"@type\":\"ImageObject\",\"url\":\"http:\\\/\\\/jornalrol.com.br\\\/wp-content\\\/uploads\\\/2023\\\/05\\\/rol.png\",\"@id\":\"http:\\\/\\\/jornalrol.com.br\\\/?p=82536\\\/#organizationLogo\",\"width\":300,\"height\":122,\"caption\":\"Jornal Rol\"},\"image\":{\"@id\":\"http:\\\/\\\/jornalrol.com.br\\\/?p=82536\\\/#organizationLogo\"},\"sameAs\":[\"https:\\\/\\\/www.facebook.com\\\/JCulturalrol\",\"https:\\\/\\\/www.instagram.com\\\/jornalculturalrol\\\/\"]},{\"@type\":\"Person\",\"@id\":\"http:\\\/\\\/jornalrol.com.br\\\/?author=132#author\",\"url\":\"http:\\\/\\\/jornalrol.com.br\\\/?author=132\",\"name\":\"Marli Firmina Freitas\",\"image\":{\"@type\":\"ImageObject\",\"@id\":\"http:\\\/\\\/jornalrol.com.br\\\/?p=82536#authorImage\",\"url\":\"http:\\\/\\\/jornalrol.com.br\\\/wp-content\\\/uploads\\\/2026\\\/01\\\/52eb81ed-e713-44d4-aab4-f12c4c39cdc6-600x600.jpg\",\"width\":96,\"height\":96,\"caption\":\"Marli Firmina Freitas\"}},{\"@type\":\"WebPage\",\"@id\":\"http:\\\/\\\/jornalrol.com.br\\\/?p=82536#webpage\",\"url\":\"http:\\\/\\\/jornalrol.com.br\\\/?p=82536\",\"name\":\"Marli Freitas: Poema 'Entre o olhar e o beijo'\",\"description\":\"Reflex\\u00e3o po\\u00e9tica sobre a transitoriedade, o equil\\u00edbrio e as belezas da vida e da natureza. Uma jornada profunda entre o agora e o tempo.\",\"inLanguage\":\"pt-BR\",\"isPartOf\":{\"@id\":\"http:\\\/\\\/jornalrol.com.br\\\/#website\"},\"breadcrumb\":{\"@id\":\"http:\\\/\\\/jornalrol.com.br\\\/?p=82536#breadcrumblist\"},\"author\":{\"@id\":\"http:\\\/\\\/jornalrol.com.br\\\/?author=132#author\"},\"creator\":{\"@id\":\"http:\\\/\\\/jornalrol.com.br\\\/?author=132#author\"},\"image\":{\"@type\":\"ImageObject\",\"url\":\"http:\\\/\\\/jornalrol.com.br\\\/wp-content\\\/uploads\\\/2026\\\/07\\\/745768608_2307220153015898_5005225392708401203_n-1.webp\",\"@id\":\"http:\\\/\\\/jornalrol.com.br\\\/?p=82536\\\/#mainImage\",\"width\":1920,\"height\":1280,\"caption\":\"https:\\\/\\\/www.meta.ai\\\/share\\\/c\\\/dJQzRbIpeg?utm_source=android_meta_ai_sl&utm_campaign=wa_convo_share\"},\"primaryImageOfPage\":{\"@id\":\"http:\\\/\\\/jornalrol.com.br\\\/?p=82536#mainImage\"},\"datePublished\":\"2026-07-15T09:14:37-03:00\",\"dateModified\":\"2026-07-15T09:14:44-03:00\"},{\"@type\":\"WebSite\",\"@id\":\"http:\\\/\\\/jornalrol.com.br\\\/#website\",\"url\":\"http:\\\/\\\/jornalrol.com.br\\\/\",\"name\":\"Jornal Cultural ROL\",\"description\":\"Desde 1994 promovendo a cultura\",\"inLanguage\":\"pt-BR\",\"publisher\":{\"@id\":\"http:\\\/\\\/jornalrol.com.br\\\/#organization\"}}]}\n\t\t<\/script>\n\t\t<!-- All in One SEO -->\n\n","aioseo_head_json":{"title":"Marli Freitas: Poema 'Entre o olhar e o beijo'","description":"Reflex\u00e3o po\u00e9tica sobre a transitoriedade, o equil\u00edbrio e as belezas da vida e da natureza. Uma jornada profunda entre o agora e o tempo.","canonical_url":"http:\/\/jornalrol.com.br\/?p=82536","robots":"max-image-preview:large","keywords":"","webmasterTools":{"miscellaneous":""},"schema":{"@context":"https:\/\/schema.org","@graph":[{"@type":"BlogPosting","@id":"http:\/\/jornalrol.com.br\/?p=82536#blogposting","name":"Marli Freitas: Poema 'Entre o olhar e o beijo'","headline":"Entre o olhar e o beijo","author":{"@id":"http:\/\/jornalrol.com.br\/?author=132#author"},"publisher":{"@id":"http:\/\/jornalrol.com.br\/#organization"},"image":{"@type":"ImageObject","url":"http:\/\/jornalrol.com.br\/wp-content\/uploads\/2026\/07\/745768608_2307220153015898_5005225392708401203_n-1.webp","width":1920,"height":1280,"caption":"https:\/\/www.meta.ai\/share\/c\/dJQzRbIpeg?utm_source=android_meta_ai_sl&utm_campaign=wa_convo_share"},"datePublished":"2026-07-15T09:14:37-03:00","dateModified":"2026-07-15T09:14:44-03:00","inLanguage":"pt-BR","mainEntityOfPage":{"@id":"http:\/\/jornalrol.com.br\/?p=82536#webpage"},"isPartOf":{"@id":"http:\/\/jornalrol.com.br\/?p=82536#webpage"},"articleSection":"Literatura, Poesia, ciclos da vida, Despertar da Mente, Mist\u00e9rios do Tempo, Poesia Evocativa, Reflex\u00e3o Interior"},{"@type":"BreadcrumbList","@id":"http:\/\/jornalrol.com.br\/?p=82536#breadcrumblist","itemListElement":[{"@type":"ListItem","@id":"http:\/\/jornalrol.com.br#listItem","position":1,"name":"In\u00edcio","item":"http:\/\/jornalrol.com.br","nextItem":{"@type":"ListItem","@id":"http:\/\/jornalrol.com.br\/?cat=9285#listItem","name":"Literatura"}},{"@type":"ListItem","@id":"http:\/\/jornalrol.com.br\/?cat=9285#listItem","position":2,"name":"Literatura","item":"http:\/\/jornalrol.com.br\/?cat=9285","nextItem":{"@type":"ListItem","@id":"http:\/\/jornalrol.com.br\/?cat=58#listItem","name":"Poesia"},"previousItem":{"@type":"ListItem","@id":"http:\/\/jornalrol.com.br#listItem","name":"In\u00edcio"}},{"@type":"ListItem","@id":"http:\/\/jornalrol.com.br\/?cat=58#listItem","position":3,"name":"Poesia","item":"http:\/\/jornalrol.com.br\/?cat=58","nextItem":{"@type":"ListItem","@id":"http:\/\/jornalrol.com.br\/?p=82536#listItem","name":"Entre o olhar e o beijo"},"previousItem":{"@type":"ListItem","@id":"http:\/\/jornalrol.com.br\/?cat=9285#listItem","name":"Literatura"}},{"@type":"ListItem","@id":"http:\/\/jornalrol.com.br\/?p=82536#listItem","position":4,"name":"Entre o olhar e o beijo","previousItem":{"@type":"ListItem","@id":"http:\/\/jornalrol.com.br\/?cat=58#listItem","name":"Poesia"}}]},{"@type":"Organization","@id":"http:\/\/jornalrol.com.br\/#organization","name":"Jornal Cultural ROL","description":"Desde 1994 promovendo a cultura","url":"http:\/\/jornalrol.com.br\/","telephone":"+5515996165768","logo":{"@type":"ImageObject","url":"http:\/\/jornalrol.com.br\/wp-content\/uploads\/2023\/05\/rol.png","@id":"http:\/\/jornalrol.com.br\/?p=82536\/#organizationLogo","width":300,"height":122,"caption":"Jornal Rol"},"image":{"@id":"http:\/\/jornalrol.com.br\/?p=82536\/#organizationLogo"},"sameAs":["https:\/\/www.facebook.com\/JCulturalrol","https:\/\/www.instagram.com\/jornalculturalrol\/"]},{"@type":"Person","@id":"http:\/\/jornalrol.com.br\/?author=132#author","url":"http:\/\/jornalrol.com.br\/?author=132","name":"Marli Firmina Freitas","image":{"@type":"ImageObject","@id":"http:\/\/jornalrol.com.br\/?p=82536#authorImage","url":"http:\/\/jornalrol.com.br\/wp-content\/uploads\/2026\/01\/52eb81ed-e713-44d4-aab4-f12c4c39cdc6-600x600.jpg","width":96,"height":96,"caption":"Marli Firmina Freitas"}},{"@type":"WebPage","@id":"http:\/\/jornalrol.com.br\/?p=82536#webpage","url":"http:\/\/jornalrol.com.br\/?p=82536","name":"Marli Freitas: Poema 'Entre o olhar e o beijo'","description":"Reflex\u00e3o po\u00e9tica sobre a transitoriedade, o equil\u00edbrio e as belezas da vida e da natureza. Uma jornada profunda entre o agora e o tempo.","inLanguage":"pt-BR","isPartOf":{"@id":"http:\/\/jornalrol.com.br\/#website"},"breadcrumb":{"@id":"http:\/\/jornalrol.com.br\/?p=82536#breadcrumblist"},"author":{"@id":"http:\/\/jornalrol.com.br\/?author=132#author"},"creator":{"@id":"http:\/\/jornalrol.com.br\/?author=132#author"},"image":{"@type":"ImageObject","url":"http:\/\/jornalrol.com.br\/wp-content\/uploads\/2026\/07\/745768608_2307220153015898_5005225392708401203_n-1.webp","@id":"http:\/\/jornalrol.com.br\/?p=82536\/#mainImage","width":1920,"height":1280,"caption":"https:\/\/www.meta.ai\/share\/c\/dJQzRbIpeg?utm_source=android_meta_ai_sl&utm_campaign=wa_convo_share"},"primaryImageOfPage":{"@id":"http:\/\/jornalrol.com.br\/?p=82536#mainImage"},"datePublished":"2026-07-15T09:14:37-03:00","dateModified":"2026-07-15T09:14:44-03:00"},{"@type":"WebSite","@id":"http:\/\/jornalrol.com.br\/#website","url":"http:\/\/jornalrol.com.br\/","name":"Jornal Cultural ROL","description":"Desde 1994 promovendo a cultura","inLanguage":"pt-BR","publisher":{"@id":"http:\/\/jornalrol.com.br\/#organization"}}]},"og:locale":"pt_BR","og:site_name":"Jornal Cultural Rol - Desde 1994 promovendo a cultura","og:type":"article","og:title":"Marli Freitas: Poema 'Entre o olhar e o beijo'","og:description":"Reflex\u00e3o po\u00e9tica sobre a transitoriedade, o equil\u00edbrio e as belezas da vida e da natureza. Uma jornada profunda entre o agora e o tempo.","og:url":"http:\/\/jornalrol.com.br\/?p=82536","og:image":"http:\/\/jornalrol.com.br\/wp-content\/uploads\/2023\/05\/JornalCulturalRol_150x173.png","og:image:width":150,"og:image:height":174,"article:published_time":"2026-07-15T12:14:37+00:00","article:modified_time":"2026-07-15T12:14:44+00:00","article:publisher":"https:\/\/www.facebook.com\/JCulturalrol","twitter:card":"summary_large_image","twitter:title":"Marli Freitas: Poema 'Entre o olhar e o beijo'","twitter:description":"Reflex\u00e3o po\u00e9tica sobre a transitoriedade, o equil\u00edbrio e as belezas da vida e da natureza. Uma jornada profunda entre o agora e o tempo.","twitter:image":"http:\/\/jornalrol.com.br\/wp-content\/uploads\/2023\/05\/JornalCulturalRol_150x173.png"},"aioseo_meta_data":{"post_id":"82536","title":"Marli Freitas: Poema 'Entre o olhar e o beijo'","description":null,"keywords":null,"keyphrases":{"focus":{"keyphrase":"","score":0,"analysis":{"keyphraseInTitle":{"score":0,"maxScore":9,"error":1}}},"additional":[]},"primary_term":null,"canonical_url":null,"og_title":null,"og_description":null,"og_object_type":"default","og_image_type":"default","og_image_url":null,"og_image_width":null,"og_image_height":null,"og_image_custom_url":null,"og_image_custom_fields":null,"og_video":"","og_custom_url":null,"og_article_section":null,"og_article_tags":null,"twitter_use_og":false,"twitter_card":"default","twitter_image_type":"default","twitter_image_url":null,"twitter_image_custom_url":null,"twitter_image_custom_fields":null,"twitter_title":null,"twitter_description":null,"schema":{"blockGraphs":[],"customGraphs":[],"default":{"data":{"Article":[],"Course":[],"Dataset":[],"FAQPage":[],"Movie":[],"Person":[],"Product":[],"ProductReview":[],"Car":[],"Recipe":[],"Service":[],"SoftwareApplication":[],"WebPage":[]},"graphName":"BlogPosting","isEnabled":true},"graphs":[]},"schema_type":"default","schema_type_options":null,"pillar_content":false,"robots_default":true,"robots_noindex":false,"robots_noarchive":false,"robots_nosnippet":false,"robots_nofollow":false,"robots_noimageindex":false,"robots_noodp":false,"robots_notranslate":false,"robots_max_snippet":"-1","robots_max_videopreview":"-1","robots_max_imagepreview":"large","priority":null,"frequency":"default","local_seo":null,"breadcrumb_settings":null,"limit_modified_date":false,"ai":{"faqs":[],"keyPoints":[],"schemas":[],"titles":[],"descriptions":[],"socialPosts":{"email":{"subject":"","preview":"","content":""},"linkedin":[],"twitter":[],"facebook":[],"instagram":[]}},"created":"2026-07-14 21:34:35","updated":"2026-07-15 12:55:22","seo_analyzer_scan_date":null,"focus_keyword":null,"additional_keywords":null,"truseo_locale":null},"aioseo_breadcrumb":"<div class=\"aioseo-breadcrumbs\"><span class=\"aioseo-breadcrumb\">\n\t\t\t<a href=\"http:\/\/jornalrol.com.br\" title=\"In\u00edcio\">In\u00edcio<\/a>\n\t\t<\/span><span class=\"aioseo-breadcrumb-separator\">&raquo;<\/span><span class=\"aioseo-breadcrumb\">\n\t\t\t<a href=\"http:\/\/jornalrol.com.br\/?cat=9285\" title=\"Literatura\">Literatura<\/a>\n\t\t<\/span><span class=\"aioseo-breadcrumb-separator\">&raquo;<\/span><span class=\"aioseo-breadcrumb\">\n\t\t\t<a href=\"http:\/\/jornalrol.com.br\/?cat=58\" title=\"Poesia\">Poesia<\/a>\n\t\t<\/span><span class=\"aioseo-breadcrumb-separator\">&raquo;<\/span><span class=\"aioseo-breadcrumb\">\n\t\t\tEntre o olhar e o beijo\n\t\t<\/span><\/div>","aioseo_breadcrumb_json":[{"label":"In\u00edcio","link":"http:\/\/jornalrol.com.br"},{"label":"Literatura","link":"http:\/\/jornalrol.com.br\/?cat=9285"},{"label":"Poesia","link":"http:\/\/jornalrol.com.br\/?cat=58"},{"label":"Entre o olhar e o beijo","link":"http:\/\/jornalrol.com.br\/?p=82536"}],"views":341,"jetpack_sharing_enabled":true,"jetpack_likes_enabled":true,"jetpack-related-posts":[{"id":83705,"url":"http:\/\/jornalrol.com.br\/?p=83705","url_meta":{"origin":82536,"position":0},"title":"Choram as minhas utopias","author":"Marli Firmina Freitas","date":"25 de agosto de 2026","format":false,"excerpt":"Emocione-se com 'Choram as minhas utopias', o novo poema de Marli F. Freitas no Jornal ROL. Uma sens\u00edvel reflex\u00e3o sobre a vida e a for\u00e7a de esperan\u00e7ar.","rel":"","context":"Em &quot;Literatura&quot;","block_context":{"text":"Literatura","link":"http:\/\/jornalrol.com.br\/?cat=9285"},"img":{"alt_text":"https:\/\/chatgpt.com\/s\/m_6a8dae4d09bc81918cce26e9fba63fdc","src":"https:\/\/i0.wp.com\/jornalrol.com.br\/wp-content\/uploads\/2026\/08\/dcc4bc04-3bc1-4d8e-a664-7236d4727497.jpg?resize=350%2C200","width":350,"height":200,"srcset":"https:\/\/i0.wp.com\/jornalrol.com.br\/wp-content\/uploads\/2026\/08\/dcc4bc04-3bc1-4d8e-a664-7236d4727497.jpg?resize=350%2C200 1x, https:\/\/i0.wp.com\/jornalrol.com.br\/wp-content\/uploads\/2026\/08\/dcc4bc04-3bc1-4d8e-a664-7236d4727497.jpg?resize=525%2C300 1.5x, https:\/\/i0.wp.com\/jornalrol.com.br\/wp-content\/uploads\/2026\/08\/dcc4bc04-3bc1-4d8e-a664-7236d4727497.jpg?resize=700%2C400 2x, https:\/\/i0.wp.com\/jornalrol.com.br\/wp-content\/uploads\/2026\/08\/dcc4bc04-3bc1-4d8e-a664-7236d4727497.jpg?resize=1050%2C600 3x, https:\/\/i0.wp.com\/jornalrol.com.br\/wp-content\/uploads\/2026\/08\/dcc4bc04-3bc1-4d8e-a664-7236d4727497.jpg?resize=1400%2C800 4x"},"classes":[]},{"id":78376,"url":"http:\/\/jornalrol.com.br\/?p=78376","url_meta":{"origin":82536,"position":1},"title":"Beijo beija-flor","author":"Marli Firmina Freitas","date":"10 de fevereiro de 2026","format":false,"excerpt":"Sendo o sol para a vida, a flor para o beijo beija-flor tenha o sonho caminho s\u00f3 de ida E o pouso delicadeza de amor. O sopro promissor \u00e9 ameno; o baile das...","rel":"","context":"Em &quot;Literatura&quot;","block_context":{"text":"Literatura","link":"http:\/\/jornalrol.com.br\/?cat=9285"},"img":{"alt_text":"Imagem do saite Stock royalty-free - 10 de fevereiro de 2026, \u00e0s 08h45","src":"https:\/\/i0.wp.com\/jornalrol.com.br\/wp-content\/uploads\/2026\/02\/WhatsApp-Image-2026-02-10-at-08.45.27.jpeg?resize=350%2C200","width":350,"height":200,"srcset":"https:\/\/i0.wp.com\/jornalrol.com.br\/wp-content\/uploads\/2026\/02\/WhatsApp-Image-2026-02-10-at-08.45.27.jpeg?resize=350%2C200 1x, https:\/\/i0.wp.com\/jornalrol.com.br\/wp-content\/uploads\/2026\/02\/WhatsApp-Image-2026-02-10-at-08.45.27.jpeg?resize=525%2C300 1.5x"},"classes":[]},{"id":83097,"url":"http:\/\/jornalrol.com.br\/?p=83097","url_meta":{"origin":82536,"position":2},"title":"Pal\u00e1cio dos inocentes","author":"Marli Firmina Freitas","date":"4 de agosto de 2026","format":false,"excerpt":"Texto po\u00e9tico exalta a natureza, o amor e a f\u00e9 na terra natal. Celebra as mem\u00f3rias de inf\u00e2ncia, a brisa e a gratid\u00e3o pela vida com profunda paz no cora\u00e7\u00e3o.","rel":"","context":"Em &quot;Literatura&quot;","block_context":{"text":"Literatura","link":"http:\/\/jornalrol.com.br\/?cat=9285"},"img":{"alt_text":"Arte digital em estilo po\u00e9tico. \u00c0 esquerda, sobre um fundo claro e transl\u00facido, est\u00e1 o poema \"PAL\u00c1CIO DOS INOCENTES\", de Marli F. Freitas, em letras pretas, ocupando aproximadamente metade da imagem. \u00c0 direita, uma paisagem id\u00edlica ao p\u00f4r do sol mostra um amplo vale verde atravessado por um rio de \u00e1guas calmas. Ao centro, ergue-se um majestoso pal\u00e1cio branco aos p\u00e9s de uma imponente montanha iluminada pela luz dourada. No c\u00e9u, quatro gar\u00e7as voam em forma\u00e7\u00e3o, enquanto, em primeiro plano, dois p\u00e1ssaros pousam em galhos. \u00c0 margem do rio, uma menina de vestido florido, vista de costas, contempla a paisagem. Ao seu lado est\u00e3o um chap\u00e9u de palha com fita rosa e um caderno aberto onde se l\u00ea a palavra \"gratid\u00e3o\". \u00c0 direita, uma pequena casa de campo cercada por \u00e1rvores floridas completa a cena. A composi\u00e7\u00e3o transmite serenidade, inoc\u00eancia, nostalgia e profunda conex\u00e3o com a natureza, harmonizando-se com a tem\u00e1tica contemplativa do poema.","src":"https:\/\/i0.wp.com\/jornalrol.com.br\/wp-content\/uploads\/2026\/08\/a29ced13-2f05-44a1-a983-0e853d4e2093.jpg?resize=350%2C200","width":350,"height":200,"srcset":"https:\/\/i0.wp.com\/jornalrol.com.br\/wp-content\/uploads\/2026\/08\/a29ced13-2f05-44a1-a983-0e853d4e2093.jpg?resize=350%2C200 1x, https:\/\/i0.wp.com\/jornalrol.com.br\/wp-content\/uploads\/2026\/08\/a29ced13-2f05-44a1-a983-0e853d4e2093.jpg?resize=525%2C300 1.5x, https:\/\/i0.wp.com\/jornalrol.com.br\/wp-content\/uploads\/2026\/08\/a29ced13-2f05-44a1-a983-0e853d4e2093.jpg?resize=700%2C400 2x, https:\/\/i0.wp.com\/jornalrol.com.br\/wp-content\/uploads\/2026\/08\/a29ced13-2f05-44a1-a983-0e853d4e2093.jpg?resize=1050%2C600 3x, https:\/\/i0.wp.com\/jornalrol.com.br\/wp-content\/uploads\/2026\/08\/a29ced13-2f05-44a1-a983-0e853d4e2093.jpg?resize=1400%2C800 4x"},"classes":[]},{"id":80766,"url":"http:\/\/jornalrol.com.br\/?p=80766","url_meta":{"origin":82536,"position":3},"title":"Se&#8230;","author":"Marli Firmina Freitas","date":"12 de maio de 2026","format":false,"excerpt":"Se \u00e9 o amor o caminho, quero estar em pleno movimento de encontro, e, de olhar na linha do horizonte, descobrir a m\u00e1gica de ser e fazer feliz. Se \u00e9 o sonho...","rel":"","context":"Em &quot;Literatura&quot;","block_context":{"text":"Literatura","link":"http:\/\/jornalrol.com.br\/?cat=9285"},"img":{"alt_text":"Imagem criada por IA do Gemini","src":"https:\/\/i0.wp.com\/jornalrol.com.br\/wp-content\/uploads\/2026\/05\/1aeba446-c005-49fb-a45d-f0567b23f5c3.jpg?resize=350%2C200","width":350,"height":200,"srcset":"https:\/\/i0.wp.com\/jornalrol.com.br\/wp-content\/uploads\/2026\/05\/1aeba446-c005-49fb-a45d-f0567b23f5c3.jpg?resize=350%2C200 1x, https:\/\/i0.wp.com\/jornalrol.com.br\/wp-content\/uploads\/2026\/05\/1aeba446-c005-49fb-a45d-f0567b23f5c3.jpg?resize=525%2C300 1.5x, https:\/\/i0.wp.com\/jornalrol.com.br\/wp-content\/uploads\/2026\/05\/1aeba446-c005-49fb-a45d-f0567b23f5c3.jpg?resize=700%2C400 2x, https:\/\/i0.wp.com\/jornalrol.com.br\/wp-content\/uploads\/2026\/05\/1aeba446-c005-49fb-a45d-f0567b23f5c3.jpg?resize=1050%2C600 3x, https:\/\/i0.wp.com\/jornalrol.com.br\/wp-content\/uploads\/2026\/05\/1aeba446-c005-49fb-a45d-f0567b23f5c3.jpg?resize=1400%2C800 4x"},"classes":[]},{"id":83285,"url":"http:\/\/jornalrol.com.br\/?p=83285","url_meta":{"origin":82536,"position":4},"title":"Onde o cora\u00e7\u00e3o se aquieta","author":"Marli Firmina Freitas","date":"11 de agosto de 2026","format":false,"excerpt":"Um lugar calmo onde a natureza desperta poesias, o tempo passa com cantos de p\u00e1ssaros, dores somem e a inf\u00e2ncia floresce em pura beleza e paz.","rel":"","context":"Em &quot;Literatura&quot;","block_context":{"text":"Literatura","link":"http:\/\/jornalrol.com.br\/?cat=9285"},"img":{"alt_text":"Pintura digital de uma paisagem rural ao p\u00f4r do sol. Uma menina corre alegre perto de um rio, cercada por flores e \u00e1rvores. No c\u00e9u dourado, gar\u00e7as voam perto de colinas, enquanto uma coruja observa de um galho. Na outra margem, vacas pastam perto de uma casa simples e uma pequena igreja aparece ao fundo, criando um cen\u00e1rio de paz.","src":"https:\/\/i0.wp.com\/jornalrol.com.br\/wp-content\/uploads\/2026\/08\/2de01464-acfe-4047-aca0-1903eb723fa7.jpg?resize=350%2C200","width":350,"height":200,"srcset":"https:\/\/i0.wp.com\/jornalrol.com.br\/wp-content\/uploads\/2026\/08\/2de01464-acfe-4047-aca0-1903eb723fa7.jpg?resize=350%2C200 1x, https:\/\/i0.wp.com\/jornalrol.com.br\/wp-content\/uploads\/2026\/08\/2de01464-acfe-4047-aca0-1903eb723fa7.jpg?resize=525%2C300 1.5x, https:\/\/i0.wp.com\/jornalrol.com.br\/wp-content\/uploads\/2026\/08\/2de01464-acfe-4047-aca0-1903eb723fa7.jpg?resize=700%2C400 2x, https:\/\/i0.wp.com\/jornalrol.com.br\/wp-content\/uploads\/2026\/08\/2de01464-acfe-4047-aca0-1903eb723fa7.jpg?resize=1050%2C600 3x, https:\/\/i0.wp.com\/jornalrol.com.br\/wp-content\/uploads\/2026\/08\/2de01464-acfe-4047-aca0-1903eb723fa7.jpg?resize=1400%2C800 4x"},"classes":[]},{"id":77825,"url":"http:\/\/jornalrol.com.br\/?p=77825","url_meta":{"origin":82536,"position":5},"title":"Das montanhas alterosas ao ROL, Marli Freitas!","author":"Sergio Diniz da Costa","date":"13 de janeiro de 2026","format":false,"excerpt":"Not\u00e1vel beleza entre montes! Assim \u00e9 a terra em que nasci. Madrigal de amor e c\u00e9u. Ins\u00edgnia de dul\u00e7or e alegria\u2026 De natureza singular, Horizonte mesclado e...","rel":"","context":"Em &quot;Literatura&quot;","block_context":{"text":"Literatura","link":"http:\/\/jornalrol.com.br\/?cat=9285"},"img":{"alt_text":"Marli Freitas","src":"https:\/\/i0.wp.com\/jornalrol.com.br\/wp-content\/uploads\/2026\/01\/52eb81ed-e713-44d4-aab4-f12c4c39cdc6.jpg?resize=350%2C200","width":350,"height":200,"srcset":"https:\/\/i0.wp.com\/jornalrol.com.br\/wp-content\/uploads\/2026\/01\/52eb81ed-e713-44d4-aab4-f12c4c39cdc6.jpg?resize=350%2C200 1x, https:\/\/i0.wp.com\/jornalrol.com.br\/wp-content\/uploads\/2026\/01\/52eb81ed-e713-44d4-aab4-f12c4c39cdc6.jpg?resize=525%2C300 1.5x, https:\/\/i0.wp.com\/jornalrol.com.br\/wp-content\/uploads\/2026\/01\/52eb81ed-e713-44d4-aab4-f12c4c39cdc6.jpg?resize=700%2C400 2x, https:\/\/i0.wp.com\/jornalrol.com.br\/wp-content\/uploads\/2026\/01\/52eb81ed-e713-44d4-aab4-f12c4c39cdc6.jpg?resize=1050%2C600 3x"},"classes":[]}],"jetpack_featured_media_url":"http:\/\/jornalrol.com.br\/wp-content\/uploads\/2026\/07\/745768608_2307220153015898_5005225392708401203_n-1.webp","_links":{"self":[{"href":"http:\/\/jornalrol.com.br\/index.php?rest_route=\/wp\/v2\/posts\/82536","targetHints":{"allow":["GET"]}}],"collection":[{"href":"http:\/\/jornalrol.com.br\/index.php?rest_route=\/wp\/v2\/posts"}],"about":[{"href":"http:\/\/jornalrol.com.br\/index.php?rest_route=\/wp\/v2\/types\/post"}],"author":[{"embeddable":true,"href":"http:\/\/jornalrol.com.br\/index.php?rest_route=\/wp\/v2\/users\/132"}],"replies":[{"embeddable":true,"href":"http:\/\/jornalrol.com.br\/index.php?rest_route=%2Fwp%2Fv2%2Fcomments&post=82536"}],"version-history":[{"count":2,"href":"http:\/\/jornalrol.com.br\/index.php?rest_route=\/wp\/v2\/posts\/82536\/revisions"}],"predecessor-version":[{"id":82540,"href":"http:\/\/jornalrol.com.br\/index.php?rest_route=\/wp\/v2\/posts\/82536\/revisions\/82540"}],"wp:featuredmedia":[{"embeddable":true,"href":"http:\/\/jornalrol.com.br\/index.php?rest_route=\/wp\/v2\/media\/82538"}],"wp:attachment":[{"href":"http:\/\/jornalrol.com.br\/index.php?rest_route=%2Fwp%2Fv2%2Fmedia&parent=82536"}],"wp:term":[{"taxonomy":"category","embeddable":true,"href":"http:\/\/jornalrol.com.br\/index.php?rest_route=%2Fwp%2Fv2%2Fcategories&post=82536"},{"taxonomy":"post_tag","embeddable":true,"href":"http:\/\/jornalrol.com.br\/index.php?rest_route=%2Fwp%2Fv2%2Ftags&post=82536"}],"curies":[{"name":"wp","href":"https:\/\/api.w.org\/{rel}","templated":true}]}}