{"id":82624,"date":"2026-07-17T09:01:29","date_gmt":"2026-07-17T12:01:29","guid":{"rendered":"https:\/\/jornalrol.com.br\/?p=82624"},"modified":"2026-07-17T09:26:37","modified_gmt":"2026-07-17T12:26:37","slug":"da-crise-a-inovacao","status":"publish","type":"post","link":"http:\/\/jornalrol.com.br\/?p=82624","title":{"rendered":"Da Crise \u00e0 Inova\u00e7\u00e3o"},"content":{"rendered":"<div class=\"pdfprnt-buttons pdfprnt-buttons-post pdfprnt-top-right\"><a href=\"http:\/\/jornalrol.com.br\/index.php?rest_route=%2Fwp%2Fv2%2Fposts%2F82624&print=pdf\" class=\"pdfprnt-button pdfprnt-button-pdf\" target=\"_blank\" ><\/a><a href=\"http:\/\/jornalrol.com.br\/index.php?rest_route=%2Fwp%2Fv2%2Fposts%2F82624&print=print\" class=\"pdfprnt-button pdfprnt-button-print\" target=\"_blank\" ><img decoding=\"async\" src=\"https:\/\/jornalrol.com.br\/wp-content\/plugins\/pdf-print\/images\/print.png\" alt=\"image_print\" title=\"Conte\u00fado de impress\u00e3o\" \/><\/a><\/div>\n<h2 class=\"wp-block-heading has-text-align-center\">Alexandre Rurikovich Carvalho<br><br> &#8216;<strong>Da Crise \u00e0 Inova\u00e7\u00e3o: A Experi\u00eancia da FEBACLA na Implanta\u00e7\u00e3o dos Eventos Virtuais Durante a Pandemia da Covid-19<\/strong>&#8216;<br><br><\/h2>\n\n\n<div class=\"wp-block-image\">\n<figure class=\"aligncenter size-full is-resized\"><img loading=\"lazy\" decoding=\"async\" width=\"1086\" height=\"1447\" data-attachment-id=\"80582\" data-permalink=\"http:\/\/jornalrol.com.br\/?attachment_id=80582\" data-orig-file=\"http:\/\/jornalrol.com.br\/wp-content\/uploads\/2026\/05\/FOTO-ALEXANDRE-RURIKOVICH-CARVALHO.png\" data-orig-size=\"1086,1447\" data-comments-opened=\"1\" data-image-meta=\"{&quot;aperture&quot;:&quot;0&quot;,&quot;credit&quot;:&quot;&quot;,&quot;camera&quot;:&quot;&quot;,&quot;caption&quot;:&quot;&quot;,&quot;created_timestamp&quot;:&quot;0&quot;,&quot;copyright&quot;:&quot;&quot;,&quot;focal_length&quot;:&quot;0&quot;,&quot;iso&quot;:&quot;0&quot;,&quot;shutter_speed&quot;:&quot;0&quot;,&quot;title&quot;:&quot;&quot;,&quot;orientation&quot;:&quot;0&quot;}\" data-image-title=\"FOTO ALEXANDRE RURIKOVICH CARVALHO\" data-image-description=\"&lt;p&gt;Alexandre Rurikovich Carvalho&lt;\/p&gt;\n\" data-image-caption=\"&lt;p&gt;Alexandre Rurikovich Carvalho&lt;\/p&gt;\n\" data-large-file=\"http:\/\/jornalrol.com.br\/wp-content\/uploads\/2026\/05\/FOTO-ALEXANDRE-RURIKOVICH-CARVALHO.png\" src=\"http:\/\/jornalrol.com.br\/wp-content\/uploads\/2026\/05\/FOTO-ALEXANDRE-RURIKOVICH-CARVALHO.png\" alt=\"Alexandre Rurikovich Carvalho\" class=\"wp-image-80582\" style=\"aspect-ratio:0.7505235236632696;width:232px;height:auto\" srcset=\"http:\/\/jornalrol.com.br\/wp-content\/uploads\/2026\/05\/FOTO-ALEXANDRE-RURIKOVICH-CARVALHO.png 1086w, http:\/\/jornalrol.com.br\/wp-content\/uploads\/2026\/05\/FOTO-ALEXANDRE-RURIKOVICH-CARVALHO-901x1200.png 901w, http:\/\/jornalrol.com.br\/wp-content\/uploads\/2026\/05\/FOTO-ALEXANDRE-RURIKOVICH-CARVALHO-768x1023.png 768w\" sizes=\"auto, (max-width: 1086px) 100vw, 1086px\" \/><figcaption class=\"wp-element-caption\">Alexandre Rurikovich Carvalho<\/figcaption><\/figure>\n<\/div>\n\n<div class=\"wp-block-image\">\n<figure class=\"aligncenter size-full\"><img loading=\"lazy\" decoding=\"async\" width=\"1536\" height=\"1024\" data-attachment-id=\"82625\" data-permalink=\"http:\/\/jornalrol.com.br\/?attachment_id=82625\" data-orig-file=\"http:\/\/jornalrol.com.br\/wp-content\/uploads\/2026\/07\/CAPA-DO-ARTIGO.jpg\" data-orig-size=\"1536,1024\" data-comments-opened=\"1\" data-image-meta=\"{&quot;aperture&quot;:&quot;0&quot;,&quot;credit&quot;:&quot;&quot;,&quot;camera&quot;:&quot;&quot;,&quot;caption&quot;:&quot;&quot;,&quot;created_timestamp&quot;:&quot;0&quot;,&quot;copyright&quot;:&quot;&quot;,&quot;focal_length&quot;:&quot;0&quot;,&quot;iso&quot;:&quot;0&quot;,&quot;shutter_speed&quot;:&quot;0&quot;,&quot;title&quot;:&quot;&quot;,&quot;orientation&quot;:&quot;0&quot;,&quot;alt&quot;:&quot;&quot;}\" data-image-title=\"CAPA DO ARTIGO\" data-image-description=\"\" data-image-caption=\"\" data-large-file=\"http:\/\/jornalrol.com.br\/wp-content\/uploads\/2026\/07\/CAPA-DO-ARTIGO.jpg\" src=\"https:\/\/jornalrol.com.br\/wp-content\/uploads\/2026\/07\/CAPA-DO-ARTIGO.jpg\" alt=\"\" class=\"wp-image-82625\" srcset=\"http:\/\/jornalrol.com.br\/wp-content\/uploads\/2026\/07\/CAPA-DO-ARTIGO.jpg 1536w, http:\/\/jornalrol.com.br\/wp-content\/uploads\/2026\/07\/CAPA-DO-ARTIGO-1200x800.jpg 1200w, http:\/\/jornalrol.com.br\/wp-content\/uploads\/2026\/07\/CAPA-DO-ARTIGO-768x512.jpg 768w\" sizes=\"auto, (max-width: 1536px) 100vw, 1536px\" \/><figcaption class=\"wp-element-caption\"><em><strong>Da Crise \u00e0 Inova\u00e7\u00e3o: A Experi\u00eancia da FEBACLA na Implanta\u00e7\u00e3o dos Eventos Virtuais Durante a&nbsp; Pandemia da COVID-19 <\/strong>retrata a trajet\u00f3ria de supera\u00e7\u00e3o e inova\u00e7\u00e3o da FEBACLA diante dos desafios&nbsp; impostos pela COVID-19. A imagem destaca a transforma\u00e7\u00e3o de uma crise sem precedentes em um&nbsp; legado institucional, evidenciando o pioneirismo da Federa\u00e7\u00e3o na realiza\u00e7\u00e3o de solenidades virtuais e&nbsp; seu compromisso permanente com a promo\u00e7\u00e3o da cultura, das ci\u00eancias, das letras e das artes. Imagem&nbsp; criada por IA.&nbsp;&nbsp;<br><br><\/em><\/figcaption><\/figure>\n<\/div>\n\n\n<h3 class=\"wp-block-heading\"><strong>Resumo&nbsp;<\/strong><\/h3>\n\n\n\n<p class=\"wp-block-paragraph\">A pandemia da covid-19 provocou uma das maiores crises sanit\u00e1rias da hist\u00f3ria&nbsp; contempor\u00e2nea, afetando profundamente as atividades culturais, acad\u00eamicas e&nbsp; cient\u00edficas em todo o mundo. O presente artigo relata a experi\u00eancia da Federa\u00e7\u00e3o&nbsp; Brasileira dos Acad\u00eamicos das Ci\u00eancias, Letras e Artes (FEBACLA) na implanta\u00e7\u00e3o de&nbsp; eventos virtuais como estrat\u00e9gia para assegurar a continuidade de suas atividades&nbsp; institucionais durante o per\u00edodo de isolamento social. A partir de uma viv\u00eancia&nbsp; marcada por desafios pessoais e institucionais, demonstra-se como a inova\u00e7\u00e3o&nbsp; tecnol\u00f3gica, aliada \u00e0 colabora\u00e7\u00e3o de parceiros e ao compromisso com a promo\u00e7\u00e3o da&nbsp; cultura, possibilitou a cria\u00e7\u00e3o de um novo modelo de atua\u00e7\u00e3o que permanece&nbsp; consolidado mesmo ap\u00f3s o fim das restri\u00e7\u00f5es sanit\u00e1rias. O estudo evidencia que a&nbsp; experi\u00eancia da FEBACLA contribuiu para ampliar o acesso \u00e0s atividades acad\u00eamicas e&nbsp; culturais, servindo de refer\u00eancia para outras institui\u00e7\u00f5es.&nbsp;<\/p>\n\n\n\n<p class=\"wp-block-paragraph\"><strong>Palavras-chave: <\/strong>Covid-19; Eventos Virtuais; FEBACLA; Cultura; Inova\u00e7\u00e3o; Google&nbsp; Meet.<\/p>\n\n\n\n<h3 class=\"wp-block-heading\"><strong>Introdu\u00e7\u00e3o&nbsp;<\/strong><\/h3>\n\n\n\n<p class=\"wp-block-paragraph\">A pandemia da covid-19 representou um dos acontecimentos mais marcantes da&nbsp; hist\u00f3ria contempor\u00e2nea, produzindo impactos que ultrapassaram a esfera da sa\u00fade&nbsp; p\u00fablica e alcan\u00e7aram praticamente todos os setores da sociedade. Em quest\u00e3o de&nbsp; semanas, pa\u00edses inteiros interromperam suas atividades econ\u00f4micas, educacionais,&nbsp; religiosas, cient\u00edficas e culturais, em um esfor\u00e7o coletivo para conter a propaga\u00e7\u00e3o de&nbsp; um v\u00edrus at\u00e9 ent\u00e3o desconhecido. A velocidade com que a doen\u00e7a se espalhou&nbsp; surpreendeu governos, institui\u00e7\u00f5es e organismos internacionais, exigindo decis\u00f5es&nbsp; r\u00e1pidas e medidas de emerg\u00eancia sem precedentes na hist\u00f3ria recente.&nbsp;<\/p>\n\n\n\n<p class=\"wp-block-paragraph\">No Brasil, assim como em diversas partes do mundo, o cotidiano da popula\u00e7\u00e3o foi&nbsp; profundamente alterado. O isolamento social, o fechamento de espa\u00e7os p\u00fablicos, a&nbsp; suspens\u00e3o de eventos presenciais e as restri\u00e7\u00f5es de circula\u00e7\u00e3o modificaram a&nbsp; din\u00e2mica das rela\u00e7\u00f5es humanas e institucionais. As atividades culturais,&nbsp; tradicionalmente fundamentadas no encontro entre pessoas, foram especialmente&nbsp; afetadas, levando in\u00fameras institui\u00e7\u00f5es \u00e0 paralisa\u00e7\u00e3o de suas programa\u00e7\u00f5es e ao&nbsp; cancelamento de projetos cuidadosamente planejados.&nbsp;<\/p>\n\n\n\n<p class=\"wp-block-paragraph\">Para as organiza\u00e7\u00f5es voltadas \u00e0 promo\u00e7\u00e3o da cultura, da ci\u00eancia, das letras e das&nbsp; artes, o cen\u00e1rio era de absoluta incerteza. N\u00e3o havia previs\u00f5es sobre quando as&nbsp; atividades poderiam ser retomadas nem garantia de que os modelos tradicionais de&nbsp; realiza\u00e7\u00e3o de eventos continuariam vi\u00e1veis. Muitos acreditavam que seria necess\u00e1rio&nbsp; aguardar o t\u00e9rmino da pandemia para reconstruir o trabalho institucional desenvolvido&nbsp; ao longo de d\u00e9cadas.&nbsp;<\/p>\n\n\n\n<p class=\"wp-block-paragraph\">Foi nesse contexto que a <strong>Federa\u00e7\u00e3o Brasileira dos Acad\u00eamicos das Ci\u00eancias,&nbsp; Letras e Artes (FEBACLA) <\/strong>e o <strong>Centro Sarmathiano de Altos Estudos Filos\u00f3ficos e&nbsp; Hist\u00f3ricos (CSAEFH) <\/strong>passaram a enfrentar um dos maiores desafios de suas&nbsp; trajet\u00f3rias. A necessidade de preservar a miss\u00e3o institucional, manter viva a produ\u00e7\u00e3o&nbsp; cultural e assegurar a continuidade das atividades acad\u00eamicas exigiu coragem,&nbsp; criatividade e capacidade de adapta\u00e7\u00e3o diante de um cen\u00e1rio completamente novo.&nbsp;<\/p>\n\n\n\n<p class=\"wp-block-paragraph\">O presente artigo apresenta um relato fundamentado na experi\u00eancia vivenciada&nbsp; durante esse per\u00edodo, demonstrando como uma crise sem precedentes tornou-se&nbsp; tamb\u00e9m uma oportunidade de inova\u00e7\u00e3o institucional. Mais do que registrar&nbsp; acontecimentos hist\u00f3ricos, busca-se refletir sobre o papel da tecnologia, da&nbsp; coopera\u00e7\u00e3o humana e da perseveran\u00e7a na constru\u00e7\u00e3o de novos caminhos para a&nbsp; promo\u00e7\u00e3o da cultura, evidenciando como uma solu\u00e7\u00e3o inicialmente emergencial&nbsp; transformou-se em um modelo consolidado de atua\u00e7\u00e3o que permanece relevante at\u00e9&nbsp; os dias atuais.&nbsp;<\/p>\n\n\n\n<h3 class=\"wp-block-heading\"><strong>O impacto da pandemia na atua\u00e7\u00e3o institucional&nbsp;<\/strong><\/h3>\n\n\n\n<p class=\"wp-block-paragraph\">No in\u00edcio de mar\u00e7o de 2020, a FEBACLA possu\u00eda um calend\u00e1rio institucional&nbsp; cuidadosamente organizado, contemplando solenidades acad\u00eamicas, concess\u00f5es de&nbsp; honrarias, confer\u00eancias e encontros culturais em diferentes regi\u00f5es do Brasil. Entre os&nbsp; compromissos j\u00e1 confirmados destacavam-se dois importantes eventos, um na cidade&nbsp; de <strong>Florian\u00f3polis, <\/strong>capital do Estado de Santa Catarina, e outro na cidade de <strong>Niter\u00f3i<\/strong>,&nbsp; no Estado do Rio de Janeiro. Ambos representavam n\u00e3o apenas solenidades&nbsp; protocolares, mas oportunidades de fortalecer a integra\u00e7\u00e3o entre acad\u00eamicos,&nbsp;escritores, pesquisadores, artistas e personalidades comprometidas com o&nbsp; desenvolvimento cultural brasileiro.&nbsp;<\/p>\n\n\n\n<p class=\"wp-block-paragraph\">Entretanto, em poucos dias, o avan\u00e7o da covid-19 alterou completamente essa&nbsp; realidade. O aumento acelerado do n\u00famero de casos levou autoridades sanit\u00e1rias e&nbsp; governamentais a adotarem medidas rigorosas para conter a dissemina\u00e7\u00e3o da doen\u00e7a.&nbsp; As recomenda\u00e7\u00f5es para evitar aglomera\u00e7\u00f5es rapidamente evolu\u00edram para&nbsp; determina\u00e7\u00f5es oficiais que proibiram a realiza\u00e7\u00e3o de eventos presenciais,&nbsp; interromperam atividades culturais e restringiram praticamente toda forma de reuni\u00e3o&nbsp; p\u00fablica.&nbsp;<\/p>\n\n\n\n<p class=\"wp-block-paragraph\">A decreta\u00e7\u00e3o do lockdown marcou um dos momentos mais dram\u00e1ticos daquele&nbsp; per\u00edodo. Cidades inteiras passaram a funcionar sob severas limita\u00e7\u00f5es de circula\u00e7\u00e3o,&nbsp; estabelecimentos permaneceram fechados e milh\u00f5es de pessoas foram obrigadas a&nbsp; permanecer em suas resid\u00eancias. A cultura, cuja ess\u00eancia reside justamente no&nbsp; encontro entre pessoas, foi profundamente impactada. Teatros, centros culturais,&nbsp; audit\u00f3rios, bibliotecas e institui\u00e7\u00f5es acad\u00eamicas suspenderam suas atividades por&nbsp; tempo indeterminado.&nbsp;<\/p>\n\n\n\n<p class=\"wp-block-paragraph\">Na condi\u00e7\u00e3o de Presidente da FEBACLA e Diretor do Centro Sarmathiano de Altos&nbsp; Estudos Filos\u00f3ficos e Hist\u00f3ricos, acompanhei cada uma dessas mudan\u00e7as com&nbsp; enorme apreens\u00e3o. O desafio n\u00e3o consistia apenas em cancelar eventos previamente&nbsp; organizados, mas em compreender como preservar a continuidade de uma institui\u00e7\u00e3o&nbsp; cuja miss\u00e3o sempre esteve fundamentada na valoriza\u00e7\u00e3o da produ\u00e7\u00e3o intelectual,&nbsp; art\u00edstica e cient\u00edfica por meio do contato direto entre seus membros e da realiza\u00e7\u00e3o de&nbsp; solenidades presenciais.&nbsp;<\/p>\n\n\n\n<p class=\"wp-block-paragraph\">O sentimento predominante era de incerteza. N\u00e3o existiam respostas claras sobre&nbsp; quanto tempo durariam as restri\u00e7\u00f5es nem sobre os impactos que aquela crise&nbsp; produziria nas institui\u00e7\u00f5es culturais. Projetos cuidadosamente planejados precisaram&nbsp; ser suspensos, agendas foram desfeitas e in\u00fameras iniciativas ficaram&nbsp; temporariamente impossibilitadas de acontecer. Diante daquele cen\u00e1rio, parecia que&nbsp; todo o trabalho desenvolvido ao longo dos anos havia sido abruptamente&nbsp; interrompido.&nbsp;<\/p>\n\n\n\n<p class=\"wp-block-paragraph\">Apesar das dificuldades, tornou-se evidente que a miss\u00e3o institucional da FEBACLA&nbsp; n\u00e3o poderia ser interrompida indefinidamente. Era necess\u00e1rio encontrar novos&nbsp; caminhos para continuar promovendo a cultura, reconhecendo o m\u00e9rito acad\u00eamico e&nbsp; mantendo vivo o di\u00e1logo entre pesquisadores, escritores, artistas e intelectuais. Essa&nbsp; necessidade seria o ponto de partida para uma das mais importantes transforma\u00e7\u00f5es&nbsp; da hist\u00f3ria da institui\u00e7\u00e3o.&nbsp;<\/p>\n\n\n\n<p class=\"wp-block-paragraph\"><strong>A luta pessoal contra a covid<\/strong>&#8211;<strong>19<\/strong><\/p>\n\n\n\n<p class=\"wp-block-paragraph\">Enquanto a FEBACLA enfrentava os desafios decorrentes da paralisa\u00e7\u00e3o das&nbsp; atividades presenciais, vivi uma experi\u00eancia que marcou profundamente minha&nbsp; trajet\u00f3ria pessoal e institucional. Fui contaminado pela covid-19 justamente em um&nbsp; dos per\u00edodos mais cr\u00edticos da pandemia, quando o sistema de sa\u00fade brasileiro&nbsp; enfrentava enorme press\u00e3o diante do crescimento acelerado do n\u00famero de pacientes.&nbsp;Os hospitais do Estado do Rio de Janeiro encontravam-se superlotados. Tanto a rede&nbsp; p\u00fablica quanto a rede privada operavam pr\u00f3ximas do limite de sua capacidade,&nbsp;tornando extremamente dif\u00edcil o acesso a atendimento m\u00e9dico e leitos hospitalares. As&nbsp; not\u00edcias divulgadas diariamente retratavam um cen\u00e1rio de sofrimento coletivo, com&nbsp; fam\u00edlias separadas pelo isolamento, profissionais de sa\u00fade trabalhando&nbsp; exaustivamente e milhares de vidas sendo perdidas em um curto espa\u00e7o de tempo.&nbsp;<\/p>\n\n\n\n<p class=\"wp-block-paragraph\">Nesse contexto, enfrentei uma intensa batalha pela sobreviv\u00eancia. A doen\u00e7a revelou&nbsp; toda a sua gravidade, impondo limita\u00e7\u00f5es f\u00edsicas, incertezas e momentos de profunda&nbsp; ang\u00fastia. Como milh\u00f5es de pessoas ao redor do mundo, experimentei o medo diante&nbsp; de uma enfermidade cujos efeitos ainda eram pouco conhecidos pela comunidade&nbsp; cient\u00edfica. A sensa\u00e7\u00e3o de fragilidade humana tornou-se uma realidade concreta.&nbsp;<\/p>\n\n\n\n<p class=\"wp-block-paragraph\"><strong>Sob a perspectiva da minha f\u00e9, compreendi aquele per\u00edodo como uma travessia&nbsp; pelo &#8220;vale da sombra da morte&#8221;<\/strong>. Foram dias de sofrimento, reflex\u00e3o e esperan\u00e7a,&nbsp; nos quais a confian\u00e7a em Deus tornou-se fonte permanente de fortalecimento&nbsp; espiritual. A recupera\u00e7\u00e3o, ap\u00f3s quase dois meses de intensa luta, foi recebida como&nbsp; uma d\u00e1diva divina e como a confirma\u00e7\u00e3o de que minha miss\u00e3o de servir \u00e0 cultura, ao&nbsp; conhecimento e \u00e0 sociedade ainda n\u00e3o havia sido conclu\u00edda.&nbsp;<\/p>\n\n\n\n<p class=\"wp-block-paragraph\">A experi\u00eancia da enfermidade transformou profundamente minha maneira de&nbsp; compreender o papel das institui\u00e7\u00f5es culturais em momentos de crise. Sobreviver \u00e0&nbsp; pandemia significou tamb\u00e9m assumir uma responsabilidade renovada diante da&nbsp; miss\u00e3o institucional da FEBACLA. A partir daquele momento, tornou-se ainda mais&nbsp; evidente que seria necess\u00e1rio encontrar alternativas capazes de manter viva a&nbsp; produ\u00e7\u00e3o cultural, fortalecer os v\u00ednculos entre os acad\u00eamicos e oferecer esperan\u00e7a&nbsp; em um per\u00edodo marcado pelo isolamento e pela incerteza.&nbsp;<\/p>\n\n\n\n<p class=\"wp-block-paragraph\">Foi justamente dessa combina\u00e7\u00e3o entre a experi\u00eancia pessoal, a supera\u00e7\u00e3o da doen\u00e7a&nbsp; e o compromisso com a continuidade institucional que nasceu a determina\u00e7\u00e3o de&nbsp; buscar solu\u00e7\u00f5es inovadoras. A luta pela pr\u00f3pria vida acabou tornando-se tamb\u00e9m um&nbsp; impulso para reinventar a forma de fazer cultura, demonstrando que, mesmo diante&nbsp; das maiores adversidades, \u00e9 poss\u00edvel transformar dificuldades em oportunidades de&nbsp; crescimento e renova\u00e7\u00e3o.&nbsp;<\/p>\n\n\n\n<h3 class=\"wp-block-heading\"><strong>O nascimento dos eventos virtuais&nbsp;<\/strong><\/h3>\n\n\n\n<p class=\"wp-block-paragraph\">Ap\u00f3s quase dois meses de recupera\u00e7\u00e3o da covid-19, uma inquieta\u00e7\u00e3o passou a&nbsp; ocupar meus pensamentos diariamente. A pandemia havia interrompido&nbsp; completamente o calend\u00e1rio institucional da FEBACLA e do Centro Sarmathiano de&nbsp; Altos Estudos Filos\u00f3ficos e Hist\u00f3ricos. O cen\u00e1rio nacional permanecia marcado por&nbsp; incertezas, n\u00e3o existia qualquer previs\u00e3o para a retomada dos eventos presenciais e&nbsp; in\u00fameras institui\u00e7\u00f5es culturais encontravam-se completamente paralisadas.&nbsp;<\/p>\n\n\n\n<p class=\"wp-block-paragraph\">A grande pergunta era inevit\u00e1vel: <strong>como manter viva uma institui\u00e7\u00e3o cuja ess\u00eancia&nbsp; sempre esteve baseada no encontro entre pessoas?&nbsp;<\/strong><\/p>\n\n\n\n<p class=\"wp-block-paragraph\">Durante anos, a FEBACLA havia percorrido diferentes regi\u00f5es do Brasil realizando&nbsp; solenidades de posse acad\u00eamica, concess\u00f5es de honrarias, confer\u00eancias,&nbsp; lan\u00e7amentos de livros e encontros destinados \u00e0 valoriza\u00e7\u00e3o da cultura, das ci\u00eancias,&nbsp; das letras e das artes. Todo esse trabalho parecia subitamente amea\u00e7ado por uma&nbsp; crise sanit\u00e1ria sem precedentes. Foi justamente quando as perspectivas pareciam se esgotar que surgiu uma sugest\u00e3o&nbsp; que mudaria definitivamente a hist\u00f3ria da institui\u00e7\u00e3o.&nbsp;<\/p>\n\n\n\n<p class=\"wp-block-paragraph\">O amigo, irm\u00e3o e escritor <strong>Celso Ricardo de Almeida <\/strong>prop\u00f4s que a FEBACLA&nbsp; passasse a realizar seus eventos por meio da plataforma <strong>Google Meet<\/strong>. \u00c0 primeira&nbsp; vista, a proposta pareceu extremamente ousada. A ideia de substituir solenidades&nbsp; presenciais, marcadas pelo protocolo acad\u00eamico e pela intera\u00e7\u00e3o direta entre&nbsp; autoridades, acad\u00eamicos e convidados, por encontros inteiramente virtuais parecia um&nbsp; desafio dif\u00edcil de ser superado.&nbsp;<\/p>\n\n\n\n<p class=\"wp-block-paragraph\">Minha primeira rea\u00e7\u00e3o foi de cautela. Naquele momento, poucas institui\u00e7\u00f5es utilizavam plataformas digitais para cerim\u00f4nias oficiais, e praticamente inexistiam refer\u00eancias de&nbsp; solenidades acad\u00eamicas realizadas integralmente pela internet. Era natural surgirem&nbsp; d\u00favidas quanto \u00e0 aceita\u00e7\u00e3o do p\u00fablico, \u00e0 manuten\u00e7\u00e3o da solenidade do protocolo&nbsp; institucional e \u00e0 pr\u00f3pria viabilidade t\u00e9cnica da proposta.&nbsp;<\/p>\n\n\n\n<p class=\"wp-block-paragraph\">Entretanto, a experi\u00eancia tecnol\u00f3gica de Celso Ricardo de Almeida revelou-se&nbsp; decisiva. Com dedica\u00e7\u00e3o, paci\u00eancia e esp\u00edrito colaborativo, ele conduziu o processo&nbsp; de implanta\u00e7\u00e3o da plataforma, orientando os participantes, solucionando dificuldades&nbsp; t\u00e9cnicas e desenvolvendo um modelo de realiza\u00e7\u00e3o de eventos que preservava a&nbsp; formalidade caracter\u00edstica da FEBACLA. Sua atua\u00e7\u00e3o foi fundamental para que os&nbsp; primeiros encontros virtuais fossem realizados com seguran\u00e7a e organiza\u00e7\u00e3o,&nbsp; assumindo a responsabilidade pela opera\u00e7\u00e3o da plataforma durante as solenidades.&nbsp;<\/p>\n\n\n\n<p class=\"wp-block-paragraph\">O sucesso das primeiras experi\u00eancias demonstrou que a tecnologia poderia ser&nbsp; utilizada n\u00e3o como substituta da conviv\u00eancia humana, mas como instrumento capaz de&nbsp; manter viva a miss\u00e3o institucional da FEBACLA em um dos momentos mais dif\u00edceis da&nbsp; hist\u00f3ria contempor\u00e2nea.&nbsp;<\/p>\n\n\n\n<p class=\"wp-block-paragraph\">Contudo, a consolida\u00e7\u00e3o desse novo modelo n\u00e3o foi resultado do esfor\u00e7o isolado de&nbsp; uma \u00fanica pessoa. Diversos colaboradores colocaram seus conhecimentos, tempo e&nbsp; dedica\u00e7\u00e3o a servi\u00e7o da institui\u00e7\u00e3o, formando uma verdadeira rede de coopera\u00e7\u00e3o&nbsp; constru\u00edda em torno do compromisso comum de preservar a cultura brasileira.&nbsp;<\/p>\n\n\n\n<p class=\"wp-block-paragraph\">Entre essas pessoas merece especial reconhecimento a inesquec\u00edvel <strong>Dr\u00aa Carmen&nbsp; Rejane Cella<\/strong>, que exercia a fun\u00e7\u00e3o de <strong>Delegada Cultural da Presid\u00eancia da&nbsp; FEBACLA na Regi\u00e3o Sul do Brasil<\/strong>. Sua participa\u00e7\u00e3o foi marcada pelo permanente&nbsp; incentivo \u00e0 continuidade das atividades institucionais e pela confian\u00e7a de que a cultura&nbsp; n\u00e3o poderia sucumbir diante das limita\u00e7\u00f5es impostas pela pandemia. Seu entusiasmo,&nbsp; sua sensibilidade e sua vis\u00e3o institucional fortaleceram a implanta\u00e7\u00e3o dos eventos&nbsp; virtuais justamente quando ainda predominavam as d\u00favidas sobre esse novo formato.&nbsp;<\/p>\n\n\n\n<p class=\"wp-block-paragraph\">Foi tamb\u00e9m por iniciativa da Dr\u00aa Carmen Rejane Cella que o poeta, escritor e amigo&nbsp; <strong>Iratan Martins Curvello <\/strong>passou a integrar a equipe respons\u00e1vel pelas solenidades&nbsp; virtuais. Indicado para exercer a fun\u00e7\u00e3o de cerimonialista oficial dos eventos virtuais da FEBACLA, Iratan assumiu essa responsabilidade com extraordin\u00e1ria compet\u00eancia,&nbsp; refinada eleg\u00e2ncia e profundo respeito ao protocolo acad\u00eamico.&nbsp;<\/p>\n\n\n\n<p class=\"wp-block-paragraph\">Sua voz serena, sua postura equilibrada e seu dom\u00ednio da condu\u00e7\u00e3o cerimonial&nbsp; contribu\u00edram decisivamente para preservar o elevado padr\u00e3o de solenidade que&nbsp; sempre caracterizou as cerim\u00f4nias da FEBACLA. Mesmo diante de um ambiente&nbsp; totalmente virtual, conseguiu imprimir formalidade, acolhimento e dinamismo \u00e0s&nbsp;solenidades, demonstrando que a excel\u00eancia do cerimonial n\u00e3o depende&nbsp; exclusivamente do espa\u00e7o f\u00edsico, mas sobretudo da compet\u00eancia daqueles que o&nbsp; conduzem.&nbsp;<\/p>\n\n\n\n<p class=\"wp-block-paragraph\">Gra\u00e7as ao empenho conjunto de Celso Ricardo de Almeida, da Dra. Carmen Rejane&nbsp; Cella, de Iratan Martins Curvello e de diversos colaboradores que participaram desse&nbsp; processo, a FEBACLA conseguiu superar uma das maiores crises de sua hist\u00f3ria&nbsp; institucional. O que inicialmente parecia apenas uma solu\u00e7\u00e3o provis\u00f3ria come\u00e7ava a&nbsp; revelar-se um caminho promissor para o futuro da institui\u00e7\u00e3o.&nbsp;<\/p>\n\n\n\n<h3 class=\"wp-block-heading\"><strong>Da solu\u00e7\u00e3o emergencial ao novo modelo institucional&nbsp;<\/strong><\/h3>\n\n\n\n<p class=\"wp-block-paragraph\">\u00c0 medida que as restri\u00e7\u00f5es sanit\u00e1rias foram sendo gradualmente flexibilizadas,&nbsp; acreditava-se que os eventos presenciais retomariam naturalmente o protagonismo&nbsp; das atividades institucionais. Afinal, durante toda a sua trajet\u00f3ria, a FEBACLA&nbsp; construiu sua identidade por meio de solenidades realizadas em audit\u00f3rios, c\u00e2maras&nbsp; municipais, escolas, universidades, centros culturais e diversas institui\u00e7\u00f5es&nbsp; espalhadas pelo territ\u00f3rio brasileiro.&nbsp;<\/p>\n\n\n\n<p class=\"wp-block-paragraph\">Minha expectativa era exatamente essa. Imaginava que, encerrado o per\u00edodo mais&nbsp; cr\u00edtico da pandemia, os eventos virtuais cumpririam sua miss\u00e3o emergencial e&nbsp; deixariam de ser necess\u00e1rios, permitindo o retorno definitivo ao modelo tradicional.&nbsp;<\/p>\n\n\n\n<p class=\"wp-block-paragraph\">Entretanto, a realidade mostrou-se completamente diferente.&nbsp;<\/p>\n\n\n\n<p class=\"wp-block-paragraph\">Mesmo com a reabertura gradual das atividades presenciais, um n\u00famero significativo&nbsp; de acad\u00eamicos, escritores, artistas, pesquisadores e personalidades continuou&nbsp; demonstrando prefer\u00eancia pela modalidade virtual. Muitos participantes destacavam a&nbsp; facilidade de acompanhar as solenidades diretamente de suas resid\u00eancias, sem a&nbsp; necessidade de longos deslocamentos, gastos com hospedagem ou limita\u00e7\u00f5es&nbsp; impostas pela dist\u00e2ncia geogr\u00e1fica. Essa mudan\u00e7a de comportamento revelou que a&nbsp; experi\u00eancia vivenciada durante a pandemia havia transformado a maneira como&nbsp; muitas pessoas passaram a compreender e participar das atividades culturais e&nbsp; acad\u00eamicas.&nbsp;<\/p>\n\n\n\n<p class=\"wp-block-paragraph\">Outro aspecto que contribuiu decisivamente para essa consolida\u00e7\u00e3o foi a estrutura&nbsp; administrativa criada pela FEBACLA para atender aos participantes \u00e0 dist\u00e2ncia. As&nbsp; honrarias passaram a ser cuidadosamente confeccionadas e encaminhadas pelos&nbsp; servi\u00e7os postais para diferentes estados brasileiros e, posteriormente, tamb\u00e9m para&nbsp; outros pa\u00edses, permitindo que os agraciados participassem das cerim\u00f4nias em tempo&nbsp; real e recebessem seus diplomas, medalhas e comendas com seguran\u00e7a,&nbsp; preservando toda a dignidade e o simbolismo das distin\u00e7\u00f5es concedidas pela&nbsp; institui\u00e7\u00e3o.&nbsp;<\/p>\n\n\n\n<p class=\"wp-block-paragraph\">Gradualmente, percebeu-se que o ambiente virtual n\u00e3o diminu\u00eda a import\u00e2ncia do&nbsp; reconhecimento institucional. Pelo contr\u00e1rio, ampliava significativamente o alcance&nbsp; das atividades da FEBACLA, tornando poss\u00edvel reunir, em uma \u00fanica solenidade,&nbsp; participantes provenientes de diversas regi\u00f5es do Brasil e do exterior, algo que&nbsp; dificilmente seria alcan\u00e7ado em encontros exclusivamente presenciais. A tecnologia&nbsp; deixou de ser apenas um recurso emergencial para tornar-se uma importante aliada&nbsp; da democratiza\u00e7\u00e3o da cultura, permitindo que pessoas antes impossibilitadas de&nbsp; participar das solenidades pudessem integrar-se plenamente \u00e0 vida acad\u00eamica da&nbsp; Federa\u00e7\u00e3o.<\/p>\n\n\n\n<p class=\"wp-block-paragraph\">Durante esse processo de consolida\u00e7\u00e3o institucional, ocorreu tamb\u00e9m uma importante&nbsp; transi\u00e7\u00e3o na condu\u00e7\u00e3o do cerimonial. Em raz\u00e3o da ren\u00fancia de <strong>Iratan Martins&nbsp; Curvello<\/strong>, que passou a dedicar-se integralmente ao desenvolvimento de relevantes&nbsp; projetos culturais na hist\u00f3rica cidade de <strong>S\u00e3o Francisco do Sul<\/strong>, em Santa Catarina,&nbsp; tornou-se necess\u00e1ria a escolha de um novo mestre de cerim\u00f4nias para dar&nbsp; continuidade ao trabalho desenvolvido.&nbsp;<\/p>\n\n\n\n<p class=\"wp-block-paragraph\">Foi ent\u00e3o que outro grande colaborador passou a desempenhar papel de enorme&nbsp; relev\u00e2ncia nessa trajet\u00f3ria: o jornalista, escritor e amigo <strong>Sergio Diniz da Costa<\/strong>.&nbsp;<\/p>\n\n\n\n<p class=\"wp-block-paragraph\">Assumindo a condu\u00e7\u00e3o do cerimonial dos eventos virtuais da FEBACLA, Sergio Diniz&nbsp; da Costa rapidamente conquistou o reconhecimento dos participantes pela seguran\u00e7a&nbsp; com que conduzia as solenidades, pela clareza da comunica\u00e7\u00e3o, pelo respeito aos&nbsp; protocolos acad\u00eamicos e pela eleg\u00e2ncia na apresenta\u00e7\u00e3o institucional. Sua atua\u00e7\u00e3o&nbsp; representou a continuidade do elevado padr\u00e3o estabelecido desde os primeiros&nbsp; eventos virtuais, assegurando estabilidade ao novo modelo organizacional que vinha&nbsp; sendo constru\u00eddo e contribuindo para fortalecer a identidade institucional da&nbsp; FEBACLA no ambiente digital.&nbsp;<\/p>\n\n\n\n<p class=\"wp-block-paragraph\">Paralelamente, os eventos passaram a alcan\u00e7ar um p\u00fablico ainda maior gra\u00e7as \u00e0&nbsp; importante parceria firmada com a <strong>TV Channel Network<\/strong>, respons\u00e1vel pela&nbsp; transmiss\u00e3o das solenidades por meio de seu canal oficial no YouTube. Essa parceria&nbsp; representou um novo marco na evolu\u00e7\u00e3o dos eventos virtuais da FEBACLA,&nbsp; ampliando significativamente sua visibilidade institucional e permitindo que familiares,&nbsp; amigos, convidados, acad\u00eamicos, pesquisadores e espectadores de diferentes&nbsp; regi\u00f5es do Brasil e do exterior acompanhassem as cerim\u00f4nias ao vivo,&nbsp; independentemente de sua localiza\u00e7\u00e3o geogr\u00e1fica.&nbsp;<\/p>\n\n\n\n<p class=\"wp-block-paragraph\">Nesse contexto, merece especial reconhecimento o trabalho do jornalista <strong>Ale Abdo<\/strong>,&nbsp; CEO da <strong>TV Channel Network<\/strong>, cuja dedica\u00e7\u00e3o, profissionalismo e compromisso com&nbsp; a difus\u00e3o da cultura foram decisivos para o fortalecimento dessa parceria institucional.&nbsp; Ao disponibilizar a estrutura t\u00e9cnica da emissora e oferecer suporte permanente \u00e0s&nbsp; transmiss\u00f5es, Ale Abdo contribuiu para elevar a qualidade audiovisual das&nbsp; solenidades, assegurando que cada evento fosse realizado com elevado padr\u00e3o&nbsp; t\u00e9cnico e ampla proje\u00e7\u00e3o p\u00fablica. Sua colabora\u00e7\u00e3o consolidou-se como um&nbsp; importante diferencial para a FEBACLA, permitindo que as cerim\u00f4nias&nbsp; ultrapassassem os limites da plataforma de videoconfer\u00eancia e alcan\u00e7assem um&nbsp; p\u00fablico muito mais amplo por meio das transmiss\u00f5es ao vivo no YouTube.&nbsp;<\/p>\n\n\n\n<p class=\"wp-block-paragraph\">Al\u00e9m de ampliar a audi\u00eancia, a transmiss\u00e3o pela TV Channel Network proporcionou&nbsp; um relevante legado institucional: a preserva\u00e7\u00e3o do registro audiovisual das&nbsp; solenidades, constituindo um importante acervo hist\u00f3rico da FEBACLA. Cada&nbsp; cerim\u00f4nia passou a integrar a mem\u00f3ria da institui\u00e7\u00e3o, permanecendo dispon\u00edvel para&nbsp; consulta, pesquisa e divulga\u00e7\u00e3o, fortalecendo o patrim\u00f4nio documental e hist\u00f3rico da&nbsp; Federa\u00e7\u00e3o.&nbsp;<\/p>\n\n\n\n<p class=\"wp-block-paragraph\">O resultado dessa evolu\u00e7\u00e3o foi a consolida\u00e7\u00e3o de um modelo h\u00edbrido de atua\u00e7\u00e3o&nbsp; institucional. A FEBACLA passou a realizar tanto eventos presenciais quanto&nbsp; solenidades virtuais, respeitando as prefer\u00eancias e possibilidades de seus&nbsp; participantes. Longe de representar uma solu\u00e7\u00e3o tempor\u00e1ria, os eventos virtuais&nbsp; transformaram-se em uma importante ferramenta de democratiza\u00e7\u00e3o do acesso \u00e0&nbsp; cultura, permitindo que pessoas de diferentes regi\u00f5es e realidades participassem&nbsp; ativamente da vida acad\u00eamica da institui\u00e7\u00e3o.<\/p>\n\n\n\n<p class=\"wp-block-paragraph\">Passados seis anos desde o in\u00edcio da pandemia, esse modelo permanece&nbsp; plenamente consolidado. A experi\u00eancia demonstrou que a inova\u00e7\u00e3o tecnol\u00f3gica,&nbsp; quando utilizada com responsabilidade, planejamento e sensibilidade institucional,&nbsp; n\u00e3o substitui a riqueza do encontro presencial, mas amplia horizontes, fortalece&nbsp; v\u00ednculos e torna a cultura mais acess\u00edvel. A trajet\u00f3ria da FEBACLA evidencia que&nbsp; momentos de profunda crise tamb\u00e9m podem produzir legados duradouros, capazes&nbsp; de transformar desafios em oportunidades e de inspirar outras organiza\u00e7\u00f5es culturais&nbsp; a repensarem suas formas de atua\u00e7\u00e3o.&nbsp;<\/p>\n\n\n\n<p class=\"wp-block-paragraph\">Ao longo desse processo, tornou-se evidente que o sucesso dos eventos virtuais foi&nbsp; resultado da uni\u00e3o de pessoas comprometidas com um ideal comum. A contribui\u00e7\u00e3o&nbsp; do escritor <strong>Celso Ricardo de Almeida<\/strong>, respons\u00e1vel pela implanta\u00e7\u00e3o da plataforma&nbsp; Google Meet; da saudosa <strong>Dra. Carmen Rejane Cella<\/strong>, cujo incentivo foi fundamental&nbsp; nos primeiros momentos dessa transforma\u00e7\u00e3o; do poeta <strong>Iratan Martins Curvello<\/strong>, que&nbsp; conferiu elevado padr\u00e3o ao cerimonial das solenidades; do jornalista e escritor <strong>Sergio&nbsp; Diniz da Costa<\/strong>, que deu continuidade a esse trabalho com compet\u00eancia e distin\u00e7\u00e3o;&nbsp; e do jornalista <strong>Ale Abdo<\/strong>, CEO da <strong>TV Channel Network<\/strong>, que ampliou&nbsp; significativamente a proje\u00e7\u00e3o institucional da FEBACLA por meio das transmiss\u00f5es ao&nbsp; vivo, integra de forma permanente a mem\u00f3ria hist\u00f3rica da Federa\u00e7\u00e3o. Cada um, em&nbsp; sua \u00e1rea de atua\u00e7\u00e3o, contribuiu decisivamente para que um projeto nascido em meio&nbsp; a uma das maiores crises da humanidade se transformasse em um modelo&nbsp; consolidado de promo\u00e7\u00e3o da cultura, das ci\u00eancias, das letras e das artes, deixando&nbsp; um legado que continuar\u00e1 inspirando as futuras gera\u00e7\u00f5es.&nbsp;<\/p>\n\n\n\n<h3 class=\"wp-block-heading\"><strong>A consolida\u00e7\u00e3o de um legado&nbsp;<\/strong><\/h3>\n\n\n\n<p class=\"wp-block-paragraph\">A implanta\u00e7\u00e3o dos eventos virtuais pela FEBACLA representou muito mais do que&nbsp; uma resposta circunstancial \u00e0s restri\u00e7\u00f5es impostas pela pandemia da covid-19. Com&nbsp; o passar dos meses, tornou-se evidente que a experi\u00eancia vivenciada em 2020 havia&nbsp; inaugurado uma nova etapa na hist\u00f3ria institucional da Federa\u00e7\u00e3o, ampliando suas&nbsp; possibilidades de atua\u00e7\u00e3o e estabelecendo um modelo inovador de promo\u00e7\u00e3o da&nbsp; cultura, das ci\u00eancias, das letras e das artes.&nbsp;<\/p>\n\n\n\n<p class=\"wp-block-paragraph\">A concretiza\u00e7\u00e3o desse novo paradigma teve in\u00edcio em <strong>25 de julho de 2020<\/strong>, data que&nbsp; passou a ocupar um lugar de destaque na mem\u00f3ria institucional da FEBACLA.&nbsp; Naquele dia foi realizada a <strong>primeira Sess\u00e3o Solene Virtual da Federa\u00e7\u00e3o<\/strong>, reunindo&nbsp; autoridades acad\u00eamicas, intelectuais, escritores, artistas e convidados de diferentes&nbsp; regi\u00f5es do Brasil por meio da plataforma Google Meet. A solenidade contemplou a&nbsp; posse de novos acad\u00eamicos e a outorga de t\u00edtulos honor\u00edficos, comendas e medalhas&nbsp; institucionais, preservando integralmente o protocolo, a formalidade e a dignidade que&nbsp; sempre caracterizaram os atos oficiais da FEBACLA.&nbsp;<\/p>\n\n\n\n<p class=\"wp-block-paragraph\">Mais do que uma cerim\u00f4nia administrativa, aquele encontro constituiu um momento&nbsp; profundamente simb\u00f3lico. Em um per\u00edodo marcado pelo isolamento social, pelo medo,&nbsp; pelas perdas humanas e pelas incertezas quanto ao futuro, a realiza\u00e7\u00e3o da primeira&nbsp; solenidade virtual representou uma mensagem de esperan\u00e7a e de continuidade. Cada&nbsp; pronunciamento, cada juramento de posse, cada homenagem concedida e cada&nbsp; manifesta\u00e7\u00e3o de carinho entre os participantes revelavam que a cultura permanecia&nbsp; viva, mesmo diante de uma das maiores crises sanit\u00e1rias da hist\u00f3ria da humanidade.&nbsp;<\/p>\n\n\n\n<p class=\"wp-block-paragraph\">A emo\u00e7\u00e3o esteve presente durante toda a cerim\u00f4nia. Muitos participantes relataram a&nbsp; alegria de reencontrar amigos e confrades, ainda que por interm\u00e9dio das telas dos&nbsp; computadores e dispositivos m\u00f3veis. Outros manifestaram gratid\u00e3o pela oportunidade&nbsp;<\/p>\n\n\n\n<p class=\"wp-block-paragraph\">de ingressar na FEBACLA ou de receber uma honraria em um momento t\u00e3o delicado&nbsp; da hist\u00f3ria mundial. As express\u00f5es de solidariedade, fraternidade e esperan\u00e7a&nbsp; transformaram aquela solenidade em um acontecimento memor\u00e1vel, reafirmando que&nbsp; os v\u00ednculos humanos e acad\u00eamicos s\u00e3o capazes de superar as barreiras impostas pela&nbsp; dist\u00e2ncia f\u00edsica.&nbsp;<\/p>\n\n\n\n<p class=\"wp-block-paragraph\">O \u00eaxito da primeira sess\u00e3o virtual fortaleceu a convic\u00e7\u00e3o de que a tecnologia poderia&nbsp; ser utilizada como instrumento de aproxima\u00e7\u00e3o e n\u00e3o de afastamento entre as&nbsp; pessoas. A experi\u00eancia demonstrou que era plenamente poss\u00edvel preservar a&nbsp; solenidade dos atos acad\u00eamicos, o rigor do cerimonial e o respeito \u00e0s tradi\u00e7\u00f5es&nbsp; institucionais, mesmo utilizando plataformas digitais. Esse resultado incentivou a&nbsp; continuidade do projeto e serviu como base para o aperfei\u00e7oamento dos eventos&nbsp; realizados nos meses e anos seguintes.&nbsp;<\/p>\n\n\n\n<p class=\"wp-block-paragraph\">\u00c0 medida que novas solenidades eram promovidas, a ades\u00e3o do p\u00fablico crescia de&nbsp; forma consistente. Acad\u00eamicos, escritores, pesquisadores, artistas e personalidades&nbsp; de diferentes estados brasileiros, e posteriormente de outros pa\u00edses, passaram a&nbsp; participar regularmente das atividades da FEBACLA. O formato virtual eliminou&nbsp; barreiras geogr\u00e1ficas, reduziu custos de deslocamento e ampliou significativamente o&nbsp; acesso \u00e0s cerim\u00f4nias, tornando a Federa\u00e7\u00e3o ainda mais presente na vida cultural&nbsp; brasileira.&nbsp;<\/p>\n\n\n\n<p class=\"wp-block-paragraph\">Passados seis anos desde a realiza\u00e7\u00e3o daquela primeira sess\u00e3o solene, os eventos&nbsp; virtuais permanecem plenamente integrados ao calend\u00e1rio oficial da FEBACLA.&nbsp; Atualmente, a institui\u00e7\u00e3o adota um modelo h\u00edbrido, conciliando solenidades&nbsp; presenciais e virtuais, permitindo que cada participante escolha a modalidade mais&nbsp; adequada \u00e0s suas possibilidades. Longe de representar uma solu\u00e7\u00e3o tempor\u00e1ria, essa&nbsp; forma de atua\u00e7\u00e3o consolidou-se como uma pol\u00edtica institucional permanente, capaz de&nbsp; ampliar o alcance das a\u00e7\u00f5es da Federa\u00e7\u00e3o sem renunciar \u00e0 excel\u00eancia de seus&nbsp; protocolos e tradi\u00e7\u00f5es.&nbsp;<\/p>\n\n\n\n<p class=\"wp-block-paragraph\">Outro aspecto relevante desse legado foi seu efeito inspirador sobre outras&nbsp; organiza\u00e7\u00f5es culturais e acad\u00eamicas. A experi\u00eancia pioneira desenvolvida pela&nbsp; FEBACLA demonstrou que era poss\u00edvel realizar solenidades oficiais de elevado n\u00edvel&nbsp; por meio das plataformas digitais, preservando o respeito \u00e0s normas cerimoniais e&nbsp; garantindo ampla participa\u00e7\u00e3o do p\u00fablico. Com o passar do tempo, diversas&nbsp; institui\u00e7\u00f5es passaram a adotar modelos semelhantes de atua\u00e7\u00e3o, evidenciando a&nbsp; contribui\u00e7\u00e3o da FEBACLA para a moderniza\u00e7\u00e3o das pr\u00e1ticas culturais no Brasil.&nbsp;<\/p>\n\n\n\n<p class=\"wp-block-paragraph\">Ao analisar retrospectivamente essa trajet\u00f3ria, percebe-se que a pandemia imp\u00f4s&nbsp; enormes desafios, mas tamb\u00e9m impulsionou profundas transforma\u00e7\u00f5es institucionais.&nbsp; O que nasceu como uma alternativa emergencial converteu-se em um legado&nbsp; permanente, reafirmando a capacidade da FEBACLA de inovar sem abandonar seus&nbsp; princ\u00edpios, de preservar suas tradi\u00e7\u00f5es sem resistir \u00e0s mudan\u00e7as e de continuar&nbsp; promovendo a cultura mesmo diante das circunst\u00e2ncias mais adversas.&nbsp;<\/p>\n\n\n\n<p class=\"wp-block-paragraph\">A hist\u00f3ria dos eventos virtuais da FEBACLA demonstra que a inova\u00e7\u00e3o, quando&nbsp; sustentada pelo compromisso com a miss\u00e3o institucional, pelo esp\u00edrito de coopera\u00e7\u00e3o&nbsp; e pela dedica\u00e7\u00e3o de seus colaboradores, \u00e9 capaz de transformar dificuldades em&nbsp; oportunidades e de construir um patrim\u00f4nio hist\u00f3rico que permanecer\u00e1 como&nbsp; refer\u00eancia para as futuras gera\u00e7\u00f5es de acad\u00eamicos, pesquisadores, artistas e&nbsp; promotores da cultura brasileira.<\/p>\n\n\n\n<h3 class=\"wp-block-heading\"><strong>Considera\u00e7\u00f5es finais&nbsp;<\/strong><\/h3>\n\n\n\n<p class=\"wp-block-paragraph\">A pandemia da covid-19 imp\u00f4s desafios sem precedentes \u00e0s institui\u00e7\u00f5es culturais,&nbsp; acad\u00eamicas e cient\u00edficas em todo o mundo. Entretanto, tamb\u00e9m revelou a&nbsp; extraordin\u00e1ria capacidade de adapta\u00e7\u00e3o, criatividade e inova\u00e7\u00e3o das organiza\u00e7\u00f5es&nbsp; comprometidas com a preserva\u00e7\u00e3o do conhecimento, da cultura e da mem\u00f3ria&nbsp; coletiva.&nbsp;<\/p>\n\n\n\n<p class=\"wp-block-paragraph\">A experi\u00eancia da FEBACLA demonstra que momentos de profunda crise podem&nbsp; transformar-se em oportunidades de crescimento institucional quando existem&nbsp; lideran\u00e7a, esp\u00edrito de coopera\u00e7\u00e3o, coragem para inovar e compromisso permanente&nbsp; com a miss\u00e3o que norteia a organiza\u00e7\u00e3o.&nbsp;<\/p>\n\n\n\n<p class=\"wp-block-paragraph\">Aquilo que nasceu como uma resposta emergencial \u00e0s restri\u00e7\u00f5es sanit\u00e1rias&nbsp; consolidou-se como uma nova forma de promover a cultura, a ci\u00eancia, as letras e as&nbsp; artes, ampliando significativamente o alcance das a\u00e7\u00f5es institucionais e permitindo&nbsp; que pessoas de diferentes regi\u00f5es do Brasil e do exterior participassem ativamente da&nbsp; vida acad\u00eamica da Federa\u00e7\u00e3o.&nbsp;<\/p>\n\n\n\n<p class=\"wp-block-paragraph\">Mais do que preservar suas atividades durante um per\u00edodo cr\u00edtico da hist\u00f3ria, a&nbsp; FEBACLA fortaleceu sua presen\u00e7a nacional e internacional, ampliou sua capacidade&nbsp; de integra\u00e7\u00e3o entre pesquisadores, escritores, artistas e intelectuais e contribuiu para&nbsp; demonstrar que a tecnologia pode ser utilizada como uma poderosa aliada da difus\u00e3o&nbsp; cultural quando orientada por valores human\u00edsticos e institucionais.&nbsp;<\/p>\n\n\n\n<p class=\"wp-block-paragraph\">A realiza\u00e7\u00e3o da primeira Sess\u00e3o Solene Virtual, em <strong>25 de julho de 2020<\/strong>, representou&nbsp; um marco hist\u00f3rico n\u00e3o apenas para a FEBACLA, mas tamb\u00e9m para o movimento&nbsp; cultural brasileiro. Naquele momento, em meio \u00e0s incertezas provocadas pela&nbsp; pandemia, demonstrou-se que era poss\u00edvel preservar a dignidade dos atos&nbsp; acad\u00eamicos, a solenidade do cerimonial e o simbolismo das honrarias mesmo em&nbsp; ambiente virtual. A emo\u00e7\u00e3o vivenciada naquela cerim\u00f4nia permanece como uma das&nbsp; mais significativas lembran\u00e7as da hist\u00f3ria da institui\u00e7\u00e3o e simboliza a capacidade&nbsp; humana de superar adversidades por meio da uni\u00e3o, da esperan\u00e7a e da perseveran\u00e7a.&nbsp;<\/p>\n\n\n\n<p class=\"wp-block-paragraph\">Os resultados alcan\u00e7ados ao longo desses anos evidenciam que a experi\u00eancia da&nbsp; FEBACLA ultrapassou os limites de uma solu\u00e7\u00e3o tecnol\u00f3gica. Ela consolidou um novo&nbsp; paradigma de atua\u00e7\u00e3o institucional, fundamentado na inclus\u00e3o, na democratiza\u00e7\u00e3o do&nbsp; acesso \u00e0s atividades culturais e na elimina\u00e7\u00e3o das barreiras geogr\u00e1ficas que, durante&nbsp; d\u00e9cadas, limitaram a participa\u00e7\u00e3o de muitos acad\u00eamicos e personalidades da cultura&nbsp; brasileira. O modelo h\u00edbrido atualmente adotado demonstra que tradi\u00e7\u00e3o e inova\u00e7\u00e3o&nbsp; n\u00e3o s\u00e3o conceitos opostos, mas elementos complementares capazes de fortalecer as&nbsp; institui\u00e7\u00f5es e ampliar seu alcance social.&nbsp;<\/p>\n\n\n\n<p class=\"wp-block-paragraph\">Outro aspecto que merece destaque \u00e9 o papel desempenhado pelas pessoas que&nbsp; acreditaram nesse projeto desde seus primeiros passos. A constru\u00e7\u00e3o desse legado&nbsp; somente foi poss\u00edvel gra\u00e7as ao trabalho coletivo de colaboradores que colocaram seus&nbsp; conhecimentos, sua dedica\u00e7\u00e3o e seu esp\u00edrito de servi\u00e7o a favor da miss\u00e3o institucional&nbsp; da FEBACLA. Cada contribui\u00e7\u00e3o, seja na implanta\u00e7\u00e3o da plataforma tecnol\u00f3gica, na&nbsp; organiza\u00e7\u00e3o administrativa, na condu\u00e7\u00e3o do cerimonial ou na transmiss\u00e3o das&nbsp; solenidades, tornou-se parte integrante da mem\u00f3ria hist\u00f3rica da institui\u00e7\u00e3o e reafirma&nbsp; que as grandes realiza\u00e7\u00f5es s\u00e3o sempre fruto da coopera\u00e7\u00e3o entre pessoas&nbsp; comprometidas com um ideal comum.<\/p>\n\n\n\n<p class=\"wp-block-paragraph\">Ao longo dessa trajet\u00f3ria, a FEBACLA tamb\u00e9m exerceu um papel pioneiro ao&nbsp; demonstrar a viabilidade das solenidades acad\u00eamicas virtuais em um momento em&nbsp; que poucas institui\u00e7\u00f5es haviam adotado esse formato. A experi\u00eancia acumulada ao&nbsp; longo dos anos contribuiu para inspirar outras organiza\u00e7\u00f5es culturais, acad\u00eamicas e&nbsp; liter\u00e1rias a incorporarem recursos tecnol\u00f3gicos em suas atividades, ampliando o&nbsp; acesso \u00e0 cultura e fortalecendo redes de coopera\u00e7\u00e3o em \u00e2mbito nacional e&nbsp; internacional.&nbsp;<\/p>\n\n\n\n<p class=\"wp-block-paragraph\">Sob uma perspectiva pessoal, esta trajet\u00f3ria representa muito mais do que uma&nbsp; realiza\u00e7\u00e3o administrativa. Depois de enfrentar a covid-19 e vivenciar um dos&nbsp; per\u00edodos mais dif\u00edceis de minha vida, compreendi que a continuidade desse trabalho&nbsp; constitu\u00eda n\u00e3o apenas um dever institucional, mas tamb\u00e9m uma miss\u00e3o renovada. A&nbsp; supera\u00e7\u00e3o da enfermidade e a consolida\u00e7\u00e3o dos eventos virtuais refor\u00e7aram minha&nbsp; convic\u00e7\u00e3o de que Deus, em Sua infinita miseric\u00f3rdia, concedeu-me uma nova&nbsp; oportunidade para continuar servindo \u00e0 cultura, \u00e0 educa\u00e7\u00e3o, \u00e0 hist\u00f3ria e \u00e0 sociedade&nbsp; brasileira.&nbsp;<\/p>\n\n\n\n<p class=\"wp-block-paragraph\">Ao registrar esta experi\u00eancia, busca-se n\u00e3o apenas preservar a mem\u00f3ria institucional&nbsp; da FEBACLA, mas tamb\u00e9m oferecer um testemunho hist\u00f3rico sobre a capacidade de&nbsp; reinven\u00e7\u00e3o das organiza\u00e7\u00f5es culturais diante das adversidades. As futuras gera\u00e7\u00f5es&nbsp; encontrar\u00e3o, nessa trajet\u00f3ria, um exemplo de que os maiores desafios podem dar&nbsp; origem \u00e0s mais significativas conquistas quando h\u00e1 determina\u00e7\u00e3o, uni\u00e3o, planejamento&nbsp; e compromisso com valores permanentes.&nbsp;<\/p>\n\n\n\n<p class=\"wp-block-paragraph\">Por fim, a hist\u00f3ria dos eventos virtuais da FEBACLA reafirma uma importante li\u00e7\u00e3o: a&nbsp; cultura jamais pode ser interrompida. Ela encontra novos caminhos, adapta-se \u00e0s&nbsp; circunst\u00e2ncias hist\u00f3ricas e continua cumprindo sua miss\u00e3o de aproximar pessoas,&nbsp; preservar a mem\u00f3ria, promover o conhecimento e fortalecer os la\u00e7os de fraternidade&nbsp; entre os povos. Esse legado, constru\u00eddo em meio a uma das maiores crises da&nbsp; humanidade, permanecer\u00e1 como parte indissoci\u00e1vel da hist\u00f3ria da FEBACLA e como&nbsp; uma contribui\u00e7\u00e3o efetiva para a evolu\u00e7\u00e3o das pr\u00e1ticas culturais e acad\u00eamicas no&nbsp; Brasil.&nbsp;<\/p>\n\n\n\n<h3 class=\"wp-block-heading\"><strong>Refer\u00eancias&nbsp;<\/strong><\/h3>\n\n\n\n<p class=\"wp-block-paragraph\">BRASIL. Minist\u00e9rio da Sa\u00fade. <strong>Painel Coronav\u00edrus<\/strong>. Bras\u00edlia: Minist\u00e9rio da Sa\u00fade, 2020- 2023.&nbsp;<\/p>\n\n\n\n<p class=\"wp-block-paragraph\">CASTELLS, Manuel. <em>A sociedade em rede<\/em>. 24. ed. S\u00e3o Paulo: Paz e Terra, 2022.&nbsp;<\/p>\n\n\n\n<p class=\"wp-block-paragraph\">CENTRO SARMATHIANO DE ALTOS ESTUDOS FILOS\u00d3FICOS E HIST\u00d3RICOS.&nbsp; <strong>Registros administrativos e memoriais institucionais<\/strong>. Acervo institucional, 2020- 2026.&nbsp;<\/p>\n\n\n\n<p class=\"wp-block-paragraph\">FEDERA\u00c7\u00c3O BRASILEIRA DOS ACAD\u00caMICOS DAS CI\u00caNCIAS, LETRAS E ARTES&nbsp; (FEBACLA). <strong>Documenta\u00e7\u00e3o institucional, atas, registros administrativos e&nbsp; memoriais hist\u00f3ricos<\/strong>. Acervo institucional, 2020-2026.&nbsp;<\/p>\n\n\n\n<p class=\"wp-block-paragraph\">L\u00c9VY, Pierre. <em>Cibercultura<\/em>. 3. ed. S\u00e3o Paulo: Editora 34, 2010.&nbsp;<\/p>\n\n\n\n<p class=\"wp-block-paragraph\">NORA, Pierre. Entre mem\u00f3ria e hist\u00f3ria: a problem\u00e1tica dos lugares. <em>Projeto Hist\u00f3ria<\/em>,&nbsp; S\u00e3o Paulo, n. 10, p. 7-28, 1993.<\/p>\n\n\n\n<p class=\"wp-block-paragraph\">ORGANIZA\u00c7\u00c3O DAS NA\u00c7\u00d5ES UNIDAS PARA A EDUCA\u00c7\u00c3O, A CI\u00caNCIA E A&nbsp; CULTURA (UNESCO). <em>Repensar as pol\u00edticas para a criatividade: enfrentar a cultura&nbsp; como um bem p\u00fablico global<\/em>. Paris: UNESCO, 2022.&nbsp;<\/p>\n\n\n\n<p class=\"wp-block-paragraph\">ORGANIZA\u00c7\u00c3O MUNDIAL DA SA\u00daDE (OMS). <em>Coronavirus Disease (COVID-19):&nbsp; Dashboard<\/em>. Genebra: World Health Organization, 2020-2023.&nbsp;<\/p>\n\n\n\n<p class=\"wp-block-paragraph\">SANTOS, Boaventura de Sousa. <em>A cruel pedagogia do v\u00edrus<\/em>. Coimbra: Edi\u00e7\u00f5es&nbsp; Almedina, 2020.&nbsp;<\/p>\n\n\n\n<p class=\"wp-block-paragraph\">SANTOS, Milton. <em>Por uma outra globaliza\u00e7\u00e3o: do pensamento \u00fanico \u00e0 consci\u00eancia&nbsp; universal<\/em>. 31. ed. Rio de Janeiro: Record, 2021.<\/p>\n\n\n\n<h3 class=\"wp-block-heading has-text-align-center\"><br>Alexandre Rurikovich Carvalho<\/h3>\n\n\n\n<div class=\"wp-block-columns is-layout-flex wp-container-core-columns-is-layout-8f761849 wp-block-columns-is-layout-flex\">\n<div class=\"wp-block-column is-layout-flow wp-block-column-is-layout-flow\">\n<h3 class=\"wp-block-heading has-text-align-center has-electric-grass-gradient-background has-background\"><a href=\"mailto:domalexandrecarvalho@gmail.com\" target=\"_blank\" rel=\"noopener\" title=\"E-meio\">E-meio<\/a><\/h3>\n<\/div>\n\n\n\n<div class=\"wp-block-column is-layout-flow wp-block-column-is-layout-flow\">\n<h3 class=\"wp-block-heading has-text-align-center has-electric-grass-gradient-background has-background\"><a href=\"https:\/\/wa.me\/21973157653\" title=\"WhatsApp\">WhatsApp<\/a><\/h3>\n<\/div>\n<\/div>\n\n\n\n<p class=\"wp-block-paragraph\"><a href=\"https:\/\/jornalrol.com.br\/\" title=\"Voltar\">Voltar<\/a><\/p>\n\n\n\n<p class=\"wp-block-paragraph\"><a href=\"https:\/\/facebook.com\/JCulturalrol\/\" title=\"Facebook\">Facebook<\/a><\/p>\n\n\n\n<p class=\"wp-block-paragraph\"><\/p>\n","protected":false},"excerpt":{"rendered":"<p>Artigo relata a inova\u00e7\u00e3o da FEBACLA na cria\u00e7\u00e3o de eventos virtuais durante a pandemia, ampliando o acesso \u00e0 cultura e servindo de modelo institucional.<\/p>\n","protected":false},"author":27,"featured_media":82625,"comment_status":"open","ping_status":"closed","sticky":false,"template":"","format":"standard","meta":{"_jetpack_newsletter_access":"","_jetpack_dont_email_post_to_subs":false,"_jetpack_newsletter_tier_id":0,"_jetpack_memberships_contains_paywalled_content":false,"_jetpack_memberships_contains_paid_content":false,"footnotes":""},"categories":[17615],"tags":[17617,3752,17618,4856,6542],"class_list":["post-82624","post","type-post","status-publish","format-standard","has-post-thumbnail","hentry","category-ciencias","tag-eventos-virtuais","tag-febacla","tag-inovacao-cultural","tag-jornal-rol","tag-pandemia"],"aioseo_notices":[],"aioseo_head":"\n\t\t<!-- All in One SEO 5.0.1.1 - aioseo.com -->\n\t<meta name=\"description\" content=\"Artigo relata a inova\u00e7\u00e3o da FEBACLA na cria\u00e7\u00e3o de eventos virtuais durante a pandemia, ampliando o acesso \u00e0 cultura e servindo de modelo institucional.\" \/>\n\t<meta name=\"robots\" content=\"max-image-preview:large\" \/>\n\t<meta name=\"author\" content=\"Alexandre Rurikovich Carvalho\"\/>\n\t<link rel=\"canonical\" href=\"http:\/\/jornalrol.com.br\/?p=82624\" \/>\n\t<meta name=\"generator\" content=\"All in One SEO (AIOSEO) 5.0.1.1\" \/>\n\t\t<meta property=\"og:locale\" content=\"pt_BR\" \/>\n\t\t<meta property=\"og:site_name\" content=\"Jornal Cultural Rol - Desde 1994 promovendo a cultura\" \/>\n\t\t<meta property=\"og:type\" content=\"article\" \/>\n\t\t<meta property=\"og:title\" content=\"Da Crise \u00e0 Inova\u00e7\u00e3o: A Experi\u00eancia da FEBACLA na...\" \/>\n\t\t<meta property=\"og:description\" content=\"Artigo relata a inova\u00e7\u00e3o da FEBACLA na cria\u00e7\u00e3o de eventos virtuais durante a pandemia, ampliando o acesso \u00e0 cultura e servindo de modelo institucional.\" \/>\n\t\t<meta property=\"og:url\" content=\"http:\/\/jornalrol.com.br\/?p=82624\" \/>\n\t\t<meta property=\"og:image\" content=\"http:\/\/jornalrol.com.br\/wp-content\/uploads\/2023\/05\/JornalCulturalRol_150x173.png\" \/>\n\t\t<meta property=\"og:image:width\" content=\"150\" \/>\n\t\t<meta property=\"og:image:height\" content=\"174\" \/>\n\t\t<meta property=\"article:published_time\" content=\"2026-07-17T12:01:29+00:00\" \/>\n\t\t<meta property=\"article:modified_time\" content=\"2026-07-17T12:26:37+00:00\" \/>\n\t\t<meta property=\"article:publisher\" content=\"https:\/\/www.facebook.com\/JCulturalrol\" \/>\n\t\t<meta name=\"twitter:card\" content=\"summary_large_image\" \/>\n\t\t<meta name=\"twitter:title\" content=\"Da Crise \u00e0 Inova\u00e7\u00e3o: A Experi\u00eancia da FEBACLA na...\" \/>\n\t\t<meta name=\"twitter:description\" content=\"Artigo relata a inova\u00e7\u00e3o da FEBACLA na cria\u00e7\u00e3o de eventos virtuais durante a pandemia, ampliando o acesso \u00e0 cultura e servindo de modelo institucional.\" \/>\n\t\t<meta name=\"twitter:image\" content=\"http:\/\/jornalrol.com.br\/wp-content\/uploads\/2023\/05\/JornalCulturalRol_150x173.png\" \/>\n\t\t<script type=\"application\/ld+json\" class=\"aioseo-schema\">\n\t\t\t{\"@context\":\"https:\\\/\\\/schema.org\",\"@graph\":[{\"@type\":\"BlogPosting\",\"@id\":\"http:\\\/\\\/jornalrol.com.br\\\/?p=82624#blogposting\",\"name\":\"Da Crise \\u00e0 Inova\\u00e7\\u00e3o: A Experi\\u00eancia da FEBACLA na...\",\"headline\":\"Da Crise \\u00e0 Inova\\u00e7\\u00e3o\",\"author\":{\"@id\":\"http:\\\/\\\/jornalrol.com.br\\\/?author=27#author\"},\"publisher\":{\"@id\":\"http:\\\/\\\/jornalrol.com.br\\\/#organization\"},\"image\":{\"@type\":\"ImageObject\",\"url\":\"http:\\\/\\\/jornalrol.com.br\\\/wp-content\\\/uploads\\\/2026\\\/07\\\/CAPA-DO-ARTIGO.jpg\",\"width\":1536,\"height\":1024,\"caption\":\"Da Crise \\u00e0 Inova\\u00e7\\u00e3o: A Experi\\u00eancia da FEBACLA na Implanta\\u00e7\\u00e3o dos Eventos Virtuais Durante a\\u00a0 Pandemia da COVID-19 retrata a trajet\\u00f3ria de supera\\u00e7\\u00e3o e inova\\u00e7\\u00e3o da FEBACLA diante dos desafios\\u00a0 impostos pela COVID-19. A imagem destaca a transforma\\u00e7\\u00e3o de uma crise sem precedentes em um\\u00a0 legado institucional, evidenciando o pioneirismo da Federa\\u00e7\\u00e3o na realiza\\u00e7\\u00e3o de solenidades virtuais e\\u00a0 seu compromisso permanente com a promo\\u00e7\\u00e3o da cultura, das ci\\u00eancias, das letras e das artes. Imagem\\u00a0 criada por IA.\\u00a0\\u00a0\"},\"datePublished\":\"2026-07-17T09:01:29-03:00\",\"dateModified\":\"2026-07-17T09:26:37-03:00\",\"inLanguage\":\"pt-BR\",\"commentCount\":2,\"mainEntityOfPage\":{\"@id\":\"http:\\\/\\\/jornalrol.com.br\\\/?p=82624#webpage\"},\"isPartOf\":{\"@id\":\"http:\\\/\\\/jornalrol.com.br\\\/?p=82624#webpage\"},\"articleSection\":\"Ci\\u00eancias, Eventos Virtuais, Febacla, Inova\\u00e7\\u00e3o Cultural, Jornal ROL, pandemia\"},{\"@type\":\"BreadcrumbList\",\"@id\":\"http:\\\/\\\/jornalrol.com.br\\\/?p=82624#breadcrumblist\",\"itemListElement\":[{\"@type\":\"ListItem\",\"@id\":\"http:\\\/\\\/jornalrol.com.br#listItem\",\"position\":1,\"name\":\"In\\u00edcio\",\"item\":\"http:\\\/\\\/jornalrol.com.br\",\"nextItem\":{\"@type\":\"ListItem\",\"@id\":\"http:\\\/\\\/jornalrol.com.br\\\/?cat=17615#listItem\",\"name\":\"Ci\\u00eancias\"}},{\"@type\":\"ListItem\",\"@id\":\"http:\\\/\\\/jornalrol.com.br\\\/?cat=17615#listItem\",\"position\":2,\"name\":\"Ci\\u00eancias\",\"item\":\"http:\\\/\\\/jornalrol.com.br\\\/?cat=17615\",\"nextItem\":{\"@type\":\"ListItem\",\"@id\":\"http:\\\/\\\/jornalrol.com.br\\\/?p=82624#listItem\",\"name\":\"Da Crise \\u00e0 Inova\\u00e7\\u00e3o\"},\"previousItem\":{\"@type\":\"ListItem\",\"@id\":\"http:\\\/\\\/jornalrol.com.br#listItem\",\"name\":\"In\\u00edcio\"}},{\"@type\":\"ListItem\",\"@id\":\"http:\\\/\\\/jornalrol.com.br\\\/?p=82624#listItem\",\"position\":3,\"name\":\"Da Crise \\u00e0 Inova\\u00e7\\u00e3o\",\"previousItem\":{\"@type\":\"ListItem\",\"@id\":\"http:\\\/\\\/jornalrol.com.br\\\/?cat=17615#listItem\",\"name\":\"Ci\\u00eancias\"}}]},{\"@type\":\"Organization\",\"@id\":\"http:\\\/\\\/jornalrol.com.br\\\/#organization\",\"name\":\"Jornal Cultural ROL\",\"description\":\"Desde 1994 promovendo a cultura\",\"url\":\"http:\\\/\\\/jornalrol.com.br\\\/\",\"telephone\":\"+5515996165768\",\"logo\":{\"@type\":\"ImageObject\",\"url\":\"http:\\\/\\\/jornalrol.com.br\\\/wp-content\\\/uploads\\\/2023\\\/05\\\/rol.png\",\"@id\":\"http:\\\/\\\/jornalrol.com.br\\\/?p=82624\\\/#organizationLogo\",\"width\":300,\"height\":122,\"caption\":\"Jornal Rol\"},\"image\":{\"@id\":\"http:\\\/\\\/jornalrol.com.br\\\/?p=82624\\\/#organizationLogo\"},\"sameAs\":[\"https:\\\/\\\/www.facebook.com\\\/JCulturalrol\",\"https:\\\/\\\/www.instagram.com\\\/jornalculturalrol\\\/\"]},{\"@type\":\"Person\",\"@id\":\"http:\\\/\\\/jornalrol.com.br\\\/?author=27#author\",\"url\":\"http:\\\/\\\/jornalrol.com.br\\\/?author=27\",\"name\":\"Alexandre Rurikovich Carvalho\",\"image\":{\"@type\":\"ImageObject\",\"@id\":\"http:\\\/\\\/jornalrol.com.br\\\/?p=82624#authorImage\",\"url\":\"http:\\\/\\\/jornalrol.com.br\\\/wp-content\\\/uploads\\\/2026\\\/07\\\/FOTO-DOM-ALEXANDRE-600x600.png\",\"width\":96,\"height\":96,\"caption\":\"Alexandre Rurikovich Carvalho\"}},{\"@type\":\"WebPage\",\"@id\":\"http:\\\/\\\/jornalrol.com.br\\\/?p=82624#webpage\",\"url\":\"http:\\\/\\\/jornalrol.com.br\\\/?p=82624\",\"name\":\"Da Crise \\u00e0 Inova\\u00e7\\u00e3o: A Experi\\u00eancia da FEBACLA na...\",\"description\":\"Artigo relata a inova\\u00e7\\u00e3o da FEBACLA na cria\\u00e7\\u00e3o de eventos virtuais durante a pandemia, ampliando o acesso \\u00e0 cultura e servindo de modelo institucional.\",\"inLanguage\":\"pt-BR\",\"isPartOf\":{\"@id\":\"http:\\\/\\\/jornalrol.com.br\\\/#website\"},\"breadcrumb\":{\"@id\":\"http:\\\/\\\/jornalrol.com.br\\\/?p=82624#breadcrumblist\"},\"author\":{\"@id\":\"http:\\\/\\\/jornalrol.com.br\\\/?author=27#author\"},\"creator\":{\"@id\":\"http:\\\/\\\/jornalrol.com.br\\\/?author=27#author\"},\"image\":{\"@type\":\"ImageObject\",\"url\":\"http:\\\/\\\/jornalrol.com.br\\\/wp-content\\\/uploads\\\/2026\\\/07\\\/CAPA-DO-ARTIGO.jpg\",\"@id\":\"http:\\\/\\\/jornalrol.com.br\\\/?p=82624\\\/#mainImage\",\"width\":1536,\"height\":1024,\"caption\":\"Da Crise \\u00e0 Inova\\u00e7\\u00e3o: A Experi\\u00eancia da FEBACLA na Implanta\\u00e7\\u00e3o dos Eventos Virtuais Durante a\\u00a0 Pandemia da COVID-19 retrata a trajet\\u00f3ria de supera\\u00e7\\u00e3o e inova\\u00e7\\u00e3o da FEBACLA diante dos desafios\\u00a0 impostos pela COVID-19. A imagem destaca a transforma\\u00e7\\u00e3o de uma crise sem precedentes em um\\u00a0 legado institucional, evidenciando o pioneirismo da Federa\\u00e7\\u00e3o na realiza\\u00e7\\u00e3o de solenidades virtuais e\\u00a0 seu compromisso permanente com a promo\\u00e7\\u00e3o da cultura, das ci\\u00eancias, das letras e das artes. Imagem\\u00a0 criada por IA.\\u00a0\\u00a0\"},\"primaryImageOfPage\":{\"@id\":\"http:\\\/\\\/jornalrol.com.br\\\/?p=82624#mainImage\"},\"datePublished\":\"2026-07-17T09:01:29-03:00\",\"dateModified\":\"2026-07-17T09:26:37-03:00\"},{\"@type\":\"WebSite\",\"@id\":\"http:\\\/\\\/jornalrol.com.br\\\/#website\",\"url\":\"http:\\\/\\\/jornalrol.com.br\\\/\",\"name\":\"Jornal Cultural ROL\",\"description\":\"Desde 1994 promovendo a cultura\",\"inLanguage\":\"pt-BR\",\"publisher\":{\"@id\":\"http:\\\/\\\/jornalrol.com.br\\\/#organization\"}}]}\n\t\t<\/script>\n\t\t<!-- All in One SEO -->\n\n","aioseo_head_json":{"title":"Da Crise \u00e0 Inova\u00e7\u00e3o: A Experi\u00eancia da FEBACLA na...","description":"Artigo relata a inova\u00e7\u00e3o da FEBACLA na cria\u00e7\u00e3o de eventos virtuais durante a pandemia, ampliando o acesso \u00e0 cultura e servindo de modelo institucional.","canonical_url":"http:\/\/jornalrol.com.br\/?p=82624","robots":"max-image-preview:large","keywords":"","webmasterTools":{"miscellaneous":""},"schema":{"@context":"https:\/\/schema.org","@graph":[{"@type":"BlogPosting","@id":"http:\/\/jornalrol.com.br\/?p=82624#blogposting","name":"Da Crise \u00e0 Inova\u00e7\u00e3o: A Experi\u00eancia da FEBACLA na...","headline":"Da Crise \u00e0 Inova\u00e7\u00e3o","author":{"@id":"http:\/\/jornalrol.com.br\/?author=27#author"},"publisher":{"@id":"http:\/\/jornalrol.com.br\/#organization"},"image":{"@type":"ImageObject","url":"http:\/\/jornalrol.com.br\/wp-content\/uploads\/2026\/07\/CAPA-DO-ARTIGO.jpg","width":1536,"height":1024,"caption":"Da Crise \u00e0 Inova\u00e7\u00e3o: A Experi\u00eancia da FEBACLA na Implanta\u00e7\u00e3o dos Eventos Virtuais Durante a\u00a0 Pandemia da COVID-19 retrata a trajet\u00f3ria de supera\u00e7\u00e3o e inova\u00e7\u00e3o da FEBACLA diante dos desafios\u00a0 impostos pela COVID-19. A imagem destaca a transforma\u00e7\u00e3o de uma crise sem precedentes em um\u00a0 legado institucional, evidenciando o pioneirismo da Federa\u00e7\u00e3o na realiza\u00e7\u00e3o de solenidades virtuais e\u00a0 seu compromisso permanente com a promo\u00e7\u00e3o da cultura, das ci\u00eancias, das letras e das artes. Imagem\u00a0 criada por IA.\u00a0\u00a0"},"datePublished":"2026-07-17T09:01:29-03:00","dateModified":"2026-07-17T09:26:37-03:00","inLanguage":"pt-BR","commentCount":2,"mainEntityOfPage":{"@id":"http:\/\/jornalrol.com.br\/?p=82624#webpage"},"isPartOf":{"@id":"http:\/\/jornalrol.com.br\/?p=82624#webpage"},"articleSection":"Ci\u00eancias, Eventos Virtuais, Febacla, Inova\u00e7\u00e3o Cultural, Jornal ROL, pandemia"},{"@type":"BreadcrumbList","@id":"http:\/\/jornalrol.com.br\/?p=82624#breadcrumblist","itemListElement":[{"@type":"ListItem","@id":"http:\/\/jornalrol.com.br#listItem","position":1,"name":"In\u00edcio","item":"http:\/\/jornalrol.com.br","nextItem":{"@type":"ListItem","@id":"http:\/\/jornalrol.com.br\/?cat=17615#listItem","name":"Ci\u00eancias"}},{"@type":"ListItem","@id":"http:\/\/jornalrol.com.br\/?cat=17615#listItem","position":2,"name":"Ci\u00eancias","item":"http:\/\/jornalrol.com.br\/?cat=17615","nextItem":{"@type":"ListItem","@id":"http:\/\/jornalrol.com.br\/?p=82624#listItem","name":"Da Crise \u00e0 Inova\u00e7\u00e3o"},"previousItem":{"@type":"ListItem","@id":"http:\/\/jornalrol.com.br#listItem","name":"In\u00edcio"}},{"@type":"ListItem","@id":"http:\/\/jornalrol.com.br\/?p=82624#listItem","position":3,"name":"Da Crise \u00e0 Inova\u00e7\u00e3o","previousItem":{"@type":"ListItem","@id":"http:\/\/jornalrol.com.br\/?cat=17615#listItem","name":"Ci\u00eancias"}}]},{"@type":"Organization","@id":"http:\/\/jornalrol.com.br\/#organization","name":"Jornal Cultural ROL","description":"Desde 1994 promovendo a cultura","url":"http:\/\/jornalrol.com.br\/","telephone":"+5515996165768","logo":{"@type":"ImageObject","url":"http:\/\/jornalrol.com.br\/wp-content\/uploads\/2023\/05\/rol.png","@id":"http:\/\/jornalrol.com.br\/?p=82624\/#organizationLogo","width":300,"height":122,"caption":"Jornal Rol"},"image":{"@id":"http:\/\/jornalrol.com.br\/?p=82624\/#organizationLogo"},"sameAs":["https:\/\/www.facebook.com\/JCulturalrol","https:\/\/www.instagram.com\/jornalculturalrol\/"]},{"@type":"Person","@id":"http:\/\/jornalrol.com.br\/?author=27#author","url":"http:\/\/jornalrol.com.br\/?author=27","name":"Alexandre Rurikovich Carvalho","image":{"@type":"ImageObject","@id":"http:\/\/jornalrol.com.br\/?p=82624#authorImage","url":"http:\/\/jornalrol.com.br\/wp-content\/uploads\/2026\/07\/FOTO-DOM-ALEXANDRE-600x600.png","width":96,"height":96,"caption":"Alexandre Rurikovich Carvalho"}},{"@type":"WebPage","@id":"http:\/\/jornalrol.com.br\/?p=82624#webpage","url":"http:\/\/jornalrol.com.br\/?p=82624","name":"Da Crise \u00e0 Inova\u00e7\u00e3o: A Experi\u00eancia da FEBACLA na...","description":"Artigo relata a inova\u00e7\u00e3o da FEBACLA na cria\u00e7\u00e3o de eventos virtuais durante a pandemia, ampliando o acesso \u00e0 cultura e servindo de modelo institucional.","inLanguage":"pt-BR","isPartOf":{"@id":"http:\/\/jornalrol.com.br\/#website"},"breadcrumb":{"@id":"http:\/\/jornalrol.com.br\/?p=82624#breadcrumblist"},"author":{"@id":"http:\/\/jornalrol.com.br\/?author=27#author"},"creator":{"@id":"http:\/\/jornalrol.com.br\/?author=27#author"},"image":{"@type":"ImageObject","url":"http:\/\/jornalrol.com.br\/wp-content\/uploads\/2026\/07\/CAPA-DO-ARTIGO.jpg","@id":"http:\/\/jornalrol.com.br\/?p=82624\/#mainImage","width":1536,"height":1024,"caption":"Da Crise \u00e0 Inova\u00e7\u00e3o: A Experi\u00eancia da FEBACLA na Implanta\u00e7\u00e3o dos Eventos Virtuais Durante a\u00a0 Pandemia da COVID-19 retrata a trajet\u00f3ria de supera\u00e7\u00e3o e inova\u00e7\u00e3o da FEBACLA diante dos desafios\u00a0 impostos pela COVID-19. A imagem destaca a transforma\u00e7\u00e3o de uma crise sem precedentes em um\u00a0 legado institucional, evidenciando o pioneirismo da Federa\u00e7\u00e3o na realiza\u00e7\u00e3o de solenidades virtuais e\u00a0 seu compromisso permanente com a promo\u00e7\u00e3o da cultura, das ci\u00eancias, das letras e das artes. Imagem\u00a0 criada por IA.\u00a0\u00a0"},"primaryImageOfPage":{"@id":"http:\/\/jornalrol.com.br\/?p=82624#mainImage"},"datePublished":"2026-07-17T09:01:29-03:00","dateModified":"2026-07-17T09:26:37-03:00"},{"@type":"WebSite","@id":"http:\/\/jornalrol.com.br\/#website","url":"http:\/\/jornalrol.com.br\/","name":"Jornal Cultural ROL","description":"Desde 1994 promovendo a cultura","inLanguage":"pt-BR","publisher":{"@id":"http:\/\/jornalrol.com.br\/#organization"}}]},"og:locale":"pt_BR","og:site_name":"Jornal Cultural Rol - Desde 1994 promovendo a cultura","og:type":"article","og:title":"Da Crise \u00e0 Inova\u00e7\u00e3o: A Experi\u00eancia da FEBACLA na...","og:description":"Artigo relata a inova\u00e7\u00e3o da FEBACLA na cria\u00e7\u00e3o de eventos virtuais durante a pandemia, ampliando o acesso \u00e0 cultura e servindo de modelo institucional.","og:url":"http:\/\/jornalrol.com.br\/?p=82624","og:image":"http:\/\/jornalrol.com.br\/wp-content\/uploads\/2023\/05\/JornalCulturalRol_150x173.png","og:image:width":150,"og:image:height":174,"article:published_time":"2026-07-17T12:01:29+00:00","article:modified_time":"2026-07-17T12:26:37+00:00","article:publisher":"https:\/\/www.facebook.com\/JCulturalrol","twitter:card":"summary_large_image","twitter:title":"Da Crise \u00e0 Inova\u00e7\u00e3o: A Experi\u00eancia da FEBACLA na...","twitter:description":"Artigo relata a inova\u00e7\u00e3o da FEBACLA na cria\u00e7\u00e3o de eventos virtuais durante a pandemia, ampliando o acesso \u00e0 cultura e servindo de modelo institucional.","twitter:image":"http:\/\/jornalrol.com.br\/wp-content\/uploads\/2023\/05\/JornalCulturalRol_150x173.png"},"aioseo_meta_data":{"post_id":"82624","title":"Da Crise \u00e0 Inova\u00e7\u00e3o: A Experi\u00eancia da FEBACLA na...","description":null,"keywords":null,"keyphrases":{"focus":{"keyphrase":"","score":0,"analysis":{"keyphraseInTitle":{"score":0,"maxScore":9,"error":1}}},"additional":[]},"primary_term":null,"canonical_url":null,"og_title":null,"og_description":null,"og_object_type":"default","og_image_type":"default","og_image_url":null,"og_image_width":null,"og_image_height":null,"og_image_custom_url":null,"og_image_custom_fields":null,"og_video":"","og_custom_url":null,"og_article_section":null,"og_article_tags":null,"twitter_use_og":false,"twitter_card":"default","twitter_image_type":"default","twitter_image_url":null,"twitter_image_custom_url":null,"twitter_image_custom_fields":null,"twitter_title":null,"twitter_description":null,"schema":{"blockGraphs":[],"customGraphs":[],"default":{"data":{"Article":[],"Course":[],"Dataset":[],"FAQPage":[],"Movie":[],"Person":[],"Product":[],"ProductReview":[],"Car":[],"Recipe":[],"Service":[],"SoftwareApplication":[],"WebPage":[]},"graphName":"BlogPosting","isEnabled":true},"graphs":[]},"schema_type":"default","schema_type_options":null,"pillar_content":false,"robots_default":true,"robots_noindex":false,"robots_noarchive":false,"robots_nosnippet":false,"robots_nofollow":false,"robots_noimageindex":false,"robots_noodp":false,"robots_notranslate":false,"robots_max_snippet":"-1","robots_max_videopreview":"-1","robots_max_imagepreview":"large","priority":null,"frequency":"default","local_seo":null,"breadcrumb_settings":null,"limit_modified_date":false,"ai":{"faqs":[],"keyPoints":[],"schemas":[],"titles":[],"descriptions":[],"socialPosts":{"email":{"subject":"","preview":"","content":""},"linkedin":[],"twitter":[],"facebook":[],"instagram":[]}},"created":"2026-07-17 11:53:58","updated":"2026-07-17 12:31:29","seo_analyzer_scan_date":null,"focus_keyword":null,"additional_keywords":null,"truseo_locale":null},"aioseo_breadcrumb":"<div class=\"aioseo-breadcrumbs\"><span class=\"aioseo-breadcrumb\">\n\t\t\t<a href=\"http:\/\/jornalrol.com.br\" title=\"In\u00edcio\">In\u00edcio<\/a>\n\t\t<\/span><span class=\"aioseo-breadcrumb-separator\">&raquo;<\/span><span class=\"aioseo-breadcrumb\">\n\t\t\t<a href=\"http:\/\/jornalrol.com.br\/?cat=17615\" title=\"Ci\u00eancias\">Ci\u00eancias<\/a>\n\t\t<\/span><span class=\"aioseo-breadcrumb-separator\">&raquo;<\/span><span class=\"aioseo-breadcrumb\">\n\t\t\tDa Crise \u00e0 Inova\u00e7\u00e3o\n\t\t<\/span><\/div>","aioseo_breadcrumb_json":[{"label":"In\u00edcio","link":"http:\/\/jornalrol.com.br"},{"label":"Ci\u00eancias","link":"http:\/\/jornalrol.com.br\/?cat=17615"},{"label":"Da Crise \u00e0 Inova\u00e7\u00e3o","link":"http:\/\/jornalrol.com.br\/?p=82624"}],"views":621,"jetpack_sharing_enabled":true,"jetpack_likes_enabled":true,"jetpack-related-posts":[{"id":38219,"url":"http:\/\/jornalrol.com.br\/?p=38219","url_meta":{"origin":82624,"position":0},"title":"Na se\u00e7\u00e3o Entrevistas ROLianas, uma conversa descontra\u00edda de Celso Ricardo com Dom Alexandre da Silva Cam\u00ealo Rurikovich Carvalho, presidente da FEBACLA","author":"Celso Ricardo Almeida","date":"1 de mar\u00e7o de 2021","format":false,"excerpt":"\"Durante nossa conversa desvendamos um pouco do universo da FEBACLA, seus objetivos e metas, fun\u00e7\u00e3o, acad\u00eamicos e, principalmente, os planos para 2021 e para o futuro.\" (Celso Ricardo de Almeida) O Jornal Cultural Rol, atrav\u00e9s da se\u00e7\u00e3o Entrevistas ROLianas e o colunista Celso Ricardo de Almeida, perseverando com a inten\u00e7\u00e3o\u2026","rel":"","context":"Em &quot;Comunica\u00e7\u00e3o&quot;","block_context":{"text":"Comunica\u00e7\u00e3o","link":"http:\/\/jornalrol.com.br\/?cat=7"},"img":{"alt_text":"","src":"https:\/\/i0.wp.com\/jornalrol.com.br\/wp-content\/uploads\/2021\/03\/Pricipe-Dom-Alexandre-Carvalho.jpg?resize=350%2C200","width":350,"height":200,"srcset":"https:\/\/i0.wp.com\/jornalrol.com.br\/wp-content\/uploads\/2021\/03\/Pricipe-Dom-Alexandre-Carvalho.jpg?resize=350%2C200 1x, https:\/\/i0.wp.com\/jornalrol.com.br\/wp-content\/uploads\/2021\/03\/Pricipe-Dom-Alexandre-Carvalho.jpg?resize=525%2C300 1.5x"},"classes":[]},{"id":74593,"url":"http:\/\/jornalrol.com.br\/?p=74593","url_meta":{"origin":82624,"position":1},"title":"Comenda M\u00e9rito Cient\u00edfico Galileu Galilei","author":"Alexandre Rurikovich Carvalho","date":"31 de julho de 2025","format":false,"excerpt":"A Comenda M\u00e9rito Cient\u00edfico Galileu Galilei foi institu\u00edda em homenagem a Galileu Galilei, frequentemente referenciado como 'pai da astronomia observacional'...","rel":"","context":"Em &quot;Academias e Federa\u00e7\u00f5es de Artes&quot;","block_context":{"text":"Academias e Federa\u00e7\u00f5es de Artes","link":"http:\/\/jornalrol.com.br\/?cat=9391"},"img":{"alt_text":"Comenda M\u00e9rito Cient\u00edfico Galileu Galilei","src":"https:\/\/i0.wp.com\/jornalrol.com.br\/wp-content\/uploads\/2025\/07\/525684612_1877998246108916_320593771645298714_n.jpg?resize=350%2C200","width":350,"height":200,"srcset":"https:\/\/i0.wp.com\/jornalrol.com.br\/wp-content\/uploads\/2025\/07\/525684612_1877998246108916_320593771645298714_n.jpg?resize=350%2C200 1x, https:\/\/i0.wp.com\/jornalrol.com.br\/wp-content\/uploads\/2025\/07\/525684612_1877998246108916_320593771645298714_n.jpg?resize=525%2C300 1.5x"},"classes":[]},{"id":50583,"url":"http:\/\/jornalrol.com.br\/?p=50583","url_meta":{"origin":82624,"position":2},"title":"Comemorando 10 anos de funda\u00e7\u00e3o, a FEBACLA realizou solenidade de posse de dezoito novos acad\u00eamicos da Regi\u00e3o Norte","author":"Alexandre Rurikovich Carvalho","date":"9 de junho de 2022","format":false,"excerpt":"\u00a0 Na solenidade, a FEBACLA\u00a0tamb\u00e9m homenageou personalidades da cultura do Amazonas Comemorando 10 anos de funda\u00e7\u00e3o, a FEDERA\u00c7\u00c3O\u00a0BRASILEIRA DOS ACAD\u00caMICOS DAS CI\u00caNCIAS, LETRAS\u00a0E ARTES \u2013 FEBACLA realizou, no anoitecer de 3 de junho de\u00a02022, no audit\u00f3rio do Col\u00e9gio Martha Falc\u00e3o, na Rua Salvador,\u00a0Adrian\u00f3polis, Manaus, solenidade de posse de dezoito\u00a0novos acad\u00eamicos\u2026","rel":"","context":"Em &quot;Comunica\u00e7\u00e3o&quot;","block_context":{"text":"Comunica\u00e7\u00e3o","link":"http:\/\/jornalrol.com.br\/?cat=7"},"img":{"alt_text":"","src":"https:\/\/i0.wp.com\/jornalrol.com.br\/wp-content\/uploads\/2022\/06\/ec312c02-cf37-466d-b2c0-1f926397d6b4.jpg?resize=350%2C200","width":350,"height":200,"srcset":"https:\/\/i0.wp.com\/jornalrol.com.br\/wp-content\/uploads\/2022\/06\/ec312c02-cf37-466d-b2c0-1f926397d6b4.jpg?resize=350%2C200 1x, https:\/\/i0.wp.com\/jornalrol.com.br\/wp-content\/uploads\/2022\/06\/ec312c02-cf37-466d-b2c0-1f926397d6b4.jpg?resize=525%2C300 1.5x, https:\/\/i0.wp.com\/jornalrol.com.br\/wp-content\/uploads\/2022\/06\/ec312c02-cf37-466d-b2c0-1f926397d6b4.jpg?resize=700%2C400 2x, https:\/\/i0.wp.com\/jornalrol.com.br\/wp-content\/uploads\/2022\/06\/ec312c02-cf37-466d-b2c0-1f926397d6b4.jpg?resize=1050%2C600 3x, https:\/\/i0.wp.com\/jornalrol.com.br\/wp-content\/uploads\/2022\/06\/ec312c02-cf37-466d-b2c0-1f926397d6b4.jpg?resize=1400%2C800 4x"},"classes":[]},{"id":50697,"url":"http:\/\/jornalrol.com.br\/?p=50697","url_meta":{"origin":82624,"position":3},"title":"FEBACLA abre inscri\u00e7\u00f5es para recebimento de propostas de Acad\u00eamicos para ocuparem Cadeiras Patron\u00edmicas na categoria ACAD\u00caMICO INTERNACIONAL","author":"Alexandre Rurikovich Carvalho","date":"14 de junho de 2022","format":false,"excerpt":"A Solenidade de Posse Acad\u00eamica ser\u00e1 no dia 24 de junho, \u00e0s 15h.\u00a0Aqueles que ficarem impossibilitados em comparecer no evento presencial, ser\u00e3o empossados no evento virtual no dia 25 de junho \u00e0s 16h A FEBACLA -\u00a0Federa\u00e7\u00e3o Brasileira dos Acad\u00eamicos das Ci\u00eancias, Letras e Artes, por meio do Edital de Posse\u2026","rel":"","context":"Em &quot;Comunica\u00e7\u00e3o&quot;","block_context":{"text":"Comunica\u00e7\u00e3o","link":"http:\/\/jornalrol.com.br\/?cat=7"},"img":{"alt_text":"","src":"https:\/\/i0.wp.com\/jornalrol.com.br\/wp-content\/uploads\/2022\/06\/30869b7f-7ec6-4f16-9899-48fca35d5ea1.jpg?resize=350%2C200","width":350,"height":200,"srcset":"https:\/\/i0.wp.com\/jornalrol.com.br\/wp-content\/uploads\/2022\/06\/30869b7f-7ec6-4f16-9899-48fca35d5ea1.jpg?resize=350%2C200 1x, https:\/\/i0.wp.com\/jornalrol.com.br\/wp-content\/uploads\/2022\/06\/30869b7f-7ec6-4f16-9899-48fca35d5ea1.jpg?resize=525%2C300 1.5x"},"classes":[]},{"id":45043,"url":"http:\/\/jornalrol.com.br\/?p=45043","url_meta":{"origin":82624,"position":4},"title":"FEBACLA e ALCABs promovem o III encontro das Academias de Ci\u00eancias, Letras e Artes do Brasil","author":"Alexandre Rurikovich Carvalho","date":"25 de setembro de 2021","format":false,"excerpt":"O III Encontro ocorrer\u00e1 nos dias 29 e 30 de outubro de 2021, no Pal\u00e1cio Cristo Rei, em S\u00e3o Lu\u00eds -MA As Academias de Letras, Ci\u00eancias e Artes do Brasil (ALCABs) e a Federa\u00e7\u00e3o Brasileira dos Acad\u00eamicos das Ci\u00eancias, Letras e Artes (FEBACLA) t\u00eam a honra de convidar acad\u00eamicos imortais,\u2026","rel":"","context":"Em &quot;Comunica\u00e7\u00e3o&quot;","block_context":{"text":"Comunica\u00e7\u00e3o","link":"http:\/\/jornalrol.com.br\/?cat=7"},"img":{"alt_text":"","src":"https:\/\/i0.wp.com\/jornalrol.com.br\/wp-content\/uploads\/2021\/09\/1ce3724c-83d7-424b-9ba8-55dfa219c8da-300x300.jpg?resize=350%2C200","width":350,"height":200},"classes":[]},{"id":62949,"url":"http:\/\/jornalrol.com.br\/?p=62949","url_meta":{"origin":82624,"position":5},"title":"Noite de posse e outorga de honrarias no IHGGS","author":"Alexandre Rurikovich Carvalho","date":"10 de novembro de 2023","format":false,"excerpt":"O Instituto Hist\u00f3rico, Geogr\u00e1fico e Geneal\u00f3gico de Sorocaba - IHGGS ser\u00e1 palco de um grande evento no dia 12 de dezembro de 2023, ter\u00e7a-feira, a partir das 19h.","rel":"","context":"Em &quot;Academias e Federa\u00e7\u00f5es de Artes&quot;","block_context":{"text":"Academias e Federa\u00e7\u00f5es de Artes","link":"http:\/\/jornalrol.com.br\/?cat=9391"},"img":{"alt_text":"Logo da AIEB","src":"https:\/\/i0.wp.com\/jornalrol.com.br\/wp-content\/uploads\/2023\/11\/337430560_1243606376574787_245794142848053442_n.jpg?resize=350%2C200","width":350,"height":200},"classes":[]}],"jetpack_featured_media_url":"http:\/\/jornalrol.com.br\/wp-content\/uploads\/2026\/07\/CAPA-DO-ARTIGO.jpg","_links":{"self":[{"href":"http:\/\/jornalrol.com.br\/index.php?rest_route=\/wp\/v2\/posts\/82624","targetHints":{"allow":["GET"]}}],"collection":[{"href":"http:\/\/jornalrol.com.br\/index.php?rest_route=\/wp\/v2\/posts"}],"about":[{"href":"http:\/\/jornalrol.com.br\/index.php?rest_route=\/wp\/v2\/types\/post"}],"author":[{"embeddable":true,"href":"http:\/\/jornalrol.com.br\/index.php?rest_route=\/wp\/v2\/users\/27"}],"replies":[{"embeddable":true,"href":"http:\/\/jornalrol.com.br\/index.php?rest_route=%2Fwp%2Fv2%2Fcomments&post=82624"}],"version-history":[{"count":6,"href":"http:\/\/jornalrol.com.br\/index.php?rest_route=\/wp\/v2\/posts\/82624\/revisions"}],"predecessor-version":[{"id":82631,"href":"http:\/\/jornalrol.com.br\/index.php?rest_route=\/wp\/v2\/posts\/82624\/revisions\/82631"}],"wp:featuredmedia":[{"embeddable":true,"href":"http:\/\/jornalrol.com.br\/index.php?rest_route=\/wp\/v2\/media\/82625"}],"wp:attachment":[{"href":"http:\/\/jornalrol.com.br\/index.php?rest_route=%2Fwp%2Fv2%2Fmedia&parent=82624"}],"wp:term":[{"taxonomy":"category","embeddable":true,"href":"http:\/\/jornalrol.com.br\/index.php?rest_route=%2Fwp%2Fv2%2Fcategories&post=82624"},{"taxonomy":"post_tag","embeddable":true,"href":"http:\/\/jornalrol.com.br\/index.php?rest_route=%2Fwp%2Fv2%2Ftags&post=82624"}],"curies":[{"name":"wp","href":"https:\/\/api.w.org\/{rel}","templated":true}]}}