{"id":82640,"date":"2026-07-17T16:14:07","date_gmt":"2026-07-17T19:14:07","guid":{"rendered":"https:\/\/jornalrol.com.br\/?p=82640"},"modified":"2026-07-17T16:14:15","modified_gmt":"2026-07-17T19:14:15","slug":"o-meu-coracao-seja-livre","status":"publish","type":"post","link":"http:\/\/jornalrol.com.br\/?p=82640","title":{"rendered":"\u00d3 meu cora\u00e7\u00e3o, seja livre"},"content":{"rendered":"<div class=\"pdfprnt-buttons pdfprnt-buttons-post pdfprnt-top-right\"><a href=\"http:\/\/jornalrol.com.br\/index.php?rest_route=%2Fwp%2Fv2%2Fposts%2F82640&print=pdf\" class=\"pdfprnt-button pdfprnt-button-pdf\" target=\"_blank\" ><\/a><a href=\"http:\/\/jornalrol.com.br\/index.php?rest_route=%2Fwp%2Fv2%2Fposts%2F82640&print=print\" class=\"pdfprnt-button pdfprnt-button-print\" target=\"_blank\" ><img decoding=\"async\" src=\"https:\/\/jornalrol.com.br\/wp-content\/plugins\/pdf-print\/images\/print.png\" alt=\"image_print\" title=\"Conte\u00fado de impress\u00e3o\" \/><\/a><\/div>\n<h2 class=\"wp-block-heading has-text-align-center\">Mohamed Rahal: &#8216;\u00d3 meu cora\u00e7\u00e3o, seja livre&#8217;<br><br><\/h2>\n\n\n<div class=\"wp-block-image\">\n<figure class=\"aligncenter size-full is-resized\"><img loading=\"lazy\" decoding=\"async\" width=\"720\" height=\"480\" data-attachment-id=\"81939\" data-permalink=\"http:\/\/jornalrol.com.br\/?attachment_id=81939\" data-orig-file=\"http:\/\/jornalrol.com.br\/wp-content\/uploads\/2026\/06\/aa7a0923-9cd3-455a-94cf-e36c34fa5c7a.jpg\" data-orig-size=\"720,480\" data-comments-opened=\"1\" data-image-meta=\"{&quot;aperture&quot;:&quot;0&quot;,&quot;credit&quot;:&quot;&quot;,&quot;camera&quot;:&quot;&quot;,&quot;caption&quot;:&quot;&quot;,&quot;created_timestamp&quot;:&quot;0&quot;,&quot;copyright&quot;:&quot;&quot;,&quot;focal_length&quot;:&quot;0&quot;,&quot;iso&quot;:&quot;0&quot;,&quot;shutter_speed&quot;:&quot;0&quot;,&quot;title&quot;:&quot;&quot;,&quot;orientation&quot;:&quot;0&quot;,&quot;alt&quot;:&quot;&quot;}\" data-image-title=\"aa7a0923-9cd3-455a-94cf-e36c34fa5c7a\" data-image-description=\"&lt;p&gt;Mohamed Rahal&lt;\/p&gt;\n\" data-image-caption=\"&lt;p&gt;Mohamed Rahal&lt;\/p&gt;\n\" data-large-file=\"http:\/\/jornalrol.com.br\/wp-content\/uploads\/2026\/06\/aa7a0923-9cd3-455a-94cf-e36c34fa5c7a.jpg\" src=\"http:\/\/jornalrol.com.br\/wp-content\/uploads\/2026\/06\/aa7a0923-9cd3-455a-94cf-e36c34fa5c7a.jpg\" alt=\"Mohamed Rahal\" class=\"wp-image-81939\" style=\"aspect-ratio:1.5000935103796522;width:316px;height:auto\"\/><figcaption class=\"wp-element-caption\">Mohamed Rahal<\/figcaption><\/figure>\n<\/div>\n\n<div class=\"wp-block-image\">\n<figure class=\"aligncenter size-full\"><img loading=\"lazy\" decoding=\"async\" width=\"1024\" height=\"559\" data-attachment-id=\"82642\" data-permalink=\"http:\/\/jornalrol.com.br\/?attachment_id=82642\" data-orig-file=\"http:\/\/jornalrol.com.br\/wp-content\/uploads\/2026\/07\/watermarked_img_7371307705600061169.jpg\" data-orig-size=\"1024,559\" data-comments-opened=\"1\" data-image-meta=\"{&quot;aperture&quot;:&quot;0&quot;,&quot;credit&quot;:&quot;&quot;,&quot;camera&quot;:&quot;&quot;,&quot;caption&quot;:&quot;&quot;,&quot;created_timestamp&quot;:&quot;0&quot;,&quot;copyright&quot;:&quot;&quot;,&quot;focal_length&quot;:&quot;0&quot;,&quot;iso&quot;:&quot;0&quot;,&quot;shutter_speed&quot;:&quot;0&quot;,&quot;title&quot;:&quot;&quot;,&quot;orientation&quot;:&quot;0&quot;,&quot;alt&quot;:&quot;&quot;}\" data-image-title=\"watermarked_img_7371307705600061169\" data-image-description=\"\" data-image-caption=\"\" data-large-file=\"http:\/\/jornalrol.com.br\/wp-content\/uploads\/2026\/07\/watermarked_img_7371307705600061169.jpg\" src=\"https:\/\/jornalrol.com.br\/wp-content\/uploads\/2026\/07\/watermarked_img_7371307705600061169.jpg\" alt=\"\" class=\"wp-image-82642\" srcset=\"http:\/\/jornalrol.com.br\/wp-content\/uploads\/2026\/07\/watermarked_img_7371307705600061169.jpg 1024w, http:\/\/jornalrol.com.br\/wp-content\/uploads\/2026\/07\/watermarked_img_7371307705600061169-768x419.jpg 768w\" sizes=\"auto, (max-width: 1024px) 100vw, 1024px\" \/><figcaption class=\"wp-element-caption\"><em>https:\/\/gemini.google.com\/app\/c61d24ae61e66ee6?utm_source=app_launcher&amp;utm_medium=owned&amp;utm_campaign=base_all<\/em><\/figcaption><\/figure>\n<\/div>\n\n\n<p class=\"has-drop-cap wp-block-paragraph\">Uma das can\u00e7\u00f5es folcl\u00f3ricas mais famosas da m\u00fasica Rai argelina contempor\u00e2nea, sua letra \u00e9 do popular letrista Sheikh Mohamed Belkhayati, cujo nome verdadeiro \u00e9 Mohamed Beladassi. Ele \u00e9 uma das figuras mais proeminentes da arte bedu\u00edna e do Rai tradicional na Arg\u00e9lia.<\/p>\n\n\n\n<p class=\"wp-block-paragraph\">Ele \u00e9 um distinto poeta folcl\u00f3rico, cantor e compositor do oeste da Arg\u00e9lia, especificamente da prov\u00edncia de Chlef. Nascido em 1939, era conhecido no cen\u00e1rio art\u00edstico como &#8220;Mohamed Belkhayati&#8221;, e seus f\u00e3s o apelidaram de &#8220;O Farid al-Atrash argelino&#8221; devido \u00e0 sua imensa popularidade e talento para cantar e compor. Ele ascendeu \u00e0 proemin\u00eancia na d\u00e9cada de 1960, atingindo o auge de sua fama e quebrando recordes de apresenta\u00e7\u00f5es e popularidade em 1968. Seu arquivo musical inclui aproximadamente 2.500 can\u00e7\u00f5es, todas escritas, compostas e musicadas por ele. Seus poemas s\u00e3o caracterizados pela profundidade social e pela diversidade de temas, abordando o ex\u00edlio, a Guerra da Independ\u00eancia da Arg\u00e9lia e trag\u00e9dias emocionais e sociais.<\/p>\n\n\n\n<p class=\"wp-block-paragraph\">Entre suas can\u00e7\u00f5es mais famosas est\u00e1 &#8220;Ya Galbi Barkak&#8221; (\u00d3 Meu Cora\u00e7\u00e3o, Basta), que narra sua experi\u00eancia na pris\u00e3o na cidade de Blida. &#8220;Como Eram os Dias&#8221; \u00e9 um poema que relembra os bons tempos. Belkhayati \u00e9 considerado uma escola \u00e0 parte na poesia popular e na aut\u00eantica can\u00e7\u00e3o bedu\u00edna, tendo preservado a identidade cultural argelina por d\u00e9cadas. Muitos artistas revitalizaram seus poemas folcl\u00f3ricos, e sua obra foi popularizada por diversos artistas em diferentes estilos, incluindo o rai argelino e a m\u00fasica bedu\u00edna. Entre eles, Cheb Khaled, Cheb Azzedine, Cheb Mami e o falecido Cheb Hasni.<\/p>\n\n\n\n<p class=\"wp-block-paragraph\">A fama do poema: O poema &#8220;Ya Galbi Barkak&#8221; (\u00d3 Meu Cora\u00e7\u00e3o, Basta) foi adaptado e revitalizado na m\u00fasica rai em 2004, imbu\u00eddo de profunda emo\u00e7\u00e3o e saudade. A can\u00e7\u00e3o, que carrega um forte sentimento de aprisionamento e emo\u00e7\u00e3o social, foi oficialmente gravada com o t\u00edtulo &#8220;Ya Galbi&#8221;. No estilo tradicional Oran Rai, mesclado com melodias bedu\u00ednas de forma emotiva e popular, a m\u00fasica alcan\u00e7ou grande sucesso em shows ao vivo, especialmente durante a turn\u00ea de 2005 na Arg\u00e9lia.<\/p>\n\n\n\n<p class=\"wp-block-paragraph\">Letra:<\/p>\n\n\n\n<p class=\"wp-block-paragraph\">\u00d3 meu cora\u00e7\u00e3o, chega de amargura e do\u00e7ura<\/p>\n\n\n\n<p class=\"wp-block-paragraph\">Voc\u00ea abandonou quem te amava e seguiu o inimigo<\/p>\n\n\n\n<p class=\"wp-block-paragraph\">\u00d3 meu cora\u00e7\u00e3o, chega de amargura e do\u00e7ura<\/p>\n\n\n\n<p class=\"wp-block-paragraph\">Voc\u00ea abandonou quem te amava e seguiu o inimigo<\/p>\n\n\n\n<p class=\"wp-block-paragraph\">\u00d3 meu cora\u00e7\u00e3o, \u00f3 meu cora\u00e7\u00e3o, \u00f3 meu cora\u00e7\u00e3o<\/p>\n\n\n\n<p class=\"wp-block-paragraph\">Chega, \u00f3 meu cora\u00e7\u00e3o, \u00f3 meu cora\u00e7\u00e3o<\/p>\n\n\n\n<p class=\"wp-block-paragraph\">\u00d3 meu cora\u00e7\u00e3o, chega<\/p>\n\n\n\n<p class=\"wp-block-paragraph\">Voc\u00ea seguiu um momento ap\u00f3s o outro, os dias de Deus s\u00e3o longos<\/p>\n\n\n\n<p class=\"wp-block-paragraph\">N\u00e3o \u00e9 s\u00f3 que eu a conhecia, suas poucas feridas<\/p>\n\n\n\n<p class=\"wp-block-paragraph\">A letra continua a retratar a reprova\u00e7\u00e3o do cora\u00e7\u00e3o por seguir o desejo apesar de sua crueldade, e relembra a trai\u00e7\u00e3o e o engano. Voc\u00ea substituiu um momento por outro, com boas inten\u00e7\u00f5es, pedindo paci\u00eancia e esquecimento.\u00d3 Meu Cora\u00e7\u00e3o, Seja Livre \/ Mohamed Rahal, Cr\u00edtico Argelino<\/p>\n\n\n\n<p class=\"wp-block-paragraph\">Uma das can\u00e7\u00f5es folcl\u00f3ricas mais famosas da m\u00fasica Rai argelina contempor\u00e2nea, sua letra \u00e9 do popular letrista Sheikh Mohamed Belkhayati, cujo nome verdadeiro \u00e9 Mohamed Beladassi. Ele \u00e9 uma das figuras mais proeminentes da arte bedu\u00edna e do Rai tradicional na Arg\u00e9lia.<\/p>\n\n\n\n<p class=\"wp-block-paragraph\">Ele \u00e9 um distinto poeta folcl\u00f3rico, cantor e compositor do oeste da Arg\u00e9lia, especificamente da prov\u00edncia de Chlef. Nascido em 1939, era conhecido no cen\u00e1rio art\u00edstico como &#8220;Mohamed Belkhayati&#8221;, e seus f\u00e3s o apelidaram de &#8220;O Farid al-Atrash argelino&#8221; devido \u00e0 sua imensa popularidade e talento para cantar e compor. Ele ascendeu \u00e0 proemin\u00eancia na d\u00e9cada de 1960, atingindo o auge de sua fama e quebrando recordes de apresenta\u00e7\u00f5es e popularidade em 1968. Seu arquivo musical inclui aproximadamente 2.500 can\u00e7\u00f5es, todas escritas, compostas e musicadas por ele. Seus poemas s\u00e3o caracterizados pela profundidade social e pela diversidade de temas, abordando o ex\u00edlio, a Guerra da Independ\u00eancia da Arg\u00e9lia e trag\u00e9dias emocionais e sociais.<\/p>\n\n\n\n<p class=\"wp-block-paragraph\">Entre suas can\u00e7\u00f5es mais famosas est\u00e1 &#8220;Ya Galbi Barkak&#8221; (\u00d3 Meu Cora\u00e7\u00e3o, Basta), que narra sua experi\u00eancia na pris\u00e3o na cidade de Blida. &#8220;Como Eram os Dias&#8221; \u00e9 um poema que relembra os bons tempos. Belkhayati \u00e9 considerado uma escola \u00e0 parte na poesia popular e na aut\u00eantica can\u00e7\u00e3o bedu\u00edna, tendo preservado a identidade cultural argelina por d\u00e9cadas. Muitos artistas revitalizaram seus poemas folcl\u00f3ricos, e sua obra foi popularizada por diversos artistas em diferentes estilos, incluindo o rai argelino e a m\u00fasica bedu\u00edna. Entre eles, Cheb Khaled, Cheb Azzedine, Cheb Mami e o falecido Cheb Hasni.<\/p>\n\n\n\n<p class=\"wp-block-paragraph\">A fama do poema: O poema &#8220;Ya Galbi Barkak&#8221; (\u00d3 Meu Cora\u00e7\u00e3o, Basta) foi adaptado e revitalizado na m\u00fasica rai em 2004, imbu\u00eddo de profunda emo\u00e7\u00e3o e saudade. A can\u00e7\u00e3o, que carrega um forte sentimento de aprisionamento e emo\u00e7\u00e3o social, foi oficialmente gravada com o t\u00edtulo &#8220;Ya Galbi&#8221;. No estilo tradicional Oran Rai, mesclado com melodias bedu\u00ednas de forma emotiva e popular, a m\u00fasica alcan\u00e7ou grande sucesso em shows ao vivo, especialmente durante a turn\u00ea de 2005 na Arg\u00e9lia.<\/p>\n\n\n\n<p class=\"wp-block-paragraph\">Letra:<\/p>\n\n\n\n<p class=\"wp-block-paragraph\">\u00d3 meu cora\u00e7\u00e3o, chega de amargura e do\u00e7ura<\/p>\n\n\n\n<p class=\"wp-block-paragraph\">Voc\u00ea abandonou quem te amava e seguiu o inimigo<\/p>\n\n\n\n<p class=\"wp-block-paragraph\">\u00d3 meu cora\u00e7\u00e3o, chega de amargura e do\u00e7ura<\/p>\n\n\n\n<p class=\"wp-block-paragraph\">Voc\u00ea abandonou quem te amava e seguiu o inimigo<\/p>\n\n\n\n<p class=\"wp-block-paragraph\">\u00d3 meu cora\u00e7\u00e3o, \u00f3 meu cora\u00e7\u00e3o, \u00f3 meu cora\u00e7\u00e3o<\/p>\n\n\n\n<p class=\"wp-block-paragraph\">Chega, \u00f3 meu cora\u00e7\u00e3o, \u00f3 meu cora\u00e7\u00e3o<\/p>\n\n\n\n<p class=\"wp-block-paragraph\">\u00d3 meu cora\u00e7\u00e3o, chega<\/p>\n\n\n\n<p class=\"wp-block-paragraph\">Voc\u00ea seguiu um momento ap\u00f3s o outro, os dias de Deus s\u00e3o longos<\/p>\n\n\n\n<p class=\"wp-block-paragraph\">N\u00e3o \u00e9 s\u00f3 que eu a conhecia, suas poucas feridas<\/p>\n\n\n\n<p class=\"wp-block-paragraph\">A letra continua a retratar a reprova\u00e7\u00e3o do cora\u00e7\u00e3o por seguir o desejo apesar de sua crueldade, e relembra a trai\u00e7\u00e3o e o engano. Voc\u00ea substituiu um momento por outro, com boas inten\u00e7\u00f5es, pedindo paci\u00eancia e esquecimento.<\/p>\n\n\n\n<h3 class=\"wp-block-heading has-text-align-center\"><br>Mohamed Rahal<\/h3>\n\n\n\n<div class=\"wp-block-columns is-layout-flex wp-container-core-columns-is-layout-8f761849 wp-block-columns-is-layout-flex\">\n<div class=\"wp-block-column is-layout-flow wp-block-column-is-layout-flow\">\n<h3 class=\"wp-block-heading has-text-align-center has-electric-grass-gradient-background has-background\"><a href=\"https:\/\/wa.me\/+2136623041 55\" target=\"_blank\" rel=\"noopener\" title=\"WhatsApp\">WhatsApp<\/a><\/h3>\n<\/div>\n\n\n\n<div class=\"wp-block-column is-layout-flow wp-block-column-is-layout-flow\">\n<h3 class=\"wp-block-heading has-text-align-center has-electric-grass-gradient-background has-background\"><a href=\"https:\/\/www.facebook.com\/rhal.mhmd.855451?rdid=gD7rcsmMMSxnktEU&amp;share_url=https%3A%2F%2Fwww.facebook.com%2Fshare%2F1Co1Q9Hubv%2F#\" title=\"Facebook\">Facebook<\/a><\/h3>\n<\/div>\n<\/div>\n\n\n\n<p class=\"wp-block-paragraph\"><a href=\"https:\/\/jornalrol.com.br\/\" title=\"Voltar\">Voltar<\/a><\/p>\n\n\n\n<p class=\"wp-block-paragraph\"><a href=\"https:\/\/www.facebook.com\/Jculturalrol\/\" title=\"Facebook\">Facebook<\/a><\/p>\n\n\n\n<div class=\"wp-block-columns is-layout-flex wp-container-core-columns-is-layout-8f761849 wp-block-columns-is-layout-flex\">\n<div class=\"wp-block-column is-layout-flow wp-block-column-is-layout-flow\"><\/div>\n\n\n\n<div class=\"wp-block-column is-layout-flow wp-block-column-is-layout-flow\"><\/div>\n\n\n\n<div class=\"wp-block-column is-layout-flow wp-block-column-is-layout-flow\"><\/div>\n<\/div>\n\n\n\n<div class=\"wp-block-columns is-layout-flex wp-container-core-columns-is-layout-8f761849 wp-block-columns-is-layout-flex\">\n<div class=\"wp-block-column is-layout-flow wp-block-column-is-layout-flow\">\n<h3 class=\"wp-block-heading has-text-align-center\"><\/h3>\n<\/div>\n\n\n\n<div class=\"wp-block-column is-layout-flow wp-block-column-is-layout-flow\"><\/div>\n<\/div>\n","protected":false},"excerpt":{"rendered":"<p>Perfil biogr\u00e1fico e cr\u00edtico de Sheikh Mohamed Belkhayati, destacando sua import\u00e2ncia na m\u00fasica Rai argelina e a an\u00e1lise da famosa can\u00e7\u00e3o Ya Galbi Barkak.<\/p>\n","protected":false},"author":163,"featured_media":82642,"comment_status":"open","ping_status":"closed","sticky":false,"template":"","format":"standard","meta":{"_jetpack_newsletter_access":"","_jetpack_dont_email_post_to_subs":false,"_jetpack_newsletter_tier_id":0,"_jetpack_memberships_contains_paywalled_content":false,"_jetpack_memberships_contains_paid_content":false,"footnotes":""},"categories":[9286,17235,9266],"tags":[17627,17629,4856,17628,17630,17626],"class_list":["post-82640","post","type-post","status-publish","format-standard","has-post-thumbnail","hentry","category-arte","category-critica-de-arte","category-musica","tag-biografias","tag-cultura-argelina","tag-jornal-rol","tag-musica-africana","tag-rai-e-musica-tradicional","tag-sheikh-mohamed-belkhayati"],"aioseo_notices":[],"aioseo_head":"\n\t\t<!-- All in One SEO 5.0.1.1 - aioseo.com -->\n\t<meta name=\"description\" content=\"Perfil biogr\u00e1fico e cr\u00edtico de Sheikh Mohamed Belkhayati, destacando sua import\u00e2ncia na m\u00fasica Rai argelina e a an\u00e1lise da famosa can\u00e7\u00e3o Ya Galbi Barkak.\" \/>\n\t<meta name=\"robots\" content=\"max-image-preview:large\" \/>\n\t<meta name=\"author\" content=\"Mohamed Rahal\"\/>\n\t<link rel=\"canonical\" href=\"http:\/\/jornalrol.com.br\/?p=82640\" \/>\n\t<meta name=\"generator\" content=\"All in One SEO (AIOSEO) 5.0.1.1\" \/>\n\t\t<meta property=\"og:locale\" content=\"pt_BR\" \/>\n\t\t<meta property=\"og:site_name\" content=\"Jornal Cultural Rol - Desde 1994 promovendo a cultura\" \/>\n\t\t<meta property=\"og:type\" content=\"article\" \/>\n\t\t<meta property=\"og:title\" content=\"Mohamed Rahal: &#039;\u00d3 meu cora\u00e7\u00e3o, seja livre&#039;\" \/>\n\t\t<meta property=\"og:description\" content=\"Perfil biogr\u00e1fico e cr\u00edtico de Sheikh Mohamed Belkhayati, destacando sua import\u00e2ncia na m\u00fasica Rai argelina e a an\u00e1lise da famosa can\u00e7\u00e3o Ya Galbi Barkak.\" \/>\n\t\t<meta property=\"og:url\" content=\"http:\/\/jornalrol.com.br\/?p=82640\" \/>\n\t\t<meta property=\"og:image\" content=\"http:\/\/jornalrol.com.br\/wp-content\/uploads\/2023\/05\/JornalCulturalRol_150x173.png\" \/>\n\t\t<meta property=\"og:image:width\" content=\"150\" \/>\n\t\t<meta property=\"og:image:height\" content=\"174\" \/>\n\t\t<meta property=\"article:published_time\" content=\"2026-07-17T19:14:07+00:00\" \/>\n\t\t<meta property=\"article:modified_time\" content=\"2026-07-17T19:14:15+00:00\" \/>\n\t\t<meta property=\"article:publisher\" content=\"https:\/\/www.facebook.com\/JCulturalrol\" \/>\n\t\t<meta name=\"twitter:card\" content=\"summary_large_image\" \/>\n\t\t<meta name=\"twitter:title\" content=\"Mohamed Rahal: &#039;\u00d3 meu cora\u00e7\u00e3o, seja livre&#039;\" \/>\n\t\t<meta name=\"twitter:description\" content=\"Perfil biogr\u00e1fico e cr\u00edtico de Sheikh Mohamed Belkhayati, destacando sua import\u00e2ncia na m\u00fasica Rai argelina e a an\u00e1lise da famosa can\u00e7\u00e3o Ya Galbi Barkak.\" \/>\n\t\t<meta name=\"twitter:image\" content=\"http:\/\/jornalrol.com.br\/wp-content\/uploads\/2023\/05\/JornalCulturalRol_150x173.png\" \/>\n\t\t<script type=\"application\/ld+json\" class=\"aioseo-schema\">\n\t\t\t{\"@context\":\"https:\\\/\\\/schema.org\",\"@graph\":[{\"@type\":\"BlogPosting\",\"@id\":\"http:\\\/\\\/jornalrol.com.br\\\/?p=82640#blogposting\",\"name\":\"Mohamed Rahal: '\\u00d3 meu cora\\u00e7\\u00e3o, seja livre'\",\"headline\":\"\\u00d3 meu cora\\u00e7\\u00e3o, seja livre\",\"author\":{\"@id\":\"http:\\\/\\\/jornalrol.com.br\\\/?author=163#author\"},\"publisher\":{\"@id\":\"http:\\\/\\\/jornalrol.com.br\\\/#organization\"},\"image\":{\"@type\":\"ImageObject\",\"url\":\"http:\\\/\\\/jornalrol.com.br\\\/wp-content\\\/uploads\\\/2026\\\/07\\\/watermarked_img_7371307705600061169.jpg\",\"width\":1024,\"height\":559,\"caption\":\"Imagem representativa do Sheikh Mohamed (Mohamed Beladassi)\"},\"datePublished\":\"2026-07-17T16:14:07-03:00\",\"dateModified\":\"2026-07-17T16:14:15-03:00\",\"inLanguage\":\"pt-BR\",\"mainEntityOfPage\":{\"@id\":\"http:\\\/\\\/jornalrol.com.br\\\/?p=82640#webpage\"},\"isPartOf\":{\"@id\":\"http:\\\/\\\/jornalrol.com.br\\\/?p=82640#webpage\"},\"articleSection\":\"Arte, Cr\\u00edtica de arte, Musica, Biografias, Cultura Argelina, Jornal ROL, M\\u00fasica Africana, Rai e M\\u00fasica Tradicional, Sheikh Mohamed Belkhayati\"},{\"@type\":\"BreadcrumbList\",\"@id\":\"http:\\\/\\\/jornalrol.com.br\\\/?p=82640#breadcrumblist\",\"itemListElement\":[{\"@type\":\"ListItem\",\"@id\":\"http:\\\/\\\/jornalrol.com.br#listItem\",\"position\":1,\"name\":\"In\\u00edcio\",\"item\":\"http:\\\/\\\/jornalrol.com.br\",\"nextItem\":{\"@type\":\"ListItem\",\"@id\":\"http:\\\/\\\/jornalrol.com.br\\\/?cat=9286#listItem\",\"name\":\"Arte\"}},{\"@type\":\"ListItem\",\"@id\":\"http:\\\/\\\/jornalrol.com.br\\\/?cat=9286#listItem\",\"position\":2,\"name\":\"Arte\",\"item\":\"http:\\\/\\\/jornalrol.com.br\\\/?cat=9286\",\"nextItem\":{\"@type\":\"ListItem\",\"@id\":\"http:\\\/\\\/jornalrol.com.br\\\/?cat=9266#listItem\",\"name\":\"Musica\"},\"previousItem\":{\"@type\":\"ListItem\",\"@id\":\"http:\\\/\\\/jornalrol.com.br#listItem\",\"name\":\"In\\u00edcio\"}},{\"@type\":\"ListItem\",\"@id\":\"http:\\\/\\\/jornalrol.com.br\\\/?cat=9266#listItem\",\"position\":3,\"name\":\"Musica\",\"item\":\"http:\\\/\\\/jornalrol.com.br\\\/?cat=9266\",\"nextItem\":{\"@type\":\"ListItem\",\"@id\":\"http:\\\/\\\/jornalrol.com.br\\\/?p=82640#listItem\",\"name\":\"\\u00d3 meu cora\\u00e7\\u00e3o, seja livre\"},\"previousItem\":{\"@type\":\"ListItem\",\"@id\":\"http:\\\/\\\/jornalrol.com.br\\\/?cat=9286#listItem\",\"name\":\"Arte\"}},{\"@type\":\"ListItem\",\"@id\":\"http:\\\/\\\/jornalrol.com.br\\\/?p=82640#listItem\",\"position\":4,\"name\":\"\\u00d3 meu cora\\u00e7\\u00e3o, seja livre\",\"previousItem\":{\"@type\":\"ListItem\",\"@id\":\"http:\\\/\\\/jornalrol.com.br\\\/?cat=9266#listItem\",\"name\":\"Musica\"}}]},{\"@type\":\"Organization\",\"@id\":\"http:\\\/\\\/jornalrol.com.br\\\/#organization\",\"name\":\"Jornal Cultural ROL\",\"description\":\"Desde 1994 promovendo a cultura\",\"url\":\"http:\\\/\\\/jornalrol.com.br\\\/\",\"telephone\":\"+5515996165768\",\"logo\":{\"@type\":\"ImageObject\",\"url\":\"http:\\\/\\\/jornalrol.com.br\\\/wp-content\\\/uploads\\\/2023\\\/05\\\/rol.png\",\"@id\":\"http:\\\/\\\/jornalrol.com.br\\\/?p=82640\\\/#organizationLogo\",\"width\":300,\"height\":122,\"caption\":\"Jornal Rol\"},\"image\":{\"@id\":\"http:\\\/\\\/jornalrol.com.br\\\/?p=82640\\\/#organizationLogo\"},\"sameAs\":[\"https:\\\/\\\/www.facebook.com\\\/JCulturalrol\",\"https:\\\/\\\/www.instagram.com\\\/jornalculturalrol\\\/\"]},{\"@type\":\"Person\",\"@id\":\"http:\\\/\\\/jornalrol.com.br\\\/?author=163#author\",\"url\":\"http:\\\/\\\/jornalrol.com.br\\\/?author=163\",\"name\":\"Mohamed Rahal\",\"image\":{\"@type\":\"ImageObject\",\"@id\":\"http:\\\/\\\/jornalrol.com.br\\\/?p=82640#authorImage\",\"url\":\"http:\\\/\\\/jornalrol.com.br\\\/wp-content\\\/uploads\\\/2026\\\/06\\\/aa7a0923-9cd3-455a-94cf-e36c34fa5c7a-600x480.jpg\",\"width\":96,\"height\":96,\"caption\":\"Mohamed Rahal\"}},{\"@type\":\"WebPage\",\"@id\":\"http:\\\/\\\/jornalrol.com.br\\\/?p=82640#webpage\",\"url\":\"http:\\\/\\\/jornalrol.com.br\\\/?p=82640\",\"name\":\"Mohamed Rahal: '\\u00d3 meu cora\\u00e7\\u00e3o, seja livre'\",\"description\":\"Perfil biogr\\u00e1fico e cr\\u00edtico de Sheikh Mohamed Belkhayati, destacando sua import\\u00e2ncia na m\\u00fasica Rai argelina e a an\\u00e1lise da famosa can\\u00e7\\u00e3o Ya Galbi Barkak.\",\"inLanguage\":\"pt-BR\",\"isPartOf\":{\"@id\":\"http:\\\/\\\/jornalrol.com.br\\\/#website\"},\"breadcrumb\":{\"@id\":\"http:\\\/\\\/jornalrol.com.br\\\/?p=82640#breadcrumblist\"},\"author\":{\"@id\":\"http:\\\/\\\/jornalrol.com.br\\\/?author=163#author\"},\"creator\":{\"@id\":\"http:\\\/\\\/jornalrol.com.br\\\/?author=163#author\"},\"image\":{\"@type\":\"ImageObject\",\"url\":\"http:\\\/\\\/jornalrol.com.br\\\/wp-content\\\/uploads\\\/2026\\\/07\\\/watermarked_img_7371307705600061169.jpg\",\"@id\":\"http:\\\/\\\/jornalrol.com.br\\\/?p=82640\\\/#mainImage\",\"width\":1024,\"height\":559,\"caption\":\"Imagem representativa do Sheikh Mohamed (Mohamed Beladassi)\"},\"primaryImageOfPage\":{\"@id\":\"http:\\\/\\\/jornalrol.com.br\\\/?p=82640#mainImage\"},\"datePublished\":\"2026-07-17T16:14:07-03:00\",\"dateModified\":\"2026-07-17T16:14:15-03:00\"},{\"@type\":\"WebSite\",\"@id\":\"http:\\\/\\\/jornalrol.com.br\\\/#website\",\"url\":\"http:\\\/\\\/jornalrol.com.br\\\/\",\"name\":\"Jornal Cultural ROL\",\"description\":\"Desde 1994 promovendo a cultura\",\"inLanguage\":\"pt-BR\",\"publisher\":{\"@id\":\"http:\\\/\\\/jornalrol.com.br\\\/#organization\"}}]}\n\t\t<\/script>\n\t\t<!-- All in One SEO -->\n\n","aioseo_head_json":{"title":"Mohamed Rahal: '\u00d3 meu cora\u00e7\u00e3o, seja livre'","description":"Perfil biogr\u00e1fico e cr\u00edtico de Sheikh Mohamed Belkhayati, destacando sua import\u00e2ncia na m\u00fasica Rai argelina e a an\u00e1lise da famosa can\u00e7\u00e3o Ya Galbi Barkak.","canonical_url":"http:\/\/jornalrol.com.br\/?p=82640","robots":"max-image-preview:large","keywords":"","webmasterTools":{"miscellaneous":""},"schema":{"@context":"https:\/\/schema.org","@graph":[{"@type":"BlogPosting","@id":"http:\/\/jornalrol.com.br\/?p=82640#blogposting","name":"Mohamed Rahal: '\u00d3 meu cora\u00e7\u00e3o, seja livre'","headline":"\u00d3 meu cora\u00e7\u00e3o, seja livre","author":{"@id":"http:\/\/jornalrol.com.br\/?author=163#author"},"publisher":{"@id":"http:\/\/jornalrol.com.br\/#organization"},"image":{"@type":"ImageObject","url":"http:\/\/jornalrol.com.br\/wp-content\/uploads\/2026\/07\/watermarked_img_7371307705600061169.jpg","width":1024,"height":559,"caption":"Imagem representativa do Sheikh Mohamed (Mohamed Beladassi)"},"datePublished":"2026-07-17T16:14:07-03:00","dateModified":"2026-07-17T16:14:15-03:00","inLanguage":"pt-BR","mainEntityOfPage":{"@id":"http:\/\/jornalrol.com.br\/?p=82640#webpage"},"isPartOf":{"@id":"http:\/\/jornalrol.com.br\/?p=82640#webpage"},"articleSection":"Arte, Cr\u00edtica de arte, Musica, Biografias, Cultura Argelina, Jornal ROL, M\u00fasica Africana, Rai e M\u00fasica Tradicional, Sheikh Mohamed Belkhayati"},{"@type":"BreadcrumbList","@id":"http:\/\/jornalrol.com.br\/?p=82640#breadcrumblist","itemListElement":[{"@type":"ListItem","@id":"http:\/\/jornalrol.com.br#listItem","position":1,"name":"In\u00edcio","item":"http:\/\/jornalrol.com.br","nextItem":{"@type":"ListItem","@id":"http:\/\/jornalrol.com.br\/?cat=9286#listItem","name":"Arte"}},{"@type":"ListItem","@id":"http:\/\/jornalrol.com.br\/?cat=9286#listItem","position":2,"name":"Arte","item":"http:\/\/jornalrol.com.br\/?cat=9286","nextItem":{"@type":"ListItem","@id":"http:\/\/jornalrol.com.br\/?cat=9266#listItem","name":"Musica"},"previousItem":{"@type":"ListItem","@id":"http:\/\/jornalrol.com.br#listItem","name":"In\u00edcio"}},{"@type":"ListItem","@id":"http:\/\/jornalrol.com.br\/?cat=9266#listItem","position":3,"name":"Musica","item":"http:\/\/jornalrol.com.br\/?cat=9266","nextItem":{"@type":"ListItem","@id":"http:\/\/jornalrol.com.br\/?p=82640#listItem","name":"\u00d3 meu cora\u00e7\u00e3o, seja livre"},"previousItem":{"@type":"ListItem","@id":"http:\/\/jornalrol.com.br\/?cat=9286#listItem","name":"Arte"}},{"@type":"ListItem","@id":"http:\/\/jornalrol.com.br\/?p=82640#listItem","position":4,"name":"\u00d3 meu cora\u00e7\u00e3o, seja livre","previousItem":{"@type":"ListItem","@id":"http:\/\/jornalrol.com.br\/?cat=9266#listItem","name":"Musica"}}]},{"@type":"Organization","@id":"http:\/\/jornalrol.com.br\/#organization","name":"Jornal Cultural ROL","description":"Desde 1994 promovendo a cultura","url":"http:\/\/jornalrol.com.br\/","telephone":"+5515996165768","logo":{"@type":"ImageObject","url":"http:\/\/jornalrol.com.br\/wp-content\/uploads\/2023\/05\/rol.png","@id":"http:\/\/jornalrol.com.br\/?p=82640\/#organizationLogo","width":300,"height":122,"caption":"Jornal Rol"},"image":{"@id":"http:\/\/jornalrol.com.br\/?p=82640\/#organizationLogo"},"sameAs":["https:\/\/www.facebook.com\/JCulturalrol","https:\/\/www.instagram.com\/jornalculturalrol\/"]},{"@type":"Person","@id":"http:\/\/jornalrol.com.br\/?author=163#author","url":"http:\/\/jornalrol.com.br\/?author=163","name":"Mohamed Rahal","image":{"@type":"ImageObject","@id":"http:\/\/jornalrol.com.br\/?p=82640#authorImage","url":"http:\/\/jornalrol.com.br\/wp-content\/uploads\/2026\/06\/aa7a0923-9cd3-455a-94cf-e36c34fa5c7a-600x480.jpg","width":96,"height":96,"caption":"Mohamed Rahal"}},{"@type":"WebPage","@id":"http:\/\/jornalrol.com.br\/?p=82640#webpage","url":"http:\/\/jornalrol.com.br\/?p=82640","name":"Mohamed Rahal: '\u00d3 meu cora\u00e7\u00e3o, seja livre'","description":"Perfil biogr\u00e1fico e cr\u00edtico de Sheikh Mohamed Belkhayati, destacando sua import\u00e2ncia na m\u00fasica Rai argelina e a an\u00e1lise da famosa can\u00e7\u00e3o Ya Galbi Barkak.","inLanguage":"pt-BR","isPartOf":{"@id":"http:\/\/jornalrol.com.br\/#website"},"breadcrumb":{"@id":"http:\/\/jornalrol.com.br\/?p=82640#breadcrumblist"},"author":{"@id":"http:\/\/jornalrol.com.br\/?author=163#author"},"creator":{"@id":"http:\/\/jornalrol.com.br\/?author=163#author"},"image":{"@type":"ImageObject","url":"http:\/\/jornalrol.com.br\/wp-content\/uploads\/2026\/07\/watermarked_img_7371307705600061169.jpg","@id":"http:\/\/jornalrol.com.br\/?p=82640\/#mainImage","width":1024,"height":559,"caption":"Imagem representativa do Sheikh Mohamed (Mohamed Beladassi)"},"primaryImageOfPage":{"@id":"http:\/\/jornalrol.com.br\/?p=82640#mainImage"},"datePublished":"2026-07-17T16:14:07-03:00","dateModified":"2026-07-17T16:14:15-03:00"},{"@type":"WebSite","@id":"http:\/\/jornalrol.com.br\/#website","url":"http:\/\/jornalrol.com.br\/","name":"Jornal Cultural ROL","description":"Desde 1994 promovendo a cultura","inLanguage":"pt-BR","publisher":{"@id":"http:\/\/jornalrol.com.br\/#organization"}}]},"og:locale":"pt_BR","og:site_name":"Jornal Cultural Rol - Desde 1994 promovendo a cultura","og:type":"article","og:title":"Mohamed Rahal: '\u00d3 meu cora\u00e7\u00e3o, seja livre'","og:description":"Perfil biogr\u00e1fico e cr\u00edtico de Sheikh Mohamed Belkhayati, destacando sua import\u00e2ncia na m\u00fasica Rai argelina e a an\u00e1lise da famosa can\u00e7\u00e3o Ya Galbi Barkak.","og:url":"http:\/\/jornalrol.com.br\/?p=82640","og:image":"http:\/\/jornalrol.com.br\/wp-content\/uploads\/2023\/05\/JornalCulturalRol_150x173.png","og:image:width":150,"og:image:height":174,"article:published_time":"2026-07-17T19:14:07+00:00","article:modified_time":"2026-07-17T19:14:15+00:00","article:publisher":"https:\/\/www.facebook.com\/JCulturalrol","twitter:card":"summary_large_image","twitter:title":"Mohamed Rahal: '\u00d3 meu cora\u00e7\u00e3o, seja livre'","twitter:description":"Perfil biogr\u00e1fico e cr\u00edtico de Sheikh Mohamed Belkhayati, destacando sua import\u00e2ncia na m\u00fasica Rai argelina e a an\u00e1lise da famosa can\u00e7\u00e3o Ya Galbi Barkak.","twitter:image":"http:\/\/jornalrol.com.br\/wp-content\/uploads\/2023\/05\/JornalCulturalRol_150x173.png"},"aioseo_meta_data":{"post_id":"82640","title":"Mohamed Rahal: '\u00d3 meu cora\u00e7\u00e3o, seja livre'","description":null,"keywords":null,"keyphrases":{"focus":{"keyphrase":"","score":0,"analysis":{"keyphraseInTitle":{"score":0,"maxScore":9,"error":1}}},"additional":[]},"primary_term":null,"canonical_url":null,"og_title":null,"og_description":null,"og_object_type":"default","og_image_type":"default","og_image_url":null,"og_image_width":null,"og_image_height":null,"og_image_custom_url":null,"og_image_custom_fields":null,"og_video":"","og_custom_url":null,"og_article_section":null,"og_article_tags":null,"twitter_use_og":false,"twitter_card":"default","twitter_image_type":"default","twitter_image_url":null,"twitter_image_custom_url":null,"twitter_image_custom_fields":null,"twitter_title":null,"twitter_description":null,"schema":{"blockGraphs":[],"customGraphs":[],"default":{"data":{"Article":[],"Course":[],"Dataset":[],"FAQPage":[],"Movie":[],"Person":[],"Product":[],"ProductReview":[],"Car":[],"Recipe":[],"Service":[],"SoftwareApplication":[],"WebPage":[]},"graphName":"BlogPosting","isEnabled":true},"graphs":[]},"schema_type":"default","schema_type_options":null,"pillar_content":false,"robots_default":true,"robots_noindex":false,"robots_noarchive":false,"robots_nosnippet":false,"robots_nofollow":false,"robots_noimageindex":false,"robots_noodp":false,"robots_notranslate":false,"robots_max_snippet":"-1","robots_max_videopreview":"-1","robots_max_imagepreview":"large","priority":null,"frequency":"default","local_seo":null,"breadcrumb_settings":null,"limit_modified_date":false,"ai":{"faqs":[],"keyPoints":[],"schemas":[],"titles":[],"descriptions":[],"socialPosts":{"email":{"subject":"","preview":"","content":""},"linkedin":[],"twitter":[],"facebook":[],"instagram":[]}},"created":"2026-07-17 19:04:27","updated":"2026-07-17 20:19:30","seo_analyzer_scan_date":null,"focus_keyword":null,"additional_keywords":null,"truseo_locale":null},"aioseo_breadcrumb":"<div class=\"aioseo-breadcrumbs\"><span class=\"aioseo-breadcrumb\">\n\t\t\t<a href=\"http:\/\/jornalrol.com.br\" title=\"In\u00edcio\">In\u00edcio<\/a>\n\t\t<\/span><span class=\"aioseo-breadcrumb-separator\">&raquo;<\/span><span class=\"aioseo-breadcrumb\">\n\t\t\t<a href=\"http:\/\/jornalrol.com.br\/?cat=9286\" title=\"Arte\">Arte<\/a>\n\t\t<\/span><span class=\"aioseo-breadcrumb-separator\">&raquo;<\/span><span class=\"aioseo-breadcrumb\">\n\t\t\t<a href=\"http:\/\/jornalrol.com.br\/?cat=9266\" title=\"Musica\">Musica<\/a>\n\t\t<\/span><span class=\"aioseo-breadcrumb-separator\">&raquo;<\/span><span class=\"aioseo-breadcrumb\">\n\t\t\t\u00d3 meu cora\u00e7\u00e3o, seja livre\n\t\t<\/span><\/div>","aioseo_breadcrumb_json":[{"label":"In\u00edcio","link":"http:\/\/jornalrol.com.br"},{"label":"Arte","link":"http:\/\/jornalrol.com.br\/?cat=9286"},{"label":"Musica","link":"http:\/\/jornalrol.com.br\/?cat=9266"},{"label":"\u00d3 meu cora\u00e7\u00e3o, seja livre","link":"http:\/\/jornalrol.com.br\/?p=82640"}],"views":813,"jetpack_sharing_enabled":true,"jetpack_likes_enabled":true,"jetpack-related-posts":[{"id":84054,"url":"http:\/\/jornalrol.com.br\/?p=84054","url_meta":{"origin":82640,"position":0},"title":"Amantes da beleza","author":"Mohamed Rahal","date":"3 de setembro de 2026","format":false,"excerpt":"Mohamed Rahal apresenta os versos e a hist\u00f3ria de 'Amantes da Beleza', o poema de Ahmed Ben Turki que se tornou um dos maiores cl\u00e1ssicos da Arg\u00e9lia","rel":"","context":"Em &quot;Cultura&quot;","block_context":{"text":"Cultura","link":"http:\/\/jornalrol.com.br\/?cat=11"},"img":{"alt_text":"Pintura art\u00edstica de poeta argelino escrevendo sob a luz do luar em Tlemcen, ilustrando a mat\u00e9ria sobre o poema Amantes da Beleza.","src":"https:\/\/i0.wp.com\/jornalrol.com.br\/wp-content\/uploads\/2026\/09\/f1f6eeae-2b0c-4464-87bd-be3eebe43388.jpg?resize=350%2C200","width":350,"height":200,"srcset":"https:\/\/i0.wp.com\/jornalrol.com.br\/wp-content\/uploads\/2026\/09\/f1f6eeae-2b0c-4464-87bd-be3eebe43388.jpg?resize=350%2C200 1x, https:\/\/i0.wp.com\/jornalrol.com.br\/wp-content\/uploads\/2026\/09\/f1f6eeae-2b0c-4464-87bd-be3eebe43388.jpg?resize=525%2C300 1.5x, https:\/\/i0.wp.com\/jornalrol.com.br\/wp-content\/uploads\/2026\/09\/f1f6eeae-2b0c-4464-87bd-be3eebe43388.jpg?resize=700%2C400 2x"},"classes":[]},{"id":83480,"url":"http:\/\/jornalrol.com.br\/?p=83480","url_meta":{"origin":82640,"position":1},"title":"Poesia popular","author":"Mohamed Rahal","date":"18 de agosto de 2026","format":false,"excerpt":"Conhe\u00e7a a hist\u00f3ria do Malhoun, a poesia popular e a can\u00e7\u00e3o bedu\u00edna da Arg\u00e9lia como resist\u00eancia cultural neste artigo de Mohamed Rahal no Jornal ROL.","rel":"","context":"Em &quot;Sem categoria&quot;","block_context":{"text":"Sem categoria","link":"http:\/\/jornalrol.com.br\/?cat=1"},"img":{"alt_text":"Fotografia realista de um m\u00fasico bedu\u00edno argelino tocando a flauta tradicional Qasba em um p\u00e1tio iluminado pelo sol, ilustrando o artigo sobre a poesia popular Malhoun de Mohamed Rahal.","src":"https:\/\/i0.wp.com\/jornalrol.com.br\/wp-content\/uploads\/2026\/08\/watermarked_img_13271053010132165478-1.jpg?resize=350%2C200","width":350,"height":200,"srcset":"https:\/\/i0.wp.com\/jornalrol.com.br\/wp-content\/uploads\/2026\/08\/watermarked_img_13271053010132165478-1.jpg?resize=350%2C200 1x, https:\/\/i0.wp.com\/jornalrol.com.br\/wp-content\/uploads\/2026\/08\/watermarked_img_13271053010132165478-1.jpg?resize=525%2C300 1.5x, https:\/\/i0.wp.com\/jornalrol.com.br\/wp-content\/uploads\/2026\/08\/watermarked_img_13271053010132165478-1.jpg?resize=700%2C400 2x"},"classes":[]},{"id":82935,"url":"http:\/\/jornalrol.com.br\/?p=82935","url_meta":{"origin":82640,"position":2},"title":"Traje tradicional","author":"Mohamed Rahal","date":"30 de julho de 2026","format":false,"excerpt":"Conhe\u00e7a a riqueza dos trajes tradicionais da Arg\u00e9lia, s\u00edmbolos de identidade e heran\u00e7a cultural preservados de gera\u00e7\u00e3o em gera\u00e7\u00e3o em diversas regi\u00f5es.","rel":"","context":"Em &quot;Cultura&quot;","block_context":{"text":"Cultura","link":"http:\/\/jornalrol.com.br\/?cat=11"},"img":{"alt_text":"Fotografia em plano m\u00e9dio de uma celebra\u00e7\u00e3o cultural alusiva \u00e0 Arg\u00e9lia, realizada no p\u00e1tio interno de um casar\u00e3o de arquitetura mourisca com paredes claras e azulejos decorados. Diversas pessoas de v\u00e1rias idades vestem trajes tradicionais de diferentes regi\u00f5es do pa\u00eds. Em primeiro plano, ao centro, um homem idoso de capa clara (burnous) e gorro vermelho (fez) sorri ao dar as m\u00e3os a uma mulher de casaco marrom bordado a ouro (karakou) e cal\u00e7as douradas. \u00c0 esquerda, pessoas usam trajes ricos em bordados e joias de prata, incluindo vestidos da Cab\u00edlia de listras coloridas. \u00c0 direita, destacam-se uma jovem e uma garota com trajes tradicionais e joias na testa, al\u00e9m de um homem com t\u00fanica e turbante azul-vivo (tagelmust), t\u00edpico do povo Tuaregue do Saara. Ao fundo, uma multid\u00e3o sorri e aplaude sob galerias e varandas ornamentadas.","src":"https:\/\/i0.wp.com\/jornalrol.com.br\/wp-content\/uploads\/2026\/07\/watermarked_img_7402643372812027847.jpg?resize=350%2C200","width":350,"height":200,"srcset":"https:\/\/i0.wp.com\/jornalrol.com.br\/wp-content\/uploads\/2026\/07\/watermarked_img_7402643372812027847.jpg?resize=350%2C200 1x, https:\/\/i0.wp.com\/jornalrol.com.br\/wp-content\/uploads\/2026\/07\/watermarked_img_7402643372812027847.jpg?resize=525%2C300 1.5x, https:\/\/i0.wp.com\/jornalrol.com.br\/wp-content\/uploads\/2026\/07\/watermarked_img_7402643372812027847.jpg?resize=700%2C400 2x"},"classes":[]},{"id":82172,"url":"http:\/\/jornalrol.com.br\/?p=82172","url_meta":{"origin":82640,"position":3},"title":"O olhar dela me agrada","author":"Mohamed Rahal","date":"29 de junho de 2026","format":false,"excerpt":"Texto l\u00edrico emocionante que expressa paix\u00e3o, perda e luto. Uma homenagem \u00e0 beleza e for\u00e7a de uma mulher encantada que deixou profunda saudade.","rel":"","context":"Em &quot;Literatura&quot;","block_context":{"text":"Literatura","link":"http:\/\/jornalrol.com.br\/?cat=9285"},"img":{"alt_text":"Texto l\u00edrico emocionante que expressa paix\u00e3o, perda e luto. Uma homenagem \u00e0 beleza e for\u00e7a de uma mulher encantada que deixou profunda saudade.","src":"https:\/\/i0.wp.com\/jornalrol.com.br\/wp-content\/uploads\/2026\/06\/7c9d7134-efb9-466f-b251-b1a1bc07c487.jpg?resize=350%2C200","width":350,"height":200,"srcset":"https:\/\/i0.wp.com\/jornalrol.com.br\/wp-content\/uploads\/2026\/06\/7c9d7134-efb9-466f-b251-b1a1bc07c487.jpg?resize=350%2C200 1x, https:\/\/i0.wp.com\/jornalrol.com.br\/wp-content\/uploads\/2026\/06\/7c9d7134-efb9-466f-b251-b1a1bc07c487.jpg?resize=525%2C300 1.5x, https:\/\/i0.wp.com\/jornalrol.com.br\/wp-content\/uploads\/2026\/06\/7c9d7134-efb9-466f-b251-b1a1bc07c487.jpg?resize=700%2C400 2x"},"classes":[]},{"id":81938,"url":"http:\/\/jornalrol.com.br\/?p=81938","url_meta":{"origin":82640,"position":4},"title":"Da Arg\u00e9lia ao Jornal ROL, Mohamed Rahal","author":"Sergio Diniz da Costa","date":"19 de junho de 2026","format":false,"excerpt":"Mohamed Rahal, natural da prov\u00edncia de Tebessa, Arg\u00e9lia, \u00e9 poeta, artista, letrista, pesquisador de folclore, profissional de m\u00eddia, tradutor e embaixador...","rel":"","context":"Em &quot;Antologia&quot;","block_context":{"text":"Antologia","link":"http:\/\/jornalrol.com.br\/?cat=9282"},"img":{"alt_text":"Mohamed Rahal","src":"https:\/\/i0.wp.com\/jornalrol.com.br\/wp-content\/uploads\/2026\/06\/aa7a0923-9cd3-455a-94cf-e36c34fa5c7a.jpg?resize=350%2C200","width":350,"height":200,"srcset":"https:\/\/i0.wp.com\/jornalrol.com.br\/wp-content\/uploads\/2026\/06\/aa7a0923-9cd3-455a-94cf-e36c34fa5c7a.jpg?resize=350%2C200 1x, https:\/\/i0.wp.com\/jornalrol.com.br\/wp-content\/uploads\/2026\/06\/aa7a0923-9cd3-455a-94cf-e36c34fa5c7a.jpg?resize=525%2C300 1.5x, https:\/\/i0.wp.com\/jornalrol.com.br\/wp-content\/uploads\/2026\/06\/aa7a0923-9cd3-455a-94cf-e36c34fa5c7a.jpg?resize=700%2C400 2x"},"classes":[]},{"id":73873,"url":"http:\/\/jornalrol.com.br\/?p=73873","url_meta":{"origin":82640,"position":5},"title":"Biografia de Elis Regina em poesia","author":"Suziene Cavalcante","date":"23 de junho de 2025","format":false,"excerpt":"Genialidade que n\u00e3o cabe em partituras! Garganta da nossa Hist\u00f3ria\u2026 B\u00fassola cultural de mil gl\u00f3rias\u2026 Mil expressuras! Sopro divino no corpo da arte\u2026","rel":"","context":"Em &quot;Literatura&quot;","block_context":{"text":"Literatura","link":"http:\/\/jornalrol.com.br\/?cat=9285"},"img":{"alt_text":"Elis Regina. Imagem Wikimedia Commons. Criador Picasa 2.6","src":"https:\/\/i0.wp.com\/jornalrol.com.br\/wp-content\/uploads\/2025\/06\/Elis-regina_1.jpg?resize=350%2C200","width":350,"height":200,"srcset":"https:\/\/i0.wp.com\/jornalrol.com.br\/wp-content\/uploads\/2025\/06\/Elis-regina_1.jpg?resize=350%2C200 1x, https:\/\/i0.wp.com\/jornalrol.com.br\/wp-content\/uploads\/2025\/06\/Elis-regina_1.jpg?resize=525%2C300 1.5x, https:\/\/i0.wp.com\/jornalrol.com.br\/wp-content\/uploads\/2025\/06\/Elis-regina_1.jpg?resize=700%2C400 2x"},"classes":[]}],"jetpack_featured_media_url":"http:\/\/jornalrol.com.br\/wp-content\/uploads\/2026\/07\/watermarked_img_7371307705600061169.jpg","_links":{"self":[{"href":"http:\/\/jornalrol.com.br\/index.php?rest_route=\/wp\/v2\/posts\/82640","targetHints":{"allow":["GET"]}}],"collection":[{"href":"http:\/\/jornalrol.com.br\/index.php?rest_route=\/wp\/v2\/posts"}],"about":[{"href":"http:\/\/jornalrol.com.br\/index.php?rest_route=\/wp\/v2\/types\/post"}],"author":[{"embeddable":true,"href":"http:\/\/jornalrol.com.br\/index.php?rest_route=\/wp\/v2\/users\/163"}],"replies":[{"embeddable":true,"href":"http:\/\/jornalrol.com.br\/index.php?rest_route=%2Fwp%2Fv2%2Fcomments&post=82640"}],"version-history":[{"count":2,"href":"http:\/\/jornalrol.com.br\/index.php?rest_route=\/wp\/v2\/posts\/82640\/revisions"}],"predecessor-version":[{"id":82644,"href":"http:\/\/jornalrol.com.br\/index.php?rest_route=\/wp\/v2\/posts\/82640\/revisions\/82644"}],"wp:featuredmedia":[{"embeddable":true,"href":"http:\/\/jornalrol.com.br\/index.php?rest_route=\/wp\/v2\/media\/82642"}],"wp:attachment":[{"href":"http:\/\/jornalrol.com.br\/index.php?rest_route=%2Fwp%2Fv2%2Fmedia&parent=82640"}],"wp:term":[{"taxonomy":"category","embeddable":true,"href":"http:\/\/jornalrol.com.br\/index.php?rest_route=%2Fwp%2Fv2%2Fcategories&post=82640"},{"taxonomy":"post_tag","embeddable":true,"href":"http:\/\/jornalrol.com.br\/index.php?rest_route=%2Fwp%2Fv2%2Ftags&post=82640"}],"curies":[{"name":"wp","href":"https:\/\/api.w.org\/{rel}","templated":true}]}}