{"id":82742,"date":"2026-07-22T09:27:09","date_gmt":"2026-07-22T12:27:09","guid":{"rendered":"https:\/\/jornalrol.com.br\/?p=82742"},"modified":"2026-07-22T09:27:17","modified_gmt":"2026-07-22T12:27:17","slug":"sexto-sentido","status":"publish","type":"post","link":"http:\/\/jornalrol.com.br\/?p=82742","title":{"rendered":"Sexto sentido"},"content":{"rendered":"<div class=\"pdfprnt-buttons pdfprnt-buttons-post pdfprnt-top-right\"><a href=\"http:\/\/jornalrol.com.br\/index.php?rest_route=%2Fwp%2Fv2%2Fposts%2F82742&print=pdf\" class=\"pdfprnt-button pdfprnt-button-pdf\" target=\"_blank\" ><\/a><a href=\"http:\/\/jornalrol.com.br\/index.php?rest_route=%2Fwp%2Fv2%2Fposts%2F82742&print=print\" class=\"pdfprnt-button pdfprnt-button-print\" target=\"_blank\" ><img decoding=\"async\" src=\"https:\/\/jornalrol.com.br\/wp-content\/plugins\/pdf-print\/images\/print.png\" alt=\"image_print\" title=\"Conte\u00fado de impress\u00e3o\" \/><\/a><\/div>\n<h2 class=\"wp-block-heading has-text-align-center\">SA\u00daDE INTEGRAL<br><br> Joelson Mora: &#8216;Sexto sentido: quando a consci\u00eancia desperta&#8217;<br><br><\/h2>\n\n\n<div class=\"wp-block-image\">\n<figure class=\"aligncenter size-full is-resized\"><img loading=\"lazy\" decoding=\"async\" width=\"960\" height=\"955\" data-attachment-id=\"65158\" data-permalink=\"http:\/\/jornalrol.com.br\/?attachment_id=65158\" data-orig-file=\"http:\/\/jornalrol.com.br\/wp-content\/uploads\/2024\/03\/78d64274-3f32-49b2-840f-2da823db2060.jpg\" data-orig-size=\"960,955\" data-comments-opened=\"1\" data-image-meta=\"{&quot;aperture&quot;:&quot;0&quot;,&quot;credit&quot;:&quot;&quot;,&quot;camera&quot;:&quot;&quot;,&quot;caption&quot;:&quot;&quot;,&quot;created_timestamp&quot;:&quot;0&quot;,&quot;copyright&quot;:&quot;&quot;,&quot;focal_length&quot;:&quot;0&quot;,&quot;iso&quot;:&quot;0&quot;,&quot;shutter_speed&quot;:&quot;0&quot;,&quot;title&quot;:&quot;&quot;,&quot;orientation&quot;:&quot;0&quot;}\" data-image-title=\"78d64274-3f32-49b2-840f-2da823db2060\" data-image-description=\"&lt;p&gt;Joelson Mora&lt;\/p&gt;\n\" data-image-caption=\"&lt;p&gt;Joelson Mora&lt;\/p&gt;\n\" data-large-file=\"http:\/\/jornalrol.com.br\/wp-content\/uploads\/2024\/03\/78d64274-3f32-49b2-840f-2da823db2060.jpg\" src=\"http:\/\/jornalrol.com.br\/wp-content\/uploads\/2024\/03\/78d64274-3f32-49b2-840f-2da823db2060.jpg\" alt=\"Joelson Mora\" class=\"wp-image-65158\" style=\"aspect-ratio:1.0053408733898836;width:166px;height:auto\" srcset=\"http:\/\/jornalrol.com.br\/wp-content\/uploads\/2024\/03\/78d64274-3f32-49b2-840f-2da823db2060.jpg 960w, http:\/\/jornalrol.com.br\/wp-content\/uploads\/2024\/03\/78d64274-3f32-49b2-840f-2da823db2060-768x764.jpg 768w\" sizes=\"auto, (max-width: 960px) 100vw, 960px\" \/><figcaption class=\"wp-element-caption\">Joelson Mora<\/figcaption><\/figure>\n<\/div>\n\n<div class=\"wp-block-image\">\n<figure class=\"aligncenter size-full\"><img loading=\"lazy\" decoding=\"async\" width=\"1024\" height=\"559\" data-attachment-id=\"82743\" data-permalink=\"http:\/\/jornalrol.com.br\/?attachment_id=82743\" data-orig-file=\"http:\/\/jornalrol.com.br\/wp-content\/uploads\/2026\/07\/watermarked_img_11585496431976238805.jpg\" data-orig-size=\"1024,559\" data-comments-opened=\"1\" data-image-meta=\"{&quot;aperture&quot;:&quot;0&quot;,&quot;credit&quot;:&quot;&quot;,&quot;camera&quot;:&quot;&quot;,&quot;caption&quot;:&quot;&quot;,&quot;created_timestamp&quot;:&quot;0&quot;,&quot;copyright&quot;:&quot;&quot;,&quot;focal_length&quot;:&quot;0&quot;,&quot;iso&quot;:&quot;0&quot;,&quot;shutter_speed&quot;:&quot;0&quot;,&quot;title&quot;:&quot;&quot;,&quot;orientation&quot;:&quot;0&quot;,&quot;alt&quot;:&quot;&quot;}\" data-image-title=\"watermarked_img_11585496431976238805\" data-image-description=\"\" data-image-caption=\"\" data-large-file=\"http:\/\/jornalrol.com.br\/wp-content\/uploads\/2026\/07\/watermarked_img_11585496431976238805.jpg\" src=\"https:\/\/jornalrol.com.br\/wp-content\/uploads\/2026\/07\/watermarked_img_11585496431976238805.jpg\" alt=\"Uma representa\u00e7\u00e3o vision\u00e1ria do despertar espiritual. No centro, uma figura humana em medita\u00e7\u00e3o irradia luz dourada, culminando em um Olho que Tudo V\u00ea. Ela \u00e9 cercada por s\u00edmbolos esot\u00e9ricos que evocam sabedoria universal. As laterais contrastam ra\u00edzes terrenas e emo\u00e7\u00f5es (esquerda) com a mente universal e a interdepend\u00eancia (direita), simbolizada por neur\u00f4nios c\u00f3smicos e gal\u00e1xias. O estilo de arte vision\u00e1ria cria um senso de harmonia e beleza transcendental, perfeito para publica\u00e7\u00f5es sobre autoconhecimento\" class=\"wp-image-82743\" srcset=\"http:\/\/jornalrol.com.br\/wp-content\/uploads\/2026\/07\/watermarked_img_11585496431976238805.jpg 1024w, http:\/\/jornalrol.com.br\/wp-content\/uploads\/2026\/07\/watermarked_img_11585496431976238805-768x419.jpg 768w\" sizes=\"auto, (max-width: 1024px) 100vw, 1024px\" \/><figcaption class=\"wp-element-caption\"><em>https:\/\/gemini.google.com\/app\/41c9aaeb114e62f1?utm_source=app_launcher&amp;utm_medium=owned&amp;utm_campaign=base_all<\/em><\/figcaption><\/figure>\n<\/div>\n\n\n<p class=\"wp-block-paragraph\"><em>\u201cExiste algo em n\u00f3s capaz de perceber aquilo que os olhos n\u00e3o veem?\u201d<\/em><\/p>\n\n\n\n<p class=\"has-drop-cap wp-block-paragraph\">Durante s\u00e9culos, diferentes povos falaram sobre uma percep\u00e7\u00e3o que transcende os cinco sentidos. Eg\u00edpcios, hindus, gregos, povos ind\u00edgenas e diversas tradi\u00e7\u00f5es espirituais descreveram uma intelig\u00eancia silenciosa capaz de orientar escolhas, antecipar acontecimentos e revelar verdades que escapam \u00e0 l\u00f3gica.<\/p>\n\n\n\n<p class=\"wp-block-paragraph\">Chamaram isso de intui\u00e7\u00e3o.<\/p>\n\n\n\n<p class=\"wp-block-paragraph\">Outros preferiram o nome de sexto sentido.<\/p>\n\n\n\n<p class=\"wp-block-paragraph\">Mas afinal, o que realmente existe por tr\u00e1s desse fen\u00f4meno?<\/p>\n\n\n\n<p class=\"wp-block-paragraph\">A ci\u00eancia ainda n\u00e3o reconhece o &#8216;sexto sentido&#8217; como uma capacidade paranormal. Entretanto, a neuroci\u00eancia demonstra que nosso c\u00e9rebro processa milh\u00f5es de informa\u00e7\u00f5es inconscientes a cada segundo. Muitas decis\u00f5es s\u00e3o tomadas antes mesmo de termos consci\u00eancia delas. \u00c9 poss\u00edvel que aquilo que chamamos de intui\u00e7\u00e3o seja, em parte, o resultado dessa extraordin\u00e1ria capacidade de processamento invis\u00edvel.<\/p>\n\n\n\n<p class=\"wp-block-paragraph\">Ao mesmo tempo, in\u00fameras pessoas relatam experi\u00eancias dif\u00edceis de explicar apenas pela raz\u00e3o: sentir que algu\u00e9m ir\u00e1 telefonar, perceber o ambiente antes de entrar nele, pressentir um perigo ou experimentar uma profunda sensa\u00e7\u00e3o de conex\u00e3o durante momentos de sil\u00eancio e medita\u00e7\u00e3o.<\/p>\n\n\n\n<p class=\"wp-block-paragraph\">Independentemente da explica\u00e7\u00e3o, uma pergunta permanece.<\/p>\n\n\n\n<p class=\"wp-block-paragraph\">Estamos realmente atentos ao que sentimos?<\/p>\n\n\n\n<p class=\"wp-block-paragraph\">Poucas estruturas do corpo despertam tanto fasc\u00ednio quanto a gl\u00e2ndula pineal.<\/p>\n\n\n\n<p class=\"wp-block-paragraph\">Localizada no centro do c\u00e9rebro, ela \u00e9 respons\u00e1vel pela produ\u00e7\u00e3o de melatonina, horm\u00f4nio que regula o sono e o ritmo biol\u00f3gico. Cientificamente, essa \u00e9 sua principal fun\u00e7\u00e3o conhecida.<\/p>\n\n\n\n<p class=\"wp-block-paragraph\">Entretanto, diversas tradi\u00e7\u00f5es espirituais a consideram muito mais do que isso. Ela \u00e9 frequentemente associada ao chamado &#8216;terceiro olho&#8217;, s\u00edmbolo da percep\u00e7\u00e3o interior, da expans\u00e3o da consci\u00eancia e da capacidade de enxergar al\u00e9m das apar\u00eancias.<\/p>\n\n\n\n<p class=\"wp-block-paragraph\">Embora essas interpreta\u00e7\u00f5es espirituais n\u00e3o tenham comprova\u00e7\u00e3o cient\u00edfica, elas continuam inspirando milh\u00f5es de pessoas ao redor do mundo.<\/p>\n\n\n\n<p class=\"wp-block-paragraph\">Talvez porque despertem uma pergunta essencial:<\/p>\n\n\n\n<p class=\"wp-block-paragraph\">E se nossa maior vis\u00e3o n\u00e3o vier dos olhos, mas da consci\u00eancia?<\/p>\n\n\n\n<p class=\"wp-block-paragraph\">A f\u00edsica demonstra que toda mat\u00e9ria possui movimento em n\u00edvel at\u00f4mico.<\/p>\n\n\n\n<p class=\"wp-block-paragraph\">Diversas correntes filos\u00f3ficas e espirituais ampliam essa ideia afirmando que pensamentos, emo\u00e7\u00f5es e inten\u00e7\u00f5es tamb\u00e9m influenciam nossa maneira de interagir com o mundo.<\/p>\n\n\n\n<p class=\"wp-block-paragraph\">Independentemente da linguagem utilizada, uma realidade parece evidente:<\/p>\n\n\n\n<p class=\"wp-block-paragraph\">Pessoas dominadas pelo medo tendem a perceber mais amea\u00e7as.<\/p>\n\n\n\n<p class=\"wp-block-paragraph\">Quem cultiva gratid\u00e3o costuma perceber mais oportunidades.<\/p>\n\n\n\n<p class=\"wp-block-paragraph\">Nossos pensamentos moldam nossa interpreta\u00e7\u00e3o da realidade.<\/p>\n\n\n\n<p class=\"wp-block-paragraph\">E essa interpreta\u00e7\u00e3o influencia nossas escolhas.<\/p>\n\n\n\n<p class=\"wp-block-paragraph\">As escolhas transformam nosso destino.<\/p>\n\n\n\n<p class=\"wp-block-paragraph\">Toda emo\u00e7\u00e3o deixa marcas.<\/p>\n\n\n\n<p class=\"wp-block-paragraph\">Raiva prolongada desgasta.<\/p>\n\n\n\n<p class=\"wp-block-paragraph\">Culpa aprisiona.<\/p>\n\n\n\n<p class=\"wp-block-paragraph\">Medo limita.<\/p>\n\n\n\n<p class=\"wp-block-paragraph\">Esperan\u00e7a fortalece.<\/p>\n\n\n\n<p class=\"wp-block-paragraph\">Amor expande.<\/p>\n\n\n\n<p class=\"wp-block-paragraph\">Talvez o verdadeiro despertar da consci\u00eancia comece quando deixamos de lutar contra nossas emo\u00e7\u00f5es e passamos a compreend\u00ea-las.<\/p>\n\n\n\n<p class=\"wp-block-paragraph\">N\u00e3o para sermos controlados por elas.<\/p>\n\n\n\n<p class=\"wp-block-paragraph\">Mas para aprender com elas.<\/p>\n\n\n\n<p class=\"wp-block-paragraph\">Despertar a consci\u00eancia n\u00e3o significa adquirir poderes extraordin\u00e1rios.<\/p>\n\n\n\n<p class=\"wp-block-paragraph\">Significa desenvolver presen\u00e7a.<\/p>\n\n\n\n<p class=\"wp-block-paragraph\">Escutar mais.<\/p>\n\n\n\n<p class=\"wp-block-paragraph\">Julgar menos.<\/p>\n\n\n\n<p class=\"wp-block-paragraph\">Observar antes de reagir.<\/p>\n\n\n\n<p class=\"wp-block-paragraph\">Perceber os pr\u00f3prios pensamentos.<\/p>\n\n\n\n<p class=\"wp-block-paragraph\">Reconhecer cren\u00e7as limitantes.<\/p>\n\n\n\n<p class=\"wp-block-paragraph\">Assumir responsabilidade pela pr\u00f3pria transforma\u00e7\u00e3o.<\/p>\n\n\n\n<p class=\"wp-block-paragraph\">Talvez o maior sexto sentido seja justamente esse: a capacidade de perceber a si mesmo.<\/p>\n\n\n\n<p class=\"wp-block-paragraph\">Quando silenciamos o ru\u00eddo externo, algo come\u00e7a a falar dentro de n\u00f3s.<\/p>\n\n\n\n<p class=\"wp-block-paragraph\">Alguns chamam de consci\u00eancia.<\/p>\n\n\n\n<p class=\"wp-block-paragraph\">Outros chamam de esp\u00edrito.<\/p>\n\n\n\n<p class=\"wp-block-paragraph\">H\u00e1 quem diga que \u00e9 Deus.<\/p>\n\n\n\n<p class=\"wp-block-paragraph\">Outros preferem dizer que \u00e9 a pr\u00f3pria ess\u00eancia.<\/p>\n\n\n\n<p class=\"wp-block-paragraph\">O nome talvez importe menos do que a experi\u00eancia.<\/p>\n\n\n\n<p class=\"wp-block-paragraph\">Porque toda verdadeira transforma\u00e7\u00e3o nasce de uma decis\u00e3o interior.<\/p>\n\n\n\n<p class=\"wp-block-paragraph\">E, talvez, a maior liberdade que um ser humano possa conquistar seja enxergar quem realmente \u00e9.<\/p>\n\n\n\n<h3 class=\"wp-block-heading has-text-align-center\"><br>Joelson Mora<\/h3>\n\n\n\n<div class=\"wp-block-columns is-layout-flex wp-container-core-columns-is-layout-8f761849 wp-block-columns-is-layout-flex\">\n<div class=\"wp-block-column is-layout-flow wp-block-column-is-layout-flow\">\n<h3 class=\"wp-block-heading has-text-align-center has-electric-grass-gradient-background has-background\"><a href=\"https:\/\/www.facebook.com\/joelson.mora\" target=\"_blank\" rel=\"noopener\" title=\"Facebook\">Facebook<\/a><\/h3>\n<\/div>\n\n\n\n<div class=\"wp-block-column is-layout-flow wp-block-column-is-layout-flow\">\n<h3 class=\"wp-block-heading has-text-align-center has-electric-grass-gradient-background has-background\"><a href=\"https:\/\/www.instagram.com\/ojoelsonmora\/\" title=\"Instagram\">Instagram<\/a><\/h3>\n<\/div>\n<\/div>\n\n\n\n<p class=\"wp-block-paragraph\"><a href=\"https:\/\/jornalrol.com.br\/\" title=\"Voltar\">Voltar<\/a><\/p>\n\n\n\n<div class=\"wp-block-columns is-layout-flex wp-container-core-columns-is-layout-8f761849 wp-block-columns-is-layout-flex\">\n<div class=\"wp-block-column is-layout-flow wp-block-column-is-layout-flow\">\n<h3 class=\"wp-block-heading has-text-align-center\"><\/h3>\n<\/div>\n\n\n\n<div class=\"wp-block-column is-layout-flow wp-block-column-is-layout-flow\"><\/div>\n<\/div>\n","protected":false},"excerpt":{"rendered":"<p>A intui\u00e7\u00e3o e o terceiro olho unem ci\u00eancia e espiritualidade. Contudo, o despertar real surge ao compreender emo\u00e7\u00f5es e desenvolver a presen\u00e7a interior.<\/p>\n","protected":false},"author":101,"featured_media":82743,"comment_status":"open","ping_status":"closed","sticky":false,"template":"","format":"standard","meta":{"_jetpack_newsletter_access":"","_jetpack_dont_email_post_to_subs":false,"_jetpack_newsletter_tier_id":0,"_jetpack_memberships_contains_paywalled_content":false,"_jetpack_memberships_contains_paid_content":false,"footnotes":""},"categories":[17679],"tags":[13454,17680,17681,17494,11894,17087],"class_list":["post-82742","post","type-post","status-publish","format-standard","has-post-thumbnail","hentry","category-espiritualidade-e-autoconhecimento","tag-autoconhecimento","tag-ciencia-e-espiritualidade","tag-despertar-da-consciencia","tag-filosofia-de-vida","tag-intuicao","tag-reflexao-filosofica"],"aioseo_notices":[],"aioseo_head":"\n\t\t<!-- All in One SEO 5.0.1.1 - aioseo.com -->\n\t<meta name=\"description\" content=\"A intui\u00e7\u00e3o e o terceiro olho unem ci\u00eancia e espiritualidade. Contudo, o despertar real surge ao compreender emo\u00e7\u00f5es e desenvolver a presen\u00e7a interior.\" \/>\n\t<meta name=\"robots\" content=\"max-image-preview:large\" \/>\n\t<meta name=\"author\" content=\"Joelson Mora da Silva\"\/>\n\t<link rel=\"canonical\" href=\"http:\/\/jornalrol.com.br\/?p=82742\" \/>\n\t<meta name=\"generator\" content=\"All in One SEO (AIOSEO) 5.0.1.1\" \/>\n\t\t<meta property=\"og:locale\" content=\"pt_BR\" \/>\n\t\t<meta property=\"og:site_name\" content=\"Jornal Cultural Rol - Desde 1994 promovendo a cultura\" \/>\n\t\t<meta property=\"og:type\" content=\"article\" \/>\n\t\t<meta property=\"og:title\" content=\"J. Mora: &#039;Sexto sentido: quando a consci\u00eancia desperta&#039;\" \/>\n\t\t<meta property=\"og:description\" content=\"A intui\u00e7\u00e3o e o terceiro olho unem ci\u00eancia e espiritualidade. Contudo, o despertar real surge ao compreender emo\u00e7\u00f5es e desenvolver a presen\u00e7a interior.\" \/>\n\t\t<meta property=\"og:url\" content=\"http:\/\/jornalrol.com.br\/?p=82742\" \/>\n\t\t<meta property=\"og:image\" content=\"http:\/\/jornalrol.com.br\/wp-content\/uploads\/2023\/05\/JornalCulturalRol_150x173.png\" \/>\n\t\t<meta property=\"og:image:width\" content=\"150\" \/>\n\t\t<meta property=\"og:image:height\" content=\"174\" \/>\n\t\t<meta property=\"article:published_time\" content=\"2026-07-22T12:27:09+00:00\" \/>\n\t\t<meta property=\"article:modified_time\" content=\"2026-07-22T12:27:17+00:00\" \/>\n\t\t<meta property=\"article:publisher\" content=\"https:\/\/www.facebook.com\/JCulturalrol\" \/>\n\t\t<meta name=\"twitter:card\" content=\"summary_large_image\" \/>\n\t\t<meta name=\"twitter:title\" content=\"J. Mora: &#039;Sexto sentido: quando a consci\u00eancia desperta&#039;\" \/>\n\t\t<meta name=\"twitter:description\" content=\"A intui\u00e7\u00e3o e o terceiro olho unem ci\u00eancia e espiritualidade. Contudo, o despertar real surge ao compreender emo\u00e7\u00f5es e desenvolver a presen\u00e7a interior.\" \/>\n\t\t<meta name=\"twitter:image\" content=\"http:\/\/jornalrol.com.br\/wp-content\/uploads\/2023\/05\/JornalCulturalRol_150x173.png\" \/>\n\t\t<script type=\"application\/ld+json\" class=\"aioseo-schema\">\n\t\t\t{\"@context\":\"https:\\\/\\\/schema.org\",\"@graph\":[{\"@type\":\"BlogPosting\",\"@id\":\"http:\\\/\\\/jornalrol.com.br\\\/?p=82742#blogposting\",\"name\":\"J. Mora: 'Sexto sentido: quando a consci\\u00eancia desperta'\",\"headline\":\"Sexto sentido\",\"author\":{\"@id\":\"http:\\\/\\\/jornalrol.com.br\\\/?author=101#author\"},\"publisher\":{\"@id\":\"http:\\\/\\\/jornalrol.com.br\\\/#organization\"},\"image\":{\"@type\":\"ImageObject\",\"url\":\"http:\\\/\\\/jornalrol.com.br\\\/wp-content\\\/uploads\\\/2026\\\/07\\\/watermarked_img_11585496431976238805.jpg\",\"width\":1024,\"height\":559,\"caption\":\"Uma representa\\u00e7\\u00e3o vision\\u00e1ria do despertar espiritual. No centro, uma figura humana em medita\\u00e7\\u00e3o irradia luz dourada, culminando em um Olho que Tudo V\\u00ea. Ela \\u00e9 cercada por s\\u00edmbolos esot\\u00e9ricos que evocam sabedoria universal. As laterais contrastam ra\\u00edzes terrenas e emo\\u00e7\\u00f5es (esquerda) com a mente universal e a interdepend\\u00eancia (direita), simbolizada por neur\\u00f4nios c\\u00f3smicos e gal\\u00e1xias. O estilo de arte vision\\u00e1ria cria um senso de harmonia e beleza transcendental, perfeito para publica\\u00e7\\u00f5es sobre autoconhecimento\"},\"datePublished\":\"2026-07-22T09:27:09-03:00\",\"dateModified\":\"2026-07-22T09:27:17-03:00\",\"inLanguage\":\"pt-BR\",\"commentCount\":1,\"mainEntityOfPage\":{\"@id\":\"http:\\\/\\\/jornalrol.com.br\\\/?p=82742#webpage\"},\"isPartOf\":{\"@id\":\"http:\\\/\\\/jornalrol.com.br\\\/?p=82742#webpage\"},\"articleSection\":\"Espiritualidade e Autoconhecimento, autoconhecimento, Ci\\u00eancia e Espiritualidade, Despertar da Consci\\u00eancia, filosofia de vida, intui\\u00e7\\u00e3o, reflex\\u00e3o filos\\u00f3fica\"},{\"@type\":\"BreadcrumbList\",\"@id\":\"http:\\\/\\\/jornalrol.com.br\\\/?p=82742#breadcrumblist\",\"itemListElement\":[{\"@type\":\"ListItem\",\"@id\":\"http:\\\/\\\/jornalrol.com.br#listItem\",\"position\":1,\"name\":\"In\\u00edcio\",\"item\":\"http:\\\/\\\/jornalrol.com.br\",\"nextItem\":{\"@type\":\"ListItem\",\"@id\":\"http:\\\/\\\/jornalrol.com.br\\\/?cat=17679#listItem\",\"name\":\"Espiritualidade e Autoconhecimento\"}},{\"@type\":\"ListItem\",\"@id\":\"http:\\\/\\\/jornalrol.com.br\\\/?cat=17679#listItem\",\"position\":2,\"name\":\"Espiritualidade e Autoconhecimento\",\"item\":\"http:\\\/\\\/jornalrol.com.br\\\/?cat=17679\",\"nextItem\":{\"@type\":\"ListItem\",\"@id\":\"http:\\\/\\\/jornalrol.com.br\\\/?p=82742#listItem\",\"name\":\"Sexto sentido\"},\"previousItem\":{\"@type\":\"ListItem\",\"@id\":\"http:\\\/\\\/jornalrol.com.br#listItem\",\"name\":\"In\\u00edcio\"}},{\"@type\":\"ListItem\",\"@id\":\"http:\\\/\\\/jornalrol.com.br\\\/?p=82742#listItem\",\"position\":3,\"name\":\"Sexto sentido\",\"previousItem\":{\"@type\":\"ListItem\",\"@id\":\"http:\\\/\\\/jornalrol.com.br\\\/?cat=17679#listItem\",\"name\":\"Espiritualidade e Autoconhecimento\"}}]},{\"@type\":\"Organization\",\"@id\":\"http:\\\/\\\/jornalrol.com.br\\\/#organization\",\"name\":\"Jornal Cultural ROL\",\"description\":\"Desde 1994 promovendo a cultura\",\"url\":\"http:\\\/\\\/jornalrol.com.br\\\/\",\"telephone\":\"+5515996165768\",\"logo\":{\"@type\":\"ImageObject\",\"url\":\"http:\\\/\\\/jornalrol.com.br\\\/wp-content\\\/uploads\\\/2023\\\/05\\\/rol.png\",\"@id\":\"http:\\\/\\\/jornalrol.com.br\\\/?p=82742\\\/#organizationLogo\",\"width\":300,\"height\":122,\"caption\":\"Jornal Rol\"},\"image\":{\"@id\":\"http:\\\/\\\/jornalrol.com.br\\\/?p=82742\\\/#organizationLogo\"},\"sameAs\":[\"https:\\\/\\\/www.facebook.com\\\/JCulturalrol\",\"https:\\\/\\\/www.instagram.com\\\/jornalculturalrol\\\/\"]},{\"@type\":\"Person\",\"@id\":\"http:\\\/\\\/jornalrol.com.br\\\/?author=101#author\",\"url\":\"http:\\\/\\\/jornalrol.com.br\\\/?author=101\",\"name\":\"Joelson Mora da Silva\",\"image\":{\"@type\":\"ImageObject\",\"@id\":\"http:\\\/\\\/jornalrol.com.br\\\/?p=82742#authorImage\",\"url\":\"http:\\\/\\\/jornalrol.com.br\\\/wp-content\\\/uploads\\\/2024\\\/03\\\/f7527f63-bc50-4014-b60e-388d5852de49-600x600.jpg\",\"width\":96,\"height\":96,\"caption\":\"Joelson Mora da Silva\"}},{\"@type\":\"WebPage\",\"@id\":\"http:\\\/\\\/jornalrol.com.br\\\/?p=82742#webpage\",\"url\":\"http:\\\/\\\/jornalrol.com.br\\\/?p=82742\",\"name\":\"J. Mora: 'Sexto sentido: quando a consci\\u00eancia desperta'\",\"description\":\"A intui\\u00e7\\u00e3o e o terceiro olho unem ci\\u00eancia e espiritualidade. Contudo, o despertar real surge ao compreender emo\\u00e7\\u00f5es e desenvolver a presen\\u00e7a interior.\",\"inLanguage\":\"pt-BR\",\"isPartOf\":{\"@id\":\"http:\\\/\\\/jornalrol.com.br\\\/#website\"},\"breadcrumb\":{\"@id\":\"http:\\\/\\\/jornalrol.com.br\\\/?p=82742#breadcrumblist\"},\"author\":{\"@id\":\"http:\\\/\\\/jornalrol.com.br\\\/?author=101#author\"},\"creator\":{\"@id\":\"http:\\\/\\\/jornalrol.com.br\\\/?author=101#author\"},\"image\":{\"@type\":\"ImageObject\",\"url\":\"http:\\\/\\\/jornalrol.com.br\\\/wp-content\\\/uploads\\\/2026\\\/07\\\/watermarked_img_11585496431976238805.jpg\",\"@id\":\"http:\\\/\\\/jornalrol.com.br\\\/?p=82742\\\/#mainImage\",\"width\":1024,\"height\":559,\"caption\":\"Uma representa\\u00e7\\u00e3o vision\\u00e1ria do despertar espiritual. No centro, uma figura humana em medita\\u00e7\\u00e3o irradia luz dourada, culminando em um Olho que Tudo V\\u00ea. Ela \\u00e9 cercada por s\\u00edmbolos esot\\u00e9ricos que evocam sabedoria universal. As laterais contrastam ra\\u00edzes terrenas e emo\\u00e7\\u00f5es (esquerda) com a mente universal e a interdepend\\u00eancia (direita), simbolizada por neur\\u00f4nios c\\u00f3smicos e gal\\u00e1xias. O estilo de arte vision\\u00e1ria cria um senso de harmonia e beleza transcendental, perfeito para publica\\u00e7\\u00f5es sobre autoconhecimento\"},\"primaryImageOfPage\":{\"@id\":\"http:\\\/\\\/jornalrol.com.br\\\/?p=82742#mainImage\"},\"datePublished\":\"2026-07-22T09:27:09-03:00\",\"dateModified\":\"2026-07-22T09:27:17-03:00\"},{\"@type\":\"WebSite\",\"@id\":\"http:\\\/\\\/jornalrol.com.br\\\/#website\",\"url\":\"http:\\\/\\\/jornalrol.com.br\\\/\",\"name\":\"Jornal Cultural ROL\",\"description\":\"Desde 1994 promovendo a cultura\",\"inLanguage\":\"pt-BR\",\"publisher\":{\"@id\":\"http:\\\/\\\/jornalrol.com.br\\\/#organization\"}}]}\n\t\t<\/script>\n\t\t<!-- All in One SEO -->\n\n","aioseo_head_json":{"title":"J. Mora: 'Sexto sentido: quando a consci\u00eancia desperta'","description":"A intui\u00e7\u00e3o e o terceiro olho unem ci\u00eancia e espiritualidade. Contudo, o despertar real surge ao compreender emo\u00e7\u00f5es e desenvolver a presen\u00e7a interior.","canonical_url":"http:\/\/jornalrol.com.br\/?p=82742","robots":"max-image-preview:large","keywords":"","webmasterTools":{"miscellaneous":""},"schema":{"@context":"https:\/\/schema.org","@graph":[{"@type":"BlogPosting","@id":"http:\/\/jornalrol.com.br\/?p=82742#blogposting","name":"J. Mora: 'Sexto sentido: quando a consci\u00eancia desperta'","headline":"Sexto sentido","author":{"@id":"http:\/\/jornalrol.com.br\/?author=101#author"},"publisher":{"@id":"http:\/\/jornalrol.com.br\/#organization"},"image":{"@type":"ImageObject","url":"http:\/\/jornalrol.com.br\/wp-content\/uploads\/2026\/07\/watermarked_img_11585496431976238805.jpg","width":1024,"height":559,"caption":"Uma representa\u00e7\u00e3o vision\u00e1ria do despertar espiritual. No centro, uma figura humana em medita\u00e7\u00e3o irradia luz dourada, culminando em um Olho que Tudo V\u00ea. Ela \u00e9 cercada por s\u00edmbolos esot\u00e9ricos que evocam sabedoria universal. As laterais contrastam ra\u00edzes terrenas e emo\u00e7\u00f5es (esquerda) com a mente universal e a interdepend\u00eancia (direita), simbolizada por neur\u00f4nios c\u00f3smicos e gal\u00e1xias. O estilo de arte vision\u00e1ria cria um senso de harmonia e beleza transcendental, perfeito para publica\u00e7\u00f5es sobre autoconhecimento"},"datePublished":"2026-07-22T09:27:09-03:00","dateModified":"2026-07-22T09:27:17-03:00","inLanguage":"pt-BR","commentCount":1,"mainEntityOfPage":{"@id":"http:\/\/jornalrol.com.br\/?p=82742#webpage"},"isPartOf":{"@id":"http:\/\/jornalrol.com.br\/?p=82742#webpage"},"articleSection":"Espiritualidade e Autoconhecimento, autoconhecimento, Ci\u00eancia e Espiritualidade, Despertar da Consci\u00eancia, filosofia de vida, intui\u00e7\u00e3o, reflex\u00e3o filos\u00f3fica"},{"@type":"BreadcrumbList","@id":"http:\/\/jornalrol.com.br\/?p=82742#breadcrumblist","itemListElement":[{"@type":"ListItem","@id":"http:\/\/jornalrol.com.br#listItem","position":1,"name":"In\u00edcio","item":"http:\/\/jornalrol.com.br","nextItem":{"@type":"ListItem","@id":"http:\/\/jornalrol.com.br\/?cat=17679#listItem","name":"Espiritualidade e Autoconhecimento"}},{"@type":"ListItem","@id":"http:\/\/jornalrol.com.br\/?cat=17679#listItem","position":2,"name":"Espiritualidade e Autoconhecimento","item":"http:\/\/jornalrol.com.br\/?cat=17679","nextItem":{"@type":"ListItem","@id":"http:\/\/jornalrol.com.br\/?p=82742#listItem","name":"Sexto sentido"},"previousItem":{"@type":"ListItem","@id":"http:\/\/jornalrol.com.br#listItem","name":"In\u00edcio"}},{"@type":"ListItem","@id":"http:\/\/jornalrol.com.br\/?p=82742#listItem","position":3,"name":"Sexto sentido","previousItem":{"@type":"ListItem","@id":"http:\/\/jornalrol.com.br\/?cat=17679#listItem","name":"Espiritualidade e Autoconhecimento"}}]},{"@type":"Organization","@id":"http:\/\/jornalrol.com.br\/#organization","name":"Jornal Cultural ROL","description":"Desde 1994 promovendo a cultura","url":"http:\/\/jornalrol.com.br\/","telephone":"+5515996165768","logo":{"@type":"ImageObject","url":"http:\/\/jornalrol.com.br\/wp-content\/uploads\/2023\/05\/rol.png","@id":"http:\/\/jornalrol.com.br\/?p=82742\/#organizationLogo","width":300,"height":122,"caption":"Jornal Rol"},"image":{"@id":"http:\/\/jornalrol.com.br\/?p=82742\/#organizationLogo"},"sameAs":["https:\/\/www.facebook.com\/JCulturalrol","https:\/\/www.instagram.com\/jornalculturalrol\/"]},{"@type":"Person","@id":"http:\/\/jornalrol.com.br\/?author=101#author","url":"http:\/\/jornalrol.com.br\/?author=101","name":"Joelson Mora da Silva","image":{"@type":"ImageObject","@id":"http:\/\/jornalrol.com.br\/?p=82742#authorImage","url":"http:\/\/jornalrol.com.br\/wp-content\/uploads\/2024\/03\/f7527f63-bc50-4014-b60e-388d5852de49-600x600.jpg","width":96,"height":96,"caption":"Joelson Mora da Silva"}},{"@type":"WebPage","@id":"http:\/\/jornalrol.com.br\/?p=82742#webpage","url":"http:\/\/jornalrol.com.br\/?p=82742","name":"J. Mora: 'Sexto sentido: quando a consci\u00eancia desperta'","description":"A intui\u00e7\u00e3o e o terceiro olho unem ci\u00eancia e espiritualidade. Contudo, o despertar real surge ao compreender emo\u00e7\u00f5es e desenvolver a presen\u00e7a interior.","inLanguage":"pt-BR","isPartOf":{"@id":"http:\/\/jornalrol.com.br\/#website"},"breadcrumb":{"@id":"http:\/\/jornalrol.com.br\/?p=82742#breadcrumblist"},"author":{"@id":"http:\/\/jornalrol.com.br\/?author=101#author"},"creator":{"@id":"http:\/\/jornalrol.com.br\/?author=101#author"},"image":{"@type":"ImageObject","url":"http:\/\/jornalrol.com.br\/wp-content\/uploads\/2026\/07\/watermarked_img_11585496431976238805.jpg","@id":"http:\/\/jornalrol.com.br\/?p=82742\/#mainImage","width":1024,"height":559,"caption":"Uma representa\u00e7\u00e3o vision\u00e1ria do despertar espiritual. No centro, uma figura humana em medita\u00e7\u00e3o irradia luz dourada, culminando em um Olho que Tudo V\u00ea. Ela \u00e9 cercada por s\u00edmbolos esot\u00e9ricos que evocam sabedoria universal. As laterais contrastam ra\u00edzes terrenas e emo\u00e7\u00f5es (esquerda) com a mente universal e a interdepend\u00eancia (direita), simbolizada por neur\u00f4nios c\u00f3smicos e gal\u00e1xias. O estilo de arte vision\u00e1ria cria um senso de harmonia e beleza transcendental, perfeito para publica\u00e7\u00f5es sobre autoconhecimento"},"primaryImageOfPage":{"@id":"http:\/\/jornalrol.com.br\/?p=82742#mainImage"},"datePublished":"2026-07-22T09:27:09-03:00","dateModified":"2026-07-22T09:27:17-03:00"},{"@type":"WebSite","@id":"http:\/\/jornalrol.com.br\/#website","url":"http:\/\/jornalrol.com.br\/","name":"Jornal Cultural ROL","description":"Desde 1994 promovendo a cultura","inLanguage":"pt-BR","publisher":{"@id":"http:\/\/jornalrol.com.br\/#organization"}}]},"og:locale":"pt_BR","og:site_name":"Jornal Cultural Rol - Desde 1994 promovendo a cultura","og:type":"article","og:title":"J. Mora: 'Sexto sentido: quando a consci\u00eancia desperta'","og:description":"A intui\u00e7\u00e3o e o terceiro olho unem ci\u00eancia e espiritualidade. Contudo, o despertar real surge ao compreender emo\u00e7\u00f5es e desenvolver a presen\u00e7a interior.","og:url":"http:\/\/jornalrol.com.br\/?p=82742","og:image":"http:\/\/jornalrol.com.br\/wp-content\/uploads\/2023\/05\/JornalCulturalRol_150x173.png","og:image:width":150,"og:image:height":174,"article:published_time":"2026-07-22T12:27:09+00:00","article:modified_time":"2026-07-22T12:27:17+00:00","article:publisher":"https:\/\/www.facebook.com\/JCulturalrol","twitter:card":"summary_large_image","twitter:title":"J. Mora: 'Sexto sentido: quando a consci\u00eancia desperta'","twitter:description":"A intui\u00e7\u00e3o e o terceiro olho unem ci\u00eancia e espiritualidade. Contudo, o despertar real surge ao compreender emo\u00e7\u00f5es e desenvolver a presen\u00e7a interior.","twitter:image":"http:\/\/jornalrol.com.br\/wp-content\/uploads\/2023\/05\/JornalCulturalRol_150x173.png"},"aioseo_meta_data":{"post_id":"82742","title":"J. Mora: 'Sexto sentido: quando a consci\u00eancia desperta'","description":null,"keywords":null,"keyphrases":{"focus":{"keyphrase":"","score":0,"analysis":{"keyphraseInTitle":{"score":0,"maxScore":9,"error":1}}},"additional":[]},"primary_term":null,"canonical_url":null,"og_title":null,"og_description":null,"og_object_type":"default","og_image_type":"default","og_image_url":null,"og_image_width":null,"og_image_height":null,"og_image_custom_url":null,"og_image_custom_fields":null,"og_video":"","og_custom_url":null,"og_article_section":null,"og_article_tags":null,"twitter_use_og":false,"twitter_card":"default","twitter_image_type":"default","twitter_image_url":null,"twitter_image_custom_url":null,"twitter_image_custom_fields":null,"twitter_title":null,"twitter_description":null,"schema":{"blockGraphs":[],"customGraphs":[],"default":{"data":{"Article":[],"Course":[],"Dataset":[],"FAQPage":[],"Movie":[],"Person":[],"Product":[],"ProductReview":[],"Car":[],"Recipe":[],"Service":[],"SoftwareApplication":[],"WebPage":[]},"graphName":"BlogPosting","isEnabled":true},"graphs":[]},"schema_type":"default","schema_type_options":null,"pillar_content":false,"robots_default":true,"robots_noindex":false,"robots_noarchive":false,"robots_nosnippet":false,"robots_nofollow":false,"robots_noimageindex":false,"robots_noodp":false,"robots_notranslate":false,"robots_max_snippet":"-1","robots_max_videopreview":"-1","robots_max_imagepreview":"large","priority":null,"frequency":"default","local_seo":null,"breadcrumb_settings":null,"limit_modified_date":false,"ai":{"faqs":[],"keyPoints":[],"schemas":[],"titles":[],"descriptions":[],"socialPosts":{"email":{"subject":"","preview":"","content":""},"linkedin":[],"twitter":[],"facebook":[],"instagram":[]}},"created":"2026-07-22 12:24:00","updated":"2026-07-22 13:02:29","seo_analyzer_scan_date":null,"focus_keyword":null,"additional_keywords":null,"truseo_locale":null},"aioseo_breadcrumb":"<div class=\"aioseo-breadcrumbs\"><span class=\"aioseo-breadcrumb\">\n\t\t\t<a href=\"http:\/\/jornalrol.com.br\" title=\"In\u00edcio\">In\u00edcio<\/a>\n\t\t<\/span><span class=\"aioseo-breadcrumb-separator\">&raquo;<\/span><span class=\"aioseo-breadcrumb\">\n\t\t\t<a href=\"http:\/\/jornalrol.com.br\/?cat=17679\" title=\"Espiritualidade e Autoconhecimento\">Espiritualidade e Autoconhecimento<\/a>\n\t\t<\/span><span class=\"aioseo-breadcrumb-separator\">&raquo;<\/span><span class=\"aioseo-breadcrumb\">\n\t\t\tSexto sentido\n\t\t<\/span><\/div>","aioseo_breadcrumb_json":[{"label":"In\u00edcio","link":"http:\/\/jornalrol.com.br"},{"label":"Espiritualidade e Autoconhecimento","link":"http:\/\/jornalrol.com.br\/?cat=17679"},{"label":"Sexto sentido","link":"http:\/\/jornalrol.com.br\/?p=82742"}],"views":4500,"jetpack_sharing_enabled":true,"jetpack_likes_enabled":true,"jetpack-related-posts":[{"id":82426,"url":"http:\/\/jornalrol.com.br\/?p=82426","url_meta":{"origin":82742,"position":0},"title":"Pacto","author":"Joelson Mora da Silva","date":"10 de julho de 2026","format":false,"excerpt":"O verdadeiro pacto que antecede todos os outros \u00e9 o compromisso com a pr\u00f3pria consci\u00eancia. Descubra como essa escolha interior transforma toda a sua vida.","rel":"","context":"Em &quot;Ensaio&quot;","block_context":{"text":"Ensaio","link":"http:\/\/jornalrol.com.br\/?cat=16747"},"img":{"alt_text":"Imagem criada por IA do Bing, em 09\/07\/2026, `s 10h45","src":"https:\/\/i0.wp.com\/jornalrol.com.br\/wp-content\/uploads\/2026\/07\/BA6EF581-9C13-449C-9885-80E36518FF0A.jpg?resize=350%2C200","width":350,"height":200,"srcset":"https:\/\/i0.wp.com\/jornalrol.com.br\/wp-content\/uploads\/2026\/07\/BA6EF581-9C13-449C-9885-80E36518FF0A.jpg?resize=350%2C200 1x, https:\/\/i0.wp.com\/jornalrol.com.br\/wp-content\/uploads\/2026\/07\/BA6EF581-9C13-449C-9885-80E36518FF0A.jpg?resize=525%2C300 1.5x, https:\/\/i0.wp.com\/jornalrol.com.br\/wp-content\/uploads\/2026\/07\/BA6EF581-9C13-449C-9885-80E36518FF0A.jpg?resize=700%2C400 2x"},"classes":[]},{"id":83239,"url":"http:\/\/jornalrol.com.br\/?p=83239","url_meta":{"origin":82742,"position":1},"title":"Mandala","author":"Joelson Mora da Silva","date":"7 de agosto de 2026","format":false,"excerpt":"As mandalas convidam a desacelerar em um mundo apressado. S\u00edmbolos de equil\u00edbrio, ajudam a resgatar nossa ess\u00eancia e integrar a sa\u00fade integral.","rel":"","context":"Em &quot;Sem categoria&quot;","block_context":{"text":"Sem categoria","link":"http:\/\/jornalrol.com.br\/?cat=1"},"img":{"alt_text":"Infogr\u00e1fico em formato de mandala intitulado Roda da Vida, com elementos de desenvolvimento pessoal, espiritualidade, sa\u00fade, fam\u00edlia e foco, em tons de dourado, azul e verde.","src":"https:\/\/i0.wp.com\/jornalrol.com.br\/wp-content\/uploads\/2026\/08\/FDADEAF8-F107-4ED9-8638-9CC20D31A344.jpg?resize=350%2C200","width":350,"height":200,"srcset":"https:\/\/i0.wp.com\/jornalrol.com.br\/wp-content\/uploads\/2026\/08\/FDADEAF8-F107-4ED9-8638-9CC20D31A344.jpg?resize=350%2C200 1x, https:\/\/i0.wp.com\/jornalrol.com.br\/wp-content\/uploads\/2026\/08\/FDADEAF8-F107-4ED9-8638-9CC20D31A344.jpg?resize=525%2C300 1.5x, https:\/\/i0.wp.com\/jornalrol.com.br\/wp-content\/uploads\/2026\/08\/FDADEAF8-F107-4ED9-8638-9CC20D31A344.jpg?resize=700%2C400 2x, https:\/\/i0.wp.com\/jornalrol.com.br\/wp-content\/uploads\/2026\/08\/FDADEAF8-F107-4ED9-8638-9CC20D31A344.jpg?resize=1050%2C600 3x"},"classes":[]},{"id":82051,"url":"http:\/\/jornalrol.com.br\/?p=82051","url_meta":{"origin":82742,"position":2},"title":"Expans\u00e3o da consci\u00eancia","author":"Joelson Mora da Silva","date":"23 de junho de 2026","format":false,"excerpt":"A expans\u00e3o da consci\u00eancia vai al\u00e9m de acumular conhecimento: \u00e9 transformar informa\u00e7\u00e3o em sabedoria, viver com prop\u00f3sito, empatia e evolu\u00e7\u00e3o cont\u00ednua.","rel":"","context":"Em &quot;Literatura&quot;","block_context":{"text":"Literatura","link":"http:\/\/jornalrol.com.br\/?cat=9285"},"img":{"alt_text":"Imagem criada pelo ChatGPT - https:\/\/gemini.google.com\/app\/3bb6074004feb226?utm_source=app_launcher&utm_medium=owned&utm_campaign=base_all","src":"https:\/\/i0.wp.com\/jornalrol.com.br\/wp-content\/uploads\/2026\/06\/8461de9e-dd03-48ee-97ff-964e06d56ac9.png?resize=350%2C200","width":350,"height":200,"srcset":"https:\/\/i0.wp.com\/jornalrol.com.br\/wp-content\/uploads\/2026\/06\/8461de9e-dd03-48ee-97ff-964e06d56ac9.png?resize=350%2C200 1x, https:\/\/i0.wp.com\/jornalrol.com.br\/wp-content\/uploads\/2026\/06\/8461de9e-dd03-48ee-97ff-964e06d56ac9.png?resize=525%2C300 1.5x, https:\/\/i0.wp.com\/jornalrol.com.br\/wp-content\/uploads\/2026\/06\/8461de9e-dd03-48ee-97ff-964e06d56ac9.png?resize=700%2C400 2x, https:\/\/i0.wp.com\/jornalrol.com.br\/wp-content\/uploads\/2026\/06\/8461de9e-dd03-48ee-97ff-964e06d56ac9.png?resize=1050%2C600 3x, https:\/\/i0.wp.com\/jornalrol.com.br\/wp-content\/uploads\/2026\/06\/8461de9e-dd03-48ee-97ff-964e06d56ac9.png?resize=1400%2C800 4x"},"classes":[]},{"id":74131,"url":"http:\/\/jornalrol.com.br\/?p=74131","url_meta":{"origin":82742,"position":3},"title":"O despertar no espelho da alma","author":"Joelson Mora da Silva","date":"4 de julho de 2025","format":false,"excerpt":"Na noite passada, tive um sonho diferente de todos que j\u00e1 vivi. N\u00e3o apenas pela nitidez das imagens, mas pelo que senti: um chamado. Um portal se abriu...","rel":"","context":"Em &quot;Literatura&quot;","block_context":{"text":"Literatura","link":"http:\/\/jornalrol.com.br\/?cat=9285"},"img":{"alt_text":"Imagem criada pelo Bing - 04 de julho de 2025, \u00e0s 16:49 PM","src":"https:\/\/i0.wp.com\/jornalrol.com.br\/wp-content\/uploads\/2025\/07\/d1ce727e-f687-4641-b50a-106a0c162fee.jpg?resize=350%2C200","width":350,"height":200,"srcset":"https:\/\/i0.wp.com\/jornalrol.com.br\/wp-content\/uploads\/2025\/07\/d1ce727e-f687-4641-b50a-106a0c162fee.jpg?resize=350%2C200 1x, https:\/\/i0.wp.com\/jornalrol.com.br\/wp-content\/uploads\/2025\/07\/d1ce727e-f687-4641-b50a-106a0c162fee.jpg?resize=525%2C300 1.5x, https:\/\/i0.wp.com\/jornalrol.com.br\/wp-content\/uploads\/2025\/07\/d1ce727e-f687-4641-b50a-106a0c162fee.jpg?resize=700%2C400 2x"},"classes":[]},{"id":78544,"url":"http:\/\/jornalrol.com.br\/?p=78544","url_meta":{"origin":82742,"position":4},"title":"Manifesto 2025","author":"Joelson Mora da Silva","date":"17 de fevereiro de 2026","format":false,"excerpt":"Viver com presen\u00e7a, n\u00e3o no autom\u00e1tico. Cuidar do meu corpo como templo, da minha mente como ferramenta e do meu esp\u00edrito como fonte. Escolho a disciplina...","rel":"","context":"Em &quot;Literatura&quot;","block_context":{"text":"Literatura","link":"http:\/\/jornalrol.com.br\/?cat=9285"},"img":{"alt_text":"Imagem criada por Ia do Bing - 16 de fevereiro de 2026, \u00e0s 13h30","src":"https:\/\/i0.wp.com\/jornalrol.com.br\/wp-content\/uploads\/2026\/02\/unnamed-1.jpg?resize=350%2C200","width":350,"height":200,"srcset":"https:\/\/i0.wp.com\/jornalrol.com.br\/wp-content\/uploads\/2026\/02\/unnamed-1.jpg?resize=350%2C200 1x, https:\/\/i0.wp.com\/jornalrol.com.br\/wp-content\/uploads\/2026\/02\/unnamed-1.jpg?resize=525%2C300 1.5x, https:\/\/i0.wp.com\/jornalrol.com.br\/wp-content\/uploads\/2026\/02\/unnamed-1.jpg?resize=700%2C400 2x"},"classes":[]},{"id":77861,"url":"http:\/\/jornalrol.com.br\/?p=77861","url_meta":{"origin":82742,"position":5},"title":"Expans\u00e3o\u00a0de consci\u00eancia","author":"Joelson Mora da Silva","date":"15 de janeiro de 2026","format":false,"excerpt":"A busca humana por sentido, cura e transcend\u00eancia n\u00e3o \u00e9 algo moderno. Desde os prim\u00f3rdios, o ser humano recorre \u00e0 natureza, aos rituais e \u00e0 espiritualidade...","rel":"","context":"Em &quot;Inform\u00e1tica&quot;","block_context":{"text":"Inform\u00e1tica","link":"http:\/\/jornalrol.com.br\/?cat=11948"},"img":{"alt_text":"Imagem criada por IA do Bing - 14 de janeiro de 2026, \u00e0s 12:00 PM","src":"https:\/\/i0.wp.com\/jornalrol.com.br\/wp-content\/uploads\/2026\/01\/destacada-libras.jpg?resize=350%2C200","width":350,"height":200,"srcset":"https:\/\/i0.wp.com\/jornalrol.com.br\/wp-content\/uploads\/2026\/01\/destacada-libras.jpg?resize=350%2C200 1x, https:\/\/i0.wp.com\/jornalrol.com.br\/wp-content\/uploads\/2026\/01\/destacada-libras.jpg?resize=525%2C300 1.5x, https:\/\/i0.wp.com\/jornalrol.com.br\/wp-content\/uploads\/2026\/01\/destacada-libras.jpg?resize=700%2C400 2x"},"classes":[]}],"jetpack_featured_media_url":"http:\/\/jornalrol.com.br\/wp-content\/uploads\/2026\/07\/watermarked_img_11585496431976238805.jpg","_links":{"self":[{"href":"http:\/\/jornalrol.com.br\/index.php?rest_route=\/wp\/v2\/posts\/82742","targetHints":{"allow":["GET"]}}],"collection":[{"href":"http:\/\/jornalrol.com.br\/index.php?rest_route=\/wp\/v2\/posts"}],"about":[{"href":"http:\/\/jornalrol.com.br\/index.php?rest_route=\/wp\/v2\/types\/post"}],"author":[{"embeddable":true,"href":"http:\/\/jornalrol.com.br\/index.php?rest_route=\/wp\/v2\/users\/101"}],"replies":[{"embeddable":true,"href":"http:\/\/jornalrol.com.br\/index.php?rest_route=%2Fwp%2Fv2%2Fcomments&post=82742"}],"version-history":[{"count":4,"href":"http:\/\/jornalrol.com.br\/index.php?rest_route=\/wp\/v2\/posts\/82742\/revisions"}],"predecessor-version":[{"id":82748,"href":"http:\/\/jornalrol.com.br\/index.php?rest_route=\/wp\/v2\/posts\/82742\/revisions\/82748"}],"wp:featuredmedia":[{"embeddable":true,"href":"http:\/\/jornalrol.com.br\/index.php?rest_route=\/wp\/v2\/media\/82743"}],"wp:attachment":[{"href":"http:\/\/jornalrol.com.br\/index.php?rest_route=%2Fwp%2Fv2%2Fmedia&parent=82742"}],"wp:term":[{"taxonomy":"category","embeddable":true,"href":"http:\/\/jornalrol.com.br\/index.php?rest_route=%2Fwp%2Fv2%2Fcategories&post=82742"},{"taxonomy":"post_tag","embeddable":true,"href":"http:\/\/jornalrol.com.br\/index.php?rest_route=%2Fwp%2Fv2%2Ftags&post=82742"}],"curies":[{"name":"wp","href":"https:\/\/api.w.org\/{rel}","templated":true}]}}