{"id":83918,"date":"2026-08-31T08:58:00","date_gmt":"2026-08-31T11:58:00","guid":{"rendered":"https:\/\/jornalrol.com.br\/?p=83918"},"modified":"2026-08-30T15:12:12","modified_gmt":"2026-08-30T18:12:12","slug":"a-arvore-centenaria","status":"publish","type":"post","link":"http:\/\/jornalrol.com.br\/?p=83918","title":{"rendered":"A \u00e1rvore centen\u00e1ria"},"content":{"rendered":"<div class=\"pdfprnt-buttons pdfprnt-buttons-post pdfprnt-top-right\"><a href=\"http:\/\/jornalrol.com.br\/index.php?rest_route=%2Fwp%2Fv2%2Fposts%2F83918&print=pdf\" class=\"pdfprnt-button pdfprnt-button-pdf\" target=\"_blank\" ><\/a><a href=\"http:\/\/jornalrol.com.br\/index.php?rest_route=%2Fwp%2Fv2%2Fposts%2F83918&print=print\" class=\"pdfprnt-button pdfprnt-button-print\" target=\"_blank\" ><img decoding=\"async\" src=\"https:\/\/jornalrol.com.br\/wp-content\/plugins\/pdf-print\/images\/print.png\" alt=\"image_print\" title=\"Conte\u00fado de impress\u00e3o\" \/><\/a><\/div>\n<h2 class=\"wp-block-heading has-text-align-center\">Evani Rocha: Do tronco ressequido ao sopro do primeiro broto, um conto profundo sobre como o amor materno vence a barreira do tempo.<br><br><\/h2>\n\n\n<div class=\"wp-block-image\">\n<figure class=\"aligncenter size-full is-resized\"><img loading=\"lazy\" decoding=\"async\" width=\"820\" height=\"967\" data-attachment-id=\"73143\" data-permalink=\"http:\/\/jornalrol.com.br\/?attachment_id=73143\" data-orig-file=\"http:\/\/jornalrol.com.br\/wp-content\/uploads\/2025\/05\/b9f17e15-94f0-4754-bc1a-9d4c1dcb042f.jpg\" data-orig-size=\"820,967\" data-comments-opened=\"1\" data-image-meta=\"{&quot;aperture&quot;:&quot;0&quot;,&quot;credit&quot;:&quot;&quot;,&quot;camera&quot;:&quot;&quot;,&quot;caption&quot;:&quot;&quot;,&quot;created_timestamp&quot;:&quot;0&quot;,&quot;copyright&quot;:&quot;&quot;,&quot;focal_length&quot;:&quot;0&quot;,&quot;iso&quot;:&quot;0&quot;,&quot;shutter_speed&quot;:&quot;0&quot;,&quot;title&quot;:&quot;&quot;,&quot;orientation&quot;:&quot;0&quot;}\" data-image-title=\"b9f17e15-94f0-4754-bc1a-9d4c1dcb042f\" data-image-description=\"&lt;p&gt;Evani Rocha&lt;\/p&gt;\n\" data-image-caption=\"&lt;p&gt;Evani Rocha&lt;\/p&gt;\n\" data-large-file=\"http:\/\/jornalrol.com.br\/wp-content\/uploads\/2025\/05\/b9f17e15-94f0-4754-bc1a-9d4c1dcb042f.jpg\" src=\"http:\/\/jornalrol.com.br\/wp-content\/uploads\/2025\/05\/b9f17e15-94f0-4754-bc1a-9d4c1dcb042f.jpg\" alt=\"Evani Rocha\" class=\"wp-image-73143\" style=\"aspect-ratio:0.8479825327510917;width:159px;height:auto\" srcset=\"http:\/\/jornalrol.com.br\/wp-content\/uploads\/2025\/05\/b9f17e15-94f0-4754-bc1a-9d4c1dcb042f.jpg 820w, http:\/\/jornalrol.com.br\/wp-content\/uploads\/2025\/05\/b9f17e15-94f0-4754-bc1a-9d4c1dcb042f-768x906.jpg 768w\" sizes=\"auto, (max-width: 820px) 100vw, 820px\" \/><figcaption class=\"wp-element-caption\">Evani Rocha<\/figcaption><\/figure>\n<\/div>\n\n<div class=\"wp-block-image\">\n<figure class=\"aligncenter size-full\"><img loading=\"lazy\" decoding=\"async\" width=\"1536\" height=\"1024\" data-attachment-id=\"83919\" data-permalink=\"http:\/\/jornalrol.com.br\/?attachment_id=83919\" data-orig-file=\"http:\/\/jornalrol.com.br\/wp-content\/uploads\/2026\/08\/Imagem-gerada-por-IA-do-chatGPT-1-1.jpg\" data-orig-size=\"1536,1024\" data-comments-opened=\"1\" data-image-meta=\"{&quot;aperture&quot;:&quot;0&quot;,&quot;credit&quot;:&quot;&quot;,&quot;camera&quot;:&quot;&quot;,&quot;caption&quot;:&quot;&quot;,&quot;created_timestamp&quot;:&quot;1787919337&quot;,&quot;copyright&quot;:&quot;&quot;,&quot;focal_length&quot;:&quot;0&quot;,&quot;iso&quot;:&quot;0&quot;,&quot;shutter_speed&quot;:&quot;0&quot;,&quot;title&quot;:&quot;&quot;,&quot;orientation&quot;:&quot;0&quot;,&quot;alt&quot;:&quot;&quot;}\" data-image-title=\"Imagem gerada por IA do chatGPT (1)\" data-image-description=\"\" data-image-caption=\"\" data-large-file=\"http:\/\/jornalrol.com.br\/wp-content\/uploads\/2026\/08\/Imagem-gerada-por-IA-do-chatGPT-1-1.jpg\" src=\"https:\/\/jornalrol.com.br\/wp-content\/uploads\/2026\/08\/Imagem-gerada-por-IA-do-chatGPT-1-1.jpg\" alt=\"\" class=\"wp-image-83919\" srcset=\"http:\/\/jornalrol.com.br\/wp-content\/uploads\/2026\/08\/Imagem-gerada-por-IA-do-chatGPT-1-1.jpg 1536w, http:\/\/jornalrol.com.br\/wp-content\/uploads\/2026\/08\/Imagem-gerada-por-IA-do-chatGPT-1-1-1200x800.jpg 1200w, http:\/\/jornalrol.com.br\/wp-content\/uploads\/2026\/08\/Imagem-gerada-por-IA-do-chatGPT-1-1-768x512.jpg 768w\" sizes=\"auto, (max-width: 1536px) 100vw, 1536px\" \/><figcaption class=\"wp-element-caption\"><a href=\"https:\/\/chatgpt.com\/c\/6a917a8f-dcc0-83e9-aec6-59d9905b6ce7\" target=\"_blank\" rel=\"noopener\">https:\/\/chatgpt.com\/c\/6a917a8f-dcc0-83e9-aec6-59d9905b6ce7<\/a><\/figcaption><\/figure>\n<\/div>\n\n\n<p class=\"has-drop-cap wp-block-paragraph\">O c\u00e9u escureceu de repente, bradou, rugiu e desabou em \u00e1guas torrenciais. Um vendaval arrancou galhos e troncos das maiores \u00e1rvores da floresta. Uma senhora-\u00e1rvore centen\u00e1ria n\u00e3o suportou a for\u00e7a do vendaval. Lutou contra o vento, retorceu-se, mas foi vencida! Ent\u00e3o, caiu desfalecida sobre os bra\u00e7os da terra-m\u00e3e. Deitou-se sobre o solo alagado e chorou, chorou muito\u2026de seus est\u00f4magos abertos, as \u00e1guas brotavam como nascentes, querendo viver\u2026<\/p>\n\n\n\n<p class=\"wp-block-paragraph\">Quando a tempestade cessou, tudo se acalmou e o burburinho da floresta voltou ao trivial. Exceto aquele espa\u00e7o ocupado pela \u00e1rvore, agora, era um triste vazio\u2026<\/p>\n\n\n\n<p class=\"wp-block-paragraph\">A \u00e1rvore tentou mover seu grande tronco, muito dolorido. Mas viu suas ra\u00edzes axiais expostas, dilaceradas, arrancadas\u2026<\/p>\n\n\n\n<p class=\"wp-block-paragraph\">Dos seus grandes galhos-bra\u00e7os, as folhas ca\u00eddas estavam espalhadas pelo ch\u00e3o da floresta, \u00e0 revelia.<\/p>\n\n\n\n<p class=\"wp-block-paragraph\">Ela olhou em prece para o c\u00e9u. Viu o azul profundo, abrindo-se num clar\u00e3o\u2026era o sol! A \u00e1rvore esfacelada mal podia abrir seus olhos-est\u00f4matos das poucas folhas que ainda aderiam a seus galhos esguios. Mas esfor\u00e7ou-se ao m\u00e1ximo. Abriu-os vagarosamente e as l\u00e1grimas secaram!<\/p>\n\n\n\n<p class=\"wp-block-paragraph\">Ent\u00e3o, ela esperou\u2026<\/p>\n\n\n\n<p class=\"wp-block-paragraph\">Esperou pelos dias e pelas noites\u2026 Esperou o tempo passar, continuamente. Amanhecia e anoitecia, tudo igual! Mas a senhora-\u00e1rvore continuava no mesmo lugar\u2026<\/p>\n\n\n\n<p class=\"wp-block-paragraph\">Perdeu todas as folhas e frutos\u2026Foi secando-se, definhando, despeda\u00e7ando-se aos poucos, no correr solit\u00e1rio do tempo. Tornou-se esquel\u00e9tica e fria. Tudo o que lhe restara foram os galhos e troncos ressequidos e quebradi\u00e7os. \u00c0 sua volta, formigas carregavam seus fragmentos, em fila indiana, incansavelmente.<\/p>\n\n\n\n<p class=\"wp-block-paragraph\">No final do ver\u00e3o, a \u00e1rvore soltava seus \u00faltimos suspiros, quando algu\u00e9m cochichou ao seu ouvido: \u201cmam\u00e3e&#8230;\u201d<\/p>\n\n\n\n<p class=\"wp-block-paragraph\">Era um beb\u00ea verdinho, quase p\u00e1lido, rec\u00e9m-nascido. Despontava de uma semente sepultada sob ela\u2026<\/p>\n\n\n\n<p class=\"wp-block-paragraph\">A \u00e1rvore, sem vida, sentiu algo renascer dentro de si\u2026 Era um beb\u00ea seu, que nascera de suas sementes jogadas pelo vento. Ali, sob ela, no solo encharcado pela tempestade, a sementinha alimentou-se de seus nutrientes e germinou.<\/p>\n\n\n\n<p class=\"wp-block-paragraph\">Emocionada, a \u00e1rvore-m\u00e3e pensou: \u201cMinha morte n\u00e3o foi em v\u00e3o! Ela trouxe vida, continuidade, sentido\u2026\u201d<\/p>\n\n\n\n<p class=\"wp-block-paragraph\">Agora renascia em outro corpo, de um jeito pr\u00f3prio, fincando suas tenras ra\u00edzes, ganhando novos pigmentos atrav\u00e9s do rei-sol&#8230;<\/p>\n\n\n\n<p class=\"wp-block-paragraph\">Assim, de alguma forma, ela vivia novamente, para iniciar um novo e magn\u00edfico ciclo!<\/p>\n\n\n\n<p class=\"wp-block-paragraph\"><\/p>\n\n\n\n<h3 class=\"wp-block-heading has-text-align-center\">Evani Rocha<\/h3>\n\n\n\n<div class=\"wp-block-columns is-layout-flex wp-container-core-columns-is-layout-8f761849 wp-block-columns-is-layout-flex\">\n<div class=\"wp-block-column is-layout-flow wp-block-column-is-layout-flow\">\n<h3 class=\"wp-block-heading has-text-align-center has-luminous-vivid-amber-to-luminous-vivid-orange-gradient-background has-background\"><a href=\"https:\/\/facebook.com\/evani.rocha.58\">Facebook<\/a><\/h3>\n<\/div>\n\n\n\n<div class=\"wp-block-column is-layout-flow wp-block-column-is-layout-flow\">\n<h3 class=\"wp-block-heading has-text-align-center has-luminous-vivid-amber-to-luminous-vivid-orange-gradient-background has-background\"><a href=\"https:\/\/www.instagram.com\/evani_rochaa\/\">Instagram<\/a><\/h3>\n<\/div>\n<\/div>\n\n\n\n<p class=\"wp-block-paragraph\"><a href=\"https:\/\/jornalrol.com.br\/\">Voltar<\/a><\/p>\n\n\n\n<p class=\"wp-block-paragraph\"><a href=\"https:\/\/www.facebook.com\/JCulturalrol\/\">Facebook<\/a><\/p>\n","protected":false},"excerpt":{"rendered":"<p>Uma \u00e1rvore centen\u00e1ria cai em um vendaval. No sil\u00eancio da dor, o sopro de um novo broto traz um lindo recome\u00e7o. Veja o conto de Evani Rocha.<\/p>\n","protected":false},"author":94,"featured_media":83919,"comment_status":"open","ping_status":"closed","sticky":false,"template":"","format":"standard","meta":{"_jetpack_newsletter_access":"","_jetpack_dont_email_post_to_subs":false,"_jetpack_newsletter_tier_id":0,"_jetpack_memberships_contains_paywalled_content":false,"_jetpack_memberships_contains_paid_content":false,"footnotes":""},"categories":[9607,9285],"tags":[18402,18403,17200,11090,5479,7465],"class_list":["post-83918","post","type-post","status-publish","format-standard","has-post-thumbnail","hentry","category-contos","category-literatura","tag-arvore-centenaria","tag-ciclo-da-vida","tag-escrita-criativa","tag-literatura-brasileira","tag-maternidade","tag-renascimento"],"aioseo_notices":[],"aioseo_head":"\n\t\t<!-- All in One SEO 5.0.1.1 - aioseo.com -->\n\t<meta name=\"description\" content=\"Uma \u00e1rvore centen\u00e1ria cai em um vendaval. No sil\u00eancio da dor, o sopro de um novo broto traz um lindo recome\u00e7o. Veja o conto de Evani Rocha.\" \/>\n\t<meta name=\"robots\" content=\"max-image-preview:large\" \/>\n\t<meta name=\"author\" content=\"Evani Ferreira Rocha\"\/>\n\t<link rel=\"canonical\" href=\"http:\/\/jornalrol.com.br\/?p=83918\" \/>\n\t<meta name=\"generator\" content=\"All in One SEO (AIOSEO) 5.0.1.1\" \/>\n\t\t<meta property=\"og:locale\" content=\"pt_BR\" \/>\n\t\t<meta property=\"og:site_name\" content=\"Jornal Cultural Rol - Desde 1994 promovendo a cultura\" \/>\n\t\t<meta property=\"og:type\" content=\"article\" \/>\n\t\t<meta property=\"og:title\" content=\"A \u00e1rvore centen\u00e1ria - Jornal Cultural Rol\" \/>\n\t\t<meta property=\"og:description\" content=\"Uma \u00e1rvore centen\u00e1ria cai em um vendaval. No sil\u00eancio da dor, o sopro de um novo broto traz um lindo recome\u00e7o. Veja o conto de Evani Rocha.\" \/>\n\t\t<meta property=\"og:url\" content=\"http:\/\/jornalrol.com.br\/?p=83918\" \/>\n\t\t<meta property=\"og:image\" content=\"http:\/\/jornalrol.com.br\/wp-content\/uploads\/2023\/05\/JornalCulturalRol_150x173.png\" \/>\n\t\t<meta property=\"og:image:width\" content=\"150\" \/>\n\t\t<meta property=\"og:image:height\" content=\"174\" \/>\n\t\t<meta property=\"article:published_time\" content=\"2026-08-31T11:58:00+00:00\" \/>\n\t\t<meta property=\"article:modified_time\" content=\"2026-08-30T18:12:12+00:00\" \/>\n\t\t<meta property=\"article:publisher\" content=\"https:\/\/www.facebook.com\/JCulturalrol\" \/>\n\t\t<meta name=\"twitter:card\" content=\"summary_large_image\" \/>\n\t\t<meta name=\"twitter:title\" content=\"A \u00e1rvore centen\u00e1ria - Jornal Cultural Rol\" \/>\n\t\t<meta name=\"twitter:description\" content=\"Uma \u00e1rvore centen\u00e1ria cai em um vendaval. No sil\u00eancio da dor, o sopro de um novo broto traz um lindo recome\u00e7o. Veja o conto de Evani Rocha.\" \/>\n\t\t<meta name=\"twitter:image\" content=\"http:\/\/jornalrol.com.br\/wp-content\/uploads\/2023\/05\/JornalCulturalRol_150x173.png\" \/>\n\t\t<script type=\"application\/ld+json\" class=\"aioseo-schema\">\n\t\t\t{\"@context\":\"https:\\\/\\\/schema.org\",\"@graph\":[{\"@type\":\"BlogPosting\",\"@id\":\"http:\\\/\\\/jornalrol.com.br\\\/?p=83918#blogposting\",\"name\":\"A \\u00e1rvore centen\\u00e1ria - Jornal Cultural Rol\",\"headline\":\"A \\u00e1rvore centen\\u00e1ria\",\"author\":{\"@id\":\"http:\\\/\\\/jornalrol.com.br\\\/?author=94#author\"},\"publisher\":{\"@id\":\"http:\\\/\\\/jornalrol.com.br\\\/#organization\"},\"image\":{\"@type\":\"ImageObject\",\"url\":\"http:\\\/\\\/jornalrol.com.br\\\/wp-content\\\/uploads\\\/2026\\\/08\\\/Imagem-gerada-por-IA-do-chatGPT-1-1.jpg\",\"width\":1536,\"height\":1024,\"caption\":\"Fotografia art\\u00edstica de uma imensa \\u00e1rvore antiga com ra\\u00edzes expostas sobre rochas. Em primeiro plano, \\u00e1guas r\\u00e1pidas correm entre pedras. O c\\u00e9u ao fundo est\\u00e1 dram\\u00e1tico, tomado por nuvens escuras e tons de violeta pr\\u00e9-tempestade. arvore-centenaria-conto-evani-rocha.png\"},\"datePublished\":\"2026-08-31T08:58:00-03:00\",\"dateModified\":\"2026-08-30T15:12:12-03:00\",\"inLanguage\":\"pt-BR\",\"mainEntityOfPage\":{\"@id\":\"http:\\\/\\\/jornalrol.com.br\\\/?p=83918#webpage\"},\"isPartOf\":{\"@id\":\"http:\\\/\\\/jornalrol.com.br\\\/?p=83918#webpage\"},\"articleSection\":\"Contos, Literatura, \\u00c1rvore Centen\\u00e1ria, Ciclo da Vida, Escrita criativa, Literatura brasileira, Maternidade, renascimento\"},{\"@type\":\"BreadcrumbList\",\"@id\":\"http:\\\/\\\/jornalrol.com.br\\\/?p=83918#breadcrumblist\",\"itemListElement\":[{\"@type\":\"ListItem\",\"@id\":\"http:\\\/\\\/jornalrol.com.br#listItem\",\"position\":1,\"name\":\"In\\u00edcio\",\"item\":\"http:\\\/\\\/jornalrol.com.br\",\"nextItem\":{\"@type\":\"ListItem\",\"@id\":\"http:\\\/\\\/jornalrol.com.br\\\/?cat=9285#listItem\",\"name\":\"Literatura\"}},{\"@type\":\"ListItem\",\"@id\":\"http:\\\/\\\/jornalrol.com.br\\\/?cat=9285#listItem\",\"position\":2,\"name\":\"Literatura\",\"item\":\"http:\\\/\\\/jornalrol.com.br\\\/?cat=9285\",\"nextItem\":{\"@type\":\"ListItem\",\"@id\":\"http:\\\/\\\/jornalrol.com.br\\\/?cat=9607#listItem\",\"name\":\"Contos\"},\"previousItem\":{\"@type\":\"ListItem\",\"@id\":\"http:\\\/\\\/jornalrol.com.br#listItem\",\"name\":\"In\\u00edcio\"}},{\"@type\":\"ListItem\",\"@id\":\"http:\\\/\\\/jornalrol.com.br\\\/?cat=9607#listItem\",\"position\":3,\"name\":\"Contos\",\"item\":\"http:\\\/\\\/jornalrol.com.br\\\/?cat=9607\",\"nextItem\":{\"@type\":\"ListItem\",\"@id\":\"http:\\\/\\\/jornalrol.com.br\\\/?p=83918#listItem\",\"name\":\"A \\u00e1rvore centen\\u00e1ria\"},\"previousItem\":{\"@type\":\"ListItem\",\"@id\":\"http:\\\/\\\/jornalrol.com.br\\\/?cat=9285#listItem\",\"name\":\"Literatura\"}},{\"@type\":\"ListItem\",\"@id\":\"http:\\\/\\\/jornalrol.com.br\\\/?p=83918#listItem\",\"position\":4,\"name\":\"A \\u00e1rvore centen\\u00e1ria\",\"previousItem\":{\"@type\":\"ListItem\",\"@id\":\"http:\\\/\\\/jornalrol.com.br\\\/?cat=9607#listItem\",\"name\":\"Contos\"}}]},{\"@type\":\"Organization\",\"@id\":\"http:\\\/\\\/jornalrol.com.br\\\/#organization\",\"name\":\"Jornal Cultural ROL\",\"description\":\"Desde 1994 promovendo a cultura\",\"url\":\"http:\\\/\\\/jornalrol.com.br\\\/\",\"telephone\":\"+5515996165768\",\"logo\":{\"@type\":\"ImageObject\",\"url\":\"http:\\\/\\\/jornalrol.com.br\\\/wp-content\\\/uploads\\\/2023\\\/05\\\/rol.png\",\"@id\":\"http:\\\/\\\/jornalrol.com.br\\\/?p=83918\\\/#organizationLogo\",\"width\":300,\"height\":122,\"caption\":\"Jornal Rol\"},\"image\":{\"@id\":\"http:\\\/\\\/jornalrol.com.br\\\/?p=83918\\\/#organizationLogo\"},\"sameAs\":[\"https:\\\/\\\/www.facebook.com\\\/JCulturalrol\",\"https:\\\/\\\/www.instagram.com\\\/jornalculturalrol\\\/\"]},{\"@type\":\"Person\",\"@id\":\"http:\\\/\\\/jornalrol.com.br\\\/?author=94#author\",\"url\":\"http:\\\/\\\/jornalrol.com.br\\\/?author=94\",\"name\":\"Evani Ferreira Rocha\",\"image\":{\"@type\":\"ImageObject\",\"@id\":\"http:\\\/\\\/jornalrol.com.br\\\/?p=83918#authorImage\",\"url\":\"http:\\\/\\\/jornalrol.com.br\\\/wp-content\\\/uploads\\\/2025\\\/05\\\/b9f17e15-94f0-4754-bc1a-9d4c1dcb042f-600x600.jpg\",\"width\":96,\"height\":96,\"caption\":\"Evani Ferreira Rocha\"}},{\"@type\":\"WebPage\",\"@id\":\"http:\\\/\\\/jornalrol.com.br\\\/?p=83918#webpage\",\"url\":\"http:\\\/\\\/jornalrol.com.br\\\/?p=83918\",\"name\":\"A \\u00e1rvore centen\\u00e1ria - Jornal Cultural Rol\",\"description\":\"Uma \\u00e1rvore centen\\u00e1ria cai em um vendaval. No sil\\u00eancio da dor, o sopro de um novo broto traz um lindo recome\\u00e7o. Veja o conto de Evani Rocha.\",\"inLanguage\":\"pt-BR\",\"isPartOf\":{\"@id\":\"http:\\\/\\\/jornalrol.com.br\\\/#website\"},\"breadcrumb\":{\"@id\":\"http:\\\/\\\/jornalrol.com.br\\\/?p=83918#breadcrumblist\"},\"author\":{\"@id\":\"http:\\\/\\\/jornalrol.com.br\\\/?author=94#author\"},\"creator\":{\"@id\":\"http:\\\/\\\/jornalrol.com.br\\\/?author=94#author\"},\"image\":{\"@type\":\"ImageObject\",\"url\":\"http:\\\/\\\/jornalrol.com.br\\\/wp-content\\\/uploads\\\/2026\\\/08\\\/Imagem-gerada-por-IA-do-chatGPT-1-1.jpg\",\"@id\":\"http:\\\/\\\/jornalrol.com.br\\\/?p=83918\\\/#mainImage\",\"width\":1536,\"height\":1024,\"caption\":\"Fotografia art\\u00edstica de uma imensa \\u00e1rvore antiga com ra\\u00edzes expostas sobre rochas. Em primeiro plano, \\u00e1guas r\\u00e1pidas correm entre pedras. O c\\u00e9u ao fundo est\\u00e1 dram\\u00e1tico, tomado por nuvens escuras e tons de violeta pr\\u00e9-tempestade. arvore-centenaria-conto-evani-rocha.png\"},\"primaryImageOfPage\":{\"@id\":\"http:\\\/\\\/jornalrol.com.br\\\/?p=83918#mainImage\"},\"datePublished\":\"2026-08-31T08:58:00-03:00\",\"dateModified\":\"2026-08-30T15:12:12-03:00\"},{\"@type\":\"WebSite\",\"@id\":\"http:\\\/\\\/jornalrol.com.br\\\/#website\",\"url\":\"http:\\\/\\\/jornalrol.com.br\\\/\",\"name\":\"Jornal Cultural ROL\",\"description\":\"Desde 1994 promovendo a cultura\",\"inLanguage\":\"pt-BR\",\"publisher\":{\"@id\":\"http:\\\/\\\/jornalrol.com.br\\\/#organization\"}}]}\n\t\t<\/script>\n\t\t<!-- All in One SEO -->\n\n","aioseo_head_json":{"title":"A \u00e1rvore centen\u00e1ria - Jornal Cultural Rol","description":"Uma \u00e1rvore centen\u00e1ria cai em um vendaval. No sil\u00eancio da dor, o sopro de um novo broto traz um lindo recome\u00e7o. Veja o conto de Evani Rocha.","canonical_url":"http:\/\/jornalrol.com.br\/?p=83918","robots":"max-image-preview:large","keywords":"","webmasterTools":{"miscellaneous":""},"schema":{"@context":"https:\/\/schema.org","@graph":[{"@type":"BlogPosting","@id":"http:\/\/jornalrol.com.br\/?p=83918#blogposting","name":"A \u00e1rvore centen\u00e1ria - Jornal Cultural Rol","headline":"A \u00e1rvore centen\u00e1ria","author":{"@id":"http:\/\/jornalrol.com.br\/?author=94#author"},"publisher":{"@id":"http:\/\/jornalrol.com.br\/#organization"},"image":{"@type":"ImageObject","url":"http:\/\/jornalrol.com.br\/wp-content\/uploads\/2026\/08\/Imagem-gerada-por-IA-do-chatGPT-1-1.jpg","width":1536,"height":1024,"caption":"Fotografia art\u00edstica de uma imensa \u00e1rvore antiga com ra\u00edzes expostas sobre rochas. Em primeiro plano, \u00e1guas r\u00e1pidas correm entre pedras. O c\u00e9u ao fundo est\u00e1 dram\u00e1tico, tomado por nuvens escuras e tons de violeta pr\u00e9-tempestade. arvore-centenaria-conto-evani-rocha.png"},"datePublished":"2026-08-31T08:58:00-03:00","dateModified":"2026-08-30T15:12:12-03:00","inLanguage":"pt-BR","mainEntityOfPage":{"@id":"http:\/\/jornalrol.com.br\/?p=83918#webpage"},"isPartOf":{"@id":"http:\/\/jornalrol.com.br\/?p=83918#webpage"},"articleSection":"Contos, Literatura, \u00c1rvore Centen\u00e1ria, Ciclo da Vida, Escrita criativa, Literatura brasileira, Maternidade, renascimento"},{"@type":"BreadcrumbList","@id":"http:\/\/jornalrol.com.br\/?p=83918#breadcrumblist","itemListElement":[{"@type":"ListItem","@id":"http:\/\/jornalrol.com.br#listItem","position":1,"name":"In\u00edcio","item":"http:\/\/jornalrol.com.br","nextItem":{"@type":"ListItem","@id":"http:\/\/jornalrol.com.br\/?cat=9285#listItem","name":"Literatura"}},{"@type":"ListItem","@id":"http:\/\/jornalrol.com.br\/?cat=9285#listItem","position":2,"name":"Literatura","item":"http:\/\/jornalrol.com.br\/?cat=9285","nextItem":{"@type":"ListItem","@id":"http:\/\/jornalrol.com.br\/?cat=9607#listItem","name":"Contos"},"previousItem":{"@type":"ListItem","@id":"http:\/\/jornalrol.com.br#listItem","name":"In\u00edcio"}},{"@type":"ListItem","@id":"http:\/\/jornalrol.com.br\/?cat=9607#listItem","position":3,"name":"Contos","item":"http:\/\/jornalrol.com.br\/?cat=9607","nextItem":{"@type":"ListItem","@id":"http:\/\/jornalrol.com.br\/?p=83918#listItem","name":"A \u00e1rvore centen\u00e1ria"},"previousItem":{"@type":"ListItem","@id":"http:\/\/jornalrol.com.br\/?cat=9285#listItem","name":"Literatura"}},{"@type":"ListItem","@id":"http:\/\/jornalrol.com.br\/?p=83918#listItem","position":4,"name":"A \u00e1rvore centen\u00e1ria","previousItem":{"@type":"ListItem","@id":"http:\/\/jornalrol.com.br\/?cat=9607#listItem","name":"Contos"}}]},{"@type":"Organization","@id":"http:\/\/jornalrol.com.br\/#organization","name":"Jornal Cultural ROL","description":"Desde 1994 promovendo a cultura","url":"http:\/\/jornalrol.com.br\/","telephone":"+5515996165768","logo":{"@type":"ImageObject","url":"http:\/\/jornalrol.com.br\/wp-content\/uploads\/2023\/05\/rol.png","@id":"http:\/\/jornalrol.com.br\/?p=83918\/#organizationLogo","width":300,"height":122,"caption":"Jornal Rol"},"image":{"@id":"http:\/\/jornalrol.com.br\/?p=83918\/#organizationLogo"},"sameAs":["https:\/\/www.facebook.com\/JCulturalrol","https:\/\/www.instagram.com\/jornalculturalrol\/"]},{"@type":"Person","@id":"http:\/\/jornalrol.com.br\/?author=94#author","url":"http:\/\/jornalrol.com.br\/?author=94","name":"Evani Ferreira Rocha","image":{"@type":"ImageObject","@id":"http:\/\/jornalrol.com.br\/?p=83918#authorImage","url":"http:\/\/jornalrol.com.br\/wp-content\/uploads\/2025\/05\/b9f17e15-94f0-4754-bc1a-9d4c1dcb042f-600x600.jpg","width":96,"height":96,"caption":"Evani Ferreira Rocha"}},{"@type":"WebPage","@id":"http:\/\/jornalrol.com.br\/?p=83918#webpage","url":"http:\/\/jornalrol.com.br\/?p=83918","name":"A \u00e1rvore centen\u00e1ria - Jornal Cultural Rol","description":"Uma \u00e1rvore centen\u00e1ria cai em um vendaval. No sil\u00eancio da dor, o sopro de um novo broto traz um lindo recome\u00e7o. Veja o conto de Evani Rocha.","inLanguage":"pt-BR","isPartOf":{"@id":"http:\/\/jornalrol.com.br\/#website"},"breadcrumb":{"@id":"http:\/\/jornalrol.com.br\/?p=83918#breadcrumblist"},"author":{"@id":"http:\/\/jornalrol.com.br\/?author=94#author"},"creator":{"@id":"http:\/\/jornalrol.com.br\/?author=94#author"},"image":{"@type":"ImageObject","url":"http:\/\/jornalrol.com.br\/wp-content\/uploads\/2026\/08\/Imagem-gerada-por-IA-do-chatGPT-1-1.jpg","@id":"http:\/\/jornalrol.com.br\/?p=83918\/#mainImage","width":1536,"height":1024,"caption":"Fotografia art\u00edstica de uma imensa \u00e1rvore antiga com ra\u00edzes expostas sobre rochas. Em primeiro plano, \u00e1guas r\u00e1pidas correm entre pedras. O c\u00e9u ao fundo est\u00e1 dram\u00e1tico, tomado por nuvens escuras e tons de violeta pr\u00e9-tempestade. arvore-centenaria-conto-evani-rocha.png"},"primaryImageOfPage":{"@id":"http:\/\/jornalrol.com.br\/?p=83918#mainImage"},"datePublished":"2026-08-31T08:58:00-03:00","dateModified":"2026-08-30T15:12:12-03:00"},{"@type":"WebSite","@id":"http:\/\/jornalrol.com.br\/#website","url":"http:\/\/jornalrol.com.br\/","name":"Jornal Cultural ROL","description":"Desde 1994 promovendo a cultura","inLanguage":"pt-BR","publisher":{"@id":"http:\/\/jornalrol.com.br\/#organization"}}]},"og:locale":"pt_BR","og:site_name":"Jornal Cultural Rol - Desde 1994 promovendo a cultura","og:type":"article","og:title":"A \u00e1rvore centen\u00e1ria - Jornal Cultural Rol","og:description":"Uma \u00e1rvore centen\u00e1ria cai em um vendaval. No sil\u00eancio da dor, o sopro de um novo broto traz um lindo recome\u00e7o. Veja o conto de Evani Rocha.","og:url":"http:\/\/jornalrol.com.br\/?p=83918","og:image":"http:\/\/jornalrol.com.br\/wp-content\/uploads\/2023\/05\/JornalCulturalRol_150x173.png","og:image:width":150,"og:image:height":174,"article:published_time":"2026-08-31T11:58:00+00:00","article:modified_time":"2026-08-30T18:12:12+00:00","article:publisher":"https:\/\/www.facebook.com\/JCulturalrol","twitter:card":"summary_large_image","twitter:title":"A \u00e1rvore centen\u00e1ria - Jornal Cultural Rol","twitter:description":"Uma \u00e1rvore centen\u00e1ria cai em um vendaval. No sil\u00eancio da dor, o sopro de um novo broto traz um lindo recome\u00e7o. Veja o conto de Evani Rocha.","twitter:image":"http:\/\/jornalrol.com.br\/wp-content\/uploads\/2023\/05\/JornalCulturalRol_150x173.png"},"aioseo_meta_data":{"post_id":"83918","title":null,"description":null,"keywords":null,"keyphrases":{"focus":{"keyphrase":"","score":0,"analysis":{"keyphraseInTitle":{"score":0,"maxScore":9,"error":1}}},"additional":[]},"primary_term":null,"canonical_url":null,"og_title":null,"og_description":null,"og_object_type":"default","og_image_type":"default","og_image_url":null,"og_image_width":null,"og_image_height":null,"og_image_custom_url":null,"og_image_custom_fields":null,"og_video":"","og_custom_url":null,"og_article_section":null,"og_article_tags":null,"twitter_use_og":false,"twitter_card":"default","twitter_image_type":"default","twitter_image_url":null,"twitter_image_custom_url":null,"twitter_image_custom_fields":null,"twitter_title":null,"twitter_description":null,"schema":{"blockGraphs":[],"customGraphs":[],"default":{"data":{"Article":[],"Course":[],"Dataset":[],"FAQPage":[],"Movie":[],"Person":[],"Product":[],"ProductReview":[],"Car":[],"Recipe":[],"Service":[],"SoftwareApplication":[],"WebPage":[]},"graphName":"BlogPosting","isEnabled":true},"graphs":[]},"schema_type":"default","schema_type_options":null,"pillar_content":false,"robots_default":true,"robots_noindex":false,"robots_noarchive":false,"robots_nosnippet":false,"robots_nofollow":false,"robots_noimageindex":false,"robots_noodp":false,"robots_notranslate":false,"robots_max_snippet":"-1","robots_max_videopreview":"-1","robots_max_imagepreview":"large","priority":null,"frequency":"default","local_seo":null,"breadcrumb_settings":null,"limit_modified_date":false,"ai":{"faqs":[],"keyPoints":[],"schemas":[],"titles":[],"descriptions":[],"socialPosts":{"email":{"subject":"","preview":"","content":""},"linkedin":[],"twitter":[],"facebook":[],"instagram":[]}},"created":"2026-08-29 11:36:36","updated":"2026-08-31 12:44:29","seo_analyzer_scan_date":null,"focus_keyword":null,"additional_keywords":null,"truseo_locale":null},"aioseo_breadcrumb":"<div class=\"aioseo-breadcrumbs\"><span class=\"aioseo-breadcrumb\">\n\t\t\t<a href=\"http:\/\/jornalrol.com.br\" title=\"In\u00edcio\">In\u00edcio<\/a>\n\t\t<\/span><span class=\"aioseo-breadcrumb-separator\">&raquo;<\/span><span class=\"aioseo-breadcrumb\">\n\t\t\t<a href=\"http:\/\/jornalrol.com.br\/?cat=9285\" title=\"Literatura\">Literatura<\/a>\n\t\t<\/span><span class=\"aioseo-breadcrumb-separator\">&raquo;<\/span><span class=\"aioseo-breadcrumb\">\n\t\t\t<a href=\"http:\/\/jornalrol.com.br\/?cat=9607\" title=\"Contos\">Contos<\/a>\n\t\t<\/span><span class=\"aioseo-breadcrumb-separator\">&raquo;<\/span><span class=\"aioseo-breadcrumb\">\n\t\t\tA \u00e1rvore centen\u00e1ria\n\t\t<\/span><\/div>","aioseo_breadcrumb_json":[{"label":"In\u00edcio","link":"http:\/\/jornalrol.com.br"},{"label":"Literatura","link":"http:\/\/jornalrol.com.br\/?cat=9285"},{"label":"Contos","link":"http:\/\/jornalrol.com.br\/?cat=9607"},{"label":"A \u00e1rvore centen\u00e1ria","link":"http:\/\/jornalrol.com.br\/?p=83918"}],"views":69,"jetpack_sharing_enabled":true,"jetpack_likes_enabled":true,"jetpack-related-posts":[{"id":67423,"url":"http:\/\/jornalrol.com.br\/?p=67423","url_meta":{"origin":83918,"position":0},"title":"O caderninho azul","author":"Evani Ferreira Rocha","date":"13 de junho de 2024","format":false,"excerpt":"Sinto-te em cada livro que leio. O enredo sempre fala de n\u00f3s\u2026 A s\u00f3s, eu e a pequena hist\u00f3ria de nossas vidas em centenas de p\u00e1ginas escritas em letras\u2026","rel":"","context":"Em &quot;Literatura&quot;","block_context":{"text":"Literatura","link":"http:\/\/jornalrol.com.br\/?cat=9285"},"img":{"alt_text":"Imagem criada pela IA do Gencraft","src":"https:\/\/i0.wp.com\/jornalrol.com.br\/wp-content\/uploads\/2024\/06\/052afdf7-7e4b-4df0-ba82-6f3683639d3a.jpg?resize=350%2C200","width":350,"height":200,"srcset":"https:\/\/i0.wp.com\/jornalrol.com.br\/wp-content\/uploads\/2024\/06\/052afdf7-7e4b-4df0-ba82-6f3683639d3a.jpg?resize=350%2C200 1x, https:\/\/i0.wp.com\/jornalrol.com.br\/wp-content\/uploads\/2024\/06\/052afdf7-7e4b-4df0-ba82-6f3683639d3a.jpg?resize=525%2C300 1.5x, https:\/\/i0.wp.com\/jornalrol.com.br\/wp-content\/uploads\/2024\/06\/052afdf7-7e4b-4df0-ba82-6f3683639d3a.jpg?resize=700%2C400 2x"},"classes":[]},{"id":73686,"url":"http:\/\/jornalrol.com.br\/?p=73686","url_meta":{"origin":83918,"position":1},"title":"Insignificante","author":"Evani Ferreira Rocha","date":"17 de junho de 2025","format":false,"excerpt":"Sobre a mesa os cotovelos magros, e as m\u00e3os com seus dedos longos e finos apoiando o queixo\u2026 Era uma mesa de madeira lisa, dura, silenciosa. Os l\u00e1bios...","rel":"","context":"Em &quot;Contos&quot;","block_context":{"text":"Contos","link":"http:\/\/jornalrol.com.br\/?cat=9607"},"img":{"alt_text":"Evani Rocha","src":"https:\/\/i0.wp.com\/jornalrol.com.br\/wp-content\/uploads\/2024\/09\/FOTO-JORNAL-ROL-edited.jpg?resize=350%2C200","width":350,"height":200},"classes":[]},{"id":68092,"url":"http:\/\/jornalrol.com.br\/?p=68092","url_meta":{"origin":83918,"position":2},"title":"As regras da natureza","author":"Evani Ferreira Rocha","date":"16 de julho de 2024","format":false,"excerpt":"Pise devagarinho, fique de olhar atento, tem passarinhos nos ninhos e borboletas dentro da gente. Tem folhas vermelhas brotando e terra \u00famida gestando as...","rel":"","context":"Em &quot;Literatura&quot;","block_context":{"text":"Literatura","link":"http:\/\/jornalrol.com.br\/?cat=9285"},"img":{"alt_text":"Imagem criada pela IA do Gencraft","src":"https:\/\/i0.wp.com\/jornalrol.com.br\/wp-content\/uploads\/2024\/07\/5ee63804-8bf0-4ff9-ac5e-ea4d9dadc63b.jpeg?resize=350%2C200","width":350,"height":200,"srcset":"https:\/\/i0.wp.com\/jornalrol.com.br\/wp-content\/uploads\/2024\/07\/5ee63804-8bf0-4ff9-ac5e-ea4d9dadc63b.jpeg?resize=350%2C200 1x, https:\/\/i0.wp.com\/jornalrol.com.br\/wp-content\/uploads\/2024\/07\/5ee63804-8bf0-4ff9-ac5e-ea4d9dadc63b.jpeg?resize=525%2C300 1.5x, https:\/\/i0.wp.com\/jornalrol.com.br\/wp-content\/uploads\/2024\/07\/5ee63804-8bf0-4ff9-ac5e-ea4d9dadc63b.jpeg?resize=700%2C400 2x"},"classes":[]},{"id":77966,"url":"http:\/\/jornalrol.com.br\/?p=77966","url_meta":{"origin":83918,"position":3},"title":"Para sempre?","author":"Evani Ferreira Rocha","date":"20 de janeiro de 2026","format":false,"excerpt":"Para sempre? \u00c9 essa pergunta presa na garganta, \u00e9 a falta de palavras para explicar... S\u00e3o as borboletas que brotam no est\u00f4mago na imin\u00eancia de voar!","rel":"","context":"Em &quot;Literatura&quot;","block_context":{"text":"Literatura","link":"http:\/\/jornalrol.com.br\/?cat=9285"},"img":{"alt_text":"Imagem gerada por IA da Gencraft - 20 de janeiro de 2026, \u00e0s 08:50","src":"https:\/\/i0.wp.com\/jornalrol.com.br\/wp-content\/uploads\/2026\/01\/Imagem-gerada-por-IA-do-Gencraft-em-20-de-janeiro-de-2026-as-0850h.png?resize=350%2C200","width":350,"height":200,"srcset":"https:\/\/i0.wp.com\/jornalrol.com.br\/wp-content\/uploads\/2026\/01\/Imagem-gerada-por-IA-do-Gencraft-em-20-de-janeiro-de-2026-as-0850h.png?resize=350%2C200 1x, https:\/\/i0.wp.com\/jornalrol.com.br\/wp-content\/uploads\/2026\/01\/Imagem-gerada-por-IA-do-Gencraft-em-20-de-janeiro-de-2026-as-0850h.png?resize=525%2C300 1.5x, https:\/\/i0.wp.com\/jornalrol.com.br\/wp-content\/uploads\/2026\/01\/Imagem-gerada-por-IA-do-Gencraft-em-20-de-janeiro-de-2026-as-0850h.png?resize=700%2C400 2x"},"classes":[]},{"id":70874,"url":"http:\/\/jornalrol.com.br\/?p=70874","url_meta":{"origin":83918,"position":4},"title":"Longos dias","author":"Evani Ferreira Rocha","date":"19 de novembro de 2024","format":false,"excerpt":"Dediquei-me \u00e0 toler\u00e2ncia desses dias. Longos dias frios de inverno. Esperei no peitoril da janela as transforma\u00e7\u00f5es no c\u00e9u. N\u00e3o cansei-me de contar as estrelas","rel":"","context":"Em &quot;Literatura&quot;","block_context":{"text":"Literatura","link":"http:\/\/jornalrol.com.br\/?cat=9285"},"img":{"alt_text":"Imagem gerada por IA do Canvas - 18 de novembro de 2024, \u00e0s 22:15 PM","src":"https:\/\/i0.wp.com\/jornalrol.com.br\/wp-content\/uploads\/2024\/11\/Imagem-produzida-por-IA-Canvas-em-18-11-2024-as-22h15-1.jpg?resize=350%2C200","width":350,"height":200,"srcset":"https:\/\/i0.wp.com\/jornalrol.com.br\/wp-content\/uploads\/2024\/11\/Imagem-produzida-por-IA-Canvas-em-18-11-2024-as-22h15-1.jpg?resize=350%2C200 1x, https:\/\/i0.wp.com\/jornalrol.com.br\/wp-content\/uploads\/2024\/11\/Imagem-produzida-por-IA-Canvas-em-18-11-2024-as-22h15-1.jpg?resize=525%2C300 1.5x"},"classes":[]},{"id":68664,"url":"http:\/\/jornalrol.com.br\/?p=68664","url_meta":{"origin":83918,"position":5},"title":"Quem sou eu?","author":"Evani Ferreira Rocha","date":"13 de agosto de 2024","format":false,"excerpt":"Sou folhagens entre as \u00e1rvores. Sou gotas a escorrer sobre os caules retorcidos sobre as folhas do dend\u00ea. Sou o vento frio do inverno, o nevoeiro a correr.","rel":"","context":"Em &quot;Literatura&quot;","block_context":{"text":"Literatura","link":"http:\/\/jornalrol.com.br\/?cat=9285"},"img":{"alt_text":"Imagem criada pela IA do Bing","src":"https:\/\/i0.wp.com\/jornalrol.com.br\/wp-content\/uploads\/2024\/08\/4d1b5b7e-2f9b-43cf-a7b5-f9deb284202f.jpeg?resize=350%2C200","width":350,"height":200,"srcset":"https:\/\/i0.wp.com\/jornalrol.com.br\/wp-content\/uploads\/2024\/08\/4d1b5b7e-2f9b-43cf-a7b5-f9deb284202f.jpeg?resize=350%2C200 1x, https:\/\/i0.wp.com\/jornalrol.com.br\/wp-content\/uploads\/2024\/08\/4d1b5b7e-2f9b-43cf-a7b5-f9deb284202f.jpeg?resize=525%2C300 1.5x, https:\/\/i0.wp.com\/jornalrol.com.br\/wp-content\/uploads\/2024\/08\/4d1b5b7e-2f9b-43cf-a7b5-f9deb284202f.jpeg?resize=700%2C400 2x"},"classes":[]}],"jetpack_featured_media_url":"http:\/\/jornalrol.com.br\/wp-content\/uploads\/2026\/08\/Imagem-gerada-por-IA-do-chatGPT-1-1.jpg","_links":{"self":[{"href":"http:\/\/jornalrol.com.br\/index.php?rest_route=\/wp\/v2\/posts\/83918","targetHints":{"allow":["GET"]}}],"collection":[{"href":"http:\/\/jornalrol.com.br\/index.php?rest_route=\/wp\/v2\/posts"}],"about":[{"href":"http:\/\/jornalrol.com.br\/index.php?rest_route=\/wp\/v2\/types\/post"}],"author":[{"embeddable":true,"href":"http:\/\/jornalrol.com.br\/index.php?rest_route=\/wp\/v2\/users\/94"}],"replies":[{"embeddable":true,"href":"http:\/\/jornalrol.com.br\/index.php?rest_route=%2Fwp%2Fv2%2Fcomments&post=83918"}],"version-history":[{"count":3,"href":"http:\/\/jornalrol.com.br\/index.php?rest_route=\/wp\/v2\/posts\/83918\/revisions"}],"predecessor-version":[{"id":83923,"href":"http:\/\/jornalrol.com.br\/index.php?rest_route=\/wp\/v2\/posts\/83918\/revisions\/83923"}],"wp:featuredmedia":[{"embeddable":true,"href":"http:\/\/jornalrol.com.br\/index.php?rest_route=\/wp\/v2\/media\/83919"}],"wp:attachment":[{"href":"http:\/\/jornalrol.com.br\/index.php?rest_route=%2Fwp%2Fv2%2Fmedia&parent=83918"}],"wp:term":[{"taxonomy":"category","embeddable":true,"href":"http:\/\/jornalrol.com.br\/index.php?rest_route=%2Fwp%2Fv2%2Fcategories&post=83918"},{"taxonomy":"post_tag","embeddable":true,"href":"http:\/\/jornalrol.com.br\/index.php?rest_route=%2Fwp%2Fv2%2Ftags&post=83918"}],"curies":[{"name":"wp","href":"https:\/\/api.w.org\/{rel}","templated":true}]}}