{"id":83973,"date":"2026-09-01T11:43:37","date_gmt":"2026-09-01T14:43:37","guid":{"rendered":"https:\/\/jornalrol.com.br\/?p=83973"},"modified":"2026-09-01T11:43:47","modified_gmt":"2026-09-01T14:43:47","slug":"descaminhar-e-preciso","status":"publish","type":"post","link":"http:\/\/jornalrol.com.br\/?p=83973","title":{"rendered":"Descaminhar \u00e9 preciso"},"content":{"rendered":"<div class=\"pdfprnt-buttons pdfprnt-buttons-post pdfprnt-top-right\"><a href=\"http:\/\/jornalrol.com.br\/index.php?rest_route=%2Fwp%2Fv2%2Fposts%2F83973&print=pdf\" class=\"pdfprnt-button pdfprnt-button-pdf\" target=\"_blank\" ><\/a><a href=\"http:\/\/jornalrol.com.br\/index.php?rest_route=%2Fwp%2Fv2%2Fposts%2F83973&print=print\" class=\"pdfprnt-button pdfprnt-button-print\" target=\"_blank\" ><img decoding=\"async\" src=\"https:\/\/jornalrol.com.br\/wp-content\/plugins\/pdf-print\/images\/print.png\" alt=\"image_print\" title=\"Conte\u00fado de impress\u00e3o\" \/><\/a><\/div>\n<h2 class=\"wp-block-heading has-text-align-center\">Uma sens\u00edvel e melanc\u00f3lica reflex\u00e3o em versos sobre perdas, mem\u00f3rias e o renascer atrav\u00e9s da poesia<br><br><\/h2>\n\n\n<div class=\"wp-block-image\">\n<figure class=\"aligncenter size-full is-resized\"><img loading=\"lazy\" decoding=\"async\" width=\"247\" height=\"325\" data-attachment-id=\"81006\" data-permalink=\"http:\/\/jornalrol.com.br\/?attachment_id=81006\" data-orig-file=\"http:\/\/jornalrol.com.br\/wp-content\/uploads\/2026\/05\/3921cf22-f9e5-4328-8b3e-d2702895013f-1.jpg\" data-orig-size=\"247,325\" data-comments-opened=\"1\" data-image-meta=\"{&quot;aperture&quot;:&quot;0&quot;,&quot;credit&quot;:&quot;&quot;,&quot;camera&quot;:&quot;&quot;,&quot;caption&quot;:&quot;&quot;,&quot;created_timestamp&quot;:&quot;0&quot;,&quot;copyright&quot;:&quot;&quot;,&quot;focal_length&quot;:&quot;0&quot;,&quot;iso&quot;:&quot;0&quot;,&quot;shutter_speed&quot;:&quot;0&quot;,&quot;title&quot;:&quot;&quot;,&quot;orientation&quot;:&quot;0&quot;}\" data-image-title=\"3921cf22-f9e5-4328-8b3e-d2702895013f\" data-image-description=\"&lt;p&gt;Pietro Costa&lt;\/p&gt;\n\" data-image-caption=\"&lt;p&gt;Pietro Costa&lt;\/p&gt;\n\" data-large-file=\"http:\/\/jornalrol.com.br\/wp-content\/uploads\/2026\/05\/3921cf22-f9e5-4328-8b3e-d2702895013f-1.jpg\" src=\"http:\/\/jornalrol.com.br\/wp-content\/uploads\/2026\/05\/3921cf22-f9e5-4328-8b3e-d2702895013f-1.jpg\" alt=\"Pietro Costa\" class=\"wp-image-81006\" style=\"aspect-ratio:0.7600250024040773;width:221px;height:auto\"\/><figcaption class=\"wp-element-caption\">Pietro Costa<\/figcaption><\/figure>\n<\/div>\n\n<div class=\"wp-block-image\">\n<figure class=\"aligncenter size-full\"><img loading=\"lazy\" decoding=\"async\" width=\"1023\" height=\"1537\" data-attachment-id=\"83978\" data-permalink=\"http:\/\/jornalrol.com.br\/?attachment_id=83978\" data-orig-file=\"http:\/\/jornalrol.com.br\/wp-content\/uploads\/2026\/08\/39ce925c-20e6-4e23-a4ac-9002c53a0904.jpg\" data-orig-size=\"1023,1537\" data-comments-opened=\"1\" data-image-meta=\"{&quot;aperture&quot;:&quot;0&quot;,&quot;credit&quot;:&quot;&quot;,&quot;camera&quot;:&quot;&quot;,&quot;caption&quot;:&quot;&quot;,&quot;created_timestamp&quot;:&quot;0&quot;,&quot;copyright&quot;:&quot;&quot;,&quot;focal_length&quot;:&quot;0&quot;,&quot;iso&quot;:&quot;0&quot;,&quot;shutter_speed&quot;:&quot;0&quot;,&quot;title&quot;:&quot;&quot;,&quot;orientation&quot;:&quot;0&quot;,&quot;alt&quot;:&quot;&quot;}\" data-image-title=\"39ce925c-20e6-4e23-a4ac-9002c53a0904\" data-image-description=\"\" data-image-caption=\"\" data-large-file=\"http:\/\/jornalrol.com.br\/wp-content\/uploads\/2026\/08\/39ce925c-20e6-4e23-a4ac-9002c53a0904.jpg\" src=\"https:\/\/jornalrol.com.br\/wp-content\/uploads\/2026\/08\/39ce925c-20e6-4e23-a4ac-9002c53a0904.jpg\" alt=\"\" class=\"wp-image-83978\" srcset=\"http:\/\/jornalrol.com.br\/wp-content\/uploads\/2026\/08\/39ce925c-20e6-4e23-a4ac-9002c53a0904.jpg 1023w, http:\/\/jornalrol.com.br\/wp-content\/uploads\/2026\/08\/39ce925c-20e6-4e23-a4ac-9002c53a0904-799x1200.jpg 799w, http:\/\/jornalrol.com.br\/wp-content\/uploads\/2026\/08\/39ce925c-20e6-4e23-a4ac-9002c53a0904-767x1153.jpg 767w\" sizes=\"auto, (max-width: 1023px) 100vw, 1023px\" \/><figcaption class=\"wp-element-caption\"><em>Image-texto do poema Descaminhar \u00e9 preciso<\/em><\/figcaption><\/figure>\n<\/div>\n\n\n<p class=\"wp-block-paragraph\"><\/p>\n\n\n\n<h3 class=\"wp-block-heading has-text-align-center\">Pietro Costa<\/h3>\n\n\n\n<div class=\"wp-block-columns is-layout-flex wp-container-core-columns-is-layout-8f761849 wp-block-columns-is-layout-flex\">\n<div class=\"wp-block-column is-layout-flow wp-block-column-is-layout-flow\">\n<h6 class=\"wp-block-heading has-text-align-center has-electric-grass-gradient-background has-background\"><a href=\"https:\/\/www.facebook.com\/pietro.costa.9480\" target=\"_blank\" rel=\"noopener\">Facebook<\/a><\/h6>\n<\/div>\n\n\n\n<div class=\"wp-block-column is-layout-flow wp-block-column-is-layout-flow\">\n<h6 class=\"wp-block-heading has-text-align-center has-electric-grass-gradient-background has-background\"><a href=\"https:\/\/www.instagram.com\/pietrocosta_poeta\">Instagram<\/a><\/h6>\n<\/div>\n\n\n\n<div class=\"wp-block-column is-layout-flow wp-block-column-is-layout-flow\">\n<h6 class=\"wp-block-heading has-text-align-center has-electric-grass-gradient-background has-background\"><a href=\"https:\/\/www.youtube.com\/user\/pietrolemos0519\" target=\"_blank\" rel=\"noopener\">YouTube<\/a><\/h6>\n<\/div>\n\n\n\n<div class=\"wp-block-column is-layout-flow wp-block-column-is-layout-flow\">\n<h6 class=\"wp-block-heading has-text-align-center has-electric-grass-gradient-background has-background\"><a href=\"http:\/\/pietrolemoscosta.blogspot.com\">Blog<\/a><\/h6>\n<\/div>\n<\/div>\n\n\n\n<p class=\"wp-block-paragraph\"><a href=\"https:\/\/jornalrol.com.br\/\">Voltar<\/a><\/p>\n\n\n\n<p class=\"wp-block-paragraph\"><a href=\"https:\/\/www.facebook.com\/JCulturalrol\/\">Facebook<\/a><\/p>\n","protected":false},"excerpt":{"rendered":"<p>Conhe\u00e7a &#8220;Descaminhar \u00e9 preciso&#8221;, sens\u00edvel e melanc\u00f3lico poema de Pietro Costa que reflete sobre o inverno da alma, as mem\u00f3rias e o renascer pela poesia.<\/p>\n","protected":false},"author":20,"featured_media":83978,"comment_status":"open","ping_status":"closed","sticky":false,"template":"","format":"standard","meta":{"_jetpack_newsletter_access":"","_jetpack_dont_email_post_to_subs":false,"_jetpack_newsletter_tier_id":0,"_jetpack_memberships_contains_paywalled_content":false,"_jetpack_memberships_contains_paid_content":false,"footnotes":""},"categories":[1],"tags":[17210,18431,17248,17492,18432],"class_list":["post-83973","post","type-post","status-publish","format-standard","has-post-thumbnail","hentry","category-sem-categoria","tag-literatura-contemporanea","tag-poema-melancolico","tag-poesia-brasileira","tag-reflexao-existencial","tag-versos-de-recomeco"],"aioseo_notices":[],"aioseo_head":"\n\t\t<!-- All in One SEO 5.0.1.1 - aioseo.com -->\n\t<meta name=\"description\" content=\"Conhe\u00e7a &quot;Descaminhar \u00e9 preciso&quot;, sens\u00edvel e melanc\u00f3lico poema de Pietro Costa que reflete sobre o inverno da alma, as mem\u00f3rias e o renascer pela poesia.\" \/>\n\t<meta name=\"robots\" content=\"max-image-preview:large\" \/>\n\t<meta name=\"author\" content=\"Pietro Costa\"\/>\n\t<link rel=\"canonical\" href=\"http:\/\/jornalrol.com.br\/?p=83973\" \/>\n\t<meta name=\"generator\" content=\"All in One SEO (AIOSEO) 5.0.1.1\" \/>\n\t\t<meta property=\"og:locale\" content=\"pt_BR\" \/>\n\t\t<meta property=\"og:site_name\" content=\"Jornal Cultural Rol - Desde 1994 promovendo a cultura\" \/>\n\t\t<meta property=\"og:type\" content=\"article\" \/>\n\t\t<meta property=\"og:title\" content=\"&#039;Descaminhar \u00e9 preciso&#039;: novo poema de Pietro Costa\" \/>\n\t\t<meta property=\"og:description\" content=\"Conhe\u00e7a &quot;Descaminhar \u00e9 preciso&quot;, sens\u00edvel e melanc\u00f3lico poema de Pietro Costa que reflete sobre o inverno da alma, as mem\u00f3rias e o renascer pela poesia.\" \/>\n\t\t<meta property=\"og:url\" content=\"http:\/\/jornalrol.com.br\/?p=83973\" \/>\n\t\t<meta property=\"og:image\" content=\"http:\/\/jornalrol.com.br\/wp-content\/uploads\/2023\/05\/JornalCulturalRol_150x173.png\" \/>\n\t\t<meta property=\"og:image:width\" content=\"150\" \/>\n\t\t<meta property=\"og:image:height\" content=\"174\" \/>\n\t\t<meta property=\"article:published_time\" content=\"2026-09-01T14:43:37+00:00\" \/>\n\t\t<meta property=\"article:modified_time\" content=\"2026-09-01T14:43:47+00:00\" \/>\n\t\t<meta property=\"article:publisher\" content=\"https:\/\/www.facebook.com\/JCulturalrol\" \/>\n\t\t<meta name=\"twitter:card\" content=\"summary_large_image\" \/>\n\t\t<meta name=\"twitter:title\" content=\"&#039;Descaminhar \u00e9 preciso&#039;: novo poema de Pietro Costa\" \/>\n\t\t<meta name=\"twitter:description\" content=\"Conhe\u00e7a &quot;Descaminhar \u00e9 preciso&quot;, sens\u00edvel e melanc\u00f3lico poema de Pietro Costa que reflete sobre o inverno da alma, as mem\u00f3rias e o renascer pela poesia.\" \/>\n\t\t<meta name=\"twitter:image\" content=\"http:\/\/jornalrol.com.br\/wp-content\/uploads\/2023\/05\/JornalCulturalRol_150x173.png\" \/>\n\t\t<script type=\"application\/ld+json\" class=\"aioseo-schema\">\n\t\t\t{\"@context\":\"https:\\\/\\\/schema.org\",\"@graph\":[{\"@type\":\"BlogPosting\",\"@id\":\"http:\\\/\\\/jornalrol.com.br\\\/?p=83973#blogposting\",\"name\":\"'Descaminhar \\u00e9 preciso': novo poema de Pietro Costa\",\"headline\":\"Descaminhar \\u00e9 preciso\",\"author\":{\"@id\":\"http:\\\/\\\/jornalrol.com.br\\\/?author=20#author\"},\"publisher\":{\"@id\":\"http:\\\/\\\/jornalrol.com.br\\\/#organization\"},\"image\":{\"@type\":\"ImageObject\",\"url\":\"http:\\\/\\\/jornalrol.com.br\\\/wp-content\\\/uploads\\\/2026\\\/08\\\/39ce925c-20e6-4e23-a4ac-9002c53a0904.jpg\",\"width\":1023,\"height\":1537,\"caption\":\"Ilustra\\u00e7\\u00e3o em estilo g\\u00f3tico e vintage com fundo envelhecido para o poema \\\"Descaminhar \\u00e9 preciso\\\", de Pietro Costa. No lado direito, h\\u00e1 o retrato em desenho de um homem de \\u00f3culos escuros e barba. No canto esquerdo inferior, um retrato cl\\u00e1ssico em moldura antiga traz um tributo a \\u00c1lvares de Azevedo. O texto do poema est\\u00e1 centralizado e, no topo, h\\u00e1 o desenho de uma pena com tinteiro sob uma lua cheia entre galhos secos. Na base, aparecem o logotipo do Jornal Cultural ROL e o arroba do poeta.\"},\"datePublished\":\"2026-09-01T11:43:37-03:00\",\"dateModified\":\"2026-09-01T11:43:47-03:00\",\"inLanguage\":\"pt-BR\",\"commentCount\":1,\"mainEntityOfPage\":{\"@id\":\"http:\\\/\\\/jornalrol.com.br\\\/?p=83973#webpage\"},\"isPartOf\":{\"@id\":\"http:\\\/\\\/jornalrol.com.br\\\/?p=83973#webpage\"},\"articleSection\":\"Sem categoria, Literatura contempor\\u00e2nea, poema melanc\\u00f3lico, Poesia brasileira, Reflex\\u00e3o Existencial, versos de recome\\u00e7o\"},{\"@type\":\"BreadcrumbList\",\"@id\":\"http:\\\/\\\/jornalrol.com.br\\\/?p=83973#breadcrumblist\",\"itemListElement\":[{\"@type\":\"ListItem\",\"@id\":\"http:\\\/\\\/jornalrol.com.br#listItem\",\"position\":1,\"name\":\"In\\u00edcio\",\"item\":\"http:\\\/\\\/jornalrol.com.br\",\"nextItem\":{\"@type\":\"ListItem\",\"@id\":\"http:\\\/\\\/jornalrol.com.br\\\/?cat=1#listItem\",\"name\":\"Sem categoria\"}},{\"@type\":\"ListItem\",\"@id\":\"http:\\\/\\\/jornalrol.com.br\\\/?cat=1#listItem\",\"position\":2,\"name\":\"Sem categoria\",\"item\":\"http:\\\/\\\/jornalrol.com.br\\\/?cat=1\",\"nextItem\":{\"@type\":\"ListItem\",\"@id\":\"http:\\\/\\\/jornalrol.com.br\\\/?p=83973#listItem\",\"name\":\"Descaminhar \\u00e9 preciso\"},\"previousItem\":{\"@type\":\"ListItem\",\"@id\":\"http:\\\/\\\/jornalrol.com.br#listItem\",\"name\":\"In\\u00edcio\"}},{\"@type\":\"ListItem\",\"@id\":\"http:\\\/\\\/jornalrol.com.br\\\/?p=83973#listItem\",\"position\":3,\"name\":\"Descaminhar \\u00e9 preciso\",\"previousItem\":{\"@type\":\"ListItem\",\"@id\":\"http:\\\/\\\/jornalrol.com.br\\\/?cat=1#listItem\",\"name\":\"Sem categoria\"}}]},{\"@type\":\"Organization\",\"@id\":\"http:\\\/\\\/jornalrol.com.br\\\/#organization\",\"name\":\"Jornal Cultural ROL\",\"description\":\"Desde 1994 promovendo a cultura\",\"url\":\"http:\\\/\\\/jornalrol.com.br\\\/\",\"telephone\":\"+5515996165768\",\"logo\":{\"@type\":\"ImageObject\",\"url\":\"http:\\\/\\\/jornalrol.com.br\\\/wp-content\\\/uploads\\\/2023\\\/05\\\/rol.png\",\"@id\":\"http:\\\/\\\/jornalrol.com.br\\\/?p=83973\\\/#organizationLogo\",\"width\":300,\"height\":122,\"caption\":\"Jornal Rol\"},\"image\":{\"@id\":\"http:\\\/\\\/jornalrol.com.br\\\/?p=83973\\\/#organizationLogo\"},\"sameAs\":[\"https:\\\/\\\/www.facebook.com\\\/JCulturalrol\",\"https:\\\/\\\/www.instagram.com\\\/jornalculturalrol\\\/\"]},{\"@type\":\"Person\",\"@id\":\"http:\\\/\\\/jornalrol.com.br\\\/?author=20#author\",\"url\":\"http:\\\/\\\/jornalrol.com.br\\\/?author=20\",\"name\":\"Pietro Costa\",\"image\":{\"@type\":\"ImageObject\",\"@id\":\"http:\\\/\\\/jornalrol.com.br\\\/?p=83973#authorImage\",\"url\":\"http:\\\/\\\/jornalrol.com.br\\\/wp-content\\\/uploads\\\/2026\\\/05\\\/3921cf22-f9e5-4328-8b3e-d2702895013f-1.jpg\",\"width\":96,\"height\":96,\"caption\":\"Pietro Costa\"}},{\"@type\":\"WebPage\",\"@id\":\"http:\\\/\\\/jornalrol.com.br\\\/?p=83973#webpage\",\"url\":\"http:\\\/\\\/jornalrol.com.br\\\/?p=83973\",\"name\":\"'Descaminhar \\u00e9 preciso': novo poema de Pietro Costa\",\"description\":\"Conhe\\u00e7a \\\"Descaminhar \\u00e9 preciso\\\", sens\\u00edvel e melanc\\u00f3lico poema de Pietro Costa que reflete sobre o inverno da alma, as mem\\u00f3rias e o renascer pela poesia.\",\"inLanguage\":\"pt-BR\",\"isPartOf\":{\"@id\":\"http:\\\/\\\/jornalrol.com.br\\\/#website\"},\"breadcrumb\":{\"@id\":\"http:\\\/\\\/jornalrol.com.br\\\/?p=83973#breadcrumblist\"},\"author\":{\"@id\":\"http:\\\/\\\/jornalrol.com.br\\\/?author=20#author\"},\"creator\":{\"@id\":\"http:\\\/\\\/jornalrol.com.br\\\/?author=20#author\"},\"image\":{\"@type\":\"ImageObject\",\"url\":\"http:\\\/\\\/jornalrol.com.br\\\/wp-content\\\/uploads\\\/2026\\\/08\\\/39ce925c-20e6-4e23-a4ac-9002c53a0904.jpg\",\"@id\":\"http:\\\/\\\/jornalrol.com.br\\\/?p=83973\\\/#mainImage\",\"width\":1023,\"height\":1537,\"caption\":\"Ilustra\\u00e7\\u00e3o em estilo g\\u00f3tico e vintage com fundo envelhecido para o poema \\\"Descaminhar \\u00e9 preciso\\\", de Pietro Costa. No lado direito, h\\u00e1 o retrato em desenho de um homem de \\u00f3culos escuros e barba. No canto esquerdo inferior, um retrato cl\\u00e1ssico em moldura antiga traz um tributo a \\u00c1lvares de Azevedo. O texto do poema est\\u00e1 centralizado e, no topo, h\\u00e1 o desenho de uma pena com tinteiro sob uma lua cheia entre galhos secos. Na base, aparecem o logotipo do Jornal Cultural ROL e o arroba do poeta.\"},\"primaryImageOfPage\":{\"@id\":\"http:\\\/\\\/jornalrol.com.br\\\/?p=83973#mainImage\"},\"datePublished\":\"2026-09-01T11:43:37-03:00\",\"dateModified\":\"2026-09-01T11:43:47-03:00\"},{\"@type\":\"WebSite\",\"@id\":\"http:\\\/\\\/jornalrol.com.br\\\/#website\",\"url\":\"http:\\\/\\\/jornalrol.com.br\\\/\",\"name\":\"Jornal Cultural ROL\",\"description\":\"Desde 1994 promovendo a cultura\",\"inLanguage\":\"pt-BR\",\"publisher\":{\"@id\":\"http:\\\/\\\/jornalrol.com.br\\\/#organization\"}}]}\n\t\t<\/script>\n\t\t<!-- All in One SEO -->\n\n","aioseo_head_json":{"title":"'Descaminhar \u00e9 preciso': novo poema de Pietro Costa","description":"Conhe\u00e7a \"Descaminhar \u00e9 preciso\", sens\u00edvel e melanc\u00f3lico poema de Pietro Costa que reflete sobre o inverno da alma, as mem\u00f3rias e o renascer pela poesia.","canonical_url":"http:\/\/jornalrol.com.br\/?p=83973","robots":"max-image-preview:large","keywords":"","webmasterTools":{"miscellaneous":""},"schema":{"@context":"https:\/\/schema.org","@graph":[{"@type":"BlogPosting","@id":"http:\/\/jornalrol.com.br\/?p=83973#blogposting","name":"'Descaminhar \u00e9 preciso': novo poema de Pietro Costa","headline":"Descaminhar \u00e9 preciso","author":{"@id":"http:\/\/jornalrol.com.br\/?author=20#author"},"publisher":{"@id":"http:\/\/jornalrol.com.br\/#organization"},"image":{"@type":"ImageObject","url":"http:\/\/jornalrol.com.br\/wp-content\/uploads\/2026\/08\/39ce925c-20e6-4e23-a4ac-9002c53a0904.jpg","width":1023,"height":1537,"caption":"Ilustra\u00e7\u00e3o em estilo g\u00f3tico e vintage com fundo envelhecido para o poema \"Descaminhar \u00e9 preciso\", de Pietro Costa. No lado direito, h\u00e1 o retrato em desenho de um homem de \u00f3culos escuros e barba. No canto esquerdo inferior, um retrato cl\u00e1ssico em moldura antiga traz um tributo a \u00c1lvares de Azevedo. O texto do poema est\u00e1 centralizado e, no topo, h\u00e1 o desenho de uma pena com tinteiro sob uma lua cheia entre galhos secos. Na base, aparecem o logotipo do Jornal Cultural ROL e o arroba do poeta."},"datePublished":"2026-09-01T11:43:37-03:00","dateModified":"2026-09-01T11:43:47-03:00","inLanguage":"pt-BR","commentCount":1,"mainEntityOfPage":{"@id":"http:\/\/jornalrol.com.br\/?p=83973#webpage"},"isPartOf":{"@id":"http:\/\/jornalrol.com.br\/?p=83973#webpage"},"articleSection":"Sem categoria, Literatura contempor\u00e2nea, poema melanc\u00f3lico, Poesia brasileira, Reflex\u00e3o Existencial, versos de recome\u00e7o"},{"@type":"BreadcrumbList","@id":"http:\/\/jornalrol.com.br\/?p=83973#breadcrumblist","itemListElement":[{"@type":"ListItem","@id":"http:\/\/jornalrol.com.br#listItem","position":1,"name":"In\u00edcio","item":"http:\/\/jornalrol.com.br","nextItem":{"@type":"ListItem","@id":"http:\/\/jornalrol.com.br\/?cat=1#listItem","name":"Sem categoria"}},{"@type":"ListItem","@id":"http:\/\/jornalrol.com.br\/?cat=1#listItem","position":2,"name":"Sem categoria","item":"http:\/\/jornalrol.com.br\/?cat=1","nextItem":{"@type":"ListItem","@id":"http:\/\/jornalrol.com.br\/?p=83973#listItem","name":"Descaminhar \u00e9 preciso"},"previousItem":{"@type":"ListItem","@id":"http:\/\/jornalrol.com.br#listItem","name":"In\u00edcio"}},{"@type":"ListItem","@id":"http:\/\/jornalrol.com.br\/?p=83973#listItem","position":3,"name":"Descaminhar \u00e9 preciso","previousItem":{"@type":"ListItem","@id":"http:\/\/jornalrol.com.br\/?cat=1#listItem","name":"Sem categoria"}}]},{"@type":"Organization","@id":"http:\/\/jornalrol.com.br\/#organization","name":"Jornal Cultural ROL","description":"Desde 1994 promovendo a cultura","url":"http:\/\/jornalrol.com.br\/","telephone":"+5515996165768","logo":{"@type":"ImageObject","url":"http:\/\/jornalrol.com.br\/wp-content\/uploads\/2023\/05\/rol.png","@id":"http:\/\/jornalrol.com.br\/?p=83973\/#organizationLogo","width":300,"height":122,"caption":"Jornal Rol"},"image":{"@id":"http:\/\/jornalrol.com.br\/?p=83973\/#organizationLogo"},"sameAs":["https:\/\/www.facebook.com\/JCulturalrol","https:\/\/www.instagram.com\/jornalculturalrol\/"]},{"@type":"Person","@id":"http:\/\/jornalrol.com.br\/?author=20#author","url":"http:\/\/jornalrol.com.br\/?author=20","name":"Pietro Costa","image":{"@type":"ImageObject","@id":"http:\/\/jornalrol.com.br\/?p=83973#authorImage","url":"http:\/\/jornalrol.com.br\/wp-content\/uploads\/2026\/05\/3921cf22-f9e5-4328-8b3e-d2702895013f-1.jpg","width":96,"height":96,"caption":"Pietro Costa"}},{"@type":"WebPage","@id":"http:\/\/jornalrol.com.br\/?p=83973#webpage","url":"http:\/\/jornalrol.com.br\/?p=83973","name":"'Descaminhar \u00e9 preciso': novo poema de Pietro Costa","description":"Conhe\u00e7a \"Descaminhar \u00e9 preciso\", sens\u00edvel e melanc\u00f3lico poema de Pietro Costa que reflete sobre o inverno da alma, as mem\u00f3rias e o renascer pela poesia.","inLanguage":"pt-BR","isPartOf":{"@id":"http:\/\/jornalrol.com.br\/#website"},"breadcrumb":{"@id":"http:\/\/jornalrol.com.br\/?p=83973#breadcrumblist"},"author":{"@id":"http:\/\/jornalrol.com.br\/?author=20#author"},"creator":{"@id":"http:\/\/jornalrol.com.br\/?author=20#author"},"image":{"@type":"ImageObject","url":"http:\/\/jornalrol.com.br\/wp-content\/uploads\/2026\/08\/39ce925c-20e6-4e23-a4ac-9002c53a0904.jpg","@id":"http:\/\/jornalrol.com.br\/?p=83973\/#mainImage","width":1023,"height":1537,"caption":"Ilustra\u00e7\u00e3o em estilo g\u00f3tico e vintage com fundo envelhecido para o poema \"Descaminhar \u00e9 preciso\", de Pietro Costa. No lado direito, h\u00e1 o retrato em desenho de um homem de \u00f3culos escuros e barba. No canto esquerdo inferior, um retrato cl\u00e1ssico em moldura antiga traz um tributo a \u00c1lvares de Azevedo. O texto do poema est\u00e1 centralizado e, no topo, h\u00e1 o desenho de uma pena com tinteiro sob uma lua cheia entre galhos secos. Na base, aparecem o logotipo do Jornal Cultural ROL e o arroba do poeta."},"primaryImageOfPage":{"@id":"http:\/\/jornalrol.com.br\/?p=83973#mainImage"},"datePublished":"2026-09-01T11:43:37-03:00","dateModified":"2026-09-01T11:43:47-03:00"},{"@type":"WebSite","@id":"http:\/\/jornalrol.com.br\/#website","url":"http:\/\/jornalrol.com.br\/","name":"Jornal Cultural ROL","description":"Desde 1994 promovendo a cultura","inLanguage":"pt-BR","publisher":{"@id":"http:\/\/jornalrol.com.br\/#organization"}}]},"og:locale":"pt_BR","og:site_name":"Jornal Cultural Rol - Desde 1994 promovendo a cultura","og:type":"article","og:title":"'Descaminhar \u00e9 preciso': novo poema de Pietro Costa","og:description":"Conhe\u00e7a &quot;Descaminhar \u00e9 preciso&quot;, sens\u00edvel e melanc\u00f3lico poema de Pietro Costa que reflete sobre o inverno da alma, as mem\u00f3rias e o renascer pela poesia.","og:url":"http:\/\/jornalrol.com.br\/?p=83973","og:image":"http:\/\/jornalrol.com.br\/wp-content\/uploads\/2023\/05\/JornalCulturalRol_150x173.png","og:image:width":150,"og:image:height":174,"article:published_time":"2026-09-01T14:43:37+00:00","article:modified_time":"2026-09-01T14:43:47+00:00","article:publisher":"https:\/\/www.facebook.com\/JCulturalrol","twitter:card":"summary_large_image","twitter:title":"'Descaminhar \u00e9 preciso': novo poema de Pietro Costa","twitter:description":"Conhe\u00e7a &quot;Descaminhar \u00e9 preciso&quot;, sens\u00edvel e melanc\u00f3lico poema de Pietro Costa que reflete sobre o inverno da alma, as mem\u00f3rias e o renascer pela poesia.","twitter:image":"http:\/\/jornalrol.com.br\/wp-content\/uploads\/2023\/05\/JornalCulturalRol_150x173.png"},"aioseo_meta_data":{"post_id":"83973","title":"'Descaminhar \u00e9 preciso': novo poema de Pietro Costa","description":null,"keywords":null,"keyphrases":{"focus":{"keyphrase":"","score":0,"analysis":{"keyphraseInTitle":{"score":0,"maxScore":9,"error":1}}},"additional":[]},"primary_term":null,"canonical_url":null,"og_title":null,"og_description":null,"og_object_type":"default","og_image_type":"default","og_image_url":null,"og_image_width":null,"og_image_height":null,"og_image_custom_url":null,"og_image_custom_fields":null,"og_video":"","og_custom_url":null,"og_article_section":null,"og_article_tags":null,"twitter_use_og":false,"twitter_card":"default","twitter_image_type":"default","twitter_image_url":null,"twitter_image_custom_url":null,"twitter_image_custom_fields":null,"twitter_title":null,"twitter_description":null,"schema":{"blockGraphs":[],"customGraphs":[],"default":{"data":{"Article":[],"Course":[],"Dataset":[],"FAQPage":[],"Movie":[],"Person":[],"Product":[],"ProductReview":[],"Car":[],"Recipe":[],"Service":[],"SoftwareApplication":[],"WebPage":[]},"graphName":"BlogPosting","isEnabled":true},"graphs":[]},"schema_type":"default","schema_type_options":null,"pillar_content":false,"robots_default":true,"robots_noindex":false,"robots_noarchive":false,"robots_nosnippet":false,"robots_nofollow":false,"robots_noimageindex":false,"robots_noodp":false,"robots_notranslate":false,"robots_max_snippet":"-1","robots_max_videopreview":"-1","robots_max_imagepreview":"large","priority":null,"frequency":"default","local_seo":null,"breadcrumb_settings":null,"limit_modified_date":false,"ai":{"faqs":[],"keyPoints":[],"schemas":[],"titles":[],"descriptions":[],"socialPosts":{"email":{"subject":"","preview":"","content":""},"linkedin":[],"twitter":[],"facebook":[],"instagram":[]}},"created":"2026-08-31 21:22:29","updated":"2026-09-01 14:46:35","seo_analyzer_scan_date":null,"focus_keyword":null,"additional_keywords":null,"truseo_locale":null},"aioseo_breadcrumb":"<div class=\"aioseo-breadcrumbs\"><span class=\"aioseo-breadcrumb\">\n\t\t\t<a href=\"http:\/\/jornalrol.com.br\" title=\"In\u00edcio\">In\u00edcio<\/a>\n\t\t<\/span><span class=\"aioseo-breadcrumb-separator\">&raquo;<\/span><span class=\"aioseo-breadcrumb\">\n\t\t\t<a href=\"http:\/\/jornalrol.com.br\/?cat=1\" title=\"Sem categoria\">Sem categoria<\/a>\n\t\t<\/span><span class=\"aioseo-breadcrumb-separator\">&raquo;<\/span><span class=\"aioseo-breadcrumb\">\n\t\t\tDescaminhar \u00e9 preciso\n\t\t<\/span><\/div>","aioseo_breadcrumb_json":[{"label":"In\u00edcio","link":"http:\/\/jornalrol.com.br"},{"label":"Sem categoria","link":"http:\/\/jornalrol.com.br\/?cat=1"},{"label":"Descaminhar \u00e9 preciso","link":"http:\/\/jornalrol.com.br\/?p=83973"}],"views":118,"jetpack_sharing_enabled":true,"jetpack_likes_enabled":true,"jetpack-related-posts":[{"id":61362,"url":"http:\/\/jornalrol.com.br\/?p=61362","url_meta":{"origin":83973,"position":0},"title":"Vig\u00edlia","author":"Pietro Costa","date":"20 de setembro de 2023","format":false,"excerpt":"Tuas p\u00e1ginas, profus\u00e3o de sentires. Mergulhar no mar absoluto da alma, achar o tesouro nas linhas da palma. \u00c0 vista, afortunadas terras e devires...","rel":"","context":"Em &quot;Literatura&quot;","block_context":{"text":"Literatura","link":"http:\/\/jornalrol.com.br\/?cat=9285"},"img":{"alt_text":"Pietro Costa","src":"https:\/\/i0.wp.com\/jornalrol.com.br\/wp-content\/uploads\/2023\/09\/PIETRO-COSTA-Picture-119-1.jpg?resize=350%2C200","width":350,"height":200},"classes":[]},{"id":82893,"url":"http:\/\/jornalrol.com.br\/?p=82893","url_meta":{"origin":83973,"position":1},"title":"Di\u00e1rio de bordo do ontem","author":"Pietro Costa","date":"28 de julho de 2026","format":false,"excerpt":"poema navega pela mem\u00f3ria e escrita como mares da alma. A caneta rompe o escuro do ontem, achando no presente o porto secreto de nossa ess\u00eancia.","rel":"","context":"Em &quot;Literatura&quot;","block_context":{"text":"Literatura","link":"http:\/\/jornalrol.com.br\/?cat=9285"},"img":{"alt_text":"Cartaz cultural em tom envelhecido do Jornal ROL. \u00c0 esquerda, o poema \"Di\u00e1rio de Bordo do Ontem\", de Pietro Costa. \u00c0 direita, a ilustra\u00e7\u00e3o do escritor segurando uma caneta sobre um caderno, com a cidade de Veneza ao fundo. No topo, o logo do jornal e a rosa dos ventos; na base, uma b\u00fassola e o perfil @pietrocosta_poeta.","src":"https:\/\/i0.wp.com\/jornalrol.com.br\/wp-content\/uploads\/2026\/07\/7e642296-a2a8-4db7-a262-a770e95328f3.jpg?resize=350%2C200","width":350,"height":200,"srcset":"https:\/\/i0.wp.com\/jornalrol.com.br\/wp-content\/uploads\/2026\/07\/7e642296-a2a8-4db7-a262-a770e95328f3.jpg?resize=350%2C200 1x, https:\/\/i0.wp.com\/jornalrol.com.br\/wp-content\/uploads\/2026\/07\/7e642296-a2a8-4db7-a262-a770e95328f3.jpg?resize=525%2C300 1.5x, https:\/\/i0.wp.com\/jornalrol.com.br\/wp-content\/uploads\/2026\/07\/7e642296-a2a8-4db7-a262-a770e95328f3.jpg?resize=700%2C400 2x"},"classes":[]},{"id":61490,"url":"http:\/\/jornalrol.com.br\/?p=61490","url_meta":{"origin":83973,"position":2},"title":"Versos de cura para um cora\u00e7\u00e3o dilacerado","author":"Lee Oliveira","date":"26 de setembro de 2023","format":false,"excerpt":"'At\u00e9 minha terapeuta sente falta de voc\u00ea' \u00e9 uma obra po\u00e9tica que fala sobre final de um relacionamento entre duas mulheres pela vis\u00e3o da autora.","rel":"","context":"Em &quot;Literatura&quot;","block_context":{"text":"Literatura","link":"http:\/\/jornalrol.com.br\/?cat=9285"},"img":{"alt_text":"Divulga\u00e7\u00e3o | Elisa Marques","src":"https:\/\/i0.wp.com\/jornalrol.com.br\/wp-content\/uploads\/2023\/09\/Capa-Ate-minha-terapeuta-sente-falta-de-voce-1.jpg?resize=350%2C200","width":350,"height":200,"srcset":"https:\/\/i0.wp.com\/jornalrol.com.br\/wp-content\/uploads\/2023\/09\/Capa-Ate-minha-terapeuta-sente-falta-de-voce-1.jpg?resize=350%2C200 1x, https:\/\/i0.wp.com\/jornalrol.com.br\/wp-content\/uploads\/2023\/09\/Capa-Ate-minha-terapeuta-sente-falta-de-voce-1.jpg?resize=525%2C300 1.5x, https:\/\/i0.wp.com\/jornalrol.com.br\/wp-content\/uploads\/2023\/09\/Capa-Ate-minha-terapeuta-sente-falta-de-voce-1.jpg?resize=700%2C400 2x, https:\/\/i0.wp.com\/jornalrol.com.br\/wp-content\/uploads\/2023\/09\/Capa-Ate-minha-terapeuta-sente-falta-de-voce-1.jpg?resize=1050%2C600 3x"},"classes":[]},{"id":51290,"url":"http:\/\/jornalrol.com.br\/?p=51290","url_meta":{"origin":83973,"position":3},"title":"Pietro Costa: &#039;Pandemilagres&#039;","author":"Pietro Costa","date":"27 de julho de 2022","format":false,"excerpt":"No burburinho e no vaiv\u00e9m da mem\u00f3ria, A nos melindrar, um mar de incertezas, O mesmo barco e as mesmas fraquezas, O que vem a seguir, naufr\u00e1gio ou vit\u00f3ria? \u00a0 Ancorados em fidedignas potencialidades, Distintivos vivos da alma, briosos valores, Chegaremos \u00e0 margem de nossos clamores, Desbravando ins\u00f3litos oceanos e\u2026","rel":"","context":"Em &quot;Comunica\u00e7\u00e3o&quot;","block_context":{"text":"Comunica\u00e7\u00e3o","link":"http:\/\/jornalrol.com.br\/?cat=7"},"img":{"alt_text":"","src":"https:\/\/i0.wp.com\/jornalrol.com.br\/wp-content\/uploads\/2022\/07\/Picsart_22-07-27_10-37-15-022.jpg?resize=350%2C200","width":350,"height":200,"srcset":"https:\/\/i0.wp.com\/jornalrol.com.br\/wp-content\/uploads\/2022\/07\/Picsart_22-07-27_10-37-15-022.jpg?resize=350%2C200 1x, https:\/\/i0.wp.com\/jornalrol.com.br\/wp-content\/uploads\/2022\/07\/Picsart_22-07-27_10-37-15-022.jpg?resize=525%2C300 1.5x, https:\/\/i0.wp.com\/jornalrol.com.br\/wp-content\/uploads\/2022\/07\/Picsart_22-07-27_10-37-15-022.jpg?resize=700%2C400 2x"},"classes":[]},{"id":81816,"url":"http:\/\/jornalrol.com.br\/?p=81816","url_meta":{"origin":83973,"position":4},"title":"Absor\u00e7\u00e3o (1)","author":"Ismael Wandalika","date":"15 de junho de 2026","format":false,"excerpt":"Poema l\u00edrico e melanc\u00f3lico sobre a passagem do tempo, supera\u00e7\u00e3o do medo e as inevit\u00e1veis dualidades da vida, onde a dor, a mem\u00f3ria e a morte se entrela\u00e7am.","rel":"","context":"Em &quot;Literatura&quot;","block_context":{"text":"Literatura","link":"http:\/\/jornalrol.com.br\/?cat=9285"},"img":{"alt_text":"Imagem criada pela IA do Gemini - https:\/\/gemini.google.com\/app\/76e5113e04bab4ec?utm_source=app_launcher&utm_medium=owned&utm_campaign=base_all","src":"https:\/\/i0.wp.com\/jornalrol.com.br\/wp-content\/uploads\/2026\/06\/e9fa4600-9213-40b9-9a2a-4eb73104cf91.jpg?resize=350%2C200","width":350,"height":200,"srcset":"https:\/\/i0.wp.com\/jornalrol.com.br\/wp-content\/uploads\/2026\/06\/e9fa4600-9213-40b9-9a2a-4eb73104cf91.jpg?resize=350%2C200 1x, https:\/\/i0.wp.com\/jornalrol.com.br\/wp-content\/uploads\/2026\/06\/e9fa4600-9213-40b9-9a2a-4eb73104cf91.jpg?resize=525%2C300 1.5x, https:\/\/i0.wp.com\/jornalrol.com.br\/wp-content\/uploads\/2026\/06\/e9fa4600-9213-40b9-9a2a-4eb73104cf91.jpg?resize=700%2C400 2x"},"classes":[]},{"id":35379,"url":"http:\/\/jornalrol.com.br\/?p=35379","url_meta":{"origin":83973,"position":5},"title":"Pietro Costa: &#039;Poetas Al\u00e9m do Tempo&#039;","author":"Pietro Costa","date":"30 de novembro de 2020","format":false,"excerpt":"Poetas Al\u00e9m do Tempo Um trabalho de induvidoso primor, sob a organiza\u00e7\u00e3o din\u00e2mica e minuciosa de Charlan Fialho, em parceria com o selo da Editora Versejar. Parab\u00e9ns aos 92 autores e autoras de diversas regi\u00f5es do pa\u00eds, pelos cord\u00e9is, sonetos e versos livres de desconcertante e profunda beleza, que reverberam\u2026","rel":"","context":"Em &quot;Comunica\u00e7\u00e3o&quot;","block_context":{"text":"Comunica\u00e7\u00e3o","link":"http:\/\/jornalrol.com.br\/?cat=7"},"img":{"alt_text":"","src":"https:\/\/i0.wp.com\/www.jornalrol.com.br\/wp-content\/uploads\/2020\/11\/foto-Pietro-Costa-252x300.jpg?resize=350%2C200","width":350,"height":200},"classes":[]}],"jetpack_featured_media_url":"http:\/\/jornalrol.com.br\/wp-content\/uploads\/2026\/08\/39ce925c-20e6-4e23-a4ac-9002c53a0904.jpg","_links":{"self":[{"href":"http:\/\/jornalrol.com.br\/index.php?rest_route=\/wp\/v2\/posts\/83973","targetHints":{"allow":["GET"]}}],"collection":[{"href":"http:\/\/jornalrol.com.br\/index.php?rest_route=\/wp\/v2\/posts"}],"about":[{"href":"http:\/\/jornalrol.com.br\/index.php?rest_route=\/wp\/v2\/types\/post"}],"author":[{"embeddable":true,"href":"http:\/\/jornalrol.com.br\/index.php?rest_route=\/wp\/v2\/users\/20"}],"replies":[{"embeddable":true,"href":"http:\/\/jornalrol.com.br\/index.php?rest_route=%2Fwp%2Fv2%2Fcomments&post=83973"}],"version-history":[{"count":4,"href":"http:\/\/jornalrol.com.br\/index.php?rest_route=\/wp\/v2\/posts\/83973\/revisions"}],"predecessor-version":[{"id":84002,"href":"http:\/\/jornalrol.com.br\/index.php?rest_route=\/wp\/v2\/posts\/83973\/revisions\/84002"}],"wp:featuredmedia":[{"embeddable":true,"href":"http:\/\/jornalrol.com.br\/index.php?rest_route=\/wp\/v2\/media\/83978"}],"wp:attachment":[{"href":"http:\/\/jornalrol.com.br\/index.php?rest_route=%2Fwp%2Fv2%2Fmedia&parent=83973"}],"wp:term":[{"taxonomy":"category","embeddable":true,"href":"http:\/\/jornalrol.com.br\/index.php?rest_route=%2Fwp%2Fv2%2Fcategories&post=83973"},{"taxonomy":"post_tag","embeddable":true,"href":"http:\/\/jornalrol.com.br\/index.php?rest_route=%2Fwp%2Fv2%2Ftags&post=83973"}],"curies":[{"name":"wp","href":"https:\/\/api.w.org\/{rel}","templated":true}]}}