{"id":83985,"date":"2026-09-01T10:14:12","date_gmt":"2026-09-01T13:14:12","guid":{"rendered":"https:\/\/jornalrol.com.br\/?p=83985"},"modified":"2026-09-01T10:14:46","modified_gmt":"2026-09-01T13:14:46","slug":"onde-os-lirios-sonham","status":"publish","type":"post","link":"http:\/\/jornalrol.com.br\/?p=83985","title":{"rendered":"Onde os l\u00edrios sonham"},"content":{"rendered":"<div class=\"pdfprnt-buttons pdfprnt-buttons-post pdfprnt-top-right\"><a href=\"http:\/\/jornalrol.com.br\/index.php?rest_route=%2Fwp%2Fv2%2Fposts%2F83985&print=pdf\" class=\"pdfprnt-button pdfprnt-button-pdf\" target=\"_blank\" ><\/a><a href=\"http:\/\/jornalrol.com.br\/index.php?rest_route=%2Fwp%2Fv2%2Fposts%2F83985&print=print\" class=\"pdfprnt-button pdfprnt-button-print\" target=\"_blank\" ><img decoding=\"async\" src=\"https:\/\/jornalrol.com.br\/wp-content\/plugins\/pdf-print\/images\/print.png\" alt=\"image_print\" title=\"Conte\u00fado de impress\u00e3o\" \/><\/a><\/div>\n<h2 class=\"wp-block-heading has-text-align-center\">Uma sinfonia de misticismo e sensibilidade: Adriana Rodr\u00edguez abre os portais da alma em versos que transformam o sil\u00eancio da natureza em pura magia liter\u00e1ria<br><br><\/h2>\n\n\n<div class=\"wp-block-image\">\n<figure class=\"aligncenter size-full is-resized\"><img loading=\"lazy\" decoding=\"async\" width=\"222\" height=\"342\" data-attachment-id=\"81151\" data-permalink=\"http:\/\/jornalrol.com.br\/?attachment_id=81151\" data-orig-file=\"http:\/\/jornalrol.com.br\/wp-content\/uploads\/2026\/05\/image.png\" data-orig-size=\"222,342\" data-comments-opened=\"1\" data-image-meta=\"{&quot;aperture&quot;:&quot;0&quot;,&quot;credit&quot;:&quot;&quot;,&quot;camera&quot;:&quot;&quot;,&quot;caption&quot;:&quot;&quot;,&quot;created_timestamp&quot;:&quot;0&quot;,&quot;copyright&quot;:&quot;&quot;,&quot;focal_length&quot;:&quot;0&quot;,&quot;iso&quot;:&quot;0&quot;,&quot;shutter_speed&quot;:&quot;0&quot;,&quot;title&quot;:&quot;&quot;,&quot;orientation&quot;:&quot;0&quot;,&quot;alt&quot;:&quot;&quot;}\" data-image-title=\"image\" data-image-description=\"&lt;p&gt;Adriana Rodr\u00edguez&lt;\/p&gt;\n\" data-image-caption=\"&lt;p&gt;Adriana Rodr\u00edguez&lt;\/p&gt;\n\" data-large-file=\"http:\/\/jornalrol.com.br\/wp-content\/uploads\/2026\/05\/image.png\" src=\"http:\/\/jornalrol.com.br\/wp-content\/uploads\/2026\/05\/image.png\" alt=\"Adriana Rodr\u00edguez\" class=\"wp-image-81151\" style=\"aspect-ratio:0.6491364342502056;width:136px;height:auto\"\/><figcaption class=\"wp-element-caption\">Adriana Rodr\u00edguez<\/figcaption><\/figure>\n<\/div>\n\n<div class=\"wp-block-image\">\n<figure class=\"aligncenter size-full\"><img loading=\"lazy\" decoding=\"async\" width=\"1024\" height=\"559\" data-attachment-id=\"83992\" data-permalink=\"http:\/\/jornalrol.com.br\/?attachment_id=83992\" data-orig-file=\"http:\/\/jornalrol.com.br\/wp-content\/uploads\/2026\/09\/watermarked_img_16952901299741725284.jpg\" data-orig-size=\"1024,559\" data-comments-opened=\"1\" data-image-meta=\"{&quot;aperture&quot;:&quot;0&quot;,&quot;credit&quot;:&quot;&quot;,&quot;camera&quot;:&quot;&quot;,&quot;caption&quot;:&quot;&quot;,&quot;created_timestamp&quot;:&quot;0&quot;,&quot;copyright&quot;:&quot;&quot;,&quot;focal_length&quot;:&quot;0&quot;,&quot;iso&quot;:&quot;0&quot;,&quot;shutter_speed&quot;:&quot;0&quot;,&quot;title&quot;:&quot;&quot;,&quot;orientation&quot;:&quot;0&quot;,&quot;alt&quot;:&quot;&quot;}\" data-image-title=\"watermarked_img_16952901299741725284\" data-image-description=\"\" data-image-caption=\"\" data-large-file=\"http:\/\/jornalrol.com.br\/wp-content\/uploads\/2026\/09\/watermarked_img_16952901299741725284.jpg\" src=\"https:\/\/jornalrol.com.br\/wp-content\/uploads\/2026\/09\/watermarked_img_16952901299741725284.jpg\" alt=\"Ilustra\u00e7\u00e3o m\u00e1gica de uma fada sorridente dan\u00e7ando \u00e0 beira de um riacho sob a luz da lua cheia, em uma floresta encantada \u00e0 noite com livros embutidos nos troncos das \u00e1rvores e rosas brilhantes.\" class=\"wp-image-83992\" srcset=\"http:\/\/jornalrol.com.br\/wp-content\/uploads\/2026\/09\/watermarked_img_16952901299741725284.jpg 1024w, http:\/\/jornalrol.com.br\/wp-content\/uploads\/2026\/09\/watermarked_img_16952901299741725284-768x419.jpg 768w\" sizes=\"auto, (max-width: 1024px) 100vw, 1024px\" \/><figcaption class=\"wp-element-caption\"><em><a href=\"https:\/\/gemini.google.com\/app\/76af92c8250224dd?utm_source=app_launcher&amp;utm_medium=owned&amp;utm_campaign=base_all\">https:\/\/gemini.google.com\/app\/76af92c8250224dd?utm_source=app_launcher&amp;utm_medium=owned&amp;utm_campaign=base_all<\/a><\/em><\/figcaption><\/figure>\n<\/div>\n\n\n<p class=\"has-text-align-center wp-block-paragraph\">Na floresta adormecida<br>onde a \u00e1gua murmura,<br>e as rochas sonham,<br>guardo meus passos<br>com tinta e com noite<br>sob a luz da lua.<\/p>\n\n\n\n<p class=\"has-text-align-center wp-block-paragraph\">Uma fada me olha,<br>empresta-me seu riso,<br>e, travessa, dan\u00e7a<br>sob o vento azul<br>que caminha descal\u00e7o.<\/p>\n\n\n\n<p class=\"has-text-align-center wp-block-paragraph\">O riacho me escreve poemas que come\u00e7am<br>com o aroma do sil\u00eancio<br>e a verdade da rosa.<\/p>\n\n\n\n<p class=\"has-text-align-center wp-block-paragraph\">Caminhando, passa.<\/p>\n\n\n\n<p class=\"has-text-align-center wp-block-paragraph\">N\u00e3o levo pressa, levo asas,<br>por dentro, hist\u00f3rias bordadas<br>em vermelho e em azul-c\u00e9u.<\/p>\n\n\n\n<p class=\"has-text-align-center wp-block-paragraph\">Cada amanhecer<br>\u00e9 um pequeno portal,<br>onde desperto&#8230;<br>e ainda continuo sonhando<br>onde os livros sonham.<\/p>\n\n\n\n<p class=\"wp-block-paragraph\"><\/p>\n\n\n\n<h3 class=\"wp-block-heading has-text-align-center\">Adriana Rodr\u00edguez<\/h3>\n\n\n\n<div class=\"wp-block-columns is-layout-flex wp-container-core-columns-is-layout-8f761849 wp-block-columns-is-layout-flex\">\n<div class=\"wp-block-column is-layout-flow wp-block-column-is-layout-flow\">\n<h3 class=\"wp-block-heading has-text-align-center has-blush-light-purple-gradient-background has-background\"><a href=\"https:\/\/www.instagram.com\/ajrradrianarodriguez\/\">Instagram<\/a><\/h3>\n<\/div>\n\n\n\n<div class=\"wp-block-column is-layout-flow wp-block-column-is-layout-flow\">\n<h3 class=\"wp-block-heading has-text-align-center has-blush-light-purple-gradient-background has-background\"><a href=\"https:\/\/www.tiktok.com\/404?fromUrl=\/adrianarodriguez_ofmx\" target=\"_blank\" rel=\"noopener\">TikTok<\/a><\/h3>\n<\/div>\n\n\n\n<div class=\"wp-block-column is-layout-flow wp-block-column-is-layout-flow\">\n<h3 class=\"wp-block-heading has-text-align-center has-blush-light-purple-gradient-background has-background\"><a href=\"https:\/\/www.facebook.com\/AJRR.ofmx\/photos?locale=pt_BR\">Facebook<\/a><\/h3>\n<\/div>\n<\/div>\n\n\n\n<p class=\"wp-block-paragraph\"><a href=\"https:\/\/jornalrol.com.br\/\">Voltar<\/a><\/p>\n\n\n\n<p class=\"wp-block-paragraph\"><a href=\"https:\/\/www.facebook.com\/JCulturalrol\/\">Facebook<\/a><\/p>\n","protected":false},"excerpt":{"rendered":"<p>A poesia de Adriana Rodr\u00edguez cria uma atmosfera m\u00edstica onde a natureza ganha vida e dialoga perfeitamente com a leveza e a do\u00e7ura da alma liter\u00e1ria.<\/p>\n","protected":false},"author":159,"featured_media":83992,"comment_status":"open","ping_status":"closed","sticky":false,"template":"","format":"standard","meta":{"_jetpack_newsletter_access":"","_jetpack_dont_email_post_to_subs":false,"_jetpack_newsletter_tier_id":0,"_jetpack_memberships_contains_paywalled_content":false,"_jetpack_memberships_contains_paid_content":false,"footnotes":""},"categories":[9285,58],"tags":[18425,18427,18426,17201,18430,18429],"class_list":["post-83985","post","type-post","status-publish","format-standard","has-post-thumbnail","hentry","category-literatura","category-poesias","tag-lirios-da-noite","tag-lirismo","tag-misticismo-na-literatura","tag-poesia-contemporanea","tag-portal-dos-sonhos","tag-versos-sobre-a-natureza"],"aioseo_notices":[],"aioseo_head":"\n\t\t<!-- All in One SEO 5.0.1.1 - aioseo.com -->\n\t<meta name=\"description\" content=\"A poesia de Adriana Rodr\u00edguez cria uma atmosfera m\u00edstica onde a natureza ganha vida e dialoga perfeitamente com a leveza e a do\u00e7ura da alma liter\u00e1ria.\" \/>\n\t<meta name=\"robots\" content=\"max-image-preview:large\" \/>\n\t<meta name=\"author\" content=\"Adriana Rodriguez\"\/>\n\t<link rel=\"canonical\" href=\"http:\/\/jornalrol.com.br\/?p=83985\" \/>\n\t<meta name=\"generator\" content=\"All in One SEO (AIOSEO) 5.0.1.1\" \/>\n\t\t<meta property=\"og:locale\" content=\"pt_BR\" \/>\n\t\t<meta property=\"og:site_name\" content=\"Jornal Cultural Rol - Desde 1994 promovendo a cultura\" \/>\n\t\t<meta property=\"og:type\" content=\"article\" \/>\n\t\t<meta property=\"og:title\" content=\"Poema \u2018Onde os l\u00edrios sonham\u2019, de Adriana Rodr\u00edguez\" \/>\n\t\t<meta property=\"og:description\" content=\"A poesia de Adriana Rodr\u00edguez cria uma atmosfera m\u00edstica onde a natureza ganha vida e dialoga perfeitamente com a leveza e a do\u00e7ura da alma liter\u00e1ria.\" \/>\n\t\t<meta property=\"og:url\" content=\"http:\/\/jornalrol.com.br\/?p=83985\" \/>\n\t\t<meta property=\"og:image\" content=\"http:\/\/jornalrol.com.br\/wp-content\/uploads\/2023\/05\/JornalCulturalRol_150x173.png\" \/>\n\t\t<meta property=\"og:image:width\" content=\"150\" \/>\n\t\t<meta property=\"og:image:height\" content=\"174\" \/>\n\t\t<meta property=\"article:published_time\" content=\"2026-09-01T13:14:12+00:00\" \/>\n\t\t<meta property=\"article:modified_time\" content=\"2026-09-01T13:14:46+00:00\" \/>\n\t\t<meta property=\"article:publisher\" content=\"https:\/\/www.facebook.com\/JCulturalrol\" \/>\n\t\t<meta name=\"twitter:card\" content=\"summary_large_image\" \/>\n\t\t<meta name=\"twitter:title\" content=\"Poema \u2018Onde os l\u00edrios sonham\u2019, de Adriana Rodr\u00edguez\" \/>\n\t\t<meta name=\"twitter:description\" content=\"A poesia de Adriana Rodr\u00edguez cria uma atmosfera m\u00edstica onde a natureza ganha vida e dialoga perfeitamente com a leveza e a do\u00e7ura da alma liter\u00e1ria.\" \/>\n\t\t<meta name=\"twitter:image\" content=\"http:\/\/jornalrol.com.br\/wp-content\/uploads\/2023\/05\/JornalCulturalRol_150x173.png\" \/>\n\t\t<script type=\"application\/ld+json\" class=\"aioseo-schema\">\n\t\t\t{\"@context\":\"https:\\\/\\\/schema.org\",\"@graph\":[{\"@type\":\"BlogPosting\",\"@id\":\"http:\\\/\\\/jornalrol.com.br\\\/?p=83985#blogposting\",\"name\":\"Poema \\u2018Onde os l\\u00edrios sonham\\u2019, de Adriana Rodr\\u00edguez\",\"headline\":\"Onde os l\\u00edrios sonham\",\"author\":{\"@id\":\"http:\\\/\\\/jornalrol.com.br\\\/?author=159#author\"},\"publisher\":{\"@id\":\"http:\\\/\\\/jornalrol.com.br\\\/#organization\"},\"image\":{\"@type\":\"ImageObject\",\"url\":\"http:\\\/\\\/jornalrol.com.br\\\/wp-content\\\/uploads\\\/2026\\\/09\\\/watermarked_img_16952901299741725284.jpg\",\"width\":1024,\"height\":559,\"caption\":\"Ilustra\\u00e7\\u00e3o m\\u00e1gica de uma fada sorridente dan\\u00e7ando \\u00e0 beira de um riacho sob a luz da lua cheia, em uma floresta encantada \\u00e0 noite com livros embutidos nos troncos das \\u00e1rvores e rosas brilhantes.\"},\"datePublished\":\"2026-09-01T10:14:12-03:00\",\"dateModified\":\"2026-09-01T10:14:46-03:00\",\"inLanguage\":\"pt-BR\",\"commentCount\":1,\"mainEntityOfPage\":{\"@id\":\"http:\\\/\\\/jornalrol.com.br\\\/?p=83985#webpage\"},\"isPartOf\":{\"@id\":\"http:\\\/\\\/jornalrol.com.br\\\/?p=83985#webpage\"},\"articleSection\":\"Literatura, Poesia, l\\u00edrios da noite, lirismo, misticismo na literatura, Poesia contempor\\u00e2nea, portal dos sonhos, versos sobre a natureza\"},{\"@type\":\"BreadcrumbList\",\"@id\":\"http:\\\/\\\/jornalrol.com.br\\\/?p=83985#breadcrumblist\",\"itemListElement\":[{\"@type\":\"ListItem\",\"@id\":\"http:\\\/\\\/jornalrol.com.br#listItem\",\"position\":1,\"name\":\"In\\u00edcio\",\"item\":\"http:\\\/\\\/jornalrol.com.br\",\"nextItem\":{\"@type\":\"ListItem\",\"@id\":\"http:\\\/\\\/jornalrol.com.br\\\/?cat=9285#listItem\",\"name\":\"Literatura\"}},{\"@type\":\"ListItem\",\"@id\":\"http:\\\/\\\/jornalrol.com.br\\\/?cat=9285#listItem\",\"position\":2,\"name\":\"Literatura\",\"item\":\"http:\\\/\\\/jornalrol.com.br\\\/?cat=9285\",\"nextItem\":{\"@type\":\"ListItem\",\"@id\":\"http:\\\/\\\/jornalrol.com.br\\\/?cat=58#listItem\",\"name\":\"Poesia\"},\"previousItem\":{\"@type\":\"ListItem\",\"@id\":\"http:\\\/\\\/jornalrol.com.br#listItem\",\"name\":\"In\\u00edcio\"}},{\"@type\":\"ListItem\",\"@id\":\"http:\\\/\\\/jornalrol.com.br\\\/?cat=58#listItem\",\"position\":3,\"name\":\"Poesia\",\"item\":\"http:\\\/\\\/jornalrol.com.br\\\/?cat=58\",\"nextItem\":{\"@type\":\"ListItem\",\"@id\":\"http:\\\/\\\/jornalrol.com.br\\\/?p=83985#listItem\",\"name\":\"Onde os l\\u00edrios sonham\"},\"previousItem\":{\"@type\":\"ListItem\",\"@id\":\"http:\\\/\\\/jornalrol.com.br\\\/?cat=9285#listItem\",\"name\":\"Literatura\"}},{\"@type\":\"ListItem\",\"@id\":\"http:\\\/\\\/jornalrol.com.br\\\/?p=83985#listItem\",\"position\":4,\"name\":\"Onde os l\\u00edrios sonham\",\"previousItem\":{\"@type\":\"ListItem\",\"@id\":\"http:\\\/\\\/jornalrol.com.br\\\/?cat=58#listItem\",\"name\":\"Poesia\"}}]},{\"@type\":\"Organization\",\"@id\":\"http:\\\/\\\/jornalrol.com.br\\\/#organization\",\"name\":\"Jornal Cultural ROL\",\"description\":\"Desde 1994 promovendo a cultura\",\"url\":\"http:\\\/\\\/jornalrol.com.br\\\/\",\"telephone\":\"+5515996165768\",\"logo\":{\"@type\":\"ImageObject\",\"url\":\"http:\\\/\\\/jornalrol.com.br\\\/wp-content\\\/uploads\\\/2023\\\/05\\\/rol.png\",\"@id\":\"http:\\\/\\\/jornalrol.com.br\\\/?p=83985\\\/#organizationLogo\",\"width\":300,\"height\":122,\"caption\":\"Jornal Rol\"},\"image\":{\"@id\":\"http:\\\/\\\/jornalrol.com.br\\\/?p=83985\\\/#organizationLogo\"},\"sameAs\":[\"https:\\\/\\\/www.facebook.com\\\/JCulturalrol\",\"https:\\\/\\\/www.instagram.com\\\/jornalculturalrol\\\/\"]},{\"@type\":\"Person\",\"@id\":\"http:\\\/\\\/jornalrol.com.br\\\/?author=159#author\",\"url\":\"http:\\\/\\\/jornalrol.com.br\\\/?author=159\",\"name\":\"Adriana Rodriguez\",\"image\":{\"@type\":\"ImageObject\",\"@id\":\"http:\\\/\\\/jornalrol.com.br\\\/?p=83985#authorImage\",\"url\":\"http:\\\/\\\/jornalrol.com.br\\\/wp-content\\\/uploads\\\/2026\\\/05\\\/image.png\",\"width\":96,\"height\":96,\"caption\":\"Adriana Rodriguez\"}},{\"@type\":\"WebPage\",\"@id\":\"http:\\\/\\\/jornalrol.com.br\\\/?p=83985#webpage\",\"url\":\"http:\\\/\\\/jornalrol.com.br\\\/?p=83985\",\"name\":\"Poema \\u2018Onde os l\\u00edrios sonham\\u2019, de Adriana Rodr\\u00edguez\",\"description\":\"A poesia de Adriana Rodr\\u00edguez cria uma atmosfera m\\u00edstica onde a natureza ganha vida e dialoga perfeitamente com a leveza e a do\\u00e7ura da alma liter\\u00e1ria.\",\"inLanguage\":\"pt-BR\",\"isPartOf\":{\"@id\":\"http:\\\/\\\/jornalrol.com.br\\\/#website\"},\"breadcrumb\":{\"@id\":\"http:\\\/\\\/jornalrol.com.br\\\/?p=83985#breadcrumblist\"},\"author\":{\"@id\":\"http:\\\/\\\/jornalrol.com.br\\\/?author=159#author\"},\"creator\":{\"@id\":\"http:\\\/\\\/jornalrol.com.br\\\/?author=159#author\"},\"image\":{\"@type\":\"ImageObject\",\"url\":\"http:\\\/\\\/jornalrol.com.br\\\/wp-content\\\/uploads\\\/2026\\\/09\\\/watermarked_img_16952901299741725284.jpg\",\"@id\":\"http:\\\/\\\/jornalrol.com.br\\\/?p=83985\\\/#mainImage\",\"width\":1024,\"height\":559,\"caption\":\"Ilustra\\u00e7\\u00e3o m\\u00e1gica de uma fada sorridente dan\\u00e7ando \\u00e0 beira de um riacho sob a luz da lua cheia, em uma floresta encantada \\u00e0 noite com livros embutidos nos troncos das \\u00e1rvores e rosas brilhantes.\"},\"primaryImageOfPage\":{\"@id\":\"http:\\\/\\\/jornalrol.com.br\\\/?p=83985#mainImage\"},\"datePublished\":\"2026-09-01T10:14:12-03:00\",\"dateModified\":\"2026-09-01T10:14:46-03:00\"},{\"@type\":\"WebSite\",\"@id\":\"http:\\\/\\\/jornalrol.com.br\\\/#website\",\"url\":\"http:\\\/\\\/jornalrol.com.br\\\/\",\"name\":\"Jornal Cultural ROL\",\"description\":\"Desde 1994 promovendo a cultura\",\"inLanguage\":\"pt-BR\",\"publisher\":{\"@id\":\"http:\\\/\\\/jornalrol.com.br\\\/#organization\"}}]}\n\t\t<\/script>\n\t\t<!-- All in One SEO -->\n\n","aioseo_head_json":{"title":"Poema \u2018Onde os l\u00edrios sonham\u2019, de Adriana Rodr\u00edguez","description":"A poesia de Adriana Rodr\u00edguez cria uma atmosfera m\u00edstica onde a natureza ganha vida e dialoga perfeitamente com a leveza e a do\u00e7ura da alma liter\u00e1ria.","canonical_url":"http:\/\/jornalrol.com.br\/?p=83985","robots":"max-image-preview:large","keywords":"","webmasterTools":{"miscellaneous":""},"schema":{"@context":"https:\/\/schema.org","@graph":[{"@type":"BlogPosting","@id":"http:\/\/jornalrol.com.br\/?p=83985#blogposting","name":"Poema \u2018Onde os l\u00edrios sonham\u2019, de Adriana Rodr\u00edguez","headline":"Onde os l\u00edrios sonham","author":{"@id":"http:\/\/jornalrol.com.br\/?author=159#author"},"publisher":{"@id":"http:\/\/jornalrol.com.br\/#organization"},"image":{"@type":"ImageObject","url":"http:\/\/jornalrol.com.br\/wp-content\/uploads\/2026\/09\/watermarked_img_16952901299741725284.jpg","width":1024,"height":559,"caption":"Ilustra\u00e7\u00e3o m\u00e1gica de uma fada sorridente dan\u00e7ando \u00e0 beira de um riacho sob a luz da lua cheia, em uma floresta encantada \u00e0 noite com livros embutidos nos troncos das \u00e1rvores e rosas brilhantes."},"datePublished":"2026-09-01T10:14:12-03:00","dateModified":"2026-09-01T10:14:46-03:00","inLanguage":"pt-BR","commentCount":1,"mainEntityOfPage":{"@id":"http:\/\/jornalrol.com.br\/?p=83985#webpage"},"isPartOf":{"@id":"http:\/\/jornalrol.com.br\/?p=83985#webpage"},"articleSection":"Literatura, Poesia, l\u00edrios da noite, lirismo, misticismo na literatura, Poesia contempor\u00e2nea, portal dos sonhos, versos sobre a natureza"},{"@type":"BreadcrumbList","@id":"http:\/\/jornalrol.com.br\/?p=83985#breadcrumblist","itemListElement":[{"@type":"ListItem","@id":"http:\/\/jornalrol.com.br#listItem","position":1,"name":"In\u00edcio","item":"http:\/\/jornalrol.com.br","nextItem":{"@type":"ListItem","@id":"http:\/\/jornalrol.com.br\/?cat=9285#listItem","name":"Literatura"}},{"@type":"ListItem","@id":"http:\/\/jornalrol.com.br\/?cat=9285#listItem","position":2,"name":"Literatura","item":"http:\/\/jornalrol.com.br\/?cat=9285","nextItem":{"@type":"ListItem","@id":"http:\/\/jornalrol.com.br\/?cat=58#listItem","name":"Poesia"},"previousItem":{"@type":"ListItem","@id":"http:\/\/jornalrol.com.br#listItem","name":"In\u00edcio"}},{"@type":"ListItem","@id":"http:\/\/jornalrol.com.br\/?cat=58#listItem","position":3,"name":"Poesia","item":"http:\/\/jornalrol.com.br\/?cat=58","nextItem":{"@type":"ListItem","@id":"http:\/\/jornalrol.com.br\/?p=83985#listItem","name":"Onde os l\u00edrios sonham"},"previousItem":{"@type":"ListItem","@id":"http:\/\/jornalrol.com.br\/?cat=9285#listItem","name":"Literatura"}},{"@type":"ListItem","@id":"http:\/\/jornalrol.com.br\/?p=83985#listItem","position":4,"name":"Onde os l\u00edrios sonham","previousItem":{"@type":"ListItem","@id":"http:\/\/jornalrol.com.br\/?cat=58#listItem","name":"Poesia"}}]},{"@type":"Organization","@id":"http:\/\/jornalrol.com.br\/#organization","name":"Jornal Cultural ROL","description":"Desde 1994 promovendo a cultura","url":"http:\/\/jornalrol.com.br\/","telephone":"+5515996165768","logo":{"@type":"ImageObject","url":"http:\/\/jornalrol.com.br\/wp-content\/uploads\/2023\/05\/rol.png","@id":"http:\/\/jornalrol.com.br\/?p=83985\/#organizationLogo","width":300,"height":122,"caption":"Jornal Rol"},"image":{"@id":"http:\/\/jornalrol.com.br\/?p=83985\/#organizationLogo"},"sameAs":["https:\/\/www.facebook.com\/JCulturalrol","https:\/\/www.instagram.com\/jornalculturalrol\/"]},{"@type":"Person","@id":"http:\/\/jornalrol.com.br\/?author=159#author","url":"http:\/\/jornalrol.com.br\/?author=159","name":"Adriana Rodriguez","image":{"@type":"ImageObject","@id":"http:\/\/jornalrol.com.br\/?p=83985#authorImage","url":"http:\/\/jornalrol.com.br\/wp-content\/uploads\/2026\/05\/image.png","width":96,"height":96,"caption":"Adriana Rodriguez"}},{"@type":"WebPage","@id":"http:\/\/jornalrol.com.br\/?p=83985#webpage","url":"http:\/\/jornalrol.com.br\/?p=83985","name":"Poema \u2018Onde os l\u00edrios sonham\u2019, de Adriana Rodr\u00edguez","description":"A poesia de Adriana Rodr\u00edguez cria uma atmosfera m\u00edstica onde a natureza ganha vida e dialoga perfeitamente com a leveza e a do\u00e7ura da alma liter\u00e1ria.","inLanguage":"pt-BR","isPartOf":{"@id":"http:\/\/jornalrol.com.br\/#website"},"breadcrumb":{"@id":"http:\/\/jornalrol.com.br\/?p=83985#breadcrumblist"},"author":{"@id":"http:\/\/jornalrol.com.br\/?author=159#author"},"creator":{"@id":"http:\/\/jornalrol.com.br\/?author=159#author"},"image":{"@type":"ImageObject","url":"http:\/\/jornalrol.com.br\/wp-content\/uploads\/2026\/09\/watermarked_img_16952901299741725284.jpg","@id":"http:\/\/jornalrol.com.br\/?p=83985\/#mainImage","width":1024,"height":559,"caption":"Ilustra\u00e7\u00e3o m\u00e1gica de uma fada sorridente dan\u00e7ando \u00e0 beira de um riacho sob a luz da lua cheia, em uma floresta encantada \u00e0 noite com livros embutidos nos troncos das \u00e1rvores e rosas brilhantes."},"primaryImageOfPage":{"@id":"http:\/\/jornalrol.com.br\/?p=83985#mainImage"},"datePublished":"2026-09-01T10:14:12-03:00","dateModified":"2026-09-01T10:14:46-03:00"},{"@type":"WebSite","@id":"http:\/\/jornalrol.com.br\/#website","url":"http:\/\/jornalrol.com.br\/","name":"Jornal Cultural ROL","description":"Desde 1994 promovendo a cultura","inLanguage":"pt-BR","publisher":{"@id":"http:\/\/jornalrol.com.br\/#organization"}}]},"og:locale":"pt_BR","og:site_name":"Jornal Cultural Rol - Desde 1994 promovendo a cultura","og:type":"article","og:title":"Poema \u2018Onde os l\u00edrios sonham\u2019, de Adriana Rodr\u00edguez","og:description":"A poesia de Adriana Rodr\u00edguez cria uma atmosfera m\u00edstica onde a natureza ganha vida e dialoga perfeitamente com a leveza e a do\u00e7ura da alma liter\u00e1ria.","og:url":"http:\/\/jornalrol.com.br\/?p=83985","og:image":"http:\/\/jornalrol.com.br\/wp-content\/uploads\/2023\/05\/JornalCulturalRol_150x173.png","og:image:width":150,"og:image:height":174,"article:published_time":"2026-09-01T13:14:12+00:00","article:modified_time":"2026-09-01T13:14:46+00:00","article:publisher":"https:\/\/www.facebook.com\/JCulturalrol","twitter:card":"summary_large_image","twitter:title":"Poema \u2018Onde os l\u00edrios sonham\u2019, de Adriana Rodr\u00edguez","twitter:description":"A poesia de Adriana Rodr\u00edguez cria uma atmosfera m\u00edstica onde a natureza ganha vida e dialoga perfeitamente com a leveza e a do\u00e7ura da alma liter\u00e1ria.","twitter:image":"http:\/\/jornalrol.com.br\/wp-content\/uploads\/2023\/05\/JornalCulturalRol_150x173.png"},"aioseo_meta_data":{"post_id":"83985","title":"Poema \u2018Onde os l\u00edrios sonham\u2019, de Adriana Rodr\u00edguez","description":null,"keywords":null,"keyphrases":{"focus":{"keyphrase":"","score":0,"analysis":{"keyphraseInTitle":{"score":0,"maxScore":9,"error":1}}},"additional":[]},"primary_term":null,"canonical_url":null,"og_title":null,"og_description":null,"og_object_type":"default","og_image_type":"default","og_image_url":null,"og_image_width":null,"og_image_height":null,"og_image_custom_url":null,"og_image_custom_fields":null,"og_video":"","og_custom_url":null,"og_article_section":null,"og_article_tags":null,"twitter_use_og":false,"twitter_card":"default","twitter_image_type":"default","twitter_image_url":null,"twitter_image_custom_url":null,"twitter_image_custom_fields":null,"twitter_title":null,"twitter_description":null,"schema":{"blockGraphs":[],"customGraphs":[],"default":{"data":{"Article":[],"Course":[],"Dataset":[],"FAQPage":[],"Movie":[],"Person":[],"Product":[],"ProductReview":[],"Car":[],"Recipe":[],"Service":[],"SoftwareApplication":[],"WebPage":[]},"graphName":"BlogPosting","isEnabled":true},"graphs":[]},"schema_type":"default","schema_type_options":null,"pillar_content":false,"robots_default":true,"robots_noindex":false,"robots_noarchive":false,"robots_nosnippet":false,"robots_nofollow":false,"robots_noimageindex":false,"robots_noodp":false,"robots_notranslate":false,"robots_max_snippet":"-1","robots_max_videopreview":"-1","robots_max_imagepreview":"large","priority":null,"frequency":"default","local_seo":null,"breadcrumb_settings":null,"limit_modified_date":false,"ai":{"faqs":[],"keyPoints":[],"schemas":[],"titles":[],"descriptions":[],"socialPosts":{"email":{"subject":"","preview":"","content":""},"linkedin":[],"twitter":[],"facebook":[],"instagram":[]}},"created":"2026-09-01 01:38:33","updated":"2026-09-01 13:43:39","seo_analyzer_scan_date":null,"focus_keyword":null,"additional_keywords":null,"truseo_locale":null},"aioseo_breadcrumb":"<div class=\"aioseo-breadcrumbs\"><span class=\"aioseo-breadcrumb\">\n\t\t\t<a href=\"http:\/\/jornalrol.com.br\" title=\"In\u00edcio\">In\u00edcio<\/a>\n\t\t<\/span><span class=\"aioseo-breadcrumb-separator\">&raquo;<\/span><span class=\"aioseo-breadcrumb\">\n\t\t\t<a href=\"http:\/\/jornalrol.com.br\/?cat=9285\" title=\"Literatura\">Literatura<\/a>\n\t\t<\/span><span class=\"aioseo-breadcrumb-separator\">&raquo;<\/span><span class=\"aioseo-breadcrumb\">\n\t\t\t<a href=\"http:\/\/jornalrol.com.br\/?cat=58\" title=\"Poesia\">Poesia<\/a>\n\t\t<\/span><span class=\"aioseo-breadcrumb-separator\">&raquo;<\/span><span class=\"aioseo-breadcrumb\">\n\t\t\tOnde os l\u00edrios sonham\n\t\t<\/span><\/div>","aioseo_breadcrumb_json":[{"label":"In\u00edcio","link":"http:\/\/jornalrol.com.br"},{"label":"Literatura","link":"http:\/\/jornalrol.com.br\/?cat=9285"},{"label":"Poesia","link":"http:\/\/jornalrol.com.br\/?cat=58"},{"label":"Onde os l\u00edrios sonham","link":"http:\/\/jornalrol.com.br\/?p=83985"}],"views":50,"jetpack_sharing_enabled":true,"jetpack_likes_enabled":true,"jetpack-related-posts":[{"id":81149,"url":"http:\/\/jornalrol.com.br\/?p=81149","url_meta":{"origin":83985,"position":0},"title":"Do M\u00e9xico ao Jornal ROL, Adriana Rodr\u00edguez!","author":"Sergio Diniz da Costa","date":"25 de maio de 2026","format":false,"excerpt":"Adriana Rodr\u00edguez, natural de Heroica Matamoros, M\u00e9xico, \u00e9 escritora e criadora liter\u00e1ria. Sua obra transita entre a poesia e o conto, explorando emo\u00e7\u00f5es...","rel":"","context":"Em &quot;Literatura&quot;","block_context":{"text":"Literatura","link":"http:\/\/jornalrol.com.br\/?cat=9285"},"img":{"alt_text":"","src":"https:\/\/i0.wp.com\/jornalrol.com.br\/wp-content\/uploads\/2026\/05\/7608693c-b522-4d05-b76c-6a7ce0dfd648.jpg?resize=350%2C200","width":350,"height":200,"srcset":"https:\/\/i0.wp.com\/jornalrol.com.br\/wp-content\/uploads\/2026\/05\/7608693c-b522-4d05-b76c-6a7ce0dfd648.jpg?resize=350%2C200 1x, https:\/\/i0.wp.com\/jornalrol.com.br\/wp-content\/uploads\/2026\/05\/7608693c-b522-4d05-b76c-6a7ce0dfd648.jpg?resize=525%2C300 1.5x, https:\/\/i0.wp.com\/jornalrol.com.br\/wp-content\/uploads\/2026\/05\/7608693c-b522-4d05-b76c-6a7ce0dfd648.jpg?resize=700%2C400 2x"},"classes":[]},{"id":81492,"url":"http:\/\/jornalrol.com.br\/?p=81492","url_meta":{"origin":83985,"position":1},"title":"Un ave lleg\u00f3 y dijo","author":"Adriana Rodriguez","date":"3 de junho de 2026","format":false,"excerpt":"Um p\u00e1ssaro surpreendeu um homem ao se aproximar para ouvir sua voz, o suave canto de suas cordas vocais e o som interior. Um p\u00e1ssaro chegou, repousando o...","rel":"","context":"Em &quot;Literatura&quot;","block_context":{"text":"Literatura","link":"http:\/\/jornalrol.com.br\/?cat=9285"},"img":{"alt_text":"Imagem criada pelo ChatGPT - https:\/\/chatgpt.com\/c\/6a208153-ada8-83e9-a7e2-90395d11466b","src":"https:\/\/i0.wp.com\/jornalrol.com.br\/wp-content\/uploads\/2026\/06\/5d1bac98-a47a-405a-9983-c90d6e9114d0.jpg?resize=350%2C200","width":350,"height":200,"srcset":"https:\/\/i0.wp.com\/jornalrol.com.br\/wp-content\/uploads\/2026\/06\/5d1bac98-a47a-405a-9983-c90d6e9114d0.jpg?resize=350%2C200 1x, https:\/\/i0.wp.com\/jornalrol.com.br\/wp-content\/uploads\/2026\/06\/5d1bac98-a47a-405a-9983-c90d6e9114d0.jpg?resize=525%2C300 1.5x, https:\/\/i0.wp.com\/jornalrol.com.br\/wp-content\/uploads\/2026\/06\/5d1bac98-a47a-405a-9983-c90d6e9114d0.jpg?resize=700%2C400 2x, https:\/\/i0.wp.com\/jornalrol.com.br\/wp-content\/uploads\/2026\/06\/5d1bac98-a47a-405a-9983-c90d6e9114d0.jpg?resize=1050%2C600 3x, https:\/\/i0.wp.com\/jornalrol.com.br\/wp-content\/uploads\/2026\/06\/5d1bac98-a47a-405a-9983-c90d6e9114d0.jpg?resize=1400%2C800 4x"},"classes":[]},{"id":82332,"url":"http:\/\/jornalrol.com.br\/?p=82332","url_meta":{"origin":83985,"position":2},"title":"Tan cerca que no me ves","author":"Adriana Rodriguez","date":"7 de julho de 2026","format":false,"excerpt":"Um eu-l\u00edrico caminha melancolicamente por mem\u00f3rias, solid\u00e3o e dor, sentindo-se um eterno vizinho do mundo em meio a um cen\u00e1rio de frio e nostalgia.","rel":"","context":"Em &quot;Literatura&quot;","block_context":{"text":"Literatura","link":"http:\/\/jornalrol.com.br\/?cat=9285"},"img":{"alt_text":"Imagem criada pela IA do Gemini - https:\/\/gemini.google.com\/app\/07bfdc50c9b08836?utm_source=app_launcher&utm _medium=owned&utm_campaign=base_all","src":"https:\/\/i0.wp.com\/jornalrol.com.br\/wp-content\/uploads\/2026\/07\/39f14df1-8d26-4db6-b01e-56f00b3832de.jpg?resize=350%2C200","width":350,"height":200,"srcset":"https:\/\/i0.wp.com\/jornalrol.com.br\/wp-content\/uploads\/2026\/07\/39f14df1-8d26-4db6-b01e-56f00b3832de.jpg?resize=350%2C200 1x, https:\/\/i0.wp.com\/jornalrol.com.br\/wp-content\/uploads\/2026\/07\/39f14df1-8d26-4db6-b01e-56f00b3832de.jpg?resize=525%2C300 1.5x, https:\/\/i0.wp.com\/jornalrol.com.br\/wp-content\/uploads\/2026\/07\/39f14df1-8d26-4db6-b01e-56f00b3832de.jpg?resize=700%2C400 2x"},"classes":[]},{"id":83247,"url":"http:\/\/jornalrol.com.br\/?p=83247","url_meta":{"origin":83985,"position":3},"title":"Cuando las horas ceden","author":"Adriana Rodriguez","date":"10 de agosto de 2026","format":false,"excerpt":"No imagino volver. Los d\u00edas fluyen trayendo un sabor agridulce, un recuerdo lejano habitado por el dolor y un lunes suspendido que se deja pasar al fin.","rel":"","context":"Em &quot;Literatura&quot;","block_context":{"text":"Literatura","link":"http:\/\/jornalrol.com.br\/?cat=9285"},"img":{"alt_text":"Paisaje melanc\u00f3lico de un camino des\u00e9rtico con huellas fantasmales que se desvanecen, un r\u00edo claro al costado y una ciudad lejana como un espejismo bajo un cielo oto\u00f1al agridulce, evocando el paso del tiempo y la nostalgia.","src":"https:\/\/i0.wp.com\/jornalrol.com.br\/wp-content\/uploads\/2026\/08\/9d14f7a9-63ef-445b-99a7-583452877826.jpg?resize=350%2C200","width":350,"height":200,"srcset":"https:\/\/i0.wp.com\/jornalrol.com.br\/wp-content\/uploads\/2026\/08\/9d14f7a9-63ef-445b-99a7-583452877826.jpg?resize=350%2C200 1x, https:\/\/i0.wp.com\/jornalrol.com.br\/wp-content\/uploads\/2026\/08\/9d14f7a9-63ef-445b-99a7-583452877826.jpg?resize=525%2C300 1.5x, https:\/\/i0.wp.com\/jornalrol.com.br\/wp-content\/uploads\/2026\/08\/9d14f7a9-63ef-445b-99a7-583452877826.jpg?resize=700%2C400 2x"},"classes":[]},{"id":21549,"url":"http:\/\/jornalrol.com.br\/?p=21549","url_meta":{"origin":83985,"position":4},"title":"Adriana Negrini: &#039;Sonhos&#039;","author":"Sergio Diniz da Costa","date":"15 de outubro de 2018","format":false,"excerpt":"\"Feche os olhos.\/\u00a0Sinta a vida que pulsa em voc\u00ea\/\u00a0Sentindo essa vida pura\/\u00a0Toda poesia... ...\" \u00a0 Sonhos Feche os olhos. Sinta a vida que pulsa em voc\u00ea Sentindo essa vida pura Toda poesia... ... Pense no mar Ou\u00e7a-o cantar Do vai e vem de suas ondas. Percorra, em seus pensamentos, As\u2026","rel":"","context":"Em &quot;Comunica\u00e7\u00e3o&quot;","block_context":{"text":"Comunica\u00e7\u00e3o","link":"http:\/\/jornalrol.com.br\/?cat=7"},"img":{"alt_text":"","src":"https:\/\/i0.wp.com\/www.jornalrol.com.br\/wp-content\/uploads\/2018\/05\/Adriana-Negrini-310x318-292x300.jpg?resize=350%2C200","width":350,"height":200},"classes":[]},{"id":30629,"url":"http:\/\/jornalrol.com.br\/?p=30629","url_meta":{"origin":83985,"position":5},"title":"Adriana Negrini: &#039;Tocar, imaginar, ousar&#039;","author":"Sergio Diniz da Costa","date":"11 de mar\u00e7o de 2020","format":false,"excerpt":"Tocar, imaginar, ousar Sonhar \u00c9 tocar Na linha imagin\u00e1ria do infinito \u00c9 devanear Nas nuvens de algod\u00e3o do c\u00e9u \u00c9 viver a fantasia Do universo... \u00c9 imaginar Atrav\u00e9s da for\u00e7a Extraordin\u00e1ria do pensamento, O reino das coisas belas Onde se permite vivenciar E sentir Por instantes, A conquista da alma...\u2026","rel":"","context":"Em &quot;Comunica\u00e7\u00e3o&quot;","block_context":{"text":"Comunica\u00e7\u00e3o","link":"http:\/\/jornalrol.com.br\/?cat=7"},"img":{"alt_text":"","src":"https:\/\/i0.wp.com\/www.jornalrol.com.br\/wp-content\/uploads\/2018\/02\/Adriana-Negrini-2-293x300.jpg?resize=350%2C200","width":350,"height":200},"classes":[]}],"jetpack_featured_media_url":"http:\/\/jornalrol.com.br\/wp-content\/uploads\/2026\/09\/watermarked_img_16952901299741725284.jpg","_links":{"self":[{"href":"http:\/\/jornalrol.com.br\/index.php?rest_route=\/wp\/v2\/posts\/83985","targetHints":{"allow":["GET"]}}],"collection":[{"href":"http:\/\/jornalrol.com.br\/index.php?rest_route=\/wp\/v2\/posts"}],"about":[{"href":"http:\/\/jornalrol.com.br\/index.php?rest_route=\/wp\/v2\/types\/post"}],"author":[{"embeddable":true,"href":"http:\/\/jornalrol.com.br\/index.php?rest_route=\/wp\/v2\/users\/159"}],"replies":[{"embeddable":true,"href":"http:\/\/jornalrol.com.br\/index.php?rest_route=%2Fwp%2Fv2%2Fcomments&post=83985"}],"version-history":[{"count":3,"href":"http:\/\/jornalrol.com.br\/index.php?rest_route=\/wp\/v2\/posts\/83985\/revisions"}],"predecessor-version":[{"id":83994,"href":"http:\/\/jornalrol.com.br\/index.php?rest_route=\/wp\/v2\/posts\/83985\/revisions\/83994"}],"wp:featuredmedia":[{"embeddable":true,"href":"http:\/\/jornalrol.com.br\/index.php?rest_route=\/wp\/v2\/media\/83992"}],"wp:attachment":[{"href":"http:\/\/jornalrol.com.br\/index.php?rest_route=%2Fwp%2Fv2%2Fmedia&parent=83985"}],"wp:term":[{"taxonomy":"category","embeddable":true,"href":"http:\/\/jornalrol.com.br\/index.php?rest_route=%2Fwp%2Fv2%2Fcategories&post=83985"},{"taxonomy":"post_tag","embeddable":true,"href":"http:\/\/jornalrol.com.br\/index.php?rest_route=%2Fwp%2Fv2%2Ftags&post=83985"}],"curies":[{"name":"wp","href":"https:\/\/api.w.org\/{rel}","templated":true}]}}