{"id":84009,"date":"2026-09-01T13:03:23","date_gmt":"2026-09-01T16:03:23","guid":{"rendered":"https:\/\/jornalrol.com.br\/?p=84009"},"modified":"2026-09-01T13:03:40","modified_gmt":"2026-09-01T16:03:40","slug":"mae-de-todas-as-maes","status":"publish","type":"post","link":"http:\/\/jornalrol.com.br\/?p=84009","title":{"rendered":"M\u00e3e de todas as m\u00e3es"},"content":{"rendered":"<div class=\"pdfprnt-buttons pdfprnt-buttons-post pdfprnt-top-right\"><a href=\"http:\/\/jornalrol.com.br\/index.php?rest_route=%2Fwp%2Fv2%2Fposts%2F84009&print=pdf\" class=\"pdfprnt-button pdfprnt-button-pdf\" target=\"_blank\" ><\/a><a href=\"http:\/\/jornalrol.com.br\/index.php?rest_route=%2Fwp%2Fv2%2Fposts%2F84009&print=print\" class=\"pdfprnt-button pdfprnt-button-print\" target=\"_blank\" ><img decoding=\"async\" src=\"https:\/\/jornalrol.com.br\/wp-content\/plugins\/pdf-print\/images\/print.png\" alt=\"image_print\" title=\"Conte\u00fado de impress\u00e3o\" \/><\/a><\/div>\n<h2 class=\"wp-block-heading has-text-align-center\">Uma tocante prece de Marli F. Freitas em versos que clama pelo despertar da consci\u00eancia humana e pela preserva\u00e7\u00e3o da vida<br><br><\/h2>\n\n\n<div class=\"wp-block-image\">\n<figure class=\"aligncenter size-full is-resized\"><img loading=\"lazy\" decoding=\"async\" width=\"1080\" height=\"1508\" data-attachment-id=\"77826\" data-permalink=\"http:\/\/jornalrol.com.br\/?attachment_id=77826\" data-orig-file=\"http:\/\/jornalrol.com.br\/wp-content\/uploads\/2026\/01\/52eb81ed-e713-44d4-aab4-f12c4c39cdc6.jpg\" data-orig-size=\"1080,1508\" data-comments-opened=\"1\" data-image-meta=\"{&quot;aperture&quot;:&quot;0&quot;,&quot;credit&quot;:&quot;&quot;,&quot;camera&quot;:&quot;&quot;,&quot;caption&quot;:&quot;&quot;,&quot;created_timestamp&quot;:&quot;0&quot;,&quot;copyright&quot;:&quot;&quot;,&quot;focal_length&quot;:&quot;0&quot;,&quot;iso&quot;:&quot;0&quot;,&quot;shutter_speed&quot;:&quot;0&quot;,&quot;title&quot;:&quot;&quot;,&quot;orientation&quot;:&quot;0&quot;}\" data-image-title=\"52eb81ed-e713-44d4-aab4-f12c4c39cdc6\" data-image-description=\"&lt;p&gt;Marli Freitas&lt;\/p&gt;\n\" data-image-caption=\"&lt;p&gt;Marli Freitas&lt;\/p&gt;\n\" data-large-file=\"http:\/\/jornalrol.com.br\/wp-content\/uploads\/2026\/01\/52eb81ed-e713-44d4-aab4-f12c4c39cdc6.jpg\" src=\"http:\/\/jornalrol.com.br\/wp-content\/uploads\/2026\/01\/52eb81ed-e713-44d4-aab4-f12c4c39cdc6.jpg\" alt=\"Marli Freitas\" class=\"wp-image-77826\" style=\"aspect-ratio:0.7161803322219927;width:197px;height:auto\" srcset=\"http:\/\/jornalrol.com.br\/wp-content\/uploads\/2026\/01\/52eb81ed-e713-44d4-aab4-f12c4c39cdc6.jpg 1080w, http:\/\/jornalrol.com.br\/wp-content\/uploads\/2026\/01\/52eb81ed-e713-44d4-aab4-f12c4c39cdc6-859x1200.jpg 859w, http:\/\/jornalrol.com.br\/wp-content\/uploads\/2026\/01\/52eb81ed-e713-44d4-aab4-f12c4c39cdc6-768x1072.jpg 768w\" sizes=\"auto, (max-width: 1080px) 100vw, 1080px\" \/><figcaption class=\"wp-element-caption\">Marli Freitas<\/figcaption><\/figure>\n<\/div>\n\n<div class=\"wp-block-image\">\n<figure class=\"aligncenter size-full\"><img loading=\"lazy\" decoding=\"async\" width=\"1920\" height=\"1280\" data-attachment-id=\"84010\" data-permalink=\"http:\/\/jornalrol.com.br\/?attachment_id=84010\" data-orig-file=\"http:\/\/jornalrol.com.br\/wp-content\/uploads\/2026\/09\/791419069_1401366045516322_4316796331767425194_n.webp\" data-orig-size=\"1920,1280\" data-comments-opened=\"1\" data-image-meta=\"{&quot;aperture&quot;:&quot;0&quot;,&quot;credit&quot;:&quot;&quot;,&quot;camera&quot;:&quot;&quot;,&quot;caption&quot;:&quot;&quot;,&quot;created_timestamp&quot;:&quot;0&quot;,&quot;copyright&quot;:&quot;&quot;,&quot;focal_length&quot;:&quot;0&quot;,&quot;iso&quot;:&quot;0&quot;,&quot;shutter_speed&quot;:&quot;0&quot;,&quot;title&quot;:&quot;&quot;,&quot;orientation&quot;:&quot;0&quot;,&quot;alt&quot;:&quot;&quot;}\" data-image-title=\"791419069_1401366045516322_4316796331767425194_n\" data-image-description=\"\" data-image-caption=\"\" data-large-file=\"http:\/\/jornalrol.com.br\/wp-content\/uploads\/2026\/09\/791419069_1401366045516322_4316796331767425194_n.webp\" src=\"https:\/\/jornalrol.com.br\/wp-content\/uploads\/2026\/09\/791419069_1401366045516322_4316796331767425194_n.webp\" alt=\"\" class=\"wp-image-84010\" srcset=\"http:\/\/jornalrol.com.br\/wp-content\/uploads\/2026\/09\/791419069_1401366045516322_4316796331767425194_n.webp 1920w, http:\/\/jornalrol.com.br\/wp-content\/uploads\/2026\/09\/791419069_1401366045516322_4316796331767425194_n-1200x800.webp 1200w, http:\/\/jornalrol.com.br\/wp-content\/uploads\/2026\/09\/791419069_1401366045516322_4316796331767425194_n-768x512.webp 768w, http:\/\/jornalrol.com.br\/wp-content\/uploads\/2026\/09\/791419069_1401366045516322_4316796331767425194_n-1536x1024.webp 1536w\" sizes=\"auto, (max-width: 1920px) 100vw, 1920px\" \/><figcaption class=\"wp-element-caption\"><em><a href=\"https:\/\/www.meta.ai\/share\/m\/0N31TCdwU0?utm_source=android_meta_ai_sl&amp;open_in_meta_ai=true\">https:\/\/www.meta.ai\/share\/m\/0N31TCdwU0?utm_source=android_meta_ai_sl&amp;open_in_meta_ai=true<\/a><\/em><\/figcaption><\/figure>\n<\/div>\n\n\n<p class=\"has-text-align-center wp-block-paragraph\">\u00d3, m\u00e3e de todas as m\u00e3es<br>(Natureza bendita e santa),<br>Clame aos ouvidos surdos<br>Que ferem sem piedade, que<br>Fa\u00e7am jus \u00e0s leis da integridade!<\/p>\n\n\n\n<p class=\"has-text-align-center wp-block-paragraph\">\u00d3, estrela majestosa<br>(Que ilumina e aquece).<br>Clame aos olhos cegos<br>Que abra\u00e7am a escurid\u00e3o,<br>Que se abram \u00e0 luz da gratid\u00e3o!<\/p>\n\n\n\n<p class=\"has-text-align-center wp-block-paragraph\">\u00d3, movimento que semeia<br>(Sabiamente em cada esta\u00e7\u00e3o),<br>Clame \u00e0s m\u00e3os que agridem<br>E provocam o medo, que<br>Recobrem a mem\u00f3ria da miss\u00e3o!<\/p>\n\n\n\n<p class=\"has-text-align-center wp-block-paragraph\">\u00d3, beleza mensageira<br>(Que flui imanente regando o tempo),<br>Clame ao exalar inconsequente<br>De a\u00e7\u00f5es contr\u00e1rias, que fa\u00e7a<br>Inquestion\u00e1vel a preserva\u00e7\u00e3o da vida!<\/p>\n\n\n\n<p class=\"has-text-align-center wp-block-paragraph\">\u00d3, prazer inigual\u00e1vel<br>(Que aben\u00e7oa o fruto),<br>Clame \u00e0 prolifera\u00e7\u00e3o do ego\u00edsmo<br>Que acumula sem piedade, que<br>Fa\u00e7a justi\u00e7a ao olhar necessitado!<\/p>\n\n\n\n<p class=\"has-text-align-center wp-block-paragraph\">\u00d3, bendita intui\u00e7\u00e3o<br>(Que consola os aflitos),<br>Clame \u00e0 falta de aten\u00e7\u00e3o<br>Que negligencia a dor, que<br>Fa\u00e7a ser ouvida a voz do cora\u00e7\u00e3o!<\/p>\n\n\n\n<h3 class=\"wp-block-heading has-text-align-center\"><br>Marli F Freitas<\/h3>\n\n\n\n<div class=\"wp-block-columns is-layout-flex wp-container-core-columns-is-layout-8f761849 wp-block-columns-is-layout-flex\">\n<div class=\"wp-block-column is-layout-flow wp-block-column-is-layout-flow\">\n<h3 class=\"wp-block-heading has-text-align-center has-blush-light-purple-gradient-background has-background\"><a href=\"https:\/\/www.facebook.com\/marli.firminadefreitaslima?locale=pt_BR\" target=\"_blank\" rel=\"noopener\">Facebook<\/a><\/h3>\n<\/div>\n\n\n\n<div class=\"wp-block-column is-layout-flow wp-block-column-is-layout-flow\">\n<h3 class=\"wp-block-heading has-text-align-center has-blush-light-purple-gradient-background has-background\"><a href=\"https:\/\/www.instagram.com\/marlifreitas79\">Instagram<\/a><\/h3>\n<\/div>\n<\/div>\n\n\n\n<p class=\"wp-block-paragraph\"><a href=\"https:\/\/jornalrol.com.br\/\">Voltar<\/a><\/p>\n\n\n\n<p class=\"wp-block-paragraph\"><a href=\"https:\/\/www.facebook.com\/JCulturalrol\/\">Facebook<\/a><\/p>\n\n\n\n<p class=\"wp-block-paragraph\"><\/p>\n","protected":false},"excerpt":{"rendered":"<p>Descubra &#8220;M\u00e3e de todas as m\u00e3es&#8221;, o sens\u00edvel poema de Marli F. Freitas que evoca a for\u00e7a da natureza e clama por gratid\u00e3o, integridade e justi\u00e7a no mundo.<\/p>\n","protected":false},"author":132,"featured_media":84010,"comment_status":"open","ping_status":"closed","sticky":false,"template":"","format":"standard","meta":{"_jetpack_newsletter_access":"","_jetpack_dont_email_post_to_subs":false,"_jetpack_newsletter_tier_id":0,"_jetpack_memberships_contains_paywalled_content":false,"_jetpack_memberships_contains_paid_content":false,"footnotes":""},"categories":[9285,58],"tags":[17210,18437,18440,18438,18439],"class_list":["post-84009","post","type-post","status-publish","format-standard","has-post-thumbnail","hentry","category-literatura","category-poesias","tag-literatura-contemporanea","tag-poesia-ecologica","tag-prece-lirica","tag-reflexao-humanitaria","tag-versos-de-conscientizacao"],"aioseo_notices":[],"aioseo_head":"\n\t\t<!-- All in One SEO 5.0.1.1 - aioseo.com -->\n\t<meta name=\"description\" content=\"Descubra &quot;M\u00e3e de todas as m\u00e3es&quot;, o sens\u00edvel poema de Marli F. Freitas que evoca a for\u00e7a da natureza e clama por gratid\u00e3o, integridade e justi\u00e7a no mundo.\" \/>\n\t<meta name=\"robots\" content=\"max-image-preview:large\" \/>\n\t<meta name=\"author\" content=\"Marli Firmina Freitas\"\/>\n\t<link rel=\"canonical\" href=\"http:\/\/jornalrol.com.br\/?p=84009\" \/>\n\t<meta name=\"generator\" content=\"All in One SEO (AIOSEO) 5.0.1.1\" \/>\n\t\t<meta property=\"og:locale\" content=\"pt_BR\" \/>\n\t\t<meta property=\"og:site_name\" content=\"Jornal Cultural Rol - Desde 1994 promovendo a cultura\" \/>\n\t\t<meta property=\"og:type\" content=\"article\" \/>\n\t\t<meta property=\"og:title\" content=\"\u2018M\u00e3e de todas as m\u00e3es\u2019: poema de Marli F. Freitas\" \/>\n\t\t<meta property=\"og:description\" content=\"Descubra &quot;M\u00e3e de todas as m\u00e3es&quot;, o sens\u00edvel poema de Marli F. Freitas que evoca a for\u00e7a da natureza e clama por gratid\u00e3o, integridade e justi\u00e7a no mundo.\" \/>\n\t\t<meta property=\"og:url\" content=\"http:\/\/jornalrol.com.br\/?p=84009\" \/>\n\t\t<meta property=\"og:image\" content=\"http:\/\/jornalrol.com.br\/wp-content\/uploads\/2023\/05\/JornalCulturalRol_150x173.png\" \/>\n\t\t<meta property=\"og:image:width\" content=\"150\" \/>\n\t\t<meta property=\"og:image:height\" content=\"174\" \/>\n\t\t<meta property=\"article:published_time\" content=\"2026-09-01T16:03:23+00:00\" \/>\n\t\t<meta property=\"article:modified_time\" content=\"2026-09-01T16:03:40+00:00\" \/>\n\t\t<meta property=\"article:publisher\" content=\"https:\/\/www.facebook.com\/JCulturalrol\" \/>\n\t\t<meta name=\"twitter:card\" content=\"summary_large_image\" \/>\n\t\t<meta name=\"twitter:title\" content=\"\u2018M\u00e3e de todas as m\u00e3es\u2019: poema de Marli F. Freitas\" \/>\n\t\t<meta name=\"twitter:description\" content=\"Descubra &quot;M\u00e3e de todas as m\u00e3es&quot;, o sens\u00edvel poema de Marli F. Freitas que evoca a for\u00e7a da natureza e clama por gratid\u00e3o, integridade e justi\u00e7a no mundo.\" \/>\n\t\t<meta name=\"twitter:image\" content=\"http:\/\/jornalrol.com.br\/wp-content\/uploads\/2023\/05\/JornalCulturalRol_150x173.png\" \/>\n\t\t<script type=\"application\/ld+json\" class=\"aioseo-schema\">\n\t\t\t{\"@context\":\"https:\\\/\\\/schema.org\",\"@graph\":[{\"@type\":\"BlogPosting\",\"@id\":\"http:\\\/\\\/jornalrol.com.br\\\/?p=84009#blogposting\",\"name\":\"\\u2018M\\u00e3e de todas as m\\u00e3es\\u2019: poema de Marli F. Freitas\",\"headline\":\"M\\u00e3e de todas as m\\u00e3es\",\"author\":{\"@id\":\"http:\\\/\\\/jornalrol.com.br\\\/?author=132#author\"},\"publisher\":{\"@id\":\"http:\\\/\\\/jornalrol.com.br\\\/#organization\"},\"image\":{\"@type\":\"ImageObject\",\"url\":\"http:\\\/\\\/jornalrol.com.br\\\/wp-content\\\/uploads\\\/2026\\\/09\\\/791419069_1401366045516322_4316796331767425194_n.webp\",\"width\":1920,\"height\":1280,\"caption\":\"Pintura digital de estilo mitol\\u00f3gico representando a M\\u00e3e Natureza como uma divindade feminina monumental integrada \\u00e0 paisagem de vales verdejantes e campos cultivados. Ela tem cabelos longos adornados com folhas e videiras, usa uma coroa de flores e plantas, e pequenas cachoeiras de \\u00e1gua fluem de seus bra\\u00e7os abertos enquanto ela semeia gr\\u00e3os dourados sobre a terra. Acima de sua cabe\\u00e7a, no c\\u00e9u claro, brilha uma grande estrela majestosa de cinco pontas envolta em raios de luz dourada.\"},\"datePublished\":\"2026-09-01T13:03:23-03:00\",\"dateModified\":\"2026-09-01T13:03:40-03:00\",\"inLanguage\":\"pt-BR\",\"commentCount\":1,\"mainEntityOfPage\":{\"@id\":\"http:\\\/\\\/jornalrol.com.br\\\/?p=84009#webpage\"},\"isPartOf\":{\"@id\":\"http:\\\/\\\/jornalrol.com.br\\\/?p=84009#webpage\"},\"articleSection\":\"Literatura, Poesia, Literatura contempor\\u00e2nea, poesia ecol\\u00f3gica, prece l\\u00edrica, reflex\\u00e3o humanit\\u00e1ria, versos de conscientiza\\u00e7\\u00e3o\"},{\"@type\":\"BreadcrumbList\",\"@id\":\"http:\\\/\\\/jornalrol.com.br\\\/?p=84009#breadcrumblist\",\"itemListElement\":[{\"@type\":\"ListItem\",\"@id\":\"http:\\\/\\\/jornalrol.com.br#listItem\",\"position\":1,\"name\":\"In\\u00edcio\",\"item\":\"http:\\\/\\\/jornalrol.com.br\",\"nextItem\":{\"@type\":\"ListItem\",\"@id\":\"http:\\\/\\\/jornalrol.com.br\\\/?cat=9285#listItem\",\"name\":\"Literatura\"}},{\"@type\":\"ListItem\",\"@id\":\"http:\\\/\\\/jornalrol.com.br\\\/?cat=9285#listItem\",\"position\":2,\"name\":\"Literatura\",\"item\":\"http:\\\/\\\/jornalrol.com.br\\\/?cat=9285\",\"nextItem\":{\"@type\":\"ListItem\",\"@id\":\"http:\\\/\\\/jornalrol.com.br\\\/?cat=58#listItem\",\"name\":\"Poesia\"},\"previousItem\":{\"@type\":\"ListItem\",\"@id\":\"http:\\\/\\\/jornalrol.com.br#listItem\",\"name\":\"In\\u00edcio\"}},{\"@type\":\"ListItem\",\"@id\":\"http:\\\/\\\/jornalrol.com.br\\\/?cat=58#listItem\",\"position\":3,\"name\":\"Poesia\",\"item\":\"http:\\\/\\\/jornalrol.com.br\\\/?cat=58\",\"nextItem\":{\"@type\":\"ListItem\",\"@id\":\"http:\\\/\\\/jornalrol.com.br\\\/?p=84009#listItem\",\"name\":\"M\\u00e3e de todas as m\\u00e3es\"},\"previousItem\":{\"@type\":\"ListItem\",\"@id\":\"http:\\\/\\\/jornalrol.com.br\\\/?cat=9285#listItem\",\"name\":\"Literatura\"}},{\"@type\":\"ListItem\",\"@id\":\"http:\\\/\\\/jornalrol.com.br\\\/?p=84009#listItem\",\"position\":4,\"name\":\"M\\u00e3e de todas as m\\u00e3es\",\"previousItem\":{\"@type\":\"ListItem\",\"@id\":\"http:\\\/\\\/jornalrol.com.br\\\/?cat=58#listItem\",\"name\":\"Poesia\"}}]},{\"@type\":\"Organization\",\"@id\":\"http:\\\/\\\/jornalrol.com.br\\\/#organization\",\"name\":\"Jornal Cultural ROL\",\"description\":\"Desde 1994 promovendo a cultura\",\"url\":\"http:\\\/\\\/jornalrol.com.br\\\/\",\"telephone\":\"+5515996165768\",\"logo\":{\"@type\":\"ImageObject\",\"url\":\"http:\\\/\\\/jornalrol.com.br\\\/wp-content\\\/uploads\\\/2023\\\/05\\\/rol.png\",\"@id\":\"http:\\\/\\\/jornalrol.com.br\\\/?p=84009\\\/#organizationLogo\",\"width\":300,\"height\":122,\"caption\":\"Jornal Rol\"},\"image\":{\"@id\":\"http:\\\/\\\/jornalrol.com.br\\\/?p=84009\\\/#organizationLogo\"},\"sameAs\":[\"https:\\\/\\\/www.facebook.com\\\/JCulturalrol\",\"https:\\\/\\\/www.instagram.com\\\/jornalculturalrol\\\/\"]},{\"@type\":\"Person\",\"@id\":\"http:\\\/\\\/jornalrol.com.br\\\/?author=132#author\",\"url\":\"http:\\\/\\\/jornalrol.com.br\\\/?author=132\",\"name\":\"Marli Firmina Freitas\",\"image\":{\"@type\":\"ImageObject\",\"@id\":\"http:\\\/\\\/jornalrol.com.br\\\/?p=84009#authorImage\",\"url\":\"http:\\\/\\\/jornalrol.com.br\\\/wp-content\\\/uploads\\\/2026\\\/01\\\/52eb81ed-e713-44d4-aab4-f12c4c39cdc6-600x600.jpg\",\"width\":96,\"height\":96,\"caption\":\"Marli Firmina Freitas\"}},{\"@type\":\"WebPage\",\"@id\":\"http:\\\/\\\/jornalrol.com.br\\\/?p=84009#webpage\",\"url\":\"http:\\\/\\\/jornalrol.com.br\\\/?p=84009\",\"name\":\"\\u2018M\\u00e3e de todas as m\\u00e3es\\u2019: poema de Marli F. Freitas\",\"description\":\"Descubra \\\"M\\u00e3e de todas as m\\u00e3es\\\", o sens\\u00edvel poema de Marli F. Freitas que evoca a for\\u00e7a da natureza e clama por gratid\\u00e3o, integridade e justi\\u00e7a no mundo.\",\"inLanguage\":\"pt-BR\",\"isPartOf\":{\"@id\":\"http:\\\/\\\/jornalrol.com.br\\\/#website\"},\"breadcrumb\":{\"@id\":\"http:\\\/\\\/jornalrol.com.br\\\/?p=84009#breadcrumblist\"},\"author\":{\"@id\":\"http:\\\/\\\/jornalrol.com.br\\\/?author=132#author\"},\"creator\":{\"@id\":\"http:\\\/\\\/jornalrol.com.br\\\/?author=132#author\"},\"image\":{\"@type\":\"ImageObject\",\"url\":\"http:\\\/\\\/jornalrol.com.br\\\/wp-content\\\/uploads\\\/2026\\\/09\\\/791419069_1401366045516322_4316796331767425194_n.webp\",\"@id\":\"http:\\\/\\\/jornalrol.com.br\\\/?p=84009\\\/#mainImage\",\"width\":1920,\"height\":1280,\"caption\":\"Pintura digital de estilo mitol\\u00f3gico representando a M\\u00e3e Natureza como uma divindade feminina monumental integrada \\u00e0 paisagem de vales verdejantes e campos cultivados. Ela tem cabelos longos adornados com folhas e videiras, usa uma coroa de flores e plantas, e pequenas cachoeiras de \\u00e1gua fluem de seus bra\\u00e7os abertos enquanto ela semeia gr\\u00e3os dourados sobre a terra. Acima de sua cabe\\u00e7a, no c\\u00e9u claro, brilha uma grande estrela majestosa de cinco pontas envolta em raios de luz dourada.\"},\"primaryImageOfPage\":{\"@id\":\"http:\\\/\\\/jornalrol.com.br\\\/?p=84009#mainImage\"},\"datePublished\":\"2026-09-01T13:03:23-03:00\",\"dateModified\":\"2026-09-01T13:03:40-03:00\"},{\"@type\":\"WebSite\",\"@id\":\"http:\\\/\\\/jornalrol.com.br\\\/#website\",\"url\":\"http:\\\/\\\/jornalrol.com.br\\\/\",\"name\":\"Jornal Cultural ROL\",\"description\":\"Desde 1994 promovendo a cultura\",\"inLanguage\":\"pt-BR\",\"publisher\":{\"@id\":\"http:\\\/\\\/jornalrol.com.br\\\/#organization\"}}]}\n\t\t<\/script>\n\t\t<!-- All in One SEO -->\n\n","aioseo_head_json":{"title":"\u2018M\u00e3e de todas as m\u00e3es\u2019: poema de Marli F. Freitas","description":"Descubra \"M\u00e3e de todas as m\u00e3es\", o sens\u00edvel poema de Marli F. Freitas que evoca a for\u00e7a da natureza e clama por gratid\u00e3o, integridade e justi\u00e7a no mundo.","canonical_url":"http:\/\/jornalrol.com.br\/?p=84009","robots":"max-image-preview:large","keywords":"","webmasterTools":{"miscellaneous":""},"schema":{"@context":"https:\/\/schema.org","@graph":[{"@type":"BlogPosting","@id":"http:\/\/jornalrol.com.br\/?p=84009#blogposting","name":"\u2018M\u00e3e de todas as m\u00e3es\u2019: poema de Marli F. Freitas","headline":"M\u00e3e de todas as m\u00e3es","author":{"@id":"http:\/\/jornalrol.com.br\/?author=132#author"},"publisher":{"@id":"http:\/\/jornalrol.com.br\/#organization"},"image":{"@type":"ImageObject","url":"http:\/\/jornalrol.com.br\/wp-content\/uploads\/2026\/09\/791419069_1401366045516322_4316796331767425194_n.webp","width":1920,"height":1280,"caption":"Pintura digital de estilo mitol\u00f3gico representando a M\u00e3e Natureza como uma divindade feminina monumental integrada \u00e0 paisagem de vales verdejantes e campos cultivados. Ela tem cabelos longos adornados com folhas e videiras, usa uma coroa de flores e plantas, e pequenas cachoeiras de \u00e1gua fluem de seus bra\u00e7os abertos enquanto ela semeia gr\u00e3os dourados sobre a terra. Acima de sua cabe\u00e7a, no c\u00e9u claro, brilha uma grande estrela majestosa de cinco pontas envolta em raios de luz dourada."},"datePublished":"2026-09-01T13:03:23-03:00","dateModified":"2026-09-01T13:03:40-03:00","inLanguage":"pt-BR","commentCount":1,"mainEntityOfPage":{"@id":"http:\/\/jornalrol.com.br\/?p=84009#webpage"},"isPartOf":{"@id":"http:\/\/jornalrol.com.br\/?p=84009#webpage"},"articleSection":"Literatura, Poesia, Literatura contempor\u00e2nea, poesia ecol\u00f3gica, prece l\u00edrica, reflex\u00e3o humanit\u00e1ria, versos de conscientiza\u00e7\u00e3o"},{"@type":"BreadcrumbList","@id":"http:\/\/jornalrol.com.br\/?p=84009#breadcrumblist","itemListElement":[{"@type":"ListItem","@id":"http:\/\/jornalrol.com.br#listItem","position":1,"name":"In\u00edcio","item":"http:\/\/jornalrol.com.br","nextItem":{"@type":"ListItem","@id":"http:\/\/jornalrol.com.br\/?cat=9285#listItem","name":"Literatura"}},{"@type":"ListItem","@id":"http:\/\/jornalrol.com.br\/?cat=9285#listItem","position":2,"name":"Literatura","item":"http:\/\/jornalrol.com.br\/?cat=9285","nextItem":{"@type":"ListItem","@id":"http:\/\/jornalrol.com.br\/?cat=58#listItem","name":"Poesia"},"previousItem":{"@type":"ListItem","@id":"http:\/\/jornalrol.com.br#listItem","name":"In\u00edcio"}},{"@type":"ListItem","@id":"http:\/\/jornalrol.com.br\/?cat=58#listItem","position":3,"name":"Poesia","item":"http:\/\/jornalrol.com.br\/?cat=58","nextItem":{"@type":"ListItem","@id":"http:\/\/jornalrol.com.br\/?p=84009#listItem","name":"M\u00e3e de todas as m\u00e3es"},"previousItem":{"@type":"ListItem","@id":"http:\/\/jornalrol.com.br\/?cat=9285#listItem","name":"Literatura"}},{"@type":"ListItem","@id":"http:\/\/jornalrol.com.br\/?p=84009#listItem","position":4,"name":"M\u00e3e de todas as m\u00e3es","previousItem":{"@type":"ListItem","@id":"http:\/\/jornalrol.com.br\/?cat=58#listItem","name":"Poesia"}}]},{"@type":"Organization","@id":"http:\/\/jornalrol.com.br\/#organization","name":"Jornal Cultural ROL","description":"Desde 1994 promovendo a cultura","url":"http:\/\/jornalrol.com.br\/","telephone":"+5515996165768","logo":{"@type":"ImageObject","url":"http:\/\/jornalrol.com.br\/wp-content\/uploads\/2023\/05\/rol.png","@id":"http:\/\/jornalrol.com.br\/?p=84009\/#organizationLogo","width":300,"height":122,"caption":"Jornal Rol"},"image":{"@id":"http:\/\/jornalrol.com.br\/?p=84009\/#organizationLogo"},"sameAs":["https:\/\/www.facebook.com\/JCulturalrol","https:\/\/www.instagram.com\/jornalculturalrol\/"]},{"@type":"Person","@id":"http:\/\/jornalrol.com.br\/?author=132#author","url":"http:\/\/jornalrol.com.br\/?author=132","name":"Marli Firmina Freitas","image":{"@type":"ImageObject","@id":"http:\/\/jornalrol.com.br\/?p=84009#authorImage","url":"http:\/\/jornalrol.com.br\/wp-content\/uploads\/2026\/01\/52eb81ed-e713-44d4-aab4-f12c4c39cdc6-600x600.jpg","width":96,"height":96,"caption":"Marli Firmina Freitas"}},{"@type":"WebPage","@id":"http:\/\/jornalrol.com.br\/?p=84009#webpage","url":"http:\/\/jornalrol.com.br\/?p=84009","name":"\u2018M\u00e3e de todas as m\u00e3es\u2019: poema de Marli F. Freitas","description":"Descubra \"M\u00e3e de todas as m\u00e3es\", o sens\u00edvel poema de Marli F. Freitas que evoca a for\u00e7a da natureza e clama por gratid\u00e3o, integridade e justi\u00e7a no mundo.","inLanguage":"pt-BR","isPartOf":{"@id":"http:\/\/jornalrol.com.br\/#website"},"breadcrumb":{"@id":"http:\/\/jornalrol.com.br\/?p=84009#breadcrumblist"},"author":{"@id":"http:\/\/jornalrol.com.br\/?author=132#author"},"creator":{"@id":"http:\/\/jornalrol.com.br\/?author=132#author"},"image":{"@type":"ImageObject","url":"http:\/\/jornalrol.com.br\/wp-content\/uploads\/2026\/09\/791419069_1401366045516322_4316796331767425194_n.webp","@id":"http:\/\/jornalrol.com.br\/?p=84009\/#mainImage","width":1920,"height":1280,"caption":"Pintura digital de estilo mitol\u00f3gico representando a M\u00e3e Natureza como uma divindade feminina monumental integrada \u00e0 paisagem de vales verdejantes e campos cultivados. Ela tem cabelos longos adornados com folhas e videiras, usa uma coroa de flores e plantas, e pequenas cachoeiras de \u00e1gua fluem de seus bra\u00e7os abertos enquanto ela semeia gr\u00e3os dourados sobre a terra. Acima de sua cabe\u00e7a, no c\u00e9u claro, brilha uma grande estrela majestosa de cinco pontas envolta em raios de luz dourada."},"primaryImageOfPage":{"@id":"http:\/\/jornalrol.com.br\/?p=84009#mainImage"},"datePublished":"2026-09-01T13:03:23-03:00","dateModified":"2026-09-01T13:03:40-03:00"},{"@type":"WebSite","@id":"http:\/\/jornalrol.com.br\/#website","url":"http:\/\/jornalrol.com.br\/","name":"Jornal Cultural ROL","description":"Desde 1994 promovendo a cultura","inLanguage":"pt-BR","publisher":{"@id":"http:\/\/jornalrol.com.br\/#organization"}}]},"og:locale":"pt_BR","og:site_name":"Jornal Cultural Rol - Desde 1994 promovendo a cultura","og:type":"article","og:title":"\u2018M\u00e3e de todas as m\u00e3es\u2019: poema de Marli F. Freitas","og:description":"Descubra &quot;M\u00e3e de todas as m\u00e3es&quot;, o sens\u00edvel poema de Marli F. Freitas que evoca a for\u00e7a da natureza e clama por gratid\u00e3o, integridade e justi\u00e7a no mundo.","og:url":"http:\/\/jornalrol.com.br\/?p=84009","og:image":"http:\/\/jornalrol.com.br\/wp-content\/uploads\/2023\/05\/JornalCulturalRol_150x173.png","og:image:width":150,"og:image:height":174,"article:published_time":"2026-09-01T16:03:23+00:00","article:modified_time":"2026-09-01T16:03:40+00:00","article:publisher":"https:\/\/www.facebook.com\/JCulturalrol","twitter:card":"summary_large_image","twitter:title":"\u2018M\u00e3e de todas as m\u00e3es\u2019: poema de Marli F. Freitas","twitter:description":"Descubra &quot;M\u00e3e de todas as m\u00e3es&quot;, o sens\u00edvel poema de Marli F. Freitas que evoca a for\u00e7a da natureza e clama por gratid\u00e3o, integridade e justi\u00e7a no mundo.","twitter:image":"http:\/\/jornalrol.com.br\/wp-content\/uploads\/2023\/05\/JornalCulturalRol_150x173.png"},"aioseo_meta_data":{"post_id":"84009","title":"\u2018M\u00e3e de todas as m\u00e3es\u2019: poema de Marli F. Freitas","description":null,"keywords":null,"keyphrases":{"focus":{"keyphrase":"","score":0,"analysis":{"keyphraseInTitle":{"score":0,"maxScore":9,"error":1}}},"additional":[]},"primary_term":null,"canonical_url":null,"og_title":null,"og_description":null,"og_object_type":"default","og_image_type":"default","og_image_url":null,"og_image_width":null,"og_image_height":null,"og_image_custom_url":null,"og_image_custom_fields":null,"og_video":"","og_custom_url":null,"og_article_section":null,"og_article_tags":null,"twitter_use_og":false,"twitter_card":"default","twitter_image_type":"default","twitter_image_url":null,"twitter_image_custom_url":null,"twitter_image_custom_fields":null,"twitter_title":null,"twitter_description":null,"schema":{"blockGraphs":[],"customGraphs":[],"default":{"data":{"Article":[],"Course":[],"Dataset":[],"FAQPage":[],"Movie":[],"Person":[],"Product":[],"ProductReview":[],"Car":[],"Recipe":[],"Service":[],"SoftwareApplication":[],"WebPage":[]},"graphName":"BlogPosting","isEnabled":true},"graphs":[]},"schema_type":"default","schema_type_options":null,"pillar_content":false,"robots_default":true,"robots_noindex":false,"robots_noarchive":false,"robots_nosnippet":false,"robots_nofollow":false,"robots_noimageindex":false,"robots_noodp":false,"robots_notranslate":false,"robots_max_snippet":"-1","robots_max_videopreview":"-1","robots_max_imagepreview":"large","priority":null,"frequency":"default","local_seo":null,"breadcrumb_settings":null,"limit_modified_date":false,"ai":{"faqs":[],"keyPoints":[],"schemas":[],"titles":[],"descriptions":[],"socialPosts":{"email":{"subject":"","preview":"","content":""},"linkedin":[],"twitter":[],"facebook":[],"instagram":[]}},"created":"2026-09-01 15:52:05","updated":"2026-09-01 16:53:32","seo_analyzer_scan_date":null,"focus_keyword":null,"additional_keywords":null,"truseo_locale":null},"aioseo_breadcrumb":"<div class=\"aioseo-breadcrumbs\"><span class=\"aioseo-breadcrumb\">\n\t\t\t<a href=\"http:\/\/jornalrol.com.br\" title=\"In\u00edcio\">In\u00edcio<\/a>\n\t\t<\/span><span class=\"aioseo-breadcrumb-separator\">&raquo;<\/span><span class=\"aioseo-breadcrumb\">\n\t\t\t<a href=\"http:\/\/jornalrol.com.br\/?cat=9285\" title=\"Literatura\">Literatura<\/a>\n\t\t<\/span><span class=\"aioseo-breadcrumb-separator\">&raquo;<\/span><span class=\"aioseo-breadcrumb\">\n\t\t\t<a href=\"http:\/\/jornalrol.com.br\/?cat=58\" title=\"Poesia\">Poesia<\/a>\n\t\t<\/span><span class=\"aioseo-breadcrumb-separator\">&raquo;<\/span><span class=\"aioseo-breadcrumb\">\n\t\t\tM\u00e3e de todas as m\u00e3es\n\t\t<\/span><\/div>","aioseo_breadcrumb_json":[{"label":"In\u00edcio","link":"http:\/\/jornalrol.com.br"},{"label":"Literatura","link":"http:\/\/jornalrol.com.br\/?cat=9285"},{"label":"Poesia","link":"http:\/\/jornalrol.com.br\/?cat=58"},{"label":"M\u00e3e de todas as m\u00e3es","link":"http:\/\/jornalrol.com.br\/?p=84009"}],"views":108,"jetpack_sharing_enabled":true,"jetpack_likes_enabled":true,"jetpack-related-posts":[{"id":83490,"url":"http:\/\/jornalrol.com.br\/?p=83490","url_meta":{"origin":84009,"position":0},"title":"Di\u00e1rio de poeta","author":"Marli Firmina Freitas","date":"18 de agosto de 2026","format":false,"excerpt":"Abra as p\u00e1ginas de 'Di\u00e1rio de poeta', a nova obra po\u00e9tica de Marli F. Freitas. Uma leitura \u00edntima e profunda no Jornal Cultural ROL. Leia agora.","rel":"","context":"Em &quot;Literatura&quot;","block_context":{"text":"Literatura","link":"http:\/\/jornalrol.com.br\/?cat=9285"},"img":{"alt_text":"Ilustra\u00e7\u00e3o em estilo aquarela retratando uma cena buc\u00f3lica ao p\u00f4r do sol em um vilarejo rural. Em primeiro plano, \u00e0 esquerda, sob a copa de uma grande mangueira carregada de frutos, uma av\u00f3 idosa usando len\u00e7o na cabe\u00e7a e vestido azul balan\u00e7a sorridente ao lado de sua neta, uma garotinha de vestido amarelo. Na rua de terra ao centro, crian\u00e7as brincam livremente, jogando bola e andando de bicicleta. Pipas coloridas cortam o c\u00e9u em tons past\u00e9is perto de uma lua crescente. \u00c0 direita, um senhor de chap\u00e9u de palha descansa na cal\u00e7ada de uma casa simples de telhas, acariciando um cachorro.","src":"https:\/\/i0.wp.com\/jornalrol.com.br\/wp-content\/uploads\/2026\/08\/013c324c-659c-4749-a142-65f41502b9c7.jpg?resize=350%2C200","width":350,"height":200,"srcset":"https:\/\/i0.wp.com\/jornalrol.com.br\/wp-content\/uploads\/2026\/08\/013c324c-659c-4749-a142-65f41502b9c7.jpg?resize=350%2C200 1x, https:\/\/i0.wp.com\/jornalrol.com.br\/wp-content\/uploads\/2026\/08\/013c324c-659c-4749-a142-65f41502b9c7.jpg?resize=525%2C300 1.5x, https:\/\/i0.wp.com\/jornalrol.com.br\/wp-content\/uploads\/2026\/08\/013c324c-659c-4749-a142-65f41502b9c7.jpg?resize=700%2C400 2x, https:\/\/i0.wp.com\/jornalrol.com.br\/wp-content\/uploads\/2026\/08\/013c324c-659c-4749-a142-65f41502b9c7.jpg?resize=1050%2C600 3x, https:\/\/i0.wp.com\/jornalrol.com.br\/wp-content\/uploads\/2026\/08\/013c324c-659c-4749-a142-65f41502b9c7.jpg?resize=1400%2C800 4x"},"classes":[]},{"id":83285,"url":"http:\/\/jornalrol.com.br\/?p=83285","url_meta":{"origin":84009,"position":1},"title":"Onde o cora\u00e7\u00e3o se aquieta","author":"Marli Firmina Freitas","date":"11 de agosto de 2026","format":false,"excerpt":"Um lugar calmo onde a natureza desperta poesias, o tempo passa com cantos de p\u00e1ssaros, dores somem e a inf\u00e2ncia floresce em pura beleza e paz.","rel":"","context":"Em &quot;Literatura&quot;","block_context":{"text":"Literatura","link":"http:\/\/jornalrol.com.br\/?cat=9285"},"img":{"alt_text":"Pintura digital de uma paisagem rural ao p\u00f4r do sol. Uma menina corre alegre perto de um rio, cercada por flores e \u00e1rvores. No c\u00e9u dourado, gar\u00e7as voam perto de colinas, enquanto uma coruja observa de um galho. Na outra margem, vacas pastam perto de uma casa simples e uma pequena igreja aparece ao fundo, criando um cen\u00e1rio de paz.","src":"https:\/\/i0.wp.com\/jornalrol.com.br\/wp-content\/uploads\/2026\/08\/2de01464-acfe-4047-aca0-1903eb723fa7.jpg?resize=350%2C200","width":350,"height":200,"srcset":"https:\/\/i0.wp.com\/jornalrol.com.br\/wp-content\/uploads\/2026\/08\/2de01464-acfe-4047-aca0-1903eb723fa7.jpg?resize=350%2C200 1x, https:\/\/i0.wp.com\/jornalrol.com.br\/wp-content\/uploads\/2026\/08\/2de01464-acfe-4047-aca0-1903eb723fa7.jpg?resize=525%2C300 1.5x, https:\/\/i0.wp.com\/jornalrol.com.br\/wp-content\/uploads\/2026\/08\/2de01464-acfe-4047-aca0-1903eb723fa7.jpg?resize=700%2C400 2x, https:\/\/i0.wp.com\/jornalrol.com.br\/wp-content\/uploads\/2026\/08\/2de01464-acfe-4047-aca0-1903eb723fa7.jpg?resize=1050%2C600 3x, https:\/\/i0.wp.com\/jornalrol.com.br\/wp-content\/uploads\/2026\/08\/2de01464-acfe-4047-aca0-1903eb723fa7.jpg?resize=1400%2C800 4x"},"classes":[]},{"id":83705,"url":"http:\/\/jornalrol.com.br\/?p=83705","url_meta":{"origin":84009,"position":2},"title":"Choram as minhas utopias","author":"Marli Firmina Freitas","date":"25 de agosto de 2026","format":false,"excerpt":"Emocione-se com 'Choram as minhas utopias', o novo poema de Marli F. Freitas no Jornal ROL. Uma sens\u00edvel reflex\u00e3o sobre a vida e a for\u00e7a de esperan\u00e7ar.","rel":"","context":"Em &quot;Literatura&quot;","block_context":{"text":"Literatura","link":"http:\/\/jornalrol.com.br\/?cat=9285"},"img":{"alt_text":"https:\/\/chatgpt.com\/s\/m_6a8dae4d09bc81918cce26e9fba63fdc","src":"https:\/\/i0.wp.com\/jornalrol.com.br\/wp-content\/uploads\/2026\/08\/dcc4bc04-3bc1-4d8e-a664-7236d4727497.jpg?resize=350%2C200","width":350,"height":200,"srcset":"https:\/\/i0.wp.com\/jornalrol.com.br\/wp-content\/uploads\/2026\/08\/dcc4bc04-3bc1-4d8e-a664-7236d4727497.jpg?resize=350%2C200 1x, https:\/\/i0.wp.com\/jornalrol.com.br\/wp-content\/uploads\/2026\/08\/dcc4bc04-3bc1-4d8e-a664-7236d4727497.jpg?resize=525%2C300 1.5x, https:\/\/i0.wp.com\/jornalrol.com.br\/wp-content\/uploads\/2026\/08\/dcc4bc04-3bc1-4d8e-a664-7236d4727497.jpg?resize=700%2C400 2x, https:\/\/i0.wp.com\/jornalrol.com.br\/wp-content\/uploads\/2026\/08\/dcc4bc04-3bc1-4d8e-a664-7236d4727497.jpg?resize=1050%2C600 3x, https:\/\/i0.wp.com\/jornalrol.com.br\/wp-content\/uploads\/2026\/08\/dcc4bc04-3bc1-4d8e-a664-7236d4727497.jpg?resize=1400%2C800 4x"},"classes":[]},{"id":80578,"url":"http:\/\/jornalrol.com.br\/?p=80578","url_meta":{"origin":84009,"position":3},"title":"M\u00e3e do cora\u00e7\u00e3o","author":"Marli Firmina Freitas","date":"5 de maio de 2026","format":false,"excerpt":"Hoje, como em tantos outros dias, me pego pensando: \u2018Deus \u00e9 bom, eu sou grata\u2019. Basta abrir a primeira janela do nosso tempo, Marli m\u00e3e e Marli filha.","rel":"","context":"Em &quot;Cr\u00f4nicas&quot;","block_context":{"text":"Cr\u00f4nicas","link":"http:\/\/jornalrol.com.br\/?cat=9392"},"img":{"alt_text":"A autora e a m\u00e3e 'do cora\u00e7\u00e3o', dona Marli Fernandes Grossi","src":"https:\/\/i0.wp.com\/jornalrol.com.br\/wp-content\/uploads\/2026\/05\/3ac990a4-70b9-46e7-bd8d-5c5d86b7d1a6.jpg?resize=350%2C200","width":350,"height":200,"srcset":"https:\/\/i0.wp.com\/jornalrol.com.br\/wp-content\/uploads\/2026\/05\/3ac990a4-70b9-46e7-bd8d-5c5d86b7d1a6.jpg?resize=350%2C200 1x, https:\/\/i0.wp.com\/jornalrol.com.br\/wp-content\/uploads\/2026\/05\/3ac990a4-70b9-46e7-bd8d-5c5d86b7d1a6.jpg?resize=525%2C300 1.5x, https:\/\/i0.wp.com\/jornalrol.com.br\/wp-content\/uploads\/2026\/05\/3ac990a4-70b9-46e7-bd8d-5c5d86b7d1a6.jpg?resize=700%2C400 2x"},"classes":[]},{"id":83097,"url":"http:\/\/jornalrol.com.br\/?p=83097","url_meta":{"origin":84009,"position":4},"title":"Pal\u00e1cio dos inocentes","author":"Marli Firmina Freitas","date":"4 de agosto de 2026","format":false,"excerpt":"Texto po\u00e9tico exalta a natureza, o amor e a f\u00e9 na terra natal. Celebra as mem\u00f3rias de inf\u00e2ncia, a brisa e a gratid\u00e3o pela vida com profunda paz no cora\u00e7\u00e3o.","rel":"","context":"Em &quot;Literatura&quot;","block_context":{"text":"Literatura","link":"http:\/\/jornalrol.com.br\/?cat=9285"},"img":{"alt_text":"Arte digital em estilo po\u00e9tico. \u00c0 esquerda, sobre um fundo claro e transl\u00facido, est\u00e1 o poema \"PAL\u00c1CIO DOS INOCENTES\", de Marli F. Freitas, em letras pretas, ocupando aproximadamente metade da imagem. \u00c0 direita, uma paisagem id\u00edlica ao p\u00f4r do sol mostra um amplo vale verde atravessado por um rio de \u00e1guas calmas. Ao centro, ergue-se um majestoso pal\u00e1cio branco aos p\u00e9s de uma imponente montanha iluminada pela luz dourada. No c\u00e9u, quatro gar\u00e7as voam em forma\u00e7\u00e3o, enquanto, em primeiro plano, dois p\u00e1ssaros pousam em galhos. \u00c0 margem do rio, uma menina de vestido florido, vista de costas, contempla a paisagem. Ao seu lado est\u00e3o um chap\u00e9u de palha com fita rosa e um caderno aberto onde se l\u00ea a palavra \"gratid\u00e3o\". \u00c0 direita, uma pequena casa de campo cercada por \u00e1rvores floridas completa a cena. A composi\u00e7\u00e3o transmite serenidade, inoc\u00eancia, nostalgia e profunda conex\u00e3o com a natureza, harmonizando-se com a tem\u00e1tica contemplativa do poema.","src":"https:\/\/i0.wp.com\/jornalrol.com.br\/wp-content\/uploads\/2026\/08\/a29ced13-2f05-44a1-a983-0e853d4e2093.jpg?resize=350%2C200","width":350,"height":200,"srcset":"https:\/\/i0.wp.com\/jornalrol.com.br\/wp-content\/uploads\/2026\/08\/a29ced13-2f05-44a1-a983-0e853d4e2093.jpg?resize=350%2C200 1x, https:\/\/i0.wp.com\/jornalrol.com.br\/wp-content\/uploads\/2026\/08\/a29ced13-2f05-44a1-a983-0e853d4e2093.jpg?resize=525%2C300 1.5x, https:\/\/i0.wp.com\/jornalrol.com.br\/wp-content\/uploads\/2026\/08\/a29ced13-2f05-44a1-a983-0e853d4e2093.jpg?resize=700%2C400 2x, https:\/\/i0.wp.com\/jornalrol.com.br\/wp-content\/uploads\/2026\/08\/a29ced13-2f05-44a1-a983-0e853d4e2093.jpg?resize=1050%2C600 3x, https:\/\/i0.wp.com\/jornalrol.com.br\/wp-content\/uploads\/2026\/08\/a29ced13-2f05-44a1-a983-0e853d4e2093.jpg?resize=1400%2C800 4x"},"classes":[]},{"id":79472,"url":"http:\/\/jornalrol.com.br\/?p=79472","url_meta":{"origin":84009,"position":5},"title":"Olhos D\u2019Alma &#8211; Tomaste-me Para Al\u00e9m das Eras","author":"Sergio Diniz da Costa","date":"24 de mar\u00e7o de 2026","format":false,"excerpt":"Olhos D'Alma - Tomaste-me Para Al\u00e9m das Eras \u00e9 o sexto livro da escritora e poeta Marli F. Freitas, uma obra que convida o leitor a enxergar para al\u00e9m das...","rel":"","context":"Em &quot;lan\u00e7amentos&quot;","block_context":{"text":"lan\u00e7amentos","link":"http:\/\/jornalrol.com.br\/?cat=9462"},"img":{"alt_text":"Capa do livro Olhos D\u2019Alma \u2013 Tomaste-me Para Al\u00e9m Das Eras, de Marli Freitas","src":"https:\/\/i0.wp.com\/jornalrol.com.br\/wp-content\/uploads\/2026\/03\/1c6ce837-e700-4eed-bba1-abaaab33c837.jpg?resize=350%2C200","width":350,"height":200,"srcset":"https:\/\/i0.wp.com\/jornalrol.com.br\/wp-content\/uploads\/2026\/03\/1c6ce837-e700-4eed-bba1-abaaab33c837.jpg?resize=350%2C200 1x, https:\/\/i0.wp.com\/jornalrol.com.br\/wp-content\/uploads\/2026\/03\/1c6ce837-e700-4eed-bba1-abaaab33c837.jpg?resize=525%2C300 1.5x, https:\/\/i0.wp.com\/jornalrol.com.br\/wp-content\/uploads\/2026\/03\/1c6ce837-e700-4eed-bba1-abaaab33c837.jpg?resize=700%2C400 2x"},"classes":[]}],"jetpack_featured_media_url":"http:\/\/jornalrol.com.br\/wp-content\/uploads\/2026\/09\/791419069_1401366045516322_4316796331767425194_n.webp","_links":{"self":[{"href":"http:\/\/jornalrol.com.br\/index.php?rest_route=\/wp\/v2\/posts\/84009","targetHints":{"allow":["GET"]}}],"collection":[{"href":"http:\/\/jornalrol.com.br\/index.php?rest_route=\/wp\/v2\/posts"}],"about":[{"href":"http:\/\/jornalrol.com.br\/index.php?rest_route=\/wp\/v2\/types\/post"}],"author":[{"embeddable":true,"href":"http:\/\/jornalrol.com.br\/index.php?rest_route=\/wp\/v2\/users\/132"}],"replies":[{"embeddable":true,"href":"http:\/\/jornalrol.com.br\/index.php?rest_route=%2Fwp%2Fv2%2Fcomments&post=84009"}],"version-history":[{"count":1,"href":"http:\/\/jornalrol.com.br\/index.php?rest_route=\/wp\/v2\/posts\/84009\/revisions"}],"predecessor-version":[{"id":84011,"href":"http:\/\/jornalrol.com.br\/index.php?rest_route=\/wp\/v2\/posts\/84009\/revisions\/84011"}],"wp:featuredmedia":[{"embeddable":true,"href":"http:\/\/jornalrol.com.br\/index.php?rest_route=\/wp\/v2\/media\/84010"}],"wp:attachment":[{"href":"http:\/\/jornalrol.com.br\/index.php?rest_route=%2Fwp%2Fv2%2Fmedia&parent=84009"}],"wp:term":[{"taxonomy":"category","embeddable":true,"href":"http:\/\/jornalrol.com.br\/index.php?rest_route=%2Fwp%2Fv2%2Fcategories&post=84009"},{"taxonomy":"post_tag","embeddable":true,"href":"http:\/\/jornalrol.com.br\/index.php?rest_route=%2Fwp%2Fv2%2Ftags&post=84009"}],"curies":[{"name":"wp","href":"https:\/\/api.w.org\/{rel}","templated":true}]}}