{"id":84017,"date":"2026-09-02T14:31:27","date_gmt":"2026-09-02T17:31:27","guid":{"rendered":"https:\/\/jornalrol.com.br\/?p=84017"},"modified":"2026-09-02T14:31:47","modified_gmt":"2026-09-02T17:31:47","slug":"de-mocambique-ao-rol-makala-sankara-anzurumi","status":"publish","type":"post","link":"http:\/\/jornalrol.com.br\/?p=84017","title":{"rendered":"De Mo\u00e7ambique ao ROL, Makala Sankara Anzurumi!"},"content":{"rendered":"<div class=\"pdfprnt-buttons pdfprnt-buttons-post pdfprnt-top-right\"><a href=\"http:\/\/jornalrol.com.br\/index.php?rest_route=%2Fwp%2Fv2%2Fposts%2F84017&print=pdf\" class=\"pdfprnt-button pdfprnt-button-pdf\" target=\"_blank\" ><\/a><a href=\"http:\/\/jornalrol.com.br\/index.php?rest_route=%2Fwp%2Fv2%2Fposts%2F84017&print=print\" class=\"pdfprnt-button pdfprnt-button-print\" target=\"_blank\" ><img decoding=\"async\" src=\"https:\/\/jornalrol.com.br\/wp-content\/plugins\/pdf-print\/images\/print.png\" alt=\"image_print\" title=\"Conte\u00fado de impress\u00e3o\" \/><\/a><\/div>\n<h2 class=\"wp-block-heading has-text-align-center\">Entre a tecnologia e a literatura, o novo colunista escreve \u00e0 sombra do embondeiro sobre identidade e esperan\u00e7a.<br><br><\/h2>\n\n\n<div class=\"wp-block-image\">\n<figure class=\"aligncenter size-full is-resized\"><img loading=\"lazy\" decoding=\"async\" width=\"227\" height=\"268\" data-attachment-id=\"84018\" data-permalink=\"http:\/\/jornalrol.com.br\/?attachment_id=84018\" data-orig-file=\"http:\/\/jornalrol.com.br\/wp-content\/uploads\/2026\/09\/94367215-f577-40d3-a5df-53a10a032a5f.jpg\" data-orig-size=\"227,268\" data-comments-opened=\"1\" data-image-meta=\"{&quot;aperture&quot;:&quot;0&quot;,&quot;credit&quot;:&quot;&quot;,&quot;camera&quot;:&quot;&quot;,&quot;caption&quot;:&quot;&quot;,&quot;created_timestamp&quot;:&quot;0&quot;,&quot;copyright&quot;:&quot;&quot;,&quot;focal_length&quot;:&quot;0&quot;,&quot;iso&quot;:&quot;0&quot;,&quot;shutter_speed&quot;:&quot;0&quot;,&quot;title&quot;:&quot;&quot;,&quot;orientation&quot;:&quot;0&quot;,&quot;alt&quot;:&quot;&quot;}\" data-image-title=\"94367215-f577-40d3-a5df-53a10a032a5f\" data-image-description=\"&lt;p&gt;Makala Sankara Anzurumi&lt;\/p&gt;\n\" data-image-caption=\"&lt;p&gt;Makala Sankara Anzurumi&lt;\/p&gt;\n\" data-large-file=\"http:\/\/jornalrol.com.br\/wp-content\/uploads\/2026\/09\/94367215-f577-40d3-a5df-53a10a032a5f.jpg\" src=\"https:\/\/jornalrol.com.br\/wp-content\/uploads\/2026\/09\/94367215-f577-40d3-a5df-53a10a032a5f.jpg\" alt=\"\" class=\"wp-image-84018\" style=\"aspect-ratio:0.8470553935860058;width:203px;height:auto\"\/><figcaption class=\"wp-element-caption\">Makala Sankara Anzurumi<\/figcaption><\/figure>\n<\/div>\n\n\n<p class=\"has-drop-cap wp-block-paragraph\"><strong>Makala Sankara Anzurumi<\/strong>, natural de Tete, Mo\u00e7ambique, \u00e9 escritor, cronista e profissional de Tecnologias de Informa\u00e7\u00e3o. Licenciado em Inform\u00e1tica, com habilita\u00e7\u00e3o para o ensino de Inform\u00e1tica pela Universidade Licungo, \u00e9 tamb\u00e9m mestre em A\u00e7\u00e3o Humanit\u00e1ria e Desenvolvimento Sustent\u00e1vel.<\/p>\n\n\n\n<p class=\"wp-block-paragraph\">A sua trajet\u00f3ria cruza tecnologia, educa\u00e7\u00e3o, escrita e desenvolvimento, \u00e1reas que se encontram no seu percurso profissional e na sua forma de interpretar a realidade.<\/p>\n\n\n\n<h3 class=\"wp-block-heading\"><strong>Olhar liter\u00e1rio e causas sociais<\/strong><\/h3>\n\n\n\n<p class=\"wp-block-paragraph\">Na escrita, dedica especial aten\u00e7\u00e3o \u00e0s experi\u00eancias humanas e \u00e0s quest\u00f5es sociais, explorando temas como:<\/p>\n\n\n\n<ul class=\"wp-block-list\">\n<li>Deslocamento e perten\u00e7a;<br><br><\/li>\n\n\n\n<li>Identidade e mem\u00f3ria;<br><br><\/li>\n\n\n\n<li>Juventude, exclus\u00e3o e esperan\u00e7a na \u00c1frica.<\/li>\n<\/ul>\n\n\n\n<h3 class=\"wp-block-heading\"><strong>Tecnologia e o Futuro<\/strong><\/h3>\n\n\n\n<p class=\"wp-block-paragraph\">Como articulista, escreve tamb\u00e9m sobre tecnologia, inova\u00e7\u00e3o e transforma\u00e7\u00e3o digital, refletindo sobre o papel dessas \u00e1reas na educa\u00e7\u00e3o, no desenvolvimento e na constru\u00e7\u00e3o de sociedades mais inclusivas.<\/p>\n\n\n\n<p class=\"wp-block-paragraph\">Makala inicia sua jornada ROLiana com o texto <strong>Quando o lar deixa de nos reconhecer<\/strong>, uma cr\u00f4nica reflexiva e tocante, pela qual aborda de forma profunda a complexidade da migra\u00e7\u00e3o, do ex\u00edlio e da constru\u00e7\u00e3o da identidade.<\/p>\n\n\n\n<p class=\"wp-block-paragraph\"><\/p>\n\n\n\n<h2 class=\"wp-block-heading has-text-align-center\"><strong>Quando o lar deixa de nos reconhecer<\/strong><\/h2>\n\n\n<div class=\"wp-block-image\">\n<figure class=\"aligncenter size-full\"><img loading=\"lazy\" decoding=\"async\" width=\"1024\" height=\"559\" data-attachment-id=\"84020\" data-permalink=\"http:\/\/jornalrol.com.br\/?attachment_id=84020\" data-orig-file=\"http:\/\/jornalrol.com.br\/wp-content\/uploads\/2026\/09\/watermarked_img_17239295031818908422.jpg\" data-orig-size=\"1024,559\" data-comments-opened=\"1\" data-image-meta=\"{&quot;aperture&quot;:&quot;0&quot;,&quot;credit&quot;:&quot;&quot;,&quot;camera&quot;:&quot;&quot;,&quot;caption&quot;:&quot;&quot;,&quot;created_timestamp&quot;:&quot;0&quot;,&quot;copyright&quot;:&quot;&quot;,&quot;focal_length&quot;:&quot;0&quot;,&quot;iso&quot;:&quot;0&quot;,&quot;shutter_speed&quot;:&quot;0&quot;,&quot;title&quot;:&quot;&quot;,&quot;orientation&quot;:&quot;0&quot;,&quot;alt&quot;:&quot;&quot;}\" data-image-title=\"watermarked_img_17239295031818908422\" data-image-description=\"\" data-image-caption=\"\" data-large-file=\"http:\/\/jornalrol.com.br\/wp-content\/uploads\/2026\/09\/watermarked_img_17239295031818908422.jpg\" src=\"https:\/\/jornalrol.com.br\/wp-content\/uploads\/2026\/09\/watermarked_img_17239295031818908422.jpg\" alt=\"\" class=\"wp-image-84020\" srcset=\"http:\/\/jornalrol.com.br\/wp-content\/uploads\/2026\/09\/watermarked_img_17239295031818908422.jpg 1024w, http:\/\/jornalrol.com.br\/wp-content\/uploads\/2026\/09\/watermarked_img_17239295031818908422-768x419.jpg 768w\" sizes=\"auto, (max-width: 1024px) 100vw, 1024px\" \/><figcaption class=\"wp-element-caption\"><em><a href=\"https:\/\/gemini.google.com\/app\/edd77f209c38a1c6?utm_source=app_launcher&amp;utm_medium=owned&amp;utm_campaign=base_all\">https:\/\/gemini.google.com\/app\/edd77f209c38a1c6?utm_source=app_launcher&amp;utm_medium=owned&amp;utm_campaign=base_all<\/a><\/em><\/figcaption><\/figure>\n<\/div>\n\n\n<p class=\"wp-block-paragraph\">H\u00e1 pessoas que atravessam uma fronteira com uma mala na m\u00e3o e um pa\u00eds inteiro escondido no peito.<\/p>\n\n\n\n<p class=\"wp-block-paragraph\">Na bagagem vai quase sempre pouco: duas camisas, alguns documentos, uma fotografia dobrada tantas vezes que j\u00e1 conhece a marca dos dedos e, talvez, uma chave. A chave \u00e9 importante. Quem parte leva-a porque, mesmo quando tudo indica o contr\u00e1rio, ainda guarda a t\u00e9nue esperan\u00e7a de voltar.<\/p>\n\n\n\n<p class=\"wp-block-paragraph\">Foi assim que muitos partiram: sem tempo para despedidas, sem o \u00faltimo abra\u00e7o \u00e0 porta, sem vizinhos reunidos a desejar boa viagem, sem uma fotografia que eternizasse aquele instante. H\u00e1 partidas que acontecem depressa demais para serem chamadas de despedida. H\u00e1 apenas o medo. E quando o medo avan\u00e7a, ningu\u00e9m pergunta se estamos preparados \u2014 ele ensina-nos simplesmente a andar.<\/p>\n\n\n\n<p class=\"wp-block-paragraph\">Do outro lado da fronteira come\u00e7a uma vida fora dos planos. \u00c9 preciso aprender tudo outra vez: onde comprar o p\u00e3o, onde apanhar o chapa, como pedir ajuda, que palavras usar e como cumprimentar sem que a pron\u00fancia denuncie a nossa origem distante. Aprende-se onde dormir, onde trabalhar e como explicar o pr\u00f3prio nome sem ter de contar a hist\u00f3ria inteira que o acompanha.<\/p>\n\n\n\n<p class=\"wp-block-paragraph\">E surge aquela pergunta pequena, quase inocente, mas carregada do peso de uma vida:<\/p>\n\n\n\n<p class=\"wp-block-paragraph\">\u2014 <em>De onde \u00e9s?<\/em><\/p>\n\n\n\n<p class=\"wp-block-paragraph\">No princ\u00edpio, a resposta \u00e9 simples. Dizemos o nome da cidade, o pa\u00eds, a terra que ficou para tr\u00e1s, como quem aponta para uma fotografia antiga e afirma:<\/p>\n\n\n\n<p class=\"wp-block-paragraph\">\u2014 <em>\u00c9 ali que eu perten\u00e7o.<\/em><\/p>\n\n\n\n<p class=\"wp-block-paragraph\">Depois, o tempo corre.<\/p>\n\n\n\n<p class=\"wp-block-paragraph\">Cinco anos. Dez anos.<\/p>\n\n\n\n<p class=\"wp-block-paragraph\">Os filhos crescem. A l\u00edngua transforma-se ligeiramente: o sotaque perde algumas palavras da inf\u00e2ncia e ganha os termos da terra que nos acolheu. Aprendemos as ruas e os caminhos; sabemos onde o chapa passa mais cheio, onde comprar o essencial e onde nos abrigar quando a chuva cai de repente. Aprendemos a reconhecer a manh\u00e3 pelo cheiro e a tarde pela luz que se desdobra sobre os telhados.<\/p>\n\n\n\n<p class=\"wp-block-paragraph\">Constru\u00edmos amizades, arranjamos trabalho, amamos, casamos e temos filhos. Enterramos alguns dos nossos mortos e celebramos anivers\u00e1rios. Come\u00e7amos a cruzar-nos com pessoas que j\u00e1 n\u00e3o perguntam de onde viemos, porque passaram a tratar-nos pelo nome.<\/p>\n\n\n\n<p class=\"wp-block-paragraph\">Sem percebermos, criamos ra\u00edzes.<\/p>\n\n\n\n<p class=\"wp-block-paragraph\">Primeiro fr\u00e1geis.<\/p>\n\n\n\n<p class=\"wp-block-paragraph\">Depois profundas.<\/p>\n\n\n\n<p class=\"wp-block-paragraph\">At\u00e9 que, um dia, algu\u00e9m volta a perguntar:<\/p>\n\n\n\n<p class=\"wp-block-paragraph\">\u2014 <em>Mas tu \u00e9s de onde?<\/em><\/p>\n\n\n\n<p class=\"wp-block-paragraph\">A resposta j\u00e1 n\u00e3o cabe numa palavra.<\/p>\n\n\n\n<p class=\"wp-block-paragraph\">Depois de tantos anos, h\u00e1 algo de n\u00f3s que permaneceu naquele lugar distante e algo que nasceu neste novo ch\u00e3o.<\/p>\n\n\n\n<p class=\"wp-block-paragraph\">Se dizemos onde nascemos, ouvimos:<\/p>\n\n\n\n<p class=\"wp-block-paragraph\">\u2014 <em>Ah, ent\u00e3o \u00e9s estrangeiro.<\/em><\/p>\n\n\n\n<p class=\"wp-block-paragraph\">Se dizemos onde vivemos, respondem:<\/p>\n\n\n\n<p class=\"wp-block-paragraph\">\u2014 <em>N\u00e3o. Tu n\u00e3o \u00e9s daqui.<\/em><\/p>\n\n\n\n<p class=\"wp-block-paragraph\">Ficamos suspensos entre duas respostas.<\/p>\n\n\n\n<p class=\"wp-block-paragraph\">\u00c9 um lugar sem nome, onde carregamos duas terras no peito, mas nenhuma nos reconhece por completo.<\/p>\n\n\n\n<p class=\"wp-block-paragraph\">Talvez a maior dor do ex\u00edlio n\u00e3o seja perder uma casa, mas perder a certeza de que alguma casa ainda nos pertence.<\/p>\n\n\n\n<p class=\"wp-block-paragraph\">O ex\u00edlio n\u00e3o termina quando atravessamos a fronteira.<\/p>\n\n\n\n<p class=\"wp-block-paragraph\">Ele continua.<\/p>\n\n\n\n<p class=\"wp-block-paragraph\">Continua quando precisamos de justificar a nossa exist\u00eancia, quando o nosso nome \u00e9 pronunciado como algo estranho ou quando os nossos filhos, nascidos e criados nestas mesmas ruas de Maputo, Nampula ou Pemba, continuam a ouvir a mesma interroga\u00e7\u00e3o:<\/p>\n\n\n\n<p class=\"wp-block-paragraph\">\u2014 <em>Voc\u00eas s\u00e3o de onde?<\/em><\/p>\n\n\n\n<p class=\"wp-block-paragraph\">Como se o nascimento dos filhos tivesse de responder pelos passos dos pais.<\/p>\n\n\n\n<p class=\"wp-block-paragraph\">Como se uma fronteira pudesse atravessar gera\u00e7\u00f5es.<\/p>\n\n\n\n<p class=\"wp-block-paragraph\">Contudo, h\u00e1 mem\u00f3rias que nenhuma fronteira consegue travar.<\/p>\n\n\n\n<p class=\"wp-block-paragraph\">A mem\u00f3ria n\u00e3o pede passaporte.<\/p>\n\n\n\n<p class=\"wp-block-paragraph\">Basta a chuva, um aroma, uma m\u00fasica ou uma palavra dita de certa forma para que o presente desapare\u00e7a por alguns segundos.<\/p>\n\n\n\n<p class=\"wp-block-paragraph\">Regressa a rua da inf\u00e2ncia.<\/p>\n\n\n\n<p class=\"wp-block-paragraph\">Regressa a voz da m\u00e3e.<\/p>\n\n\n\n<p class=\"wp-block-paragraph\">Regressa a casa antiga.<\/p>\n\n\n\n<p class=\"wp-block-paragraph\">Regressa a voz de quem j\u00e1 morreu.<\/p>\n\n\n\n<p class=\"wp-block-paragraph\">O corpo pode estar numa rua de Mo\u00e7ambique, mas a mem\u00f3ria viaja para longe sem autoriza\u00e7\u00e3o, sem fronteira e sem posto de controlo.<\/p>\n\n\n\n<p class=\"wp-block-paragraph\">Existe, por\u00e9m, outra fronteira invis\u00edvel.<\/p>\n\n\n\n<p class=\"wp-block-paragraph\">N\u00e3o surge nos mapas, n\u00e3o tem bandeira nem exige documentos.<\/p>\n\n\n\n<p class=\"wp-block-paragraph\">Habita dentro das pessoas.<\/p>\n\n\n\n<p class=\"wp-block-paragraph\">\u00c9 a barreira que se ergue quando se diz:<\/p>\n\n\n\n<p class=\"wp-block-paragraph\">\u2014 <em>Eles s\u00e3o estrangeiros.<\/em><\/p>\n\n\n\n<p class=\"wp-block-paragraph\">Como se a nacionalidade resumisse uma vida.<\/p>\n\n\n\n<p class=\"wp-block-paragraph\">Como se um documento pudesse medir a dimens\u00e3o de uma perda.<\/p>\n\n\n\n<p class=\"wp-block-paragraph\">Como se o lugar onde uma pessoa nasceu fosse mais importante do que o lugar onde aprendeu a amar, a trabalhar, a criar os filhos e a sonhar.<\/p>\n\n\n\n<p class=\"wp-block-paragraph\">Talvez precisemos de reaprender a palavra <strong>lar<\/strong>.<\/p>\n\n\n\n<p class=\"wp-block-paragraph\">Lar talvez n\u00e3o seja apenas a terra onde nascemos.<\/p>\n\n\n\n<p class=\"wp-block-paragraph\">Talvez seja tamb\u00e9m o lugar onde conseguimos continuar.<\/p>\n\n\n\n<p class=\"wp-block-paragraph\">Onde algu\u00e9m conhece o nosso nome.<\/p>\n\n\n\n<p class=\"wp-block-paragraph\">Onde os nossos filhos aprendem a andar.<\/p>\n\n\n\n<p class=\"wp-block-paragraph\">Onde penduramos uma fotografia na parede.<\/p>\n\n\n\n<p class=\"wp-block-paragraph\">Onde sabemos qual caminho tomar quando a tarde come\u00e7a a cair.<\/p>\n\n\n\n<p class=\"wp-block-paragraph\">Onde algu\u00e9m pergunta por n\u00f3s quando faltamos.<\/p>\n\n\n\n<p class=\"wp-block-paragraph\">Onde a nossa aus\u00eancia \u00e9 finalmente sentida.<\/p>\n\n\n\n<p class=\"wp-block-paragraph\">Talvez lar seja isso:<\/p>\n\n\n\n<p class=\"wp-block-paragraph\">um espa\u00e7o que, gradualmente, deixa de nos tratar como passageiros.<\/p>\n\n\n\n<p class=\"wp-block-paragraph\">Quando vemos algu\u00e9m chegar com uma mala pequena e um olhar maior do que a estrada percorrida, a bagagem pode vir quase vazia, mas ningu\u00e9m divisa o que vai no peito.<\/p>\n\n\n\n<p class=\"wp-block-paragraph\">Ali est\u00e3o os mortos.<\/p>\n\n\n\n<p class=\"wp-block-paragraph\">As fotografias.<\/p>\n\n\n\n<p class=\"wp-block-paragraph\">As vozes.<\/p>\n\n\n\n<p class=\"wp-block-paragraph\">As ruas.<\/p>\n\n\n\n<p class=\"wp-block-paragraph\">Os medos.<\/p>\n\n\n\n<p class=\"wp-block-paragraph\">As saudades.<\/p>\n\n\n\n<p class=\"wp-block-paragraph\">E a ang\u00fastia de j\u00e1 n\u00e3o saber onde pertence.<\/p>\n\n\n\n<p class=\"wp-block-paragraph\">Criar ra\u00edzes num novo ch\u00e3o n\u00e3o \u00e9 trair as origens.<\/p>\n\n\n\n<p class=\"wp-block-paragraph\">\u00c9 sobreviver.<\/p>\n\n\n\n<p class=\"wp-block-paragraph\">\u00c9 continuar.<\/p>\n\n\n\n<p class=\"wp-block-paragraph\">\u00c9 permitir que a vida recomece.<\/p>\n\n\n\n<p class=\"wp-block-paragraph\">O lar come\u00e7a num gesto simples.<\/p>\n\n\n\n<p class=\"wp-block-paragraph\">Quando pousamos a mala, sem pressa nem medo, e percebemos que n\u00e3o precisamos de pedir desculpa por existir.<\/p>\n\n\n\n<p class=\"wp-block-paragraph\">\u00c9 quando escutamos a palavra:<\/p>\n\n\n\n<p class=\"wp-block-paragraph\">\u2014 <em>Fica.<\/em><\/p>\n\n\n\n<p class=\"wp-block-paragraph\">E simplesmente ficamos.<\/p>\n\n\n\n<p class=\"wp-block-paragraph\">N\u00e3o porque esquecemos a terra natal.<\/p>\n\n\n\n<p class=\"wp-block-paragraph\">N\u00e3o porque a saudade desapareceu.<\/p>\n\n\n\n<p class=\"wp-block-paragraph\">Mas porque compreendemos que h\u00e1 ra\u00edzes que n\u00e3o crescem onde nascemos.<\/p>\n\n\n\n<p class=\"wp-block-paragraph\">Crescem onde a vida nos permite continuar.<\/p>\n\n\n\n<p class=\"wp-block-paragraph\"><\/p>\n\n\n\n<h3 class=\"wp-block-heading has-text-align-center\"> <strong>Makala Sankara Anzurumi<\/strong><\/h3>\n\n\n\n<div class=\"wp-block-columns is-layout-flex wp-container-core-columns-is-layout-8f761849 wp-block-columns-is-layout-flex\">\n<div class=\"wp-block-column is-layout-flow wp-block-column-is-layout-flow\">\n<h3 class=\"wp-block-heading has-text-align-center has-electric-grass-gradient-background has-background\"><a href=\"http:\/\/\u200eFacebook: https:\/\/www.facebook.com\/share\/19SeK2EZVC\/\" target=\"_blank\" rel=\"noopener\">Facebook<\/a><\/h3>\n<\/div>\n\n\n\n<div class=\"wp-block-column is-layout-flow wp-block-column-is-layout-flow\">\n<h3 class=\"wp-block-heading has-text-align-center has-electric-grass-gradient-background has-background\"><a href=\"https:\/\/www.instagram.com\/makala_sankara_anzuruni?igsi=MW9hc2ZqaHczeTRtYw==\" target=\"_blank\" rel=\"noopener\">Instagram<\/a><\/h3>\n<\/div>\n\n\n\n<div class=\"wp-block-column is-layout-flow wp-block-column-is-layout-flow\">\n<h3 class=\"wp-block-heading has-text-align-center has-electric-grass-gradient-background has-background\"><a href=\"https:\/\/www.linkedin.com\/in\/sankara-anzuruni-7020b6224?utm_source=share_via&amp;utm_content=profile&amp;utm_medium=member_android\">LinkedIn<\/a><\/h3>\n<\/div>\n<\/div>\n\n\n\n<p class=\"wp-block-paragraph\"><a href=\"https:\/\/jornalrol.com.br\/\">Voltar<\/a><\/p>\n\n\n\n<p class=\"wp-block-paragraph\"><a href=\"https:\/\/www.facebook.com\/\">Facebook<\/a><\/p>\n","protected":false},"excerpt":{"rendered":"<p>Conhe\u00e7a Makala Sankara Anzurumi, escritor e cronista mo\u00e7ambicano que une tecnologia, educa\u00e7\u00e3o e causas sociais do pa\u00eds em sua estreia no Jornal ROL.<\/p>\n","protected":false},"author":6,"featured_media":84018,"comment_status":"open","ping_status":"closed","sticky":false,"template":"","format":"standard","meta":{"_jetpack_newsletter_access":"","_jetpack_dont_email_post_to_subs":false,"_jetpack_newsletter_tier_id":0,"_jetpack_memberships_contains_paywalled_content":false,"_jetpack_memberships_contains_paid_content":false,"footnotes":""},"categories":[17563,17562],"tags":[2511,18446,18445,18448],"class_list":["post-84017","post","type-post","status-publish","format-standard","has-post-thumbnail","hentry","category-apresentacao-de-colunista","category-colunista","tag-cultura-africana","tag-literatura-mocambicana","tag-makala-sankara-anzurumi","tag-tecnologia-e-inovacao"],"aioseo_notices":[],"aioseo_head":"\n\t\t<!-- All in One SEO 5.0.1.1 - aioseo.com -->\n\t<meta name=\"description\" content=\"Conhe\u00e7a Makala Sankara Anzurumi, escritor e cronista mo\u00e7ambicano que une tecnologia, educa\u00e7\u00e3o e causas sociais do pa\u00eds em sua estreia no Jornal ROL.\" \/>\n\t<meta name=\"robots\" content=\"max-image-preview:large\" \/>\n\t<meta name=\"author\" content=\"Sergio Diniz da Costa\"\/>\n\t<link rel=\"canonical\" href=\"http:\/\/jornalrol.com.br\/?p=84017\" \/>\n\t<meta name=\"generator\" content=\"All in One SEO (AIOSEO) 5.0.1.1\" \/>\n\t\t<meta property=\"og:locale\" content=\"pt_BR\" \/>\n\t\t<meta property=\"og:site_name\" content=\"Jornal Cultural Rol - Desde 1994 promovendo a cultura\" \/>\n\t\t<meta property=\"og:type\" content=\"article\" \/>\n\t\t<meta property=\"og:title\" content=\"Makala Sankara Anzurumi: o novo cronista mo\u00e7ambicano no ROL!\" \/>\n\t\t<meta property=\"og:description\" content=\"Conhe\u00e7a Makala Sankara Anzurumi, escritor e cronista mo\u00e7ambicano que une tecnologia, educa\u00e7\u00e3o e causas sociais do pa\u00eds em sua estreia no Jornal ROL.\" \/>\n\t\t<meta property=\"og:url\" content=\"http:\/\/jornalrol.com.br\/?p=84017\" \/>\n\t\t<meta property=\"og:image\" content=\"http:\/\/jornalrol.com.br\/wp-content\/uploads\/2023\/05\/JornalCulturalRol_150x173.png\" \/>\n\t\t<meta property=\"og:image:width\" content=\"150\" \/>\n\t\t<meta property=\"og:image:height\" content=\"174\" \/>\n\t\t<meta property=\"article:published_time\" content=\"2026-09-02T17:31:27+00:00\" \/>\n\t\t<meta property=\"article:modified_time\" content=\"2026-09-02T17:31:47+00:00\" \/>\n\t\t<meta property=\"article:publisher\" content=\"https:\/\/www.facebook.com\/JCulturalrol\" \/>\n\t\t<meta name=\"twitter:card\" content=\"summary_large_image\" \/>\n\t\t<meta name=\"twitter:title\" content=\"Makala Sankara Anzurumi: o novo cronista mo\u00e7ambicano no ROL!\" \/>\n\t\t<meta name=\"twitter:description\" content=\"Conhe\u00e7a Makala Sankara Anzurumi, escritor e cronista mo\u00e7ambicano que une tecnologia, educa\u00e7\u00e3o e causas sociais do pa\u00eds em sua estreia no Jornal ROL.\" \/>\n\t\t<meta name=\"twitter:image\" content=\"http:\/\/jornalrol.com.br\/wp-content\/uploads\/2023\/05\/JornalCulturalRol_150x173.png\" \/>\n\t\t<script type=\"application\/ld+json\" class=\"aioseo-schema\">\n\t\t\t{\"@context\":\"https:\\\/\\\/schema.org\",\"@graph\":[{\"@type\":\"BlogPosting\",\"@id\":\"http:\\\/\\\/jornalrol.com.br\\\/?p=84017#blogposting\",\"name\":\"Makala Sankara Anzurumi: o novo cronista mo\\u00e7ambicano no ROL!\",\"headline\":\"De Mo\\u00e7ambique ao ROL, Makala Sankara Anzurumi!\",\"author\":{\"@id\":\"http:\\\/\\\/jornalrol.com.br\\\/?author=6#author\"},\"publisher\":{\"@id\":\"http:\\\/\\\/jornalrol.com.br\\\/#organization\"},\"image\":{\"@type\":\"ImageObject\",\"url\":\"http:\\\/\\\/jornalrol.com.br\\\/wp-content\\\/uploads\\\/2026\\\/09\\\/94367215-f577-40d3-a5df-53a10a032a5f.jpg\",\"width\":227,\"height\":268,\"caption\":\"Makala Sankara Anzurumi\"},\"datePublished\":\"2026-09-02T14:31:27-03:00\",\"dateModified\":\"2026-09-02T14:31:47-03:00\",\"inLanguage\":\"pt-BR\",\"commentCount\":2,\"mainEntityOfPage\":{\"@id\":\"http:\\\/\\\/jornalrol.com.br\\\/?p=84017#webpage\"},\"isPartOf\":{\"@id\":\"http:\\\/\\\/jornalrol.com.br\\\/?p=84017#webpage\"},\"articleSection\":\"Apresenta\\u00e7\\u00e3o de Colunista, Colunista, cultura africana, Literatura Mo\\u00e7ambicana, Makala Sankara Anzurumi, Tecnologia e Inova\\u00e7\\u00e3o.\"},{\"@type\":\"BreadcrumbList\",\"@id\":\"http:\\\/\\\/jornalrol.com.br\\\/?p=84017#breadcrumblist\",\"itemListElement\":[{\"@type\":\"ListItem\",\"@id\":\"http:\\\/\\\/jornalrol.com.br#listItem\",\"position\":1,\"name\":\"In\\u00edcio\",\"item\":\"http:\\\/\\\/jornalrol.com.br\",\"nextItem\":{\"@type\":\"ListItem\",\"@id\":\"http:\\\/\\\/jornalrol.com.br\\\/?cat=17562#listItem\",\"name\":\"Colunista\"}},{\"@type\":\"ListItem\",\"@id\":\"http:\\\/\\\/jornalrol.com.br\\\/?cat=17562#listItem\",\"position\":2,\"name\":\"Colunista\",\"item\":\"http:\\\/\\\/jornalrol.com.br\\\/?cat=17562\",\"nextItem\":{\"@type\":\"ListItem\",\"@id\":\"http:\\\/\\\/jornalrol.com.br\\\/?cat=17563#listItem\",\"name\":\"Apresenta\\u00e7\\u00e3o de Colunista\"},\"previousItem\":{\"@type\":\"ListItem\",\"@id\":\"http:\\\/\\\/jornalrol.com.br#listItem\",\"name\":\"In\\u00edcio\"}},{\"@type\":\"ListItem\",\"@id\":\"http:\\\/\\\/jornalrol.com.br\\\/?cat=17563#listItem\",\"position\":3,\"name\":\"Apresenta\\u00e7\\u00e3o de Colunista\",\"item\":\"http:\\\/\\\/jornalrol.com.br\\\/?cat=17563\",\"nextItem\":{\"@type\":\"ListItem\",\"@id\":\"http:\\\/\\\/jornalrol.com.br\\\/?p=84017#listItem\",\"name\":\"De Mo\\u00e7ambique ao ROL, Makala Sankara Anzurumi!\"},\"previousItem\":{\"@type\":\"ListItem\",\"@id\":\"http:\\\/\\\/jornalrol.com.br\\\/?cat=17562#listItem\",\"name\":\"Colunista\"}},{\"@type\":\"ListItem\",\"@id\":\"http:\\\/\\\/jornalrol.com.br\\\/?p=84017#listItem\",\"position\":4,\"name\":\"De Mo\\u00e7ambique ao ROL, Makala Sankara Anzurumi!\",\"previousItem\":{\"@type\":\"ListItem\",\"@id\":\"http:\\\/\\\/jornalrol.com.br\\\/?cat=17563#listItem\",\"name\":\"Apresenta\\u00e7\\u00e3o de Colunista\"}}]},{\"@type\":\"Organization\",\"@id\":\"http:\\\/\\\/jornalrol.com.br\\\/#organization\",\"name\":\"Jornal Cultural ROL\",\"description\":\"Desde 1994 promovendo a cultura\",\"url\":\"http:\\\/\\\/jornalrol.com.br\\\/\",\"telephone\":\"+5515996165768\",\"logo\":{\"@type\":\"ImageObject\",\"url\":\"http:\\\/\\\/jornalrol.com.br\\\/wp-content\\\/uploads\\\/2023\\\/05\\\/rol.png\",\"@id\":\"http:\\\/\\\/jornalrol.com.br\\\/?p=84017\\\/#organizationLogo\",\"width\":300,\"height\":122,\"caption\":\"Jornal Rol\"},\"image\":{\"@id\":\"http:\\\/\\\/jornalrol.com.br\\\/?p=84017\\\/#organizationLogo\"},\"sameAs\":[\"https:\\\/\\\/www.facebook.com\\\/JCulturalrol\",\"https:\\\/\\\/www.instagram.com\\\/jornalculturalrol\\\/\"]},{\"@type\":\"Person\",\"@id\":\"http:\\\/\\\/jornalrol.com.br\\\/?author=6#author\",\"url\":\"http:\\\/\\\/jornalrol.com.br\\\/?author=6\",\"name\":\"Sergio Diniz da Costa\",\"image\":{\"@type\":\"ImageObject\",\"@id\":\"http:\\\/\\\/jornalrol.com.br\\\/?p=84017#authorImage\",\"url\":\"http:\\\/\\\/jornalrol.com.br\\\/wp-content\\\/uploads\\\/2026\\\/07\\\/209726e1-1e50-4c34-bbb2-24d48b9f40d9.jpg\",\"width\":96,\"height\":96,\"caption\":\"Sergio Diniz da Costa\"}},{\"@type\":\"WebPage\",\"@id\":\"http:\\\/\\\/jornalrol.com.br\\\/?p=84017#webpage\",\"url\":\"http:\\\/\\\/jornalrol.com.br\\\/?p=84017\",\"name\":\"Makala Sankara Anzurumi: o novo cronista mo\\u00e7ambicano no ROL!\",\"description\":\"Conhe\\u00e7a Makala Sankara Anzurumi, escritor e cronista mo\\u00e7ambicano que une tecnologia, educa\\u00e7\\u00e3o e causas sociais do pa\\u00eds em sua estreia no Jornal ROL.\",\"inLanguage\":\"pt-BR\",\"isPartOf\":{\"@id\":\"http:\\\/\\\/jornalrol.com.br\\\/#website\"},\"breadcrumb\":{\"@id\":\"http:\\\/\\\/jornalrol.com.br\\\/?p=84017#breadcrumblist\"},\"author\":{\"@id\":\"http:\\\/\\\/jornalrol.com.br\\\/?author=6#author\"},\"creator\":{\"@id\":\"http:\\\/\\\/jornalrol.com.br\\\/?author=6#author\"},\"image\":{\"@type\":\"ImageObject\",\"url\":\"http:\\\/\\\/jornalrol.com.br\\\/wp-content\\\/uploads\\\/2026\\\/09\\\/94367215-f577-40d3-a5df-53a10a032a5f.jpg\",\"@id\":\"http:\\\/\\\/jornalrol.com.br\\\/?p=84017\\\/#mainImage\",\"width\":227,\"height\":268,\"caption\":\"Makala Sankara Anzurumi\"},\"primaryImageOfPage\":{\"@id\":\"http:\\\/\\\/jornalrol.com.br\\\/?p=84017#mainImage\"},\"datePublished\":\"2026-09-02T14:31:27-03:00\",\"dateModified\":\"2026-09-02T14:31:47-03:00\"},{\"@type\":\"WebSite\",\"@id\":\"http:\\\/\\\/jornalrol.com.br\\\/#website\",\"url\":\"http:\\\/\\\/jornalrol.com.br\\\/\",\"name\":\"Jornal Cultural ROL\",\"description\":\"Desde 1994 promovendo a cultura\",\"inLanguage\":\"pt-BR\",\"publisher\":{\"@id\":\"http:\\\/\\\/jornalrol.com.br\\\/#organization\"}}]}\n\t\t<\/script>\n\t\t<!-- All in One SEO -->\n\n","aioseo_head_json":{"title":"Makala Sankara Anzurumi: o novo cronista mo\u00e7ambicano no ROL!","description":"Conhe\u00e7a Makala Sankara Anzurumi, escritor e cronista mo\u00e7ambicano que une tecnologia, educa\u00e7\u00e3o e causas sociais do pa\u00eds em sua estreia no Jornal ROL.","canonical_url":"http:\/\/jornalrol.com.br\/?p=84017","robots":"max-image-preview:large","keywords":"","webmasterTools":{"miscellaneous":""},"schema":{"@context":"https:\/\/schema.org","@graph":[{"@type":"BlogPosting","@id":"http:\/\/jornalrol.com.br\/?p=84017#blogposting","name":"Makala Sankara Anzurumi: o novo cronista mo\u00e7ambicano no ROL!","headline":"De Mo\u00e7ambique ao ROL, Makala Sankara Anzurumi!","author":{"@id":"http:\/\/jornalrol.com.br\/?author=6#author"},"publisher":{"@id":"http:\/\/jornalrol.com.br\/#organization"},"image":{"@type":"ImageObject","url":"http:\/\/jornalrol.com.br\/wp-content\/uploads\/2026\/09\/94367215-f577-40d3-a5df-53a10a032a5f.jpg","width":227,"height":268,"caption":"Makala Sankara Anzurumi"},"datePublished":"2026-09-02T14:31:27-03:00","dateModified":"2026-09-02T14:31:47-03:00","inLanguage":"pt-BR","commentCount":2,"mainEntityOfPage":{"@id":"http:\/\/jornalrol.com.br\/?p=84017#webpage"},"isPartOf":{"@id":"http:\/\/jornalrol.com.br\/?p=84017#webpage"},"articleSection":"Apresenta\u00e7\u00e3o de Colunista, Colunista, cultura africana, Literatura Mo\u00e7ambicana, Makala Sankara Anzurumi, Tecnologia e Inova\u00e7\u00e3o."},{"@type":"BreadcrumbList","@id":"http:\/\/jornalrol.com.br\/?p=84017#breadcrumblist","itemListElement":[{"@type":"ListItem","@id":"http:\/\/jornalrol.com.br#listItem","position":1,"name":"In\u00edcio","item":"http:\/\/jornalrol.com.br","nextItem":{"@type":"ListItem","@id":"http:\/\/jornalrol.com.br\/?cat=17562#listItem","name":"Colunista"}},{"@type":"ListItem","@id":"http:\/\/jornalrol.com.br\/?cat=17562#listItem","position":2,"name":"Colunista","item":"http:\/\/jornalrol.com.br\/?cat=17562","nextItem":{"@type":"ListItem","@id":"http:\/\/jornalrol.com.br\/?cat=17563#listItem","name":"Apresenta\u00e7\u00e3o de Colunista"},"previousItem":{"@type":"ListItem","@id":"http:\/\/jornalrol.com.br#listItem","name":"In\u00edcio"}},{"@type":"ListItem","@id":"http:\/\/jornalrol.com.br\/?cat=17563#listItem","position":3,"name":"Apresenta\u00e7\u00e3o de Colunista","item":"http:\/\/jornalrol.com.br\/?cat=17563","nextItem":{"@type":"ListItem","@id":"http:\/\/jornalrol.com.br\/?p=84017#listItem","name":"De Mo\u00e7ambique ao ROL, Makala Sankara Anzurumi!"},"previousItem":{"@type":"ListItem","@id":"http:\/\/jornalrol.com.br\/?cat=17562#listItem","name":"Colunista"}},{"@type":"ListItem","@id":"http:\/\/jornalrol.com.br\/?p=84017#listItem","position":4,"name":"De Mo\u00e7ambique ao ROL, Makala Sankara Anzurumi!","previousItem":{"@type":"ListItem","@id":"http:\/\/jornalrol.com.br\/?cat=17563#listItem","name":"Apresenta\u00e7\u00e3o de Colunista"}}]},{"@type":"Organization","@id":"http:\/\/jornalrol.com.br\/#organization","name":"Jornal Cultural ROL","description":"Desde 1994 promovendo a cultura","url":"http:\/\/jornalrol.com.br\/","telephone":"+5515996165768","logo":{"@type":"ImageObject","url":"http:\/\/jornalrol.com.br\/wp-content\/uploads\/2023\/05\/rol.png","@id":"http:\/\/jornalrol.com.br\/?p=84017\/#organizationLogo","width":300,"height":122,"caption":"Jornal Rol"},"image":{"@id":"http:\/\/jornalrol.com.br\/?p=84017\/#organizationLogo"},"sameAs":["https:\/\/www.facebook.com\/JCulturalrol","https:\/\/www.instagram.com\/jornalculturalrol\/"]},{"@type":"Person","@id":"http:\/\/jornalrol.com.br\/?author=6#author","url":"http:\/\/jornalrol.com.br\/?author=6","name":"Sergio Diniz da Costa","image":{"@type":"ImageObject","@id":"http:\/\/jornalrol.com.br\/?p=84017#authorImage","url":"http:\/\/jornalrol.com.br\/wp-content\/uploads\/2026\/07\/209726e1-1e50-4c34-bbb2-24d48b9f40d9.jpg","width":96,"height":96,"caption":"Sergio Diniz da Costa"}},{"@type":"WebPage","@id":"http:\/\/jornalrol.com.br\/?p=84017#webpage","url":"http:\/\/jornalrol.com.br\/?p=84017","name":"Makala Sankara Anzurumi: o novo cronista mo\u00e7ambicano no ROL!","description":"Conhe\u00e7a Makala Sankara Anzurumi, escritor e cronista mo\u00e7ambicano que une tecnologia, educa\u00e7\u00e3o e causas sociais do pa\u00eds em sua estreia no Jornal ROL.","inLanguage":"pt-BR","isPartOf":{"@id":"http:\/\/jornalrol.com.br\/#website"},"breadcrumb":{"@id":"http:\/\/jornalrol.com.br\/?p=84017#breadcrumblist"},"author":{"@id":"http:\/\/jornalrol.com.br\/?author=6#author"},"creator":{"@id":"http:\/\/jornalrol.com.br\/?author=6#author"},"image":{"@type":"ImageObject","url":"http:\/\/jornalrol.com.br\/wp-content\/uploads\/2026\/09\/94367215-f577-40d3-a5df-53a10a032a5f.jpg","@id":"http:\/\/jornalrol.com.br\/?p=84017\/#mainImage","width":227,"height":268,"caption":"Makala Sankara Anzurumi"},"primaryImageOfPage":{"@id":"http:\/\/jornalrol.com.br\/?p=84017#mainImage"},"datePublished":"2026-09-02T14:31:27-03:00","dateModified":"2026-09-02T14:31:47-03:00"},{"@type":"WebSite","@id":"http:\/\/jornalrol.com.br\/#website","url":"http:\/\/jornalrol.com.br\/","name":"Jornal Cultural ROL","description":"Desde 1994 promovendo a cultura","inLanguage":"pt-BR","publisher":{"@id":"http:\/\/jornalrol.com.br\/#organization"}}]},"og:locale":"pt_BR","og:site_name":"Jornal Cultural Rol - Desde 1994 promovendo a cultura","og:type":"article","og:title":"Makala Sankara Anzurumi: o novo cronista mo\u00e7ambicano no ROL!","og:description":"Conhe\u00e7a Makala Sankara Anzurumi, escritor e cronista mo\u00e7ambicano que une tecnologia, educa\u00e7\u00e3o e causas sociais do pa\u00eds em sua estreia no Jornal ROL.","og:url":"http:\/\/jornalrol.com.br\/?p=84017","og:image":"http:\/\/jornalrol.com.br\/wp-content\/uploads\/2023\/05\/JornalCulturalRol_150x173.png","og:image:width":150,"og:image:height":174,"article:published_time":"2026-09-02T17:31:27+00:00","article:modified_time":"2026-09-02T17:31:47+00:00","article:publisher":"https:\/\/www.facebook.com\/JCulturalrol","twitter:card":"summary_large_image","twitter:title":"Makala Sankara Anzurumi: o novo cronista mo\u00e7ambicano no ROL!","twitter:description":"Conhe\u00e7a Makala Sankara Anzurumi, escritor e cronista mo\u00e7ambicano que une tecnologia, educa\u00e7\u00e3o e causas sociais do pa\u00eds em sua estreia no Jornal ROL.","twitter:image":"http:\/\/jornalrol.com.br\/wp-content\/uploads\/2023\/05\/JornalCulturalRol_150x173.png"},"aioseo_meta_data":{"post_id":"84017","title":"Makala Sankara Anzurumi: o novo cronista mo\u00e7ambicano no ROL!","description":null,"keywords":null,"keyphrases":{"focus":{"keyphrase":"","score":0,"analysis":{"keyphraseInTitle":{"score":0,"maxScore":9,"error":1}}},"additional":[]},"primary_term":null,"canonical_url":null,"og_title":null,"og_description":null,"og_object_type":"default","og_image_type":"default","og_image_url":null,"og_image_width":null,"og_image_height":null,"og_image_custom_url":null,"og_image_custom_fields":null,"og_video":"","og_custom_url":null,"og_article_section":null,"og_article_tags":null,"twitter_use_og":false,"twitter_card":"default","twitter_image_type":"default","twitter_image_url":null,"twitter_image_custom_url":null,"twitter_image_custom_fields":null,"twitter_title":null,"twitter_description":null,"schema":{"blockGraphs":[],"customGraphs":[],"default":{"data":{"Article":[],"Course":[],"Dataset":[],"FAQPage":[],"Movie":[],"Person":[],"Product":[],"ProductReview":[],"Car":[],"Recipe":[],"Service":[],"SoftwareApplication":[],"WebPage":[]},"graphName":"BlogPosting","isEnabled":true},"graphs":[]},"schema_type":"default","schema_type_options":null,"pillar_content":false,"robots_default":true,"robots_noindex":false,"robots_noarchive":false,"robots_nosnippet":false,"robots_nofollow":false,"robots_noimageindex":false,"robots_noodp":false,"robots_notranslate":false,"robots_max_snippet":"-1","robots_max_videopreview":"-1","robots_max_imagepreview":"large","priority":null,"frequency":"default","local_seo":null,"breadcrumb_settings":null,"limit_modified_date":false,"ai":{"faqs":[],"keyPoints":[],"schemas":[],"titles":[],"descriptions":[],"socialPosts":{"email":{"subject":"","preview":"","content":""},"linkedin":[],"twitter":[],"facebook":[],"instagram":[]}},"created":"2026-09-01 20:41:42","updated":"2026-09-02 17:39:36","seo_analyzer_scan_date":null,"focus_keyword":null,"additional_keywords":null,"truseo_locale":null},"aioseo_breadcrumb":"<div class=\"aioseo-breadcrumbs\"><span class=\"aioseo-breadcrumb\">\n\t\t\t<a href=\"http:\/\/jornalrol.com.br\" title=\"In\u00edcio\">In\u00edcio<\/a>\n\t\t<\/span><span class=\"aioseo-breadcrumb-separator\">&raquo;<\/span><span class=\"aioseo-breadcrumb\">\n\t\t\t<a href=\"http:\/\/jornalrol.com.br\/?cat=17562\" title=\"Colunista\">Colunista<\/a>\n\t\t<\/span><span class=\"aioseo-breadcrumb-separator\">&raquo;<\/span><span class=\"aioseo-breadcrumb\">\n\t\t\t<a href=\"http:\/\/jornalrol.com.br\/?cat=17563\" title=\"Apresenta\u00e7\u00e3o de Colunista\">Apresenta\u00e7\u00e3o de Colunista<\/a>\n\t\t<\/span><span class=\"aioseo-breadcrumb-separator\">&raquo;<\/span><span class=\"aioseo-breadcrumb\">\n\t\t\tDe Mo\u00e7ambique ao ROL, Makala Sankara Anzurumi!\n\t\t<\/span><\/div>","aioseo_breadcrumb_json":[{"label":"In\u00edcio","link":"http:\/\/jornalrol.com.br"},{"label":"Colunista","link":"http:\/\/jornalrol.com.br\/?cat=17562"},{"label":"Apresenta\u00e7\u00e3o de Colunista","link":"http:\/\/jornalrol.com.br\/?cat=17563"},{"label":"De Mo\u00e7ambique ao ROL, Makala Sankara Anzurumi!","link":"http:\/\/jornalrol.com.br\/?p=84017"}],"views":51,"jetpack_sharing_enabled":true,"jetpack_likes_enabled":true,"jetpack-related-posts":[{"id":78562,"url":"http:\/\/jornalrol.com.br\/?p=78562","url_meta":{"origin":84017,"position":0},"title":"Di\u00e1rio de um In\u00fatil","author":"Sergio Diniz da Costa","date":"17 de fevereiro de 2026","format":false,"excerpt":"Di\u00e1rio de um In\u00fatil (2\u00aa edi\u00e7\u00e3o), da Colec\u00e7\u00e3o Ondula\u00e7\u00f5es\/02, do jovem escritor e poeta mo\u00e7ambicano Bruno Marqu\u00eas Areno, lan\u00e7ado pela Editora Cais, est\u00e1 em pr\u00e9-venda.","rel":"","context":"Em &quot;lan\u00e7amentos&quot;","block_context":{"text":"lan\u00e7amentos","link":"http:\/\/jornalrol.com.br\/?cat=9462"},"img":{"alt_text":"Bruno Marques Areno","src":"https:\/\/i0.wp.com\/jornalrol.com.br\/wp-content\/uploads\/2026\/01\/IMG_9654-1-scaled.jpg?resize=350%2C200","width":350,"height":200,"srcset":"https:\/\/i0.wp.com\/jornalrol.com.br\/wp-content\/uploads\/2026\/01\/IMG_9654-1-scaled.jpg?resize=350%2C200 1x, https:\/\/i0.wp.com\/jornalrol.com.br\/wp-content\/uploads\/2026\/01\/IMG_9654-1-scaled.jpg?resize=525%2C300 1.5x, https:\/\/i0.wp.com\/jornalrol.com.br\/wp-content\/uploads\/2026\/01\/IMG_9654-1-scaled.jpg?resize=700%2C400 2x, https:\/\/i0.wp.com\/jornalrol.com.br\/wp-content\/uploads\/2026\/01\/IMG_9654-1-scaled.jpg?resize=1050%2C600 3x, https:\/\/i0.wp.com\/jornalrol.com.br\/wp-content\/uploads\/2026\/01\/IMG_9654-1-scaled.jpg?resize=1400%2C800 4x"},"classes":[]},{"id":53347,"url":"http:\/\/jornalrol.com.br\/?p=53347","url_meta":{"origin":84017,"position":1},"title":"Editora Baronesa lan\u00e7a a Colet\u00e2nea Digital Internacional Bil\u00edngue Portugu\u00eas &#8211; Emakhuwa &#039;Mo\u00e7ambique e Eu&#039;","author":"Sergio Diniz da Costa","date":"9 de janeiro de 2023","format":false,"excerpt":"A\u00a0primeira antologia entre autores brasileiros e africanos apresentada em Portugu\u00eas \u00a0e Emakhuwa ser\u00e1 realizada com o apoio cultural e intelectual do artista mo\u00e7ambicano Bruno Areno Editora Baronesa cria projeto \u00fanico para celebrar o in\u00edcio do ano e as festividades do ano da \u00c1frica Lus\u00f3fona e lan\u00e7a a Colet\u00e2nea Digital Internacional\u2026","rel":"","context":"Em &quot;Comunica\u00e7\u00e3o&quot;","block_context":{"text":"Comunica\u00e7\u00e3o","link":"http:\/\/jornalrol.com.br\/?cat=7"},"img":{"alt_text":"","src":"https:\/\/i0.wp.com\/jornalrol.com.br\/wp-content\/uploads\/2023\/01\/324510279_555474479933457_5436205638664841027_n-1-300x300.jpg?resize=350%2C200","width":350,"height":200},"classes":[]},{"id":75027,"url":"http:\/\/jornalrol.com.br\/?p=75027","url_meta":{"origin":84017,"position":2},"title":"Pfuka, Alcina!","author":"Renata da Silva de Barcellos","date":"23 de agosto de 2025","format":false,"excerpt":"PFUKA, ALCINA! \u00e9 um document\u00e1rio de curta-metragem que narra a hist\u00f3ria de uma jovem talentosa e estilista mo\u00e7ambicana, Alcina Jos\u00e9 Penicela Nhaume","rel":"","context":"Em &quot;Literatura&quot;","block_context":{"text":"Literatura","link":"http:\/\/jornalrol.com.br\/?cat=9285"},"img":{"alt_text":"Document\u00e1rio de curta-metragem 'Pfuka, Alcina!'","src":"https:\/\/i0.wp.com\/jornalrol.com.br\/wp-content\/uploads\/2025\/08\/IMG-20250814-WA0112.jpg?resize=350%2C200","width":350,"height":200,"srcset":"https:\/\/i0.wp.com\/jornalrol.com.br\/wp-content\/uploads\/2025\/08\/IMG-20250814-WA0112.jpg?resize=350%2C200 1x, https:\/\/i0.wp.com\/jornalrol.com.br\/wp-content\/uploads\/2025\/08\/IMG-20250814-WA0112.jpg?resize=525%2C300 1.5x, https:\/\/i0.wp.com\/jornalrol.com.br\/wp-content\/uploads\/2025\/08\/IMG-20250814-WA0112.jpg?resize=700%2C400 2x, https:\/\/i0.wp.com\/jornalrol.com.br\/wp-content\/uploads\/2025\/08\/IMG-20250814-WA0112.jpg?resize=1050%2C600 3x, https:\/\/i0.wp.com\/jornalrol.com.br\/wp-content\/uploads\/2025\/08\/IMG-20250814-WA0112.jpg?resize=1400%2C800 4x"},"classes":[]},{"id":35512,"url":"http:\/\/jornalrol.com.br\/?p=35512","url_meta":{"origin":84017,"position":3},"title":"OMDDH promove arrecada\u00e7\u00e3o de livros para a Biblioteca Comunit\u00e1ria de Mo\u00e7ambique &#8211; Cidade da Beira (\u00c1frica)","author":"Sergio Diniz da Costa","date":"5 de dezembro de 2020","format":false,"excerpt":"A Biblioteca que Anda \u00e9 um projeto que visa recolher livros e distribu\u00ed-los entre os jovens, promovendo leituras e encontros OMDDH \u2013 Organiza\u00e7\u00e3o Mundial dos Defensores dos Direitos Humanos est\u00e1 promovendo uma campanha de arrecada\u00e7\u00e3o de livros para a Biblioteca Comunit\u00e1ria de Mo\u00e7ambique \u2013 Cidade da Beira (\u00c1frica). A campanha\u2026","rel":"","context":"Em &quot;Comunica\u00e7\u00e3o&quot;","block_context":{"text":"Comunica\u00e7\u00e3o","link":"http:\/\/jornalrol.com.br\/?cat=7"},"img":{"alt_text":"","src":"https:\/\/i0.wp.com\/jornalrol.com.br\/wp-content\/uploads\/2020\/12\/29571455_200625217368615_7638291548617438239_n.jpg?resize=350%2C200","width":350,"height":200,"srcset":"https:\/\/i0.wp.com\/jornalrol.com.br\/wp-content\/uploads\/2020\/12\/29571455_200625217368615_7638291548617438239_n.jpg?resize=350%2C200 1x, https:\/\/i0.wp.com\/jornalrol.com.br\/wp-content\/uploads\/2020\/12\/29571455_200625217368615_7638291548617438239_n.jpg?resize=525%2C300 1.5x, https:\/\/i0.wp.com\/jornalrol.com.br\/wp-content\/uploads\/2020\/12\/29571455_200625217368615_7638291548617438239_n.jpg?resize=700%2C400 2x"},"classes":[]},{"id":39323,"url":"http:\/\/jornalrol.com.br\/?p=39323","url_meta":{"origin":84017,"position":4},"title":"Meninas sem Fronteiras- As nuances entre Brasil e \u00c1frica- \u00e9 o t\u00edtulo da Colet\u00e2nea Internacional criada pela escritora Gabriela Lopes como est\u00edmulo cultural","author":"Gabriela Lopes dos Santos","date":"6 de abril de 2021","format":false,"excerpt":"\"Vi que algumas gostavam de criar poesias e desenhos, e desejei criar uma proposta para elas, que reunisse seus textos, os expondo e as fazendo se sentir valorizadas e competentes para sempre buscarem mais aprendizados.\" (Gabriela Lopes) A ideia nasceu conversando com uma amiga chamada Bruna Nunes, que conheceu uma\u2026","rel":"","context":"Em &quot;Comunica\u00e7\u00e3o&quot;","block_context":{"text":"Comunica\u00e7\u00e3o","link":"http:\/\/jornalrol.com.br\/?cat=7"},"img":{"alt_text":"","src":"https:\/\/i0.wp.com\/jornalrol.com.br\/wp-content\/uploads\/2021\/04\/WhatsApp-Image-2020-11-30-at-17.27.15.jpeg?resize=350%2C200","width":350,"height":200,"srcset":"https:\/\/i0.wp.com\/jornalrol.com.br\/wp-content\/uploads\/2021\/04\/WhatsApp-Image-2020-11-30-at-17.27.15.jpeg?resize=350%2C200 1x, https:\/\/i0.wp.com\/jornalrol.com.br\/wp-content\/uploads\/2021\/04\/WhatsApp-Image-2020-11-30-at-17.27.15.jpeg?resize=525%2C300 1.5x, https:\/\/i0.wp.com\/jornalrol.com.br\/wp-content\/uploads\/2021\/04\/WhatsApp-Image-2020-11-30-at-17.27.15.jpeg?resize=700%2C400 2x, https:\/\/i0.wp.com\/jornalrol.com.br\/wp-content\/uploads\/2021\/04\/WhatsApp-Image-2020-11-30-at-17.27.15.jpeg?resize=1050%2C600 3x"},"classes":[]},{"id":77743,"url":"http:\/\/jornalrol.com.br\/?p=77743","url_meta":{"origin":84017,"position":5},"title":"De Nampula, Mo\u00e7ambique, para o ROL, Bruno Marqu\u00eas Areno!","author":"Sergio Diniz da Costa","date":"8 de janeiro de 2026","format":false,"excerpt":"Bruno Marqu\u00eas Areno, 25, nasceu em Nampula, Mo\u00e7ambique, e cresceu entre Namapa e Pemba, experi\u00eancias que moldaram o seu olhar cr\u00edtico sobre a diversidade...","rel":"","context":"Em &quot;Literatura&quot;","block_context":{"text":"Literatura","link":"http:\/\/jornalrol.com.br\/?cat=9285"},"img":{"alt_text":"Bruno Marques Areno","src":"https:\/\/i0.wp.com\/jornalrol.com.br\/wp-content\/uploads\/2026\/01\/IMG_9654-1-scaled.jpg?resize=350%2C200","width":350,"height":200,"srcset":"https:\/\/i0.wp.com\/jornalrol.com.br\/wp-content\/uploads\/2026\/01\/IMG_9654-1-scaled.jpg?resize=350%2C200 1x, https:\/\/i0.wp.com\/jornalrol.com.br\/wp-content\/uploads\/2026\/01\/IMG_9654-1-scaled.jpg?resize=525%2C300 1.5x, https:\/\/i0.wp.com\/jornalrol.com.br\/wp-content\/uploads\/2026\/01\/IMG_9654-1-scaled.jpg?resize=700%2C400 2x, https:\/\/i0.wp.com\/jornalrol.com.br\/wp-content\/uploads\/2026\/01\/IMG_9654-1-scaled.jpg?resize=1050%2C600 3x, https:\/\/i0.wp.com\/jornalrol.com.br\/wp-content\/uploads\/2026\/01\/IMG_9654-1-scaled.jpg?resize=1400%2C800 4x"},"classes":[]}],"jetpack_featured_media_url":"http:\/\/jornalrol.com.br\/wp-content\/uploads\/2026\/09\/94367215-f577-40d3-a5df-53a10a032a5f.jpg","_links":{"self":[{"href":"http:\/\/jornalrol.com.br\/index.php?rest_route=\/wp\/v2\/posts\/84017","targetHints":{"allow":["GET"]}}],"collection":[{"href":"http:\/\/jornalrol.com.br\/index.php?rest_route=\/wp\/v2\/posts"}],"about":[{"href":"http:\/\/jornalrol.com.br\/index.php?rest_route=\/wp\/v2\/types\/post"}],"author":[{"embeddable":true,"href":"http:\/\/jornalrol.com.br\/index.php?rest_route=\/wp\/v2\/users\/6"}],"replies":[{"embeddable":true,"href":"http:\/\/jornalrol.com.br\/index.php?rest_route=%2Fwp%2Fv2%2Fcomments&post=84017"}],"version-history":[{"count":2,"href":"http:\/\/jornalrol.com.br\/index.php?rest_route=\/wp\/v2\/posts\/84017\/revisions"}],"predecessor-version":[{"id":84021,"href":"http:\/\/jornalrol.com.br\/index.php?rest_route=\/wp\/v2\/posts\/84017\/revisions\/84021"}],"wp:featuredmedia":[{"embeddable":true,"href":"http:\/\/jornalrol.com.br\/index.php?rest_route=\/wp\/v2\/media\/84018"}],"wp:attachment":[{"href":"http:\/\/jornalrol.com.br\/index.php?rest_route=%2Fwp%2Fv2%2Fmedia&parent=84017"}],"wp:term":[{"taxonomy":"category","embeddable":true,"href":"http:\/\/jornalrol.com.br\/index.php?rest_route=%2Fwp%2Fv2%2Fcategories&post=84017"},{"taxonomy":"post_tag","embeddable":true,"href":"http:\/\/jornalrol.com.br\/index.php?rest_route=%2Fwp%2Fv2%2Ftags&post=84017"}],"curies":[{"name":"wp","href":"https:\/\/api.w.org\/{rel}","templated":true}]}}