{"id":84023,"date":"2026-09-02T09:53:11","date_gmt":"2026-09-02T12:53:11","guid":{"rendered":"https:\/\/jornalrol.com.br\/?p=84023"},"modified":"2026-09-02T10:05:56","modified_gmt":"2026-09-02T13:05:56","slug":"o-profissional-de-educacao-fisica","status":"publish","type":"post","link":"http:\/\/jornalrol.com.br\/?p=84023","title":{"rendered":"O profissional de Educa\u00e7\u00e3o F\u00edsica"},"content":{"rendered":"<div class=\"pdfprnt-buttons pdfprnt-buttons-post pdfprnt-top-right\"><a href=\"http:\/\/jornalrol.com.br\/index.php?rest_route=%2Fwp%2Fv2%2Fposts%2F84023&print=pdf\" class=\"pdfprnt-button pdfprnt-button-pdf\" target=\"_blank\" ><\/a><a href=\"http:\/\/jornalrol.com.br\/index.php?rest_route=%2Fwp%2Fv2%2Fposts%2F84023&print=print\" class=\"pdfprnt-button pdfprnt-button-print\" target=\"_blank\" ><img decoding=\"async\" src=\"https:\/\/jornalrol.com.br\/wp-content\/plugins\/pdf-print\/images\/print.png\" alt=\"image_print\" title=\"Conte\u00fado de impress\u00e3o\" \/><\/a><\/div>\n<h2 class=\"wp-block-heading has-text-align-center\">SA\u00daDE INTEGRAL<br><br> Joelson Mora<br><br> &#8216;O profissional de Educa\u00e7\u00e3o F\u00edsica e a sociedade que desaprendeu a se movimentar&#8217;<br><br><\/h2>\n\n\n<div class=\"wp-block-image\">\n<figure class=\"aligncenter size-full is-resized\"><img loading=\"lazy\" decoding=\"async\" width=\"960\" height=\"955\" data-attachment-id=\"65158\" data-permalink=\"http:\/\/jornalrol.com.br\/?attachment_id=65158\" data-orig-file=\"http:\/\/jornalrol.com.br\/wp-content\/uploads\/2024\/03\/78d64274-3f32-49b2-840f-2da823db2060.jpg\" data-orig-size=\"960,955\" data-comments-opened=\"1\" data-image-meta=\"{&quot;aperture&quot;:&quot;0&quot;,&quot;credit&quot;:&quot;&quot;,&quot;camera&quot;:&quot;&quot;,&quot;caption&quot;:&quot;&quot;,&quot;created_timestamp&quot;:&quot;0&quot;,&quot;copyright&quot;:&quot;&quot;,&quot;focal_length&quot;:&quot;0&quot;,&quot;iso&quot;:&quot;0&quot;,&quot;shutter_speed&quot;:&quot;0&quot;,&quot;title&quot;:&quot;&quot;,&quot;orientation&quot;:&quot;0&quot;}\" data-image-title=\"78d64274-3f32-49b2-840f-2da823db2060\" data-image-description=\"&lt;p&gt;Joelson Mora&lt;\/p&gt;\n\" data-image-caption=\"&lt;p&gt;Joelson Mora&lt;\/p&gt;\n\" data-large-file=\"http:\/\/jornalrol.com.br\/wp-content\/uploads\/2024\/03\/78d64274-3f32-49b2-840f-2da823db2060.jpg\" src=\"http:\/\/jornalrol.com.br\/wp-content\/uploads\/2024\/03\/78d64274-3f32-49b2-840f-2da823db2060.jpg\" alt=\"Joelson Mora\" class=\"wp-image-65158\" style=\"aspect-ratio:1.005259561427122;width:218px;height:auto\" srcset=\"http:\/\/jornalrol.com.br\/wp-content\/uploads\/2024\/03\/78d64274-3f32-49b2-840f-2da823db2060.jpg 960w, http:\/\/jornalrol.com.br\/wp-content\/uploads\/2024\/03\/78d64274-3f32-49b2-840f-2da823db2060-768x764.jpg 768w\" sizes=\"auto, (max-width: 960px) 100vw, 960px\" \/><figcaption class=\"wp-element-caption\">Joelson Mora<\/figcaption><\/figure>\n<\/div>\n\n<div class=\"wp-block-image\">\n<figure class=\"aligncenter size-full is-resized\"><img loading=\"lazy\" decoding=\"async\" width=\"1254\" height=\"1254\" data-attachment-id=\"84024\" data-permalink=\"http:\/\/jornalrol.com.br\/?attachment_id=84024\" data-orig-file=\"http:\/\/jornalrol.com.br\/wp-content\/uploads\/2026\/09\/ED903F04-8456-422C-82CB-F68EC09CC51C.jpg\" data-orig-size=\"1254,1254\" data-comments-opened=\"1\" data-image-meta=\"{&quot;aperture&quot;:&quot;0&quot;,&quot;credit&quot;:&quot;&quot;,&quot;camera&quot;:&quot;&quot;,&quot;caption&quot;:&quot;&quot;,&quot;created_timestamp&quot;:&quot;0&quot;,&quot;copyright&quot;:&quot;&quot;,&quot;focal_length&quot;:&quot;0&quot;,&quot;iso&quot;:&quot;0&quot;,&quot;shutter_speed&quot;:&quot;0&quot;,&quot;title&quot;:&quot;&quot;,&quot;orientation&quot;:&quot;0&quot;,&quot;alt&quot;:&quot;&quot;}\" data-image-title=\"ED903F04-8456-422C-82CB-F68EC09CC51C\" data-image-description=\"\" data-image-caption=\"\" data-large-file=\"http:\/\/jornalrol.com.br\/wp-content\/uploads\/2026\/09\/ED903F04-8456-422C-82CB-F68EC09CC51C.jpg\" src=\"https:\/\/jornalrol.com.br\/wp-content\/uploads\/2026\/09\/ED903F04-8456-422C-82CB-F68EC09CC51C.jpg\" alt=\"Fotografia em preto e branco do colunista Joelson Mora fazendo exerc\u00edcio com um halter, ao lado de um texto comemorativo em verde e branco que diz: 01 de Setembro, Dia do Profissional de Educa\u00e7\u00e3o F\u00edsica. Mais que movimento. Transforma\u00e7\u00e3o de vidas.\" class=\"wp-image-84024\" style=\"width:443px;height:auto\" srcset=\"http:\/\/jornalrol.com.br\/wp-content\/uploads\/2026\/09\/ED903F04-8456-422C-82CB-F68EC09CC51C.jpg 1254w, http:\/\/jornalrol.com.br\/wp-content\/uploads\/2026\/09\/ED903F04-8456-422C-82CB-F68EC09CC51C-600x600.jpg 600w, http:\/\/jornalrol.com.br\/wp-content\/uploads\/2026\/09\/ED903F04-8456-422C-82CB-F68EC09CC51C-768x768.jpg 768w, http:\/\/jornalrol.com.br\/wp-content\/uploads\/2026\/09\/ED903F04-8456-422C-82CB-F68EC09CC51C-1200x1200.jpg 1200w\" sizes=\"auto, (max-width: 1254px) 100vw, 1254px\" \/><figcaption class=\"wp-element-caption\"><em><em><a href=\"https:\/\/canva.link\/s0o278s3t1wy0ds\" target=\"_blank\" rel=\"noopener\">https:\/\/canva.link\/s0o278s3t1wy0ds<\/a><\/em><\/em><\/figcaption><\/figure>\n<\/div>\n\n\n<p class=\"has-drop-cap wp-block-paragraph\">No dia 1\u00ba de setembro celebramos o Dia do Profissional de Educa\u00e7\u00e3o F\u00edsica. A data marca a regulamenta\u00e7\u00e3o da profiss\u00e3o no Brasil, por meio da Lei n\u00ba 9.696, de 1\u00ba de setembro de 1998. Mas, mais do que uma data comemorativa, este deveria ser um momento de reflex\u00e3o sobre uma quest\u00e3o cada vez mais urgente:&nbsp;<strong>qual \u00e9 o papel do profissional de Educa\u00e7\u00e3o F\u00edsica em uma sociedade que, paradoxalmente, possui cada vez mais informa\u00e7\u00e3o sobre sa\u00fade e, ao mesmo tempo, se movimenta cada vez menos?<\/strong>&nbsp;<\/p>\n\n\n\n<p class=\"wp-block-paragraph\">Vivemos uma \u00e9poca de grandes avan\u00e7os tecnol\u00f3gicos. Trabalhamos diante de telas, conversamos por telas, compramos sem sair de casa e, muitas vezes, nos divertimos sem precisar levantar do sof\u00e1.<\/p>\n\n\n\n<p class=\"wp-block-paragraph\">A tecnologia facilitou a vida. Mas tamb\u00e9m eliminou grande parte do movimento que antes fazia parte naturalmente dela.<\/p>\n\n\n\n<p class=\"wp-block-paragraph\">Talvez este seja um dos maiores paradoxos da sociedade contempor\u00e2nea:&nbsp;<strong>nunca tivemos tantos recursos para cuidar da sa\u00fade e, ao mesmo tempo, nunca tivemos tantos est\u00edmulos para permanecer im\u00f3veis.<\/strong><\/p>\n\n\n\n<p class=\"wp-block-paragraph\">Os n\u00fameros ajudam a demonstrar a dimens\u00e3o do problema.<\/p>\n\n\n\n<p class=\"wp-block-paragraph\">Dados recentes da Organiza\u00e7\u00e3o Mundial da Sa\u00fade apontam que aproximadamente&nbsp;<strong>1,8 bilh\u00e3o de adultos no mundo n\u00e3o atingiam os n\u00edveis recomendados de atividade f\u00edsica em 2022<\/strong>. Isso representa cerca de 31% da popula\u00e7\u00e3o adulta mundial. Se essa tend\u00eancia continuar, a estimativa \u00e9 de que esse percentual alcance 35% at\u00e9 2030.&nbsp;<\/p>\n\n\n\n<p class=\"wp-block-paragraph\">Entre os adolescentes, o cen\u00e1rio \u00e9 ainda mais preocupante: cerca de&nbsp;<strong>80% n\u00e3o atingem os n\u00edveis recomendados de atividade f\u00edsica<\/strong>.&nbsp;<a href=\"https:\/\/www.who.int\/news-room\/fact-sheets\/detail\/physical-activity?utm_source=chatgpt.com\" target=\"_blank\" rel=\"noopener\"><\/a><\/p>\n\n\n\n<p class=\"wp-block-paragraph\">Estamos, portanto, formando uma gera\u00e7\u00e3o extremamente conectada digitalmente, mas progressivamente desconectada do pr\u00f3prio corpo.<\/p>\n\n\n\n<p class=\"wp-block-paragraph\">E \u00e9 exatamente nesse cen\u00e1rio que o papel do profissional de Educa\u00e7\u00e3o F\u00edsica se torna ainda mais relevante.<\/p>\n\n\n\n<p class=\"wp-block-paragraph\">Durante muito tempo, a imagem social do profissional de Educa\u00e7\u00e3o F\u00edsica esteve associada quase exclusivamente \u00e0 academia, ao esporte ou \u00e0 busca por um corpo esteticamente valorizado.<\/p>\n\n\n\n<p class=\"wp-block-paragraph\">Mas essa vis\u00e3o \u00e9 limitada.<\/p>\n\n\n\n<p class=\"wp-block-paragraph\">O profissional de Educa\u00e7\u00e3o F\u00edsica contempor\u00e2neo atua &nbsp;ou deveria atuar em um territ\u00f3rio muito mais amplo.<\/p>\n\n\n\n<p class=\"wp-block-paragraph\">Ele est\u00e1 nas escolas, contribuindo para o desenvolvimento motor, cognitivo e social de crian\u00e7as e adolescentes.<\/p>\n\n\n\n<p class=\"wp-block-paragraph\">Est\u00e1 nos projetos esportivos, utilizando o esporte como ferramenta de inclus\u00e3o, disciplina e cidadania.<\/p>\n\n\n\n<p class=\"wp-block-paragraph\">Est\u00e1 nas academias, orientando pessoas com os mais diferentes objetivos e necessidades.<\/p>\n\n\n\n<p class=\"wp-block-paragraph\">Est\u00e1 nos programas de sa\u00fade p\u00fablica, ajudando a combater doen\u00e7as cr\u00f4nicas.<\/p>\n\n\n\n<p class=\"wp-block-paragraph\">Est\u00e1 nas empresas, enfrentando um dos grandes desafios do nosso tempo: o impacto do trabalho sedent\u00e1rio sobre a sa\u00fade f\u00edsica e mental das pessoas.<\/p>\n\n\n\n<p class=\"wp-block-paragraph\">Est\u00e1 no envelhecimento, ajudando idosos a preservarem algo que deveria ser considerado um dos maiores indicadores de sa\u00fade:&nbsp;<strong>a autonomia<\/strong>.<\/p>\n\n\n\n<p class=\"wp-block-paragraph\">Porque, no final das contas, n\u00e3o existe exerc\u00edcio f\u00edsico sem um objetivo humano.<\/p>\n\n\n\n<p class=\"wp-block-paragraph\">Uma pessoa pode treinar para correr uma maratona.<\/p>\n\n\n\n<p class=\"wp-block-paragraph\">Mas tamb\u00e9m pode treinar para conseguir subir as escadas de casa.<\/p>\n\n\n\n<p class=\"wp-block-paragraph\">Pode querer ganhar massa muscular.<\/p>\n\n\n\n<p class=\"wp-block-paragraph\">Ou simplesmente recuperar a for\u00e7a necess\u00e1ria para brincar com os filhos.<\/p>\n\n\n\n<p class=\"wp-block-paragraph\">Pode buscar performance.<\/p>\n\n\n\n<p class=\"wp-block-paragraph\">Ou apenas n\u00e3o perder a independ\u00eancia.<\/p>\n\n\n\n<p class=\"wp-block-paragraph\">\u00c9 por isso que reduzir o profissional de Educa\u00e7\u00e3o F\u00edsica \u00e0 imagem de algu\u00e9m que \u201cpassa treino\u201d \u00e9 n\u00e3o compreender a profundidade da profiss\u00e3o.<\/p>\n\n\n\n<p class=\"wp-block-paragraph\"><strong>N\u00f3s n\u00e3o trabalhamos apenas com m\u00fasculos. Trabalhamos com possibilidades humanas.<\/strong><\/p>\n\n\n\n<p class=\"wp-block-paragraph\">A ci\u00eancia j\u00e1 n\u00e3o permite tratar a atividade f\u00edsica como um simples complemento de uma vida saud\u00e1vel.<\/p>\n\n\n\n<p class=\"wp-block-paragraph\">Ela \u00e9 parte fundamental dela.<\/p>\n\n\n\n<p class=\"wp-block-paragraph\">A Organiza\u00e7\u00e3o Mundial da Sa\u00fade recomenda, para adultos, pelo menos 150 minutos semanais de atividade f\u00edsica de intensidade moderada ou 75 minutos de atividade vigorosa, considerando que o movimento regular contribui para a preven\u00e7\u00e3o e o manejo de doen\u00e7as cardiovasculares, diabetes, alguns tipos de c\u00e2ncer e tamb\u00e9m para a sa\u00fade mental e cerebral.&nbsp;<\/p>\n\n\n\n<p class=\"wp-block-paragraph\">Mas existe um detalhe importante:&nbsp;<strong>saber que precisamos nos movimentar n\u00e3o significa, necessariamente, conseguir transformar esse conhecimento em comportamento.<\/strong><\/p>\n\n\n\n<p class=\"wp-block-paragraph\">E talvez seja justamente nesse ponto que reside uma das maiores contribui\u00e7\u00f5es do profissional de Educa\u00e7\u00e3o F\u00edsica.<\/p>\n\n\n\n<p class=\"wp-block-paragraph\">A internet est\u00e1 cheia de treinos.<\/p>\n\n\n\n<p class=\"wp-block-paragraph\">As redes sociais est\u00e3o repletas de influenciadores fitness.<\/p>\n\n\n\n<p class=\"wp-block-paragraph\">Aplicativos contam passos, calorias e horas de sono.<\/p>\n\n\n\n<p class=\"wp-block-paragraph\">Intelig\u00eancias artificiais podem criar planilhas de treinamento em segundos.<\/p>\n\n\n\n<p class=\"wp-block-paragraph\">Mas nenhuma tecnologia, por mais avan\u00e7ada que seja, consegue substituir completamente a capacidade humana de observar contexto, compreender limita\u00e7\u00f5es, identificar comportamentos e adaptar estrat\u00e9gias \u00e0 realidade de cada indiv\u00edduo.<\/p>\n\n\n\n<p class=\"wp-block-paragraph\">Uma pessoa n\u00e3o deixa de praticar exerc\u00edcios simplesmente porque n\u00e3o conhece os benef\u00edcios.<\/p>\n\n\n\n<p class=\"wp-block-paragraph\">Muitas vezes, ela deixa porque est\u00e1 cansada.<\/p>\n\n\n\n<p class=\"wp-block-paragraph\">Porque n\u00e3o encontra tempo.<\/p>\n\n\n\n<p class=\"wp-block-paragraph\">Porque sente dor.<\/p>\n\n\n\n<p class=\"wp-block-paragraph\">Porque tem medo de se machucar.<\/p>\n\n\n\n<p class=\"wp-block-paragraph\">Porque j\u00e1 tentou v\u00e1rias vezes e desistiu.<\/p>\n\n\n\n<p class=\"wp-block-paragraph\">Porque se sente constrangida em determinados ambientes.<\/p>\n\n\n\n<p class=\"wp-block-paragraph\">Porque acredita que exerc\u00edcio \u00e9 sin\u00f4nimo de sofrimento.<\/p>\n\n\n\n<p class=\"wp-block-paragraph\">Ou, simplesmente, porque ainda n\u00e3o encontrou uma forma de movimento que fa\u00e7a sentido para sua vida.<\/p>\n\n\n\n<p class=\"wp-block-paragraph\"><strong>Prescrever um exerc\u00edcio \u00e9 relativamente simples. Construir ader\u00eancia \u00e9 muito mais complexo.<\/strong><\/p>\n\n\n\n<p class=\"wp-block-paragraph\">E essa \u00e9 uma das compet\u00eancias mais importantes do bom profissional.<\/p>\n\n\n\n<p class=\"wp-block-paragraph\">Os dados brasileiros mostram avan\u00e7os, mas tamb\u00e9m revelam que ainda estamos distantes de uma sociedade verdadeiramente ativa.<\/p>\n\n\n\n<p class=\"wp-block-paragraph\">A Pesquisa Nacional de Sa\u00fade de 2019 mostrou que 30,1% dos adultos brasileiros atingiam o n\u00edvel recomendado de atividade f\u00edsica no lazer. Na mesma pesquisa, 40,3% dos adultos foram classificados como insuficientemente ativos quando considerados os diferentes dom\u00ednios da vida.&nbsp;<\/p>\n\n\n\n<p class=\"wp-block-paragraph\">Esses n\u00fameros precisam ser interpretados com intelig\u00eancia.<\/p>\n\n\n\n<p class=\"wp-block-paragraph\">N\u00e3o estamos falando apenas de pessoas que \u201cn\u00e3o gostam de academia\u201d.<\/p>\n\n\n\n<p class=\"wp-block-paragraph\">Estamos falando de um problema que envolve urbaniza\u00e7\u00e3o, seguran\u00e7a p\u00fablica, desigualdade social, longas jornadas de trabalho, acesso a espa\u00e7os adequados e cultura.<\/p>\n\n\n\n<p class=\"wp-block-paragraph\">\u00c9 f\u00e1cil dizer para algu\u00e9m: \u201cVoc\u00ea precisa se exercitar.\u201d<\/p>\n\n\n\n<p class=\"wp-block-paragraph\">Mais dif\u00edcil \u00e9 perguntar:<\/p>\n\n\n\n<p class=\"wp-block-paragraph\"><strong>Onde?<\/strong><\/p>\n\n\n\n<p class=\"wp-block-paragraph\"><strong>Quando?<\/strong><\/p>\n\n\n\n<p class=\"wp-block-paragraph\"><strong>Com que recursos?<\/strong><\/p>\n\n\n\n<p class=\"wp-block-paragraph\"><strong>Em quais condi\u00e7\u00f5es?<\/strong><\/p>\n\n\n\n<p class=\"wp-block-paragraph\">Por isso, promover sa\u00fade por meio do movimento exige mais do que impulso individual.<\/p>\n\n\n\n<p class=\"wp-block-paragraph\">Exige ambientes que favore\u00e7am escolhas saud\u00e1veis.<\/p>\n\n\n\n<p class=\"wp-block-paragraph\">Cidades mais caminh\u00e1veis.<\/p>\n\n\n\n<p class=\"wp-block-paragraph\">Parques e espa\u00e7os p\u00fablicos seguros.<\/p>\n\n\n\n<p class=\"wp-block-paragraph\">Escolas que valorizem a Educa\u00e7\u00e3o F\u00edsica.<\/p>\n\n\n\n<p class=\"wp-block-paragraph\">Empresas que compreendam que sa\u00fade n\u00e3o pode ser discutida apenas quando o afastamento acontece.<\/p>\n\n\n\n<p class=\"wp-block-paragraph\">E pol\u00edticas p\u00fablicas que reconhe\u00e7am o movimento como uma ferramenta de preven\u00e7\u00e3o.<\/p>\n\n\n\n<p class=\"wp-block-paragraph\">A pr\u00f3pria Organiza\u00e7\u00e3o Mundial da Sa\u00fade destaca que o enfrentamento da inatividade f\u00edsica exige uma abordagem de toda a sociedade, tornando a pr\u00e1tica acess\u00edvel, segura e poss\u00edvel para diferentes grupos da popula\u00e7\u00e3o.&nbsp;<\/p>\n\n\n\n<p class=\"wp-block-paragraph\">Existe ainda uma dimens\u00e3o pouco discutida da nossa profiss\u00e3o: a educa\u00e7\u00e3o.<\/p>\n\n\n\n<p class=\"wp-block-paragraph\">Um bom profissional n\u00e3o deveria criar depend\u00eancia.<\/p>\n\n\n\n<p class=\"wp-block-paragraph\">Deveria ensinar autonomia.<\/p>\n\n\n\n<p class=\"wp-block-paragraph\">N\u00e3o deveria fazer com que o aluno acreditasse que s\u00f3 consegue se exercitar quando algu\u00e9m est\u00e1 ao seu lado.<\/p>\n\n\n\n<p class=\"wp-block-paragraph\">Deveria ajud\u00e1-lo a compreender o pr\u00f3prio corpo.<\/p>\n\n\n\n<p class=\"wp-block-paragraph\">A reconhecer seus limites.<\/p>\n\n\n\n<p class=\"wp-block-paragraph\">A perceber sua evolu\u00e7\u00e3o.<\/p>\n\n\n\n<p class=\"wp-block-paragraph\">A entender que sa\u00fade n\u00e3o \u00e9 constru\u00edda em desafios de trinta dias, mas nas escolhas repetidas ao longo dos anos.<\/p>\n\n\n\n<p class=\"wp-block-paragraph\">A palavra \u201ceduca\u00e7\u00e3o\u201d presente no nome da profiss\u00e3o n\u00e3o est\u00e1 ali por acaso.<\/p>\n\n\n\n<p class=\"wp-block-paragraph\">Nosso papel n\u00e3o \u00e9 apenas ensinar algu\u00e9m a executar um movimento corretamente.<\/p>\n\n\n\n<p class=\"wp-block-paragraph\">\u00c9 ajudar a pessoa a construir uma nova rela\u00e7\u00e3o com o movimento.<\/p>\n\n\n\n<p class=\"wp-block-paragraph\">Porque um corpo saud\u00e1vel n\u00e3o \u00e9 necessariamente o corpo mais forte, mais magro ou mais esteticamente admirado.<\/p>\n\n\n\n<p class=\"wp-block-paragraph\">Um corpo saud\u00e1vel \u00e9, antes de tudo, um corpo funcional para a vida que aquela pessoa deseja viver.<\/p>\n\n\n\n<p class=\"wp-block-paragraph\">O futuro provavelmente ser\u00e1 ainda mais tecnol\u00f3gico.<\/p>\n\n\n\n<p class=\"wp-block-paragraph\">Teremos mais automa\u00e7\u00e3o.<\/p>\n\n\n\n<p class=\"wp-block-paragraph\">Mais intelig\u00eancia artificial.<\/p>\n\n\n\n<p class=\"wp-block-paragraph\">Mais trabalho remoto.<\/p>\n\n\n\n<p class=\"wp-block-paragraph\">Mais servi\u00e7os digitais.<\/p>\n\n\n\n<p class=\"wp-block-paragraph\">E, paradoxalmente, talvez precisemos nos esfor\u00e7ar cada vez mais para realizar aquilo que nossos antepassados faziam naturalmente:&nbsp;<strong>movimentar-se.<\/strong><\/p>\n\n\n\n<p class=\"wp-block-paragraph\">\u00c9 por isso que acredito que o profissional de Educa\u00e7\u00e3o F\u00edsica ser\u00e1 cada vez menos um simples \u201cinstrutor de exerc\u00edcios\u201d e cada vez mais um&nbsp;<strong>especialista em comportamento, preven\u00e7\u00e3o, movimento humano e qualidade de vida<\/strong>.<\/p>\n\n\n\n<p class=\"wp-block-paragraph\">Nossa responsabilidade n\u00e3o \u00e9 pequena.<\/p>\n\n\n\n<p class=\"wp-block-paragraph\">Vivemos em uma sociedade que medicaliza sintomas, mas muitas vezes ignora comportamentos.<\/p>\n\n\n\n<p class=\"wp-block-paragraph\">Que busca solu\u00e7\u00f5es r\u00e1pidas para problemas constru\u00eddos durante d\u00e9cadas.<\/p>\n\n\n\n<p class=\"wp-block-paragraph\">Que deseja sa\u00fade, mas frequentemente organiza a pr\u00f3pria rotina de maneira incompat\u00edvel com ela.<\/p>\n\n\n\n<p class=\"wp-block-paragraph\">O profissional de Educa\u00e7\u00e3o F\u00edsica ocupa um espa\u00e7o estrat\u00e9gico nesse cen\u00e1rio.<\/p>\n\n\n\n<p class=\"wp-block-paragraph\">Porque o movimento n\u00e3o cura todos os problemas da humanidade.<\/p>\n\n\n\n<p class=\"wp-block-paragraph\">Mas sua aus\u00eancia contribui para muitos deles.<\/p>\n\n\n\n<p class=\"wp-block-paragraph\">Neste Dia do Profissional de Educa\u00e7\u00e3o F\u00edsica, talvez a maior homenagem que possamos receber seja o reconhecimento de que nossa profiss\u00e3o n\u00e3o trabalha apenas para transformar corpos.<\/p>\n\n\n\n<p class=\"wp-block-paragraph\"><strong>Trabalhamos para preservar autonomia.<\/strong><\/p>\n\n\n\n<p class=\"wp-block-paragraph\"><strong>Para prevenir doen\u00e7as.<\/strong><\/p>\n\n\n\n<p class=\"wp-block-paragraph\"><strong>Para melhorar rela\u00e7\u00f5es com o pr\u00f3prio corpo.<\/strong><\/p>\n\n\n\n<p class=\"wp-block-paragraph\"><strong>Para devolver confian\u00e7a.<\/strong><\/p>\n\n\n\n<p class=\"wp-block-paragraph\"><strong>Para ensinar disciplina.<\/strong><\/p>\n\n\n\n<p class=\"wp-block-paragraph\"><strong>Para promover encontros.<\/strong><\/p>\n\n\n\n<p class=\"wp-block-paragraph\"><strong>Para transformar tempo em qualidade de vida.<\/strong><\/p>\n\n\n\n<p class=\"wp-block-paragraph\">Em uma sociedade cada vez mais acelerada, automatizada e sedent\u00e1ria, talvez o profissional de Educa\u00e7\u00e3o F\u00edsica tenha uma das miss\u00f5es mais modernas e, ao mesmo tempo, mais antigas da humanidade:<\/p>\n\n\n\n<p class=\"wp-block-paragraph\"><strong>lembrar as pessoas de algo essencial: fomos feitos para nos mover.<\/strong><\/p>\n\n\n\n<p class=\"wp-block-paragraph\">E, talvez, cuidar do movimento seja uma das formas mais inteligentes de cuidar da vida.<\/p>\n\n\n\n<p class=\"wp-block-paragraph\"><strong>Feliz Dia do Profissional de Educa\u00e7\u00e3o F\u00edsica a todos aqueles que compreenderam que ensinar algu\u00e9m a se movimentar pode ser muito mais do que ensinar um exerc\u00edcio. Pode ser ajud\u00e1-lo a viver melhor.<\/strong><\/p>\n\n\n\n<p class=\"wp-block-paragraph\"><\/p>\n\n\n\n<h3 class=\"wp-block-heading has-text-align-center\">Joelson Mora<\/h3>\n\n\n\n<div class=\"wp-block-columns is-layout-flex wp-container-core-columns-is-layout-8f761849 wp-block-columns-is-layout-flex\">\n<div class=\"wp-block-column is-layout-flow wp-block-column-is-layout-flow\">\n<h3 class=\"wp-block-heading has-text-align-center has-electric-grass-gradient-background has-background\"><a href=\"https:\/\/www.facebook.com\/joelson.mora\" target=\"_blank\" rel=\"noopener\">Facebook<\/a><\/h3>\n<\/div>\n\n\n\n<div class=\"wp-block-column is-layout-flow wp-block-column-is-layout-flow\">\n<h3 class=\"wp-block-heading has-text-align-center has-electric-grass-gradient-background has-background\"><a href=\"https:\/\/www.instagram.com\/ojoelsonmora\/\">Instagram<\/a><\/h3>\n<\/div>\n<\/div>\n\n\n\n<p class=\"wp-block-paragraph\"><a href=\"https:\/\/jornalrol.com.br\/\">Voltar<\/a><\/p>\n\n\n\n<p class=\"wp-block-paragraph\"><a href=\"https:\/\/www.facebook.com\/JCulturalrol\/\">Facebook<\/a><\/p>\n","protected":false},"excerpt":{"rendered":"<p>No Dia da Educa\u00e7\u00e3o F\u00edsica, Joelson Mora prop\u00f5e uma reflex\u00e3o: qual o papel do profissional em uma sociedade hiperconectada, mas im\u00f3vel? Leia no Jornal ROL.<\/p>\n","protected":false},"author":101,"featured_media":84024,"comment_status":"open","ping_status":"closed","sticky":false,"template":"","format":"standard","meta":{"_jetpack_newsletter_access":"","_jetpack_dont_email_post_to_subs":false,"_jetpack_newsletter_tier_id":0,"_jetpack_memberships_contains_paywalled_content":false,"_jetpack_memberships_contains_paid_content":false,"footnotes":""},"categories":[17737,18456],"tags":[18454,18453,18455,18451,11592,18452,11541],"class_list":["post-84023","post","type-post","status-publish","format-standard","has-post-thumbnail","hentry","category-artigos-2","category-saude-integral-artigos-2","tag-atividade-fisica","tag-dia-da-educacao-fisica","tag-movimento-corporeo","tag-qualidade-de-vida","tag-saude-integral","tag-saude-publica","tag-sedentarismo"],"aioseo_notices":[],"aioseo_head":"\n\t\t<!-- All in One SEO 5.0.1.1 - aioseo.com -->\n\t<meta name=\"description\" content=\"No Dia da Educa\u00e7\u00e3o F\u00edsica, Joelson Mora prop\u00f5e uma reflex\u00e3o: qual o papel do profissional em uma sociedade hiperconectada, mas im\u00f3vel? Leia no Jornal ROL.\" \/>\n\t<meta name=\"robots\" content=\"max-image-preview:large\" \/>\n\t<meta name=\"author\" content=\"Joelson Mora da Silva\"\/>\n\t<link rel=\"canonical\" href=\"http:\/\/jornalrol.com.br\/?p=84023\" \/>\n\t<meta name=\"generator\" content=\"All in One SEO (AIOSEO) 5.0.1.1\" \/>\n\t\t<meta property=\"og:locale\" content=\"pt_BR\" \/>\n\t\t<meta property=\"og:site_name\" content=\"Jornal Cultural Rol - Desde 1994 promovendo a cultura\" \/>\n\t\t<meta property=\"og:type\" content=\"article\" \/>\n\t\t<meta property=\"og:title\" content=\"O Profissional de Educa\u00e7\u00e3o F\u00edsica e a Sociedade\" \/>\n\t\t<meta property=\"og:description\" content=\"No Dia da Educa\u00e7\u00e3o F\u00edsica, Joelson Mora prop\u00f5e uma reflex\u00e3o: qual o papel do profissional em uma sociedade hiperconectada, mas im\u00f3vel? Leia no Jornal ROL.\" \/>\n\t\t<meta property=\"og:url\" content=\"http:\/\/jornalrol.com.br\/?p=84023\" \/>\n\t\t<meta property=\"og:image\" content=\"http:\/\/jornalrol.com.br\/wp-content\/uploads\/2023\/05\/JornalCulturalRol_150x173.png\" \/>\n\t\t<meta property=\"og:image:width\" content=\"150\" \/>\n\t\t<meta property=\"og:image:height\" content=\"174\" \/>\n\t\t<meta property=\"article:published_time\" content=\"2026-09-02T12:53:11+00:00\" \/>\n\t\t<meta property=\"article:modified_time\" content=\"2026-09-02T13:05:56+00:00\" \/>\n\t\t<meta property=\"article:publisher\" content=\"https:\/\/www.facebook.com\/JCulturalrol\" \/>\n\t\t<meta name=\"twitter:card\" content=\"summary_large_image\" \/>\n\t\t<meta name=\"twitter:title\" content=\"O Profissional de Educa\u00e7\u00e3o F\u00edsica e a Sociedade\" \/>\n\t\t<meta name=\"twitter:description\" content=\"No Dia da Educa\u00e7\u00e3o F\u00edsica, Joelson Mora prop\u00f5e uma reflex\u00e3o: qual o papel do profissional em uma sociedade hiperconectada, mas im\u00f3vel? Leia no Jornal ROL.\" \/>\n\t\t<meta name=\"twitter:image\" content=\"http:\/\/jornalrol.com.br\/wp-content\/uploads\/2023\/05\/JornalCulturalRol_150x173.png\" \/>\n\t\t<script type=\"application\/ld+json\" class=\"aioseo-schema\">\n\t\t\t{\"@context\":\"https:\\\/\\\/schema.org\",\"@graph\":[{\"@type\":\"BlogPosting\",\"@id\":\"http:\\\/\\\/jornalrol.com.br\\\/?p=84023#blogposting\",\"name\":\"O Profissional de Educa\\u00e7\\u00e3o F\\u00edsica e a Sociedade\",\"headline\":\"O profissional de Educa\\u00e7\\u00e3o F\\u00edsica\",\"author\":{\"@id\":\"http:\\\/\\\/jornalrol.com.br\\\/?author=101#author\"},\"publisher\":{\"@id\":\"http:\\\/\\\/jornalrol.com.br\\\/#organization\"},\"image\":{\"@type\":\"ImageObject\",\"url\":\"http:\\\/\\\/jornalrol.com.br\\\/wp-content\\\/uploads\\\/2026\\\/09\\\/ED903F04-8456-422C-82CB-F68EC09CC51C.jpg\",\"width\":1254,\"height\":1254,\"caption\":\"Fotografia em preto e branco do colunista Joelson Mora fazendo exerc\\u00edcio com um halter, ao lado de um texto comemorativo em verde e branco que diz: 01 de Setembro, Dia do Profissional de Educa\\u00e7\\u00e3o F\\u00edsica. Mais que movimento. Transforma\\u00e7\\u00e3o de vidas.\"},\"datePublished\":\"2026-09-02T09:53:11-03:00\",\"dateModified\":\"2026-09-02T10:05:56-03:00\",\"inLanguage\":\"pt-BR\",\"commentCount\":2,\"mainEntityOfPage\":{\"@id\":\"http:\\\/\\\/jornalrol.com.br\\\/?p=84023#webpage\"},\"isPartOf\":{\"@id\":\"http:\\\/\\\/jornalrol.com.br\\\/?p=84023#webpage\"},\"articleSection\":\"Artigos, Sa\\u00fade integral, Atividade f\\u00edsica, Dia da Educa\\u00e7\\u00e3o F\\u00edsica, Movimento corp\\u00f3reo, Qualidade de vida, sa\\u00fade integral, Sa\\u00fade p\\u00fablica, sedentarismo\"},{\"@type\":\"BreadcrumbList\",\"@id\":\"http:\\\/\\\/jornalrol.com.br\\\/?p=84023#breadcrumblist\",\"itemListElement\":[{\"@type\":\"ListItem\",\"@id\":\"http:\\\/\\\/jornalrol.com.br#listItem\",\"position\":1,\"name\":\"In\\u00edcio\",\"item\":\"http:\\\/\\\/jornalrol.com.br\",\"nextItem\":{\"@type\":\"ListItem\",\"@id\":\"http:\\\/\\\/jornalrol.com.br\\\/?cat=17737#listItem\",\"name\":\"Artigos\"}},{\"@type\":\"ListItem\",\"@id\":\"http:\\\/\\\/jornalrol.com.br\\\/?cat=17737#listItem\",\"position\":2,\"name\":\"Artigos\",\"item\":\"http:\\\/\\\/jornalrol.com.br\\\/?cat=17737\",\"nextItem\":{\"@type\":\"ListItem\",\"@id\":\"http:\\\/\\\/jornalrol.com.br\\\/?cat=18456#listItem\",\"name\":\"Sa\\u00fade integral\"},\"previousItem\":{\"@type\":\"ListItem\",\"@id\":\"http:\\\/\\\/jornalrol.com.br#listItem\",\"name\":\"In\\u00edcio\"}},{\"@type\":\"ListItem\",\"@id\":\"http:\\\/\\\/jornalrol.com.br\\\/?cat=18456#listItem\",\"position\":3,\"name\":\"Sa\\u00fade integral\",\"item\":\"http:\\\/\\\/jornalrol.com.br\\\/?cat=18456\",\"nextItem\":{\"@type\":\"ListItem\",\"@id\":\"http:\\\/\\\/jornalrol.com.br\\\/?p=84023#listItem\",\"name\":\"O profissional de Educa\\u00e7\\u00e3o F\\u00edsica\"},\"previousItem\":{\"@type\":\"ListItem\",\"@id\":\"http:\\\/\\\/jornalrol.com.br\\\/?cat=17737#listItem\",\"name\":\"Artigos\"}},{\"@type\":\"ListItem\",\"@id\":\"http:\\\/\\\/jornalrol.com.br\\\/?p=84023#listItem\",\"position\":4,\"name\":\"O profissional de Educa\\u00e7\\u00e3o F\\u00edsica\",\"previousItem\":{\"@type\":\"ListItem\",\"@id\":\"http:\\\/\\\/jornalrol.com.br\\\/?cat=18456#listItem\",\"name\":\"Sa\\u00fade integral\"}}]},{\"@type\":\"Organization\",\"@id\":\"http:\\\/\\\/jornalrol.com.br\\\/#organization\",\"name\":\"Jornal Cultural ROL\",\"description\":\"Desde 1994 promovendo a cultura\",\"url\":\"http:\\\/\\\/jornalrol.com.br\\\/\",\"telephone\":\"+5515996165768\",\"logo\":{\"@type\":\"ImageObject\",\"url\":\"http:\\\/\\\/jornalrol.com.br\\\/wp-content\\\/uploads\\\/2023\\\/05\\\/rol.png\",\"@id\":\"http:\\\/\\\/jornalrol.com.br\\\/?p=84023\\\/#organizationLogo\",\"width\":300,\"height\":122,\"caption\":\"Jornal Rol\"},\"image\":{\"@id\":\"http:\\\/\\\/jornalrol.com.br\\\/?p=84023\\\/#organizationLogo\"},\"sameAs\":[\"https:\\\/\\\/www.facebook.com\\\/JCulturalrol\",\"https:\\\/\\\/www.instagram.com\\\/jornalculturalrol\\\/\"]},{\"@type\":\"Person\",\"@id\":\"http:\\\/\\\/jornalrol.com.br\\\/?author=101#author\",\"url\":\"http:\\\/\\\/jornalrol.com.br\\\/?author=101\",\"name\":\"Joelson Mora da Silva\",\"image\":{\"@type\":\"ImageObject\",\"@id\":\"http:\\\/\\\/jornalrol.com.br\\\/?p=84023#authorImage\",\"url\":\"http:\\\/\\\/jornalrol.com.br\\\/wp-content\\\/uploads\\\/2024\\\/03\\\/f7527f63-bc50-4014-b60e-388d5852de49-600x600.jpg\",\"width\":96,\"height\":96,\"caption\":\"Joelson Mora da Silva\"}},{\"@type\":\"WebPage\",\"@id\":\"http:\\\/\\\/jornalrol.com.br\\\/?p=84023#webpage\",\"url\":\"http:\\\/\\\/jornalrol.com.br\\\/?p=84023\",\"name\":\"O Profissional de Educa\\u00e7\\u00e3o F\\u00edsica e a Sociedade\",\"description\":\"No Dia da Educa\\u00e7\\u00e3o F\\u00edsica, Joelson Mora prop\\u00f5e uma reflex\\u00e3o: qual o papel do profissional em uma sociedade hiperconectada, mas im\\u00f3vel? Leia no Jornal ROL.\",\"inLanguage\":\"pt-BR\",\"isPartOf\":{\"@id\":\"http:\\\/\\\/jornalrol.com.br\\\/#website\"},\"breadcrumb\":{\"@id\":\"http:\\\/\\\/jornalrol.com.br\\\/?p=84023#breadcrumblist\"},\"author\":{\"@id\":\"http:\\\/\\\/jornalrol.com.br\\\/?author=101#author\"},\"creator\":{\"@id\":\"http:\\\/\\\/jornalrol.com.br\\\/?author=101#author\"},\"image\":{\"@type\":\"ImageObject\",\"url\":\"http:\\\/\\\/jornalrol.com.br\\\/wp-content\\\/uploads\\\/2026\\\/09\\\/ED903F04-8456-422C-82CB-F68EC09CC51C.jpg\",\"@id\":\"http:\\\/\\\/jornalrol.com.br\\\/?p=84023\\\/#mainImage\",\"width\":1254,\"height\":1254,\"caption\":\"Fotografia em preto e branco do colunista Joelson Mora fazendo exerc\\u00edcio com um halter, ao lado de um texto comemorativo em verde e branco que diz: 01 de Setembro, Dia do Profissional de Educa\\u00e7\\u00e3o F\\u00edsica. Mais que movimento. Transforma\\u00e7\\u00e3o de vidas.\"},\"primaryImageOfPage\":{\"@id\":\"http:\\\/\\\/jornalrol.com.br\\\/?p=84023#mainImage\"},\"datePublished\":\"2026-09-02T09:53:11-03:00\",\"dateModified\":\"2026-09-02T10:05:56-03:00\"},{\"@type\":\"WebSite\",\"@id\":\"http:\\\/\\\/jornalrol.com.br\\\/#website\",\"url\":\"http:\\\/\\\/jornalrol.com.br\\\/\",\"name\":\"Jornal Cultural ROL\",\"description\":\"Desde 1994 promovendo a cultura\",\"inLanguage\":\"pt-BR\",\"publisher\":{\"@id\":\"http:\\\/\\\/jornalrol.com.br\\\/#organization\"}}]}\n\t\t<\/script>\n\t\t<!-- All in One SEO -->\n\n","aioseo_head_json":{"title":"O Profissional de Educa\u00e7\u00e3o F\u00edsica e a Sociedade","description":"No Dia da Educa\u00e7\u00e3o F\u00edsica, Joelson Mora prop\u00f5e uma reflex\u00e3o: qual o papel do profissional em uma sociedade hiperconectada, mas im\u00f3vel? Leia no Jornal ROL.","canonical_url":"http:\/\/jornalrol.com.br\/?p=84023","robots":"max-image-preview:large","keywords":"","webmasterTools":{"miscellaneous":""},"schema":{"@context":"https:\/\/schema.org","@graph":[{"@type":"BlogPosting","@id":"http:\/\/jornalrol.com.br\/?p=84023#blogposting","name":"O Profissional de Educa\u00e7\u00e3o F\u00edsica e a Sociedade","headline":"O profissional de Educa\u00e7\u00e3o F\u00edsica","author":{"@id":"http:\/\/jornalrol.com.br\/?author=101#author"},"publisher":{"@id":"http:\/\/jornalrol.com.br\/#organization"},"image":{"@type":"ImageObject","url":"http:\/\/jornalrol.com.br\/wp-content\/uploads\/2026\/09\/ED903F04-8456-422C-82CB-F68EC09CC51C.jpg","width":1254,"height":1254,"caption":"Fotografia em preto e branco do colunista Joelson Mora fazendo exerc\u00edcio com um halter, ao lado de um texto comemorativo em verde e branco que diz: 01 de Setembro, Dia do Profissional de Educa\u00e7\u00e3o F\u00edsica. Mais que movimento. Transforma\u00e7\u00e3o de vidas."},"datePublished":"2026-09-02T09:53:11-03:00","dateModified":"2026-09-02T10:05:56-03:00","inLanguage":"pt-BR","commentCount":2,"mainEntityOfPage":{"@id":"http:\/\/jornalrol.com.br\/?p=84023#webpage"},"isPartOf":{"@id":"http:\/\/jornalrol.com.br\/?p=84023#webpage"},"articleSection":"Artigos, Sa\u00fade integral, Atividade f\u00edsica, Dia da Educa\u00e7\u00e3o F\u00edsica, Movimento corp\u00f3reo, Qualidade de vida, sa\u00fade integral, Sa\u00fade p\u00fablica, sedentarismo"},{"@type":"BreadcrumbList","@id":"http:\/\/jornalrol.com.br\/?p=84023#breadcrumblist","itemListElement":[{"@type":"ListItem","@id":"http:\/\/jornalrol.com.br#listItem","position":1,"name":"In\u00edcio","item":"http:\/\/jornalrol.com.br","nextItem":{"@type":"ListItem","@id":"http:\/\/jornalrol.com.br\/?cat=17737#listItem","name":"Artigos"}},{"@type":"ListItem","@id":"http:\/\/jornalrol.com.br\/?cat=17737#listItem","position":2,"name":"Artigos","item":"http:\/\/jornalrol.com.br\/?cat=17737","nextItem":{"@type":"ListItem","@id":"http:\/\/jornalrol.com.br\/?cat=18456#listItem","name":"Sa\u00fade integral"},"previousItem":{"@type":"ListItem","@id":"http:\/\/jornalrol.com.br#listItem","name":"In\u00edcio"}},{"@type":"ListItem","@id":"http:\/\/jornalrol.com.br\/?cat=18456#listItem","position":3,"name":"Sa\u00fade integral","item":"http:\/\/jornalrol.com.br\/?cat=18456","nextItem":{"@type":"ListItem","@id":"http:\/\/jornalrol.com.br\/?p=84023#listItem","name":"O profissional de Educa\u00e7\u00e3o F\u00edsica"},"previousItem":{"@type":"ListItem","@id":"http:\/\/jornalrol.com.br\/?cat=17737#listItem","name":"Artigos"}},{"@type":"ListItem","@id":"http:\/\/jornalrol.com.br\/?p=84023#listItem","position":4,"name":"O profissional de Educa\u00e7\u00e3o F\u00edsica","previousItem":{"@type":"ListItem","@id":"http:\/\/jornalrol.com.br\/?cat=18456#listItem","name":"Sa\u00fade integral"}}]},{"@type":"Organization","@id":"http:\/\/jornalrol.com.br\/#organization","name":"Jornal Cultural ROL","description":"Desde 1994 promovendo a cultura","url":"http:\/\/jornalrol.com.br\/","telephone":"+5515996165768","logo":{"@type":"ImageObject","url":"http:\/\/jornalrol.com.br\/wp-content\/uploads\/2023\/05\/rol.png","@id":"http:\/\/jornalrol.com.br\/?p=84023\/#organizationLogo","width":300,"height":122,"caption":"Jornal Rol"},"image":{"@id":"http:\/\/jornalrol.com.br\/?p=84023\/#organizationLogo"},"sameAs":["https:\/\/www.facebook.com\/JCulturalrol","https:\/\/www.instagram.com\/jornalculturalrol\/"]},{"@type":"Person","@id":"http:\/\/jornalrol.com.br\/?author=101#author","url":"http:\/\/jornalrol.com.br\/?author=101","name":"Joelson Mora da Silva","image":{"@type":"ImageObject","@id":"http:\/\/jornalrol.com.br\/?p=84023#authorImage","url":"http:\/\/jornalrol.com.br\/wp-content\/uploads\/2024\/03\/f7527f63-bc50-4014-b60e-388d5852de49-600x600.jpg","width":96,"height":96,"caption":"Joelson Mora da Silva"}},{"@type":"WebPage","@id":"http:\/\/jornalrol.com.br\/?p=84023#webpage","url":"http:\/\/jornalrol.com.br\/?p=84023","name":"O Profissional de Educa\u00e7\u00e3o F\u00edsica e a Sociedade","description":"No Dia da Educa\u00e7\u00e3o F\u00edsica, Joelson Mora prop\u00f5e uma reflex\u00e3o: qual o papel do profissional em uma sociedade hiperconectada, mas im\u00f3vel? Leia no Jornal ROL.","inLanguage":"pt-BR","isPartOf":{"@id":"http:\/\/jornalrol.com.br\/#website"},"breadcrumb":{"@id":"http:\/\/jornalrol.com.br\/?p=84023#breadcrumblist"},"author":{"@id":"http:\/\/jornalrol.com.br\/?author=101#author"},"creator":{"@id":"http:\/\/jornalrol.com.br\/?author=101#author"},"image":{"@type":"ImageObject","url":"http:\/\/jornalrol.com.br\/wp-content\/uploads\/2026\/09\/ED903F04-8456-422C-82CB-F68EC09CC51C.jpg","@id":"http:\/\/jornalrol.com.br\/?p=84023\/#mainImage","width":1254,"height":1254,"caption":"Fotografia em preto e branco do colunista Joelson Mora fazendo exerc\u00edcio com um halter, ao lado de um texto comemorativo em verde e branco que diz: 01 de Setembro, Dia do Profissional de Educa\u00e7\u00e3o F\u00edsica. Mais que movimento. Transforma\u00e7\u00e3o de vidas."},"primaryImageOfPage":{"@id":"http:\/\/jornalrol.com.br\/?p=84023#mainImage"},"datePublished":"2026-09-02T09:53:11-03:00","dateModified":"2026-09-02T10:05:56-03:00"},{"@type":"WebSite","@id":"http:\/\/jornalrol.com.br\/#website","url":"http:\/\/jornalrol.com.br\/","name":"Jornal Cultural ROL","description":"Desde 1994 promovendo a cultura","inLanguage":"pt-BR","publisher":{"@id":"http:\/\/jornalrol.com.br\/#organization"}}]},"og:locale":"pt_BR","og:site_name":"Jornal Cultural Rol - Desde 1994 promovendo a cultura","og:type":"article","og:title":"O Profissional de Educa\u00e7\u00e3o F\u00edsica e a Sociedade","og:description":"No Dia da Educa\u00e7\u00e3o F\u00edsica, Joelson Mora prop\u00f5e uma reflex\u00e3o: qual o papel do profissional em uma sociedade hiperconectada, mas im\u00f3vel? Leia no Jornal ROL.","og:url":"http:\/\/jornalrol.com.br\/?p=84023","og:image":"http:\/\/jornalrol.com.br\/wp-content\/uploads\/2023\/05\/JornalCulturalRol_150x173.png","og:image:width":150,"og:image:height":174,"article:published_time":"2026-09-02T12:53:11+00:00","article:modified_time":"2026-09-02T13:05:56+00:00","article:publisher":"https:\/\/www.facebook.com\/JCulturalrol","twitter:card":"summary_large_image","twitter:title":"O Profissional de Educa\u00e7\u00e3o F\u00edsica e a Sociedade","twitter:description":"No Dia da Educa\u00e7\u00e3o F\u00edsica, Joelson Mora prop\u00f5e uma reflex\u00e3o: qual o papel do profissional em uma sociedade hiperconectada, mas im\u00f3vel? Leia no Jornal ROL.","twitter:image":"http:\/\/jornalrol.com.br\/wp-content\/uploads\/2023\/05\/JornalCulturalRol_150x173.png"},"aioseo_meta_data":{"post_id":"84023","title":"O Profissional de Educa\u00e7\u00e3o F\u00edsica e a Sociedade","description":null,"keywords":null,"keyphrases":{"focus":{"keyphrase":"","score":0,"analysis":{"keyphraseInTitle":{"score":0,"maxScore":9,"error":1}}},"additional":[]},"primary_term":null,"canonical_url":null,"og_title":null,"og_description":null,"og_object_type":"default","og_image_type":"default","og_image_url":null,"og_image_width":null,"og_image_height":null,"og_image_custom_url":null,"og_image_custom_fields":null,"og_video":"","og_custom_url":null,"og_article_section":null,"og_article_tags":null,"twitter_use_og":false,"twitter_card":"default","twitter_image_type":"default","twitter_image_url":null,"twitter_image_custom_url":null,"twitter_image_custom_fields":null,"twitter_title":null,"twitter_description":null,"schema":{"blockGraphs":[],"customGraphs":[],"default":{"data":{"Article":[],"Course":[],"Dataset":[],"FAQPage":[],"Movie":[],"Person":[],"Product":[],"ProductReview":[],"Car":[],"Recipe":[],"Service":[],"SoftwareApplication":[],"WebPage":[]},"graphName":"BlogPosting","isEnabled":true},"graphs":[]},"schema_type":"default","schema_type_options":null,"pillar_content":false,"robots_default":true,"robots_noindex":false,"robots_noarchive":false,"robots_nosnippet":false,"robots_nofollow":false,"robots_noimageindex":false,"robots_noodp":false,"robots_notranslate":false,"robots_max_snippet":"-1","robots_max_videopreview":"-1","robots_max_imagepreview":"large","priority":null,"frequency":"default","local_seo":null,"breadcrumb_settings":null,"limit_modified_date":false,"ai":{"faqs":[],"keyPoints":[],"schemas":[],"titles":[],"descriptions":[],"socialPosts":{"email":{"subject":"","preview":"","content":""},"linkedin":[],"twitter":[],"facebook":[],"instagram":[]}},"created":"2026-09-02 00:29:35","updated":"2026-09-02 13:15:31","seo_analyzer_scan_date":null,"focus_keyword":null,"additional_keywords":null,"truseo_locale":null},"aioseo_breadcrumb":"<div class=\"aioseo-breadcrumbs\"><span class=\"aioseo-breadcrumb\">\n\t\t\t<a href=\"http:\/\/jornalrol.com.br\" title=\"In\u00edcio\">In\u00edcio<\/a>\n\t\t<\/span><span class=\"aioseo-breadcrumb-separator\">&raquo;<\/span><span class=\"aioseo-breadcrumb\">\n\t\t\t<a href=\"http:\/\/jornalrol.com.br\/?cat=17737\" title=\"Artigos\">Artigos<\/a>\n\t\t<\/span><span class=\"aioseo-breadcrumb-separator\">&raquo;<\/span><span class=\"aioseo-breadcrumb\">\n\t\t\t<a href=\"http:\/\/jornalrol.com.br\/?cat=18456\" title=\"Sa\u00fade integral\">Sa\u00fade integral<\/a>\n\t\t<\/span><span class=\"aioseo-breadcrumb-separator\">&raquo;<\/span><span class=\"aioseo-breadcrumb\">\n\t\t\tO profissional de Educa\u00e7\u00e3o F\u00edsica\n\t\t<\/span><\/div>","aioseo_breadcrumb_json":[{"label":"In\u00edcio","link":"http:\/\/jornalrol.com.br"},{"label":"Artigos","link":"http:\/\/jornalrol.com.br\/?cat=17737"},{"label":"Sa\u00fade integral","link":"http:\/\/jornalrol.com.br\/?cat=18456"},{"label":"O profissional de Educa\u00e7\u00e3o F\u00edsica","link":"http:\/\/jornalrol.com.br\/?p=84023"}],"views":54,"jetpack_sharing_enabled":true,"jetpack_likes_enabled":true,"jetpack-related-posts":[{"id":75335,"url":"http:\/\/jornalrol.com.br\/?p=75335","url_meta":{"origin":84023,"position":0},"title":"Independ\u00eancia e sa\u00fade integral","author":"Joelson Mora da Silva","date":"3 de setembro de 2025","format":false,"excerpt":"SA\u00daDE INTEGRAL Joelson Mora: Independ\u00eancia e sa\u00fade integral Joelson Mora Imagem criada por IA do Bing - 02 de setembro de 2025, \u00e0s 10:20 PM A liberdade come\u00e7a no corpo e se expande para a vida. Setembro nos convida a celebrar duas datas importantes: o Dia do Profissional de Educa\u00e7\u00e3o\u2026","rel":"","context":"Em &quot;Literatura&quot;","block_context":{"text":"Literatura","link":"http:\/\/jornalrol.com.br\/?cat=9285"},"img":{"alt_text":"Imagem criada por IA do Bing - 02 de setembro de 2025, \u00e0s 10:20 PM","src":"https:\/\/i0.wp.com\/jornalrol.com.br\/wp-content\/uploads\/2025\/09\/1000707805.jpg?resize=350%2C200","width":350,"height":200,"srcset":"https:\/\/i0.wp.com\/jornalrol.com.br\/wp-content\/uploads\/2025\/09\/1000707805.jpg?resize=350%2C200 1x, https:\/\/i0.wp.com\/jornalrol.com.br\/wp-content\/uploads\/2025\/09\/1000707805.jpg?resize=525%2C300 1.5x, https:\/\/i0.wp.com\/jornalrol.com.br\/wp-content\/uploads\/2025\/09\/1000707805.jpg?resize=700%2C400 2x"},"classes":[]},{"id":64806,"url":"http:\/\/jornalrol.com.br\/?p=64806","url_meta":{"origin":84023,"position":1},"title":"No Quadro do ROL, Joelson Mora, o  Personal Trainer das Letras!","author":"Sergio Diniz da Costa","date":"5 de mar\u00e7o de 2024","format":false,"excerpt":"Joelson Mora \u00e9 apresentador do Joelson Podcast pela Fox Rock, a r\u00e1dio rock de Sorocaba, 87.7 FM, bem como escritor de cr\u00f4nicas e artigos cient\u00edficos...","rel":"","context":"Em &quot;Literatura&quot;","block_context":{"text":"Literatura","link":"http:\/\/jornalrol.com.br\/?cat=9285"},"img":{"alt_text":"O que \u00e9 a sa\u00fade integral?","src":"https:\/\/i0.wp.com\/jornalrol.com.br\/wp-content\/uploads\/2024\/03\/OIG1-1.jpg?resize=350%2C200","width":350,"height":200,"srcset":"https:\/\/i0.wp.com\/jornalrol.com.br\/wp-content\/uploads\/2024\/03\/OIG1-1.jpg?resize=350%2C200 1x, https:\/\/i0.wp.com\/jornalrol.com.br\/wp-content\/uploads\/2024\/03\/OIG1-1.jpg?resize=525%2C300 1.5x, https:\/\/i0.wp.com\/jornalrol.com.br\/wp-content\/uploads\/2024\/03\/OIG1-1.jpg?resize=700%2C400 2x"},"classes":[]},{"id":65157,"url":"http:\/\/jornalrol.com.br\/?p=65157","url_meta":{"origin":84023,"position":2},"title":"Os impactos na qualidade de vida e a transforma\u00e7\u00e3o de vidas","author":"Joelson Mora da Silva","date":"18 de mar\u00e7o de 2024","format":false,"excerpt":"Fomos criados para o movimento. O corpo humano \u00e9 multiarticulado, com 206 ossos e 650 m\u00fasculos, aproximadamente. Em uma pesquisa feita no meio corporativo...","rel":"","context":"Em &quot;Literatura&quot;","block_context":{"text":"Literatura","link":"http:\/\/jornalrol.com.br\/?cat=9285"},"img":{"alt_text":"\"O movimento \u00e9 o elo entre o Corpo e a Mente\"","src":"https:\/\/i0.wp.com\/jornalrol.com.br\/wp-content\/uploads\/2024\/03\/OIG2-6.jpg?resize=350%2C200","width":350,"height":200,"srcset":"https:\/\/i0.wp.com\/jornalrol.com.br\/wp-content\/uploads\/2024\/03\/OIG2-6.jpg?resize=350%2C200 1x, https:\/\/i0.wp.com\/jornalrol.com.br\/wp-content\/uploads\/2024\/03\/OIG2-6.jpg?resize=525%2C300 1.5x, https:\/\/i0.wp.com\/jornalrol.com.br\/wp-content\/uploads\/2024\/03\/OIG2-6.jpg?resize=700%2C400 2x"},"classes":[]},{"id":65325,"url":"http:\/\/jornalrol.com.br\/?p=65325","url_meta":{"origin":84023,"position":3},"title":"Sa\u00fade Integral &#8211; Atividade F\u00edsica x Exerc\u00edcios F\u00edsicos","author":"Joelson Mora da Silva","date":"27 de mar\u00e7o de 2024","format":false,"excerpt":"Ao refletir sobre a Sa\u00fade integral, \u00e9 crucial lembrar destes tr\u00eas pilares: alimenta\u00e7\u00e3o equilibrada, exerc\u00edcios f\u00edsicos regulares e o sono de qualidade..","rel":"","context":"Em &quot;Literatura&quot;","block_context":{"text":"Literatura","link":"http:\/\/jornalrol.com.br\/?cat=9285"},"img":{"alt_text":"'Sa\u00fade Integral - Atividade F\u00edsica x Exerc\u00edcios F\u00edsicos'","src":"https:\/\/i0.wp.com\/jornalrol.com.br\/wp-content\/uploads\/2024\/03\/image1_0-1.jpg?resize=350%2C200","width":350,"height":200,"srcset":"https:\/\/i0.wp.com\/jornalrol.com.br\/wp-content\/uploads\/2024\/03\/image1_0-1.jpg?resize=350%2C200 1x, https:\/\/i0.wp.com\/jornalrol.com.br\/wp-content\/uploads\/2024\/03\/image1_0-1.jpg?resize=525%2C300 1.5x, https:\/\/i0.wp.com\/jornalrol.com.br\/wp-content\/uploads\/2024\/03\/image1_0-1.jpg?resize=700%2C400 2x"},"classes":[]},{"id":67870,"url":"http:\/\/jornalrol.com.br\/?p=67870","url_meta":{"origin":84023,"position":4},"title":"Lidando com as decep\u00e7\u00f5es","author":"Joelson Mora da Silva","date":"1 de julho de 2024","format":false,"excerpt":"A sa\u00fade integral n\u00e3o se refere apenas ao bem-estar f\u00edsico, mas engloba tamb\u00e9m a sa\u00fade mental, emocional e espiritual. Entre os desafios mais comuns...","rel":"","context":"Em &quot;Literatura&quot;","block_context":{"text":"Literatura","link":"http:\/\/jornalrol.com.br\/?cat=9285"},"img":{"alt_text":"Sa\u00fade integral: lidando com as decep\u00e7\u00f5es","src":"https:\/\/i0.wp.com\/jornalrol.com.br\/wp-content\/uploads\/2024\/07\/OIG2-2.jpeg?resize=350%2C200","width":350,"height":200,"srcset":"https:\/\/i0.wp.com\/jornalrol.com.br\/wp-content\/uploads\/2024\/07\/OIG2-2.jpeg?resize=350%2C200 1x, https:\/\/i0.wp.com\/jornalrol.com.br\/wp-content\/uploads\/2024\/07\/OIG2-2.jpeg?resize=525%2C300 1.5x, https:\/\/i0.wp.com\/jornalrol.com.br\/wp-content\/uploads\/2024\/07\/OIG2-2.jpeg?resize=700%2C400 2x"},"classes":[]},{"id":66118,"url":"http:\/\/jornalrol.com.br\/?p=66118","url_meta":{"origin":84023,"position":5},"title":"Sa\u00fade Integral &#8211; Inspira, respira e n\u00e3o pira","author":"Joelson Mora da Silva","date":"2 de maio de 2024","format":false,"excerpt":"A origem da palavra esp\u00edrito vem do latim e tem significado no ser que respira; a respira\u00e7\u00e3o \u00e9 um processo vital que muitas vezes passa despercebido em nossa","rel":"","context":"Em &quot;Literatura&quot;","block_context":{"text":"Literatura","link":"http:\/\/jornalrol.com.br\/?cat=9285"},"img":{"alt_text":"Sa\u00fade integral","src":"https:\/\/i0.wp.com\/jornalrol.com.br\/wp-content\/uploads\/2024\/05\/OIG2-4.jpg?resize=350%2C200","width":350,"height":200},"classes":[]}],"jetpack_featured_media_url":"http:\/\/jornalrol.com.br\/wp-content\/uploads\/2026\/09\/ED903F04-8456-422C-82CB-F68EC09CC51C.jpg","_links":{"self":[{"href":"http:\/\/jornalrol.com.br\/index.php?rest_route=\/wp\/v2\/posts\/84023","targetHints":{"allow":["GET"]}}],"collection":[{"href":"http:\/\/jornalrol.com.br\/index.php?rest_route=\/wp\/v2\/posts"}],"about":[{"href":"http:\/\/jornalrol.com.br\/index.php?rest_route=\/wp\/v2\/types\/post"}],"author":[{"embeddable":true,"href":"http:\/\/jornalrol.com.br\/index.php?rest_route=\/wp\/v2\/users\/101"}],"replies":[{"embeddable":true,"href":"http:\/\/jornalrol.com.br\/index.php?rest_route=%2Fwp%2Fv2%2Fcomments&post=84023"}],"version-history":[{"count":3,"href":"http:\/\/jornalrol.com.br\/index.php?rest_route=\/wp\/v2\/posts\/84023\/revisions"}],"predecessor-version":[{"id":84036,"href":"http:\/\/jornalrol.com.br\/index.php?rest_route=\/wp\/v2\/posts\/84023\/revisions\/84036"}],"wp:featuredmedia":[{"embeddable":true,"href":"http:\/\/jornalrol.com.br\/index.php?rest_route=\/wp\/v2\/media\/84024"}],"wp:attachment":[{"href":"http:\/\/jornalrol.com.br\/index.php?rest_route=%2Fwp%2Fv2%2Fmedia&parent=84023"}],"wp:term":[{"taxonomy":"category","embeddable":true,"href":"http:\/\/jornalrol.com.br\/index.php?rest_route=%2Fwp%2Fv2%2Fcategories&post=84023"},{"taxonomy":"post_tag","embeddable":true,"href":"http:\/\/jornalrol.com.br\/index.php?rest_route=%2Fwp%2Fv2%2Ftags&post=84023"}],"curies":[{"name":"wp","href":"https:\/\/api.w.org\/{rel}","templated":true}]}}