{"id":12715,"date":"2017-09-02T19:52:09","date_gmt":"2017-09-02T22:52:09","guid":{"rendered":"http:\/\/www.jornalrol.com.br\/?p=12715"},"modified":"2023-09-16T07:34:37","modified_gmt":"2023-09-16T10:34:37","slug":"celso-lungaretti-em-publico-eles-nos-elogiavam-pelas-costas-nos-prejudicavam-terrivelmente","status":"publish","type":"post","link":"https:\/\/jornalrol.com.br\/?p=12715","title":{"rendered":"Celso Lungaretti: &#039;Em p\u00fablico, eles nos elogiavam.Pelas costas, nos prejudicavam terrivelmente!&#039;"},"content":{"rendered":"<div class=\"pdfprnt-buttons pdfprnt-buttons-post pdfprnt-top-right\"><a href=\"https:\/\/jornalrol.com.br\/index.php?rest_route=%2Fwp%2Fv2%2Fposts%2F12715&print=pdf\" class=\"pdfprnt-button pdfprnt-button-pdf\" target=\"_blank\" ><\/a><a href=\"https:\/\/jornalrol.com.br\/index.php?rest_route=%2Fwp%2Fv2%2Fposts%2F12715&print=print\" class=\"pdfprnt-button pdfprnt-button-print\" target=\"_blank\" ><img decoding=\"async\" src=\"https:\/\/jornalrol.com.br\/wp-content\/plugins\/pdf-print\/images\/print.png\" alt=\"image_print\" title=\"Conte\u00fado de impress\u00e3o\" \/><\/a><\/div><div class=\"nH br6\">\n<div class=\"nH\">\n<div class=\"ha\">\n<h2 tabindex=\"-1\"><a href=\"http:\/\/www.jornalrol.com.br\/celso-lungaretti-mensagem-de-aniversario\/foto-celso3-abril-17\/\" rel=\"attachment wp-att-9671\"><img loading=\"lazy\" decoding=\"async\" class=\"aligncenter size-medium wp-image-9671\" src=\"http:\/\/www.jornalrol.com.br\/wp-content\/uploads\/2017\/04\/Foto-Celso3-abril-17-225x300.jpg\" alt=\"\" width=\"225\" height=\"300\" \/><\/a><\/h2>\n<h2 id=\":zj\" class=\"hP\" style=\"text-align: center;\" tabindex=\"-1\">Celso Lungaretti: &#8216;A PERGUNTA QUE N\u00c3O QUER CALAR: PARA ONDE FORAM\u00a097,9% DOS RECURSOS DESTINADOS \u00c0S REPARA\u00c7\u00d5ES?<\/h2>\n<\/div>\n<\/div>\n<\/div>\n<p><!--more--><\/p>\n<div class=\"nH aHU\">\n<div class=\"nH hx\">\n<div class=\"nH\" role=\"list\">\n<div class=\"h7 ie nH oy8Mbf\" tabindex=\"-1\" role=\"listitem\">\n<div class=\"Bk\">\n<div class=\"G3 G2\">\n<div id=\":sm\">\n<div class=\"adn ads\">\n<div class=\"gs\">\n<div id=\":m8\" style=\"text-align: center;\" tabindex=\"-1\"><\/div>\n<div id=\":ly\" class=\"ii gt adP adO\">\n<div id=\":s7\" class=\"a3s aXjCH m15e42bbefc2197f0\">\n<div dir=\"ltr\">\n<div><\/div>\n<div>\n<div class=\"m_8643437587200455503gmail-tr_bq\">\n<p class=\"m_8643437587200455503gmail-separator\">\n<p><span style=\"color: #ff0000; font-family: 'arial black', sans-serif; font-size: xx-large;\"><b>P<\/b><\/span><span style=\"font-size: large;\"><span style=\"font-family: times, 'times new roman', serif;\">ara quem espera h\u00e1 mais de dez anos uma indeniza\u00e7\u00e3o retroativa que a Lei mandava pagar em 60 dias, foi simplesmente chocante tomar conhecimento (vide\u00a0<\/span><b><a href=\"https:\/\/naufrago-da-utopia.blogspot.com.br\/2017\/09\/habemus-acordao-um-desabafo.html\" target=\"_blank\" rel=\"noopener\" data-saferedirecturl=\"https:\/\/www.google.com\/url?hl=pt-BR&amp;q=https:\/\/naufrago-da-utopia.blogspot.com.br\/2017\/09\/habemus-acordao-um-desabafo.html&amp;source=gmail&amp;ust=1504446032625000&amp;usg=AFQjCNFbWY_stLYbxBzJqYUm9yZTcpuckA\"><span style=\"color: #ff0000; font-family: arial, helvetica, sans-serif;\">aqui<\/span><\/a><\/b><span style=\"font-family: times, 'times new roman', serif;\">) de que, durante todo esse tempo, a Uni\u00e3o s\u00f3 gastava 2,1% da dota\u00e7\u00e3o or\u00e7ament\u00e1ria existente para as repara\u00e7\u00f5es a ex-presos pol\u00edticos.\u00a0<\/span><\/span><\/p>\n<\/div>\n<div>\n<p><span style=\"font-family: times, 'times new roman', serif; font-size: large;\">Ou seja, tudo leva a crer que o parcelamento era desnecess\u00e1rio e que os anistiados que a ele aderiram de boa f\u00e9 fizeram um p\u00e9ssimo neg\u00f3cio, ao, sob falso pretexto, concordarem em ver dilu\u00eddo por quase oito anos o que deveriam ter recebido de imediato.<\/span><\/p>\n<\/div>\n<div>\n<p><span style=\"font-family: times, 'times new roman', serif; font-size: large;\">Pior ainda foi o tratamento punitivo adotado contra quem se recusou a assinar tal Termo de Ades\u00e3o e passou a ser perseguido encarni\u00e7adamente pela Advocacia Geral da Uni\u00e3o, que moveu c\u00e9us e terras para retardar o cumprimento da Lei espec\u00edfica e de v\u00e1rias senten\u00e7as de julgamentos de m\u00e9rito.<\/span><\/p>\n<\/div>\n<div>\n<p><span style=\"font-size: large;\"><span style=\"font-family: times, 'times new roman', serif;\">A revela\u00e7\u00e3o de que,\u00a0<\/span><b><u><span style=\"font-family: arial, helvetica, sans-serif;\">nos dez primeiros anos, havia R$ 8,1 bilh\u00f5es dispon\u00edveis para honrar tais d\u00e9bitos e a Uni\u00e3o s\u00f3 utilizou R$ 168,3 milh\u00f5es<\/span><\/u><\/b><span style=\"font-family: times, 'times new roman', serif;\">, nos faz perceber que:<\/span><\/span><\/p>\n<\/div>\n<div>\n<p><span style=\"font-family: times, 'times new roman', serif; font-size: large;\">\u2014 provavelmente teria sido poss\u00edvel pagar a todos n\u00f3s no prazo legal de 60 dias;<\/span><\/p>\n<\/div>\n<div>\n<p><span style=\"font-size: large;\"><span style=\"font-family: times, 'times new roman', serif;\">\u2014 que h\u00e1 dois pontos importantes a serem esclarecidos, o de\u00a0<\/span><b><span style=\"font-family: arial, helvetica, sans-serif;\"><u>qual ter\u00e1 sido o verdadeiro motivo de a Uni\u00e3o haver adotado caminho t\u00e3o sinuoso<\/u><\/span><\/b><span style=\"font-family: times, 'times new roman', serif;\">\u00a0e o de\u00a0<\/span><b><u><span style=\"font-family: arial, helvetica, sans-serif;\">onde foram, afinal, parar tais recursos<\/span><\/u><\/b><span style=\"font-family: times, 'times new roman', serif;\">\u00a0(caso hajam sido realocados para outras finalidades, temos o direito de saber o que foi considerado mais importante do que nossos tormentos e afli\u00e7\u00f5es!);\u00a0<\/span><\/span><\/p>\n<\/div>\n<div>\n<p><span style=\"font-size: large;\"><span style=\"font-family: times, 'times new roman', serif;\">\u2014 que\u00a0<\/span><u><b><span style=\"font-family: arial, helvetica, sans-serif;\">os governantes do per\u00edodo, enquanto publicamente rasgavam seda para os ex-resistentes que sofremos o diabo na luta contra a tirania, longe de nossas vistas nos prejudicavam terrivelmente<\/span><\/b><\/u><span style=\"font-family: times, 'times new roman', serif;\">.<\/span><\/span><\/p>\n<\/div>\n<div>\n<p class=\"m_8643437587200455503gmail-separator\"><a href=\"http:\/\/radiopiratininga.com.br\/wp-content\/uploads\/2015\/05\/DOI-Codi.jpg\" target=\"_blank\" rel=\"noopener\" data-saferedirecturl=\"https:\/\/www.google.com\/url?hl=pt-BR&amp;q=http:\/\/radiopiratininga.com.br\/wp-content\/uploads\/2015\/05\/DOI-Codi.jpg&amp;source=gmail&amp;ust=1504446032625000&amp;usg=AFQjCNH9H3DOpxLB8apvJNmSHnwBNCc9_g\"><span style=\"font-size: large;\"><img loading=\"lazy\" decoding=\"async\" class=\"CToWUd alignright\" src=\"https:\/\/ci4.googleusercontent.com\/proxy\/z9vsfWmrlaEmMR2s6te-B-Km-sJpx_pN6S-6e-MkYJqORc5d1TAeJfBmrakaAp0wrd-l0AAGYCQ-UBDXHWnYAhXHcmK1O_YhClNHBCA_z7QeN2M-8JmjI3Ky3LeTn2Uim5XFdtMdfPf6LQYmzPtkzKe0984nNbjz6daqNDzsRhyWPjIDjCAIt7MN-LukxRPo7Oedl2r3s8Y8-RM8V_sKpOqWjS5ueJRENOL1_W52btCyV7eTPkWiwJbjI_d0AIcuSQGjDo1o8CqMVSRXNT0mzbbbIFx-jdqXmK8u95qMGT2MPBwLN_gW7Q=s0-d-e1-ft#https:\/\/images-blogger-opensocial.googleusercontent.com\/gadgets\/proxy?url=http%3A%2F%2Fradiopiratininga.com.br%2Fwp-content%2Fuploads%2F2015%2F05%2FDOI-Codi.jpg&amp;container=blogger&amp;gadget=a&amp;rewriteMime=image%2F*\" width=\"320\" height=\"272\" border=\"0\" \/><\/span><\/a><\/p>\n<p><span style=\"font-size: large;\"><span style=\"font-family: times, 'times new roman', serif;\">De resto, reproduzo abaixo o trecho do ac\u00f3rd\u00e3o no qual o ministro Edson Fachin, depois de elogiar a participa\u00e7\u00e3o no processo, como\u00a0<\/span><b><i><span style=\"font-family: arial, helvetica, sans-serif;\">amicus curiae<\/span><\/i><\/b><span style=\"font-family: times, 'times new roman', serif;\">, da Associa\u00e7\u00e3o Brasileira de Anistiados Pol\u00edticos, citou trechos do documento incorporado ao processo pela Abap, para em seguida, considerando-os corretos, deles extrair suas conclus\u00f5es:<\/span><\/span><\/p>\n<\/div>\n<\/div>\n<div>\n<blockquote class=\"m_8643437587200455503gmail-tr_bq\"><p><b><span style=\"color: #ff0000; font-family: 'courier new', courier, monospace; font-size: xx-large;\">&#8220;<\/span><\/b><span style=\"font-family: times, 'times new roman', serif; font-size: large;\">&#8230; as Leis Or\u00e7ament\u00e1rias Anuais de 2004 at\u00e9 2013 previram R$ 8.061.222.869,00 para o pagamento de anistiados pol\u00edticos.\u00a0<\/span><\/p><\/blockquote>\n<blockquote class=\"m_8643437587200455503gmail-tr_bq\"><p><span style=\"font-family: times, 'times new roman', serif; font-size: large;\">Segundo o\u00a0<b><u>Portal da Transpar\u00eancia<\/u><\/b>, o valor total gasto de 2004 at\u00e9 2013 com anistiados pol\u00edticos corresponde a R$ 168.281.869,60.\u00a0<\/span><\/p><\/blockquote>\n<blockquote class=\"m_8643437587200455503gmail-tr_bq\"><p><span style=\"font-family: times, 'times new roman', serif; font-size: large;\">Em outras palavras, 2,1% do total previsto nas leis or\u00e7ament\u00e1rias atuais para indeniza\u00e7\u00e3o de anistiados foram efetivamente gastos, segundo as informa\u00e7\u00f5es do pr\u00f3prio governo federal. Portanto, os outros 97,9% restantes representam valores disponibilizados e n\u00e3o pagos.<\/span><\/p><\/blockquote>\n<blockquote class=\"m_8643437587200455503gmail-tr_bq\"><p><span style=\"font-family: times, 'times new roman', serif; font-size: large;\">&#8230;Para afastar qualquer d\u00favida quanto \u00e0 exatid\u00e3o dos valores informados no Portal da Transpar\u00eancia, foi realizada consulta \u00e0 Controladoria Geral da Uni\u00e3o sobre os dados contidos no sistema e forma de pesquisa. Em resposta, a CGU informou que as informa\u00e7\u00f5es referentes aos gastos com os anistiados pol\u00edticos encontram-se corretas, exatas<\/span><b><span style=\"color: #ff0000; font-family: 'courier new', courier, monospace; font-size: xx-large;\">&#8220;<\/span><\/b><span style=\"font-family: times, 'times new roman', serif; font-size: large;\">.\u00a0<\/span><\/p><\/blockquote>\n<p class=\"m_8643437587200455503gmail-separator\">\n<div>\n<p><span style=\"font-family: times, 'times new roman', serif; font-size: large;\">Segundo Fachin, colheu-se de tais informa\u00e7\u00f5es a comprova\u00e7\u00e3o do &#8220;modo de agir omissivo adotado pela Administra\u00e7\u00e3o P\u00fablica, chegando-se a aduzir at\u00e9 mesmo que nunca teria havido a\u00e7\u00e3o or\u00e7ament\u00e1ria espec\u00edfica destinada ao pagamento integral dos efeitos financeiros retroativos&#8221;.<\/span><\/p>\n<\/div>\n<div>\n<p><span style=\"font-size: large;\"><span style=\"font-family: times, 'times new roman', serif;\">E concluiu:<\/span>\u00a0<\/span><\/p>\n<\/div>\n<blockquote><p><b><span style=\"color: #ff0000; font-family: 'courier new', courier, monospace; font-size: xx-large;\">&#8220;<\/span><\/b><span style=\"font-family: times, 'times new roman', serif; font-size: large;\">&#8230;desde 2010 no que se refere aos anistiados militares e desde 2012 em rela\u00e7\u00e3o a todos aqueles submetidos ao regime especial do anistiado pol\u00edtico, verifica-se que n\u00e3o se tem previsto nas leis or\u00e7ament\u00e1rias da Uni\u00e3o a\u00e7\u00e3o espec\u00edfica voltada ao pagamento dos valores retroativos devidos a t\u00edtulo de repara\u00e7\u00e3o econ\u00f4mica, salvo para aqueles que se submeteram, voluntariamente, ao regime de parcelamento do pagamento mediante Termo de Ades\u00e3o&#8230;\u00a0<\/span><\/p><\/blockquote>\n<blockquote><p><span style=\"font-family: times, 'times new roman', serif; font-size: large;\">Verifica-se, portanto, grave omiss\u00e3o ao dever de planejar \u00ednsito \u00e0 pr\u00f3pria no\u00e7\u00e3o de or\u00e7amento p\u00fablico&#8230;<\/span><b><span style=\"color: #ff0000; font-family: 'courier new', courier, monospace; font-size: xx-large;\">&#8220;<\/span><\/b><\/p><\/blockquote>\n<\/div>\n<div>\n<div class=\"m_8643437587200455503gmail-tr_bq\">\n<div>\n<div><span style=\"color: #b45f06; font-family: 'arial black', sans-serif; font-size: xx-large;\">HABEMUS AC\u00d3RD\u00c3O (UM DESABAFO!)<\/span><\/div>\n<div><span style=\"color: #b45f06; font-family: 'arial black', sans-serif; font-size: xx-small;\">\u00a0<\/span><\/div>\n<div>\n<p class=\"m_8643437587200455503gmail-m_-6608527895249246573gmail-separator\">\n<div>\n<p><b><span style=\"font-family: verdana, sans-serif; font-size: xx-large;\">N<\/span><\/b><span style=\"font-family: times, 'times new roman', serif;\">este \u00faltimo dia de agosto, foi publicado no Di\u00e1rio de Justi\u00e7a Eletr\u00f4nico do Supremo Tribunal Federal o ac\u00f3rd\u00e3o do julgamento realizado no final de novembro\/2016, referente ao pagamento de indeniza\u00e7\u00e3o retroativa a anistiados pol\u00edticos. Nove meses passados, portanto, a decis\u00e3o do STF passou, finalmente, a produzir seus efeitos legais.<\/span><\/p>\n<\/div>\n<div><\/div>\n<div>\n<p><span style=\"font-family: times, 'times new roman', serif;\">Conforme expliquei noutros artigos (<a href=\"https:\/\/naufrago-da-utopia.blogspot.com.br\/2017\/08\/a-extrema-morosidade-acaba-fazendo-da.html\" target=\"_blank\" rel=\"noopener\" data-saferedirecturl=\"https:\/\/www.google.com\/url?hl=pt-BR&amp;q=https:\/\/naufrago-da-utopia.blogspot.com.br\/2017\/08\/a-extrema-morosidade-acaba-fazendo-da.html&amp;source=gmail&amp;ust=1504446032626000&amp;usg=AFQjCNGzKRLLrs25tIOpjfJOzr50Ph5ozA\"><span style=\"color: #ff0000;\"><b>neste<\/b><\/span><\/a>, p. ex.), a lei que instituiu o programa e respectivas normas estabeleciam que, a partir da publica\u00e7\u00e3o da portaria do ministro da Justi\u00e7a reconhecendo o direito do anistiado a uma indeniza\u00e7\u00e3o retroativa, a Uni\u00e3o deveria fazer o pagamento em 60 dias (artigo 12, \u00a7 4\u00ba, da Lei n\u00ba 10.559\/2002); no meu caso, j\u00e1 em novembro de 2005!<\/span><\/p>\n<\/div>\n<div><\/div>\n<div>\n<p><span style=\"font-family: times, 'times new roman', serif;\">E foi o que o STF confirmou, tanto tempo depois: o prazo para pagamento era e \u00e9 mesmo de 60 dias, nosso direito l\u00edquido e certo foi atropelado por mais de uma d\u00e9cada e, inexistindo provis\u00e3o de recursos, a Uni\u00e3o est\u00e1 agora obrigada a incluir os valores respectivos no pr\u00f3ximo or\u00e7amento, quitando de uma vez por todas o d\u00e9bito.<\/span><\/p>\n<\/div>\n<p class=\"m_8643437587200455503gmail-m_-6608527895249246573gmail-separator\"><a href=\"http:\/\/imagens.ebc.com.br\/VNiVbJjSvzNdVsoF83BQzVPLFQo=\/1100x370\/smart\/http:\/\/www.ebc.com.br\/sites\/_portalebc2014\/files\/atoms_image\/doicodi.jpg\" target=\"_blank\" rel=\"noopener\" data-saferedirecturl=\"https:\/\/www.google.com\/url?hl=pt-BR&amp;q=http:\/\/imagens.ebc.com.br\/VNiVbJjSvzNdVsoF83BQzVPLFQo%3D\/1100x370\/smart\/http:\/\/www.ebc.com.br\/sites\/_portalebc2014\/files\/atoms_image\/doicodi.jpg&amp;source=gmail&amp;ust=1504446032626000&amp;usg=AFQjCNH5xyT2k_gi9mxDvwpuPayER6_O7w\"><img loading=\"lazy\" decoding=\"async\" class=\"m_8643437587200455503gmail-CToWUd CToWUd\" src=\"https:\/\/ci5.googleusercontent.com\/proxy\/hPM6XsudybQaYbFPIO10OzGiWP60auIqVyqNZu2jqZ-pRKb4JFTl3RLmKuRwSysgkKH_NoA8FHz3L0roEGYlQ-Yv59ven9wAlfbftxv1tUj39Jkj0TBc1bu92WI9BWYASXglXcT-J9GWWd9jI0R93DUmNzNkNuf0bkuh0QuLzQzSkBzbPFYdaFgOobxmhCofRkbsfq-4QIUwYboRA13UNEiZxfLZ3EJNzQEqw3Sq4YVGqStMTNLtRM2DB1wWptI4ALsGJPPanFG0IaN4JYFXeldmmpSIECh--uumlHGjqEu-NY_d0vTImTODn9QZuwrVPYm2jyZLUOtTrJbfpo4Nx0H3HzolQxQtlF3II4B6GlUjd7RSRpdeqXGt2ryjyJmjew8071In9xb_SWqOMCXuFMvqE8nKTJVZg8AI1YKNd4k=s0-d-e1-ft#https:\/\/images-blogger-opensocial.googleusercontent.com\/gadgets\/proxy?url=http%3A%2F%2Fimagens.ebc.com.br%2FVNiVbJjSvzNdVsoF83BQzVPLFQo%3D%2F1100x370%2Fsmart%2Fhttp%3A%2F%2Fwww.ebc.com.br%2Fsites%2F_portalebc2014%2Ffiles%2Fatoms_image%2Fdoicodi.jpg&amp;container=blogger&amp;gadget=a&amp;rewriteMime=image%2F*\" width=\"640\" height=\"214\" border=\"0\" \/><\/a><\/p>\n<div>\n<p>Espera-se que as provid\u00eancias necess\u00e1rias para o cumprimento da decis\u00e3o do STF sejam tomadas com a agilidade que desde o in\u00edcio se impunha (em se tratando de mandados de seguran\u00e7a), mas em nenhum momento houve.<\/p>\n<p><span style=\"font-family: times, 'times new roman', serif;\">Afinal, os autores destas a\u00e7\u00f5es j\u00e1 somos todos idosos e os terr\u00edveis danos a n\u00f3s infringidos por regimes de exce\u00e7\u00e3o (as repara\u00e7\u00f5es incluem tamb\u00e9m as v\u00edtimas da ditadura getulista) se referem a epis\u00f3dios ocorridos h\u00e1 muitas e muitas d\u00e9cadas.\u00a0<\/span><\/p>\n<\/div>\n<div><\/div>\n<div>\n<p><span style=\"font-family: times, 'times new roman', serif;\">No meu caso, sofri les\u00e3o permanente (que me prejudicou tanto os exerc\u00edcios profissionais quanto o conv\u00edvio social) e fui coagido por torturas e amea\u00e7as a uma exposi\u00e7\u00e3o negativa (que me tornou alvo de estigmatiza\u00e7\u00e3o, igualmente prejudicando minha carreira e minha vida) em meados de 1970. J\u00e1 l\u00e1 se v\u00e3o 47 anos.<\/span><\/p>\n<\/div>\n<div><\/div>\n<div>\n<h1 class=\"gmail_quote\" style=\"text-align: center;\"><span style=\"color: #990000; font-family: 'arial black', sans-serif; font-size: large;\"><b>RESTABELECIMENTO M\u00cdNIMO DA DIGNIDADE<br \/>\n<\/b><\/span><span style=\"color: #990000; font-family: 'arial black', sans-serif; font-size: large;\"><b>DESTRO\u00c7ADA PELO REGIME ANTIDEMOCR\u00c1TICO<\/b><\/span><\/h1>\n<\/div>\n<div><\/div>\n<div>\n<p><span style=\"font-family: times, 'times new roman', serif;\">De resto, pincei no ac\u00f3rd\u00e3o de 87 p\u00e1ginas algumas passagens que devem inspirar reflex\u00f5es mais aprofundadas.<\/span><\/p>\n<\/div>\n<p class=\"m_8643437587200455503gmail-m_-6608527895249246573gmail-separator\"><a href=\"https:\/\/www.epochtimes.com.br\/wp-content\/uploads\/2014\/05\/br-dias-toffoli-presidente-tse.jpg\" target=\"_blank\" rel=\"noopener\" data-saferedirecturl=\"https:\/\/www.google.com\/url?hl=pt-BR&amp;q=https:\/\/www.epochtimes.com.br\/wp-content\/uploads\/2014\/05\/br-dias-toffoli-presidente-tse.jpg&amp;source=gmail&amp;ust=1504446032626000&amp;usg=AFQjCNETKC8j2ONmTozWisPD1xoDSbdbmg\"><img loading=\"lazy\" decoding=\"async\" class=\"m_8643437587200455503gmail-CToWUd CToWUd\" src=\"https:\/\/ci3.googleusercontent.com\/proxy\/rEjkngsI9DLfpIRQHCmQwxVSdiPpCMh--K_83kItiZvOOgYFpjldIR7P5_FoHbXg3baDJS6_-W2JkmplplThMdGQ_YiNKvrQgjKaBSVvh2kWVSlZUFf0GTQdZW-tCdU_z5KbLrTePas6Lb7xT0WgDdA=s0-d-e1-ft#https:\/\/www.epochtimes.com.br\/wp-content\/uploads\/2014\/05\/br-dias-toffoli-presidente-tse.jpg\" width=\"320\" height=\"213\" border=\"0\" \/><\/a><\/p>\n<div>\n<p><b><span style=\"color: #ff0000; font-family: 'courier new', courier, monospace; font-size: xx-large;\">&#8220;<\/span><\/b><span style=\"font-family: times, 'times new roman', serif;\">&#8230;a recusa de incluir em or\u00e7amento o cr\u00e9dito previsto na Portaria (&#8230;) do Minist\u00e9rio da Justi\u00e7a afronta o princ\u00edpio da dignidade da pessoa humana, por se tratar de cidad\u00e3o cujos direitos preteridos por atos de exce\u00e7\u00e3o pol\u00edtica foram admitidos com anos de atraso pelo Poder P\u00fablico &#8230;<\/span><\/p>\n<\/div>\n<div><\/div>\n<div>\n<p><span style=\"font-family: times, 'times new roman', serif;\">&#8230;a despeito de a pr\u00f3pria doutrina reconhecer a dificuldade de delimita\u00e7\u00e3o do \u00e2mbito de prote\u00e7\u00e3o da dignidade e dos direitos fundamentais, n\u00e3o h\u00e1 d\u00favida de que a op\u00e7\u00e3o do legislador, ao normatizar e garantir os direitos a esses anistiados, foi a de propiciar \u00e0queles que tiveram sua dignidade destro\u00e7ada pelo regime antidemocr\u00e1tico outrora instalado em nosso pa\u00eds um restabelecimento m\u00ednimo dessa dignidade.<\/span><b><span style=\"color: #ff0000; font-family: 'courier new', courier, monospace; font-size: xx-large;\">&#8220;<\/span><\/b><span style=\"font-family: times, 'times new roman', serif;\">\u00a0(ministro Dias Toffoli, relator)<\/span><\/p>\n<\/div>\n<div><\/div>\n<div>\n<p><b><span style=\"color: #ff0000; font-family: 'courier new', courier, monospace; font-size: xx-large;\">&#8220;<\/span><\/b><span style=\"font-family: times, 'times new roman', serif;\">A ades\u00e3o ao Termo para o pagamento na forma proposta na Lei n. 11.354\/2006 constitui mera faculdade do anistiado, uma vez que ningu\u00e9m pode ser compelido a aderir a acordo para o recebimento de valor a que faz jus de forma parcelada e\/ou em valor menor ao que teria direito, constituindo evidente abuso de poder o tratamento desigual aos igualmente anistiados.<\/span><b><span style=\"color: #ff0000; font-family: 'courier new', courier, monospace; font-size: xx-large;\">&#8220;<\/span><\/b><span style=\"font-family: times, 'times new roman', serif;\">\u00a0(idem)<\/span><\/p>\n<\/div>\n<div><\/div>\n<p class=\"m_8643437587200455503gmail-m_-6608527895249246573gmail-separator\"><a href=\"http:\/\/www.vanguardia.com\/sites\/default\/files\/imagecache\/Noticia_600x400\/foto_grandes_400x300_noticia\/2017\/02\/04\/corte_suprema_de_brasil_designo_nuevo_juez.jpg\" target=\"_blank\" rel=\"noopener\" data-saferedirecturl=\"https:\/\/www.google.com\/url?hl=pt-BR&amp;q=http:\/\/www.vanguardia.com\/sites\/default\/files\/imagecache\/Noticia_600x400\/foto_grandes_400x300_noticia\/2017\/02\/04\/corte_suprema_de_brasil_designo_nuevo_juez.jpg&amp;source=gmail&amp;ust=1504446032626000&amp;usg=AFQjCNElIjJ8xERWpvaEjpyWj0S38a-XxA\"><img loading=\"lazy\" decoding=\"async\" class=\"m_8643437587200455503gmail-CToWUd CToWUd alignleft\" src=\"https:\/\/ci6.googleusercontent.com\/proxy\/xCFVKMvlBl4fgpJ7CTU2Dn8EnTx211HxViG8eXz7Zx_KEK1ORxeZZIg_FVNmp-9MG2NkbjOvzR1oeHgh4yxFvvmPprKSxquZYhABYQTpTrVKmRjP6grd-f8qYLbPv9rI-cBl7GABPUETu4-WjcpSj5AYY49KetGdVpzL4GLhwpl1lmnbCpLQJBC9qwDWJ2RIWNm_cBY9xuCQc4AzmDbE3G1ua9ZSNtu7JKqZ4GEZktgnrqrbvwGLK-vfgnScI0EoXP6uzhwhyGpIrQsDJdXU39D8WB47mBOO-DEUw9TVA-EDKKk61k3UZaFrctQkRDZ66ksyiTYIwhgYWbl7SKAJo99TVG8QKJ9L98IyCYD9K80NFkWZ1p2meJFNa19gzsZEqr4phNOt8wo2E5EhnOCsFxooZ9yIA9oaLx6KK3N022q3pXVtiz_10i1qtw=s0-d-e1-ft#https:\/\/images-blogger-opensocial.googleusercontent.com\/gadgets\/proxy?url=http%3A%2F%2Fwww.vanguardia.com%2Fsites%2Fdefault%2Ffiles%2Fimagecache%2FNoticia_600x400%2Ffoto_grandes_400x300_noticia%2F2017%2F02%2F04%2Fcorte_suprema_de_brasil_designo_nuevo_juez.jpg&amp;container=blogger&amp;gadget=a&amp;rewriteMime=image%2F*\" width=\"320\" height=\"213\" border=\"0\" \/><\/a><\/p>\n<div>\n<p><b><span style=\"color: #ff0000; font-family: 'courier new', courier, monospace; font-size: xx-large;\">&#8220;<\/span><\/b><span style=\"font-family: times, 'times new roman', serif;\">&#8230;2,1% do total previsto nas leis or\u00e7ament\u00e1rias atuais para indeniza\u00e7\u00e3o de anistiados foram efetivamente gastos, segundo as informa\u00e7\u00f5es do pr\u00f3prio governo federal. Portanto, os outros 97,9% restantes representam valores disponibilizados e n\u00e3o pagos. As leis or\u00e7ament\u00e1rias anuais disponibilizam valores para o pagamento da espec\u00edfica a\u00e7\u00e3o governamental de indeniza\u00e7\u00e3o aos anistiados pol\u00edticos&#8230;<\/span><\/p>\n<\/div>\n<div><\/div>\n<div>\n<p><span style=\"font-family: times, 'times new roman', serif;\">&#8230;desde 2010 no que se refere aos anistiados militares e desde 2012 em rela\u00e7\u00e3o a todos aqueles submetidos ao regime especial do anistiado pol\u00edtico, verifica-se que n\u00e3o se tem previsto nas leis or\u00e7ament\u00e1rias da Uni\u00e3o a\u00e7\u00e3o espec\u00edfica voltada ao pagamento dos valores retroativos devidos a t\u00edtulo de repara\u00e7\u00e3o econ\u00f4mica, salvo para aqueles que se submeteram, voluntariamente, ao regime de parcelamento do pagamento mediante Termo de Ades\u00e3o previsto na Lei n\u00ba 11.354\/2006. Verifica-se, portanto, grave omiss\u00e3o ao dever de planejar \u00ednsito \u00e0 pr\u00f3pria no\u00e7\u00e3o de or\u00e7amento p\u00fablico.<\/span><b><span style=\"color: #ff0000; font-family: 'courier new', courier, monospace; font-size: xx-large;\">&#8220;<\/span><\/b><span style=\"font-family: times, 'times new roman', serif;\">\u00a0(ministro Edson Fachin)\u00a0<\/span><\/p>\n<div>\n<h1 style=\"text-align: center;\"><span style=\"color: #990000; font-family: 'arial black', sans-serif; font-size: large;\"><b>&#8220;UMA HUMILHA\u00c7\u00c3O ODIOSA E GRATUITA<\/b><\/span><\/h1>\n<\/div>\n<div>\n<h1 style=\"text-align: center;\"><span style=\"color: #990000; font-family: 'arial black', sans-serif; font-size: large;\"><b>\u00a0QUE NOS QUISERAM IMPOR&#8221;<\/b><\/span><\/h1>\n<\/div>\n<\/div>\n<div><\/div>\n<div>\n<p><span style=\"font-family: times, 'times new roman', serif;\">Ou seja, o\u00a0<\/span><b><i><span style=\"font-family: arial, helvetica, sans-serif;\">reconhecimento m\u00ednimo da dignidade<\/span><\/i><\/b><span style=\"font-family: times, 'times new roman', serif;\">\u00a0dos que ousamos resistir a uma ditadura bestial foi encarado como algo secund\u00e1rio por governos que deveriam ter comportamento diametralmente oposto.<\/span><\/p>\n<\/div>\n<p class=\"m_8643437587200455503gmail-m_-6608527895249246573gmail-separator\">\n<div>\n<p><span style=\"font-family: times, 'times new roman', serif;\">E, embora os recursos para o pagamento de repara\u00e7\u00f5es \u00e0queles que o Estado brasileiro reconheceu oficialmente como delas merecedores fossem mais do que suficientes para o cumprimento da obriga\u00e7\u00e3o de pagar, m\u00edseros 2,1% do total dispon\u00edvel foram utilizados para tanto.\u00a0<\/span><\/p>\n<p><span style=\"font-family: times, 'times new roman', serif;\"><br \/>\n<\/span><span style=\"font-family: times, 'times new roman', serif;\">Ao mesmo tempo, a AGU movias c\u00e9us e terras para evitar que uma parcela minorit\u00e1ria dos anistiados recebesse o que lhes era devido. Se n\u00e3o era por falta de recursos, ent\u00e3o por qu\u00ea? Por pirra\u00e7a? Por retalia\u00e7\u00e3o a quem n\u00e3o se prostrou \u00e0 vontade dos poderosos? \u00c9 o que resta ser esclarecido.\u00a0<\/span><\/p>\n<\/div>\n<div><\/div>\n<div>\n<p><span style=\"font-family: times, 'times new roman', serif;\">O certo \u00e9 que, como se l\u00ea no voto do relator, &#8220;ningu\u00e9m pode ser compelido a aderir a acordo para o recebimento de valor a que faz jus de forma parcelada e\/ou em valor menor ao que teria direito, constituindo evidente abuso de poder o tratamento desigual aos igualmente anistiados&#8221;.<\/span><\/p>\n<\/div>\n<div><\/div>\n<div>\n<p><span style=\"font-family: times, 'times new roman', serif;\">Pois foi exatamente como me senti, ao receber, pelo correio, o Termo de Ades\u00e3o, sem uma explica\u00e7\u00e3o ou justificativa sequer, apenas instru\u00e7\u00f5es para assinar e enviar de volta.\u00a0<\/span><\/p>\n<\/div>\n<div><\/div>\n<div>\n<p><span style=\"font-family: times, 'times new roman', serif;\">Sofri muito por ter jogado tal documento no lugar apropriado: a lixeira. E, o pior de tudo, fiz meus entes queridos sofrerem. \u00c9 uma m\u00e1goa que carregarei at\u00e9 o fim dos meus dias\u00a0<\/span><\/p>\n<\/div>\n<p class=\"m_8643437587200455503gmail-m_-6608527895249246573gmail-separator\">\n<div><\/div>\n<div>\n<p><span style=\"font-family: times, 'times new roman', serif;\">Mas, est\u00e1 comprovado agora, n\u00e3o havia sequer car\u00eancia de recursos, foi apenas uma humilha\u00e7\u00e3o odiosa e gratuita que nos quiseram impor, ao mesmo tempo em que faziam investimentos desastrosos e fechavam neg\u00f3cios altamente lesivos ao contribuinte, conforme hoje estamos todos carecas de saber.<\/span><\/p>\n<\/div>\n<div><\/div>\n<div>\n<p><span style=\"font-family: times, 'times new roman', serif;\">Eu n\u00e3o conseguiria viver se, al\u00e9m de tudo que me tiraram, perdesse o auto-respeito. Assinar aquele papelucho desmereceria tudo que fui, o que sou e os motivos pelos quais lutei.\u00a0<\/span><\/p>\n<p><span style=\"font-family: 'trebuchet ms', sans-serif;\"><span style=\"color: #38761d;\"><b>(<u>celso l<\/u><\/b><\/span><b><u>ungaretti<\/u>, com a alma lavada)<\/b><\/span><\/p>\n<\/div>\n<\/div>\n<\/div>\n<\/div>\n<\/div>\n<\/div>\n<\/div>\n<\/div>\n<\/div>\n<\/div>\n<\/div>\n<\/div>\n<\/div>\n<\/div>\n<\/div>\n<\/div>\n<\/div>\n","protected":false},"excerpt":{"rendered":"<p>Celso Lungaretti: &#8216;A PERGUNTA QUE N\u00c3O QUER CALAR: PARA ONDE FORAM\u00a097,9% DOS RECURSOS DESTINADOS \u00c0S REPARA\u00c7\u00d5ES?<\/p>\n","protected":false},"author":3,"featured_media":0,"comment_status":"closed","ping_status":"closed","sticky":false,"template":"","format":"standard","meta":{"_jetpack_newsletter_access":"","_jetpack_dont_email_post_to_subs":false,"_jetpack_newsletter_tier_id":0,"_jetpack_memberships_contains_paywalled_content":false,"_jetpack_memberships_contains_paid_content":false,"footnotes":""},"categories":[7],"tags":[1797],"class_list":["post-12715","post","type-post","status-publish","format-standard","hentry","category-comunicacao","tag-celso-lungaretti"],"aioseo_notices":[],"views":443,"jetpack_featured_media_url":"","jetpack_sharing_enabled":true,"jetpack_likes_enabled":true,"jetpack-related-posts":[{"id":25832,"url":"https:\/\/jornalrol.com.br\/?p=25832","url_meta":{"origin":12715,"position":0},"title":"Celso Lungaretti: &#039;Miss\u00e3o cumprida, presidente! Agora nada lhe falta para matas as saudades dos ignaros velhos tempos&#8230;&#039;","author":"Helio Rubens","date":"1 de abril de 2019","format":false,"excerpt":"\u00a0REUNIMOS 21 TEXTOS PARA SERVIREM DE ANT\u00cdDOTOS \u00c0\u00a0DITADURA. UM PARA CADA ANO QUE O PESADELO DUROU O\u00a0Encontro com a ditadura\u00a0j\u00e1 atingiu seu objetivo, o de oferecer farto material de leitura e consulta para quem busca informa\u00e7\u00e3o isenta e consistente sobre o arb\u00edtrio que se abateu sobre o Brasil no dia\u2026","rel":"","context":"Em &quot;Comunica\u00e7\u00e3o&quot;","block_context":{"text":"Comunica\u00e7\u00e3o","link":"https:\/\/jornalrol.com.br\/?cat=7"},"img":{"alt_text":"","src":"https:\/\/i0.wp.com\/www.jornalrol.com.br\/wp-content\/uploads\/2019\/03\/Celso5.jpg?resize=350%2C200","width":350,"height":200},"classes":[]},{"id":25731,"url":"https:\/\/jornalrol.com.br\/?p=25731","url_meta":{"origin":12715,"position":1},"title":"Celso lungaretti: &#039;O Capit\u00e3o est\u00e1 com saudades? Ent\u00e3o vamos ajud\u00e1-lo a rememorar os velhos e bons tempos&#8230;&#039;","author":"Helio Rubens","date":"31 de mar\u00e7o de 2019","format":false,"excerpt":"ENCONTRO COM A DITADURA. VENHA PARTICIPAR! Unindo-se \u00e0 nostalgia do presidente Bolsonaro, o\u00a0Direto da Reda\u00e7\u00e3o\u00a0e o\u00a0N\u00e1ufrago da Utopia\u00a0v\u00e3o revisitar\u00a0O\u00a0GOLPE DE 1964 E OS 21 ANOS DE DITADURA Participe voc\u00ea tamb\u00e9m desta jornada de recorda\u00e7\u00f5es. Conte como viveu os dias do Golpe e o que representaram na sua vida. Iremos publicando\u2026","rel":"","context":"Em &quot;Comunica\u00e7\u00e3o&quot;","block_context":{"text":"Comunica\u00e7\u00e3o","link":"https:\/\/jornalrol.com.br\/?cat=7"},"img":{"alt_text":"","src":"https:\/\/i0.wp.com\/www.jornalrol.com.br\/wp-content\/uploads\/2019\/03\/Celso5.jpg?resize=350%2C200","width":350,"height":200},"classes":[]},{"id":38274,"url":"https:\/\/jornalrol.com.br\/?p=38274","url_meta":{"origin":12715,"position":2},"title":"Celso Lungaretti: &#039;Matamos a cobra e mostramos o pau: com um presidente de verdade, o Brasil poderia ter uns 100 mil brasileiros a menos mortos pela Covid&#039;","author":"ADM","date":"3 de mar\u00e7o de 2021","format":false,"excerpt":"Celso Lungaretti Calculamos quantas mortes por Covid poderiam ser evitadas\u00a0 sem o negacionismo do Bolsonaro. o resultado \u00e9 chocante No s\u00e9culo passado os economistas gostavam de comparar o Brasil a uma\u00a0Bel\u00edndia: os impostos aqui existentes seriam t\u00e3o elevados quanto os da rica B\u00e9lgica, mas a mis\u00e9ria que suport\u00e1vamos equivaleria \u00e0\u2026","rel":"","context":"Em &quot;Comunica\u00e7\u00e3o&quot;","block_context":{"text":"Comunica\u00e7\u00e3o","link":"https:\/\/jornalrol.com.br\/?cat=7"},"img":{"alt_text":"","src":"https:\/\/i0.wp.com\/www.jornalrol.com.br\/wp-content\/uploads\/2020\/04\/celso-5-300x169-300x169.jpg?resize=350%2C200","width":350,"height":200},"classes":[]},{"id":27244,"url":"https:\/\/jornalrol.com.br\/?p=27244","url_meta":{"origin":12715,"position":3},"title":"Celso Lungaretti: &#039;O ogro Bolsonaro, o Olavo sem cabe\u00e7a, os pr\u00edncipes-herdeiros das trevas e os ministros zumbis s\u00e3o um halloween querendo se prolongar meses adentro&#039;","author":"Helio Rubens","date":"16 de maio de 2019","format":false,"excerpt":"O GOVERNO BOLSONARO J\u00c1 DERRETEU. S\u00d3 FALTA, TAPANDO\u00a0O NARIZ, EMPURRAR A GOSMA\u00a0NAUSEABUNDA PARA O RALO Foi bonita a festa, mo\u00e7ada, fiquei contente! \u00a0Era exatamente do que precis\u00e1vamos, esse tsunami de jovens despertando para a pol\u00edtica (o pesadelo do Bolsonaro na v\u00e9spera!), tomando a Paulista e tantas outras avenidas e pra\u00e7as\u2026","rel":"","context":"Em &quot;Comunica\u00e7\u00e3o&quot;","block_context":{"text":"Comunica\u00e7\u00e3o","link":"https:\/\/jornalrol.com.br\/?cat=7"},"img":{"alt_text":"","src":"https:\/\/i0.wp.com\/www.jornalrol.com.br\/wp-content\/uploads\/2019\/03\/Celso5.jpg?resize=350%2C200","width":350,"height":200},"classes":[]},{"id":4487,"url":"https:\/\/jornalrol.com.br\/?p=4487","url_meta":{"origin":12715,"position":4},"title":"Artigo de Celso Lungaretti: &#039;DILMA, LULA E MORO: N\u00c3O H\u00c1 INOCENTE NESTE IMBROGLIO!&#039;","author":"Helio Rubens","date":"21 de mar\u00e7o de 2016","format":false,"excerpt":"Celso Lungaretti -\u00a0TR\u00caS PERDIDOS NUMA NOITE SUJA O\u00a0que ocorreu na \u00faltima 4\u00aa feira (16\/03) foi o abuso de poder de um juiz reagindo ao abuso de poder de uma presidente da Rep\u00fablica para livrar a cara de um ex-presidente da Rep\u00fablica. Por Celso Lungaretti, no blogue\u00a0N\u00e1ufrago da Utopia. Mesmo que\u2026","rel":"","context":"Em &quot;Comunica\u00e7\u00e3o&quot;","block_context":{"text":"Comunica\u00e7\u00e3o","link":"https:\/\/jornalrol.com.br\/?cat=7"},"img":{"alt_text":"","src":"","width":0,"height":0},"classes":[]},{"id":31726,"url":"https:\/\/jornalrol.com.br\/?p=31726","url_meta":{"origin":12715,"position":5},"title":"Celso Lungaretti: &#039;CESAR BENJAMIN ALERTA PARA ENXURRADA DE NOMEA\u00c7\u00d5ES NA POL\u00cdCIA FEDERAL; A CRISE ATINGE OUTRO PATAMAR&#039;","author":"ADM","date":"1 de junho de 2020","format":false,"excerpt":"CESAR BENJAMIN ALERTA PARA ENXURRADA DE NOMEA\u00c7\u00d5ES NA POL\u00cdCIA FEDERAL; A CRISE ATINGE OUTRO PATAMAR Est\u00e1 no\u00a0Di\u00e1rio do Centro do Mundo: \"O novo chefe da Pol\u00edcia Federal publicou nesta 4\u00aa feira (26), poucos dias depois de assumir, 99 portarias de uma s\u00f3 vez, preenchendo 16 p\u00e1ginas do Di\u00e1rio Oficial.\u00a0\u00a0 Cada\u2026","rel":"","context":"Em &quot;Comunica\u00e7\u00e3o&quot;","block_context":{"text":"Comunica\u00e7\u00e3o","link":"https:\/\/jornalrol.com.br\/?cat=7"},"img":{"alt_text":"","src":"https:\/\/i0.wp.com\/www.jornalrol.com.br\/wp-content\/uploads\/2020\/04\/celso-5-300x169-300x169.jpg?resize=350%2C200","width":350,"height":200},"classes":[]}],"_links":{"self":[{"href":"https:\/\/jornalrol.com.br\/index.php?rest_route=\/wp\/v2\/posts\/12715","targetHints":{"allow":["GET"]}}],"collection":[{"href":"https:\/\/jornalrol.com.br\/index.php?rest_route=\/wp\/v2\/posts"}],"about":[{"href":"https:\/\/jornalrol.com.br\/index.php?rest_route=\/wp\/v2\/types\/post"}],"author":[{"embeddable":true,"href":"https:\/\/jornalrol.com.br\/index.php?rest_route=\/wp\/v2\/users\/3"}],"replies":[{"embeddable":true,"href":"https:\/\/jornalrol.com.br\/index.php?rest_route=%2Fwp%2Fv2%2Fcomments&post=12715"}],"version-history":[{"count":1,"href":"https:\/\/jornalrol.com.br\/index.php?rest_route=\/wp\/v2\/posts\/12715\/revisions"}],"predecessor-version":[{"id":61193,"href":"https:\/\/jornalrol.com.br\/index.php?rest_route=\/wp\/v2\/posts\/12715\/revisions\/61193"}],"wp:attachment":[{"href":"https:\/\/jornalrol.com.br\/index.php?rest_route=%2Fwp%2Fv2%2Fmedia&parent=12715"}],"wp:term":[{"taxonomy":"category","embeddable":true,"href":"https:\/\/jornalrol.com.br\/index.php?rest_route=%2Fwp%2Fv2%2Fcategories&post=12715"},{"taxonomy":"post_tag","embeddable":true,"href":"https:\/\/jornalrol.com.br\/index.php?rest_route=%2Fwp%2Fv2%2Ftags&post=12715"}],"curies":[{"name":"wp","href":"https:\/\/api.w.org\/{rel}","templated":true}]}}