{"id":12720,"date":"2017-09-03T11:20:49","date_gmt":"2017-09-03T14:20:49","guid":{"rendered":"http:\/\/www.jornalrol.com.br\/?p=12720"},"modified":"2017-09-03T11:20:49","modified_gmt":"2017-09-03T14:20:49","slug":"coluna-sergio-diniz-da-costa-no-jornal-da-apevo-7","status":"publish","type":"post","link":"https:\/\/jornalrol.com.br\/?p=12720","title":{"rendered":"Coluna Sergio Diniz da Costa no jornal da APEVO"},"content":{"rendered":"<div class=\"pdfprnt-buttons pdfprnt-buttons-post pdfprnt-top-right\"><a href=\"https:\/\/jornalrol.com.br\/index.php?rest_route=%2Fwp%2Fv2%2Fposts%2F12720&print=pdf\" class=\"pdfprnt-button pdfprnt-button-pdf\" target=\"_blank\" ><\/a><a href=\"https:\/\/jornalrol.com.br\/index.php?rest_route=%2Fwp%2Fv2%2Fposts%2F12720&print=print\" class=\"pdfprnt-button pdfprnt-button-print\" target=\"_blank\" ><img decoding=\"async\" src=\"https:\/\/jornalrol.com.br\/wp-content\/plugins\/pdf-print\/images\/print.png\" alt=\"image_print\" title=\"Conte\u00fado de impress\u00e3o\" \/><\/a><\/div><h2 style=\"text-align: center;\"><a href=\"http:\/\/www.jornalrol.com.br\/wp-content\/uploads\/2017\/08\/19247629_1097739206992824_3395336393297649632_n-1-1.jpg\"><img loading=\"lazy\" decoding=\"async\" class=\"wp-image-12409 aligncenter\" src=\"http:\/\/www.jornalrol.com.br\/wp-content\/uploads\/2017\/08\/19247629_1097739206992824_3395336393297649632_n-1-1-267x300.jpg\" alt=\"\" width=\"224\" height=\"252\" \/><\/a><\/h2>\n<h2 style=\"text-align: center;\"><strong>Coluna Sergio Diniz da Costa no jornal da APEVO \u2013 setembro de 2017<\/strong><\/h2>\n<h2 style=\"text-align: center;\"><strong>LITERATURA, ARTES &amp; CURIOSIDADES<\/strong><\/h2>\n<p><!--more--><\/p>\n<p>&nbsp;<\/p>\n<h3 style=\"text-align: center;\"><strong>A ARTE NAIF NO BRASIL <\/strong><\/h3>\n<p><strong>\u00a0<\/strong>Conforme visto na primeira parte (edi\u00e7\u00e3o de agosto), Arte Naif \u00e9 uma classifica\u00e7\u00e3o de arte que \u00e9 muitas vezes caracterizado por uma simplicidade infantil em seu assunto e t\u00e9cnica. Enquanto muitos artistas ing\u00eanuos aparecem, a partir de suas obras, por ter pouco ou nenhum treinamento formal de arte, isso, muitas vezes, n\u00e3o \u00e9 verdade. As palavras \u2018ing\u00eanuo\u2019 e \u2018primitivas\u2019 s\u00e3o considerados pejorativos e s\u00e3o, portanto, evitado por muitos.<\/p>\n<p><strong>\u00a0<\/strong><\/p>\n<p><strong>Caracter\u00edsticas<\/strong><\/p>\n<p>Arte Naif \u00e9 muitas vezes visto como arte marginal, sem treinamento formal. Enquanto isso era verdade antes do s\u00e9culo XX, h\u00e1 agora academias de Arte Naif. \u00c9, portanto, um g\u00eanero de arte plenamente reconhecido, representado em galerias de arte em todo o mundo.<\/p>\n<p>As caracter\u00edsticas da Arte Naif \u00e9 um relacionamento estranho com as qualidades formais da pintura, especialmente n\u00e3o-respeito das tr\u00eas regras da perspectiva (tal como definidos pelos pintores progressiva do Renascimento): &#8211; de diminuir o tamanho dos objetos proporcionalmente \u00e0 dist\u00e2ncia &#8211; silenciamento de cores com a dist\u00e2ncia &#8211; diminui\u00e7\u00e3o da precis\u00e3o de detalhes com a dist\u00e2ncia,<\/p>\n<p><strong>\u00a0<\/strong><strong>Os resultados s\u00e3o os seguintes: <\/strong>efeitos de perspectiva geometricamente err\u00f4nea (aspecto estranho das obras, desenhos infantis olhar, ou olhar pintura medieval, mas a compara\u00e7\u00e3o para por a\u00ed) &#8211; forte utiliza\u00e7\u00e3o do teste padr\u00e3o, cor n\u00e3o refinado em todos os planos da composi\u00e7\u00e3o, sem enfraquecimento no fundo &#8211; uma precis\u00e3o igual trazido para detalhes, incluindo as do fundo que deve ser protegido fora.<\/p>\n<p>Simplicidade em vez de sutileza s\u00e3o todos os supostos marcadores da arte na\u00eff.<\/p>\n<p>O adjetivo Naif \u00e9 o mais empregado para o g\u00eanero de pintura chamado tamb\u00e9m de ing\u00eanuo e \u00e0s vezes primitiva (no Brasil). Na \u00e9poca em que foi lan\u00e7ado, o termo naif era um apelido, como em outras \u00e9pocas, os pintores foram chamados de impressionistas, cubistas, futuristas, etc\u2026<\/p>\n<p>Os naifs, em geral, s\u00e3o autodidatas e sua pintura n\u00e3o \u00e9 ligada a nenhuma escola ou tend\u00eancia. Essa \u00e9 a for\u00e7a desses artistas que podem pintar sem regras, nem constrangimentos. Podem ousar tudo. S\u00e3o os \u2018poetas anarquistas do pincel\u2019.<\/p>\n<p>&nbsp;<\/p>\n<p><strong>Quem s\u00e3o os pintores naifs? <\/strong>Ser Naif \u00e9 um estado de esp\u00edrito que leva a uma maneira toda pessoal de pintar. Podemos encontrar pintores na\u00effs entre sapateiros, carteiros, donas de casa, m\u00e9dicos, jornalistas e diplomatas. A arte na\u00eff transcende o que se convencionou chamar de arte popular.<\/p>\n<p>&nbsp;<\/p>\n<p><strong>A Arte Naif no Brasil<\/strong><\/p>\n<p>O Brasil, junto com a Fran\u00e7a, a ex-Iugosl\u00e1via, o Haiti e a It\u00e1lia, \u00e9 um dos \u2018cinco grandes\u2019 da arte na\u00eff no mundo. Um grande n\u00famero de obras de pintores na\u00effs brasileiros faz parte do acervo dos principais museus de arte naif existentes no mundo.<\/p>\n<p>A pintura Naif brasileira \u00e9 muito rica e cheia de imprevistos. Devido \u00e0 diversidade de temas relativos \u00e0 fauna, \u00e0 flora, ao sincretismo religioso e \u00e0s suas v\u00e1rias etnias, o Brasil ocupa lugar de destaque no contexto mundial de arte na\u00eff.<\/p>\n<p>Os quadros de naifs brasileiros s\u00e3o reproduzidos nos mais importantes livros estrangeiros sobre arte naif. N\u00e3o h\u00e1 uma exposi\u00e7\u00e3o na\u00eff internacional importante sem que os artistas naifs brasileiros sejam convidados a participar.<\/p>\n<p>Em toda a hist\u00f3ria da pintura brasileira, nunca tantos artistas tiveram suas obras expostas, publicadas, comentadas e citadas como s\u00e3o as dos pintores naifs. O \u00fanico pintor brasileiro (entre todas as tend\u00eancias) a ser premiado numa Bienal de Veneza foi um naif, Chico da Silva, em 1966, na 33\u00aa Bienal. Ganhou men\u00e7\u00e3o honrosa com a sua pintura.<\/p>\n<p>Atualmente podemos dizer que o Brasil \u00e9 um dos grandes representantes da arte naif mundial.<\/p>\n<p>Por ser um pa\u00eds de imensos contrastes, com uma cultura resultante do am\u00e1lgama de in\u00fameras outras (a africana, a europeia e a ind\u00edgena), ele \u00e9 um canteiro f\u00e9rtil para o surgimento e desenvolvimento dessa forma de express\u00e3o art\u00edstica.<\/p>\n<p>Apesar desse imenso potencial, somente na d\u00e9cada de 50, o Brasil come\u00e7ou a dar aten\u00e7\u00e3o a esse grupo de artistas, com as primeiras exposi\u00e7\u00f5es de Heitor dos Prazeres, Cardosinho, Silvia de Leon Chalreo e Jos\u00e9 Antonio da Silva.<\/p>\n<p>Depois desse in\u00edcio, as d\u00e9cadas de 60 e 70, v\u00e3o conhecer uma verdadeira explos\u00e3o de pintores naifs brasileiros, tais como: Ivonaldo, Isabel de Jesus, Gerson Alves de Souza, Elza O .S., Crisaldo de Moraes, Jos\u00e9 Sab\u00f3ia e muitos outros que juntamente com seus predecessores, est\u00e3o presentes em nosso acervo.<\/p>\n<p>&nbsp;<\/p>\n<p><strong>Pintores naifs brasileiros\/ telas:<\/strong><\/p>\n<h6 style=\"text-align: left;\"><a href=\"http:\/\/www.jornalrol.com.br\/wp-content\/uploads\/2017\/09\/10645143_976893169002942_4749131128139354035_n-e1411759604911.jpg\"><img loading=\"lazy\" decoding=\"async\" class=\" wp-image-12721 alignleft\" src=\"http:\/\/www.jornalrol.com.br\/wp-content\/uploads\/2017\/09\/10645143_976893169002942_4749131128139354035_n-e1411759604911-300x283.jpg\" alt=\"\" width=\"241\" height=\"228\" \/><\/a><strong>\u00a0<a href=\"http:\/\/www.jornalrol.com.br\/wp-content\/uploads\/2017\/09\/c486bf6de30ff21b0a1818d0b16d247c.jpg\"><img loading=\"lazy\" decoding=\"async\" class=\"alignnone wp-image-12722\" src=\"http:\/\/www.jornalrol.com.br\/wp-content\/uploads\/2017\/09\/c486bf6de30ff21b0a1818d0b16d247c-300x216.jpg\" alt=\"\" width=\"314\" height=\"226\" \/><\/a>\u00a0 \u00a0 \u00a0 \u00a0 \u00a0 \u00a0 \u00a0 \u00a0<\/strong><\/h6>\n<h6>\u00a0<strong> \u00a0 \u00a0 \u00a0 \u00a0 \u00a0 \u00a0 \u00a0 \u00a0 \u00a0 \u00a0 \u00a0 \u00a0Chico da Silva \u00a0 \u00a0 \u00a0 \u00a0 \u00a0 \u00a0 \u00a0 \u00a0 \u00a0 \u00a0 \u00a0 \u00a0 \u00a0 \u00a0 \u00a0 \u00a0 \u00a0 \u00a0 \u00a0 \u00a0 \u00a0 \u00a0 \u00a0 \u00a0 \u00a0 \u00a0 \u00a0 \u00a0 \u00a0 \u00a0 \u00a0 \u00a0 \u00a0 \u00a0 \u00a0 \u00a0 \u00a0 Drag\u00e3o Fant\u00e1stico<\/strong><\/h6>\n<p>&nbsp;<\/p>\n<p><a href=\"http:\/\/www.jornalrol.com.br\/wp-content\/uploads\/2017\/09\/edilson-araujo.jpg\"><img loading=\"lazy\" decoding=\"async\" class=\"alignnone wp-image-12723\" src=\"http:\/\/www.jornalrol.com.br\/wp-content\/uploads\/2017\/09\/edilson-araujo.jpg\" alt=\"\" width=\"345\" height=\"259\" \/>\u00a0\u00a0<\/a><a href=\"http:\/\/www.jornalrol.com.br\/wp-content\/uploads\/2017\/09\/download.jpg\"><img loading=\"lazy\" decoding=\"async\" class=\"alignnone wp-image-12724\" src=\"http:\/\/www.jornalrol.com.br\/wp-content\/uploads\/2017\/09\/download.jpg\" alt=\"\" width=\"259\" height=\"260\" \/>\u00a0<\/a><\/p>\n<h5>\u00a0 \u00a0\u00a0<strong>\u00a0 \u00a0 \u00a0 \u00a0 \u00a0 \u00a0 \u00a0 \u00a0 \u00a0 \u00a0 Edilson Ara\u00fajo \u00a0 \u00a0 \u00a0 \u00a0 \u00a0 \u00a0 \u00a0 \u00a0 \u00a0 \u00a0 \u00a0 \u00a0 \u00a0 \u00a0 \u00a0 \u00a0 \u00a0 \u00a0 \u00a0 \u00a0 \u00a0 \u00a0 \u00a0 \u00a0 \u00a0Lavrando a Terra<\/strong><\/h5>\n<h6 style=\"text-align: center;\"><\/h6>\n<h2 style=\"text-align: right;\"><\/h2>\n","protected":false},"excerpt":{"rendered":"<p>Coluna Sergio Diniz da Costa no jornal da APEVO \u2013 setembro de 2017 LITERATURA, ARTES &amp; CURIOSIDADES<\/p>\n","protected":false},"author":6,"featured_media":12722,"comment_status":"closed","ping_status":"closed","sticky":false,"template":"","format":"standard","meta":{"_jetpack_newsletter_access":"","_jetpack_dont_email_post_to_subs":false,"_jetpack_newsletter_tier_id":0,"_jetpack_memberships_contains_paywalled_content":false,"_jetpack_memberships_contains_paid_content":false,"footnotes":""},"categories":[7],"tags":[1069,1873,2130,3067],"class_list":["post-12720","post","type-post","status-publish","format-standard","has-post-thumbnail","hentry","category-comunicacao","tag-arte-naif","tag-chico-da-silva","tag-coluna-sergio-diniz-da-costa-no-jornal-da-apevo","tag-edilson-araujo"],"aioseo_notices":[],"views":527,"jetpack_featured_media_url":"","jetpack_sharing_enabled":true,"jetpack_likes_enabled":true,"jetpack-related-posts":[{"id":73381,"url":"https:\/\/jornalrol.com.br\/?p=73381","url_meta":{"origin":12720,"position":0},"title":"Oficina de Pintura","author":"Sergio Diniz da Costa","date":"23 de maio de 2025","format":false,"excerpt":"O N\u00facleo Educa\u00e7\u00e3o, Tecnologia e Cultura (NETC- ProEx) da Universidade Federal de S\u00e3o Carlos, campus Sorocaba (UFSCar-So) convida para o evento \u201cBamo Prose\u00e1?...","rel":"","context":"Em &quot;Arte&quot;","block_context":{"text":"Arte","link":"https:\/\/jornalrol.com.br\/?cat=9286"},"img":{"alt_text":"Card da Oficina de Pintura - Paralelo Entre Arte Acad\u00eamica e Arte Naif","src":"https:\/\/i0.wp.com\/jornalrol.com.br\/wp-content\/uploads\/2025\/05\/3452aa4e-ef55-4b9f-8d86-69e1d3e779bc.jpg?resize=350%2C200&ssl=1","width":350,"height":200,"srcset":"https:\/\/i0.wp.com\/jornalrol.com.br\/wp-content\/uploads\/2025\/05\/3452aa4e-ef55-4b9f-8d86-69e1d3e779bc.jpg?resize=350%2C200&ssl=1 1x, https:\/\/i0.wp.com\/jornalrol.com.br\/wp-content\/uploads\/2025\/05\/3452aa4e-ef55-4b9f-8d86-69e1d3e779bc.jpg?resize=525%2C300&ssl=1 1.5x, https:\/\/i0.wp.com\/jornalrol.com.br\/wp-content\/uploads\/2025\/05\/3452aa4e-ef55-4b9f-8d86-69e1d3e779bc.jpg?resize=700%2C400&ssl=1 2x"},"classes":[]},{"id":10824,"url":"https:\/\/jornalrol.com.br\/?p=10824","url_meta":{"origin":12720,"position":1},"title":"Coluna Sergio Diniz da Costa no jornal da APEVO","author":"Sergio Diniz da Costa","date":"31 de maio de 2017","format":false,"excerpt":"Coluna Sergio Diniz da Costa no jornal da APEVO - Junho de 2017 LITERATURA, ARTES & CURIOSIDADES \u00a0 A 9.\u00aa Arte: Banda desenhada (hist\u00f3rias em quadrinhos, gibis, comics...) \u00a0 Banda desenhada, BD, hist\u00f3ria aos quadradinhos (portugu\u00eas europeu) ou hist\u00f3ria em quadrinhos, quadrinhos, gibi, HQ, revistinha, historieta (portugu\u00eas brasileiro) \u00e9 uma\u2026","rel":"","context":"Em &quot;Comunica\u00e7\u00e3o&quot;","block_context":{"text":"Comunica\u00e7\u00e3o","link":"https:\/\/jornalrol.com.br\/?cat=7"},"img":{"alt_text":"","src":"https:\/\/i0.wp.com\/www.jornalrol.com.br\/wp-content\/uploads\/2017\/05\/1976949_620823424706389_3396997478288908055_n-300x224.jpg?resize=350%2C200","width":350,"height":200},"classes":[]},{"id":15931,"url":"https:\/\/jornalrol.com.br\/?p=15931","url_meta":{"origin":12720,"position":2},"title":"Coluna Sergio Diniz da Costa no jornal da APEVO","author":"Sergio Diniz da Costa","date":"12 de janeiro de 2018","format":false,"excerpt":"LITERATURA, ARTES & CURIOSIDADES janeiro de 2018 \u00a0 GRANDES FOT\u00d3GRAFOS BRASILEIROS II: WALTER FIRMO \u00a0 Walter Firmo Guimar\u00e3es da Silva, mais conhecido como Walter Firmo (Rio de Janeiro RJ 1937). Fot\u00f3grafo, jornalista e professor. Autodidata, inicia sua carreira como rep\u00f3rter fotogr\u00e1fico no jornal \u00daltima Hora, no Rio de Janeiro, em\u2026","rel":"","context":"Em &quot;Comunica\u00e7\u00e3o&quot;","block_context":{"text":"Comunica\u00e7\u00e3o","link":"https:\/\/jornalrol.com.br\/?cat=7"},"img":{"alt_text":"","src":"https:\/\/i0.wp.com\/www.jornalrol.com.br\/wp-content\/uploads\/2018\/01\/21558649_10208565389366116_2661464692223181351_n-225x300.jpg?resize=350%2C200","width":350,"height":200},"classes":[]},{"id":7426,"url":"https:\/\/jornalrol.com.br\/?p=7426","url_meta":{"origin":12720,"position":3},"title":"Coluna Sergio Diniz da Costa no jornal da APEVO","author":"Helio Rubens","date":"7 de janeiro de 2017","format":false,"excerpt":"Coluna Sergio Diniz da Costa no jornal da APEVO Janeiro de 2017 Cultura LITERATURA, ARTES & CURIOSIDADES Poesia Ferreira Gullar, pseud\u00f4nimo de Jos\u00e9 Ribamar Ferreira (S\u00e3o Lu\u00eds, 10 de setembro de 1930 \u2013 Rio de Janeiro, 4 de dezembro de 2016[1]), foi um escritor, poeta, cr\u00edtico de arte, bi\u00f3grafo, tradutor,\u2026","rel":"","context":"Em &quot;Comunica\u00e7\u00e3o&quot;","block_context":{"text":"Comunica\u00e7\u00e3o","link":"https:\/\/jornalrol.com.br\/?cat=7"},"img":{"alt_text":"artes","src":"https:\/\/i0.wp.com\/www.jornalrol.com.br\/wp-content\/uploads\/2016\/11\/ARTES.png?resize=350%2C200","width":350,"height":200},"classes":[]},{"id":8609,"url":"https:\/\/jornalrol.com.br\/?p=8609","url_meta":{"origin":12720,"position":4},"title":"Coluna Sergio Diniz da Costa no jornal da APEVO","author":"Helio Rubens","date":"10 de mar\u00e7o de 2017","format":false,"excerpt":"Coluna Sergio Diniz da Costa no jornal da APEVO\u00a0 Cultura LITERATURA, ARTES & CURIOSIDADES mar\u00e7o de 2017 \u00a0 \u00a0Poesia \u00a0 \u00a0 \u00a0 Ana Martins Marques nasceu em Belo Horizonte, em novembro de 1977. Formada em Letras pela Universidade Federal de Minas Gerias, \u00e9 mestre em Literatura Brasileira e doutoranda em\u2026","rel":"","context":"Em &quot;Comunica\u00e7\u00e3o&quot;","block_context":{"text":"Comunica\u00e7\u00e3o","link":"https:\/\/jornalrol.com.br\/?cat=7"},"img":{"alt_text":"","src":"https:\/\/i0.wp.com\/www.jornalrol.com.br\/wp-content\/uploads\/2017\/02\/Ultima-foto-Sergio-fev-17-reduzida.png?resize=350%2C200","width":350,"height":200},"classes":[]},{"id":7063,"url":"https:\/\/jornalrol.com.br\/?p=7063","url_meta":{"origin":12720,"position":5},"title":"Coluna Sergio Diniz da Costa no jornal da APEVO","author":"Helio Rubens","date":"2 de dezembro de 2016","format":false,"excerpt":"Cultura LITERATURA, ARTES & CURIOSIDADES Dezembro de 2016 \u00a0 CURIOSIDADES SOBRE O NATAL \u00a0 A Senhora Noel, esposa do Papai Noel, foi introduzida pela primeira vez ao mundo em 1889 no livro \u201cGoody Papai Noel\u201d em um passeio de tren\u00f3, pela poetisa Katherine Lee Bates. Nos primeiros dias, os brinquedos\u2026","rel":"","context":"Em &quot;Comunica\u00e7\u00e3o&quot;","block_context":{"text":"Comunica\u00e7\u00e3o","link":"https:\/\/jornalrol.com.br\/?cat=7"},"img":{"alt_text":"apevo","src":"https:\/\/i0.wp.com\/www.jornalrol.com.br\/wp-content\/uploads\/2016\/12\/apevo-300x192.jpg?resize=350%2C200","width":350,"height":200},"classes":[]}],"_links":{"self":[{"href":"https:\/\/jornalrol.com.br\/index.php?rest_route=\/wp\/v2\/posts\/12720","targetHints":{"allow":["GET"]}}],"collection":[{"href":"https:\/\/jornalrol.com.br\/index.php?rest_route=\/wp\/v2\/posts"}],"about":[{"href":"https:\/\/jornalrol.com.br\/index.php?rest_route=\/wp\/v2\/types\/post"}],"author":[{"embeddable":true,"href":"https:\/\/jornalrol.com.br\/index.php?rest_route=\/wp\/v2\/users\/6"}],"replies":[{"embeddable":true,"href":"https:\/\/jornalrol.com.br\/index.php?rest_route=%2Fwp%2Fv2%2Fcomments&post=12720"}],"version-history":[{"count":0,"href":"https:\/\/jornalrol.com.br\/index.php?rest_route=\/wp\/v2\/posts\/12720\/revisions"}],"wp:featuredmedia":[{"embeddable":true,"href":"https:\/\/jornalrol.com.br\/index.php?rest_route=\/"}],"wp:attachment":[{"href":"https:\/\/jornalrol.com.br\/index.php?rest_route=%2Fwp%2Fv2%2Fmedia&parent=12720"}],"wp:term":[{"taxonomy":"category","embeddable":true,"href":"https:\/\/jornalrol.com.br\/index.php?rest_route=%2Fwp%2Fv2%2Fcategories&post=12720"},{"taxonomy":"post_tag","embeddable":true,"href":"https:\/\/jornalrol.com.br\/index.php?rest_route=%2Fwp%2Fv2%2Ftags&post=12720"}],"curies":[{"name":"wp","href":"https:\/\/api.w.org\/{rel}","templated":true}]}}