{"id":1389,"date":"2015-04-01T09:59:26","date_gmt":"2015-04-01T12:59:26","guid":{"rendered":"http:\/\/www.jornalrol.com.br\/?p=1389"},"modified":"2015-04-01T09:59:26","modified_gmt":"2015-04-01T12:59:26","slug":"sao-paulo-exposicoes-de-arte-da-associacao-pivo","status":"publish","type":"post","link":"https:\/\/jornalrol.com.br\/?p=1389","title":{"rendered":"S\u00e3o Paulo: EXPOSI\u00c7\u00d5ES DE ARTE DA ASSOCIA\u00c7\u00c3O PIV\u00d4"},"content":{"rendered":"<div class=\"pdfprnt-buttons pdfprnt-buttons-post pdfprnt-top-right\"><a href=\"https:\/\/jornalrol.com.br\/index.php?rest_route=%2Fwp%2Fv2%2Fposts%2F1389&print=pdf\" class=\"pdfprnt-button pdfprnt-button-pdf\" target=\"_blank\" ><\/a><a href=\"https:\/\/jornalrol.com.br\/index.php?rest_route=%2Fwp%2Fv2%2Fposts%2F1389&print=print\" class=\"pdfprnt-button pdfprnt-button-print\" target=\"_blank\" ><img decoding=\"async\" src=\"https:\/\/jornalrol.com.br\/wp-content\/plugins\/pdf-print\/images\/print.png\" alt=\"image_print\" title=\"Conte\u00fado de impress\u00e3o\" \/><\/a><\/div><p><strong>Piv\u00f4 abre, simultaneamente, as exposi\u00e7\u00f5es \u2018O que n\u00e3o tem conserto\u2019 de Tonico Lemos Auad e \u2018Deserto-Modelo\u2019 de Lucas Arruda<br \/>\n<\/strong><!--more--><\/p>\n<p><em>A mostra de Tonico Lemos Auad conta com curadoria de Kiki Mazzucchelli e Lucas Arruda apresenta instala\u00e7\u00f5es in\u00e9ditas \u00a0<\/em><\/p>\n<p>S\u00e3o Paulo, abril de 2015 &#8212; No dia 05 de abril, domingo, \u00e0s 17h, o Piv\u00f4 inaugura, simultaneamente, as exposi\u00e7\u00f5es \u2018O que n\u00e3o tem conserto\u2019, do artista Tonico Lemos Auad e \u2018Deserto-Modelo\u2019, de Lucas Arruda. Ambas integram a programa\u00e7\u00e3o do Plano Anual de Atividades do Piv\u00f4 de 2015, realizado atrav\u00e9s da Lei Rouanet (Minc). As mostras ficam em cartaz at\u00e9 o dia 30 de maio.<\/p>\n<p>\u2018O que n\u00e3o tem conserto\u2019 re\u00fane um conjunto de obras, incluindo trabalhos recentes e in\u00e9ditos que exploram algumas das quest\u00f5es centrais da pesquisa de Auad. Paraense radicado em Londres h\u00e1 15 anos, o artista parte de quest\u00f5es e imagens universais sobre o mar que, livremente associadas, o levaram a investigar o uso de t\u00e9cnicas manuais e o vocabul\u00e1rio vernacular.<\/p>\n<p>Nesse projeto, Auad amplia sua pesquisa sobre a manufatura e seus tempos. O trabalho manual \u00e9 entendido pelo artista tanto como a necessidade prosaica de se consertar objetos utilit\u00e1rios quanto a observa\u00e7\u00e3o de um aspecto mais human\u00edstico e meditativo pr\u00f3prio das pr\u00e1ticas de conserto e restauro.<\/p>\n<p><img loading=\"lazy\" decoding=\"async\" class=\"CToWUd a6T\" tabindex=\"0\" src=\"https:\/\/ci4.googleusercontent.com\/proxy\/yn2pmzrZeBZm042zDF9pKK-y_LnULWaOnKk4Z4Zg4uEPTWUGMC1QhceMfyfcL0QdomL4-Tf4YVE5Y2V0Y1B9O0GVp99zqNkzjljAbWqBVFhUTA-G0AaFm-OKMN6kGuOmmb1Cde5udOilD774Ky0TW4oX4c0YJpq_P0pe7h-8FC8VpI8aPk5f_I2Gnr4=s0-d-e1-ft#http:\/\/agencialema11.newssender.com.br\/messageimages\/1120773918383686\/142773806931673200\/0000000_tonico_disparador.jpg\" alt=\"\" width=\"450\" height=\"299\" \/><\/p>\n<div class=\"a6S\" dir=\"ltr\"><\/div>\n<p>Arqueologia refletida; p\u00fablico \u00e9 convidado a raspar parede e revelar inten\u00e7\u00f5es da obra<\/p>\n<p>Na grande parede curva do Piv\u00f4 encontra-se a obra \u2018Reflected Archeology \/ Folkestone\u2019 (Arqueologia Refletida \/ Folkestone, 2011), apresentada pela primeira vez na Trienal de Folkstone, em Kent, Inglaterra. Sobre uma camada prateada, t\u00edpica das \u201craspadinhas\u201d oferecidas por casas lot\u00e9ricas, o p\u00fablico \u00e9 convidado a revelar imagens relacionadas a rituais pag\u00e3os e religiosos. Nesse caso o artista se apropria de imagens, fotografias, desenhos e cita\u00e7\u00f5es em torno do ritual anual de c\u00edrio de Nazar\u00e9 em sua cidade natal e o carnaval de Folkstone, na Inglaterra, para onde a obra foi criada inicialmente. O universo visual de manifesta\u00e7\u00f5es religiosas \u00e9 revelado pelo p\u00fablico ao descascar gradualmente a primeira camada do trabalho. \u2018Reflected Archeology\u2019 estabelece um paralelo com o processo -quase arqueol\u00f3gico-, da reforma arquitet\u00f4nica do Piv\u00f4, em que o espa\u00e7o foi sendo descoberto pela retirada de pisos falsos e tetos baixos, revertendo reformas de ocupa\u00e7\u00f5es anteriores que descaracterizaram o projeto original de Oscar Niemeyer.<\/p>\n<p>O conjunto de onze pe\u00e7as em tecido suspensas integram a instala\u00e7\u00e3o \u2018Sea Horses\u2019 (Cavalos Marinhos, 2014-15), as pe\u00e7as verticais se referem ao animal marinho que s\u00f3 se movimenta verticalmente. O artista desconstr\u00f3i a trama original do tecido, para reconstru\u00ed-lo transformando as tramas em hastes. No mesmo ambiente, ser\u00e3o mostradas as pe\u00e7as de ch\u00e3o da s\u00e9rie \u2018Unruly Architecture\u2019 (Arquitetura Indom\u00e1vel, 2015) A instala\u00e7\u00e3o \u00e9 composta por pequenos vasos de croch\u00ea dispostos em tocos de madeira de diferentes tamanhos, destitu\u00eddos de sua funcionalidade os vasos perme\u00e1veis ressaltam contrastes entre os materiais leves e o brutalismo do espa\u00e7o, trabalhando no\u00e7\u00f5es de escala e propor\u00e7\u00e3o.<\/p>\n<p>O que n\u00e3o tem conserto\u2019 (2015) \u00e9 tamb\u00e9m o t\u00edtulo de uma escultura in\u00e9dita em madeira baseada na microarquitetura improvisada caracter\u00edstica dos locais de trabalho dos prestadores de servi\u00e7os de pequenos consertos. Em hor\u00e1rios determinados, durante o per\u00edodo da exposi\u00e7\u00e3o, a escultura ser\u00e1 habitada por prestadores de diferentes servi\u00e7os que ser\u00e3o oferecidos ao p\u00fablico gratuitamente em dias espec\u00edficos.<\/p>\n<p>Esse tipo de atividade, que desafia a estrat\u00e9gia de obsolesc\u00eancia planejada do capitalismo tardio, reflete o interesse do artista pelo fazer manual ao mesmo tempo em que traz quest\u00f5es urgentes ao mundo contempor\u00e2neo, particularmente no que diz respeito ao impacto ambiental causado pela l\u00f3gica de produ\u00e7\u00e3o de bens n\u00e3o dur\u00e1veis.<\/p>\n<p>O edif\u00edcio Copan, habitado por cerca de 2 mil pessoas, \u00e9 um ambiente de grande demanda para esses servi\u00e7os. O Piv\u00f4 far\u00e1 uma divulga\u00e7\u00e3o desse trabalho no edif\u00edcio, dando continuidade a um dos maiores objetivos do projeto: a troca entre o p\u00fablico espec\u00edfico das artes visuais e os moradores da regi\u00e3o.<\/p>\n<p>A exposi\u00e7\u00e3o \u2018Deserto Modelo\u2019 de Lucas Arruda no Piv\u00f4 inclui tr\u00eas trabalhos com proje\u00e7\u00e3o de slide e cinco pinturas a \u00f3leo, trabalhos produzidos em diferentes formatos que se informam ao longo da trajet\u00f3ria da exposi\u00e7\u00e3o. Todas as exposi\u00e7\u00f5es de Arruda s\u00e3o intituladas \u2018Deserto-Modelo\u2019, esse titulo nunca \u00e9 traduzido e influencia na concep\u00e7\u00e3o de toda obra do artista como uma serie continua, em desenvolvimento. Passagem e transi\u00e7\u00e3o foram elementos fundamentais para o processo de pesquisa dessa exposi\u00e7\u00e3o.<\/p>\n<p><img loading=\"lazy\" decoding=\"async\" class=\"CToWUd a6T\" tabindex=\"0\" src=\"https:\/\/ci3.googleusercontent.com\/proxy\/2_XMFDW_SxdUZ6FHQdoa_HyAEoOH2CZxWhgnaC2wKx6Jr2YfRWZTKw4CwZaLTU7pEHeeM7_-tO5O8Q3hYqEr_KI37Dd7dPqX4y6HY3dfgMv7P4kAkmWw8MNdBhgi5MNM-C7SyQ73ZttrOOOOM5xIA5NWmb-Oczi22Y4AKHVq11FN9vw3uLM2j-qmaH_2oEV6=s0-d-e1-ft#http:\/\/agencialema11.newssender.com.br\/messageimages\/1120773918383686\/142773806931673200\/00000_lucas_arruda_disparador.jpg\" alt=\"\" width=\"450\" height=\"300\" \/><\/p>\n<div class=\"a6S\" dir=\"ltr\"><\/div>\n<p>&#8220;Deserto-modelo&#8221; de Lucas Arruda; passagem do tempo e mem\u00f3ria<\/p>\n<p>Com pouca entrada de luz natural e muitas colunas, a sala onde Arruda ir\u00e1 apresentar essa exposi\u00e7\u00e3o tem particularidades arquitet\u00f4nicas que requerem um pensamento especifico sobre o espa\u00e7o. Diante desse desafio Arruda criou uma estrutura labir\u00edntica que guia o visitante. Cada trabalho apresenta parte de sua pesquisa sobre paisagem, memoria e passagem de tempo, enquanto a luz do ambiente est\u00e1 em constante muta\u00e7\u00e3o.<\/p>\n<p>Entre dias e noites, claro e escuro, a percep\u00e7\u00e3o do visitante sobre cada espa\u00e7o se altera drasticamente de acordo com o momento em que se encontra a obra. Sentindo de corpo inteiro a atmosfera das pinturas pelas quais Arruda se tornou conhecido. Ao entrar no espa\u00e7o o visitante encontra dois campos do mesmo tamanho que demarcam dois tons de branco diferentes. Um dos campos \u00e9 composto pela luz de uma proje\u00e7\u00e3o vazia e o outro pintado diretamente sobre a parede. Quando a luz ambiente est\u00e1 est\u00e1vel a distin\u00e7\u00e3o entre os dois tons \u00e9 evidente, ao aumentar a intensidade dessa luz principal uma tela se apaga e a outra se destaca, ao diminuir a luz o processo se inverte. A percep\u00e7\u00e3o que se tem dessas composi\u00e7\u00f5es bin\u00e1rias sugerem uma sensa\u00e7\u00e3o de migra\u00e7\u00e3o suave das cores entre dois planos. \u00c9 mais luz indecisa do que cor definida.<\/p>\n<p>Em outra instala\u00e7\u00e3o recente, Arruda pintou luz e paisagens de quatro dias e quatro noites diretamente em slides 35mm. Diferentes tons e densidades afetam a sala de acordo com a rota\u00e7\u00e3o dos slides, que est\u00e3o sincronizados e em loop. Conforme as noites se aproximam toda sala se encontra em total escurid\u00e3o, conforme o amanhecer dos dias a luz gradualmente retorna. Essa compreens\u00e3o c\u00edclica da luz \u00e9 projetada, semelhante a passagem de dias, da alvorada ao ocaso, o tempo \u00e9 pontuado pela transi\u00e7\u00e3o de luz.<\/p>\n<p>Em sua pratica mais consolidada o artista exibe pinturas a \u00f3leo que partem de paisagens imaginadas, de horizontes distantes que s\u00e3o transformadas em formas de luz e cor, ou ao contr\u00e1rio. Suas pinturas introduzem o pensamento do artista sobre mem\u00f3ria. Os limites da representa\u00e7\u00e3o se afirmam ao revelar imagens sempre iguais e diferentes.<\/p>\n<p><strong>Sobre Tonico Lemos Auad<br \/>\n<\/strong>Tonico Lemos Auad \u00e9 formado em arquitetura pela FAU-USP e possui mestrado em Artes Visuais pela Goldsmiths College, Londres. Com uma trajet\u00f3ria de mais de 15 anos, participou de exposi\u00e7\u00f5es importantes como Antartica Artes com a Folha (Pavilh\u00e3o Manuel da N\u00f3brega, S\u00e3o Paulo, 1996), Beck\u2019s Futures (ICA, Londres, 2004), The British Art Show 06 (Hayward Gallery, Londres, 2005) e FolkstoneTriennial (Folkstone, 2011).<\/p>\n<p><strong>Sobre Lucas Arruda<br \/>\n<\/strong>Lucas Arruda nasceu em S\u00e3o Paulo, 1983. O artista come\u00e7ou a exibir sua obra em 2009. Todas as suas exposi\u00e7\u00f5es individuais s\u00e3o intituladas \u2018Deserto-Modelo\u2019, recentemente Lucas Arruda teve exposi\u00e7\u00f5es na VeneKlasen Werner, Berlim, Alemanha (2014), Mendes Wood DM, S\u00e3o Paulo, Brasil, (2014, 2012), Frederic Snitzer, Miami, EUA, (2012), III Mostra do Programa de Exposi\u00e7\u00f5es, Centro Cultural S\u00e3o Paulo, Sao Paulo, Brazil , (2011), i-20 Gallery, Nova York, EUA, (2011) e 713 Arte Contempor\u00e1neo, Buenos Aires, Argentina (2010).<\/p>\n<p><strong>Sobre o Piv\u00f4<br \/>\n<\/strong>O Piv\u00f4, fundado em 2012, \u00e9 uma associa\u00e7\u00e3o cultural sem fins lucrativos que atua como plataforma de experimenta\u00e7\u00e3o art\u00edstica para artistas, curadores, te\u00f3ricos, estudantes e todos interessados em desenvolver processos de pesquisa neste campo. Tem por objetivo propor questionamentos cr\u00edticos no campo das artes visuais, arquitetura, urbanismo e outras \u00e1reas da cultura, disponibilizando um espa\u00e7o de exposi\u00e7\u00e3o, investiga\u00e7\u00e3o e interc\u00e2mbio de propostas art\u00edsticas nos \u00e2mbitos nacional e internacional. Sua programa\u00e7\u00e3o \u00e9 ampla e contempla exposi\u00e7\u00f5es, resid\u00eancias art\u00edsticas, interven\u00e7\u00f5es, cursos, debates e palestras. Em dois anos de exist\u00eancia, a institui\u00e7\u00e3o realizou cerca de 30 projetos, acolheu em seu espa\u00e7o uma m\u00e9dia de 210 artistas de 15 pa\u00edses diferentes e recebeu cerca de 30 mil visitantes desde sua inaugura\u00e7\u00e3o.<\/p>\n<p>&nbsp;<\/p>\n<p><strong>\u201cO que n\u00e3o tem conserto\u201d, por Tonico Lemos Auad e \u201cDeserto Modelo\u201d, de Lucas Arruda no Piv\u00f4<br \/>\n<\/strong>Abertura: 05 de abril, domingo, das 17h \u00e0s 21h<br \/>\nPer\u00edodo expositivo: de 5 de abril a 30 de maio<br \/>\nEndere\u00e7o: Edif\u00edcio Copan \u2013 Av. Ipiranga 200, Bloco A, loja 54, Centro \u2013 S\u00e3o Paulo<br \/>\nHor\u00e1rio de funcionamento: de ter\u00e7a a sexta-feira, das 13h \u00e0s 20h e s\u00e1bados, das 13h \u00e0s 19h<br \/>\nTelefone: (11) 3255-8703<br \/>\nEntrada gratuita\/ livre<br \/>\nMais informa\u00e7\u00f5es: <a href=\"http:\/\/www.pivo.org.br\/\" target=\"_blank\">www.pivo.org.br<\/a><\/p>\n","protected":false},"excerpt":{"rendered":"<p>Piv\u00f4 abre, simultaneamente, as exposi\u00e7\u00f5es \u2018O que n\u00e3o tem conserto\u2019 de Tonico Lemos Auad e \u2018Deserto-Modelo\u2019 de Lucas Arruda<\/p>\n","protected":false},"author":3,"featured_media":0,"comment_status":"closed","ping_status":"closed","sticky":false,"template":"","format":"standard","meta":{"_jetpack_newsletter_access":"","_jetpack_dont_email_post_to_subs":false,"_jetpack_newsletter_tier_id":0,"_jetpack_memberships_contains_paywalled_content":false,"_jetpack_memberships_contains_paid_content":false,"footnotes":""},"categories":[7],"tags":[3628],"class_list":["post-1389","post","type-post","status-publish","format-standard","hentry","category-comunicacao","tag-exposicoes"],"aioseo_notices":[],"views":0,"jetpack_featured_media_url":"","jetpack_sharing_enabled":true,"jetpack_likes_enabled":true,"jetpack-related-posts":[{"id":1702,"url":"https:\/\/jornalrol.com.br\/?p=1702","url_meta":{"origin":1389,"position":0},"title":"S\u00e3o Paulo: EXPOSI\u00c7\u00d5ES EM CARTAZ NA CIDADE","author":"Helio Rubens","date":"27 de abril de 2015","format":false,"excerpt":"Informa\u00e7\u00f5es sobre as exposi\u00e7\u00f5es que estar\u00e3o em cartaz na cidade de S\u00e3o Paulo at\u00e9 o dia 30 de maio \u00a0 A mais recente \u00e9 a 'Res\u00edduos do Passado', do pintor e escultor Alex Hornest, em exibi\u00e7\u00e3o na Tag Gallery, que apresenta uma discuss\u00e3o sobre o sub-emprego e a desigualdade social.\u2026","rel":"","context":"Em &quot;Comunica\u00e7\u00e3o&quot;","block_context":{"text":"Comunica\u00e7\u00e3o","link":"https:\/\/jornalrol.com.br\/?cat=7"},"img":{"alt_text":"","src":"","width":0,"height":0},"classes":[]},{"id":1717,"url":"https:\/\/jornalrol.com.br\/?p=1717","url_meta":{"origin":1389,"position":1},"title":"S\u00e3o Paulo: EXPO &#039;RECALQUE DIFERENCIAL&#039;, DE LUCAS SIM\u00d5ES","author":"Helio Rubens","date":"28 de abril de 2015","format":false,"excerpt":"Galeria Emma Thomas apresenta exposi\u00e7\u00e3o \u201cRecalque Diferencial\u201d do artista Lucas Sim\u00f5es O artista apresentar\u00e1 uma instala\u00e7\u00e3o que ser\u00e1, aos poucos, destru\u00edda pela intera\u00e7\u00e3o com o p\u00fablico, trabalho que faz um contraponto entre arquitetura e a constru\u00e7\u00e3o de monumentos nacionais\u00a0 \u00a0 S\u00e3o Paulo, abril de 2015 \u2013 No dia 19 de\u2026","rel":"","context":"Em &quot;Comunica\u00e7\u00e3o&quot;","block_context":{"text":"Comunica\u00e7\u00e3o","link":"https:\/\/jornalrol.com.br\/?cat=7"},"img":{"alt_text":"","src":"https:\/\/ci6.googleusercontent.com\/proxy\/aHMv8KApnAfXbr0a6cilh33QMxShPk7iAeZgYoXK8dBqRfqZ9-rqunWZuuYU1_W4yLVBhgW8eU8T3tL-Wk9ZH__LXi0Aqzyy44HHiG93f63mEzgVj2sLfa7PAcAIHp4mLiXtz4Y-VdtQkZozNMDNA1jp_BgS8XwduE998_0o=s0-d-e1-ft#http:\/\/agencialema11.newssender.com.br\/messageimages\/1120773918383686\/143023122488625800\/lucas_simes.jpg","width":350,"height":200},"classes":[]},{"id":79608,"url":"https:\/\/jornalrol.com.br\/?p=79608","url_meta":{"origin":1389,"position":2},"title":"Jardim Secreto dos Sonhos","author":"Sergio Diniz da Costa","date":"27 de mar\u00e7o de 2026","format":false,"excerpt":"Coletivo Caf\u00e9 & Arte em Movimento apresenta mostra po\u00e9tica in\u00e9dita baseada em pesquisa biogr\u00e1fica e liter\u00e1ria do autor dinamarqu\u00eas durante todo o m\u00eas de abril.","rel":"","context":"Em &quot;Arte&quot;","block_context":{"text":"Arte","link":"https:\/\/jornalrol.com.br\/?cat=9286"},"img":{"alt_text":"Card da exposi\u00e7\u00e3o Jardim Secreto dos Sonhos, no Tatuap\u00e9","src":"https:\/\/i0.wp.com\/jornalrol.com.br\/wp-content\/uploads\/2026\/03\/db826574-b6bb-4da7-bfe6-353494e58fa5.jpg?resize=350%2C200&ssl=1","width":350,"height":200,"srcset":"https:\/\/i0.wp.com\/jornalrol.com.br\/wp-content\/uploads\/2026\/03\/db826574-b6bb-4da7-bfe6-353494e58fa5.jpg?resize=350%2C200&ssl=1 1x, https:\/\/i0.wp.com\/jornalrol.com.br\/wp-content\/uploads\/2026\/03\/db826574-b6bb-4da7-bfe6-353494e58fa5.jpg?resize=525%2C300&ssl=1 1.5x, https:\/\/i0.wp.com\/jornalrol.com.br\/wp-content\/uploads\/2026\/03\/db826574-b6bb-4da7-bfe6-353494e58fa5.jpg?resize=700%2C400&ssl=1 2x, https:\/\/i0.wp.com\/jornalrol.com.br\/wp-content\/uploads\/2026\/03\/db826574-b6bb-4da7-bfe6-353494e58fa5.jpg?resize=1050%2C600&ssl=1 3x"},"classes":[]},{"id":6946,"url":"https:\/\/jornalrol.com.br\/?p=6946","url_meta":{"origin":1389,"position":3},"title":"Centro Cultural de Itapetininga ter\u00e1 nova exposi\u00e7\u00e3o","author":"Helio Rubens","date":"23 de novembro de 2016","format":false,"excerpt":"Entrela\u00e7os trar\u00e1 uma proposta de intera\u00e7\u00e3o com o planeta \u00a0 O Centro Cultural e Hist\u00f3rico \u2018Bras\u00edlio Ayres de Aguirre\u2019 ser\u00e1 palco de mais uma exposi\u00e7\u00e3o de artes pl\u00e1sticas. A artista Elze Arruda trar\u00e1 a exposi\u00e7\u00e3o 'Entrela\u00e7os', paralelamente ao lan\u00e7amento de seu novo livro, um \u00e1lbum de poesias e pinturas. As\u2026","rel":"","context":"Em &quot;Comunica\u00e7\u00e3o&quot;","block_context":{"text":"Comunica\u00e7\u00e3o","link":"https:\/\/jornalrol.com.br\/?cat=7"},"img":{"alt_text":"dscn4063-1","src":"https:\/\/i0.wp.com\/www.jornalrol.com.br\/wp-content\/uploads\/2016\/11\/DSCN4063-1-300x249.jpg?resize=350%2C200","width":350,"height":200},"classes":[]},{"id":1508,"url":"https:\/\/jornalrol.com.br\/?p=1508","url_meta":{"origin":1389,"position":4},"title":"PROJETO PIPA DIA 11 DE ABRIL EM S\u00c3O PAULO","author":"Helio Rubens","date":"7 de abril de 2015","format":false,"excerpt":"Tec lan\u00e7a exposi\u00e7\u00e3o \u201cProjeto Pipa\u201d no dia 11 de abril na galeria Choque-Centro Novo trabalho do artista argentino mescla interven\u00e7\u00e3o urbana e tecnologia drone\u00a0 S\u00e3o Paulo, mar\u00e7o de 2015 \u2013 O artista Tec abre a exposi\u00e7\u00e3o \u201cProjeto Pipa\u201d galeria Choque-Centro no dia 11 de abril, s\u00e1bado, \u00e0s 18h. \u00a0Com curadoria\u2026","rel":"","context":"Em &quot;Comunica\u00e7\u00e3o&quot;","block_context":{"text":"Comunica\u00e7\u00e3o","link":"https:\/\/jornalrol.com.br\/?cat=7"},"img":{"alt_text":"","src":"https:\/\/ci4.googleusercontent.com\/proxy\/RYajGTRC8dn9NT7Hx4x7L1T3XeTwGU5avwq0RBU0vlW_nfkO1dBHFzmTHQr-GGKMr7oQhdwfSwWICBYb_AQ6IkBJvrMXFCARD-pV4ioTbDtO-_cTG38dgwLh4wefqYMj8AeBPmEGHpfAlG_WfB2eNJ1CS3Sh9Zoy6WYTogGsD4uSmGrd5aYntj5B=s0-d-e1-ft#http:\/\/agencialema11.newssender.com.br\/messageimages\/1120773918383686\/142835273677999700\/tec_para_disparador_600.jpg","width":350,"height":200,"srcset":"https:\/\/ci4.googleusercontent.com\/proxy\/RYajGTRC8dn9NT7Hx4x7L1T3XeTwGU5avwq0RBU0vlW_nfkO1dBHFzmTHQr-GGKMr7oQhdwfSwWICBYb_AQ6IkBJvrMXFCARD-pV4ioTbDtO-_cTG38dgwLh4wefqYMj8AeBPmEGHpfAlG_WfB2eNJ1CS3Sh9Zoy6WYTogGsD4uSmGrd5aYntj5B=s0-d-e1-ft#http:\/\/agencialema11.newssender.com.br\/messageimages\/1120773918383686\/142835273677999700\/tec_para_disparador_600.jpg 1x, https:\/\/ci4.googleusercontent.com\/proxy\/RYajGTRC8dn9NT7Hx4x7L1T3XeTwGU5avwq0RBU0vlW_nfkO1dBHFzmTHQr-GGKMr7oQhdwfSwWICBYb_AQ6IkBJvrMXFCARD-pV4ioTbDtO-_cTG38dgwLh4wefqYMj8AeBPmEGHpfAlG_WfB2eNJ1CS3Sh9Zoy6WYTogGsD4uSmGrd5aYntj5B=s0-d-e1-ft#http:\/\/agencialema11.newssender.com.br\/messageimages\/1120773918383686\/142835273677999700\/tec_para_disparador_600.jpg 1.5x"},"classes":[]},{"id":4769,"url":"https:\/\/jornalrol.com.br\/?p=4769","url_meta":{"origin":1389,"position":5},"title":"C\u00e2mara de Itapetininga vai implantar a &#039;Semana Julio Prestes&#039;","author":"Helio Rubens","date":"30 de abril de 2016","format":false,"excerpt":"A proposta foi uma iniciativa da presidente da C\u00e2mara de Itapetininga, Dra. Maria Lucia Haidar Acompanhado do presidente do IHGGI - Instituto Hist\u00f3rico, Geogr\u00e1fico e Geneal\u00f3gico de Itapetininga, jornalista Helio Rubens de Arruda e Miranda, o presidente do MIS de Itapetininga, Dr. Roberto Soares Hungria participou de uma reuni\u00e3o realizada\u2026","rel":"","context":"Em &quot;Comunica\u00e7\u00e3o&quot;","block_context":{"text":"Comunica\u00e7\u00e3o","link":"https:\/\/jornalrol.com.br\/?cat=7"},"img":{"alt_text":"[004305]","src":"https:\/\/i0.wp.com\/www.jornalrol.com.br\/wp-content\/uploads\/2016\/04\/004305.gif?resize=350%2C200","width":350,"height":200},"classes":[]}],"_links":{"self":[{"href":"https:\/\/jornalrol.com.br\/index.php?rest_route=\/wp\/v2\/posts\/1389","targetHints":{"allow":["GET"]}}],"collection":[{"href":"https:\/\/jornalrol.com.br\/index.php?rest_route=\/wp\/v2\/posts"}],"about":[{"href":"https:\/\/jornalrol.com.br\/index.php?rest_route=\/wp\/v2\/types\/post"}],"author":[{"embeddable":true,"href":"https:\/\/jornalrol.com.br\/index.php?rest_route=\/wp\/v2\/users\/3"}],"replies":[{"embeddable":true,"href":"https:\/\/jornalrol.com.br\/index.php?rest_route=%2Fwp%2Fv2%2Fcomments&post=1389"}],"version-history":[{"count":0,"href":"https:\/\/jornalrol.com.br\/index.php?rest_route=\/wp\/v2\/posts\/1389\/revisions"}],"wp:attachment":[{"href":"https:\/\/jornalrol.com.br\/index.php?rest_route=%2Fwp%2Fv2%2Fmedia&parent=1389"}],"wp:term":[{"taxonomy":"category","embeddable":true,"href":"https:\/\/jornalrol.com.br\/index.php?rest_route=%2Fwp%2Fv2%2Fcategories&post=1389"},{"taxonomy":"post_tag","embeddable":true,"href":"https:\/\/jornalrol.com.br\/index.php?rest_route=%2Fwp%2Fv2%2Ftags&post=1389"}],"curies":[{"name":"wp","href":"https:\/\/api.w.org\/{rel}","templated":true}]}}