{"id":1452,"date":"2015-04-02T21:46:14","date_gmt":"2015-04-03T00:46:14","guid":{"rendered":"http:\/\/www.jornalrol.com.br\/?p=1452"},"modified":"2015-04-02T21:46:14","modified_gmt":"2015-04-03T00:46:14","slug":"genealogia-informacoes-sobre-a-familia-clavivos","status":"publish","type":"post","link":"https:\/\/jornalrol.com.br\/?p=1452","title":{"rendered":"Genealogia: INFORMA\u00c7\u00d5ES SOBRE A FAMILIA CLAVIVOS"},"content":{"rendered":"<div class=\"pdfprnt-buttons pdfprnt-buttons-post pdfprnt-top-right\"><a href=\"https:\/\/jornalrol.com.br\/index.php?rest_route=%2Fwp%2Fv2%2Fposts%2F1452&print=pdf\" class=\"pdfprnt-button pdfprnt-button-pdf\" target=\"_blank\" ><\/a><a href=\"https:\/\/jornalrol.com.br\/index.php?rest_route=%2Fwp%2Fv2%2Fposts%2F1452&print=print\" class=\"pdfprnt-button pdfprnt-button-print\" target=\"_blank\" ><img decoding=\"async\" src=\"https:\/\/jornalrol.com.br\/wp-content\/plugins\/pdf-print\/images\/print.png\" alt=\"image_print\" title=\"Conte\u00fado de impress\u00e3o\" \/><\/a><\/div><p><strong>Afr\u00e2nio Mello &#8211; ATENDIMENTO N\u00daMERO 452<\/strong><!--more--><\/p>\n<p>Caro Rangel,<\/p>\n<p>&nbsp;<\/p>\n<p>Enquanto n\u00e3o termino as pesquias de Feu e R\u00f4a , encaminho para seu conhecimento o arquivo do sobrenome CLAVIJOS\/CLAVIJO e CLABIBOS.<\/p>\n<p>Espero que fique contente pois j\u00e1 tem,ao menos, um pouco de informa\u00e7\u00f5es sobre o SOBRENOME.<\/p>\n<p>&nbsp;<\/p>\n<p>Forte abra\u00e7o<\/p>\n<p>&nbsp;<\/p>\n<p>Afr\u00e2nio Franco de Oliveira Mello<\/p>\n<p>IHGGI \/ ROL \u2013 Jornal on Line.<\/p>\n<p>&nbsp;<\/p>\n<p>&nbsp;<\/p>\n<p><a href=\"http:\/\/www.jornalrol.com.br\/wp-content\/uploads\/2015\/04\/Clavivos.jpg\"><img loading=\"lazy\" decoding=\"async\" class=\"alignnone size-medium wp-image-1441\" src=\"http:\/\/www.jornalrol.com.br\/wp-content\/uploads\/2015\/04\/Clavivos-257x300.jpg\" alt=\"Clavivos\" width=\"257\" height=\"300\" \/><\/a>Clavivos, aportuguesamento do Espanhol <strong><em>Clavijos\/Clavijo<\/em><\/strong>. A opini\u00e3o dos genealogistas \u00e9 que este sobrenome proceda da vila assim chamada, Clavijo, na prov\u00edncia de La Rioja, donde foi estendendo-se por outros povoados da Espanha. Interessante destacar que um ramo da linhagem Clavijo viveu na ilha de Lanzarote, a qual peretenceu a <strong>Dom Salvador Clavijo y Miranda<\/strong>, Cavaleiro Cadete das Reales Compa\u00f1ias de Guardiamarinas Espa\u00f1olas, em 1795, acreditando antes sua nobreza. Da fam\u00edlia que se estabeleceu em C\u00f3rdoba, tem que destacar a <strong>Dom Sancho de Clavijo<\/strong>, que passou para o Novo Mundo em 1532, sendo nomeado Governador do Panam\u00e1. Entre os conquistadores de Nova Espanha figuram <strong>Dom Diego e Dom Juan Clavijo<\/strong>.<\/p>\n<p><a href=\"http:\/\/www.jornalrol.com.br\/wp-content\/uploads\/2015\/04\/Clavivos1.jpg\"><img loading=\"lazy\" decoding=\"async\" class=\"alignnone size-medium wp-image-1442\" src=\"http:\/\/www.jornalrol.com.br\/wp-content\/uploads\/2015\/04\/Clavivos1-300x140.jpg\" alt=\"Clavivos1\" width=\"300\" height=\"140\" \/><\/a><\/p>\n<p>Na prov\u00edncia de Logoro\u00f1o existe um povo chamado Clavijo, que na \u00e9poca da invas\u00e3o \u00e1rabe havia um castelo (imagem) do qual ainda existe ru\u00ednas. Este povo vivia nas montanhas e h\u00e1 relatos que em noites claras se comunicavam por meio de fogueiras com castelos similares existentes nas montanhas de Navarra e Arag\u00f3n. As lendas contam que nas ladeiras adjacentes se desenvolveu uma grande batalha entre mouros e asturianos.<\/p>\n<p><a href=\"http:\/\/www.jornalrol.com.br\/wp-content\/uploads\/2015\/04\/Clavivos2.jpg\"><img loading=\"lazy\" decoding=\"async\" class=\"alignnone size-medium wp-image-1443\" src=\"http:\/\/www.jornalrol.com.br\/wp-content\/uploads\/2015\/04\/Clavivos2-200x300.jpg\" alt=\"Clavivos2\" width=\"200\" height=\"300\" \/><\/a><\/p>\n<p>A Hist\u00f3ria conta que o ex\u00e9rcito asturiano estava rodeado pelos mouros no ano de 844. Na batalha, cujo epis\u00f3dio definitivo se esperava ao dia seguinte, aparecia muito mal para o ex\u00e9rcito de Ramiro I, rei das Ast\u00farias (imagem). Os conselheiros do rei \u201cmonta\u00f1es\u201d aconselhavam a retirada at\u00e9 o Camero Viejo a espera de refor\u00e7os. A noite v\u00e9spera da batalha, foi muito longa. O rei Ramiro I sonhou como a muito tempo n\u00e3o sonhava. Em seu sonho via a San Santiago, vitorioso, ajudando ao ex\u00e9rcito crist\u00e3o.<\/p>\n<p><a href=\"http:\/\/www.jornalrol.com.br\/wp-content\/uploads\/2015\/04\/Clavivos3jpg.jpg\"><img loading=\"lazy\" decoding=\"async\" class=\"alignnone size-medium wp-image-1444\" src=\"http:\/\/www.jornalrol.com.br\/wp-content\/uploads\/2015\/04\/Clavivos3jpg-225x300.jpg\" alt=\"Clavivos3jpg\" width=\"225\" height=\"300\" \/><\/a><\/p>\n<p>Chegou a hora da luta. O rei Ramiro I, seguro da vit\u00f3ria, mandou atacar. A dur\u00edssima contenda durou toda a manh\u00e3 e toda a tarde daquele dia 22 de maio de 844. Ningu\u00e9m dos ex\u00e9rcitos dava sinais de cansa\u00e7o. De pronto um grito un\u00e2nime: Santiago! Santiago! O ex\u00e9rcito crist\u00e3o redobrou suas energias. O triunfo parecia inclinar-se do lado das hostes de Ramiro I, mas a noite se aproximava:<br \/>\n&#8211; Senhor \u2013 disse Dom Sancho \u2013 a vit\u00f3ria \u00e9 quase nossa, mas a noite impedir\u00e1 que esta seja definitiva. Somente temos uma solu\u00e7\u00e3o: Invocar a Virgem para que ela detenha o dia at\u00e9 que acabemos com os pag\u00e3os.<br \/>\nO rei, cravou sua espada no solo e invocou a Maria:<br \/>\n&#8211; Nossa Senhora: Det\u00e9m teu dia! Det\u00e9n teu dia!<br \/>\nNo monte Laturce apareceu uma mulher de branco que, com um gesto, deteve o Sol no horizonte. Desta maneira, triunfaram plenamente os asturianos na batalha de Clavijo.<\/p>\n<p><a href=\"http:\/\/www.jornalrol.com.br\/wp-content\/uploads\/2015\/04\/Clavivos4.jpg.png\"><img loading=\"lazy\" decoding=\"async\" class=\"alignnone size-medium wp-image-1445\" src=\"http:\/\/www.jornalrol.com.br\/wp-content\/uploads\/2015\/04\/Clavivos4.jpg-300x241.png\" alt=\"Clavivos4.jpg\" width=\"300\" height=\"241\" \/><\/a><br \/>\nJos\u00e9 Viera y Clavijo (Imagem), nascido em Realejo Alto (Los Realejos), Tenerife, em 28.12.1731. Faleceu em Las Palmas da Gran Can\u00e1ria em 21.02.1813. Viera Clavijo n\u00e3o \u00e9 somente o m\u00e1ximo expoente da ilustra\u00e7\u00e3o das Ilhas Can\u00e1rias, mas tamb\u00e9m um dos maiores representantes da ilustra\u00e7\u00e3o na Espanha. Algumas de suas obras <em>\u201cHistoria General de las Islas Canarias, Historia Natural de las Islas Canarias,&#8230;\u201d<\/em> s\u00e3o refer\u00eancias obrigat\u00f3rias para historiadores e bot\u00e2nicos. Escreveu, ademais, o primeiro peri\u00f3dico manuscrito das Can\u00e1rias (Papel Hebdomadario). Igualmente, publicou obras de grande interesse sobre did\u00e1tica, f\u00edsica experimental, inventos cient\u00edficos, poesia, prosa e tradu\u00e7\u00f5es. \u00c9 considerado um os pioneiros da Ecologia. Sua condi\u00e7\u00e3o de religiosos n\u00e3o lhe impediu combater as supersti\u00e7\u00f5es e as milagreiras. Seu esp\u00edrito cr\u00edtico e ilustrado levou=lhe a chocar com a Inquisi\u00e7\u00e3o Cat\u00f3lica.<\/p>\n<p>&nbsp;<\/p>\n<p>Registra-se <strong>Antonio Segundo Clavijo<\/strong>, nascido em 04.06.1766, San Est\u00e9ban, Valladolid, Espanha; filho de <strong>Pedro Clavijo<\/strong> e Antonia Benito de La Quintana; neto paterno de <strong>Joseph Clavixo<\/strong> e Angela Prieto e neto materno de Manuel Benito de La Quintanda e Barbara Del Sol.<\/p>\n<p>&nbsp;<\/p>\n<p>Registra-se <strong>Pedro Clavijo<\/strong>, nascido em 19.04.1791, San Miguel, San Julian, Valladolid; filho de Andr\u00e9s Martin e Rafaela Clavijo; neto paterno de Andr\u00e9s Martin e Florenciana Venavente e neto materno de Pedro Clavijo e Antonia de La Quitanda.<\/p>\n<p>&nbsp;<\/p>\n<p>Registra-se <strong>Maria Clavijo<\/strong>, nascida em 06.10.1606, Valladolid, Espanha; filha de Francisco Clavijo e Ysabel Martines.<\/p>\n<p>&nbsp;<\/p>\n<p>Registra-se <strong>Beatriz Clavijo<\/strong>, nascida e, 20.09.1552, Valladolid, Espanha; filha de Gaspar Clavijo e Leonor Beltran.<\/p>\n<p>&nbsp;<\/p>\n","protected":false},"excerpt":{"rendered":"<p>Afr\u00e2nio Mello &#8211; ATENDIMENTO N\u00daMERO 452<\/p>\n","protected":false},"author":2,"featured_media":0,"comment_status":"closed","ping_status":"closed","sticky":false,"template":"","format":"standard","meta":{"_jetpack_newsletter_access":"","_jetpack_dont_email_post_to_subs":false,"_jetpack_newsletter_tier_id":0,"_jetpack_memberships_contains_paywalled_content":false,"_jetpack_memberships_contains_paid_content":false,"footnotes":""},"categories":[7],"tags":[4152],"class_list":["post-1452","post","type-post","status-publish","format-standard","hentry","category-comunicacao","tag-genealogia"],"aioseo_notices":[],"views":0,"jetpack_featured_media_url":"","jetpack_sharing_enabled":true,"jetpack_likes_enabled":true,"jetpack-related-posts":[{"id":1725,"url":"https:\/\/jornalrol.com.br\/?p=1725","url_meta":{"origin":1452,"position":0},"title":"Genealogia: AFRANIO MELLO FORNECE INFORMA\u00c7\u00d5S SOBRE AS FAMILIA FEU E CLAVIVOS","author":"Helio Rubens","date":"29 de abril de 2015","format":false,"excerpt":"Afr\u00e2nio Mello: ATENDIMENTOS N\u00daMEROS 460 e 461 \u00a0 Caro Rangel, \u00a0 Demorou um pouco mas estou atendendo seu pedido de 10.02.2015, em rela\u00e7\u00e3o aos sobrenomes REU\u00a0 e\u00a0 CLAVIVOS. \u00a0 FEU............................. 3 p\u00e1ginas e 2 bras\u00f5es e CLAVIVOS................... 3 p\u00e1ginas e 1 bras\u00e3o. \u00a0 Voc\u00ea est\u00e1 recebendo dois arquivos de pesquisa\u2026","rel":"","context":"Em &quot;Comunica\u00e7\u00e3o&quot;","block_context":{"text":"Comunica\u00e7\u00e3o","link":"https:\/\/jornalrol.com.br\/?cat=7"},"img":{"alt_text":"Genealogista Afr\u00e2nio Mello","src":"https:\/\/i0.wp.com\/www.jornalrol.com.br\/wp-content\/uploads\/2014\/11\/FOTO-CLOSE-AFRANIO.jpg?resize=350%2C200","width":350,"height":200},"classes":[]},{"id":29392,"url":"https:\/\/jornalrol.com.br\/?p=29392","url_meta":{"origin":1452,"position":1},"title":"Genealogia: Afr\u00e2nio Mello fornece informa\u00e7\u00f5es sobre v\u00e1rias familias","author":"Helio Rubens","date":"23 de setembro de 2019","format":false,"excerpt":"ATENDIMENTOS N\u00daMEROS 1167,1168,1169,1170,1171,1172 e 1173 Prezada Sandra, bom dia. Em aten\u00e7\u00e3o ao seu pedido encaminho o que tenho nos meus arquivos. FURBINO.............................. N\u00e3o tenho no meu arquivo e ao final pequena informa\u00e7\u00e3o extra\u00edda de site da Internet ; FORTE.................................. N\u00e3o tenho no meu arquivo e ao final pequena informa\u00e7\u00e3o extraida\u2026","rel":"","context":"Em &quot;Comunica\u00e7\u00e3o&quot;","block_context":{"text":"Comunica\u00e7\u00e3o","link":"https:\/\/jornalrol.com.br\/?cat=7"},"img":{"alt_text":"","src":"https:\/\/i0.wp.com\/www.jornalrol.com.br\/wp-content\/uploads\/2018\/03\/afranio-150x150.jpg?resize=350%2C200","width":350,"height":200},"classes":[]},{"id":14862,"url":"https:\/\/jornalrol.com.br\/?p=14862","url_meta":{"origin":1452,"position":2},"title":"Genealogia: Afr\u00e2nio Mello atende gratuitamente pedidos de leitores sobre origens de familias. Neste edi\u00e7\u00e3o, familia MELLI.","author":"Helio Rubens","date":"24 de novembro de 2017","format":false,"excerpt":"Afr\u00e2nio Franco de Oliveira Mello - ATENDIMENTO N\u00daMERO 929 Prezado Johny, boa tarde. Nunca havia escutado antes a men\u00e7\u00e3o do Sobrenome MELLI. N\u00e3o tenho esse sobrenome no meu arquivo. Nos Sites que costume pesquisar, nada encontrei. O que achei, sem custo, para manter o meu atendimento \u00e9 o que segue\u2026","rel":"","context":"Em &quot;Comunica\u00e7\u00e3o&quot;","block_context":{"text":"Comunica\u00e7\u00e3o","link":"https:\/\/jornalrol.com.br\/?cat=7"},"img":{"alt_text":"","src":"https:\/\/i0.wp.com\/www.jornalrol.com.br\/wp-content\/uploads\/2017\/01\/afranio.jpg?resize=350%2C200","width":350,"height":200},"classes":[]},{"id":33980,"url":"https:\/\/jornalrol.com.br\/?p=33980","url_meta":{"origin":1452,"position":3},"title":"Genealogia: Afr\u00e2nio Mello fornece informa\u00e7\u00f5es sobre a fam\u00edlia Ciocchetti","author":"ADM","date":"21 de setembro de 2020","format":false,"excerpt":"Afr\u00e2nio Mello fornece informa\u00e7\u00f5es sobre a fam\u00edlia CIOCCHETTI ATENDIMENTO NUMERO 1.287 Prezada Mariana, boa noite. Demorou um pouco mas consegui algumas informa\u00e7\u00f5es sobre o seu sobrenome. CIOCCHETTI.................... . 4 p\u00e1ginas e 1 belo bras\u00e3o que voc\u00ea pode fazer um quadro e pendurar em uma parede de sua casa. Vai dar\u2026","rel":"","context":"Em &quot;Comunica\u00e7\u00e3o&quot;","block_context":{"text":"Comunica\u00e7\u00e3o","link":"https:\/\/jornalrol.com.br\/?cat=7"},"img":{"alt_text":"","src":"https:\/\/i0.wp.com\/www.jornalrol.com.br\/wp-content\/uploads\/2020\/04\/afranio-150x150-1.jpg?resize=350%2C200","width":350,"height":200},"classes":[]},{"id":36511,"url":"https:\/\/jornalrol.com.br\/?p=36511","url_meta":{"origin":1452,"position":4},"title":"Genealogia: Afr\u00e2nio Mello Presta informa\u00e7\u00f5es sobre a fam\u00edlia Valad\u00e3o","author":"ADM","date":"9 de janeiro de 2021","format":false,"excerpt":"Afr\u00e2nio Mello presta informa\u00e7\u00f5es sobre a fam\u00edlia VALAD\u00c3O ATENDIMENTO N\u00daMERO 1.315 Caros Jos\u00e9 Luiz Nogueira e M\u00e1rcio Valad\u00e3o. Em aten\u00e7\u00e3o ao pedido de voc\u00eas dois estou encaminhando o arquivo do sobrenome VALAD\u00c3O. VALAD\u00c3O..................... 3 p\u00e1ginas e 1 bras\u00e3o e mais 1 em separado para quadros. Abaixo um resumo para os\u2026","rel":"","context":"Em &quot;Comunica\u00e7\u00e3o&quot;","block_context":{"text":"Comunica\u00e7\u00e3o","link":"https:\/\/jornalrol.com.br\/?cat=7"},"img":{"alt_text":"","src":"https:\/\/i0.wp.com\/www.jornalrol.com.br\/wp-content\/uploads\/2020\/04\/afranio-150x150-1.jpg?resize=350%2C200","width":350,"height":200},"classes":[]},{"id":3767,"url":"https:\/\/jornalrol.com.br\/?p=3767","url_meta":{"origin":1452,"position":5},"title":"Genealogia: em breve ser\u00e3o reiniciadas as publica\u00e7\u00f5es","author":"Helio Rubens","date":"21 de novembro de 2015","format":false,"excerpt":"Aviso do Editor: o genealogista Afr\u00e2nio Mello\u00a0em breve retornar\u00e1 com suas publica\u00e7\u00f5es Muitos pedidos de estudos gratuitos pedindo informa\u00e7\u00f5es sobre\u00a0sobrenomes de familias chegam \u00e0 nossa Reda\u00e7\u00e3o quase diariamente. Eles prov\u00e9m de v\u00e1rias cidades brasileiras e at\u00e9 outros pa\u00edses, como j\u00e1 tivemos, de leitores que moram em Portugal, Sui\u00e7a, Estados Unidos,\u00a0Canad\u00e1\u2026","rel":"","context":"Em &quot;Comunica\u00e7\u00e3o&quot;","block_context":{"text":"Comunica\u00e7\u00e3o","link":"https:\/\/jornalrol.com.br\/?cat=7"},"img":{"alt_text":"Afr\u00e2nio Mello","src":"https:\/\/i0.wp.com\/www.jornalrol.com.br\/wp-content\/uploads\/2015\/07\/Afr%C3%A2nio-para-o-ROL-2.jpg?resize=350%2C200","width":350,"height":200},"classes":[]}],"_links":{"self":[{"href":"https:\/\/jornalrol.com.br\/index.php?rest_route=\/wp\/v2\/posts\/1452","targetHints":{"allow":["GET"]}}],"collection":[{"href":"https:\/\/jornalrol.com.br\/index.php?rest_route=\/wp\/v2\/posts"}],"about":[{"href":"https:\/\/jornalrol.com.br\/index.php?rest_route=\/wp\/v2\/types\/post"}],"author":[{"embeddable":true,"href":"https:\/\/jornalrol.com.br\/index.php?rest_route=\/wp\/v2\/users\/2"}],"replies":[{"embeddable":true,"href":"https:\/\/jornalrol.com.br\/index.php?rest_route=%2Fwp%2Fv2%2Fcomments&post=1452"}],"version-history":[{"count":0,"href":"https:\/\/jornalrol.com.br\/index.php?rest_route=\/wp\/v2\/posts\/1452\/revisions"}],"wp:attachment":[{"href":"https:\/\/jornalrol.com.br\/index.php?rest_route=%2Fwp%2Fv2%2Fmedia&parent=1452"}],"wp:term":[{"taxonomy":"category","embeddable":true,"href":"https:\/\/jornalrol.com.br\/index.php?rest_route=%2Fwp%2Fv2%2Fcategories&post=1452"},{"taxonomy":"post_tag","embeddable":true,"href":"https:\/\/jornalrol.com.br\/index.php?rest_route=%2Fwp%2Fv2%2Ftags&post=1452"}],"curies":[{"name":"wp","href":"https:\/\/api.w.org\/{rel}","templated":true}]}}