{"id":1491,"date":"2015-04-07T00:57:13","date_gmt":"2015-04-07T03:57:13","guid":{"rendered":"http:\/\/www.jornalrol.com.br\/?p=1491"},"modified":"2015-04-07T00:57:13","modified_gmt":"2015-04-07T03:57:13","slug":"genealogia-afranio-mello-fprnce-informacos-sobre-a-familia-fernandes","status":"publish","type":"post","link":"https:\/\/jornalrol.com.br\/?p=1491","title":{"rendered":"Genealogia: AFRANIO MELLO FORNECE INFORMA\u00c7\u00d5ES SOBRE A FAMILIA FERNANDES"},"content":{"rendered":"<div class=\"pdfprnt-buttons pdfprnt-buttons-post pdfprnt-top-right\"><a href=\"https:\/\/jornalrol.com.br\/index.php?rest_route=%2Fwp%2Fv2%2Fposts%2F1491&print=pdf\" class=\"pdfprnt-button pdfprnt-button-pdf\" target=\"_blank\" ><\/a><a href=\"https:\/\/jornalrol.com.br\/index.php?rest_route=%2Fwp%2Fv2%2Fposts%2F1491&print=print\" class=\"pdfprnt-button pdfprnt-button-print\" target=\"_blank\" ><img decoding=\"async\" src=\"https:\/\/jornalrol.com.br\/wp-content\/plugins\/pdf-print\/images\/print.png\" alt=\"image_print\" title=\"Conte\u00fado de impress\u00e3o\" \/><\/a><\/div><p><strong><span style=\"text-decoration: underline;\">Afr\u00e2nio Mello &#8211; ATENDIMENTO N\u00daMERO 456<\/span><\/strong><!--more--><\/p>\n<p>&nbsp;<\/p>\n<p>Caro Alexandre , boa tarde.<\/p>\n<p>Atendendo sua solicita\u00e7\u00e3o de 27.03.2015, encaminho o arquivo do sobrenome FERNANDES\/FERNANDEZ , com as origens portuguesa e espanhola.<\/p>\n<p>Esse arquivo tem 20 p\u00e1ginas e 10 bras\u00f5es dos diferentes lugares de origem na Espanha. E em resumo \u00e9 o filho de FERNANDO.<\/p>\n<p>Abaixo uma pequena amostra.<\/p>\n<p>Espero que fique satisfeito e tem um bom material para ler e pesquisar e se quiser aprofundar em busca dos nomes de sua fam\u00edlia.<\/p>\n<p>Grande abra\u00e7o<\/p>\n<p>Afr\u00e2nio Franco de Oliveira Mello<\/p>\n<p>IHGGI \/ ROL \u2013 Jornal On Lilne<\/p>\n<p>&nbsp;<\/p>\n<p><strong>F<\/strong><strong>ern<img loading=\"lazy\" decoding=\"async\" class=\"alignleft size-medium wp-image-1493\" src=\"http:\/\/www.jornalrol.com.br\/wp-content\/uploads\/2015\/04\/Fernandes-147x300.jpg\" alt=\"Fernandes\" width=\"147\" height=\"300\" \/>andes, <\/strong><strong>F<\/strong><strong>ernandez,<\/strong> sobrenome de origem luso-espanhola. Sendo um sobrenome patron\u00edmico e, al\u00e9m do mais, muito freq\u00fcente,<\/p>\n<p>o mais natural \u00e9 que existam numerosas fam\u00edlias que o adotaram como apelido sem que possuam entre si quaisquer la\u00e7os do consang\u00fcinidade. Fernandes,<\/p>\n<p>significa filho de Fernando, pois a termina\u00e7\u00e3o <strong>es<\/strong>, no portugu\u00eas arcaico indicava filho de, como son no idioma ingl\u00eas.<\/p>\n<p>A Diogo Fernandes Correia, feitor do rei Dom Jo\u00e3o I, foram concedidas em 1488 armas novas.<\/p>\n<p>Estas armas devidamente registradas em Portugal, viriam a ser pelos Reis d`Armas concedidas ou reconhecidas a alguns<\/p>\n<p>Fernandes que nada tinham a ver com o citado Diogo Fernandes Correia.<\/p>\n<p>Assim como os demais patron\u00edmicos antigos, \u00c1lvares, Eanes, Rodrigues, etc \u2013 este sobrenome espalhou-se, desde os primeiros anos do povoamento<\/p>\n<p>do Brasil, por todo o seu vasto territ\u00f3rio. H\u00e1 diversas fam\u00edlias com este sobrenome, espalhadas no Brasil, de origem portuguesa, espanhola e latino americana.<\/p>\n<p>&nbsp;<\/p>\n<p>Sobrenome forma\u00e7\u00e3o patron\u00edmica: o filho de Fernando. Antigo <strong><em>Fernandici, Fernandiz, Fernandez<\/em><\/strong> &#8211; documentado nos anos de 915 e 1078 (Antenor Nascentes,<\/p>\n<p>II, 111). Patron\u00edmicos s\u00e3o apelidos que consistem numa deriva\u00e7\u00e3o do prenome paterno. No latim ib\u00e9rico, constituiu-se esse tipo de apelido com o sufixo \u201c-\u00edcus\u201d<\/p>\n<p>no genitivo, isto \u00e9, \u201c-\u00edci\u201d. \u00c9 quase certo que se trata de um sufixo ib\u00e9rico \u201c-ko\u201d, indicativo de descend\u00eancia, com as desin\u00eancias latinas da 2\u00aa declina\u00e7\u00e3o. Assim,<\/p>\n<p>por evolu\u00e7\u00e3o fon\u00e9tica temos no portugu\u00eas medieval -ez (escrito -es, porque \u00e9 \u00e1tono) -iz, -az (escrito -as, quando \u00e1tono). Por exemplo: Lopes (que vem de Lopo),<\/p>\n<p>Fernandes (filho de Fernando) e Perez ou Peres ou Pires (filho de Pero, variante arcaica de Pedro). Galiza: o genealogista, frei Jos\u00e9 S. Crespo Pozo, O. de M.,<\/p>\n<p>em sua obra <em>Linajes y Blasones de <\/em>Galicia, dedica-se ao estudo desta fam\u00edlia &#8211; <em>Fern\u00e1ndez <\/em>[Pozo &#8211; Linajes de Galicia]. Brasil: Assim como os demais patron\u00edmicos<\/p>\n<p>antigos &#8211; Alvares, Eanes, Henriques, etc. &#8211; este sobrenome espalhou-se, desde os primeiros anos de povoamento do Brasil, por todo o seu vasto territ\u00f3rio.<\/p>\n<p>H\u00e1 diversas fam\u00edlias com este sobrenome, espalhadas no Brasil, de origem portuguesa, espanhola, argentina, uruguaia, paraguaia, etc. No Rio de Janeiro,<\/p>\n<p>entre as quase 260 fam\u00edlias com este apelido, nos s\u00e9culos XVI e XVII, registram-se as de Ant\u00f4nio Fernandes, carpinteiro [c.1570 &#8211; 1643,RJ]; Baltazar Fernandes,<\/p>\n<p>tabeli\u00e3o (1567) das Cidade [? -1569,RJ]; Batista Fernandes, porteiro (1566) da Cidade; Diogo Fernandes [1558 &#8211; ?]; Francisco Fernandes, alcaide e carcereiro<\/p>\n<p>(1566) da Cidade; Gaspar Fernandes [c.1559 &#8211; a.1620]; Louren\u00e7o Fernandes, porteiro (1569) da C\u00e2mara; Marcos Fernandes [c.1555- ?]; Mateus Fernandes<\/p>\n<p>[c.1557 &#8211; a.1621]; Salvador Fernandes [c.1557 &#8211; a.1618]. Quase todos deixaram descend\u00eancia (Rheingantz, II, 21-69). Ainda no Rio de Janeiro, registra-se a<\/p>\n<p>fam\u00edlia Fernandes, do Munic\u00edpio de Vassouras, constitu\u00edda de abastados propriet\u00e1rios de fazendas de caf\u00e9. Teve princ\u00edpio no Tenente-coronel Jos\u00e9 Ant\u00f4nio Fernandes<\/p>\n<p>[c.1799, Portugal -], filho de Paulo de Carvalho, natural do Rio dos Moinhos, bispado de Viseu, e de Maria Tereza de Carvalho. Passou ao Brasil, em 1808, por ocasi\u00e3o<\/p>\n<p>da vinda da Fam\u00edlia Real Portuguesa. Foi servir na Prov\u00edncia Ciplastina, onde se estabeleceu por muito tempo, at\u00e9 se transferir, inicialmente, para S\u00e3o Joao del Rei,<\/p>\n<p>em Minas Gerais. Deixou numerosa descend\u00eancia do seu cas., a 25.05.1821, no Rio de Janeiro, com Maria Jos\u00e9 Bernardina da Concei\u00e7\u00e3o, filha de Jos\u00e9 Bernardino<\/p>\n<p>de Ara\u00fajo e de Joaquina Rita de Ara\u00fajo, natural de Lisboa. Entre os descendentes do casal, registram-se: I &#8211; o filho, Dr. Ant\u00f4nio Jos\u00e9 Fernandes [13.12.1823,<\/p>\n<p>Montevid\u00e9u, Uruguai &#8211; 10.10.1896], que veio estudar no Rio de Janeiro, onde diplomou-se, antes de 1852, em medicina. Fixou resid\u00eancia em Vassouras, antes de 1860,<\/p>\n<p>onde fundou o tradicional Col\u00e9gio Fernandes. Foi casado tr\u00eas vezes. Do seu segundo casamento, descende a tradicional fam\u00edlia Avelar Fernandes (v.s.), de Vassouras.<\/p>\n<p>N\u00e3o houve gera\u00e7\u00e3o do seu primeiro casamento, com \u00abMariquinha\u00bb. Os demais Fernandes, descendem do seu terceiro casamento, c.1866, com Isabel Peregrina<\/p>\n<p>Werneck Pinheiro [26.10.1836 &#8211; 26.01.1922], filha dos viscondes de Ipiabas, da importante fam\u00edlia Pinheiro de Souza (v.s.), do Estado do Rio de Janeiro. Desta<\/p>\n<p>terceira uni\u00e3o, nasceu, entre outros, o grande estadista e diplomata Raul Fernandes [24.10.1877, fazenda S\u00e3o Jo\u00e3o, Valen\u00e7a, RJ &#8211; 1969, Rio, RJ], advogado,<\/p>\n<p>bacharel em Ci\u00eancias Jur\u00eddicas e Sociais pela Faculdade de Direito de S\u00e3o Paulo [1898]. Aluno laureado, galardoado com o pr\u00eamio de viagem \u00e0 Europa.<\/p>\n<p>Dedicou-se a advocadia judici\u00e1ria, interrompida por mandatos pol\u00edticos e comiss\u00f5es diplom\u00e1ticas, como ministro de Estado e embaixador. Promotor em Vassouras<\/p>\n<p>[1898-1907]. Deputado \u00e0 Assembl\u00e9ia Legislativa Provincial pelo Rio de Janeiro [1903-1909]. Deputado Federal pelo Estado do Rio de Janeiro [1909-1923].<\/p>\n<p>Delegado Plenopotenci\u00e1rio do Brasil \u00e0 Confer\u00eancia da Paz, sendo um dos signat\u00e1rios brasileiros do Tratado de Versailles [1919]. Presidente eleito do Estado<\/p>\n<p>do Rio de Janeiro, deposto em 1923.<\/p>\n","protected":false},"excerpt":{"rendered":"<p>Afr\u00e2nio Mello &#8211; ATENDIMENTO N\u00daMERO 456<\/p>\n","protected":false},"author":3,"featured_media":0,"comment_status":"closed","ping_status":"closed","sticky":false,"template":"","format":"standard","meta":{"_jetpack_newsletter_access":"","_jetpack_dont_email_post_to_subs":false,"_jetpack_newsletter_tier_id":0,"_jetpack_memberships_contains_paywalled_content":false,"_jetpack_memberships_contains_paid_content":false,"footnotes":""},"categories":[7],"tags":[4152],"class_list":["post-1491","post","type-post","status-publish","format-standard","hentry","category-comunicacao","tag-genealogia"],"aioseo_notices":[],"views":0,"jetpack_featured_media_url":"","jetpack_sharing_enabled":true,"jetpack_likes_enabled":true,"jetpack-related-posts":[{"id":1502,"url":"https:\/\/jornalrol.com.br\/?p=1502","url_meta":{"origin":1491,"position":0},"title":"Genealogia: AFRANIO MELLO INFORMA SOBRE A FAMILIA COLOMA","author":"Helio Rubens","date":"7 de abril de 2015","format":false,"excerpt":"AFRANIO MELLO - ATENDIMENTO N\u00daMERO 459 \u00a0 Alexandre, Segue arquivo de COLOMA , com 5 p\u00e1ginas e 6 bras\u00f5es muito bonitos. Espero que goste. Abra\u00e7os Afr\u00e2nio Franco de Oliveira Mello IHGGI \/ ROL \u2013 Regi\u00e3o\u00a0On Line \u00a0 Catal\u00e1n. Dicen algunos tratadistas que hay dos linajes diferentes de este apellido: Uno,\u2026","rel":"","context":"Em &quot;Comunica\u00e7\u00e3o&quot;","block_context":{"text":"Comunica\u00e7\u00e3o","link":"https:\/\/jornalrol.com.br\/?cat=7"},"img":{"alt_text":"COLOMA","src":"https:\/\/i0.wp.com\/www.jornalrol.com.br\/wp-content\/uploads\/2015\/04\/COLOMA.gif?resize=350%2C200","width":350,"height":200},"classes":[]},{"id":2163,"url":"https:\/\/jornalrol.com.br\/?p=2163","url_meta":{"origin":1491,"position":1},"title":"Genealogia: Afr\u00e2nio Mello fornece informa\u00e7\u00f5es sobre a familia Roa.\u00a0","author":"Helio Rubens","date":"4 de junho de 2015","format":false,"excerpt":"Afr\u00e2nio Mello -ATENDIMENTO N\u00daMERO 480 \u00a0 \u00a0 \u00a0 \u00a0 \u00a0 \u00a0 Caro Rangel, Demorou mas encontrei o arquivo faltante de suas solicita\u00e7\u00f5es. Segue anexado. Boas refer\u00eancias encontrei na pesquisa e variedade de informa\u00e7\u00f5es. Tr\u00eas belos Bras\u00f5es representativos dok sobrenome e suas diversas origens. Grande abra\u00e7o Afr\u00e2nio Franco de Oliveira Mello\u2026","rel":"","context":"Em &quot;Comunica\u00e7\u00e3o&quot;","block_context":{"text":"Comunica\u00e7\u00e3o","link":"https:\/\/jornalrol.com.br\/?cat=7"},"img":{"alt_text":"roa","src":"https:\/\/i0.wp.com\/www.jornalrol.com.br\/wp-content\/uploads\/2015\/06\/roa.jpg?resize=350%2C200","width":350,"height":200},"classes":[]},{"id":5690,"url":"https:\/\/jornalrol.com.br\/?p=5690","url_meta":{"origin":1491,"position":2},"title":"Genealogia: Afr\u00e2nio Mello fornece gratuitamente informa\u00e7\u00f5es sobre fam\u00edlia dos leitores. Nesta edi\u00e7\u00e3o, fam\u00edlias FERNANDES, MEIRA e LORENA","author":"Helio Rubens","date":"28 de julho de 2016","format":false,"excerpt":"Afr\u00e2nio Franco de Oliveira Mello - ATENDIMENTOS N\u00daMEROS 783,784 E 785 \u00a0 Prezado Rodrigo, boa noite. Estou encaminhando os arquivos dos seus sobrenomes : FERNANDES.......................\u00a0 20 p\u00e1ginas e 9 bras\u00f5es ; MEIRA................................\u00a0 11 p\u00e1ginas e 2 bras\u00f5es e LORENA\/LORRAINE..........\u00a0\u00a0\u00a0\u00a0 2 p\u00e1ginas e 1 bras\u00e3o ( informa\u00e7\u00f5es esparsas da Internet )\u2026","rel":"","context":"Em &quot;Comunica\u00e7\u00e3o&quot;","block_context":{"text":"Comunica\u00e7\u00e3o","link":"https:\/\/jornalrol.com.br\/?cat=7"},"img":{"alt_text":"","src":"","width":0,"height":0},"classes":[]},{"id":34471,"url":"https:\/\/jornalrol.com.br\/?p=34471","url_meta":{"origin":1491,"position":3},"title":"Genealogia: Afr\u00e2nio Mello fornece informa\u00e7\u00f5es sobre a fam\u00edlia Nunes","author":"Sergio Diniz da Costa","date":"16 de outubro de 2020","format":false,"excerpt":"Afr\u00e2nio Mello fornece informa\u00e7\u00f5es sobre a fam\u00edlia NUNES ATENDIMENTO N\u00daMERO 1.300 Prezado Jos\u00e9 Luiz, bom dia. Atendendo sua solicita\u00e7\u00e3o envio o arquivo de genealogia do sobrenome NUNES. Voc\u00ea marca uma posi\u00e7\u00e3o no envio de arquivos via Jornal Cultural ROL. \u00c9 o atendimento\u00a0de n\u00famero 1.300 com um n\u00famero projetado de 32.500\u2026","rel":"","context":"Em &quot;Comunica\u00e7\u00e3o&quot;","block_context":{"text":"Comunica\u00e7\u00e3o","link":"https:\/\/jornalrol.com.br\/?cat=7"},"img":{"alt_text":"","src":"https:\/\/i0.wp.com\/www.jornalrol.com.br\/wp-content\/uploads\/2020\/04\/afranio-150x150-1.jpg?resize=350%2C200","width":350,"height":200},"classes":[]},{"id":36511,"url":"https:\/\/jornalrol.com.br\/?p=36511","url_meta":{"origin":1491,"position":4},"title":"Genealogia: Afr\u00e2nio Mello Presta informa\u00e7\u00f5es sobre a fam\u00edlia Valad\u00e3o","author":"ADM","date":"9 de janeiro de 2021","format":false,"excerpt":"Afr\u00e2nio Mello presta informa\u00e7\u00f5es sobre a fam\u00edlia VALAD\u00c3O ATENDIMENTO N\u00daMERO 1.315 Caros Jos\u00e9 Luiz Nogueira e M\u00e1rcio Valad\u00e3o. Em aten\u00e7\u00e3o ao pedido de voc\u00eas dois estou encaminhando o arquivo do sobrenome VALAD\u00c3O. VALAD\u00c3O..................... 3 p\u00e1ginas e 1 bras\u00e3o e mais 1 em separado para quadros. Abaixo um resumo para os\u2026","rel":"","context":"Em &quot;Comunica\u00e7\u00e3o&quot;","block_context":{"text":"Comunica\u00e7\u00e3o","link":"https:\/\/jornalrol.com.br\/?cat=7"},"img":{"alt_text":"","src":"https:\/\/i0.wp.com\/www.jornalrol.com.br\/wp-content\/uploads\/2020\/04\/afranio-150x150-1.jpg?resize=350%2C200","width":350,"height":200},"classes":[]},{"id":3983,"url":"https:\/\/jornalrol.com.br\/?p=3983","url_meta":{"origin":1491,"position":5},"title":"Genealogia: Afr\u00e2nio Mello fornece informa\u00e7\u00f5es sobre a familia Matias","author":"Helio Rubens","date":"29 de dezembro de 2015","format":false,"excerpt":"Afr\u00e2nio Franco de Oliveira Mello: ATENDIMENTO N\u00daMERO 590 \u00a0 Cara Francisca,boa tarde quase noite. \u00a0 Os arquivos comppletos que envio atendem s\u00f3 aos solicitantes. No Site do Rol-Jornal On Line vai um resumo para todos verem que existe o sobrenome e , caso se interessem, fa\u00e7am o pedido, como voc\u00ea\u2026","rel":"","context":"Em &quot;Comunica\u00e7\u00e3o&quot;","block_context":{"text":"Comunica\u00e7\u00e3o","link":"https:\/\/jornalrol.com.br\/?cat=7"},"img":{"alt_text":"Afr\u00e2nio Mello","src":"https:\/\/i0.wp.com\/www.jornalrol.com.br\/wp-content\/uploads\/2015\/07\/Afr%C3%A2nio-para-o-ROL-2.jpg?resize=350%2C200","width":350,"height":200},"classes":[]}],"_links":{"self":[{"href":"https:\/\/jornalrol.com.br\/index.php?rest_route=\/wp\/v2\/posts\/1491","targetHints":{"allow":["GET"]}}],"collection":[{"href":"https:\/\/jornalrol.com.br\/index.php?rest_route=\/wp\/v2\/posts"}],"about":[{"href":"https:\/\/jornalrol.com.br\/index.php?rest_route=\/wp\/v2\/types\/post"}],"author":[{"embeddable":true,"href":"https:\/\/jornalrol.com.br\/index.php?rest_route=\/wp\/v2\/users\/3"}],"replies":[{"embeddable":true,"href":"https:\/\/jornalrol.com.br\/index.php?rest_route=%2Fwp%2Fv2%2Fcomments&post=1491"}],"version-history":[{"count":0,"href":"https:\/\/jornalrol.com.br\/index.php?rest_route=\/wp\/v2\/posts\/1491\/revisions"}],"wp:attachment":[{"href":"https:\/\/jornalrol.com.br\/index.php?rest_route=%2Fwp%2Fv2%2Fmedia&parent=1491"}],"wp:term":[{"taxonomy":"category","embeddable":true,"href":"https:\/\/jornalrol.com.br\/index.php?rest_route=%2Fwp%2Fv2%2Fcategories&post=1491"},{"taxonomy":"post_tag","embeddable":true,"href":"https:\/\/jornalrol.com.br\/index.php?rest_route=%2Fwp%2Fv2%2Ftags&post=1491"}],"curies":[{"name":"wp","href":"https:\/\/api.w.org\/{rel}","templated":true}]}}