{"id":1878,"date":"2015-05-17T14:03:10","date_gmt":"2015-05-17T17:03:10","guid":{"rendered":"http:\/\/www.jornalrol.com.br\/?p=1878"},"modified":"2015-05-17T14:03:10","modified_gmt":"2015-05-17T17:03:10","slug":"o-colunista-do-rol-reinaldo-canto-sera-o-mediador","status":"publish","type":"post","link":"https:\/\/jornalrol.com.br\/?p=1878","title":{"rendered":"O colunista do ROL, REINALDO CANTO, ser\u00e1 o mediador"},"content":{"rendered":"<div class=\"pdfprnt-buttons pdfprnt-buttons-post pdfprnt-top-right\"><a href=\"https:\/\/jornalrol.com.br\/index.php?rest_route=%2Fwp%2Fv2%2Fposts%2F1878&print=pdf\" class=\"pdfprnt-button pdfprnt-button-pdf\" target=\"_blank\" ><\/a><a href=\"https:\/\/jornalrol.com.br\/index.php?rest_route=%2Fwp%2Fv2%2Fposts%2F1878&print=print\" class=\"pdfprnt-button pdfprnt-button-print\" target=\"_blank\" ><img decoding=\"async\" src=\"https:\/\/jornalrol.com.br\/wp-content\/plugins\/pdf-print\/images\/print.png\" alt=\"image_print\" title=\"Conte\u00fado de impress\u00e3o\" \/><\/a><\/div><p><a href=\"http:\/\/www.jornalrol.com.br\/wp-content\/uploads\/2015\/05\/Reinaldo.jpg\"><img loading=\"lazy\" decoding=\"async\" class=\"alignleft size-medium wp-image-1880\" src=\"http:\/\/www.jornalrol.com.br\/wp-content\/uploads\/2015\/05\/Reinaldo-256x300.jpg\" alt=\"Reinaldo\" width=\"256\" height=\"300\" \/><\/a><a href=\"http:\/\/www.jornalrol.com.br\/wp-content\/uploads\/2014\/11\/Foto-close-cortada.jpg\"><img loading=\"lazy\" decoding=\"async\" class=\"alignleft size-full wp-image-91\" src=\"http:\/\/www.jornalrol.com.br\/wp-content\/uploads\/2014\/11\/Foto-close-cortada.jpg\" alt=\"Foto close cortada\" width=\"183\" height=\"200\" \/><\/a>Evento em S\u00e3o Paulo debate os tr\u00eas\u00a0anos de aprova\u00e7\u00e3o do C\u00f3digo Florestal<!--more-->Para mediar o debate organizado pelas mais importantes entidades ligadas ao meio-ambiente, o escolhido foi Reinaldo Canto, expert no assunto e que publica sua mat\u00e9rias em v\u00e1rios orgaos de imprensa, entre elas o ROL &#8211; Regi\u00e3o On Line.<\/p>\n<p>Governo, academia, sociedade civil e iniciativa privada aproveitam a data para analisar o atual<br \/>\nest\u00e1gio de implanta\u00e7\u00e3o do C\u00f3digo Florestal e seus desafios no estado e no pa\u00eds<\/p>\n<p>Ap\u00f3s a dif\u00edcil e desgastante aprova\u00e7\u00e3o do &#8220;novo&#8221; C\u00f3digo Florestal, surgiram in\u00fameros desafios para a sua efetiva regulamenta\u00e7\u00e3o. Neste per\u00edodo de tr\u00eas anos, al\u00e9m das dificuldades e obst\u00e1culos relativos \u00e0 sua implementa\u00e7\u00e3o, novas quest\u00f5es como a crise h\u00eddrica apareceram para tornar o tema ainda mais urgente e necess\u00e1rio. Mesmo assim, a velocidade desse processo deixa muito a desejar. E preciso um real apoio de todos os setores da sociedade brasileira para que a lei seja estabelecida de acordo com os requisitos aprovados.<\/p>\n<p>Este evento que celebra os tr\u00eas anos de aprova\u00e7\u00e3o do C\u00f3digo Florestal tem como um de seus principais objetivos alertar para a sua efetiva regulamenta\u00e7\u00e3o com transpar\u00eancia e assertividade. A oportunidade de realizar este encontro evidencia-se ante o momento pol\u00edtico-administrativo de prorroga\u00e7\u00e3o do prazo para a inscri\u00e7\u00e3o no Cadastro Ambiental Rural (CAR), assim como a necessidade de implementa\u00e7\u00e3o de determinados pontos da norma como: formas de recupera\u00e7\u00e3o de \u00e1reas degradadas e a regulamenta\u00e7\u00e3o da lei estadual 15.684\/2015, que trata do Programa de Regulariza\u00e7\u00e3o Ambiental (PRA) em S\u00e3o Paulo.<\/p>\n<p>O encontro em S\u00e3o Paulo est\u00e1 sendo organizado pela Iniciativa Verde, IPAM, SOS Mata Atl\u00e2ntica e Imaflora e em simultaneidade com outros eventos realizados na mesma data pelo Observat\u00f3rio do C\u00f3digo Florestal (OCF) (http:\/\/www.observatorioflorestal.org.br). O Observat\u00f3rio \u00e9 formado por institui\u00e7\u00f5es da sociedade civil e tem como objetivos monitorar a implementa\u00e7\u00e3o da nova Lei Florestal (Lei Federal 12.651\/2012) em todo o pa\u00eds.<\/p>\n<p>Programa\u00e7\u00e3o:<br \/>\n9h &#8211; Caf\u00e9 de boas-vindas<br \/>\n9h20 &#8211; Abertura &#8211; Roberto Resende &#8211; OCF<br \/>\n9h30 &#8211; Mesa 1 &#8211; O C\u00f3digo Florestal no Estado de S\u00e3o Paulo (1h30):<\/p>\n<p>Apresenta\u00e7\u00f5es de 10 minutos e debates.<\/p>\n<p>Mediador:<br \/>\n\u2022 A confirmar.<\/p>\n<p>Palestrantes:<br \/>\n\u2022 Cristina Maria de Azevedo &#8211; Secret\u00e1ria-Adjunta do Meio Ambiente do Estado SP<br \/>\n\u2022 Gustavo Diniz Junqueira &#8211; Presidente da Sociedade Rural Brasileira (SRB)<br \/>\n\u2022 Rubens Naman Rizek J\u00fanior &#8211; Secret\u00e1rio-Adjunto de Agricultura e Abastecimento do Estado de SP<br \/>\n\u2022 Ricardo Rodrigues &#8211; Professor da Escola Superior de Agricultura &#8220;Luiz de Queiroz&#8221; (ESALQ\/USP)<\/p>\n<p>11h00 Mesa 2 &#8211; Crise H\u00eddrica e as Florestas (1h30):<br \/>\nApresenta\u00e7\u00f5es de 10 minutos e debates<\/p>\n<p>Mediador:<br \/>\n\u2022 Mauricio Tuffani &#8211; editor da Scientific American Brasil e blogueiro da Folha de SP<\/p>\n<p>Palestrantes:<br \/>\n\u2022 Carlos Rittl &#8211; Secret\u00e1rio-Executivo do Observat\u00f3rio do Clima<br \/>\n\u2022 Luiz Cornacchioni &#8211; Diretor Executivo da Associa\u00e7\u00e3o Brasileira do Agroneg\u00f3cio (ABAG)<br \/>\n\u2022 Malu Ribeiro &#8211; Coordenadora da Rede das \u00c1guas da Funda\u00e7\u00e3o SOS Mata Atl\u00e2ntica<br \/>\n\u2022 Tatiana Barreto Serra &#8211; Promotora de Justi\u00e7a e Assessora da \u00c1rea de Meio Ambiente do Minist\u00e9rio P\u00fablico do Estado de S\u00e3o Paulo<\/p>\n<p>12h30 Encerramento<\/p>\n<p>Servi\u00e7o:<br \/>\nDia e hor\u00e1rio: 21\/05 &#8211; Das 9h \u00e0s 12h30<br \/>\nLocal: Hotel Intercontinetal &#8211; Alameda Santos, 1.123 &#8211; Sala Nery<\/p>\n","protected":false},"excerpt":{"rendered":"<p>Evento em S\u00e3o Paulo debate os tr\u00eas\u00a0anos de aprova\u00e7\u00e3o do C\u00f3digo Florestal<\/p>\n","protected":false},"author":3,"featured_media":0,"comment_status":"closed","ping_status":"closed","sticky":false,"template":"","format":"standard","meta":{"_jetpack_newsletter_access":"","_jetpack_dont_email_post_to_subs":false,"_jetpack_newsletter_tier_id":0,"_jetpack_memberships_contains_paywalled_content":false,"_jetpack_memberships_contains_paid_content":false,"footnotes":""},"categories":[7],"tags":[7434],"class_list":["post-1878","post","type-post","status-publish","format-standard","hentry","category-comunicacao","tag-reinaldo-canto"],"aioseo_notices":[],"views":0,"jetpack_featured_media_url":"","jetpack_sharing_enabled":true,"jetpack_likes_enabled":true,"jetpack-related-posts":[{"id":4096,"url":"https:\/\/jornalrol.com.br\/?p=4096","url_meta":{"origin":1878,"position":0},"title":"Carta aberta ao governador","author":"Helio Rubens","date":"29 de janeiro de 2016","format":false,"excerpt":"Reinaldo Canto: 'ESPECIALISTAS AFIRMAM QUE REVOGA\u00c7\u00c3O DE NORMAS AMBIENTAIS PODE COMPROMETER RECUPERA\u00c7\u00c3O DE FLORESTAS' Em Carta Aberta ao governador, entidades que j\u00e1 recuperaram 50 mil hectares de florestas, protestam contra revoga\u00e7\u00e3o de Resolu\u00e7\u00e3o da Secretaria de Meio Ambiente \u00a0 S\u00e3o Paulo, 21 de janeiro de 2016 - Entidades e redes\u2026","rel":"","context":"Em &quot;Comunica\u00e7\u00e3o&quot;","block_context":{"text":"Comunica\u00e7\u00e3o","link":"https:\/\/jornalrol.com.br\/?cat=7"},"img":{"alt_text":"","src":"","width":0,"height":0},"classes":[]},{"id":2108,"url":"https:\/\/jornalrol.com.br\/?p=2108","url_meta":{"origin":1878,"position":1},"title":"Artigo de Reinaldo Canto: &#039;Debates entre diferentes atores da sociedade marcam os tr\u00eas anos do C\u00f3digo Florestal&#039;","author":"Helio Rubens","date":"31 de maio de 2015","format":false,"excerpt":"Evento em S\u00e3o Paulo reuniu representantes dos setores acad\u00eamico, rural, p\u00fablico e ambiental para discutir a atual situa\u00e7\u00e3o da implementa\u00e7\u00e3o da lei \u00a0 Por reunir setores diversos com interesses nem sempre convergentes, foi poss\u00edvel conhecer diferentes opini\u00f5es, al\u00e9m das preocupa\u00e7\u00f5es e das ang\u00fastias que a implementa\u00e7\u00e3o do C\u00f3digo Florestal ocupa\u2026","rel":"","context":"Em &quot;Comunica\u00e7\u00e3o&quot;","block_context":{"text":"Comunica\u00e7\u00e3o","link":"https:\/\/jornalrol.com.br\/?cat=7"},"img":{"alt_text":"","src":"","width":0,"height":0},"classes":[]},{"id":9657,"url":"https:\/\/jornalrol.com.br\/?p=9657","url_meta":{"origin":1878,"position":2},"title":"Reinaldo Canto: &#039;O ROL \u00e9 mais do que a sua sigla delimita (Regi\u00e3o On Line)&#039;","author":"Sergio Diniz da Costa","date":"21 de abril de 2017","format":false,"excerpt":"Reinaldo Canto 'O \u00a0ROL \u00e9 mais do que a sua sigla delimita (Regi\u00e3o On Line)' O ROL \u00e9 mais do que a sua pr\u00f3pria sigla delimita (Regi\u00e3o On Line). O ROL \u00e9 tamb\u00e9m bem mais que um portal da internet. Dif\u00edcil defini-lo se \u00e9 que isso se faz realmente necess\u00e1rio,\u2026","rel":"","context":"Em &quot;Comunica\u00e7\u00e3o&quot;","block_context":{"text":"Comunica\u00e7\u00e3o","link":"https:\/\/jornalrol.com.br\/?cat=7"},"img":{"alt_text":"","src":"https:\/\/i0.wp.com\/www.jornalrol.com.br\/wp-content\/uploads\/2017\/01\/reinaldo-canto.jpg?resize=350%2C200","width":350,"height":200},"classes":[]},{"id":5563,"url":"https:\/\/jornalrol.com.br\/?p=5563","url_meta":{"origin":1878,"position":3},"title":"Artigo de Reinaldo Canto: &#039;S\u00e3o Paulo est\u00e1 sem lei florestal&#039;","author":"Helio Rubens","date":"11 de julho de 2016","format":false,"excerpt":"Reinaldo Canto: 'S\u00e3o Paulo est\u00e1 sem lei florestal' Por Reinaldo Canto e Roberto Resende da Iniciativa Verde* S\u00e3o diversos os pontos existentes nesta lei paulista que claramente s\u00e3o piores em termos de prote\u00e7\u00e3o ambiental em rela\u00e7\u00e3o \u00e0 nova Lei Florestal Brasileira. Como sabemos as leis estaduais devem servir de regulamenta\u00e7\u00e3o\u2026","rel":"","context":"Em &quot;Comunica\u00e7\u00e3o&quot;","block_context":{"text":"Comunica\u00e7\u00e3o","link":"https:\/\/jornalrol.com.br\/?cat=7"},"img":{"alt_text":"Reinaldo Canto","src":"https:\/\/i0.wp.com\/www.jornalrol.com.br\/wp-content\/uploads\/2014\/11\/Foto-close-cortada.jpg?resize=350%2C200","width":350,"height":200},"classes":[]},{"id":3476,"url":"https:\/\/jornalrol.com.br\/?p=3476","url_meta":{"origin":1878,"position":4},"title":"Artigo de Reinaldo Canto: &#039;Jornalistas debatem as transforma\u00e7\u00f5es da profiss\u00e3o e do planeta no VI CBJA&#039;\u00a0","author":"Helio Rubens","date":"13 de outubro de 2015","format":false,"excerpt":"De ponta, a tecnologia recria o fazer jornal\u00edstico e o futuro da profiss\u00e3o Na outra ponta, as mudan\u00e7as clim\u00e1ticas transformam o planeta. Entre elas, experimentam-se outras formas de desenvolvimento, das comunidades locais \u00e0s grandes economias. Vivemos um \u201cmundo em transi\u00e7\u00e3o\u201d. E este \u00e9 o tema que conduz os debates do\u2026","rel":"","context":"Em &quot;Comunica\u00e7\u00e3o&quot;","block_context":{"text":"Comunica\u00e7\u00e3o","link":"https:\/\/jornalrol.com.br\/?cat=7"},"img":{"alt_text":"Reinaldo Canto","src":"https:\/\/i0.wp.com\/www.jornalrol.com.br\/wp-content\/uploads\/2014\/11\/Foto-close-cortada.jpg?resize=350%2C200","width":350,"height":200},"classes":[]},{"id":5855,"url":"https:\/\/jornalrol.com.br\/?p=5855","url_meta":{"origin":1878,"position":5},"title":"Um dia No dia de Ana Luiza vai a Biblioteca do Parque Villa-Lobos","author":"Helio Rubens","date":"11 de agosto de 2016","format":false,"excerpt":"O jornalista Reinaldo Canto apresenta a crian\u00e7ada seu novo livro que mescla dois universos: o infantil e o ambiental e a conta\u00e7\u00e3o ficar\u00e1 por conta de Marie Serafim \u00a0 No pr\u00f3ximo domingo, Dia dos Pais (14\/08), a Biblioteca do Parque Villa Lobos ser\u00e1 palco do lan\u00e7amento do livro \"Um dia\u2026","rel":"","context":"Em &quot;Comunica\u00e7\u00e3o&quot;","block_context":{"text":"Comunica\u00e7\u00e3o","link":"https:\/\/jornalrol.com.br\/?cat=7"},"img":{"alt_text":"","src":"","width":0,"height":0},"classes":[]}],"_links":{"self":[{"href":"https:\/\/jornalrol.com.br\/index.php?rest_route=\/wp\/v2\/posts\/1878","targetHints":{"allow":["GET"]}}],"collection":[{"href":"https:\/\/jornalrol.com.br\/index.php?rest_route=\/wp\/v2\/posts"}],"about":[{"href":"https:\/\/jornalrol.com.br\/index.php?rest_route=\/wp\/v2\/types\/post"}],"author":[{"embeddable":true,"href":"https:\/\/jornalrol.com.br\/index.php?rest_route=\/wp\/v2\/users\/3"}],"replies":[{"embeddable":true,"href":"https:\/\/jornalrol.com.br\/index.php?rest_route=%2Fwp%2Fv2%2Fcomments&post=1878"}],"version-history":[{"count":0,"href":"https:\/\/jornalrol.com.br\/index.php?rest_route=\/wp\/v2\/posts\/1878\/revisions"}],"wp:attachment":[{"href":"https:\/\/jornalrol.com.br\/index.php?rest_route=%2Fwp%2Fv2%2Fmedia&parent=1878"}],"wp:term":[{"taxonomy":"category","embeddable":true,"href":"https:\/\/jornalrol.com.br\/index.php?rest_route=%2Fwp%2Fv2%2Fcategories&post=1878"},{"taxonomy":"post_tag","embeddable":true,"href":"https:\/\/jornalrol.com.br\/index.php?rest_route=%2Fwp%2Fv2%2Ftags&post=1878"}],"curies":[{"name":"wp","href":"https:\/\/api.w.org\/{rel}","templated":true}]}}