{"id":1885,"date":"2015-05-18T14:56:48","date_gmt":"2015-05-18T17:56:48","guid":{"rendered":"http:\/\/www.jornalrol.com.br\/?p=1885"},"modified":"2015-05-18T14:56:48","modified_gmt":"2015-05-18T17:56:48","slug":"artigo-de-celso-lungaretti-da-grecia-para-o-brasil-eu-sou-voce-amanha","status":"publish","type":"post","link":"https:\/\/jornalrol.com.br\/?p=1885","title":{"rendered":"Artigo de Celso Lungaretti: &#039;DA GR\u00c9CIA PARA O BRASIL: EU SOU VOC\u00ca AMANH\u00c3&#039;"},"content":{"rendered":"<div class=\"pdfprnt-buttons pdfprnt-buttons-post pdfprnt-top-right\"><a href=\"https:\/\/jornalrol.com.br\/index.php?rest_route=%2Fwp%2Fv2%2Fposts%2F1885&print=pdf\" class=\"pdfprnt-button pdfprnt-button-pdf\" target=\"_blank\" ><\/a><a href=\"https:\/\/jornalrol.com.br\/index.php?rest_route=%2Fwp%2Fv2%2Fposts%2F1885&print=print\" class=\"pdfprnt-button pdfprnt-button-print\" target=\"_blank\" ><img decoding=\"async\" src=\"https:\/\/jornalrol.com.br\/wp-content\/plugins\/pdf-print\/images\/print.png\" alt=\"image_print\" title=\"Conte\u00fado de impress\u00e3o\" \/><\/a><\/div><div><strong>Celso Lungaretti: do blogue\u00a0<a href=\"http:\/\/naufrago-da-utopia.blogspot.com.br\/\" target=\"_blank\">N\u00e1ufrago da utopia<\/a><\/strong><\/div>\n<p><!--more--><\/p>\n<div><\/div>\n<div><\/div>\n<div>\n<div>\n<p><a href=\"http:\/\/msalx.veja.abril.com.br\/2014\/08\/09\/0418\/pe6Cx\/crise-financeira-grecia-20120427-02-original.jpeg?1402459985\" target=\"_blank\"><img loading=\"lazy\" decoding=\"async\" class=\"CToWUd\" src=\"https:\/\/ci5.googleusercontent.com\/proxy\/gxFQoansgB0fHAMRZbGAvC8F6wpNVnPvBrMsEo0TJMVt_7ci4UhKZGhdUghpMy8oZs2Vr7wPYBtAdL5DJp_Laz83yS-mNJosGnGIVx3KrhY1sLzTkeToekWNfAIUGGdbe1mzZ1JB6z3ylhvgPCA3KKn5mqTvoOm25MPuvpnG7GuO4x0dmWW2JuVzBZbagUUrtJLwYV6Da65nexmdNeZzjEHZvgMqrsXamTbPGX8Wdj0FYjrPTQ_7bNViBy8a0FnWHCzOZWx4iEyhP0HzH7v1c9od8UPryV_H3mlBCTlNIMS8ALXfIoqvOemdvc5BPYoC2bjjQ7LhyDEuqsrpv3xWTkg00LO_uxeGIx9bJ9Zi3GHzCr6im-VC=s0-d-e1-ft#https:\/\/images-blogger-opensocial.googleusercontent.com\/gadgets\/proxy?url=http%3A%2F%2Fmsalx.veja.abril.com.br%2F2014%2F08%2F09%2F0418%2Fpe6Cx%2Fcrise-financeira-grecia-20120427-02-original.jpeg%3F1402459985&amp;container=blogger&amp;gadget=a&amp;rewriteMime=image%2F*\" alt=\"\" width=\"400\" height=\"223\" border=\"0\" \/><\/a><\/p>\n<p><b><span style=\"color: #ff0000; font-family: Verdana, sans-serif; font-size: x-large;\">&#8220;<\/span><\/b><span style=\"font-family: Verdana, sans-serif;\">&#8230;no final de 2009, a Gr\u00e9cia estava enfrentando uma crise propelida por dois fatores \u2013alta d\u00edvida e custos e pre\u00e7os inflacionados que reduziam a competitividade do pa\u00eds.<\/span><\/p>\n<\/div>\n<div><\/div>\n<div>\n<p><span style=\"font-family: Verdana, sans-serif;\">A Europa respondeu com empr\u00e9stimos que mantiveram o caixa grego solvente, mas apenas sob a condi\u00e7\u00e3o de que a Gr\u00e9cia adotasse pol\u00edticas econ\u00f4micas extremamente dolorosas. Elas inclu\u00edam cortes de gastos e aumentos de impostos que, se aplicados na mesma propor\u00e7\u00e3o aos Estados Unidos, envolveriam valor de US$ 3 trilh\u00f5es anuais.<\/span><\/p>\n<\/div>\n<div><\/div>\n<div>\n<p><span style=\"font-family: Verdana, sans-serif;\">Tamb\u00e9m houve cortes de sal\u00e1rios em uma escala dif\u00edcil de conceber, com uma redu\u00e7\u00e3o m\u00e9dia de 25% nos vencimentos ante seu pico.<\/span><\/p>\n<\/div>\n<div><\/div>\n<p><a href=\"http:\/\/i0.statig.com.br\/bancodeimagens\/dh\/n8\/pn\/dhn8pn4yezk20cjb5qo0iod1s.jpg\" target=\"_blank\"><span style=\"color: #000000; font-family: Verdana, sans-serif;\"><img loading=\"lazy\" decoding=\"async\" class=\"CToWUd\" src=\"https:\/\/ci6.googleusercontent.com\/proxy\/SfYDAnGUoOzTnzUWZHXKjyHkXRWApcQVtugYAmXiP8z38G4uWI_tnb9XQejwDwRfaZjGgioTc7z2zroYqxWFaVqS382JpAMP8ddIFulMPp9MrAL-9owqB4g2j5GaOUvhg2gYH2g2Yea3v1Ca7qCv3ZcKf7jjlR3q-s-WB4HgL23AKzVFZ2rQ9Q0DFxzUEH7GTSJj7QgnGPDmFiNfG6uuUikn_6wHyp_UJgbaqZGKAXbvb9mscDxXb96GKNdeb5luAv_t4PZ-peohY6QSQHbCGLG08bQgdYiV3AjghF7ltduzloAyCHtBO6Ettc2Q-NE=s0-d-e1-ft#https:\/\/images-blogger-opensocial.googleusercontent.com\/gadgets\/proxy?url=http%3A%2F%2Fi0.statig.com.br%2Fbancodeimagens%2Fdh%2Fn8%2Fpn%2Fdhn8pn4yezk20cjb5qo0iod1s.jpg&amp;container=blogger&amp;gadget=a&amp;rewriteMime=image%2F*\" alt=\"\" width=\"400\" height=\"249\" border=\"0\" \/><\/span><\/a><\/p>\n<div>\n<p><span style=\"font-family: Verdana, sans-serif;\">Esses imensos sacrif\u00edcios supostamente deveriam produzir recupera\u00e7\u00e3o. Em lugar disso, a destrui\u00e7\u00e3o do poder aquisitivo aprofundou a crise, criando sofrimento em escala semelhante ao da Grande Depress\u00e3o e severos problemas humanit\u00e1rios.<\/span><\/p>\n<\/div>\n<div><\/div>\n<div>\n<p><span style=\"font-family: Verdana, sans-serif;\">No s\u00e1bado, visitei num abrigo de moradores de rua, e ouvi hist\u00f3rias dolorosas sobre um sistema de sa\u00fade em colapso, e pacientes recusados por hospitais por n\u00e3o poderem pagar uma taxa de atendimento de cinco euros, ou recebendo alta sem medica\u00e7\u00e3o porque os estoques das cl\u00ednicas se esgotaram e elas n\u00e3o t\u00eam caixa para o repor; e muito mais.<\/span><\/p>\n<\/div>\n<div><\/div>\n<div>\n<p><span style=\"font-family: Verdana, sans-serif;\">A situa\u00e7\u00e3o vem sendo um pesadelo intermin\u00e1vel, e mesmo assim a elite pol\u00edtica grega, determinada a se manter parte da Europa e temerosa das consequ\u00eancias de uma morat\u00f3ria e do abandono do euro, manteve sua ades\u00e3o ao programa imposto pelos credores ano ap\u00f3s ano.\u00a0<\/span><\/p>\n<\/div>\n<p><a href=\"http:\/\/imagem.vermelho.org.br\/biblioteca\/random_manifegrecia45683.jpg\" target=\"_blank\"><span style=\"color: #000000; font-family: Verdana, sans-serif;\"><img loading=\"lazy\" decoding=\"async\" class=\"CToWUd\" src=\"https:\/\/ci6.googleusercontent.com\/proxy\/IxIEvx9Ja_BnxheMbZnpmAdOOr9QB4vRgwrzcot9Ch_Y37OrHlKGdbJYttcmX4yYuJ9UO3c4r7tKOFmtgebwi44SLOu89pfHdeelMqzwILxFPwojhi_f62VpZcwdGFSb5W8TwnqBKkETCZXusgTgQTCKiDyhD3XF-Bm9wUgTjHd-czpAX6_U-Y5UoEBjAEiuWc092rbCniboK9mIC7OmuzxbdfQ7-frvD5ty0dqXJLVsFqrUfjP1_vyExc5GnHxd3i5Ma2y2xr8aewQ-9xnD27dKELPPqRRscm8hmEPtoIjf=s0-d-e1-ft#https:\/\/images-blogger-opensocial.googleusercontent.com\/gadgets\/proxy?url=http%3A%2F%2Fimagem.vermelho.org.br%2Fbiblioteca%2Frandom_manifegrecia45683.jpg&amp;container=blogger&amp;gadget=a&amp;rewriteMime=image%2F*\" alt=\"\" width=\"400\" height=\"281\" border=\"0\" \/><\/span><\/a><\/p>\n<div><\/div>\n<div>\n<p><span style=\"font-family: Verdana, sans-serif;\">Por fim, o p\u00fablico grego n\u00e3o conseguia suportar mais. Porque os credores estavam exigindo ainda mais austeridade \u2013em uma escala que bem poderia derrubar a economia em mais 8% e empurrar o desemprego a 30%\u2014, o pa\u00eds votou no Syriza, um movimento genuinamente de esquerda (e n\u00e3o de centro-esquerda), que prometeu mudar o rumo do pa\u00eds.<\/span><b><span style=\"color: #ff0000; font-family: Verdana, sans-serif; font-size: x-large;\">&#8220;<\/span><\/b><\/p>\n<\/div>\n<div>\n<p><span style=\"color: #38761d; font-family: Arial, Helvetica, sans-serif; font-size: x-large;\"><b>Trechos de um artigo de Paul Krugman, Pr\u00eamio Nobel de Economia, que exp\u00f5e magistralmente como um pa\u00eds pode ser destru\u00eddo pelos ajustes recessivos ditados pela ortodoxia neoliberal. \u00c9 para onde Joaquim Levy nos levar\u00e1, se consentirmos.<\/b><\/span><\/p>\n<p><b><span style=\"color: #38761d; font-family: Arial, Helvetica, sans-serif; font-size: x-large;\"><br \/>\n<\/span><span style=\"color: #38761d; font-family: Arial, Helvetica, sans-serif; font-size: x-large;\">Discordo de Krugman, contudo, quando ele sonha com uma solu\u00e7\u00e3o a partir da implaus\u00edvel boa vontade de credores. A \u00fanica sa\u00edda est\u00e1 na revolta dos devedores, confrontando a iniquidade extrema com que a l\u00f3gica desumana das coisas est\u00e1 sendo imposta aos homens.<\/span><\/b><\/p>\n<\/div>\n<div>\n<p><a href=\"http:\/\/img.timeinc.net\/time\/daily\/2008\/0810\/360_paul_krugman_1013.jpg\" target=\"_blank\"><b><img loading=\"lazy\" decoding=\"async\" class=\"CToWUd\" src=\"https:\/\/ci4.googleusercontent.com\/proxy\/VcmbBK3THwOtN6jz9w5fruq7VYDwYk7PxOUvz73uElwtIh3e3Z9VUXbCwLUefP3JGNfDus0eFa0v5Vz5FZqc4wBebwJrIiZB23STjscguLoVkCDM7GMQjz-u5el0QFuiGkWOLg55zv3--QruOVP0HGTngN4ZTDNn-V3jt6LzE-M_6s5qAiogpkmh_9EyfDAoJp8MeryltVNRxjMo-6SP3m2P1MJkcsf3ooaZjra65FjkdG3DVwHXb9JYEpfZ08iXNcFMjGgzsAaUB9IBWSFspCRpOu-CPFfuRufxRX4JuCx1IiTC3R7i=s0-d-e1-ft#https:\/\/images-blogger-opensocial.googleusercontent.com\/gadgets\/proxy?url=http%3A%2F%2Fimg.timeinc.net%2Ftime%2Fdaily%2F2008%2F0810%2F360_paul_krugman_1013.jpg&amp;container=blogger&amp;gadget=a&amp;rewriteMime=image%2F*\" alt=\"\" width=\"320\" height=\"208\" border=\"0\" \/><\/b><\/a><\/p>\n<p><span style=\"color: #38761d; font-family: Arial, Helvetica, sans-serif; font-size: x-large;\"><b>Nestes tristes tempos presentes, o capitalismo terminal e putrefato \u00e9 o inimigo supremo da civiliza\u00e7\u00e3o e a mais terr\u00edvel amea\u00e7a \u00e0 sobreviv\u00eancia da esp\u00e9cie humana.<\/b><\/span><\/p>\n<\/div>\n<div><\/div>\n<div>\n<p><span style=\"color: #38761d; font-family: Arial, Helvetica, sans-serif; font-size: x-large;\"><b>Ou acabamos com ele, ou ele acabar\u00e1 conosco. \u00c9 simples assim.<\/b><\/span><\/p>\n<p><strong>OUTROS TEXTOS RECENTES DO BLOGUE\u00a0N\u00c1UFRAGO DA UTOPIA\u00a0(clique p\/ abrir):<\/strong><\/p>\n<p><strong><a href=\"http:\/\/naufrago-da-utopia.blogspot.com.br\/2015\/05\/gol-de-letra-do-rai.html\" target=\"_blank\"><span style=\"color: #ff0000; font-family: 'arial black', sans-serif;\"><u>GOL DE LETRA DO RA\u00cd!!!<\/u><\/span><\/a><\/strong><\/p>\n<p><strong><a href=\"http:\/\/naufrago-da-utopia.blogspot.com.br\/2015\/05\/acredite-quem-quiser-reinaldo-azevedo.html\" target=\"_blank\"><span style=\"color: #ff0000; font-family: 'arial black', sans-serif;\"><u>PASMEM: REINALDO AZEVEDO CHAMOU LULA DE &#8220;VELHO REACION\u00c1RIO&#8221;!<\/u><\/span><\/a><\/strong><\/p>\n<p><b><a href=\"http:\/\/naufrago-da-utopia.blogspot.com.br\/2015\/05\/sentenca-iniqua-retardara-mais-um-pouco.html\" target=\"_blank\"><span style=\"color: #ff0000; font-family: 'arial black', sans-serif; font-size: xx-small;\">O EX\u00c9RCITO O EXECUTOU. OS CLUBES MILITARES TORTURAM SUA FAM\u00cdLIA.<\/span><\/a><\/b><\/p>\n<p><strong><a href=\"http:\/\/naufrago-da-utopia.blogspot.com.br\/2015\/05\/comandante-carlos-lamarca-1937-1971.html\" target=\"_blank\"><span style=\"color: #ff0000; font-family: 'arial black', sans-serif;\"><u>COMANDANTE CARLOS LAMARCA (1937-1981): OUSAR LUTAR, OUSAR VENCER!<\/u><\/span><\/a><\/strong><\/p>\n<p><strong><a href=\"http:\/\/naufrago-da-utopia.blogspot.com.br\/2015\/05\/tudo-que-voce-precisa-saber-sobre-os.html\" target=\"_blank\"><span style=\"color: #ff0000; font-family: 'arial black', sans-serif;\"><u>O QUE \u00c9 ROUBAR UM BANCO COMPARADO A FUNDAR UM BANCO?<\/u><\/span><\/a><\/strong><\/p>\n<p><strong><a href=\"http:\/\/naufrago-da-utopia.blogspot.com.br\/2015\/05\/a-recessao-tem-uma-excecao-os-bancos.html\" target=\"_blank\"><span style=\"color: #ff0000; font-family: 'arial black', sans-serif;\"><u>OS BRASILEIROS SOFREM E OS BANCOS SURFAM NA RECESS\u00c3O. AT\u00c9 QUANDO?<\/u><\/span><\/a><\/strong><\/p>\n<\/div>\n<\/div>\n","protected":false},"excerpt":{"rendered":"<p>Celso Lungaretti: do blogue\u00a0N\u00e1ufrago da utopia<\/p>\n","protected":false},"author":3,"featured_media":0,"comment_status":"closed","ping_status":"closed","sticky":false,"template":"","format":"standard","meta":{"_jetpack_newsletter_access":"","_jetpack_dont_email_post_to_subs":false,"_jetpack_newsletter_tier_id":0,"_jetpack_memberships_contains_paywalled_content":false,"_jetpack_memberships_contains_paid_content":false,"footnotes":""},"categories":[7],"tags":[1797],"class_list":["post-1885","post","type-post","status-publish","format-standard","hentry","category-comunicacao","tag-celso-lungaretti"],"aioseo_notices":[],"views":0,"jetpack_featured_media_url":"","jetpack_sharing_enabled":true,"jetpack_likes_enabled":true,"jetpack-related-posts":[{"id":25832,"url":"https:\/\/jornalrol.com.br\/?p=25832","url_meta":{"origin":1885,"position":0},"title":"Celso Lungaretti: &#039;Miss\u00e3o cumprida, presidente! Agora nada lhe falta para matas as saudades dos ignaros velhos tempos&#8230;&#039;","author":"Helio Rubens","date":"1 de abril de 2019","format":false,"excerpt":"\u00a0REUNIMOS 21 TEXTOS PARA SERVIREM DE ANT\u00cdDOTOS \u00c0\u00a0DITADURA. UM PARA CADA ANO QUE O PESADELO DUROU O\u00a0Encontro com a ditadura\u00a0j\u00e1 atingiu seu objetivo, o de oferecer farto material de leitura e consulta para quem busca informa\u00e7\u00e3o isenta e consistente sobre o arb\u00edtrio que se abateu sobre o Brasil no dia\u2026","rel":"","context":"Em &quot;Comunica\u00e7\u00e3o&quot;","block_context":{"text":"Comunica\u00e7\u00e3o","link":"https:\/\/jornalrol.com.br\/?cat=7"},"img":{"alt_text":"","src":"https:\/\/i0.wp.com\/www.jornalrol.com.br\/wp-content\/uploads\/2019\/03\/Celso5.jpg?resize=350%2C200","width":350,"height":200},"classes":[]},{"id":25731,"url":"https:\/\/jornalrol.com.br\/?p=25731","url_meta":{"origin":1885,"position":1},"title":"Celso lungaretti: &#039;O Capit\u00e3o est\u00e1 com saudades? Ent\u00e3o vamos ajud\u00e1-lo a rememorar os velhos e bons tempos&#8230;&#039;","author":"Helio Rubens","date":"31 de mar\u00e7o de 2019","format":false,"excerpt":"ENCONTRO COM A DITADURA. VENHA PARTICIPAR! Unindo-se \u00e0 nostalgia do presidente Bolsonaro, o\u00a0Direto da Reda\u00e7\u00e3o\u00a0e o\u00a0N\u00e1ufrago da Utopia\u00a0v\u00e3o revisitar\u00a0O\u00a0GOLPE DE 1964 E OS 21 ANOS DE DITADURA Participe voc\u00ea tamb\u00e9m desta jornada de recorda\u00e7\u00f5es. Conte como viveu os dias do Golpe e o que representaram na sua vida. Iremos publicando\u2026","rel":"","context":"Em &quot;Comunica\u00e7\u00e3o&quot;","block_context":{"text":"Comunica\u00e7\u00e3o","link":"https:\/\/jornalrol.com.br\/?cat=7"},"img":{"alt_text":"","src":"https:\/\/i0.wp.com\/www.jornalrol.com.br\/wp-content\/uploads\/2019\/03\/Celso5.jpg?resize=350%2C200","width":350,"height":200},"classes":[]},{"id":38274,"url":"https:\/\/jornalrol.com.br\/?p=38274","url_meta":{"origin":1885,"position":2},"title":"Celso Lungaretti: &#039;Matamos a cobra e mostramos o pau: com um presidente de verdade, o Brasil poderia ter uns 100 mil brasileiros a menos mortos pela Covid&#039;","author":"ADM","date":"3 de mar\u00e7o de 2021","format":false,"excerpt":"Celso Lungaretti Calculamos quantas mortes por Covid poderiam ser evitadas\u00a0 sem o negacionismo do Bolsonaro. o resultado \u00e9 chocante No s\u00e9culo passado os economistas gostavam de comparar o Brasil a uma\u00a0Bel\u00edndia: os impostos aqui existentes seriam t\u00e3o elevados quanto os da rica B\u00e9lgica, mas a mis\u00e9ria que suport\u00e1vamos equivaleria \u00e0\u2026","rel":"","context":"Em &quot;Comunica\u00e7\u00e3o&quot;","block_context":{"text":"Comunica\u00e7\u00e3o","link":"https:\/\/jornalrol.com.br\/?cat=7"},"img":{"alt_text":"","src":"https:\/\/i0.wp.com\/www.jornalrol.com.br\/wp-content\/uploads\/2020\/04\/celso-5-300x169-300x169.jpg?resize=350%2C200","width":350,"height":200},"classes":[]},{"id":27244,"url":"https:\/\/jornalrol.com.br\/?p=27244","url_meta":{"origin":1885,"position":3},"title":"Celso Lungaretti: &#039;O ogro Bolsonaro, o Olavo sem cabe\u00e7a, os pr\u00edncipes-herdeiros das trevas e os ministros zumbis s\u00e3o um halloween querendo se prolongar meses adentro&#039;","author":"Helio Rubens","date":"16 de maio de 2019","format":false,"excerpt":"O GOVERNO BOLSONARO J\u00c1 DERRETEU. S\u00d3 FALTA, TAPANDO\u00a0O NARIZ, EMPURRAR A GOSMA\u00a0NAUSEABUNDA PARA O RALO Foi bonita a festa, mo\u00e7ada, fiquei contente! \u00a0Era exatamente do que precis\u00e1vamos, esse tsunami de jovens despertando para a pol\u00edtica (o pesadelo do Bolsonaro na v\u00e9spera!), tomando a Paulista e tantas outras avenidas e pra\u00e7as\u2026","rel":"","context":"Em &quot;Comunica\u00e7\u00e3o&quot;","block_context":{"text":"Comunica\u00e7\u00e3o","link":"https:\/\/jornalrol.com.br\/?cat=7"},"img":{"alt_text":"","src":"https:\/\/i0.wp.com\/www.jornalrol.com.br\/wp-content\/uploads\/2019\/03\/Celso5.jpg?resize=350%2C200","width":350,"height":200},"classes":[]},{"id":4487,"url":"https:\/\/jornalrol.com.br\/?p=4487","url_meta":{"origin":1885,"position":4},"title":"Artigo de Celso Lungaretti: &#039;DILMA, LULA E MORO: N\u00c3O H\u00c1 INOCENTE NESTE IMBROGLIO!&#039;","author":"Helio Rubens","date":"21 de mar\u00e7o de 2016","format":false,"excerpt":"Celso Lungaretti -\u00a0TR\u00caS PERDIDOS NUMA NOITE SUJA O\u00a0que ocorreu na \u00faltima 4\u00aa feira (16\/03) foi o abuso de poder de um juiz reagindo ao abuso de poder de uma presidente da Rep\u00fablica para livrar a cara de um ex-presidente da Rep\u00fablica. Por Celso Lungaretti, no blogue\u00a0N\u00e1ufrago da Utopia. Mesmo que\u2026","rel":"","context":"Em &quot;Comunica\u00e7\u00e3o&quot;","block_context":{"text":"Comunica\u00e7\u00e3o","link":"https:\/\/jornalrol.com.br\/?cat=7"},"img":{"alt_text":"","src":"","width":0,"height":0},"classes":[]},{"id":31726,"url":"https:\/\/jornalrol.com.br\/?p=31726","url_meta":{"origin":1885,"position":5},"title":"Celso Lungaretti: &#039;CESAR BENJAMIN ALERTA PARA ENXURRADA DE NOMEA\u00c7\u00d5ES NA POL\u00cdCIA FEDERAL; A CRISE ATINGE OUTRO PATAMAR&#039;","author":"ADM","date":"1 de junho de 2020","format":false,"excerpt":"CESAR BENJAMIN ALERTA PARA ENXURRADA DE NOMEA\u00c7\u00d5ES NA POL\u00cdCIA FEDERAL; A CRISE ATINGE OUTRO PATAMAR Est\u00e1 no\u00a0Di\u00e1rio do Centro do Mundo: \"O novo chefe da Pol\u00edcia Federal publicou nesta 4\u00aa feira (26), poucos dias depois de assumir, 99 portarias de uma s\u00f3 vez, preenchendo 16 p\u00e1ginas do Di\u00e1rio Oficial.\u00a0\u00a0 Cada\u2026","rel":"","context":"Em &quot;Comunica\u00e7\u00e3o&quot;","block_context":{"text":"Comunica\u00e7\u00e3o","link":"https:\/\/jornalrol.com.br\/?cat=7"},"img":{"alt_text":"","src":"https:\/\/i0.wp.com\/www.jornalrol.com.br\/wp-content\/uploads\/2020\/04\/celso-5-300x169-300x169.jpg?resize=350%2C200","width":350,"height":200},"classes":[]}],"_links":{"self":[{"href":"https:\/\/jornalrol.com.br\/index.php?rest_route=\/wp\/v2\/posts\/1885","targetHints":{"allow":["GET"]}}],"collection":[{"href":"https:\/\/jornalrol.com.br\/index.php?rest_route=\/wp\/v2\/posts"}],"about":[{"href":"https:\/\/jornalrol.com.br\/index.php?rest_route=\/wp\/v2\/types\/post"}],"author":[{"embeddable":true,"href":"https:\/\/jornalrol.com.br\/index.php?rest_route=\/wp\/v2\/users\/3"}],"replies":[{"embeddable":true,"href":"https:\/\/jornalrol.com.br\/index.php?rest_route=%2Fwp%2Fv2%2Fcomments&post=1885"}],"version-history":[{"count":0,"href":"https:\/\/jornalrol.com.br\/index.php?rest_route=\/wp\/v2\/posts\/1885\/revisions"}],"wp:attachment":[{"href":"https:\/\/jornalrol.com.br\/index.php?rest_route=%2Fwp%2Fv2%2Fmedia&parent=1885"}],"wp:term":[{"taxonomy":"category","embeddable":true,"href":"https:\/\/jornalrol.com.br\/index.php?rest_route=%2Fwp%2Fv2%2Fcategories&post=1885"},{"taxonomy":"post_tag","embeddable":true,"href":"https:\/\/jornalrol.com.br\/index.php?rest_route=%2Fwp%2Fv2%2Ftags&post=1885"}],"curies":[{"name":"wp","href":"https:\/\/api.w.org\/{rel}","templated":true}]}}