{"id":1887,"date":"2015-05-18T21:16:03","date_gmt":"2015-05-19T00:16:03","guid":{"rendered":"http:\/\/www.jornalrol.com.br\/?p=1887"},"modified":"2015-05-18T21:16:03","modified_gmt":"2015-05-19T00:16:03","slug":"emprego-correios-abrira-concurso-nivel-medio-salario-de-2-20000","status":"publish","type":"post","link":"https:\/\/jornalrol.com.br\/?p=1887","title":{"rendered":"Emprego: CORREIOS ABRIR\u00c1 CONCURSO NIVEL M\u00c9DIO; SAL\u00c1RIO DE $2.200,00"},"content":{"rendered":"<div class=\"pdfprnt-buttons pdfprnt-buttons-post pdfprnt-top-right\"><a href=\"https:\/\/jornalrol.com.br\/index.php?rest_route=%2Fwp%2Fv2%2Fposts%2F1887&print=pdf\" class=\"pdfprnt-button pdfprnt-button-pdf\" target=\"_blank\" ><\/a><a href=\"https:\/\/jornalrol.com.br\/index.php?rest_route=%2Fwp%2Fv2%2Fposts%2F1887&print=print\" class=\"pdfprnt-button pdfprnt-button-print\" target=\"_blank\" ><img decoding=\"async\" src=\"https:\/\/jornalrol.com.br\/wp-content\/plugins\/pdf-print\/images\/print.png\" alt=\"image_print\" title=\"Conte\u00fado de impress\u00e3o\" \/><\/a><\/div><nav id=\"barra-menu\">\n<div class=\"corpo \">\n<div id=\"wrap-menu-home\">\n<p><strong>O edital de concurso dos Correios deve ser divulgado em breve e as oportunidades seriam para carteiros e outros cargos de n\u00edvel m\u00e9dio<\/strong><\/p>\n<\/div>\n<\/div>\n<\/nav>\n<p><!--more--><\/p>\n<div class=\"corpo\">\n<div class=\"container_930\">\n<p><a href=\"http:\/\/www.falabarreiras.com\/wp-content\/uploads\/2015\/05\/0112.jpg\"><img loading=\"lazy\" decoding=\"async\" class=\"alignleft size-full wp-image-30494\" src=\"http:\/\/www.falabarreiras.com\/wp-content\/uploads\/2015\/05\/0112.jpg\" alt=\"01\" width=\"500\" height=\"416\" \/><\/a>Deve ser divulgado at\u00e9 o m\u00eas de junho o edital do concurso p\u00fablico para a contrata\u00e7\u00e3o de trabalhadores tempor\u00e1rios dos Correios. De acordo com o Folha Dirigida, a sele\u00e7\u00e3o ser\u00e1 para carteiros e outros cargos de n\u00edvel m\u00e9dio e dever\u00e1 minimizar o grave d\u00e9ficit de pessoal vivido pela empresa.<\/p>\n<p>Em entrevista ao site, o presidente dos Correios, Wagner Pinheiro, afirmou que a sele\u00e7\u00e3o seria realizada \u201cmuito provavelmente\u201d no segundo semestre deste ano. Para as fun\u00e7\u00f5es de n\u00edvel m\u00e9dio, a remunera\u00e7\u00e3o \u00e9 de R$ 2.006,65 (para 27 dias de trabalho) ou R$ 1.893,50 (23 dias), incluindo benef\u00edcios. No caso de carteiro, o valor pode chegar a R$ 2.200,00 em fun\u00e7\u00e3o de outros adicionais.<\/p>\n<p>O secret\u00e1rio-geral da Federa\u00e7\u00e3o Nacional dos Trabalhadores em Empresas de Correios e Tel\u00e9grafos e Similares (Fentect), Jos\u00e9 Rodrigues, disse que uma das pautas do congresso nacional da categoria, que ser\u00e1 realizado em junho, ser\u00e1 a cobran\u00e7a por concurso imediato para efetivos, onde seriam oferecidos vagas para n\u00edvel superior, com iniciais de R$4.962,05 ou R$4.848,90.<\/p>\n<div class=\"yarpp-related\"><\/div>\n<\/div>\n<\/div>\n","protected":false},"excerpt":{"rendered":"<p>O edital de concurso dos Correios deve ser divulgado em breve e as oportunidades seriam para carteiros e outros cargos de n\u00edvel m\u00e9dio<\/p>\n","protected":false},"author":3,"featured_media":0,"comment_status":"closed","ping_status":"closed","sticky":false,"template":"","format":"standard","meta":{"_jetpack_newsletter_access":"","_jetpack_dont_email_post_to_subs":false,"_jetpack_newsletter_tier_id":0,"_jetpack_memberships_contains_paywalled_content":false,"_jetpack_memberships_contains_paid_content":false,"footnotes":""},"categories":[7],"tags":[3215,3221],"class_list":["post-1887","post","type-post","status-publish","format-standard","hentry","category-comunicacao","tag-empegos","tag-empregos"],"aioseo_notices":[],"views":0,"jetpack_featured_media_url":"","jetpack_sharing_enabled":true,"jetpack_likes_enabled":true,"jetpack-related-posts":[{"id":2090,"url":"https:\/\/jornalrol.com.br\/?p=2090","url_meta":{"origin":1887,"position":0},"title":"Concurso do IBGE vai oferecer 660 vagas com sal\u00e1rios de at\u00e9 R$ 8 mil O IBGE vai abrir 660 oportunidades.","author":"Helio Rubens","date":"31 de maio de 2015","format":false,"excerpt":"H\u00e1 vagas que exigem o ensino m\u00e9dio e superior. Processo seletivo do IBGE Processo seletivo do IBGE PUBLICIDADE O concurso do IBGE (Instituto Brasileiro de Geografia e Estat\u00edstica) \u00e9 um dos mais aguardados pelos profissionais que desejam consegui um trabalho como funcion\u00e1rio p\u00fablico. Como o concurso possui um n\u00edvel razo\u00e1vel\u2026","rel":"","context":"Em &quot;Comunica\u00e7\u00e3o&quot;","block_context":{"text":"Comunica\u00e7\u00e3o","link":"https:\/\/jornalrol.com.br\/?cat=7"},"img":{"alt_text":"IBGE","src":"https:\/\/i0.wp.com\/www.jornalrol.com.br\/wp-content\/uploads\/2015\/05\/IBGE-300x132.jpg?resize=350%2C200","width":350,"height":200},"classes":[]},{"id":2049,"url":"https:\/\/jornalrol.com.br\/?p=2049","url_meta":{"origin":1887,"position":1},"title":"Abertas inscri\u00e7\u00f5es de concurso para Guarda Municipal de Itapetininga, SP","author":"Helio Rubens","date":"30 de maio de 2015","format":false,"excerpt":"S\u00e3o 40 vagas para homens e mulheres; sal\u00e1rio \u00e9 de R$ 995.\u00a0\u00c9 necess\u00e1rio ter ensino m\u00e9dio completo e possuir CNH. Do G1 Itapetininga e Regi\u00e3o As inscri\u00e7\u00f5es para o concurso p\u00fablico da Guarda Municipal de Itapetininga (SP) est\u00e3o abertas at\u00e9 22 de junho. S\u00e3o 40 vagas para homens e mulheres.\u2026","rel":"","context":"Em &quot;Comunica\u00e7\u00e3o&quot;","block_context":{"text":"Comunica\u00e7\u00e3o","link":"https:\/\/jornalrol.com.br\/?cat=7"},"img":{"alt_text":"","src":"","width":0,"height":0},"classes":[]},{"id":3049,"url":"https:\/\/jornalrol.com.br\/?p=3049","url_meta":{"origin":1887,"position":2},"title":"Diretoria de Ensino dde Itapetininga realiza Processo Seletivo: 21 vagas dispon\u00edveis","author":"Helio Rubens","date":"22 de agosto de 2015","format":false,"excerpt":"Derita abre inscri\u00e7\u00f5es para 21 vagas As oportunidades s\u00e3o para o cargo de Agente de Organiza\u00e7\u00e3o Escolar. O pr\u00e9-requisito \u00e9 ter n\u00edvel m\u00e9dio e disponibilidade para trabalhar em jornadas de 40 horas. O sal\u00e1rio \u00e9 R$ 971,78. imscri\u00e7\u00f5es\u00a0entre 24 de agosto de 2015 e 8 de setembro de 2015 nas\u2026","rel":"","context":"Em &quot;Comunica\u00e7\u00e3o&quot;","block_context":{"text":"Comunica\u00e7\u00e3o","link":"https:\/\/jornalrol.com.br\/?cat=7"},"img":{"alt_text":"","src":"","width":0,"height":0},"classes":[]},{"id":17573,"url":"https:\/\/jornalrol.com.br\/?p=17573","url_meta":{"origin":1887,"position":3},"title":"Ser\u00e1 aberto hoje em Tatu\u00ed o Concurso Liter\u00e1rio Paulo Set\u00fabal","author":"Helio Rubens","date":"11 de abril de 2018","format":false,"excerpt":"INSCRI\u00c7\u00d5ES PARA CONCURSO LITER\u00c1RIO PAULO SET\u00daBAL SER\u00c1 DE 12 DE ABRIL A 25 DE MAIO \u00a0 A Secretaria de Esporte, Cultura, Turismo, Lazer e Juventude, da Prefeitura de Tatu\u00ed realizar\u00e1 nesta quarta-feira, 11, \u00e0s 19h, no Museu Hist\u00f3rico Paulo Set\u00fabal\u00a0a abertura do 'Concurso Liter\u00e1rio Paulo Set\u00fabal', integrante da 76\u00aa Semana\u2026","rel":"","context":"Em &quot;Comunica\u00e7\u00e3o&quot;","block_context":{"text":"Comunica\u00e7\u00e3o","link":"https:\/\/jornalrol.com.br\/?cat=7"},"img":{"alt_text":"","src":"https:\/\/i0.wp.com\/www.jornalrol.com.br\/wp-content\/uploads\/2018\/04\/PAULO-SET%C3%9ABAL-foto-oficial-300x225.jpg?resize=350%2C200","width":350,"height":200},"classes":[]},{"id":9867,"url":"https:\/\/jornalrol.com.br\/?p=9867","url_meta":{"origin":1887,"position":4},"title":"Abertura do Concurso Liter\u00e1rio Paulo Set\u00fabal ser\u00e1 dia 4","author":"Helio Rubens","date":"28 de abril de 2017","format":false,"excerpt":"ABERTURA DO CONCURSO LITER\u00c1RIO PAULO SET\u00daBAL SER\u00c1 NO DIA 4 DE MAIO \u00a0 A Prefeitura de Tatu\u00ed, atrav\u00e9s da Secretaria de Esporte, Cultura, Turismo, Lazer e Juventude, realizar\u00e1 no dia 4 de maio, quinta-feira, \u00e0s 19h, no Museu Hist\u00f3rico \u201cPaulo Set\u00fabal\u201d, com gestores, coordenadores e respons\u00e1veis por unidades escolares, a\u2026","rel":"","context":"Em &quot;Comunica\u00e7\u00e3o&quot;","block_context":{"text":"Comunica\u00e7\u00e3o","link":"https:\/\/jornalrol.com.br\/?cat=7"},"img":{"alt_text":"","src":"https:\/\/ci6.googleusercontent.com\/proxy\/nIv2z09dHg6rpMjBfQHWEsWRkJWbFlsENcfbWcIrnqaTqe73Twl5VNWzQOdb5M408_HsFpRfMID9rWZEkc7hP3nJVnv5iOi_SjLrlbStgPwA5aHmctXBXjBJyo4wRlog4Js_B3bZM3KXNtkG4dyp-9Ix7NAd=s0-d-e1-ft#http:\/\/assets.mktnaweb.com\/accounts\/2013\/06\/13\/17128\/pictures\/146\/original_MUSEU.JPG?1493378708","width":350,"height":200},"classes":[]},{"id":27212,"url":"https:\/\/jornalrol.com.br\/?p=27212","url_meta":{"origin":1887,"position":5},"title":"Termina na sexta-feira prazo para participar de concurso liter\u00e1rio de Tatui","author":"Helio Rubens","date":"15 de maio de 2019","format":false,"excerpt":"PRAZO DE INSCRI\u00c7\u00d5ES PARA O CONCURSO LITER\u00c1RIO PAULO SET\u00daBAL TERMINA NESTA SEXTA-FEIRA Segue at\u00e9 esta sexta-feira (17\/05) o prazo para as inscri\u00e7\u00f5es do Concurso Liter\u00e1rio \u201cPaulo Set\u00fabal\u201d, promovido pela Prefeitura de Tatu\u00ed, por meio da Secretaria de Esporte, Cultura, Turismo, Lazer e Juventude e do Museu Hist\u00f3rico \u201cPaulo Set\u00fabal\u201d. As\u2026","rel":"","context":"Em &quot;Cultura&quot;","block_context":{"text":"Cultura","link":"https:\/\/jornalrol.com.br\/?cat=11"},"img":{"alt_text":"","src":"https:\/\/i0.wp.com\/www.jornalrol.com.br\/wp-content\/uploads\/2019\/05\/Paulo-300x212.jpg?resize=350%2C200","width":350,"height":200},"classes":[]}],"_links":{"self":[{"href":"https:\/\/jornalrol.com.br\/index.php?rest_route=\/wp\/v2\/posts\/1887","targetHints":{"allow":["GET"]}}],"collection":[{"href":"https:\/\/jornalrol.com.br\/index.php?rest_route=\/wp\/v2\/posts"}],"about":[{"href":"https:\/\/jornalrol.com.br\/index.php?rest_route=\/wp\/v2\/types\/post"}],"author":[{"embeddable":true,"href":"https:\/\/jornalrol.com.br\/index.php?rest_route=\/wp\/v2\/users\/3"}],"replies":[{"embeddable":true,"href":"https:\/\/jornalrol.com.br\/index.php?rest_route=%2Fwp%2Fv2%2Fcomments&post=1887"}],"version-history":[{"count":0,"href":"https:\/\/jornalrol.com.br\/index.php?rest_route=\/wp\/v2\/posts\/1887\/revisions"}],"wp:attachment":[{"href":"https:\/\/jornalrol.com.br\/index.php?rest_route=%2Fwp%2Fv2%2Fmedia&parent=1887"}],"wp:term":[{"taxonomy":"category","embeddable":true,"href":"https:\/\/jornalrol.com.br\/index.php?rest_route=%2Fwp%2Fv2%2Fcategories&post=1887"},{"taxonomy":"post_tag","embeddable":true,"href":"https:\/\/jornalrol.com.br\/index.php?rest_route=%2Fwp%2Fv2%2Ftags&post=1887"}],"curies":[{"name":"wp","href":"https:\/\/api.w.org\/{rel}","templated":true}]}}