{"id":1892,"date":"2015-05-19T16:32:42","date_gmt":"2015-05-19T19:32:42","guid":{"rendered":"http:\/\/www.jornalrol.com.br\/?p=1892"},"modified":"2015-05-19T16:32:42","modified_gmt":"2015-05-19T19:32:42","slug":"itapetininga-tenta-no-mec-nova-faculdade","status":"publish","type":"post","link":"https:\/\/jornalrol.com.br\/?p=1892","title":{"rendered":"ITAPETININGA TENTA NO MEC NOVA FACULDADE"},"content":{"rendered":"<div class=\"pdfprnt-buttons pdfprnt-buttons-post pdfprnt-top-right\"><a href=\"https:\/\/jornalrol.com.br\/index.php?rest_route=%2Fwp%2Fv2%2Fposts%2F1892&print=pdf\" class=\"pdfprnt-button pdfprnt-button-pdf\" target=\"_blank\" ><\/a><a href=\"https:\/\/jornalrol.com.br\/index.php?rest_route=%2Fwp%2Fv2%2Fposts%2F1892&print=print\" class=\"pdfprnt-button pdfprnt-button-print\" target=\"_blank\" ><img decoding=\"async\" src=\"https:\/\/jornalrol.com.br\/wp-content\/plugins\/pdf-print\/images\/print.png\" alt=\"image_print\" title=\"Conte\u00fado de impress\u00e3o\" \/><\/a><\/div><div id=\"js_2r\" class=\"_5pbx userContent\" data-ft=\"{&quot;tn&quot;:&quot;K&quot;}\">\n<p><strong><img loading=\"lazy\" decoding=\"async\" class=\"scaledImageFitHeight img\" src=\"https:\/\/scontent-lga.xx.fbcdn.net\/hphotos-xpa1\/v\/t1.0-9\/s526x296\/11038924_10200410129373709_1204386706361189534_n.jpg?oh=c259348e5dd15d3c0f6ab83449344998&amp;oe=55C04499\" alt=\"Foto de Eliel R Mauricio.\" width=\"471\" height=\"264\" \/>Professores Eliel e Marcus Vinicius est\u00e3o em Brasilia<\/strong><\/p>\n<\/div>\n<p><!--more--><\/p>\n<p>Os professores Eliel Ramos Mauricio e Marcus Vinicius foram\u00a0a\u00a0Brasilia\/DF para uma audi\u00eancia no Ministerio da Educa\u00e7\u00e3o.<\/p>\n<p>Segundo Mauricio, eles foram para defender interesses dos alunos da FKB e aproveitaram para anunciar a autoriza\u00e7\u00e3o do Minist\u00e9rio da Educa\u00e7\u00e3o para in\u00edcio da Faculdade de Engenharia de Produ\u00e7\u00e3o na FKB.<\/p>\n<p>Ainda segundo o professor Eliel Ramos Mauricio, est\u00e1 \u00e9 mais uma conquista de Itapetininga, a Terra das Escolas.<\/p>\n<p>&nbsp;<\/p>\n<div>\n<div data-ft=\"{&quot;tn&quot;:&quot;H&quot;}\">\n<div class=\"mtm\">\n<div class=\"_5cq3\" data-ft=\"{&quot;tn&quot;:&quot;E&quot;}\">\n<div id=\"u_ps_jsonp_10_0_7\" class=\"uiScaledImageContainer _4-ep\"><img loading=\"lazy\" decoding=\"async\" class=\"scaledImageFitHeight img\" src=\"https:\/\/scontent-lga.xx.fbcdn.net\/hphotos-xpa1\/v\/t1.0-9\/s526x296\/11038924_10200410129373709_1204386706361189534_n.jpg?oh=c259348e5dd15d3c0f6ab83449344998&amp;oe=55C04499\" alt=\"Foto de Eliel R Mauricio.\" width=\"471\" height=\"264\" \/><\/div>\n<div class=\"uiScaledImageContainer _4-ep\">Nas fotos, os professores Eliel e Marcus Vinicius em frente ao MEC, dem Brasilia.<\/div>\n<\/div>\n<\/div>\n<\/div>\n<\/div>\n","protected":false},"excerpt":{"rendered":"<p>Professores Eliel e Marcus Vinicius est\u00e3o em Brasilia<\/p>\n","protected":false},"author":3,"featured_media":0,"comment_status":"closed","ping_status":"closed","sticky":false,"template":"","format":"standard","meta":{"_jetpack_newsletter_access":"","_jetpack_dont_email_post_to_subs":false,"_jetpack_newsletter_tier_id":0,"_jetpack_memberships_contains_paywalled_content":false,"_jetpack_memberships_contains_paid_content":false,"footnotes":""},"categories":[7],"tags":[2557],"class_list":["post-1892","post","type-post","status-publish","format-standard","hentry","category-comunicacao","tag-cursos"],"aioseo_notices":[],"views":0,"jetpack_featured_media_url":"","jetpack_sharing_enabled":true,"jetpack_likes_enabled":true,"jetpack-related-posts":[{"id":1904,"url":"https:\/\/jornalrol.com.br\/?p=1904","url_meta":{"origin":1892,"position":0},"title":"EM PRIMEIRA M\u00c3O: NOVA FACULDADE SER\u00c1 INSTALADA EM ITAPETININGA!","author":"Helio Rubens","date":"19 de maio de 2015","format":false,"excerpt":"CONFIRMADO: ITAPETININGA TER\u00c1 UMA FACULDADE DE ENGENHARIA DE PRODU\u00c7\u00c3O! Agora a not\u00edcia \u00e9 oficial! O professor Eliel Ramos Mauricio confirmou ao ROL - Regi\u00e3o On LIne que conseguiu definitivamente autoriza\u00e7\u00e3o para criar um novo curso na FKB: a Faculdade de Engenharia de Produ\u00e7\u00e3o! Acompanhado do professor Marcus Vinicius, ambos est\u00e3o\u2026","rel":"","context":"Em &quot;Comunica\u00e7\u00e3o&quot;","block_context":{"text":"Comunica\u00e7\u00e3o","link":"https:\/\/jornalrol.com.br\/?cat=7"},"img":{"alt_text":"foto falando","src":"https:\/\/i0.wp.com\/www.jornalrol.com.br\/wp-content\/uploads\/2015\/05\/foto-falando-300x225.jpg?resize=350%2C200","width":350,"height":200},"classes":[]},{"id":3769,"url":"https:\/\/jornalrol.com.br\/?p=3769","url_meta":{"origin":1892,"position":1},"title":"Novo prefeito de Itapetininga confirma alguns secret\u00e1rios e troca outros","author":"Helio Rubens","date":"22 de novembro de 2015","format":false,"excerpt":"Pedagoga \u00e9 anunciada para assumir Pasta de Educa\u00e7\u00e3o em Itapetininga Mat\u00e9ria publicada pela TV Tem Eliana de Sales Almeida, de 45 anos, teve nome confirmado pela prefeitura. Nova chefe da secretaria trabalhava antes na Diretoria Regional de Ensino. Do G1 Itapetininga e Regi\u00e3o Prefeitura de Itapetininga tem nova secret\u00e1ria de\u2026","rel":"","context":"Em &quot;Comunica\u00e7\u00e3o&quot;","block_context":{"text":"Comunica\u00e7\u00e3o","link":"https:\/\/jornalrol.com.br\/?cat=7"},"img":{"alt_text":"","src":"","width":0,"height":0},"classes":[]},{"id":26040,"url":"https:\/\/jornalrol.com.br\/?p=26040","url_meta":{"origin":1892,"position":2},"title":"Professor Villa palestra\u00a0em Itapetininga pela 1\u00aa vez","author":"Helio Rubens","date":"13 de abril de 2019","format":false,"excerpt":"Um dos mais pol\u00eamicos historiadores do Brasil, Marco Antonio Villa, estar\u00e1 em Itapetininga no pr\u00f3ximo dia 23, onde vai ministrar palestra, \u00e0s 19h30, no audit\u00f3rio das Faculdades FKB Prof. Villa \u00e9 historiador com mais de 30 livros publicados, professor universit\u00e1rio por mais de trinta anos e um dos mais requisitados\u2026","rel":"","context":"Em &quot;Comunica\u00e7\u00e3o&quot;","block_context":{"text":"Comunica\u00e7\u00e3o","link":"https:\/\/jornalrol.com.br\/?cat=7"},"img":{"alt_text":"","src":"https:\/\/i0.wp.com\/www.jornalrol.com.br\/wp-content\/uploads\/2019\/04\/WhatsApp-Image-2019-04-03-at-14.28.02-300x300.jpeg?resize=350%2C200","width":350,"height":200},"classes":[]},{"id":54526,"url":"https:\/\/jornalrol.com.br\/?p=54526","url_meta":{"origin":1892,"position":3},"title":"Mini curr\u00edculo de Patricia Ferreira","author":"Helio Rubens","date":"11 de abril de 2023","format":false,"excerpt":"Patr\u00edcia Ferreira Braga Bacharel em Direito pela FKB, Mestre em Educa\u00e7\u00e3o pelo CEFET\/MG, professora de gradua\u00e7\u00e3o e p\u00f3s-gradua\u00e7\u00e3o desde 2001. Coordenadora do polo da Uniasselvi, especialistas em Educa\u00e7\u00e3o \u00e0 Dist\u00e2ncia, na cidade de Vespasiano\/MG patricia.mferreira@gmail.com(31)\u00a099106-6686","rel":"","context":"Em &quot;Sem categoria&quot;","block_context":{"text":"Sem categoria","link":"https:\/\/jornalrol.com.br\/?cat=1"},"img":{"alt_text":"","src":"https:\/\/i0.wp.com\/jornalrol.com.br\/wp-content\/uploads\/2023\/04\/Foto-enviada-em-11-abril-23-junto-com-o-mini-curriculo-que-est%C3%A1-publicado-no-ROL.jpg?resize=350%2C200&ssl=1","width":350,"height":200},"classes":[]},{"id":44100,"url":"https:\/\/jornalrol.com.br\/?p=44100","url_meta":{"origin":1892,"position":4},"title":"Marcus Krause lan\u00e7a o livro &#039;Educa\u00e7\u00e3o, Inclus\u00e3o Digital e Empatia: reflex\u00f5es de um educador&#039;","author":"Sergio Diniz da Costa","date":"23 de agosto de 2021","format":false,"excerpt":"O livro Educa\u00e7\u00e3o, Inclus\u00e3o Digital e Empatia: reflex\u00f5es de um educador \u00e9 uma compila\u00e7\u00e3o de artigos de opini\u00e3o do autor, sobre quest\u00f5es voltadas \u00e0 educa\u00e7\u00e3o sob o olhar social e emp\u00e1tico O livro Educa\u00e7\u00e3o, Inclus\u00e3o Digital e Empatia: reflex\u00f5es de um educador \u00e9 uma compila\u00e7\u00e3o de artigos de opini\u00e3o do\u2026","rel":"","context":"Em &quot;Comunica\u00e7\u00e3o&quot;","block_context":{"text":"Comunica\u00e7\u00e3o","link":"https:\/\/jornalrol.com.br\/?cat=7"},"img":{"alt_text":"","src":"https:\/\/i0.wp.com\/jornalrol.com.br\/wp-content\/uploads\/2021\/08\/WhatsApp-Image-2021-08-16-at-09.17.17.jpeg?resize=350%2C200&ssl=1","width":350,"height":200,"srcset":"https:\/\/i0.wp.com\/jornalrol.com.br\/wp-content\/uploads\/2021\/08\/WhatsApp-Image-2021-08-16-at-09.17.17.jpeg?resize=350%2C200&ssl=1 1x, https:\/\/i0.wp.com\/jornalrol.com.br\/wp-content\/uploads\/2021\/08\/WhatsApp-Image-2021-08-16-at-09.17.17.jpeg?resize=525%2C300&ssl=1 1.5x, https:\/\/i0.wp.com\/jornalrol.com.br\/wp-content\/uploads\/2021\/08\/WhatsApp-Image-2021-08-16-at-09.17.17.jpeg?resize=700%2C400&ssl=1 2x"},"classes":[]},{"id":5183,"url":"https:\/\/jornalrol.com.br\/?p=5183","url_meta":{"origin":1892,"position":5},"title":"Fatec de Itapetininga \u00e9 agraciada com men\u00e7\u00f5es honrosas em Congresso Internacional na USP","author":"Helio Rubens","date":"6 de junho de 2016","format":false,"excerpt":"A honraria foi oferecida durante a\u00a0 13\u00b0 edi\u00e7\u00e3o do International Conference on Information Systems and Technology Managment (CONTECSI) \u00a0 Na quarta feira do dia 1\u00ba de junho \u00faltimo, uma comitiva composta por professores, alunos e tecn\u00f3logos dos cursos superiores de tecnologia em An\u00e1lise e Desenvolvimento de Sistemas, Com\u00e9rcio Exterior e\u2026","rel":"","context":"Em &quot;Comunica\u00e7\u00e3o&quot;","block_context":{"text":"Comunica\u00e7\u00e3o","link":"https:\/\/jornalrol.com.br\/?cat=7"},"img":{"alt_text":"principal (Copy)","src":"https:\/\/i0.wp.com\/www.jornalrol.com.br\/wp-content\/uploads\/2016\/06\/principal-Copy.jpg?resize=350%2C200","width":350,"height":200},"classes":[]}],"_links":{"self":[{"href":"https:\/\/jornalrol.com.br\/index.php?rest_route=\/wp\/v2\/posts\/1892","targetHints":{"allow":["GET"]}}],"collection":[{"href":"https:\/\/jornalrol.com.br\/index.php?rest_route=\/wp\/v2\/posts"}],"about":[{"href":"https:\/\/jornalrol.com.br\/index.php?rest_route=\/wp\/v2\/types\/post"}],"author":[{"embeddable":true,"href":"https:\/\/jornalrol.com.br\/index.php?rest_route=\/wp\/v2\/users\/3"}],"replies":[{"embeddable":true,"href":"https:\/\/jornalrol.com.br\/index.php?rest_route=%2Fwp%2Fv2%2Fcomments&post=1892"}],"version-history":[{"count":0,"href":"https:\/\/jornalrol.com.br\/index.php?rest_route=\/wp\/v2\/posts\/1892\/revisions"}],"wp:attachment":[{"href":"https:\/\/jornalrol.com.br\/index.php?rest_route=%2Fwp%2Fv2%2Fmedia&parent=1892"}],"wp:term":[{"taxonomy":"category","embeddable":true,"href":"https:\/\/jornalrol.com.br\/index.php?rest_route=%2Fwp%2Fv2%2Fcategories&post=1892"},{"taxonomy":"post_tag","embeddable":true,"href":"https:\/\/jornalrol.com.br\/index.php?rest_route=%2Fwp%2Fv2%2Ftags&post=1892"}],"curies":[{"name":"wp","href":"https:\/\/api.w.org\/{rel}","templated":true}]}}