{"id":2014,"date":"2015-05-27T23:42:04","date_gmt":"2015-05-28T02:42:04","guid":{"rendered":"http:\/\/www.jornalrol.com.br\/?p=2014"},"modified":"2015-05-27T23:42:04","modified_gmt":"2015-05-28T02:42:04","slug":"artigo-de-celso-lungaretti-a-opcao-preferencial-de-dilmalevi-e-pelos-ricacos","status":"publish","type":"post","link":"https:\/\/jornalrol.com.br\/?p=2014","title":{"rendered":"Artigo de Celso Lungaretti: &#039;A op\u00e7\u00e3o preferencial de Dilma&amp;Levi \u00e9 pelos rica\u00e7os&#039;"},"content":{"rendered":"<div class=\"pdfprnt-buttons pdfprnt-buttons-post pdfprnt-top-right\"><a href=\"https:\/\/jornalrol.com.br\/index.php?rest_route=%2Fwp%2Fv2%2Fposts%2F2014&print=pdf\" class=\"pdfprnt-button pdfprnt-button-pdf\" target=\"_blank\" ><\/a><a href=\"https:\/\/jornalrol.com.br\/index.php?rest_route=%2Fwp%2Fv2%2Fposts%2F2014&print=print\" class=\"pdfprnt-button pdfprnt-button-print\" target=\"_blank\" ><img decoding=\"async\" src=\"https:\/\/jornalrol.com.br\/wp-content\/plugins\/pdf-print\/images\/print.png\" alt=\"image_print\" title=\"Conte\u00fado de impress\u00e3o\" \/><\/a><\/div><div><span style=\"color: #cc0000; font-family: 'arial black', sans-serif; font-size: xx-large;\">A OP\u00c7\u00c3O PREFERENCIAL DE DILMA &amp; LEVY \u00c9 PELOS RICA\u00c7OS<\/span><\/div>\n<p><!--more--><\/p>\n<div><\/div>\n<div><strong>Do blogue<\/strong><strong>\u00a0<\/strong><strong><a href=\"http:\/\/naufrago-da-utopia.blogspot.com.br\/\" target=\"_blank\">N\u00e1ufrago da utopia<\/a><\/strong><\/div>\n<div>\n<div>\n<div>\n<p><a href=\"http:\/\/sengece.com.br\/senge\/wp-content\/uploads\/2015\/02\/taxar_grandes_fortunas_e_riquezas.jpg\" target=\"_blank\"><img loading=\"lazy\" decoding=\"async\" class=\"CToWUd\" src=\"https:\/\/ci3.googleusercontent.com\/proxy\/ABPtqFDIegJS5arQ5msntto8u2Bq-8kru32YgvG4thi-O9g82FgBMW1GSaV7Frb5nNo_If1CpNN5RRnYvaUe2QTc-qcTDpB4gaD7C09-JTEQvca1tUyIhfCyBQuBgKy6XCAogJ0P5piKVhxQktWgdg09k6vpyWhnCuquGj_tAa6DrgIASKwr9WbuDbIaAYH6WNn3o1czwTaHZrP_VZXmdM2fxiD7rjk4e2rLRibR9BNgPA7MmYUGPKpZ6Cr7iAByzIRt_lVvEimjUtUe0Osj6oTd9hiK7wiJEjw9d0K80w1xS7Igtr0P5euRRH027GtAM4zTBBwDP3AJCQs4OOUuDw=s0-d-e1-ft#https:\/\/images-blogger-opensocial.googleusercontent.com\/gadgets\/proxy?url=http%3A%2F%2Fsengece.com.br%2Fsenge%2Fwp-content%2Fuploads%2F2015%2F02%2Ftaxar_grandes_fortunas_e_riquezas.jpg&amp;container=blogger&amp;gadget=a&amp;rewriteMime=image%2F*\" alt=\"\" width=\"400\" height=\"265\" border=\"0\" \/><\/a><\/p>\n<p><b><span style=\"color: #38761d; font-size: xx-large;\">E<\/span><span style=\"color: #38761d; font-family: Times, 'Times New Roman', serif;\">st\u00e1 na edi\u00e7\u00e3o de hoje (3\u00aa feira, 26) da\u00a0<u>Folha de S. Paulo<\/u>:<\/span><\/b><\/p>\n<\/div>\n<div><\/div>\n<div>\n<p><b><span style=\"color: #ff0000; font-family: Verdana, sans-serif; font-size: x-large;\">&#8220;<\/span><\/b>Se fosse aplicado um Imposto sobre Grandes Fortunas (IGF) aos 200 mil contribuintes mais ricos do pa\u00eds, como tem defendido a bancada do PT no Congresso, o governo poderia arrecadar at\u00e9 R$ 6 bilh\u00f5es por ano, segundo estudo feito no Senado a pedido da senadora Gleisi Hoffmann (PT-PR).<\/p>\n<\/div>\n<div><\/div>\n<div>\n<p>O valor \u00e9 semelhante \u00e0 economia que o governo pretende obter, por exemplo, com a revis\u00e3o das normas para a concess\u00e3o do seguro-desemprego, uma das principais medidas do pacote fiscal.<\/p>\n<\/div>\n<div><\/div>\n<div>\n<p>Segundo a\u00a0<b><u>Folha<\/u><\/b>\u00a0apurou, o IGF, previsto na Constitui\u00e7\u00e3o de 1988 mas nunca institu\u00eddo, estava entre as medidas preparadas pela equipe do ex-ministro Guido Mantega (Fazenda) para depois das elei\u00e7\u00f5es de 2014. Levy, no entanto, \u00e9 contra o IGF, por consider\u00e1-lo ineficiente.<\/p>\n<\/div>\n<div><\/div>\n<div>\n<p>Diante da forte repercuss\u00e3o negativa da revis\u00e3o dos direitos trabalhistas e previdenci\u00e1rios, os congressistas do PT passaram a exigir da Fazenda um projeto para taxar o &#8216;andar de cima&#8217;.<\/p>\n<\/div>\n<div><\/div>\n<div>\n<p>&#8230;De acordo com o trabalho da consultoria do Senado, o tributo tem efic\u00e1cia controversa. Na Europa ocidental, s\u00f3 B\u00e9lgica, Portugal e Reino Unido nunca o adotaram. O Reino Unido, contudo, assim como os EUA, tem uma carga de at\u00e9 40% sobre heran\u00e7as.<\/p>\n<\/div>\n<div>\n<p><a href=\"https:\/\/avaazdo.s3.amazonaws.com\/00810a382e90c8fe9135b7ac94b9c0dd.jpg\" target=\"_blank\"><img decoding=\"async\" class=\"CToWUd\" src=\"https:\/\/ci6.googleusercontent.com\/proxy\/lmNOxeYjogbKGZJ-KN806K7lhzsccpXS3jeaz4VE49wKP_xAG6uopPTuwiqJGSbCNNnG-xbqdOGJUGRoRdWlpR5K57F1vV-6RPwIpzn0bheebFgr03uU1DeEgQ=s0-d-e1-ft#https:\/\/avaazdo.s3.amazonaws.com\/00810a382e90c8fe9135b7ac94b9c0dd.jpg\" alt=\"\" border=\"0\" \/><\/a><\/p>\n<\/div>\n<div>\n<p>Na Am\u00e9rica do Sul, Uruguai, Argentina e Col\u00f4mbia tamb\u00e9m contam com o IGF.<\/p>\n<\/div>\n<div>\n<p>&#8230;Para chegar ao valor de at\u00e9 R$ 6 bilh\u00f5es, os consultores do Senado se basearam em declara\u00e7\u00f5es de IR das pessoas f\u00edsicas de 2013 e num relat\u00f3rio do banco Credit Suisse sobre a riqueza mundial.<\/p>\n<\/div>\n<div><\/div>\n<div>\n<p>Segundo o Credit Suisse, o 0,2% mais rico da popula\u00e7\u00e3o brasileira, cerca de 221 mil contribuintes, detinham em 2013 mais de US$ 1 milh\u00e3o, o que corresponderia hoje a pouco mais de R$ 3 milh\u00f5es.<\/p>\n<\/div>\n<div><\/div>\n<div>\n<p>Se fosse aplicada sobre essa base m\u00ednima uma al\u00edquota de 1,5%, chegaria-se a algo pr\u00f3ximo a R$ 10 bilh\u00f5es.<\/p>\n<\/div>\n<div><\/div>\n<div>\n<p>Os t\u00e9cnicos do Senado ressaltaram, por\u00e9m, que fatores como transfer\u00eancia de recursos para outros pa\u00edses e im\u00f3veis declarados abaixo do mercado poderiam diminuir drasticamente esse n\u00famero.<\/p>\n<\/div>\n<div><\/div>\n<div>\n<p>A pedido da\u00a0<b><u>Folha<\/u><\/b>, dois economistas avaliaram os c\u00e1lculos do Senado e conclu\u00edram que o valor de R$ 6 bilh\u00f5es \u00e9 fact\u00edvel, apesar da precariedade dos dados dispon\u00edveis no Brasil&#8230;<b><span style=\"color: #ff0000; font-family: Verdana, sans-serif; font-size: x-large;\">&#8220;<\/span><\/b><\/p>\n<\/div>\n<div>\n<p><a href=\"http:\/\/api.ning.com\/files\/OaLCeaCg49iuy-ukCEEoGfdYYYQYnHTQJgr9qXVGR1gAgpJhEpuXb7gffs5P0BO*WGUp51cTCDRAXtuwZ7iuX4YPZcYzRWj-\/nemqueavacatussa.jpg\" target=\"_blank\"><img loading=\"lazy\" decoding=\"async\" class=\"CToWUd\" src=\"https:\/\/ci4.googleusercontent.com\/proxy\/ay3MMR6-LzUw_U78WI0R25_2xxaq1UppFwPSyV4AwWVFg3Agxpn4ZojUtC5XA6y9CcLDQe5vhKaK2nOesZr1g1IeuyUHX8IdNh0wwjhcNIYsF912fRGdscayTkmKGC4mkpkWrlWog8MJDhfXf8qESZ3PcIHmPAgo-dfPxsE9_WeYbDhIRJcC1IcgpuNUCKv26GngQEXCxsX1aeB1IAKwPT38qnpRQshfcj5Fad6WbKUWRfl-vLe8sA12YyYHMCLq-jeoOWTuTNB-xnX5ai7Yagor78BfLvx02un82A7s1CUI3_LoqTAFZ6-OjqU6dYj24N6JDbp3Azs8TdRP4XVqQ-8AeBky8_XK2wN_JcRIECTCuZtmje8tfQ1dy1h8Aap1KyhbW0qxHdtlIzFbsQ=s0-d-e1-ft#https:\/\/images-blogger-opensocial.googleusercontent.com\/gadgets\/proxy?url=http%3A%2F%2Fapi.ning.com%2Ffiles%2FOaLCeaCg49iuy-ukCEEoGfdYYYQYnHTQJgr9qXVGR1gAgpJhEpuXb7gffs5P0BO*WGUp51cTCDRAXtuwZ7iuX4YPZcYzRWj-%2Fnemqueavacatussa.jpg&amp;container=blogger&amp;gadget=a&amp;rewriteMime=image%2F*\" alt=\"\" width=\"400\" height=\"265\" border=\"0\" \/><\/a><\/p>\n<p><b><span style=\"color: #38761d; font-size: x-large;\">Ou seja, fica comprovado pela en\u00e9sima vez que as grandes decis\u00f5es econ\u00f4micas s\u00e3o tomadas em base pol\u00edtica. Ministros neoliberais como o Joaquim Levy preferem tosquiar os 52 milh\u00f5es de trabalhadores do mercado formal e os 33 milh\u00f5es de aposentados e pensionistas do que arrancar um tiquinho de grana dos 221 mil privilegiados que a t\u00eam em demasia.<\/span><\/b><\/p>\n<\/div>\n<div><\/div>\n<div>\n<p><b><span style=\"color: #38761d; font-family: Times, 'Times New Roman', serif; font-size: x-large;\">Isto diz tudo sobre a pol\u00edtica econ\u00f4mica de Dilma.2: a op\u00e7\u00e3o preferencial pelos abastados, mandando \u00e0s urtigas os 85 milh\u00f5es de brasileiros que n\u00e3o possuem US$ 1 milh\u00e3o declarados.<\/span><\/b><\/p>\n<\/div>\n<div><\/div>\n<div>\n<p><b><span style=\"color: #38761d; font-family: Times, 'Times New Roman', serif; font-size: x-large;\">E que, carentes de bons advogados e outras facilidades propiciadas pela\u00a0<i>boa fortuna<\/i>, s\u00e3o incapazes de manter longe das garras do Fisco cerca de 40% de seus bens, como os rica\u00e7os conseguem com um p\u00e9 nas costas.\u00a0<\/span><\/b><\/p>\n<\/div>\n<div>\n<p><a href=\"http:\/\/www.municipiosbaianos.com.br\/painel\/noticias\/imagens\/fotos\/a%20charge%20de%20dilma%20sem%20se%20%20preocupar.jpg\" target=\"_blank\"><img loading=\"lazy\" decoding=\"async\" class=\"CToWUd\" src=\"https:\/\/ci3.googleusercontent.com\/proxy\/-0uUbTv9jhESkRctmhhArqihfaHxabsd80c9AgkQW_SIfol6UZQl4Wv11oXhhkTvdb4EtXiMeyD3CM4AUbx-hlPaugiFynb9GSWMIuQnHuVdf2LoJY8Z-7s5wLT4_STVGgAmPSfvcZjg34WnZBvAn-daTXxvNjjwYNHJmsW7rP3Yp8vSPPD2bP1qpKqaYdPVPa6yAO6V8Rx8qaXmafvIx97WFm_AFV0nA7gcjTi0nf3BaCrV7q8jRZurmheOOvUr-AbZ7Lqjjuo-lBEHbrAvz16GRy58Ag8N6HXsHMDk9bRyFK0h4hd31Zu4Ku_3PRXoHp3PzMNREiz1HfyWR1QUwzylYwOilXJkGumGuidEH2sRL18cBJ8akMJN4elTMWNJ1DLg_tEDdA=s0-d-e1-ft#https:\/\/images-blogger-opensocial.googleusercontent.com\/gadgets\/proxy?url=http%3A%2F%2Fwww.municipiosbaianos.com.br%2Fpainel%2Fnoticias%2Fimagens%2Ffotos%2Fa%2520charge%2520de%2520dilma%2520sem%2520se%2520%2520preocupar.jpg&amp;container=blogger&amp;gadget=a&amp;rewriteMime=image%2F*\" alt=\"\" width=\"400\" height=\"244\" border=\"0\" \/><\/a><\/p>\n<\/div>\n<div>\n<p><b><span style=\"color: #38761d; font-family: Times, 'Times New Roman', serif; font-size: x-large;\">J\u00e1 pensaram se, al\u00e9m de impor-lhes uma al\u00edquota de 1,5%, a Receita aplicasse pesadas multas a quem h\u00e1 muito tempo sonega muita grana declarando im\u00f3veis abaixo do valor de mercado? A\u00ed, seguramente, se chegaria a um valor maior ainda do que o governo obter\u00e1 garfando os pobres e os\u00a0<i>remediados<\/i>.\u00a0<\/span><\/b><\/p>\n<\/div>\n<div><\/div>\n<div>\n<p><b><span style=\"color: #38761d; font-family: Times, 'Times New Roman', serif; font-size: x-large;\">E a presidenta Dilma n\u00e3o precisaria estar desonrando suas solenes promessas de campanha. Lembram daquela frase lapidar dela, &#8220;lei de f\u00e9rias, 13\u00ba, fundo de garantia, hora-extra, isso n\u00e3o mudo nem que a vaca tussa&#8221;? Pois \u00e9, a coitada da ruminante est\u00e1 se arrebentando de tossir&#8230;<\/span><\/b><\/p>\n<\/div>\n<div><\/div>\n<div>\n<p><b><span style=\"color: #38761d; font-family: Times, 'Times New Roman', serif; font-size: x-large;\">Salta aos olhos que a presidenta Dilma prefere agradar aos 0,2% de apaniguados que controlam a grande imprensa e a maioria dos pol\u00edticos, pois sabe que deles, em \u00faltima an\u00e1lise, depende sua perman\u00eancia ou n\u00e3o no Pal\u00e1cio do Planalto at\u00e9 o final do mandato.<\/span><\/b><\/p>\n<\/div>\n<div>\n<p><a href=\"http:\/\/www.ivanvalente.com.br\/wp-content\/uploads\/2015\/04\/levy.jpg\" target=\"_blank\"><span style=\"font-family: Times, 'Times New Roman', serif;\"><img loading=\"lazy\" decoding=\"async\" class=\"CToWUd\" src=\"https:\/\/ci4.googleusercontent.com\/proxy\/FFXg-BelP4ZT_6g-FwyPI_rIwWMH9MydKBo5A9ujxjlcSmbmmFLS4_s3sW2j1AF7C4JwF416j7rP2EEheiiB4a0LsG665oAMV9e4BzXcjBggoYyD2E5iB3PtRJQnb9qboSQitlGmORm8gAcHTyIuvUApptJmct1D-hupjk1ZRaVsJm4MECADwMLBv3GQfYjKY3aqt18u3IeUJ0sCzSbFDIcp50AdMywIhKhZuo4iVy6RFe_Ui4w8LEBjL6EMTReeh0bJWEfZNND1bDH6L2c6-xeo2aF-Nee1xyv_NgHy9TTb59M=s0-d-e1-ft#https:\/\/images-blogger-opensocial.googleusercontent.com\/gadgets\/proxy?url=http%3A%2F%2Fwww.ivanvalente.com.br%2Fwp-content%2Fuploads%2F2015%2F04%2Flevy.jpg&amp;container=blogger&amp;gadget=a&amp;rewriteMime=image%2F*\" alt=\"\" width=\"400\" height=\"173\" border=\"0\" \/><\/span><\/a><\/p>\n<\/div>\n<div>\n<p><b><span style=\"color: #38761d; font-size: x-large;\"><span style=\"font-family: Times, 'Times New Roman', serif;\">E Levy continua defendendo os interesses que sempre defendeu &#8211;em\u00a0<\/span><u><span style=\"font-family: Verdana, sans-serif;\">posi\u00e7\u00f5es subalternas<\/span><\/u><span style=\"font-family: Times, 'Times New Roman', serif;\">, ressalte-se, seja no Fundo Monet\u00e1rio Internacional, seja no Bradesco.\u00a0<\/span><\/span><\/b><\/p>\n<\/div>\n<div><\/div>\n<div>\n<p><b><span style=\"color: #38761d;\"><span style=\"font-family: Times, 'Times New Roman', serif; font-size: x-large;\">Est\u00e1 longe de ser um Milton Friedman (o principal conselheiro econ\u00f4mico do ex-presidente estadunidense Ronald Reagan), tem mais o perfil de subcarimbador interino da equipe do Friedman. O r\u00f3tulo de &#8216;<\/span><span style=\"font-family: Verdana, sans-serif;\"><span style=\"font-size: x-large;\">Chicago\u00a0<\/span><span style=\"font-size: xx-large;\"><u><i>boy<\/i><\/u><\/span><\/span><span style=\"font-family: Times, 'Times New Roman', serif; font-size: xx-large;\">&#8216;\u00a0<\/span><\/span><span style=\"color: #38761d; font-family: Times, 'Times New Roman', serif; font-size: x-large;\">lhe cai \u00e0s mil maravilhas..<\/span><span style=\"color: #38761d; font-family: Times, 'Times New Roman', serif;\"><span style=\"font-size: large;\">.<\/span><\/span><\/b><\/p>\n<p><strong><span style=\"color: #cc0000;\">OUTROS TEXTOS RECENTES DO BLOGUE\u00a0N\u00c1UFRAGO DA UTOPIA\u00a0(clique p\/ abrir):<\/span><\/strong><\/p>\n<\/div>\n<\/div>\n<div>\n<p><strong><span style=\"font-family: 'arial black', sans-serif;\"><u><span style=\"color: #0b5394; font-size: xx-small;\"><a href=\"http:\/\/naufrago-da-utopia.blogspot.com.br\/2015\/05\/a-praca-e-do-povo-como-o-ceu-e-do.html\" target=\"_blank\">A PRA\u00c7A \u00c9 DO POVO, COMO O C\u00c9U \u00c9 DO CONDOR. OS PAL\u00c1CIOS S\u00c3O DA ELITE, COMO O ESGOTO \u00c9 DOS RATOS.<\/a><\/span><\/u><\/span><\/strong><\/p>\n<p><strong><span style=\"font-family: 'arial black', sans-serif;\"><u><span style=\"color: #0b5394; font-size: xx-small;\"><a href=\"http:\/\/naufrago-da-utopia.blogspot.com.br\/2015\/05\/a-adeg-informa-substituicao-no-pt-sai.html\" target=\"_blank\">A ADEG INFORMA: SUBSTITUI\u00c7\u00c3O NO PT. SAI MARX, ENTRA FRIEDMAN.<\/a><\/span><\/u><\/span><\/strong><\/p>\n<p><strong><span style=\"font-family: 'arial black', sans-serif;\"><u><span style=\"color: #0b5394; font-size: xx-small;\"><a href=\"http:\/\/naufrago-da-utopia.blogspot.com.br\/2015\/05\/la-vai-dilma-descendo-ladeira.html\" target=\"_blank\">DILMA GARANTE QUE IR\u00c1 DE M\u00c3OS DADAS COM O LEVY AT\u00c9 O FUNDO DO PO\u00c7O<\/a><\/span><\/u><\/span><\/strong><\/p>\n<p><b><span style=\"color: #0b5394; font-family: 'arial black', sans-serif; font-size: xx-small;\"><a href=\"http:\/\/naufrago-da-utopia.blogspot.com.br\/2015\/05\/esquerdistas-que-nao-venderam-suas.html\" target=\"_blank\">ESQUERDISTAS QUE N\u00c3O VENDERAM SUAS ALMAS DIZEM &#8220;N\u00c3O!&#8221; AO ARROCHO FISCAL DE DILMA &amp; LEVY<\/a><\/span><\/b><\/p>\n<p><strong><span style=\"font-family: 'arial black', sans-serif;\"><u><span style=\"color: #0b5394; font-size: xx-small;\"><a href=\"http:\/\/naufrago-da-utopia.blogspot.com.br\/2015\/05\/o-brasil-em-compasso-de-espera.html\" target=\"_blank\">O BRASIL EM COMPASSO DE ESPERA<\/a><\/span><\/u><\/span><\/strong><\/p>\n<p><b><a href=\"http:\/\/naufrago-da-utopia.blogspot.com.br\/2015\/05\/sentenca-iniqua-retardara-mais-um-pouco.html\" target=\"_blank\"><span style=\"color: #0b5394; font-family: 'arial black', sans-serif; font-size: xx-small;\">O EX\u00c9RCITO O EXECUTOU. OS CLUBES MILITARES TORTURAM SUA FAM\u00cdLIA.<\/span><\/a><\/b><\/p>\n<\/div>\n<\/div>\n","protected":false},"excerpt":{"rendered":"<p>A OP\u00c7\u00c3O PREFERENCIAL DE DILMA &amp; LEVY \u00c9 PELOS RICA\u00c7OS<\/p>\n","protected":false},"author":3,"featured_media":0,"comment_status":"closed","ping_status":"closed","sticky":false,"template":"","format":"standard","meta":{"_jetpack_newsletter_access":"","_jetpack_dont_email_post_to_subs":false,"_jetpack_newsletter_tier_id":0,"_jetpack_memberships_contains_paywalled_content":false,"_jetpack_memberships_contains_paid_content":false,"footnotes":""},"categories":[7],"tags":[1797],"class_list":["post-2014","post","type-post","status-publish","format-standard","hentry","category-comunicacao","tag-celso-lungaretti"],"aioseo_notices":[],"views":0,"jetpack_featured_media_url":"","jetpack_sharing_enabled":true,"jetpack_likes_enabled":true,"jetpack-related-posts":[{"id":4487,"url":"https:\/\/jornalrol.com.br\/?p=4487","url_meta":{"origin":2014,"position":0},"title":"Artigo de Celso Lungaretti: &#039;DILMA, LULA E MORO: N\u00c3O H\u00c1 INOCENTE NESTE IMBROGLIO!&#039;","author":"Helio Rubens","date":"21 de mar\u00e7o de 2016","format":false,"excerpt":"Celso Lungaretti -\u00a0TR\u00caS PERDIDOS NUMA NOITE SUJA O\u00a0que ocorreu na \u00faltima 4\u00aa feira (16\/03) foi o abuso de poder de um juiz reagindo ao abuso de poder de uma presidente da Rep\u00fablica para livrar a cara de um ex-presidente da Rep\u00fablica. Por Celso Lungaretti, no blogue\u00a0N\u00e1ufrago da Utopia. Mesmo que\u2026","rel":"","context":"Em &quot;Comunica\u00e7\u00e3o&quot;","block_context":{"text":"Comunica\u00e7\u00e3o","link":"https:\/\/jornalrol.com.br\/?cat=7"},"img":{"alt_text":"","src":"","width":0,"height":0},"classes":[]},{"id":4503,"url":"https:\/\/jornalrol.com.br\/?p=4503","url_meta":{"origin":2014,"position":1},"title":"Artigo e Celso Lungaretti: &#039;O USO DO CACHIMBO FAZ A BOCA TORTA: GOVERNO AGORA EXUMA E REAPROVEITA OS CLICH\u00caS DA DITADURA MILITAR!&#039;","author":"Helio Rubens","date":"22 de mar\u00e7o de 2016","format":false,"excerpt":"Celso Lungaretti -\u00a0PEGAR DILMA NA MENTIRA \u00c9 AMEA\u00c7AR A SEGURAN\u00c7A NACIONAL?! FAL\u00c1 S\u00c9RIO... \u00a0 Por Celso Lungaretti, no blogue\u00a0N\u00e1ufrago da Utopia. Se dizer as mais crassas asneiras sujeitasse presidente a impeachment, a Dilma estaria mais encalacrada ainda do que j\u00e1 est\u00e1. Como brasileiro, sinto imensa vergonha cada vez que ela\u2026","rel":"","context":"Em &quot;Comunica\u00e7\u00e3o&quot;","block_context":{"text":"Comunica\u00e7\u00e3o","link":"https:\/\/jornalrol.com.br\/?cat=7"},"img":{"alt_text":"","src":"","width":0,"height":0},"classes":[]},{"id":4452,"url":"https:\/\/jornalrol.com.br\/?p=4452","url_meta":{"origin":2014,"position":2},"title":"Celso Lungaretti: &#039;DILMA, ACABOU.\u00a0&#039;","author":"Helio Rubens","date":"17 de mar\u00e7o de 2016","format":false,"excerpt":"N\u00c3O TEM MAIS JEITO. \u00a0 Por Celso Lungaretti, no blogue\u00a0N\u00e1ufrago da Utopia. Dilma, acabou. N\u00e3o tem mais jeito. Voc\u00ea fez hoje o que decerto n\u00e3o fazia no tempo em que ambos \u00e9ramos militantes da VAR-Palmares: numa conversa que poderia ser interceptada, deu nome aos bois ao inv\u00e9s de passar o\u2026","rel":"","context":"Em &quot;Comunica\u00e7\u00e3o&quot;","block_context":{"text":"Comunica\u00e7\u00e3o","link":"https:\/\/jornalrol.com.br\/?cat=7"},"img":{"alt_text":"","src":"https:\/\/ci4.googleusercontent.com\/proxy\/7nMTjVScygVQxIy4twmNgpyWSlE4XUFE_PN9mZ6Nda-8WY5B6mn213vIbASf59fDb8odsvt9DsssykjyR0zxwcHZyHd2DTzm8pM17YSR06nz_sez1vAwW1KMnH_e0-hW_Cz5myrnpZ-K06jm_iiaKPAemBD2zLgMXkLLhW2_hmN7nCgIZB73Yl6TGgwMA85Xe6R0AIy3wwrhGIUBp3iTOwW4oZ71O-hCeSdmIjVus5e7cdQWSoGJDfYYmh96y_oeKAIB4kLY5XiM=s0-d-e1-ft#https:\/\/images-blogger-opensocial.googleusercontent.com\/gadgets\/proxy?url=http%3A%2F%2Fwww.mdig.com.br%2Fmedia%2F10680%2FLula.jpg&container=blogger&gadget=a&rewriteMime=image%2F*","width":350,"height":200},"classes":[]},{"id":4782,"url":"https:\/\/jornalrol.com.br\/?p=4782","url_meta":{"origin":2014,"position":3},"title":"Artigo de Celso Lungaretti: &#039;IMPOSS\u00cdVEL COM DILMA, RUIM COM TEMER, MELHOR COM NOVA ELEI\u00c7\u00c3O. MAS OS POL\u00cdTICOS PODEM INVIABILIZAR TAL OP\u00c7\u00c3O, COMO FIZERAM COM AS &quot;DIRETAS J\u00c1&quot; DE 1984&#039;","author":"Helio Rubens","date":"30 de abril de 2016","format":false,"excerpt":"Celso Lungaretti:\u00a0DESEMPREGO DISPARA. E DILMA CONTINUA AGINDO COMO CONV\u00c9M PARA O TEMER Por Celso Lungaretti, no blogue\u00a0N\u00e1ufrago da Utopia. Enquanto se discute Dilma x Temer como se a op\u00e7\u00e3o fosse entre m\u00e9ritos e dem\u00e9ritos pessoais, a recess\u00e3o continua se aprofundando e conduzindo o povo brasileiro \u00e0 pen\u00faria e ao desespero.\u2026","rel":"","context":"Em &quot;Comunica\u00e7\u00e3o&quot;","block_context":{"text":"Comunica\u00e7\u00e3o","link":"https:\/\/jornalrol.com.br\/?cat=7"},"img":{"alt_text":"","src":"https:\/\/ci4.googleusercontent.com\/proxy\/eujO86rTugcYcxxrGAeDW2E8qFrkTVo2i-sMel6pxYoOj7I5CK65bpkq-jI3mV7POIGeXpkwjb9BTujPMCJlgRt3hc24O9MJY_uvInIjlNeCYO4kCjSmOZS6cN3gRctLFkUVSsUcVpYQpQ68GcDsodqOrrw1xzLQ2LOMSYQy4AyIsCnmo8xzk4cSf9GK4W7LhIaU_7_3gjma8wBWJVBs-6zConQqzEKf22141f20Aa2EzXMaklgaLPmQyDZDCO35k2jHhDKRUCGPJKlM_fGa2MWRCTt0hzfGag3lOZb_nGPIjIC9N0wxQKSPEORpbRJb7smT6bAp5aJIi-gkjJ5s52C9zzPJLGh-St-AFt7Mu4UkdAQsayPXv9MdEK7A2XiljtWYdQ=s0-d-e1-ft#https:\/\/images-blogger-opensocial.googleusercontent.com\/gadgets\/proxy?url=http%3A%2F%2Fstatic1.jornalmetro.com.br%2Fwp-content%2Fuploads%2F2014%2F09%2Fcarteira-de-trabalho-emprego-desemprego-industria-mercado-980x345.jpg&container=blogger&gadget=a&rewriteMime=image%2F*","width":350,"height":200,"srcset":"https:\/\/ci4.googleusercontent.com\/proxy\/eujO86rTugcYcxxrGAeDW2E8qFrkTVo2i-sMel6pxYoOj7I5CK65bpkq-jI3mV7POIGeXpkwjb9BTujPMCJlgRt3hc24O9MJY_uvInIjlNeCYO4kCjSmOZS6cN3gRctLFkUVSsUcVpYQpQ68GcDsodqOrrw1xzLQ2LOMSYQy4AyIsCnmo8xzk4cSf9GK4W7LhIaU_7_3gjma8wBWJVBs-6zConQqzEKf22141f20Aa2EzXMaklgaLPmQyDZDCO35k2jHhDKRUCGPJKlM_fGa2MWRCTt0hzfGag3lOZb_nGPIjIC9N0wxQKSPEORpbRJb7smT6bAp5aJIi-gkjJ5s52C9zzPJLGh-St-AFt7Mu4UkdAQsayPXv9MdEK7A2XiljtWYdQ=s0-d-e1-ft#https:\/\/images-blogger-opensocial.googleusercontent.com\/gadgets\/proxy?url=http%3A%2F%2Fstatic1.jornalmetro.com.br%2Fwp-content%2Fuploads%2F2014%2F09%2Fcarteira-de-trabalho-emprego-desemprego-industria-mercado-980x345.jpg&container=blogger&gadget=a&rewriteMime=image%2F* 1x, https:\/\/ci4.googleusercontent.com\/proxy\/eujO86rTugcYcxxrGAeDW2E8qFrkTVo2i-sMel6pxYoOj7I5CK65bpkq-jI3mV7POIGeXpkwjb9BTujPMCJlgRt3hc24O9MJY_uvInIjlNeCYO4kCjSmOZS6cN3gRctLFkUVSsUcVpYQpQ68GcDsodqOrrw1xzLQ2LOMSYQy4AyIsCnmo8xzk4cSf9GK4W7LhIaU_7_3gjma8wBWJVBs-6zConQqzEKf22141f20Aa2EzXMaklgaLPmQyDZDCO35k2jHhDKRUCGPJKlM_fGa2MWRCTt0hzfGag3lOZb_nGPIjIC9N0wxQKSPEORpbRJb7smT6bAp5aJIi-gkjJ5s52C9zzPJLGh-St-AFt7Mu4UkdAQsayPXv9MdEK7A2XiljtWYdQ=s0-d-e1-ft#https:\/\/images-blogger-opensocial.googleusercontent.com\/gadgets\/proxy?url=http%3A%2F%2Fstatic1.jornalmetro.com.br%2Fwp-content%2Fuploads%2F2014%2F09%2Fcarteira-de-trabalho-emprego-desemprego-industria-mercado-980x345.jpg&container=blogger&gadget=a&rewriteMime=image%2F* 1.5x, https:\/\/ci4.googleusercontent.com\/proxy\/eujO86rTugcYcxxrGAeDW2E8qFrkTVo2i-sMel6pxYoOj7I5CK65bpkq-jI3mV7POIGeXpkwjb9BTujPMCJlgRt3hc24O9MJY_uvInIjlNeCYO4kCjSmOZS6cN3gRctLFkUVSsUcVpYQpQ68GcDsodqOrrw1xzLQ2LOMSYQy4AyIsCnmo8xzk4cSf9GK4W7LhIaU_7_3gjma8wBWJVBs-6zConQqzEKf22141f20Aa2EzXMaklgaLPmQyDZDCO35k2jHhDKRUCGPJKlM_fGa2MWRCTt0hzfGag3lOZb_nGPIjIC9N0wxQKSPEORpbRJb7smT6bAp5aJIi-gkjJ5s52C9zzPJLGh-St-AFt7Mu4UkdAQsayPXv9MdEK7A2XiljtWYdQ=s0-d-e1-ft#https:\/\/images-blogger-opensocial.googleusercontent.com\/gadgets\/proxy?url=http%3A%2F%2Fstatic1.jornalmetro.com.br%2Fwp-content%2Fuploads%2F2014%2F09%2Fcarteira-de-trabalho-emprego-desemprego-industria-mercado-980x345.jpg&container=blogger&gadget=a&rewriteMime=image%2F* 2x"},"classes":[]},{"id":4399,"url":"https:\/\/jornalrol.com.br\/?p=4399","url_meta":{"origin":2014,"position":4},"title":"Artigo Celso Lungaretti: &#039;OS TUCANOS E O PMDB J\u00c1 DISCUTEM A PARTILHA DO PODER: MAS, A DILMA AINDA TEM UMA CARTA PARA JOGAR: PODE PROPOR-SE A RENUNCIAR JUNTAMENTE COM O TEMER&#039;","author":"Helio Rubens","date":"12 de mar\u00e7o de 2016","format":false,"excerpt":"Celso Lungaretti:\u00a0DILMA: N\u00c3O DEIXE A MONTANHA PARIR UM TEMER, OU SEU FRACASSO SER\u00c1 TOTAL! Por Celso Lungaretti, no blogue\u00a0N\u00e1ufrago da Utopia \u00a0 Os ratos da pol\u00edtica, assim como os de esgoto, sabem muito bem qual \u00e9 a hora de procurar comida e quando importa mais garantirem sua sobreviv\u00eancia. Assim, ap\u00f3s\u2026","rel":"","context":"Em &quot;Comunica\u00e7\u00e3o&quot;","block_context":{"text":"Comunica\u00e7\u00e3o","link":"https:\/\/jornalrol.com.br\/?cat=7"},"img":{"alt_text":"","src":"https:\/\/ci4.googleusercontent.com\/proxy\/0VwHS0rNWrisvkAKxLjtJmA5OTvq-SiBgrQ6Wl4y5qiViEW0RFQX7ukRfq0jeJePv-rhwX72sPBpbp6SXzxb7CPYL9Dss5vFjS4gL1KFRdmDjEcNSExy9ndYyMphAkfnKLi3rYk6L4IgAHjZKHKjkaQMu9-5u7RrWx30tmtbdk2MzoK0cq0EF9nLk6CIU3mb1DW7Afhp8SCTf--tv0AP__LO1gXb9bkomdTNJNJCa95rqXIwBu5UhHH9dBq1Sbr8VYssTHmxy1ksSXByoKicssnAddfvY4nVdgQWfn0KKRrU4bOYES3fmLg-MA=s0-d-e1-ft#https:\/\/images-blogger-opensocial.googleusercontent.com\/gadgets\/proxy?url=http%3A%2F%2Fwww.sempredigo.com.br%2Fwp-content%2Fuploads%2Ffrase-de-getulho-vargas-6.jpg&container=blogger&gadget=a&rewriteMime=image%2F*","width":350,"height":200},"classes":[]},{"id":4423,"url":"https:\/\/jornalrol.com.br\/?p=4423","url_meta":{"origin":2014,"position":5},"title":"Artigo de Celso Lungaretti: &#039;DA RAINHA DA INGLATERRA PARA DILMA: &quot;EU SOU VOC\u00ca AMANH\u00c3&quot;","author":"Helio Rubens","date":"15 de mar\u00e7o de 2016","format":false,"excerpt":"Celso Lungaretti\\;\u00a0DILMA CAI!!! Por Celso Lungaretti, no blogue\u00a0N\u00e1ufrago da Utopia. Foi um fim de semana decisivo: as centenas de convencionais do PMDB e os milh\u00f5es de manifestantes contra o governo de Dilma Rousseff conseguiram afast\u00e1-la do exerc\u00edcio efetivo da Presid\u00eancia da Rep\u00fablica. Com a exasperante lerdeza de racioc\u00ednio que a\u2026","rel":"","context":"Em &quot;Comunica\u00e7\u00e3o&quot;","block_context":{"text":"Comunica\u00e7\u00e3o","link":"https:\/\/jornalrol.com.br\/?cat=7"},"img":{"alt_text":"","src":"https:\/\/i0.wp.com\/2.bp.blogspot.com\/-i8FxARX4IKw\/U25ABamDG5I\/AAAAAAAAL9M\/jFzs-fgDynI\/s1600\/dilma%2Bescorrega.JPG?resize=350%2C200&ssl=1","width":350,"height":200,"srcset":"https:\/\/i0.wp.com\/2.bp.blogspot.com\/-i8FxARX4IKw\/U25ABamDG5I\/AAAAAAAAL9M\/jFzs-fgDynI\/s1600\/dilma%2Bescorrega.JPG?resize=350%2C200&ssl=1 1x, https:\/\/i0.wp.com\/2.bp.blogspot.com\/-i8FxARX4IKw\/U25ABamDG5I\/AAAAAAAAL9M\/jFzs-fgDynI\/s1600\/dilma%2Bescorrega.JPG?resize=525%2C300&ssl=1 1.5x"},"classes":[]}],"_links":{"self":[{"href":"https:\/\/jornalrol.com.br\/index.php?rest_route=\/wp\/v2\/posts\/2014","targetHints":{"allow":["GET"]}}],"collection":[{"href":"https:\/\/jornalrol.com.br\/index.php?rest_route=\/wp\/v2\/posts"}],"about":[{"href":"https:\/\/jornalrol.com.br\/index.php?rest_route=\/wp\/v2\/types\/post"}],"author":[{"embeddable":true,"href":"https:\/\/jornalrol.com.br\/index.php?rest_route=\/wp\/v2\/users\/3"}],"replies":[{"embeddable":true,"href":"https:\/\/jornalrol.com.br\/index.php?rest_route=%2Fwp%2Fv2%2Fcomments&post=2014"}],"version-history":[{"count":0,"href":"https:\/\/jornalrol.com.br\/index.php?rest_route=\/wp\/v2\/posts\/2014\/revisions"}],"wp:attachment":[{"href":"https:\/\/jornalrol.com.br\/index.php?rest_route=%2Fwp%2Fv2%2Fmedia&parent=2014"}],"wp:term":[{"taxonomy":"category","embeddable":true,"href":"https:\/\/jornalrol.com.br\/index.php?rest_route=%2Fwp%2Fv2%2Fcategories&post=2014"},{"taxonomy":"post_tag","embeddable":true,"href":"https:\/\/jornalrol.com.br\/index.php?rest_route=%2Fwp%2Fv2%2Ftags&post=2014"}],"curies":[{"name":"wp","href":"https:\/\/api.w.org\/{rel}","templated":true}]}}