{"id":2022,"date":"2015-05-30T01:05:19","date_gmt":"2015-05-30T04:05:19","guid":{"rendered":"http:\/\/www.jornalrol.com.br\/?p=2022"},"modified":"2015-05-30T01:05:19","modified_gmt":"2015-05-30T04:05:19","slug":"itapetininga-tem-programacao-especial-na-semana-do-meio-ambiente","status":"publish","type":"post","link":"https:\/\/jornalrol.com.br\/?p=2022","title":{"rendered":"Itapetininga tem programa\u00e7\u00e3o especial na Semana do Meio Ambiente"},"content":{"rendered":"<div class=\"pdfprnt-buttons pdfprnt-buttons-post pdfprnt-top-right\"><a href=\"https:\/\/jornalrol.com.br\/index.php?rest_route=%2Fwp%2Fv2%2Fposts%2F2022&print=pdf\" class=\"pdfprnt-button pdfprnt-button-pdf\" target=\"_blank\" ><\/a><a href=\"https:\/\/jornalrol.com.br\/index.php?rest_route=%2Fwp%2Fv2%2Fposts%2F2022&print=print\" class=\"pdfprnt-button pdfprnt-button-print\" target=\"_blank\" ><img decoding=\"async\" src=\"https:\/\/jornalrol.com.br\/wp-content\/plugins\/pdf-print\/images\/print.png\" alt=\"image_print\" title=\"Conte\u00fado de impress\u00e3o\" \/><\/a><\/div><p><strong>A Prefeitura de Itapetininga, atrav\u00e9s da secretaria municipal de Agricultura e Meio Ambiente e da Educa\u00e7\u00e3o, comemora a Semana do Meio Ambiente com programa\u00e7\u00e3o especial<\/strong><!--more--><\/p>\n<p>&nbsp;<\/p>\n<p>De hoje at\u00e9 o dia 3 de maio, palestras ser\u00e3o ministradas aos alunos da rede b\u00e1sica de educa\u00e7\u00e3o, abordando temas importantes e ressaltando a import\u00e2ncia em convivermos em harmonia com o Meio Ambiente.<\/p>\n<p>&nbsp;<\/p>\n<p style=\"text-align: center;\"><strong>Cronograma das apresenta\u00e7\u00f5es da 1\u00aa Semana do Meio Ambiente \u2013 Itapetininga-SP<\/strong><\/p>\n<p style=\"text-align: center;\"><span style=\"text-decoration: underline;\"><strong>Dia 29\/05\/2015<\/strong><\/span><\/p>\n<p><strong>MANH\u00c3<\/strong><\/p>\n<p>9h-<\/p>\n<p>Palestra na antiga C\u00e2mara Municipal com o ambientalista Gabriel Rezende.<\/p>\n<p>EMEF Hilda Weiss Trench .<\/p>\n<p>CEC Juliana Maria Casagrande.<\/p>\n<p><strong>TARDE<\/strong><\/p>\n<p>13h \u2013 Palestra na antiga C\u00e2mara Municipal com o T\u00e9cnico ambiental Edson Estanagel<\/p>\n<p>A partir das 13h a programa\u00e7\u00e3o se repete, contando tamb\u00e9m com a EMEF Loide Lara que apresentar\u00e1 teatro e dan\u00e7a.<\/p>\n<p>&nbsp;<\/p>\n<p style=\"text-align: center;\"><span style=\"text-decoration: underline;\"><strong>01\/06\/2015<\/strong><\/span><\/p>\n<p><strong>\u00a0<\/strong><\/p>\n<p><strong>MANH\u00c3<\/strong><\/p>\n<p>9h<\/p>\n<p>Palestra na antiga C\u00e2mara Municipal com representante da Secretaria do Meio Ambiente.<\/p>\n<p>EMEF Sra.Maria Gomes.<\/p>\n<p>EMEF Maria Aparecida Silva Brisola Franci<\/p>\n<p>CEC Iracema de Oliveira<\/p>\n<p>CEC Dorandino Vieira<\/p>\n<p><strong>\u00a0<\/strong><strong>TARDE<\/strong><\/p>\n<p>A partir das 13h<\/p>\n<p>Palestra na antiga C\u00e2mara Municipal com representante da Secretaria do Meio Ambiente.<\/p>\n<p>Repetem-se as apresenta\u00e7\u00f5es dos CECs Dorandino e Iracema de Oliveira<\/p>\n<p>EMEF Evanilde Shirley<\/p>\n<p style=\"text-align: center;\"><span style=\"text-decoration: underline;\"><strong>02\/06\/2015<\/strong><\/span><\/p>\n<p><strong>\u00a0<\/strong><strong>MANH\u00c3<\/strong><\/p>\n<p>EMEF Jos\u00e9 Lauro Ferreira<\/p>\n<p>EMEIF Eud\u00f3xia Ferraz<\/p>\n<p>CEC Iracema de Oliveira<\/p>\n<p>CEC Dorandino Vieira<\/p>\n<p>EMEF Hilda Weiss Trench<\/p>\n<p>EMEF Evanilde Shirley \u2013<\/p>\n<p>CEC Juliana Maria Casagrande.<\/p>\n<p><strong>TARDE<\/strong><\/p>\n<p>A partir das 13h<\/p>\n<p>13h30 \u2013 Palestra na antiga C\u00e2mara Municipal com o Sr. Abreu.<\/p>\n<p>Repete-se a programa\u00e7\u00e3o da manh\u00e3.<\/p>\n<p style=\"text-align: center;\"><span style=\"text-decoration: underline;\"><strong>03\/06\/2015<\/strong><\/span><\/p>\n<p><strong>\u00a0<\/strong><strong>Manh\u00e3<\/strong><\/p>\n<p><strong>\u00a0<\/strong>CEC Padre Pl\u00ednio Pereira Negr\u00e3o.<\/p>\n<p>CEC Am\u00e9lia Correia Franco<\/p>\n<p>EMEF Nazira Iared<\/p>\n<p><strong>Tarde<\/strong><\/p>\n<p>Palestra \u00e0s 13h30 com representante da Duratex<\/p>\n<p>EMEF Leonor Vieira Melin<\/p>\n<p>EMEF Maria Aparecida Silva Brisola Franci<\/p>\n<p>EMEF Nazira Iared<\/p>\n<p>EMEF Hilda Weiss Trench encerrando com a fanfarra.<\/p>\n<p>&nbsp;<\/p>\n","protected":false},"excerpt":{"rendered":"<p>A Prefeitura de Itapetininga, atrav\u00e9s da secretaria municipal de Agricultura e Meio Ambiente e da Educa\u00e7\u00e3o, comemora a Semana do Meio Ambiente com programa\u00e7\u00e3o especial<\/p>\n","protected":false},"author":3,"featured_media":0,"comment_status":"closed","ping_status":"closed","sticky":false,"template":"","format":"standard","meta":{"_jetpack_newsletter_access":"","_jetpack_dont_email_post_to_subs":false,"_jetpack_newsletter_tier_id":0,"_jetpack_memberships_contains_paywalled_content":false,"_jetpack_memberships_contains_paid_content":false,"footnotes":""},"categories":[7],"tags":[5537],"class_list":["post-2022","post","type-post","status-publish","format-standard","hentry","category-comunicacao","tag-meio-ambiente"],"aioseo_notices":[],"views":0,"jetpack_featured_media_url":"","jetpack_sharing_enabled":true,"jetpack_likes_enabled":true,"jetpack-related-posts":[{"id":2087,"url":"https:\/\/jornalrol.com.br\/?p=2087","url_meta":{"origin":2022,"position":0},"title":"Ser\u00e1 em Junho a 15a. EXPO-ECO, segundo o jornal Bem Estar","author":"Helio Rubens","date":"31 de maio de 2015","format":false,"excerpt":"Jornal Bem Estar, de Itapetininga Ocorrer\u00e1 no per\u00edodo de 01 a 13 de junho, na C\u00e2mara Municipal de Itapetininga, a 15\u00aa edi\u00e7\u00e3o da Expo Eco, com exposi\u00e7\u00e3o ecol\u00f3gica de fotos do meio ambiente de Itapetininga e regi\u00e3o, bem como exposi\u00e7\u00e3o de trabalhos e a\u00e7\u00f5es de diversas entidades voltadas ao meio\u2026","rel":"","context":"Em &quot;Comunica\u00e7\u00e3o&quot;","block_context":{"text":"Comunica\u00e7\u00e3o","link":"https:\/\/jornalrol.com.br\/?cat=7"},"img":{"alt_text":"Expo","src":"https:\/\/i0.wp.com\/www.jornalrol.com.br\/wp-content\/uploads\/2015\/05\/Expo-184x300.jpg?resize=350%2C200","width":350,"height":200},"classes":[]},{"id":10858,"url":"https:\/\/jornalrol.com.br\/?p=10858","url_meta":{"origin":2022,"position":1},"title":"Semana do Meio Ambiente ter\u00e1 em Itapetininga plantio de \u00e1rvore, doa\u00e7\u00e3o de mudas e coleta de \u00f3leo de cozinha","author":"Helio Rubens","date":"1 de junho de 2017","format":false,"excerpt":"A Prefeitura de Itapetininga ir\u00e1 realizar, de\u00a04 a\u00a010 de junho, a Semana do Meio Ambiente Est\u00e3o programados plantio e doa\u00e7\u00e3o de mudas, oficina de reaproveitamento de res\u00edduos s\u00f3lidos, coleta de \u00f3leo de cozinha, palestra sobre a posse respons\u00e1vel de c\u00e3es e gatos e montagem de lixeiras ecol\u00f3gicas. O evento tem\u2026","rel":"","context":"Em &quot;Comunica\u00e7\u00e3o&quot;","block_context":{"text":"Comunica\u00e7\u00e3o","link":"https:\/\/jornalrol.com.br\/?cat=7"},"img":{"alt_text":"","src":"","width":0,"height":0},"classes":[]},{"id":4849,"url":"https:\/\/jornalrol.com.br\/?p=4849","url_meta":{"origin":2022,"position":2},"title":"Programa\u00e7\u00e3o de Meio ambiente do Sesc de Sorocaba apresenta F\u00f3rum de Sustentabilidade e educa\u00e7\u00e3o ambiental","author":"Helio Rubens","date":"3 de maio de 2016","format":false,"excerpt":"Programa\u00e7\u00e3o de Meio ambiente do Sesc apresenta F\u00f3rum\u00a0de Sustentabilidade e educa\u00e7\u00e3o ambiental \u00a0 \u00a0 A quest\u00e3o ambiental possui diversos apelos e, por isso, neste m\u00eas de maio, o Sesc Sorocaba oferece ao p\u00fablico, credenciado e n\u00e3o credenciado, uma programa\u00e7\u00e3o especial voltada ao meio ambiente, com foco na sustentabilidade. \u00a0 Para\u2026","rel":"","context":"Em &quot;Comunica\u00e7\u00e3o&quot;","block_context":{"text":"Comunica\u00e7\u00e3o","link":"https:\/\/jornalrol.com.br\/?cat=7"},"img":{"alt_text":"","src":"","width":0,"height":0},"classes":[]},{"id":9425,"url":"https:\/\/jornalrol.com.br\/?p=9425","url_meta":{"origin":2022,"position":3},"title":"Tatui se prepara para comemorar o &#039;Dia do Planeta&#039;","author":"Helio Rubens","date":"13 de abril de 2017","format":false,"excerpt":"SECRETARIAS SE UNEM PARA COMEMORA\u00c7\u00c3O\u00a0AO DIA DO PLANETA TERRA De 10 a 12 de abril a Secretaria Municipal de Agricultura e Meio Ambiente, em parceria com a Secretaria de Educa\u00e7\u00e3o, realizou a Semana em Comemora\u00e7\u00e3o ao Dia do Planeta Terra. \u00a0 O Setor de Educa\u00e7\u00e3o Ambiental realizou palestras, gincanas e\u2026","rel":"","context":"Em &quot;Comunica\u00e7\u00e3o&quot;","block_context":{"text":"Comunica\u00e7\u00e3o","link":"https:\/\/jornalrol.com.br\/?cat=7"},"img":{"alt_text":"","src":"https:\/\/ci5.googleusercontent.com\/proxy\/2PI8UFiB-5WkfT0V7HxMyYAveSoNO8RsKb2APsJ0Zl79uaizi5o6H76L8-nIQM0RaVvw_XiOmY9za4xT9o941G_j_6sz6a2sTx61bKJ6Z1XHhIivqjF9moNyVV9Yv5MfecQbS3gu2FP4fs5xBJ_i_1_DOVGRtQH9xAa_F88YZPBzWmnh0MEyCZ-xUd8g_GBi=s0-d-e1-ft#http:\/\/assets.mktnaweb.com\/accounts\/2013\/06\/13\/17128\/pictures\/108\/original_DIA%20DO%20PLANETA%202%20%284%29.JPG?1492028238","width":350,"height":200},"classes":[]},{"id":9976,"url":"https:\/\/jornalrol.com.br\/?p=9976","url_meta":{"origin":2022,"position":4},"title":"Ufscar de Buri fecha parceria com UAB Polo Itapetininga","author":"Helio Rubens","date":"3 de maio de 2017","format":false,"excerpt":"Encontros ser\u00e3o realizados na sede da UAB \u00a0 Professores doutores da Ufscar (Universidade Federal de S\u00e3o Carlos) da unidade de Buri, Campus Lagoa do Sino, participaram\u00a0de uma audi\u00eancia com a Prefeita Simone Marquetto, realizada no Gabinete. O objetivo do encontro foi fechar uma parceria entre a unidade e a UAB\u2026","rel":"","context":"Em &quot;Comunica\u00e7\u00e3o&quot;","block_context":{"text":"Comunica\u00e7\u00e3o","link":"https:\/\/jornalrol.com.br\/?cat=7"},"img":{"alt_text":"","src":"https:\/\/i0.wp.com\/www.jornalrol.com.br\/wp-content\/uploads\/2017\/05\/ufscar-300x200.jpg?resize=350%2C200","width":350,"height":200},"classes":[]},{"id":4236,"url":"https:\/\/jornalrol.com.br\/?p=4236","url_meta":{"origin":2022,"position":5},"title":"Artigo de Vinicius Valio: &#039;Coer\u00eancia T\u00e9cnica&#039;","author":"Helio Rubens","date":"15 de fevereiro de 2016","format":false,"excerpt":"\u00a0 Vinicius Mori Valio (*) \u00a0Coer\u00eancia t\u00e9cnica Do Governo Federal aos munic\u00edpios, sempre fui um cr\u00edtico ferrenho da pr\u00e1tica muito comum\u00a0de sere, nomeadas pessoas para\u00a0cargos de confian\u00e7a, sem qualquer tipo de apre\u00e7o \u00e0s suas compet\u00eancias t\u00e9cnicas. Pelo menos em tese, um nomeado deveria possuir gabarito t\u00e9cnico para ocupar um cargo.\u2026","rel":"","context":"Em &quot;Comunica\u00e7\u00e3o&quot;","block_context":{"text":"Comunica\u00e7\u00e3o","link":"https:\/\/jornalrol.com.br\/?cat=7"},"img":{"alt_text":"Vinicius Mori V\u00e1lio","src":"https:\/\/i0.wp.com\/www.jornalrol.com.br\/wp-content\/uploads\/2015\/11\/foto.jpg?resize=350%2C200","width":350,"height":200},"classes":[]}],"_links":{"self":[{"href":"https:\/\/jornalrol.com.br\/index.php?rest_route=\/wp\/v2\/posts\/2022","targetHints":{"allow":["GET"]}}],"collection":[{"href":"https:\/\/jornalrol.com.br\/index.php?rest_route=\/wp\/v2\/posts"}],"about":[{"href":"https:\/\/jornalrol.com.br\/index.php?rest_route=\/wp\/v2\/types\/post"}],"author":[{"embeddable":true,"href":"https:\/\/jornalrol.com.br\/index.php?rest_route=\/wp\/v2\/users\/3"}],"replies":[{"embeddable":true,"href":"https:\/\/jornalrol.com.br\/index.php?rest_route=%2Fwp%2Fv2%2Fcomments&post=2022"}],"version-history":[{"count":0,"href":"https:\/\/jornalrol.com.br\/index.php?rest_route=\/wp\/v2\/posts\/2022\/revisions"}],"wp:attachment":[{"href":"https:\/\/jornalrol.com.br\/index.php?rest_route=%2Fwp%2Fv2%2Fmedia&parent=2022"}],"wp:term":[{"taxonomy":"category","embeddable":true,"href":"https:\/\/jornalrol.com.br\/index.php?rest_route=%2Fwp%2Fv2%2Fcategories&post=2022"},{"taxonomy":"post_tag","embeddable":true,"href":"https:\/\/jornalrol.com.br\/index.php?rest_route=%2Fwp%2Fv2%2Ftags&post=2022"}],"curies":[{"name":"wp","href":"https:\/\/api.w.org\/{rel}","templated":true}]}}