{"id":2024,"date":"2015-05-30T12:19:53","date_gmt":"2015-05-30T15:19:53","guid":{"rendered":"http:\/\/www.jornalrol.com.br\/?p=2024"},"modified":"2015-05-30T12:19:53","modified_gmt":"2015-05-30T15:19:53","slug":"genealogia-afranio-mello-fornece-informacoes-sobre-a-familia-orsi","status":"publish","type":"post","link":"https:\/\/jornalrol.com.br\/?p=2024","title":{"rendered":"Genealogia: Afr\u00e2nio Mello fornece informa\u00e7\u00f5es sobre a familia ORSI"},"content":{"rendered":"<div class=\"pdfprnt-buttons pdfprnt-buttons-post pdfprnt-top-right\"><a href=\"https:\/\/jornalrol.com.br\/index.php?rest_route=%2Fwp%2Fv2%2Fposts%2F2024&print=pdf\" class=\"pdfprnt-button pdfprnt-button-pdf\" target=\"_blank\" ><\/a><a href=\"https:\/\/jornalrol.com.br\/index.php?rest_route=%2Fwp%2Fv2%2Fposts%2F2024&print=print\" class=\"pdfprnt-button pdfprnt-button-print\" target=\"_blank\" ><img decoding=\"async\" src=\"https:\/\/jornalrol.com.br\/wp-content\/plugins\/pdf-print\/images\/print.png\" alt=\"image_print\" title=\"Conte\u00fado de impress\u00e3o\" \/><\/a><\/div><div id=\":nm\" class=\"ii gt m14d9c5c92be367a3 adP adO\">\n<div id=\":nl\" class=\"a3s\">\n<div dir=\"ltr\">\n<div dir=\"ltr\">\n<div>\n<div><span style=\"color: #ff0000;\"><strong><u><a href=\"http:\/\/www.jornalrol.com.br\/wp-content\/uploads\/2015\/05\/orsi.png\"><img loading=\"lazy\" decoding=\"async\" class=\"alignleft size-full wp-image-2025\" src=\"http:\/\/www.jornalrol.com.br\/wp-content\/uploads\/2015\/05\/orsi.png\" alt=\"orsi\" width=\"193\" height=\"170\" \/><\/a>Afr\u00e2nio Mello &#8211; ATENDIMENTO N\u00daMERO 473<\/u><\/strong><\/span><\/div>\n<div><\/div>\n<div><\/div>\n<\/div>\n<\/div>\n<\/div>\n<\/div>\n<\/div>\n<p><!--more--><\/p>\n<div><\/div>\n<div>Francisco,<\/div>\n<div><\/div>\n<div>Os Orsi de nossa Regi\u00e3o : Tatu\u00ed , Itapetininga, Angatuba, Len\u00e7\u00f3is Paulista, Pardinho, Botucat\u00fa e outras ,<\/div>\n<div>vieram da It\u00e1lia entre 1882 e 1912.<\/div>\n<div>Os do per\u00edodo de 1882 at\u00e9 1896, s\u00e3o de Sant\u2019Andr\u00e9a di Comppito , Frazione de CAPPANORI e que pertence<\/div>\n<div>a regi\u00e3o de LUCCA.<\/div>\n<div>Quae todos eles vieram para Tatu\u00ed.<\/div>\n<div>Os que chegaram primeiro : foram os irm\u00e3os Rafaello, Carlos e Miguel. Em seguida vieram o LUIGI ORSI e<\/div>\n<div>o PIETRO ORSI , meu tatarav\u00f3 e bisav\u00f4, logo em seguida o GIOVANNI ORSI ( JO\u00c3O ORSI ) que foi para Angatuba.<\/div>\n<div><\/div>\n<div>Estou anexando a lista dos ORSI que imigraram para o BRASIL e as respectivas datas.<\/div>\n<div>Essa listagem consegui no Memorial do Imigrante em S\u00e3o Paulo que j\u00e1 tem os seus arquivos devidamente digitalizados.<\/div>\n<div>Se voc\u00ea tiver os nomes e as datas eles fornecem as certid\u00f5es de ingresso no Brasil.<\/div>\n<div><\/div>\n<div>\u00c9 imperativo que voc\u00ea tenha os nomes de seus ascendentes desse per\u00edodo para fazer a liga\u00e7\u00e3o entre os ORSI, daqui , os<\/div>\n<div>dali e os de l\u00e1.<\/div>\n<div><\/div>\n<div>As \u00e1rvores geneal\u00f3gicas desse pessoal todo est\u00e1 no meu livro<u><strong> EU E OS MEUS \u2013 ORSI E RAMACCIOTTI<\/strong><\/u> que ser\u00e1 lan\u00e7ado<\/div>\n<div>logo, logo.<\/div>\n<div><\/div>\n<div>Consiga os nomes que procuro a rela\u00e7\u00e3o entre eles.<\/div>\n<div><\/div>\n<div>Fico no aguardo.<\/div>\n<div><\/div>\n<div>Afr\u00e2nio Franco de Oliveira Mello<br \/>\nIHGGI \/ ROL &#8211; Jornal On Line<\/div>\n<div><\/div>\n<div>Enquanto isso, envio para voc\u00ea, o nosso BRAS\u00c3O&#8230;&#8230;&#8230;&#8230;&#8230;ORSI.<\/div>\n<div><\/div>\n<div><\/div>\n<div><img loading=\"lazy\" decoding=\"async\" class=\"CToWUd\" title=\"image\" src=\"https:\/\/mail.google.com\/mail\/u\/2\/?ui=2&amp;ik=d4016f14b7&amp;view=fimg&amp;th=14d9c5c92be367a3&amp;attid=0.0.1&amp;disp=emb&amp;attbid=ANGjdJ8z_H649X09uBxilkH05xnYFI_xvvnPIeyju5Ld_ODIr99SqQfsAXDD200wGxCz8GISYoMLDnphx4EZpNCbdNNCMuUHEOn1SlqjZXUwJ761XGIrTgVyjqvOzq0&amp;sz=w386-h340&amp;ats=1432997967216&amp;rm=14d9c5c92be367a3&amp;zw&amp;atsh=1\" alt=\"image\" width=\"193\" height=\"170\" border=\"0\" \/><\/div>\n<div><\/div>\n<div><\/div>\n<div>\n<div>\n<div><\/div>\n<div>\n<div><b>From:<\/b> <a title=\"franciscoorsi@live.com\" href=\"mailto:franciscoorsi@live.com\" target=\"_blank\">Francisco Orsi<\/a><\/div>\n<div><b>Sent:<\/b> Wednesday, May 27, 2015 1:21 PM<\/div>\n<div><b>To:<\/b> <a title=\"afranio@tintaspig.com.br\" href=\"mailto:afranio@tintaspig.com.br\" target=\"_blank\">Afr\u00e2nio Tintaspig<\/a><\/div>\n<div><b>Subject:<\/b> RE: contato sobre familia orsi<\/div>\n<\/div>\n<\/div>\n<div><\/div>\n<\/div>\n<div>\n<div dir=\"ltr\">Ol\u00e1 Afr\u00e2nio, obrigado pela pronta resposta.<\/p>\n<div>Estou no momento ainda montando parte do que me pediu abaixo, at\u00e9 pelo fato de que os documentos de meu bisav\u00f4 est\u00e1 um pouco confuso a documenta\u00e7\u00e3o dele e o pai.<\/div>\n<div>Observe no anexo o que eu possuo at\u00e9 o momento.<\/div>\n<div>Meus familiares est\u00e3o pr\u00f3ximos desta regi\u00e3o de Tatu\u00ed, s\u00e3o de Pardinho, eu moro em Botucatu logo ao lado.<\/div>\n<div>obrigado desde j\u00e1,<\/div>\n<div>Francisco Orsi<\/div>\n<div>\n<div>\n<hr \/>\n<p>From: <a href=\"mailto:afranio@tintaspig.com.br\" target=\"_blank\">afranio@tintaspig.com.br<\/a><br \/>\nTo: <a href=\"mailto:franciscoorsi@live.com\" target=\"_blank\">franciscoorsi@live.com<\/a><br \/>\nSubject: Re: contato sobre familia orsi<br \/>\nDate: Wed, 20 May 2015 14:20:15 -0300<\/p>\n<div dir=\"ltr\">\n<div>\n<div>Caro Francisco,<\/div>\n<div>Tenho tudo o que se refere aos Orsi.<\/div>\n<div>Finalizei um livro sobre as fam\u00edlias Orsi e Ramacciotti.<\/div>\n<div>Esse livro est\u00e1 na gr\u00e1fica e ser\u00e1 lan\u00e7ados em no m\u00e1ximo tr\u00eas meses.<\/div>\n<div>Para eu localizar voc\u00ea nas in\u00fameras ramifica\u00e7\u00f5es dos Orsi, informo quem \u00e9,<\/div>\n<div>de onde \u00e9, quem s\u00e3o seus pais, av\u00f3s e bisav\u00f3s , se souber o nome de todos.<\/div>\n<div>Regi\u00e3o e cidade de origem na It\u00e1lia e data aproximada da chegado no Brasil.<\/div>\n<div>Os meus Orsi s\u00e3o os de Tatu\u00ed, Itapetininga e Angatuba.<\/div>\n<div>Forte abra\u00e7o e no aguardo de suas informa\u00e7\u00f5es<\/div>\n<div>Afr\u00e2nio<\/div>\n<div>\n<div>\n<div>\n<div><b>From:<\/b><a title=\"franciscoorsi@live.com\" href=\"mailto:franciscoorsi@live.com\" target=\"_blank\">Francisco Orsi<\/a><\/div>\n<div><b>Sent:<\/b> Tuesday, May 19, 2015 9:44 PM<\/div>\n<div><b>To:<\/b><a title=\"afranio@tintaspig.com.br\" href=\"mailto:afranio@tintaspig.com.br\" target=\"_blank\">afranio@tintaspig.com.br<\/a><\/div>\n<div><b>Subject:<\/b> contato sobre familia orsi<\/div>\n<\/div>\n<\/div>\n<\/div>\n<div>\n<div dir=\"ltr\">ol\u00e1, li bastante materia seu na internet sobre estudo de familias, gostaria de saber se consegue me ajudar em algo para a familia Orsi.<\/div>\n<\/div>\n<\/div>\n<\/div>\n<\/div>\n<\/div>\n<\/div>\n<\/div>\n<div dir=\"ltr\"><\/div>\n<div dir=\"ltr\"><\/div>\n<div dir=\"ltr\">RELA\u00c7\u00c3O DE ENTRADA DE IMIGRANTES ITALIANOS NO BRASIL<\/p>\n<p>FAM\u00cdLIAS COM O SOBRENOME ORSI<\/p>\n<p>Rela\u00e7\u00e3o gentilmente cedida e compilada pelo Sr.Valdir do Memorial do Imigrante em<br \/>\nS\u00e3o Paulo, em 17 de julho de 2003, em fax atrav\u00e9s da Associa\u00e7\u00e3o do Migrante de S\u00e3o Paulo, para que fosse poss\u00edvel fazer o levantamento dos nossos italianos que chegaram ao Brasil.Nota-se na rela\u00e7\u00e3o que as datas do Luigi Orsi e do Pietro Orsi n\u00e3o conferem, apesar de a informa\u00e7\u00e3o que tenho ser que chegaram juntos. Interessante, ainda , \u00e9 que no cadastro de Luigi Orsi e Zita Orsi, constam como filhos GIORGIA ORSI,ATTILIO ORSI E SANTINA ORSI, sendo que os nomes de PEDRO ORSI e ISOLINA ORSI constam em separado ,por serem casados. O registro era por FAM\u00cdLIA.<\/p>\n<p>NOME DATA NOME DATA<br \/>\nGiovanni Orsi 07.07.1882 Alessandro Orsi 21.09.1891<br \/>\nPasquale Orsi 16.08.1882 Pietro Orsi 21.09.1891<br \/>\nAdholfo Orsi 06.10.1882 Paulo Orsi 08.10.1891<br \/>\nGiovanni Orsi 20.10.1882 Emidio Orsi 08.10.1891<br \/>\nFrancescoOrsi 21.11.1882 Romeo Orsi 13.10.1891<br \/>\nStefano Orsi 03.09.1883 Dom\u00eanico Orsi 24.10.1891<br \/>\nPietro Orsi 30.10.1883 Rafaelle Orsi 28.10.1891<br \/>\nStefano Orsi 29.11.1883 Tommaso Orsi 02.12.1891<br \/>\nEmidio Orsi 24.03.1884 Filomena Orsi 12.12.1891<br \/>\nPasquale Orsi 31.01.1885 Angelo Orsi 18.12.1891<br \/>\nGabriello Orsi 19.02.1885 Paolino Orsi 02.01.1892<br \/>\nVincenzo Orsi 19.02.1885 Oreste Orsi 07.01.1892<br \/>\nGiovanni Orsi 05.11.1885 Giovanni Orsi 22.01.1892<br \/>\nErnesto Orsi 08.12.1885 Vincenzo Orsi 02.06.1892<br \/>\nNatale Orsi 11.01.1887 Angelo Orsi 08.06.1892<br \/>\nFilippo Orsi 06.05.1887 Maurizio Orsi 05.07.1892<br \/>\nVincenzo Orsi 23.10.1887 Luigi Orsi 23.08.1892<br \/>\nStefano Orsi 18.11.1887 Tarquinio Orsi 12.06.1893<br \/>\nSanti Orsi 29.12.1887 Pasquale Orsi 16.07.1893<br \/>\nRafaello Orsi 19.01.1888 Vittoria Orsi 14.08.1894<br \/>\nStefano Orsi 19.09.1888 Luigi Orsi 25.01.1895<br \/>\nBernardo Orsi 19.10.1888 Pietro Orsi 01.04.1896<br \/>\nPietro Orsi 22.10.1888 Attilio Orsi 14.05.1897<br \/>\nDom\u00eanico Orsi 05.09.1889 Vincenzo Orsi 19.08.1897<br \/>\nSanti Orsi 06.09.1889 Rafaello Orsi 14.11.1897<br \/>\nGiuseppe Orsi 19.02.1890 Giuseppe Orsi 13.06.1902<br \/>\nNicola Orsi 07.06.1890 Settimio Orsi 01.11.1901<br \/>\nVenanzio Orsi 06.11.1890 Pasquale Orsi 26.06.1911<br \/>\nLeone Orsi 17.04.1891 Angelo Ant\u00ba.Orsi 21.03.1912<br \/>\nGiuseppe Orsi 12.09.1891 Amar Orsi 10.07.1912<br \/>\nRafaelle Orsi 29.09.1912<\/p><\/div>\n<div id=\":oj\" class=\"hq gt a10\"><\/div>\n","protected":false},"excerpt":{"rendered":"<p>Afr\u00e2nio Mello &#8211; ATENDIMENTO N\u00daMERO 473<\/p>\n","protected":false},"author":3,"featured_media":0,"comment_status":"closed","ping_status":"closed","sticky":false,"template":"","format":"standard","meta":{"_jetpack_newsletter_access":"","_jetpack_dont_email_post_to_subs":false,"_jetpack_newsletter_tier_id":0,"_jetpack_memberships_contains_paywalled_content":false,"_jetpack_memberships_contains_paid_content":false,"footnotes":""},"categories":[7],"tags":[656],"class_list":["post-2024","post","type-post","status-publish","format-standard","hentry","category-comunicacao","tag-afranio"],"aioseo_notices":[],"views":0,"jetpack_featured_media_url":"","jetpack_sharing_enabled":true,"jetpack_likes_enabled":true,"jetpack-related-posts":[{"id":12494,"url":"https:\/\/jornalrol.com.br\/?p=12494","url_meta":{"origin":2024,"position":0},"title":"Genealogia: &#039;Afr\u00e2nio Mello d\u00e1 informa\u00e7\u00f5es sobre a fam\u00edlia Orsi&#039;","author":"Helio Rubens","date":"23 de agosto de 2017","format":false,"excerpt":"Afr\u00e2nio Franco de Oliveira Mello - ATENDIMENTO N\u00daMERO 872 -\u00a0Contato Familia Orsi em Nova Trento Santa Catarina \u00a0 Prezado Ademir, boa noite. Aqui tenho um primo com o mesmo nome seu : Ademir Orsi. Tamb\u00e9m trabalho com Contabilidade, de Custos em uma Empresa de Tintas. Fiz as pesquisas dos ORSI\u2026","rel":"","context":"Em &quot;Comunica\u00e7\u00e3o&quot;","block_context":{"text":"Comunica\u00e7\u00e3o","link":"https:\/\/jornalrol.com.br\/?cat=7"},"img":{"alt_text":"","src":"https:\/\/i0.wp.com\/www.jornalrol.com.br\/wp-content\/uploads\/2017\/01\/afranio.jpg?resize=350%2C200","width":350,"height":200},"classes":[]},{"id":9565,"url":"https:\/\/jornalrol.com.br\/?p=9565","url_meta":{"origin":2024,"position":1},"title":"Genealogia: Afr\u00e2nio Mello fornece informa\u00e7\u00f5es sobre a FAMILIA ORSI","author":"Helio Rubens","date":"18 de abril de 2017","format":false,"excerpt":"Afr\u00e2nio Franco de Oliveira Mello - ATENDIMENTO N\u00daMERO 854 Prezado Gustavo, boa noite. Eu sou descendente da Fam\u00edlia Orsi. Escrevi um livro de 492 p\u00e1ginas contando a hist\u00f3ria da chegada deles no Brasil. O livro foi lan\u00e7ado em abril de 2015. J\u00e1 est\u00e1 esgotado. Abaixo estou enviando o endere\u00e7o onde\u2026","rel":"","context":"Em &quot;Comunica\u00e7\u00e3o&quot;","block_context":{"text":"Comunica\u00e7\u00e3o","link":"https:\/\/jornalrol.com.br\/?cat=7"},"img":{"alt_text":"","src":"https:\/\/i0.wp.com\/www.jornalrol.com.br\/wp-content\/uploads\/2017\/01\/afranio.jpg?resize=350%2C200","width":350,"height":200},"classes":[]},{"id":5722,"url":"https:\/\/jornalrol.com.br\/?p=5722","url_meta":{"origin":2024,"position":2},"title":"Genealogia: Afr\u00e2nio Mello fornece informa\u00e7\u00f5es sobre a familia ORSI","author":"Helio Rubens","date":"1 de agosto de 2016","format":false,"excerpt":"Afr\u00e2nio Franco de Oliveira Mello - ATENDIMENTO N\u00daMERO 788 \u00a0 Prezada Luana, boa tarde. Conheci um Carlos Orsi, que o chamavam de Carlino Orsi, em Tatu\u00ed (SP), que seus descendentes\u00a0s\u00e3o os donos do PASTIF\u00cdCIO ORSI. N\u00e3o tem nada a ver com o seu Carlino Orsi pois este tem outros pais,\u2026","rel":"","context":"Em &quot;Comunica\u00e7\u00e3o&quot;","block_context":{"text":"Comunica\u00e7\u00e3o","link":"https:\/\/jornalrol.com.br\/?cat=7"},"img":{"alt_text":"","src":"","width":0,"height":0},"classes":[]},{"id":20318,"url":"https:\/\/jornalrol.com.br\/?p=20318","url_meta":{"origin":2024,"position":3},"title":"Genealogia: Afr\u00e2nio Mello atende gratuitamente pedidos de leitores. Nesta edi\u00e7\u00e3o informa\u00e7\u00f5es sobre a familia Orsi","author":"Helio Rubens","date":"18 de agosto de 2018","format":false,"excerpt":"Afr\u00e2nio Franco de Oliveira Mello - ATENDIMENTO N\u00daMERO 1059 Caro Pedro, boa noite. Com alegria que atendo mais um ORSI que procura suas origens. Tenho bastante arquivo sobre os Orsi. No meu livro eu escrevo sobre o RAFAELLO ORSI de Tatui, com grande irmandade, em uma homenagem a este parente\u2026","rel":"","context":"Em &quot;Comunica\u00e7\u00e3o&quot;","block_context":{"text":"Comunica\u00e7\u00e3o","link":"https:\/\/jornalrol.com.br\/?cat=7"},"img":{"alt_text":"","src":"https:\/\/i0.wp.com\/www.jornalrol.com.br\/wp-content\/uploads\/2018\/03\/afranio-150x150.jpg?resize=350%2C200","width":350,"height":200},"classes":[]},{"id":2957,"url":"https:\/\/jornalrol.com.br\/?p=2957","url_meta":{"origin":2024,"position":4},"title":"Genealogia: Afr\u00e2nio Mello fornece informa\u00e7\u00f5es sobre a FAMILIA ORSI","author":"Helio Rubens","date":"11 de agosto de 2015","format":false,"excerpt":"Afr\u00e2nio Mello - ATENDIMENTO EM COMPLEMENTO (ORSI) Caro Francisco, Comune ( Munic\u00edpio ) de QUINDICE. Quem nasce em QUINDICE \u00e9 QUINDICESI. Santo Padroeiro : SS Maria delle Grazia. Provincia de AVELLINO. Regi\u00e3o da CAMPANIA , cujo capital \u00e9 N\u00c1POLES. It\u00e1lia Meridional. Se voc\u00ea quiser documentos deve se dirigir ao Munic\u00edpio\u2026","rel":"","context":"Em &quot;Comunica\u00e7\u00e3o&quot;","block_context":{"text":"Comunica\u00e7\u00e3o","link":"https:\/\/jornalrol.com.br\/?cat=7"},"img":{"alt_text":"","src":"","width":0,"height":0},"classes":[]},{"id":9914,"url":"https:\/\/jornalrol.com.br\/?p=9914","url_meta":{"origin":2024,"position":5},"title":"Genealogia: Afr\u00e2nio Mello fornece informa\u00e7\u00f5es sobre a fam\u00edlia ORSI","author":"Helio Rubens","date":"30 de abril de 2017","format":false,"excerpt":"Afr\u00e2nio Franco de Oliveira Mello - ATENDIMENTO N\u00daMERO 857 \u00a0 Caro Vitor, bom dia. Incr\u00edvel coincid\u00eancia..... Respondi hoje uma consulta de um da FAM\u00cdLIA ORSI e que procura informa\u00e7\u00f5es sobre o SANTI ORSI. Estou copiando ele para que possam se corresponder e, quem sabe, voc\u00eas tem a mesma origem. No\u2026","rel":"","context":"Em &quot;Comunica\u00e7\u00e3o&quot;","block_context":{"text":"Comunica\u00e7\u00e3o","link":"https:\/\/jornalrol.com.br\/?cat=7"},"img":{"alt_text":"","src":"https:\/\/i0.wp.com\/www.jornalrol.com.br\/wp-content\/uploads\/2015\/07\/Afr%C3%A2nio-para-o-ROL-2.jpg?resize=350%2C200","width":350,"height":200},"classes":[]}],"_links":{"self":[{"href":"https:\/\/jornalrol.com.br\/index.php?rest_route=\/wp\/v2\/posts\/2024","targetHints":{"allow":["GET"]}}],"collection":[{"href":"https:\/\/jornalrol.com.br\/index.php?rest_route=\/wp\/v2\/posts"}],"about":[{"href":"https:\/\/jornalrol.com.br\/index.php?rest_route=\/wp\/v2\/types\/post"}],"author":[{"embeddable":true,"href":"https:\/\/jornalrol.com.br\/index.php?rest_route=\/wp\/v2\/users\/3"}],"replies":[{"embeddable":true,"href":"https:\/\/jornalrol.com.br\/index.php?rest_route=%2Fwp%2Fv2%2Fcomments&post=2024"}],"version-history":[{"count":0,"href":"https:\/\/jornalrol.com.br\/index.php?rest_route=\/wp\/v2\/posts\/2024\/revisions"}],"wp:attachment":[{"href":"https:\/\/jornalrol.com.br\/index.php?rest_route=%2Fwp%2Fv2%2Fmedia&parent=2024"}],"wp:term":[{"taxonomy":"category","embeddable":true,"href":"https:\/\/jornalrol.com.br\/index.php?rest_route=%2Fwp%2Fv2%2Fcategories&post=2024"},{"taxonomy":"post_tag","embeddable":true,"href":"https:\/\/jornalrol.com.br\/index.php?rest_route=%2Fwp%2Fv2%2Ftags&post=2024"}],"curies":[{"name":"wp","href":"https:\/\/api.w.org\/{rel}","templated":true}]}}