{"id":2027,"date":"2015-05-30T12:36:40","date_gmt":"2015-05-30T15:36:40","guid":{"rendered":"http:\/\/www.jornalrol.com.br\/?p=2027"},"modified":"2015-05-30T12:36:40","modified_gmt":"2015-05-30T15:36:40","slug":"genealogia-afranio-mello-fornece-informacoes-sobre-a-familia-coan","status":"publish","type":"post","link":"https:\/\/jornalrol.com.br\/?p=2027","title":{"rendered":"Genealogia: Afr\u00e2nio Mello fornece informa\u00e7\u00f5es sobre a familia COAN"},"content":{"rendered":"<div class=\"pdfprnt-buttons pdfprnt-buttons-post pdfprnt-top-right\"><a href=\"https:\/\/jornalrol.com.br\/index.php?rest_route=%2Fwp%2Fv2%2Fposts%2F2027&print=pdf\" class=\"pdfprnt-button pdfprnt-button-pdf\" target=\"_blank\" ><\/a><a href=\"https:\/\/jornalrol.com.br\/index.php?rest_route=%2Fwp%2Fv2%2Fposts%2F2027&print=print\" class=\"pdfprnt-button pdfprnt-button-print\" target=\"_blank\" ><img decoding=\"async\" src=\"https:\/\/jornalrol.com.br\/wp-content\/plugins\/pdf-print\/images\/print.png\" alt=\"image_print\" title=\"Conte\u00fado de impress\u00e3o\" \/><\/a><\/div><p><strong><u>Afr\u00e2nio Mello &#8211; ATENDIMENTO N\u00daMERO 474<\/u><\/strong><!--more--><\/p>\n<p>&nbsp;<\/p>\n<p>Caro Jos\u00e9 Luiz Nogueira, nosso genealogista maior.<\/p>\n<p>&nbsp;<\/p>\n<p>H\u00e1 tempos voc\u00ea me pediu, para servir uma amiga que reside em S\u00e3o Miguel Arcanjo,<\/p>\n<p>o arquivo do sobrenome COAN.<\/p>\n<p>&nbsp;<\/p>\n<p>Como n\u00e3o tinha , passei a procurar e encontrei, depois de um longo tempo o mesmo.<\/p>\n<p>&nbsp;<\/p>\n<p>Segue anexado e copiado no texo abaixo.<\/p>\n<p>Espero que sua amiga fique contente e satisfeita.<\/p>\n<p>N\u00e3o \u00e9 um arquivo grande, \u00e9 at\u00e9 pequeno mas tem informa\u00e7\u00f5es precisas.<\/p>\n<p>&nbsp;<\/p>\n<p>Grande abra\u00e7o<\/p>\n<p>Afr\u00e2nio Franco de Oliveira Mello<br \/>\nIHGGI \/ ROL &#8211; Jornal On Line<\/p>\n<p>&nbsp;<\/p>\n<p>&nbsp;<\/p>\n<p><a href=\"http:\/\/www.jornalrol.com.br\/wp-content\/uploads\/2015\/05\/Coan.jpg\"><img loading=\"lazy\" decoding=\"async\" class=\"alignleft size-medium wp-image-2028\" src=\"http:\/\/www.jornalrol.com.br\/wp-content\/uploads\/2015\/05\/Coan-221x300.jpg\" alt=\"Coan\" width=\"221\" height=\"300\" \/><\/a>Coan, sobrenome de origem anglo-sax\u00e3, adotado por v\u00e1rias judaicas na Gr\u00e3 Bretanha.<\/p>\n<p>De onde \u00e9 que a fam\u00edlia Inglesa Coan vem? Qual \u00e9 o bras\u00e3o da fam\u00edlia Inglesa Coan? Para onde \u00e9 que os v\u00e1rios ramos da fam\u00edlia foram?<\/p>\n<p>O nome Coan vem do antigo nome Anglo-Sax\u00e3o que foi dado a uma pessoa que era considerada \u201csonhadora\u201d, nome que \u00e9 derivado do franc\u00eas antigo \u201c<strong><em>coquaigne<\/em><\/strong>\u201d que se refere a um imagin\u00e1rio para\u00edso. Consequentemente outras refer\u00eancias mostram <strong>Cockaigne<\/strong> ou<strong>Cockayne<\/strong> como uma terra m\u00edtica medieval de extrema lux\u00faria como \u00e9 observado nos poemas como \u201cThe Land of Cockaige\u201d.<\/p>\n<p>S\u00f3 recentemente a ortografia se tornou padr\u00e3o no idioma Ingl\u00eas. Como o idioma Ingl\u00eas evoluiu na Idade M\u00e9dia, a grafia dos nomes mudou tamb\u00e9m. O sobrenome teve muitas variantes, que inclui Cockayne, Cokayne, Cocaine, Cokayn, Cokein, Cokkayn, <strong>Coan<\/strong> e muito mais.<\/p>\n<p>Coan \u00e9 primeiramente encontrado em documentos em Warwickshire, onde muitos comentam que est\u00e1 registrado no Livro de Domesday de 1327. Nesse livro h\u00e1 um exemplo de evolu\u00e7\u00e3o de outros sobrenomes, como por exemplo o Sr Baddesley Ensor, um p\u00e1roco, da uni\u00e3o de Atherstone no condado de Hemlingford que mais tarde passou a ser conhecido como Baddesley Endeshower. Outro ramo da fam\u00edlia Cockayne (ou Cokayne) estabeleceu-se em Asbourne, Derbyshire, Inglaterra, desde o s\u00e9culo XII, onde eles possu\u00edam as casas de Ashbourne Hall e Pooley Hall at\u00e9 os fins dos anos de 1600.<\/p>\n<p><a href=\"http:\/\/www.jornalrol.com.br\/wp-content\/uploads\/2015\/05\/Coan1.jpg\"><img loading=\"lazy\" decoding=\"async\" class=\"alignleft size-full wp-image-2029\" src=\"http:\/\/www.jornalrol.com.br\/wp-content\/uploads\/2015\/05\/Coan1.jpg\" alt=\"Coan1\" width=\"172\" height=\"213\" \/><\/a>Hoje, h\u00e1 uma aldeola de nome Cockayne, devido a fam\u00edlia que se estabeleceu-se nessa regi\u00e3o e que est\u00e1 no cumede North Yorkshire, mas sua aldeia remonta a 1972, quando uma propriedade em Bransdale de 1925 acres foi transferida para o National Trust atrav\u00e9s do Fundo National da terra. A maior parte da aldeia \u00e9 agora de propriedade do national Trust.<\/p>\n<p>Registra-se <strong>Mike Coan<\/strong>, que aos 72 anos imigrou para os Estados Unidos em 1940 para Mineral Hill Election Precinct, Lemhi, Idaho. Ele nasceu no Eire (Irlanda) em 1868.<\/p>\n<p>Registra-se <strong>James Coan<\/strong>, que aos 76 anos imigrou para os Estados Unidos em 1940 para New Orleans, Louisiana. Ele nasceu no Eire (Irlanda) em 1864.<\/p>\n<p>Registra-se <strong>Pellegrino Coan<\/strong>, que imigrou para o Esp\u00edrito Santo, Brasil, por volta de 1879; filho de <strong>Bernardo Coan<\/strong> e Maria Zanetti; nasceu na It\u00e1lia. Chegou no Brasil com a idade de 39 anos, vieram consigo, sua esposa, <strong>Maria Coan<\/strong> de 33 anos, sua sogra, Rosa de 57 anos, seu filho, <strong>Bernardo Pellegrino Coan<\/strong> de 13 anos, seu filho, <strong>Giuseppe Pellegrino Coan<\/strong> de 11 anos, sua filha, <strong>Maria Pellegrino Coan<\/strong> de 9 anos, seu filho, <strong>Giovanni Pellegrino Coan<\/strong> de 6 anos, seu filho, <strong>Pasquale Pellegrino Coan<\/strong> e seu filho <strong>Pietro Pellegrino Coan<\/strong> de 1 ano.<\/p>\n<p>Registra-se <strong>Francesco Meneghel<\/strong>, que imigrou para o Brasil. Chegou em 30.07.1879 em Porto do Cachoeiro de Santa Leopoldina, Esp\u00edrito Santo, Brasil na idade de 38 anos. Ele natural de Treviso, Veneto, It\u00e1lia; vieram consigo sua esposa <strong>Francesca Coan<\/strong> de 41 anos, seu filho, Domenico Meneghel de 10 anos, sua filha, Ida Antonia Meneghel de 4 anos e sua filha Rosa Maria Meneghel de 2 anos.<\/p>\n<p><strong><\/p>\n<p><\/strong>Registra-se <strong>Antonio Serafin<\/strong>, que imigrou para o Brasil. Chegou por volta de 1879 no Esp\u00edrito Santo, Brasil na idade de 61 anos. Ele natural da\u00a0 It\u00e1lia; vieram consigo sua esposa <strong>Angela Coan<\/strong> de 55 anos, sua filha, Chiara Serafin de 22 anos, sua filha, Filomena Serafin de 14 anos, sua filha, Elisabetta Serafin de 11 anos e seu filho Giacomo Serafin de 8 anos. A fam\u00edlia viajou a bordo do vapor Kronprinz Friedrich Wilhelm.<\/p>\n<p>&nbsp;<\/p>\n<p>&nbsp;<\/p>\n<p>Coan, sobrenome de origem anglo-sax\u00e3, adotado por v\u00e1rias judaicas na Gr\u00e3 Bretanha.<\/p>\n<p>De onde \u00e9 que a fam\u00edlia Inglesa Coan vem? Qual \u00e9 o bras\u00e3o da fam\u00edlia Inglesa Coan? Para onde \u00e9 que os v\u00e1rios ramos da fam\u00edlia foram?<\/p>\n<p>O nome Coan vem do antigo nome Anglo-Sax\u00e3o que foi dado a uma pessoa que era considerada \u201csonhadora\u201d, nome que \u00e9 derivado do franc\u00eas antigo \u201c<strong><em>coquaigne<\/em><\/strong>\u201d que se refere a um imagin\u00e1rio para\u00edso. Consequentemente outras refer\u00eancias mostram <strong>Cockaigne<\/strong> ou <strong>Cockayne<\/strong> como uma terra m\u00edtica medieval de extrema lux\u00faria como \u00e9 observado nos poemas como \u201cThe Land of Cockaige\u201d.<\/p>\n<p>S\u00f3 recentemente a ortografia se tornou padr\u00e3o no idioma Ingl\u00eas. Como o idioma Ingl\u00eas evoluiu na Idade M\u00e9dia, a grafia dos nomes mudou tamb\u00e9m. O sobrenome teve muitas variantes, que inclui Cockayne, Cokayne, Cocaine, Cokayn, Cokein, Cokkayn, <strong>Coan<\/strong> e muito mais.<\/p>\n<p>Coan \u00e9 primeiramente encontrado em documentos em Warwickshire, onde muitos comentam que est\u00e1 registrado no Livro de Domesday de 1327. Nesse livro h\u00e1 um exemplo de evolu\u00e7\u00e3o de outros sobrenomes, como por exemplo o Sr Baddesley Ensor, um p\u00e1roco, da uni\u00e3o de Atherstone no condado de Hemlingford que mais tarde passou a ser conhecido como Baddesley Endeshower. Outro ramo da fam\u00edlia Cockayne (ou Cokayne) estabeleceu-se em Asbourne, Derbyshire, Inglaterra, desde o s\u00e9culo XII, onde eles possu\u00edam as casas de Ashbourne Hall e Pooley Hall at\u00e9 os fins dos anos de 1600.<\/p>\n<p>Hoje, h\u00e1 uma aldeola de nome Cockayne, devido a fam\u00edlia que se estabeleceu-se nessa regi\u00e3o e que est\u00e1 no cumede North Yorkshire, mas sua aldeia remonta a 1972, quando uma propriedade em Bransdale de 1925 acres foi transferida para o National Trust atrav\u00e9s do Fundo National da terra. A maior parte da aldeia \u00e9 agora de propriedade do national Trust.<\/p>\n<p>Registra-se <strong>Mike Coan<\/strong>, que aos 72 anos imigrou para os Estados Unidos em 1940 para Mineral Hill Election Precinct, Lemhi, Idaho. Ele nasceu no Eire (Irlanda) em 1868.<\/p>\n<p>Registra-se <strong>James Coan<\/strong>, que aos 76 anos imigrou para os Estados Unidos em 1940 para New Orleans, Louisiana. Ele nasceu no Eire (Irlanda) em 1864.<\/p>\n<p>Registra-se <strong>Pellegrino Coan<\/strong>, que imigrou para o Esp\u00edrito Santo, Brasil, por volta de 1879; filho de <strong>Bernardo Coan<\/strong> e Maria Zanetti; nasceu na It\u00e1lia. Chegou no Brasil com a idade de 39 anos, vieram consigo, sua esposa, <strong>Maria Coan<\/strong> de 33 anos, sua sogra, Rosa de 57 anos, seu filho, <strong>Bernardo Pellegrino Coan<\/strong> de 13 anos, seu filho, <strong>Giuseppe Pellegrino Coan<\/strong> de 11 anos, sua filha, <strong>Maria Pellegrino Coan<\/strong> de 9 anos, seu filho, <strong>Giovanni Pellegrino Coan<\/strong> de 6 anos, seu filho, <strong>Pasquale Pellegrino Coan<\/strong> e seu filho <strong>Pietro Pellegrino Coan<\/strong> de 1 ano.<\/p>\n<p>Registra-se <strong>Francesco Meneghel<\/strong>, que imigrou para o Brasil. Chegou em 30.07.1879 em Porto do Cachoeiro de Santa Leopoldina, Esp\u00edrito Santo, Brasil na idade de 38 anos. Ele natural de Treviso, Veneto, It\u00e1lia; vieram consigo sua esposa <strong>Francesca Coan<\/strong> de 41 anos, seu filho, Domenico Meneghel de 10 anos, sua filha, Ida Antonia Meneghel de 4 anos e sua filha Rosa Maria Meneghel de 2 anos.<\/p>\n<p><strong><\/p>\n<p><\/strong>Registra-se <strong>Antonio Serafin<\/strong>, que imigrou para o Brasil. Chegou por volta de 1879 no Esp\u00edrito Santo, Brasil na idade de 61 anos. Ele natural da\u00a0 It\u00e1lia; vieram consigo sua esposa <strong>Angela Coan<\/strong> de 55 anos, sua filha, Chiara Serafin de 22 anos, sua filha, Filomena Serafin de 14 anos, sua filha, Elisabetta Serafin de 11 anos e seu filho Giacomo Serafin de 8 anos. A fam\u00edlia viajou a bordo do vapor Kronprinz Friedrich Wilhelm.<\/p>\n","protected":false},"excerpt":{"rendered":"<p>Afr\u00e2nio Mello &#8211; ATENDIMENTO N\u00daMERO 474<\/p>\n","protected":false},"author":3,"featured_media":0,"comment_status":"closed","ping_status":"closed","sticky":false,"template":"","format":"standard","meta":{"_jetpack_newsletter_access":"","_jetpack_dont_email_post_to_subs":false,"_jetpack_newsletter_tier_id":0,"_jetpack_memberships_contains_paywalled_content":false,"_jetpack_memberships_contains_paid_content":false,"footnotes":""},"categories":[7],"tags":[656],"class_list":["post-2027","post","type-post","status-publish","format-standard","hentry","category-comunicacao","tag-afranio"],"aioseo_notices":[],"views":0,"jetpack_featured_media_url":"","jetpack_sharing_enabled":true,"jetpack_likes_enabled":true,"jetpack-related-posts":[{"id":28978,"url":"https:\/\/jornalrol.com.br\/?p=28978","url_meta":{"origin":2027,"position":0},"title":"Afr\u00e2nio Mello: informa\u00e7\u00f5es sobre as fam\u00edlias COAN e MILANO","author":"Helio Rubens","date":"5 de agosto de 2019","format":false,"excerpt":"ATENDIMENTOS N\u00daMEROS 1.136 E 1.137 Caros Milanezi e Jos\u00e9 Luiz, Atendento solicita\u00e7\u00e3o de ambos, envio os arquivos solicitados. Com os arquivos , em sua integralidade, enviado nos seus endere\u00e7os suas d\u00favidas ficam sanadas. COAN....................................................................................\u00a0 2 p\u00e1ginas e 2 bras\u00f5es. Veja que os bras\u00f5es s\u00e3o lindos e d\u00e3o belos quadros. N\u00e3o\u2026","rel":"","context":"Em &quot;Comunica\u00e7\u00e3o&quot;","block_context":{"text":"Comunica\u00e7\u00e3o","link":"https:\/\/jornalrol.com.br\/?cat=7"},"img":{"alt_text":"","src":"https:\/\/i0.wp.com\/www.jornalrol.com.br\/wp-content\/uploads\/2018\/03\/afranio-150x150.jpg?resize=350%2C200","width":350,"height":200},"classes":[]},{"id":3941,"url":"https:\/\/jornalrol.com.br\/?p=3941","url_meta":{"origin":2027,"position":1},"title":"Genealogia: Afr\u00e2nio Mello fornece informa\u00e7\u00f5es sobre a fam\u00edlia Melo","author":"Helio Rubens","date":"20 de dezembro de 2015","format":false,"excerpt":"Afr\u00e2nio Franco de Oliveira Mello: ATENDIMENTO N\u00daMERO 575 \u00a0 Caro Rafael, boa tarde. \u00a0 Eu tamb\u00e9m sou da ascend\u00eancia do sobrenome MELLO. \u00a0 Comum em todo o Brasil , de origem portugu\u00easa e com um hist\u00f3rico muito grande no Brasil. \u00a0 \u00a0 \u00a0 Tem com as duas grafias : Melo\u2026","rel":"","context":"Em &quot;Comunica\u00e7\u00e3o&quot;","block_context":{"text":"Comunica\u00e7\u00e3o","link":"https:\/\/jornalrol.com.br\/?cat=7"},"img":{"alt_text":"Afr\u00e2nio Mello","src":"https:\/\/i0.wp.com\/www.jornalrol.com.br\/wp-content\/uploads\/2015\/07\/Afr%C3%A2nio-para-o-ROL-2.jpg?resize=350%2C200","width":350,"height":200},"classes":[]},{"id":37463,"url":"https:\/\/jornalrol.com.br\/?p=37463","url_meta":{"origin":2027,"position":2},"title":"Genealogia: Afr\u00e2nio Mello fornece informa\u00e7\u00f5es sobre a fam\u00edlia Mota","author":"ADM","date":"6 de fevereiro de 2021","format":false,"excerpt":"Afr\u00e2nio Mello fornece informa\u00e7\u00f5es sobre a fam\u00edlia MOTA ATENDIMENTO N\u00daMERO 1.335 Prezado Juristaldo, bom dia. MOTA\/MOTTA................. 13 p\u00e1ginas e 2 bras\u00f5es. Abaixo um resumo extra\u00eddo do arquivo principal. Mota,\u00a0sobrenome de origem portuguesa. Antigamente grafado Motta, conforme o italiano Motta e o franc\u00eas Motte, deriva do substantivo comum mota, que Meyer-L\u00fcbke\u2026","rel":"","context":"Em &quot;Comunica\u00e7\u00e3o&quot;","block_context":{"text":"Comunica\u00e7\u00e3o","link":"https:\/\/jornalrol.com.br\/?cat=7"},"img":{"alt_text":"","src":"https:\/\/i0.wp.com\/www.jornalrol.com.br\/wp-content\/uploads\/2020\/04\/afranio-150x150-1.jpg?resize=350%2C200","width":350,"height":200},"classes":[]},{"id":33980,"url":"https:\/\/jornalrol.com.br\/?p=33980","url_meta":{"origin":2027,"position":3},"title":"Genealogia: Afr\u00e2nio Mello fornece informa\u00e7\u00f5es sobre a fam\u00edlia Ciocchetti","author":"ADM","date":"21 de setembro de 2020","format":false,"excerpt":"Afr\u00e2nio Mello fornece informa\u00e7\u00f5es sobre a fam\u00edlia CIOCCHETTI ATENDIMENTO NUMERO 1.287 Prezada Mariana, boa noite. Demorou um pouco mas consegui algumas informa\u00e7\u00f5es sobre o seu sobrenome. CIOCCHETTI.................... . 4 p\u00e1ginas e 1 belo bras\u00e3o que voc\u00ea pode fazer um quadro e pendurar em uma parede de sua casa. Vai dar\u2026","rel":"","context":"Em &quot;Comunica\u00e7\u00e3o&quot;","block_context":{"text":"Comunica\u00e7\u00e3o","link":"https:\/\/jornalrol.com.br\/?cat=7"},"img":{"alt_text":"","src":"https:\/\/i0.wp.com\/www.jornalrol.com.br\/wp-content\/uploads\/2020\/04\/afranio-150x150-1.jpg?resize=350%2C200","width":350,"height":200},"classes":[]},{"id":38064,"url":"https:\/\/jornalrol.com.br\/?p=38064","url_meta":{"origin":2027,"position":4},"title":"Genealogia: Afr\u00e2nio Mello fornece informa\u00e7\u00f5es sobre as fam\u00edlias Mello e Flor\u00eancio","author":"ADM","date":"25 de fevereiro de 2021","format":false,"excerpt":"Afr\u00e2nio Mello fornece informa\u00e7\u00f5es sobre as fam\u00edlias MELLO e FLOR\u00caNCIO ATENDIMENTOS N\u00daMEROS 1.340 E 1.341 Prezado Apol\u00f4nio, boa tarde. Atendendo sua solicita\u00e7\u00e3o sobre a Genealogia dos Flor\u00eancio de Mello, informo que eu tenho arquivos de sobrenomes individuais e n\u00e3o coletivos. Assim sendo vou enviar os arquivos para voc\u00ea dos sobrenomes\u2026","rel":"","context":"Em &quot;Comunica\u00e7\u00e3o&quot;","block_context":{"text":"Comunica\u00e7\u00e3o","link":"https:\/\/jornalrol.com.br\/?cat=7"},"img":{"alt_text":"","src":"https:\/\/i0.wp.com\/www.jornalrol.com.br\/wp-content\/uploads\/2020\/04\/afranio-150x150-1.jpg?resize=350%2C200","width":350,"height":200},"classes":[]},{"id":14862,"url":"https:\/\/jornalrol.com.br\/?p=14862","url_meta":{"origin":2027,"position":5},"title":"Genealogia: Afr\u00e2nio Mello atende gratuitamente pedidos de leitores sobre origens de familias. Neste edi\u00e7\u00e3o, familia MELLI.","author":"Helio Rubens","date":"24 de novembro de 2017","format":false,"excerpt":"Afr\u00e2nio Franco de Oliveira Mello - ATENDIMENTO N\u00daMERO 929 Prezado Johny, boa tarde. Nunca havia escutado antes a men\u00e7\u00e3o do Sobrenome MELLI. N\u00e3o tenho esse sobrenome no meu arquivo. Nos Sites que costume pesquisar, nada encontrei. O que achei, sem custo, para manter o meu atendimento \u00e9 o que segue\u2026","rel":"","context":"Em &quot;Comunica\u00e7\u00e3o&quot;","block_context":{"text":"Comunica\u00e7\u00e3o","link":"https:\/\/jornalrol.com.br\/?cat=7"},"img":{"alt_text":"","src":"https:\/\/i0.wp.com\/www.jornalrol.com.br\/wp-content\/uploads\/2017\/01\/afranio.jpg?resize=350%2C200","width":350,"height":200},"classes":[]}],"_links":{"self":[{"href":"https:\/\/jornalrol.com.br\/index.php?rest_route=\/wp\/v2\/posts\/2027","targetHints":{"allow":["GET"]}}],"collection":[{"href":"https:\/\/jornalrol.com.br\/index.php?rest_route=\/wp\/v2\/posts"}],"about":[{"href":"https:\/\/jornalrol.com.br\/index.php?rest_route=\/wp\/v2\/types\/post"}],"author":[{"embeddable":true,"href":"https:\/\/jornalrol.com.br\/index.php?rest_route=\/wp\/v2\/users\/3"}],"replies":[{"embeddable":true,"href":"https:\/\/jornalrol.com.br\/index.php?rest_route=%2Fwp%2Fv2%2Fcomments&post=2027"}],"version-history":[{"count":0,"href":"https:\/\/jornalrol.com.br\/index.php?rest_route=\/wp\/v2\/posts\/2027\/revisions"}],"wp:attachment":[{"href":"https:\/\/jornalrol.com.br\/index.php?rest_route=%2Fwp%2Fv2%2Fmedia&parent=2027"}],"wp:term":[{"taxonomy":"category","embeddable":true,"href":"https:\/\/jornalrol.com.br\/index.php?rest_route=%2Fwp%2Fv2%2Fcategories&post=2027"},{"taxonomy":"post_tag","embeddable":true,"href":"https:\/\/jornalrol.com.br\/index.php?rest_route=%2Fwp%2Fv2%2Ftags&post=2027"}],"curies":[{"name":"wp","href":"https:\/\/api.w.org\/{rel}","templated":true}]}}