{"id":2031,"date":"2015-05-30T12:43:31","date_gmt":"2015-05-30T15:43:31","guid":{"rendered":"http:\/\/www.jornalrol.com.br\/?p=2031"},"modified":"2015-05-30T12:43:31","modified_gmt":"2015-05-30T15:43:31","slug":"genealogia-afranio-mello-fornece-inmformacoes-sobre-as-familias-remorini-e-furquim","status":"publish","type":"post","link":"https:\/\/jornalrol.com.br\/?p=2031","title":{"rendered":"Genealogia: Afr\u00e2nio Mello fornece inmforma\u00e7\u00f5es sobre as familias REMORINI e FURQUIM"},"content":{"rendered":"<div class=\"pdfprnt-buttons pdfprnt-buttons-post pdfprnt-top-right\"><a href=\"https:\/\/jornalrol.com.br\/index.php?rest_route=%2Fwp%2Fv2%2Fposts%2F2031&print=pdf\" class=\"pdfprnt-button pdfprnt-button-pdf\" target=\"_blank\" ><\/a><a href=\"https:\/\/jornalrol.com.br\/index.php?rest_route=%2Fwp%2Fv2%2Fposts%2F2031&print=print\" class=\"pdfprnt-button pdfprnt-button-print\" target=\"_blank\" ><img decoding=\"async\" src=\"https:\/\/jornalrol.com.br\/wp-content\/plugins\/pdf-print\/images\/print.png\" alt=\"image_print\" title=\"Conte\u00fado de impress\u00e3o\" \/><\/a><\/div><p><strong><u>Afr\u00e2nio Mello &#8211; ATENDIMENTO N\u00daMEROS 476 E 477<\/u><\/strong><!--more--><\/p>\n<p>Caro Ricardo,<\/p>\n<p>&nbsp;<\/p>\n<p>Segue os arquivos que estava devendo para voc\u00ea.<\/p>\n<p>Longa pesquisa mas encontrei.<\/p>\n<p>&nbsp;<\/p>\n<p>REMORINI \/ REMORINO&#8230;&#8230;&#8230;.\u00a0 6 p\u00e1ginas e 1 bras\u00e3o.<\/p>\n<p>FURQUIM \/ FURCHIM&#8230;&#8230;&#8230;&#8230;..\u00a0 4 p\u00e1ginas e 4 bras\u00f5es<\/p>\n<p>Desculpe a demora , mas consegui atend\u00ea-lo<\/p>\n<p>Forte abra\u00e7o<\/p>\n<p>Afr\u00e2nio Franco de Oliveira Mello<br \/>\nIHGGI \/ ROL &#8211; Jornal On Line<\/p>\n<p>&nbsp;<\/p>\n<p><strong><a href=\"http:\/\/www.jornalrol.com.br\/wp-content\/uploads\/2015\/05\/Remorini.jpg\"><img loading=\"lazy\" decoding=\"async\" class=\"alignleft size-full wp-image-2032\" src=\"http:\/\/www.jornalrol.com.br\/wp-content\/uploads\/2015\/05\/Remorini.jpg\" alt=\"Remorini\" width=\"200\" height=\"200\" \/><\/a>Remorini, Remorino<\/strong>, sobrenome de origem italiana. \u00c9 um sobrenome raro, \u00e9 tipicamente toscano, com pequenas varia\u00e7\u00f5es em Carrara, Livorno, Pisa, Santa Croce e San Giuliano Terme. O sobrenome \u00e9 uma forma dialetal toscana do sobrenome original Rosmarini. Fam\u00edlia antiga e virtuosa, que foi elevado \u00e0s honras de Patriziato di Pavia, por delibera\u00e7\u00e3o dos abades e os colonos daquela cidade, em 2 de Setembro de 1791. Tendo em conta os m\u00e9ritos particulares e servi\u00e7os zelosos que haviam feito a mesma cidade e na prov\u00edncia Real Consultor Don Carlo Remorini, primeiro na qualidade de prefeito geral de Mil\u00e3o e depois na de vereador na Assembl\u00e9ia daquela cidade.<\/p>\n<p>Registra-se <strong>Victoria Remorini<\/strong>, nascida em 1891, Toscana, It\u00e1lia. Imigrou em 1940 para Martinez, Calif\u00f3rnia, Estados Unidos.<\/p>\n<p>Registra-se <strong>Vattorria Remorini<\/strong>, nascida em 1891, It\u00e1lia. Imigrou em 1914 para Martinez, Calif\u00f3rnia, Estados Unidos. Era solteira e imigrou junto com sua irm\u00e3 e fam\u00edlia. Como segue as informa\u00e7\u00f5es no departamento de imigra\u00e7\u00e3o: Martino Martini, 40 anos; <strong>Petra Remorini Martini<\/strong>, 34 anos (esposa), Antonio (Tony) Martini 14 anos (filho), Fosco Martini, 12 anos (filho) e Geo Martini 10 anos (filho).<\/p>\n<p>Registra-se <strong>Remo Remorini<\/strong>, nascido na It\u00e1lia em 1883 e com \u00faltima resid\u00eancia na Europa em Dorneue, Fran\u00e7a; ele imigrou em 15.03.1914 para Nova York, Estados Unidos, no vapor La Lorraine.<\/p>\n<p>Registra-se <strong>Elisabetta Remorini<\/strong>, nascida em 1829, Napoli, It\u00e1lia e falecida em 10.11.1855, Quartiere San Ferdinando, Napoli, It\u00e1lia; filha de Giuseppe Remorini e Lucrezia Zamponi; casou-se com Giacinto Baldari em 1849.<\/p>\n<p>Registra-se <strong>Roberto Remorini<\/strong>, nascido em 11.08.1889, Vecchiano, It\u00e1lia; imigrou em 1917 para Thurston County, Washington, Estados Unidos.<\/p>\n<p>&nbsp;<\/p>\n<p>Registra-se <strong>Luigi Remorini<\/strong>, nascido em 19.11.1920, Napoli, It\u00e1lia. Imigrou para o Brasil em 1957 e fez seu registro no Rio de Janeiro; estado civil casado e filho de <strong>Irene Remorini<\/strong>.<\/p>\n<p>&nbsp;<\/p>\n<p>Registra-se <strong>Adalgisa Remorini Bertone<\/strong>, nascida em 16.01.1900, Genova, It\u00e1lia; filha de Angelo Remorini e Enrica Dapino; imigrou para o Brasil em 1969, era vi\u00fava e se fixou em S\u00e3o Paulo, S\u00e3o Paulo.<\/p>\n<p>&nbsp;<\/p>\n<p>Registra-se <strong>Francisco (Francesco) Remorini <\/strong>, nascido na It\u00e1lia e teve seu registro de entrada no Brasil em 11.06.1945; era casado; filho de Luiz (Luigi) Remorini e Rachel Cantini<\/p>\n<p>Registra-se <strong>Italia Zamarioli Remorini <\/strong>, nascida na It\u00e1lia; era casada; filha de Francesco Zamarioli e Clelia Beghetto; teve seu registro de entrada no Brasil em 1945.<\/p>\n<p>Registra-se<strong> Teresa Remorini <\/strong>, nascida em 14.01.1901, Genova, It\u00e1lia; era solteira; filha de Angelo Remorini e Enrica Dalpino; teve seu registro de entrada no Brasil em 20.03.1969.<\/p>\n<p>&nbsp;<\/p>\n<p>Origem do sobrenome <strong>Remorini<\/strong>, pa\u00eds de origem: <strong>Italia<\/strong><\/p>\n<p>Nobreza: <strong>Nobili &#8211; Patrizi<\/strong><\/p>\n<p>Escudo e Bras\u00e3o de Armas da fam\u00edlia Remorini:<br \/>\n<strong>Scaccato d&#8217;argento e di rosso col capo d&#8217;oro. Cimiero:un leone d&#8217;oro nascente, coronato, tenente con la bocca e le zampe una catena di ferro. Motto: FORTIOR EST VIRTUS.<\/strong><\/p>\n<p>Antica e virtuosa famiglia, la quale fu innalzata agli onori del Patriziato di Pavia, con deliberazione degli abati e dei decurioni di quella citt\u00e0, in data 2 settembre 1791. In considerazione dei particolari meriti e zelanti servizi che aveva reso alla stessa citt\u00e0 e alla provincia il R. Consultore don Carlo Remorini, prima nella sua qualit\u00e0 di sindaco generale di Milano e poi in quella di assessore presso la Congregazione &#8230;continua<\/p>\n<p>&nbsp;<\/p>\n<p><a href=\"http:\/\/www.imigrantesitalianos.com.br\/\">http:\/\/www.imigrantesitalianos.com.br\/<\/a><\/p>\n<p>&nbsp;<\/p>\n<p>&nbsp;<\/p>\n<p><strong><a href=\"http:\/\/www.jornalrol.com.br\/wp-content\/uploads\/2015\/05\/Furquim.gif\"><img loading=\"lazy\" decoding=\"async\" class=\"alignleft size-full wp-image-2033\" src=\"http:\/\/www.jornalrol.com.br\/wp-content\/uploads\/2015\/05\/Furquim.gif\" alt=\"Furquim\" width=\"147\" height=\"188\" \/><\/a>Furquim<\/strong>, sobrenome de origem portuguesa, \u00e9 um aportuguesamento do sobrenome franc\u00eas Fourquim que \u00e9 origin\u00e1rio do sobrenome germ\u00e2nico Forchheim. Fam\u00edlia intimamente ligada aos Werneck aqui no Brasil. Os 3 primeiros bras\u00f5es s\u00e3o da fam\u00edlia Forchheim da Alemanha e o quarto \u00e9 o da fam\u00edlia Fourquim da Fran\u00e7a.<\/p>\n<p>Registra-se <strong>Rosa Furquim Werneck de Almeida<\/strong>, Vicondessa Mayrink, nascida em 21.06.1852 e falecida em 01.09.1912; filha de<strong>Francisco de Assis Furquim de Almeida <\/strong>e Mariana Isabel de Lacerda Werneck; casou-se com Jo\u00e3o Carlos Mayrinck, Visconde de Mayrink; m\u00e3e de Raphael de Mayrinck e irm\u00e3 de <strong>Francisco Furquim Werneck de Almeida.<\/strong><\/p>\n<p>&nbsp;<\/p>\n<p>Registra-se <strong>Francisco Furquim Werneck de Almeida<\/strong>\u00a0(Vassouras,\u00a029 de setembro\u00a0 de\u00a0 1846 \u00a0\u2014 Petr\u00f3polis,\u00a018 de fevereiro \u00a0de\u00a0 1908) foi um m\u00e9dico e pol\u00edtico brasileiro.<\/p>\n<p>Filho do dr.\u00a0Francisco de Assis Furquim de Almeida\u00a0e de Mariana Isabel de Lacerda Werneck, era neto materno da baronesa e do\u00a0Bar\u00e3o de Pati do Alferes. Casou com sua prima Hortense Josefina Teixeira de Almeida, filha do <strong>Dr. Jos\u00e9 Caetano Furquim de Almeida<\/strong> e de Francisca Gabriela Teixeira Leite, neta dos\u00a0Bar\u00f5es de Itamb\u00e9. Tiveram diversos filhos, dentre os quais o <strong>Dr.\u00a0Hugo Furquim Werneck<\/strong>. Bacharel em Letras pelo\u00a0Col\u00e9gio Pedro II\u00a0no Rio de Janeiro. Doutor em 1869 pela\u00a0Faculdade de Medicina do Rio de Janeiro. Completou seus estudos em\u00a0Viena, especializando-se em\u00a0ginecologia. Foi o introdutor da opera\u00e7\u00e3o\u00a0Cesariana\u00a0no Brasil. Durante a\u00a0Guerra do Paraguai, ainda estudante de Medicina, integrou o\u00a0Batalh\u00e3o Acad\u00eamico. Parteiro de nomeada, foi m\u00e9dico da\u00a0Princesa Isabel, membro da\u00a0Academia Nacional de Medicina\u00a0e condecorado com a\u00a0Imperial Ordem da Rosa. Juntamente com\u00a0Lucas Ant\u00f4nio de Oliveira Cata Preta\u00a0e\u00a0Jo\u00e3o Marinho de Azevedo\u00a0foi propriet\u00e1rio e fundador da\u00a0<em>Casa de Sa\u00fade Marinho, Cata Preta &amp; Werneck<\/em>, situada na Rua Fresca (proximidades da atual Pra\u00e7a XV, no Rio de Janeiro).<\/p>\n<p>Republicano, eleito\u00a0deputado federal, integrou a primeira\u00a0Assembl\u00e9ia Nacional Constituinte. Nomeado no governo\u00a0Prudente de Morais, foi\u00a0prefeito do antigo Distrito Federal, de 1895 a 1897. Ex\u00edmio atirador foi campe\u00e3o do Concurso Mundial de Tiro em 1904 em\u00a0Buenos Aires, Argentina.<\/p>\n<p>Residiu, quando prefeito do Rio de Janeiro, na\u00a0Ilha de Paquet\u00e1, onde a principal rua tem o nome em sua homenagem. Originalmente, quando do arruamento inicial do bairro de\u00a0Copacabana, a atual rua Xavier da Silveira, chamou-se tamb\u00e9m Furquim Werneck. Faleceu subitamente de um ataque apopl\u00e9tico, em sua resid\u00eancia no antigo quarteir\u00e3o Morin, na cidade de Petr\u00f3polis.<\/p>\n<p>&nbsp;<\/p>\n<p>&nbsp;<\/p>\n<p>Registra-se <strong>Francisco de Assis Furquim de Almeida<\/strong>, nascido em 05.12.1814, Camanducaia, Minas Gerais, Brasil e falecido em 13.09.1887, Valen\u00e7a, Rio de Janeiro, Brasil devido a uma pneumonia; filho de <strong>Manuel Furquim de Almeida <\/strong>e Ana Bernardina de Melo; casou-se com Mariana Isabel de Lacerda Werneck; seus filhos: <strong>Francisco Furquim Werneck de Almeida<\/strong> e <strong>Rosa Furquim Werneck de Almeida<\/strong>; seus irm\u00e3os: Baptista Caetano de Almeida; <strong>Constan\u00e7a Miguelina Furquim de Almeida; Maria Gabriela Furquim de Almeida; Ant\u00f4nio Bernardino Furquim de Almeida; Emerenciana Carolina Furquim de Almeida <\/strong>e mais quatro outros irm\u00e3os.<\/p>\n<p>&nbsp;<\/p>\n<p>Registra-se <strong>Manuel Furquim de Almeida<\/strong>, nascido por volta de 1770, S\u00e3o Paulo, S\u00e3o Paulo, Brasil e falecido em 1818, Camanducaia, Minas Gerais, Brasil; filho de <strong>Caetano Furquim de Campos<\/strong> e Isabel Sobrinha de Almeida.<\/p>\n<p>&nbsp;<\/p>\n<p>Registra-se <strong>Caetano Furquim de Campos<\/strong>, nascido em 1725, S\u00e3o Paulo, S\u00e3o Paulo, Brasil; filho de <strong>Estanislau Furquim Pedroso<\/strong> e Ana de Campos; casou-se com Isabel Sobrinha de Almeida; teve os seguintes filhos: <strong>Manuel Furquim de Almeida<\/strong>, Gertrudes Maria de Almeida e Pedro de Alc\u00e2ntara de Almeida; era irm\u00e3o de: <strong>Cl\u00e1udio Furquim de Campos<\/strong>, <strong>Fructuoso Furquim de Campos<\/strong>, Francisco Xavier Pedroso, Maria Caetana de Campos e Maria Xavier de Campos.<\/p>\n<p>&nbsp;<\/p>\n<p>Registra-se <strong>Estanislau Furquim Pedroso<\/strong>, nascido por volta de 1685, Santana do Parna\u00edba, S\u00e3o Paulo, Brasil; filho de <strong>Cl\u00e1udio Furquim da Luz<\/strong> e Isabel Pedroso; casou-se com Ana de Campos; irm\u00e3o de: <strong>Luzia Furquim Pedroso, Estev\u00e3o Furquim Pedroso, Francisco Pedroso Furquim, Sulp\u00edcio Pedroso Furquim e Escol\u00e1stica Furquim.<\/strong><\/p>\n<p>&nbsp;<\/p>\n<p>Registra-se <strong>Cl\u00e1udio Furquim da Luz<\/strong>, nascido em 1647, S\u00e3o Paulo, S\u00e3o Paulo, Brasil e falecido em 1710, Osasco, S\u00e3o Paulo, Brasil; filho de <strong>Estev\u00e3o Furquim <\/strong>e Maria da Luz; casou-se com Isabel Pedroso; irm\u00e3o de: <strong>Luiz Furquim, Maria Furquim, Estev\u00e3o Furquim Franc\u00eas e Ant\u00f4nio Furquim da Luz<\/strong>. Exerceu o cargo de Juiz de \u00d3rf\u00e3os.<\/p>\n<p>&nbsp;<\/p>\n<p>Registra-se <strong>Estev\u00e3o Furquim<\/strong>, nascido em 1618, S\u00e3o Paulo, S\u00e3o Paulo, Brasil e falecido em 1660, Santana de Parna\u00edba, S\u00e3o Paulo, Brasil; filho de <strong>Cl\u00e1udio Furquim, o franc\u00eas<\/strong> e Maria Pedroso; casou-se com Maria da Luz; era irm\u00e3o de <strong>Baltazar Furquim<\/strong> e meio-irm\u00e3o de Jos\u00e9 Ortiz de Camargo, <strong>Claudio Furquim de Camargo<\/strong>, Leonor Domingues de Camargo e Isabel da Silva.<\/p>\n<p>&nbsp;<\/p>\n<p>Registra-se <strong>Cl\u00e1udio Furquim, o franc\u00eas (Claude Fourquim)<\/strong>, nascido em 1586, Nancy, Meurthe-et-Moselle, Lorraine, Fran\u00e7a e falecido em 1647, S\u00e3o Paulo, S\u00e3o Paulo, Brasil; filho de <strong>Estev\u00e3o Furquim (Etienne Fourquim)<\/strong> e Susana Moreira; casou-se em primeiras n\u00fapcias com Ana Maria de Camargo, casou-se em segundas n\u00fapcias com Maria Pedroso e casou-se em terceira n\u00fapcias com Maria Leme da Silva; meio-irm\u00e3o de Pedro \u00c1lvares Moreira Cabral, Branca Cabral, Maria Moreira Cabral e Ana Cabral.<\/p>\n<p>Registra-se <strong>Estev\u00e3o Furquim (Etienne Fourquim)<\/strong>, nascido por volta de 1560, Nancy, Lorraine, Fran\u00e7a e falecido em S\u00e3o Paulo, S\u00e3o Paulo, Brasil; filho de <strong>Nikolaus Forcheim<\/strong> (nascido por volta de 1525, em local desconhecido); casou-se com Susana Moreira.<\/p>\n<table width=\"295\">\n<tbody>\n<tr>\n<td colspan=\"2\"><\/td>\n<\/tr>\n<tr>\n<td><\/td>\n<td><\/td>\n<\/tr>\n<tr>\n<td><\/td>\n<td><\/td>\n<\/tr>\n<tr>\n<td><\/td>\n<td><\/td>\n<\/tr>\n<tr>\n<td><\/td>\n<td><\/td>\n<\/tr>\n<tr>\n<td width=\"82\"><\/td>\n<td><\/td>\n<\/tr>\n<\/tbody>\n<\/table>\n<p>Registra-se <strong>J\u00falio Furquim Werneck<\/strong>, nascido em 1887, Rio de Janeiro, Rio de Janeiro, Brasil; casou-se em 12.04.1912 com Carmen de Freitas Guimar\u00e3es, nascida em 1888. filha de Luiz de Freitas Guimar\u00e2es e Rita Clara de Freitas Guimar\u00e3es; ele filho de <strong>Francisco Furquim Werneck de Almeida<\/strong>.<\/p>\n<p>&nbsp;<\/p>\n<p>Registra-se <strong>Joaquim Furquim<\/strong>, nascido em 15.08.1886, Itapeva, S\u00e3o Paulo, Brasil; filho de <strong>Fermino Furquim<\/strong> e Rita de Mattos.<\/p>\n<p>&nbsp;<\/p>\n<p>Registra-se <strong>Francisco Furquim<\/strong>, nascido em 12.12.1815, Cotia, S\u00e3o Paulo, Brasil; filho de Joz\u00e9 Manoel Furquim e Maria Joaquina Vieira.<\/p>\n<p>&nbsp;<\/p>\n<p>Registra-se <strong>Ant\u00f4nio Furquim<\/strong>, nascido em 20.07.1797, S\u00e3o Roque, S\u00e3o Paulo, Brasil; filho de <strong>Franscisca Maria Furquim<\/strong>; seu irm\u00e3o foi <strong>Fernando Furquim<\/strong>, nascido em 07.06.1793, S\u00e3o Roque, S\u00e3o Paulo, Brasil.<\/p>\n<p>&nbsp;<\/p>\n","protected":false},"excerpt":{"rendered":"<p>Afr\u00e2nio Mello &#8211; ATENDIMENTO N\u00daMEROS 476 E 477<\/p>\n","protected":false},"author":3,"featured_media":0,"comment_status":"closed","ping_status":"closed","sticky":false,"template":"","format":"standard","meta":{"_jetpack_newsletter_access":"","_jetpack_dont_email_post_to_subs":false,"_jetpack_newsletter_tier_id":0,"_jetpack_memberships_contains_paywalled_content":false,"_jetpack_memberships_contains_paid_content":false,"footnotes":""},"categories":[7],"tags":[656],"class_list":["post-2031","post","type-post","status-publish","format-standard","hentry","category-comunicacao","tag-afranio"],"aioseo_notices":[],"views":0,"jetpack_featured_media_url":"","jetpack_sharing_enabled":true,"jetpack_likes_enabled":true,"jetpack-related-posts":[{"id":770,"url":"https:\/\/jornalrol.com.br\/?p=770","url_meta":{"origin":2031,"position":0},"title":"INFORMA\u00c7\u00d5ES SOBRE A FAMILIA REMORINI","author":"Helio Rubens","date":"30 de janeiro de 2015","format":false,"excerpt":"O leitor pediu informa\u00e7\u00f5es e o genealogista buscou a resposta at\u00e9 nas fontes italianas. Veja \u00a0troca de correspondencia entre eles. Senhores, Gostaria de saber se possuem informa\u00e7\u00f5es sobre o sobrenome italiano\u00a0 REMORINI. Os dados abaixo dever\u00e3o servir para pesquisa. Carlo Remorini (1849\/1850 - ?) e Carolina Remorini (1859\/1860 -?) Italianos,\u2026","rel":"","context":"Em &quot;Comunica\u00e7\u00e3o&quot;","block_context":{"text":"Comunica\u00e7\u00e3o","link":"https:\/\/jornalrol.com.br\/?cat=7"},"img":{"alt_text":"","src":"","width":0,"height":0},"classes":[]},{"id":1432,"url":"https:\/\/jornalrol.com.br\/?p=1432","url_meta":{"origin":2031,"position":1},"title":"Genealogia: AFR\u00c2NIO MELLO FORNECE INFORMA\u00c7\u00d5ES SOBRE A FAMILIA REMORINI","author":"ADM","date":"2 de abril de 2015","format":false,"excerpt":"Afr\u00e2nio Mello - ATENDIMENTO N\u00daMERO 451 Caro amigo, Estou enviando um pequeno arquivo , enquanto aguardo a finaliza\u00e7\u00e3o das pesquisas que est\u00e3o em andamento. T\u00e3o logo tenha mais informa\u00e7\u00f5es, enviarei. Voc\u00ea tem um bras\u00e3o bem bonito em sua genealogia. Grande abra\u00e7o Afr\u00e2nio Franco de Oliveira Mello IHGGI \/ ROL \u2013\u2026","rel":"","context":"Em &quot;Comunica\u00e7\u00e3o&quot;","block_context":{"text":"Comunica\u00e7\u00e3o","link":"https:\/\/jornalrol.com.br\/?cat=7"},"img":{"alt_text":"Patrizi","src":"https:\/\/i0.wp.com\/www.jornalrol.com.br\/wp-content\/uploads\/2015\/04\/Patrizi.jpg?resize=350%2C200","width":350,"height":200},"classes":[]},{"id":14862,"url":"https:\/\/jornalrol.com.br\/?p=14862","url_meta":{"origin":2031,"position":2},"title":"Genealogia: Afr\u00e2nio Mello atende gratuitamente pedidos de leitores sobre origens de familias. Neste edi\u00e7\u00e3o, familia MELLI.","author":"Helio Rubens","date":"24 de novembro de 2017","format":false,"excerpt":"Afr\u00e2nio Franco de Oliveira Mello - ATENDIMENTO N\u00daMERO 929 Prezado Johny, boa tarde. Nunca havia escutado antes a men\u00e7\u00e3o do Sobrenome MELLI. N\u00e3o tenho esse sobrenome no meu arquivo. Nos Sites que costume pesquisar, nada encontrei. O que achei, sem custo, para manter o meu atendimento \u00e9 o que segue\u2026","rel":"","context":"Em &quot;Comunica\u00e7\u00e3o&quot;","block_context":{"text":"Comunica\u00e7\u00e3o","link":"https:\/\/jornalrol.com.br\/?cat=7"},"img":{"alt_text":"","src":"https:\/\/i0.wp.com\/www.jornalrol.com.br\/wp-content\/uploads\/2017\/01\/afranio.jpg?resize=350%2C200","width":350,"height":200},"classes":[]},{"id":3983,"url":"https:\/\/jornalrol.com.br\/?p=3983","url_meta":{"origin":2031,"position":3},"title":"Genealogia: Afr\u00e2nio Mello fornece informa\u00e7\u00f5es sobre a familia Matias","author":"Helio Rubens","date":"29 de dezembro de 2015","format":false,"excerpt":"Afr\u00e2nio Franco de Oliveira Mello: ATENDIMENTO N\u00daMERO 590 \u00a0 Cara Francisca,boa tarde quase noite. \u00a0 Os arquivos comppletos que envio atendem s\u00f3 aos solicitantes. No Site do Rol-Jornal On Line vai um resumo para todos verem que existe o sobrenome e , caso se interessem, fa\u00e7am o pedido, como voc\u00ea\u2026","rel":"","context":"Em &quot;Comunica\u00e7\u00e3o&quot;","block_context":{"text":"Comunica\u00e7\u00e3o","link":"https:\/\/jornalrol.com.br\/?cat=7"},"img":{"alt_text":"Afr\u00e2nio Mello","src":"https:\/\/i0.wp.com\/www.jornalrol.com.br\/wp-content\/uploads\/2015\/07\/Afr%C3%A2nio-para-o-ROL-2.jpg?resize=350%2C200","width":350,"height":200},"classes":[]},{"id":33980,"url":"https:\/\/jornalrol.com.br\/?p=33980","url_meta":{"origin":2031,"position":4},"title":"Genealogia: Afr\u00e2nio Mello fornece informa\u00e7\u00f5es sobre a fam\u00edlia Ciocchetti","author":"ADM","date":"21 de setembro de 2020","format":false,"excerpt":"Afr\u00e2nio Mello fornece informa\u00e7\u00f5es sobre a fam\u00edlia CIOCCHETTI ATENDIMENTO NUMERO 1.287 Prezada Mariana, boa noite. Demorou um pouco mas consegui algumas informa\u00e7\u00f5es sobre o seu sobrenome. CIOCCHETTI.................... . 4 p\u00e1ginas e 1 belo bras\u00e3o que voc\u00ea pode fazer um quadro e pendurar em uma parede de sua casa. Vai dar\u2026","rel":"","context":"Em &quot;Comunica\u00e7\u00e3o&quot;","block_context":{"text":"Comunica\u00e7\u00e3o","link":"https:\/\/jornalrol.com.br\/?cat=7"},"img":{"alt_text":"","src":"https:\/\/i0.wp.com\/www.jornalrol.com.br\/wp-content\/uploads\/2020\/04\/afranio-150x150-1.jpg?resize=350%2C200","width":350,"height":200},"classes":[]},{"id":5127,"url":"https:\/\/jornalrol.com.br\/?p=5127","url_meta":{"origin":2031,"position":5},"title":"Genealogia: Afr\u00e2nio Mello fornece informa\u00e7\u00f5es gratuitamente sobre a fam\u00edlia Alfradique","author":"Helio Rubens","date":"2 de junho de 2016","format":false,"excerpt":"Afr\u00e2nio Franco de Oliveira Mello - ATENDIMENTO N\u00daMERO 739 \u00a0 Prezada Mariane, Em 04.07.2015 fiz o primeiro atendimento desse sobrenome e, hoje, \u00e9 o segundo. A pessoa que fez a consulta \u00e9 Ana Karen. Em rela\u00e7\u00e3o ao sobrenome ALFRADIQUE envio: Arquivo com s\u00f3 uma p\u00e1gina e um bras\u00e3o. Na primeira\u2026","rel":"","context":"Em &quot;Comunica\u00e7\u00e3o&quot;","block_context":{"text":"Comunica\u00e7\u00e3o","link":"https:\/\/jornalrol.com.br\/?cat=7"},"img":{"alt_text":"","src":"","width":0,"height":0},"classes":[]}],"_links":{"self":[{"href":"https:\/\/jornalrol.com.br\/index.php?rest_route=\/wp\/v2\/posts\/2031","targetHints":{"allow":["GET"]}}],"collection":[{"href":"https:\/\/jornalrol.com.br\/index.php?rest_route=\/wp\/v2\/posts"}],"about":[{"href":"https:\/\/jornalrol.com.br\/index.php?rest_route=\/wp\/v2\/types\/post"}],"author":[{"embeddable":true,"href":"https:\/\/jornalrol.com.br\/index.php?rest_route=\/wp\/v2\/users\/3"}],"replies":[{"embeddable":true,"href":"https:\/\/jornalrol.com.br\/index.php?rest_route=%2Fwp%2Fv2%2Fcomments&post=2031"}],"version-history":[{"count":0,"href":"https:\/\/jornalrol.com.br\/index.php?rest_route=\/wp\/v2\/posts\/2031\/revisions"}],"wp:attachment":[{"href":"https:\/\/jornalrol.com.br\/index.php?rest_route=%2Fwp%2Fv2%2Fmedia&parent=2031"}],"wp:term":[{"taxonomy":"category","embeddable":true,"href":"https:\/\/jornalrol.com.br\/index.php?rest_route=%2Fwp%2Fv2%2Fcategories&post=2031"},{"taxonomy":"post_tag","embeddable":true,"href":"https:\/\/jornalrol.com.br\/index.php?rest_route=%2Fwp%2Fv2%2Ftags&post=2031"}],"curies":[{"name":"wp","href":"https:\/\/api.w.org\/{rel}","templated":true}]}}