{"id":2039,"date":"2015-05-30T12:55:45","date_gmt":"2015-05-30T15:55:45","guid":{"rendered":"http:\/\/www.jornalrol.com.br\/?p=2039"},"modified":"2015-05-30T12:55:45","modified_gmt":"2015-05-30T15:55:45","slug":"genealogia-afranio-mello-fornece-informacoes-sobre-a-familia-boldrini","status":"publish","type":"post","link":"https:\/\/jornalrol.com.br\/?p=2039","title":{"rendered":"Genealogia: Afr\u00e2nio Mello fornece informa\u00e7\u00f5es sobre a familia BOLDRINI"},"content":{"rendered":"<div class=\"pdfprnt-buttons pdfprnt-buttons-post pdfprnt-top-right\"><a href=\"https:\/\/jornalrol.com.br\/index.php?rest_route=%2Fwp%2Fv2%2Fposts%2F2039&print=pdf\" class=\"pdfprnt-button pdfprnt-button-pdf\" target=\"_blank\" ><\/a><a href=\"https:\/\/jornalrol.com.br\/index.php?rest_route=%2Fwp%2Fv2%2Fposts%2F2039&print=print\" class=\"pdfprnt-button pdfprnt-button-print\" target=\"_blank\" ><img decoding=\"async\" src=\"https:\/\/jornalrol.com.br\/wp-content\/plugins\/pdf-print\/images\/print.png\" alt=\"image_print\" title=\"Conte\u00fado de impress\u00e3o\" \/><\/a><\/div><p><strong><u>Afr\u00e2nio Mello &#8211; ATENDIMENTO N\u00daMERO 475<\/u><\/strong><!--more--><\/p>\n<p>Caro Romulo,<\/p>\n<p>Desde 24.03.2015 estou devendo para voc\u00ea o arquivo do sobrenome BOLDRINI.<\/p>\n<p>N\u00e3o devo mais.<\/p>\n<p>Veja abaixo o hist\u00f3rico que tem uma varia\u00e7\u00e3o \u2013 Boldrini e Boldrin. Mesmo sobrenome, mesma origem.<\/p>\n<p>Tem diversos documentos de pessoas com o sobrenome e a imigra\u00e7\u00e3o deles para os diversos pa\u00edses.<\/p>\n<p>Tem tamb\u00e9m o bras\u00e3o em arquivo separado caso queira fazer um quadro.<\/p>\n<p>Grande abra\u00e7o<\/p>\n<p>Afr\u00e2nio Franco de Oliveira Mello<br \/>\nIHGGI \/ ROL &#8211; Jornal On Line<\/p>\n<p><strong><a href=\"http:\/\/www.jornalrol.com.br\/wp-content\/uploads\/2015\/05\/Boldrini.jpg\"><img loading=\"lazy\" decoding=\"async\" class=\"alignleft size-full wp-image-2036\" src=\"http:\/\/www.jornalrol.com.br\/wp-content\/uploads\/2015\/05\/Boldrini.jpg\" alt=\"Boldrini\" width=\"163\" height=\"200\" \/><\/a>Boldrini, Boldrin<\/strong>, sobrenome de origem italiana. Boldrin e Boldrini s\u00e3o sobrenomes de origem veneta. \u00c9 um sobrenome classifica como patron\u00edmico, pois deriva do nome pessoal do primeiro a adotar o sobrenome. Vem de <strong><em>Boldrinus<\/em><\/strong> que \u00e9 derivado de um dos nomes com termina\u00e7\u00e3o <strong><em>boldo<\/em><\/strong> ou <strong><em>poldo<\/em><\/strong>(Uboldo, Leopoldo, etc) que s\u00e3o nomes de origem germ\u00e2nica. Ulbado vem do nome germ\u00e2nico <strong><em>Ubald<\/em><\/strong> (baldo: bravo, corajoso); exemplo desse nome remonta-se ao fim dos anos de 1300 com <strong>Boldrino de Panicale<\/strong>, famoso capit\u00e3o de ventura; mas encontramos os primeiros vest\u00edgios desse nome por volta do ano 1500 com o gravador <strong>Nicolaus Boldrinus<\/strong>.<\/p>\n<p>Boldrini \u00e9 um sobrenome veneto do termo veronese \u201cboldro\u201d (sboldro) = inchado. Segundo o genealista Bongioanni (Nomi e cognomi, Torino, 1928, p\u00e1gina 128), deriva do nome germ\u00e2nico antigo <strong><em>Waldhari<\/em><\/strong> que evoluiu sob a forma de <strong><em>Walther<\/em><\/strong> que significa \u201cgovernador\u201d. Esse nome foi latinizado para <strong><em>Vualterius ou Gualterius<\/em><\/strong>; em lombardo o nome usado \u00e9 Gualterius que d\u00e1 base ao sobrenome Gualtieri. Assim com em veneto h\u00e1 variantes como Baldari, Baldorini que significam: Chefe do Ex\u00e9rcito.<\/p>\n<p>Antiga fam\u00edlia com resid\u00eancia na cidade de Ferrara, que Boldrin ou Boldrini, rapidamente se espalharam, ao longo dos s\u00e9culos, em diferentes regi\u00f5es da It\u00e1lia. Por<strong>Ant\u00f4nio Boldrini<\/strong>, <strong>Giovanni Battista Boldrini<\/strong>, nasceu em Ferrara em 14;12;1728; <strong>Cesare Boldrini<\/strong>, que no per\u00edodo de 1775-1795 pertenceu a segunda ordem do Conselho Centumvirale e tamb\u00e9m recebeu honras como capit\u00e3o das tropas papais. Seu filho <strong>Giovanni Battista Boldrini<\/strong>, nascido em 1764, foi advogado e cavaleiro da Coroa.<\/p>\n<p>Registra-se <strong>Gaetano Boldrini<\/strong> que imigrou para Brasil, chegando ao porto de Benevente, Anchieta, Esp\u00edrito Santo em 13.11.1876; chegou aqui com 24 anos de idade, vieram junto consigo sua m\u00e3e, Angela Martinelli com 54 anos e sua irm\u00e3 <strong>Pasqua Boldrini<\/strong> com 14 anos.<\/p>\n<p>Registra-se <strong>Maria Vittoria Boldrini<\/strong> que imigrou para o Brasil, chegando ao porto de S\u00e3o Mateus, Esp\u00edrito Santo em 10.12.1891 vindo de Padova, Veneto, It\u00e1lia; chegou aqui com 41 anos de idade, vieram junto consigo seu esposo, Luigi Moretto com 43 anos, seu filho, Vittorio Moretto com 16 anos, seu filho, Domenico Moretto com 11 anos, seu filho, Ferdinando Moretto com 6 anos e sua filha Filomena Moretto com 11 meses.<\/p>\n<p>Registra-se <strong>Marco Boldrini<\/strong> que imigrou para o Brasil, chegando ao porto de Benevente, Anchieta, Esp\u00edrito Santo em 26.01.1878 vindo de Castiglione delle Steviere, Mantova, Lombardia, It\u00e1lia; chegou aqui com 43 anos de idade, vieram consigo sua esposa, Polonia Ravazzini com 34 anos, sua filha, <strong>Enricheta Boldrini<\/strong>com 12 anos, sua filha, <strong>Virginia Boldrini<\/strong>, com 11 anos, sua filha, <strong>Rosa Boldrini<\/strong> com 10 anos, seu filho <strong>Enrico Boldrini<\/strong>, com 7 anos de idade e seu filho <strong>Luigi Boldrini<\/strong> com 3 anos de idade.<\/p>\n<p>Registra-se <strong>Laerte Bartolomeo Catello Boldrini,<\/strong> nascido em 11.04.1865, Castellammare di Stabia, Napoli, It\u00e1lia; filho de <strong>Giovanni Boldrini<\/strong> e Margherita Molteni.<\/p>\n<p>Registra-se <strong>Giustina Catterina Boldrini,<\/strong> nascida em 15.01.1810, Modena, It\u00e1lia. filha de <strong>Giuseppe Boldrini<\/strong> e Maria Brausi.<\/p>\n<p>Registra-se <strong>Lucia Boldrini,<\/strong> nascida em 22.09.1807, Modena, It\u00e1lia; filha de <strong>Paolo Boldrini<\/strong> e Benedetta Carozzi.<\/p>\n<p>Registra-se <strong>Luigi Pacifico Boldrini,<\/strong> nascido em 1816, Lombardia, It\u00e1lia; casou-se com Maria Gaetana della Valle, com 27 anos de idade, em 19.10.1858 em Quartiere San Ferdinando, Napoli, It\u00e1lia. Ele filho de <strong>Giuseppe Boldrini<\/strong> e Angiola Martioli e ela filha de Vincenzo della Valle e Carolina Squeglia.<\/p>\n<p>Registra-se<strong> Patrizio Boldrini,<\/strong> nascido em 02.02.1939, Firenze (Floren\u00e7a), Toscana, It\u00e1lia; filho de Vittorio Boldrini e Emma Bianchi; chegou no Brasil em 11.04.1960 e fez o registro no Rio de Janeiro. Veio solteiro.<\/p>\n<p>Registra-se<strong> Luz Boldrini de Pereyra Iraola,<\/strong> nascida em 15.01.1918, Buenos Aires, Argentina; filha de Carlos Boldrini e Virg\u00ednia Bianco; chegou no Brasil em 18.04.1939 e fez o registro no Rio de Janeiro. Veio junto com seu esposo.<\/p>\n<p>Registra-se<strong> Marcello Boldrini,<\/strong> nascida em 09.02.1890, Matelica, It\u00e1lia; filho de Vincenzo e Seconda Boldrini; chegou no Brasil em 17.06.1955 e fez o registro no Rio de Janeiro. Veio junto com sua esposa.<\/p>\n<p>Registra-se<strong> Stella Boldrini,<\/strong> nascida em 03.05.1876, It\u00e1lia; filha de Giovani e Rosa Boldrini; chegou no Brasil em 25.11.1952 e fez o registro no Rio de Janeiro. Era freira e veio transferida de Buenos Aires, Argentina.<\/p>\n<p>Registra-se<strong> Aldina Boldrini,<\/strong> nascida em 21.12.1911, Modena, Lombardia, It\u00e1lia; filha de Enrico Boldrini e Ernesta Marini; chegou no Brasil em 1951 e fez o registro no consulado geral do Brasil em Mil\u00e3o, It\u00e1lia. Veio para c\u00e1 solteira.<\/p>\n<p>Registra-se<strong> Bruno Boldrini,<\/strong> nascido em 23.10.1915, Bondeno, It\u00e1lia; filho de Eg\u00eddio Boldrini e Ermenegilda Cavallini; chegou no Brasil em 1947 e fez o registro no consulado geral do Brasil em Mil\u00e3o, It\u00e1lia. Veio para c\u00e1 casado. Era mec\u00e2nico eletricista de profiss\u00e3o.<\/p>\n<p>Registra-se<strong> Luis Adolfo Vicente Boldrini,<\/strong> nascido em 31.12.1925, Colonia, Uruguai; filho de Vicente Boldrini e D\u00e1ria Orchogar\u00e1n; chegou no Brasil em 1955 e fez o registro no consulado geral do Brasil em Montevid\u00e9o, Uruguai. Veio para c\u00e1 solteiro. Era comerciante de profiss\u00e3o.<\/p>\n<p>Registra-se<strong> Silvana Boldrini Beraldo,<\/strong> nascido em 24.02.1926, Este, It\u00e1lia; filha de Narciso Boldrini e Concetta Bertolini; chegou no Brasil em 1951 e fez o registro no consulado geral do Brasil em Mil\u00e3o, It\u00e1lia. Veio para c\u00e1 casada.<\/p>\n<p>Registra-se<strong> Marco Boldrini,<\/strong> nascido em 30.09.1944, Camerino It\u00e1lia, sendo que vivia em Roma; filho de Marcello Boldrini e Renata Bombi; chegou no Brasil em 1955 e fez o registro no consulado geral do Brasil em Roma, It\u00e1lia. Veio para c\u00e1 junto com os pais.<\/p>\n<p>Boldrini, Boldrin, sobrenome de origem italiana. Boldrin e Boldrini s\u00e3o sobrenomes de origem veneta. \u00c9 um sobrenome classifica como patron\u00edmico, pois deriva do nome pessoal do primeiro a adotar o sobrenome. Vem de <strong><em>Boldrinus<\/em><\/strong> que \u00e9 derivado de um dos nomes com termina\u00e7\u00e3o <strong><em>boldo<\/em><\/strong> ou <strong><em>poldo<\/em><\/strong> (Uboldo, Leopoldo, etc) que s\u00e3o nomes de origem germ\u00e2nica. Ulbado vem do nome germ\u00e2nico <strong><em>Ubald<\/em><\/strong> (baldo: bravo, corajoso); exemplo desse nome remonta-se ao fim dos anos de 1300 com <strong>Boldrino de Panicale<\/strong>, famoso capit\u00e3o de ventura; mas encontramos os primeiros vest\u00edgios desse nome por volta do ano 1500 com o gravador <strong>Nicolaus Boldrinus<\/strong>.<\/p>\n<p>Boldrini \u00e9 um sobrenome veneto do termo veronese \u201cboldro\u201d (sboldro) = inchado. Segundo o genealista Bongioanni (Nomi e cognomi, Torino, 1928, p\u00e1gina 128), deriva do nome germ\u00e2nico antigo <strong><em>Waldhari<\/em><\/strong> que evoluiu sob a forma de <strong><em>Walther<\/em><\/strong> que significa \u201cgovernador\u201d. Esse nome foi latinizado para <strong><em>Vualterius ou Gualterius<\/em><\/strong>; em lombardo o nome usado \u00e9 Gualterius que d\u00e1 base ao sobrenome Gualtieri. Assim com em veneto h\u00e1 variantes como Baldari, Baldorini que significam: Chefe do Ex\u00e9rcito.<\/p>\n<p>Antiga fam\u00edlia com resid\u00eancia na cidade de Ferrara, que Boldrin ou Boldrini, rapidamente se espalharam, ao longo dos s\u00e9culos, em diferentes regi\u00f5es da It\u00e1lia. Por <strong>Ant\u00f4nio Boldrini<\/strong>, <strong>Giovanni Battista Boldrini<\/strong>, nasceu em Ferrara em 14;12;1728; <strong>Cesare Boldrini<\/strong>, que no per\u00edodo de 1775-1795 pertenceu a segunda ordem do Conselho Centumvirale e tamb\u00e9m recebeu honras como capit\u00e3o das tropas papais. Seu filho <strong>Giovanni Battista Boldrini<\/strong>, nascido em 1764, foi advogado e cavaleiro da Coroa.<\/p>\n<p>Registra-se <strong>Gaetano Boldrini<\/strong> que imigrou para Brasil, chegando ao porto de Benevente, Anchieta, Esp\u00edrito Santo em 13.11.1876; chegou aqui com 24 anos de idade, vieram junto consigo sua m\u00e3e, Angela Martinelli com 54 anos e sua irm\u00e3 <strong>Pasqua Boldrini<\/strong> com 14 anos.<\/p>\n<p>Registra-se <strong>Maria Vittoria Boldrini<\/strong> que imigrou para o Brasil, chegando ao porto de S\u00e3o Mateus, Esp\u00edrito Santo em 10.12.1891 vindo de Padova, Veneto, It\u00e1lia; chegou aqui com 41 anos de idade, vieram junto consigo seu esposo, Luigi Moretto com 43 anos, seu filho, Vittorio Moretto com 16 anos, seu filho, Domenico Moretto com 11 anos, seu filho, Ferdinando Moretto com 6 anos e sua filha Filomena Moretto com 11 meses.<\/p>\n<p>Registra-se <strong>Marco Boldrini<\/strong> que imigrou para o Brasil, chegando ao porto de Benevente, Anchieta, Esp\u00edrito Santo em 26.01.1878 vindo de Castiglione delle Steviere, Mantova, Lombardia, It\u00e1lia; chegou aqui com 43 anos de idade, vieram consigo sua esposa, Polonia Ravazzini com 34 anos, sua filha, <strong>Enricheta Boldrini<\/strong> com 12 anos, sua filha, <strong>Virginia Boldrini<\/strong>, com 11 anos, sua filha, <strong>Rosa Boldrini<\/strong> com 10 anos, seu filho <strong>Enrico Boldrini<\/strong>, com 7 anos de idade e seu filho <strong>Luigi Boldrini<\/strong> com 3 anos de idade.<\/p>\n<p>Registra-se <strong>Laerte Bartolomeo Catello Boldrini,<\/strong> nascido em 11.04.1865, Castellammare di Stabia, Napoli, It\u00e1lia; filho de <strong>Giovanni Boldrini<\/strong> e Margherita Molteni.<\/p>\n<p>Registra-se <strong>Giustina Catterina Boldrini,<\/strong> nascida em 15.01.1810, Modena, It\u00e1lia. filha de <strong>Giuseppe Boldrini<\/strong> e Maria Brausi.<\/p>\n<p>Registra-se <strong>Lucia Boldrini,<\/strong> nascida em 22.09.1807, Modena, It\u00e1lia; filha de <strong>Paolo Boldrini<\/strong> e Benedetta Carozzi.<\/p>\n<p>Registra-se <strong>Luigi Pacifico Boldrini,<\/strong> nascido em 1816, Lombardia, It\u00e1lia; casou-se com Maria Gaetana della Valle, com 27 anos de idade, em 19.10.1858 em Quartiere San Ferdinando, Napoli, It\u00e1lia. Ele filho de <strong>Giuseppe Boldrini<\/strong> e Angiola Martioli e ela filha de Vincenzo della Valle e Carolina Squeglia.<\/p>\n<p>Registra-se<strong> Patrizio Boldrini,<\/strong> nascido em 02.02.1939, Firenze (Floren\u00e7a), Toscana, It\u00e1lia; filho de Vittorio Boldrini e Emma Bianchi; chegou no Brasil em 11.04.1960 e fez o registro no Rio de Janeiro. Veio solteiro.<\/p>\n<p>Registra-se<strong> Luz Boldrini de Pereyra Iraola,<\/strong> nascida em 15.01.1918, Buenos Aires, Argentina; filha de Carlos Boldrini e Virg\u00ednia Bianco; chegou no Brasil em 18.04.1939 e fez o registro no Rio de Janeiro. Veio junto com seu esposo.<\/p>\n<p>Registra-se<strong> Marcello Boldrini,<\/strong> nascida em 09.02.1890, Matelica, It\u00e1lia; filho de Vincenzo e Seconda Boldrini; chegou no Brasil em 17.06.1955 e fez o registro no Rio de Janeiro. Veio junto com sua esposa.<\/p>\n<p>Registra-se<strong> Stella Boldrini,<\/strong> nascida em 03.05.1876, It\u00e1lia; filha de Giovani e Rosa Boldrini; chegou no Brasil em 25.11.1952 e fez o registro no Rio de Janeiro. Era freira e veio transferida de Buenos Aires, Argentina.<\/p>\n<p>Registra-se<strong> Aldina Boldrini,<\/strong> nascida em 21.12.1911, Modena, Lombardia, It\u00e1lia; filha de Enrico Boldrini e Ernesta Marini; chegou no Brasil em 1951 e fez o registro no consulado geral do Brasil em Mil\u00e3o, It\u00e1lia. Veio para c\u00e1 solteira.<\/p>\n<p>Registra-se<strong> Bruno Boldrini,<\/strong> nascido em 23.10.1915, Bondeno, It\u00e1lia; filho de Eg\u00eddio Boldrini e Ermenegilda Cavallini; chegou no Brasil em 1947 e fez o registro no consulado geral do Brasil em Mil\u00e3o, It\u00e1lia. Veio para c\u00e1 casado. Era mec\u00e2nico eletricista de profiss\u00e3o.<\/p>\n<p>Registra-se<strong> Luis Adolfo Vicente Boldrini,<\/strong> nascido em 31.12.1925, Colonia, Uruguai; filho de Vicente Boldrini e D\u00e1ria Orchogar\u00e1n; chegou no Brasil em 1955 e fez o registro no consulado geral do Brasil em Montevid\u00e9o, Uruguai. Veio para c\u00e1 solteiro. Era comerciante de profiss\u00e3o.<\/p>\n<p>Registra-se<strong> Silvana Boldrini Beraldo,<\/strong> nascido em 24.02.1926, Este, It\u00e1lia; filha de Narciso Boldrini e Concetta Bertolini; chegou no Brasil em 1951 e fez o registro no consulado geral do Brasil em Mil\u00e3o, It\u00e1lia. Veio para c\u00e1 casada.<\/p>\n<p>Registra-se<strong> Marco Boldrini,<\/strong> nascido em 30.09.1944, Camerino It\u00e1lia, sendo que vivia em Roma; filho de Marcello Boldrini e Renata Bombi; chegou no Brasil em 1955 e fez o registro no consulado geral do Brasil em Roma, It\u00e1lia. Veio para c\u00e1 junto com os pais.<\/p>\n<p><strong>Distribui\u00e7\u00e3o do sobrenome na It\u00e1lia<\/strong><\/p>\n<p>&nbsp;<\/p>\n","protected":false},"excerpt":{"rendered":"<p>Afr\u00e2nio Mello &#8211; ATENDIMENTO N\u00daMERO 475<\/p>\n","protected":false},"author":3,"featured_media":0,"comment_status":"closed","ping_status":"closed","sticky":false,"template":"","format":"standard","meta":{"_jetpack_newsletter_access":"","_jetpack_dont_email_post_to_subs":false,"_jetpack_newsletter_tier_id":0,"_jetpack_memberships_contains_paywalled_content":false,"_jetpack_memberships_contains_paid_content":false,"footnotes":""},"categories":[7],"tags":[656],"class_list":["post-2039","post","type-post","status-publish","format-standard","hentry","category-comunicacao","tag-afranio"],"aioseo_notices":[],"views":0,"jetpack_featured_media_url":"","jetpack_sharing_enabled":true,"jetpack_likes_enabled":true,"jetpack-related-posts":[{"id":2041,"url":"https:\/\/jornalrol.com.br\/?p=2041","url_meta":{"origin":2039,"position":0},"title":"Leitor agradece muito as informa\u00e7\u00f5es enviadas pelo genealogista","author":"Helio Rubens","date":"30 de maio de 2015","format":false,"excerpt":"O leitor Romulo Boldrini ficou muito satisfeito com o atendimento feito pelo genealogista do ROL Afr\u00e2nio Melo e fez quest\u00e3o de registrar isso. Sr. Afr\u00e2nio, \u00a0 Sou muito grato por dispender seu tempo para atender-me. Estou muito feliz e agradecido por todas as informa\u00e7\u00f5es prestadas. Sou trineto de Marco Boldrini\u00a0que\u2026","rel":"","context":"Em &quot;Comunica\u00e7\u00e3o&quot;","block_context":{"text":"Comunica\u00e7\u00e3o","link":"https:\/\/jornalrol.com.br\/?cat=7"},"img":{"alt_text":"","src":"","width":0,"height":0},"classes":[]},{"id":3983,"url":"https:\/\/jornalrol.com.br\/?p=3983","url_meta":{"origin":2039,"position":1},"title":"Genealogia: Afr\u00e2nio Mello fornece informa\u00e7\u00f5es sobre a familia Matias","author":"Helio Rubens","date":"29 de dezembro de 2015","format":false,"excerpt":"Afr\u00e2nio Franco de Oliveira Mello: ATENDIMENTO N\u00daMERO 590 \u00a0 Cara Francisca,boa tarde quase noite. \u00a0 Os arquivos comppletos que envio atendem s\u00f3 aos solicitantes. No Site do Rol-Jornal On Line vai um resumo para todos verem que existe o sobrenome e , caso se interessem, fa\u00e7am o pedido, como voc\u00ea\u2026","rel":"","context":"Em &quot;Comunica\u00e7\u00e3o&quot;","block_context":{"text":"Comunica\u00e7\u00e3o","link":"https:\/\/jornalrol.com.br\/?cat=7"},"img":{"alt_text":"Afr\u00e2nio Mello","src":"https:\/\/i0.wp.com\/www.jornalrol.com.br\/wp-content\/uploads\/2015\/07\/Afr%C3%A2nio-para-o-ROL-2.jpg?resize=350%2C200","width":350,"height":200},"classes":[]},{"id":4045,"url":"https:\/\/jornalrol.com.br\/?p=4045","url_meta":{"origin":2039,"position":2},"title":"Genealogia: Afr\u00e2nio Mello fornece informa\u00e7\u00f5es sobre a fam\u00edlia Breda","author":"Helio Rubens","date":"10 de janeiro de 2016","format":false,"excerpt":"Afr\u00e2nio Franco de Oliveira Mello: ATENDIMENTO N\u00daMERO 601 Deivid, O arquivo Bredariol eu n\u00e3o tenho. Tenho o Breda que tem a mesma significa\u00e7\u00e3o e que vem de Braida, terreno plano. Envio o Arquivo e o Bras\u00e3o dessa fam\u00edlia. Breda................ 5 p\u00e1ginas e 1 bras\u00e3o no arquivo e mais um em\u2026","rel":"","context":"Em &quot;Comunica\u00e7\u00e3o&quot;","block_context":{"text":"Comunica\u00e7\u00e3o","link":"https:\/\/jornalrol.com.br\/?cat=7"},"img":{"alt_text":"","src":"","width":0,"height":0},"classes":[]},{"id":2163,"url":"https:\/\/jornalrol.com.br\/?p=2163","url_meta":{"origin":2039,"position":3},"title":"Genealogia: Afr\u00e2nio Mello fornece informa\u00e7\u00f5es sobre a familia Roa.\u00a0","author":"Helio Rubens","date":"4 de junho de 2015","format":false,"excerpt":"Afr\u00e2nio Mello -ATENDIMENTO N\u00daMERO 480 \u00a0 \u00a0 \u00a0 \u00a0 \u00a0 \u00a0 Caro Rangel, Demorou mas encontrei o arquivo faltante de suas solicita\u00e7\u00f5es. Segue anexado. Boas refer\u00eancias encontrei na pesquisa e variedade de informa\u00e7\u00f5es. Tr\u00eas belos Bras\u00f5es representativos dok sobrenome e suas diversas origens. Grande abra\u00e7o Afr\u00e2nio Franco de Oliveira Mello\u2026","rel":"","context":"Em &quot;Comunica\u00e7\u00e3o&quot;","block_context":{"text":"Comunica\u00e7\u00e3o","link":"https:\/\/jornalrol.com.br\/?cat=7"},"img":{"alt_text":"roa","src":"https:\/\/i0.wp.com\/www.jornalrol.com.br\/wp-content\/uploads\/2015\/06\/roa.jpg?resize=350%2C200","width":350,"height":200},"classes":[]},{"id":5108,"url":"https:\/\/jornalrol.com.br\/?p=5108","url_meta":{"origin":2039,"position":4},"title":"Genealogia: Afr\u00e2nio Mello fornece informa\u00e7\u00f5es sobre a familia ASSIS","author":"Helio Rubens","date":"1 de junho de 2016","format":false,"excerpt":"Afr\u00e2nio Franco de Oliveira Mello - ATENDIMENTO N\u00daMERO 738 \u00a0 Caro T\u00e1rcio, Os Assis e os Assis Brasil se misturam. Pode at\u00e9 ser considerado uma s\u00f3 fam\u00edlia, mas n\u00e3o s\u00e3o. \u00c9 comum o sobrenome ASSIS entre eles. No arquivo que envio tem refer\u00eancias aos ASSIS BRASIL, escritores, e no texto\u2026","rel":"","context":"Em &quot;Comunica\u00e7\u00e3o&quot;","block_context":{"text":"Comunica\u00e7\u00e3o","link":"https:\/\/jornalrol.com.br\/?cat=7"},"img":{"alt_text":"Afr\u00e2io Mello","src":"https:\/\/i0.wp.com\/www.jornalrol.com.br\/wp-content\/uploads\/2015\/02\/FOTO-CLOSE-AFRANIO.jpg?resize=350%2C200","width":350,"height":200},"classes":[]},{"id":3941,"url":"https:\/\/jornalrol.com.br\/?p=3941","url_meta":{"origin":2039,"position":5},"title":"Genealogia: Afr\u00e2nio Mello fornece informa\u00e7\u00f5es sobre a fam\u00edlia Melo","author":"Helio Rubens","date":"20 de dezembro de 2015","format":false,"excerpt":"Afr\u00e2nio Franco de Oliveira Mello: ATENDIMENTO N\u00daMERO 575 \u00a0 Caro Rafael, boa tarde. \u00a0 Eu tamb\u00e9m sou da ascend\u00eancia do sobrenome MELLO. \u00a0 Comum em todo o Brasil , de origem portugu\u00easa e com um hist\u00f3rico muito grande no Brasil. \u00a0 \u00a0 \u00a0 Tem com as duas grafias : Melo\u2026","rel":"","context":"Em &quot;Comunica\u00e7\u00e3o&quot;","block_context":{"text":"Comunica\u00e7\u00e3o","link":"https:\/\/jornalrol.com.br\/?cat=7"},"img":{"alt_text":"Afr\u00e2nio Mello","src":"https:\/\/i0.wp.com\/www.jornalrol.com.br\/wp-content\/uploads\/2015\/07\/Afr%C3%A2nio-para-o-ROL-2.jpg?resize=350%2C200","width":350,"height":200},"classes":[]}],"_links":{"self":[{"href":"https:\/\/jornalrol.com.br\/index.php?rest_route=\/wp\/v2\/posts\/2039","targetHints":{"allow":["GET"]}}],"collection":[{"href":"https:\/\/jornalrol.com.br\/index.php?rest_route=\/wp\/v2\/posts"}],"about":[{"href":"https:\/\/jornalrol.com.br\/index.php?rest_route=\/wp\/v2\/types\/post"}],"author":[{"embeddable":true,"href":"https:\/\/jornalrol.com.br\/index.php?rest_route=\/wp\/v2\/users\/3"}],"replies":[{"embeddable":true,"href":"https:\/\/jornalrol.com.br\/index.php?rest_route=%2Fwp%2Fv2%2Fcomments&post=2039"}],"version-history":[{"count":0,"href":"https:\/\/jornalrol.com.br\/index.php?rest_route=\/wp\/v2\/posts\/2039\/revisions"}],"wp:attachment":[{"href":"https:\/\/jornalrol.com.br\/index.php?rest_route=%2Fwp%2Fv2%2Fmedia&parent=2039"}],"wp:term":[{"taxonomy":"category","embeddable":true,"href":"https:\/\/jornalrol.com.br\/index.php?rest_route=%2Fwp%2Fv2%2Fcategories&post=2039"},{"taxonomy":"post_tag","embeddable":true,"href":"https:\/\/jornalrol.com.br\/index.php?rest_route=%2Fwp%2Fv2%2Ftags&post=2039"}],"curies":[{"name":"wp","href":"https:\/\/api.w.org\/{rel}","templated":true}]}}