{"id":2049,"date":"2015-05-30T16:24:28","date_gmt":"2015-05-30T19:24:28","guid":{"rendered":"http:\/\/www.jornalrol.com.br\/?p=2049"},"modified":"2015-05-30T16:24:28","modified_gmt":"2015-05-30T19:24:28","slug":"abertas-inscricoes-de-concurso-para-guarda-municipal-de-itapetininga-sp","status":"publish","type":"post","link":"https:\/\/jornalrol.com.br\/?p=2049","title":{"rendered":"Abertas inscri\u00e7\u00f5es de concurso para Guarda Municipal de Itapetininga, SP"},"content":{"rendered":"<div class=\"pdfprnt-buttons pdfprnt-buttons-post pdfprnt-top-right\"><a href=\"https:\/\/jornalrol.com.br\/index.php?rest_route=%2Fwp%2Fv2%2Fposts%2F2049&print=pdf\" class=\"pdfprnt-button pdfprnt-button-pdf\" target=\"_blank\" ><\/a><a href=\"https:\/\/jornalrol.com.br\/index.php?rest_route=%2Fwp%2Fv2%2Fposts%2F2049&print=print\" class=\"pdfprnt-button pdfprnt-button-print\" target=\"_blank\" ><img decoding=\"async\" src=\"https:\/\/jornalrol.com.br\/wp-content\/plugins\/pdf-print\/images\/print.png\" alt=\"image_print\" title=\"Conte\u00fado de impress\u00e3o\" \/><\/a><\/div><div class=\"materia-cabecalho\"><\/div>\n<div class=\"materia-titulo\">\n<h2>S\u00e3o 40 vagas para homens e mulheres; sal\u00e1rio \u00e9 de R$ 995.\u00a0\u00c9 necess\u00e1rio ter ensino m\u00e9dio completo e possuir CNH.<\/h2>\n<\/div>\n<p><!--more--><\/p>\n<div id=\"materia-letra\" class=\"materia-conteudo entry-content\">\n<div>\n<div id=\"4212317\" class=\"video componente_materia\" data-height=\"349\" data-width=\"620\">\n<div class=\"wm-poster-wrapper\">\n<div class=\"wm-poster-inner-wrapper\">\n<p><img decoding=\"async\" class=\"wm-poster-image\" src=\"http:\/\/s02.video.glbimg.com\/x360\/4212317.jpg\" alt=\"\" \/><\/p>\n<p>Do G1 Itapetininga e Regi\u00e3o<\/p>\n<\/div>\n<\/div>\n<\/div>\n<p>As inscri\u00e7\u00f5es para o concurso p\u00fablico da Guarda Municipal de Itapetininga (SP) est\u00e3o abertas at\u00e9 22 de junho. S\u00e3o 40 vagas para homens e mulheres. O sal\u00e1rio \u00e9 de R$ 995 e o valor de inscri\u00e7\u00e3o \u00e9 de R$ 11. Os preenchimentos da ficha s\u00e3o feitas diretamente pelo <a href=\"http:\/\/www.directacarreiras.com.br\/Concurso\/Detail\/168\" target=\"_blank\">site do processo seletivo<\/a>.<\/p>\n<div class=\"saibamais componente_materia\"><strong>saiba mais<\/strong><\/p>\n<ul>\n<li><a href=\"http:\/\/g1.globo.com\/sao-paulo\/itapetininga-regiao\/noticia\/2015\/05\/ufscar-campus-buri-abre-concurso-publico-para-12-vagas.html\" target=\"_blank\">Ufscar campus Buri abre concurso<br \/>\np\u00fablico para 12 vagas<\/a><\/li>\n<\/ul>\n<\/div>\n<p>S\u00e3o 12 vagas para mulheres e 28 para homens. \u00c9 necess\u00e1rio ter ensino m\u00e9dio completo e ainda possuir Carteira Nacional de Habilita\u00e7\u00e3o (CNH) de carro e de motocicleta. A altura m\u00ednima para mulheres \u00e9 de 1,60 metro e dos homens de 1,65 metro.<\/p>\n<p>A carga hor\u00e1ria semanal \u00e9 de 40 horas com regime de escala diurno e noturno. A prova objetiva est\u00e1 prevista para ser aplicada em 2 de agosto deste ano. <a href=\"http:\/\/www.directacarreiras.com.br\/Anexo\/VisualizaPDF?codigo=1290\" target=\"_blank\">Confira o edital completo.<\/a><\/p>\n<\/div>\n<\/div>\n","protected":false},"excerpt":{"rendered":"<p>S\u00e3o 40 vagas para homens e mulheres; sal\u00e1rio \u00e9 de R$ 995.\u00a0\u00c9 necess\u00e1rio ter ensino m\u00e9dio completo e possuir CNH.<\/p>\n","protected":false},"author":3,"featured_media":0,"comment_status":"closed","ping_status":"closed","sticky":false,"template":"","format":"standard","meta":{"_jetpack_newsletter_access":"","_jetpack_dont_email_post_to_subs":false,"_jetpack_newsletter_tier_id":0,"_jetpack_memberships_contains_paywalled_content":false,"_jetpack_memberships_contains_paid_content":false,"footnotes":""},"categories":[7],"tags":[3221],"class_list":["post-2049","post","type-post","status-publish","format-standard","hentry","category-comunicacao","tag-empregos"],"aioseo_notices":[],"views":0,"jetpack_featured_media_url":"","jetpack_sharing_enabled":true,"jetpack_likes_enabled":true,"jetpack-related-posts":[{"id":6890,"url":"https:\/\/jornalrol.com.br\/?p=6890","url_meta":{"origin":2049,"position":0},"title":"Saiu na TV Tem: &#039;Fatecs abrem inscri\u00e7\u00f5es e oferecem 840 vagas na regi\u00e3o de Itapetininga&#039;","author":"Helio Rubens","date":"17 de novembro de 2016","format":false,"excerpt":"Vagas s\u00e3o para unidades em Itapetininga, Cap\u00e3o Bonito e Tatu\u00ed. Inscri\u00e7\u00f5es podem ser feitas at\u00e9 15 de dezembro; taxa \u00e9 de R$ 75. Inscri\u00e7\u00f5es para cursos da Fatec v\u00e3o at\u00e9 15 de dezembro (Foto: Gast\u00e3o Guedes\/Centro Paula Souza) As inscri\u00e7\u00f5es para a Faculdade de Tecnologia do Estado de S\u00e3o Paulo\u2026","rel":"","context":"Em &quot;Comunica\u00e7\u00e3o&quot;","block_context":{"text":"Comunica\u00e7\u00e3o","link":"https:\/\/jornalrol.com.br\/?cat=7"},"img":{"alt_text":"Lista de aprovados no vestibular da Fatec foi divulgada nesta quarta-feira (20) (Foto: Gast\u00e3o Guedes\/Centro Paula Souza)","src":"https:\/\/i0.wp.com\/s2.glbimg.com\/axLTCbdDa2B0ZcdM8HbFOIguALo%3D\/620x465\/s.glbimg.com\/jo\/g1\/f\/original\/2016\/07\/20\/vestibular.jpg?resize=350%2C200","width":350,"height":200,"srcset":"https:\/\/i0.wp.com\/s2.glbimg.com\/axLTCbdDa2B0ZcdM8HbFOIguALo%3D\/620x465\/s.glbimg.com\/jo\/g1\/f\/original\/2016\/07\/20\/vestibular.jpg?resize=350%2C200 1x, https:\/\/i0.wp.com\/s2.glbimg.com\/axLTCbdDa2B0ZcdM8HbFOIguALo%3D\/620x465\/s.glbimg.com\/jo\/g1\/f\/original\/2016\/07\/20\/vestibular.jpg?resize=525%2C300 1.5x"},"classes":[]},{"id":16591,"url":"https:\/\/jornalrol.com.br\/?p=16591","url_meta":{"origin":2049,"position":1},"title":"Inscri\u00e7\u00f5es abertas no Instituto Federal para admiss\u00e3o de novos professores","author":"Helio Rubens","date":"20 de fevereiro de 2018","format":false,"excerpt":"\u00a0IFESP abre inscri\u00e7\u00f5es para dois Processos Seletivos \u00a0 O Instituto Federal de Educa\u00e7\u00e3o, Ci\u00eancia e Tecnologia de S\u00e3o Paulo (IFSP) ofereve vagas para professores atuarem em jornadas de 40 horas semanais, nas \u00e1reas de Mec\u00e2nica (1) e Matem\u00e1tica (1). Os sal\u00e1rios v\u00e3o de R$ 2.236,30 a R$ 5.742,14, de acordo\u2026","rel":"","context":"Em &quot;Comunica\u00e7\u00e3o&quot;","block_context":{"text":"Comunica\u00e7\u00e3o","link":"https:\/\/jornalrol.com.br\/?cat=7"},"img":{"alt_text":"","src":"","width":0,"height":0},"classes":[]},{"id":26663,"url":"https:\/\/jornalrol.com.br\/?p=26663","url_meta":{"origin":2049,"position":2},"title":"FSP abre inscri\u00e7\u00f5es para 240 vagas de cursos na regi\u00e3o de Itapetininga","author":"Helio Rubens","date":"1 de maio de 2019","format":false,"excerpt":"Inscri\u00e7\u00f5es podem ser feitas at\u00e9 5 de junho. Na regi\u00e3o, s\u00e3o oferecidas vagas para os campus de Boituva e Itapetininga Por G1 Itapetininga e Regi\u00e3o 01\/05\/2019 08h29\u00a0\u00a0Atualizado\u00a0h\u00e1 2 horas IFSP abre inscri\u00e7\u00f5es para cursos em campus da regi\u00e3o de Itapetininga \u2014 Foto: IFSP Itapetininga\/Divulga\u00e7\u00e3o O Instituto Federal de Educa\u00e7\u00e3o, Ci\u00eancia\u2026","rel":"","context":"Em &quot;Comunica\u00e7\u00e3o&quot;","block_context":{"text":"Comunica\u00e7\u00e3o","link":"https:\/\/jornalrol.com.br\/?cat=7"},"img":{"alt_text":"IFSP abre inscri\u00e7\u00f5es para cursos em campus da regi\u00e3o de Itapetininga \u2014 Foto: IFSP Itapetininga\/Divulga\u00e7\u00e3o","src":"https:\/\/i0.wp.com\/s2.glbimg.com\/dDrZrLHB-N3qI1gTj-xFrMa58G0%3D\/0x0%3A585x329\/984x0\/smart\/filters%3Astrip_icc%28%29\/i.s3.glbimg.com\/v1\/AUTH_59edd422c0c84a879bd37670ae4f538a\/internal_photos\/bs\/2018\/z\/s\/lvESugRi2uS1FgNZUIZA\/ifsp.png?resize=350%2C200&ssl=1","width":350,"height":200},"classes":[]},{"id":3049,"url":"https:\/\/jornalrol.com.br\/?p=3049","url_meta":{"origin":2049,"position":3},"title":"Diretoria de Ensino dde Itapetininga realiza Processo Seletivo: 21 vagas dispon\u00edveis","author":"Helio Rubens","date":"22 de agosto de 2015","format":false,"excerpt":"Derita abre inscri\u00e7\u00f5es para 21 vagas As oportunidades s\u00e3o para o cargo de Agente de Organiza\u00e7\u00e3o Escolar. O pr\u00e9-requisito \u00e9 ter n\u00edvel m\u00e9dio e disponibilidade para trabalhar em jornadas de 40 horas. O sal\u00e1rio \u00e9 R$ 971,78. imscri\u00e7\u00f5es\u00a0entre 24 de agosto de 2015 e 8 de setembro de 2015 nas\u2026","rel":"","context":"Em &quot;Comunica\u00e7\u00e3o&quot;","block_context":{"text":"Comunica\u00e7\u00e3o","link":"https:\/\/jornalrol.com.br\/?cat=7"},"img":{"alt_text":"","src":"","width":0,"height":0},"classes":[]},{"id":3489,"url":"https:\/\/jornalrol.com.br\/?p=3489","url_meta":{"origin":2049,"position":4},"title":"Vagas para cursos t\u00e9cnicos em Itapetininga","author":"Helio Rubens","date":"15 de outubro de 2015","format":false,"excerpt":"Instituto Federal oferece 680 vagas para cursos t\u00e9cnicos na regi\u00e3o Inscri\u00e7\u00f5es est\u00e3o abertas at\u00e9 o dia 10 de novembro. Oportunidades s\u00e3o na regi\u00e3o de Sorocaba, Jundia\u00ed e Itapetininga. Do G1 Sorocaba e Jundia\u00ed O Instituto Federal de Educa\u00e7\u00e3o, Ci\u00eancia e Tecnologia de S\u00e3o Paulo (IFSP) est\u00e1 com inscri\u00e7\u00f5es abertas para\u2026","rel":"","context":"Em &quot;Comunica\u00e7\u00e3o&quot;","block_context":{"text":"Comunica\u00e7\u00e3o","link":"https:\/\/jornalrol.com.br\/?cat=7"},"img":{"alt_text":"","src":"","width":0,"height":0},"classes":[]},{"id":2533,"url":"https:\/\/jornalrol.com.br\/?p=2533","url_meta":{"origin":2049,"position":5},"title":"Fundo Social abre 350 vagas para cursos gratuitos em Itapetininga","author":"Helio Rubens","date":"13 de julho de 2015","format":false,"excerpt":"H\u00e1 oportunidades na \u00e1rea de est\u00e9tica, alimenta\u00e7\u00e3o, artesanato e outros. Matr\u00edculas v\u00e3o at\u00e9 24 de julho; aulas come\u00e7ar\u00e3o em agosto. \u00a0Do G1 Itapetininga e Regi\u00e3o Curso de cabelereiro \u00e9 um dos oferecidos pelo FSS de Itapetininga (Foto: Reprodu\u00e7\u00e3o \/ TV TEM) O Fundo Social de Solidariedade (FSS) de Itapetininga (SP)\u2026","rel":"","context":"Em &quot;Comunica\u00e7\u00e3o&quot;","block_context":{"text":"Comunica\u00e7\u00e3o","link":"https:\/\/jornalrol.com.br\/?cat=7"},"img":{"alt_text":"Auxiliar de cabelereiro tem 46 oportunidades dispon\u00edveis (Foto: Reprodu\u00e7\u00e3o \/ TV Tem)","src":"https:\/\/i0.wp.com\/s2.glbimg.com\/bKa4hM0D0TVYqLj2lahX0wAmi9M%3D\/s.glbimg.com\/jo\/g1\/f\/original\/2015\/02\/18\/cabelereiro.jpg?resize=350%2C200","width":350,"height":200,"srcset":"https:\/\/i0.wp.com\/s2.glbimg.com\/bKa4hM0D0TVYqLj2lahX0wAmi9M%3D\/s.glbimg.com\/jo\/g1\/f\/original\/2015\/02\/18\/cabelereiro.jpg?resize=350%2C200 1x, https:\/\/i0.wp.com\/s2.glbimg.com\/bKa4hM0D0TVYqLj2lahX0wAmi9M%3D\/s.glbimg.com\/jo\/g1\/f\/original\/2015\/02\/18\/cabelereiro.jpg?resize=525%2C300 1.5x"},"classes":[]}],"_links":{"self":[{"href":"https:\/\/jornalrol.com.br\/index.php?rest_route=\/wp\/v2\/posts\/2049","targetHints":{"allow":["GET"]}}],"collection":[{"href":"https:\/\/jornalrol.com.br\/index.php?rest_route=\/wp\/v2\/posts"}],"about":[{"href":"https:\/\/jornalrol.com.br\/index.php?rest_route=\/wp\/v2\/types\/post"}],"author":[{"embeddable":true,"href":"https:\/\/jornalrol.com.br\/index.php?rest_route=\/wp\/v2\/users\/3"}],"replies":[{"embeddable":true,"href":"https:\/\/jornalrol.com.br\/index.php?rest_route=%2Fwp%2Fv2%2Fcomments&post=2049"}],"version-history":[{"count":0,"href":"https:\/\/jornalrol.com.br\/index.php?rest_route=\/wp\/v2\/posts\/2049\/revisions"}],"wp:attachment":[{"href":"https:\/\/jornalrol.com.br\/index.php?rest_route=%2Fwp%2Fv2%2Fmedia&parent=2049"}],"wp:term":[{"taxonomy":"category","embeddable":true,"href":"https:\/\/jornalrol.com.br\/index.php?rest_route=%2Fwp%2Fv2%2Fcategories&post=2049"},{"taxonomy":"post_tag","embeddable":true,"href":"https:\/\/jornalrol.com.br\/index.php?rest_route=%2Fwp%2Fv2%2Ftags&post=2049"}],"curies":[{"name":"wp","href":"https:\/\/api.w.org\/{rel}","templated":true}]}}