{"id":2053,"date":"2015-05-30T16:40:43","date_gmt":"2015-05-30T19:40:43","guid":{"rendered":"http:\/\/www.jornalrol.com.br\/?p=2053"},"modified":"2015-05-30T16:40:43","modified_gmt":"2015-05-30T19:40:43","slug":"artigo-de-rogerio-sardella-novela-cambalacho-volta-em-agosto","status":"publish","type":"post","link":"https:\/\/jornalrol.com.br\/?p=2053","title":{"rendered":"Artigo de Rog\u00e9rio Sardella: &#039;Novela Cambalacho volta em agosto&#039;"},"content":{"rendered":"<div class=\"pdfprnt-buttons pdfprnt-buttons-post pdfprnt-top-right\"><a href=\"https:\/\/jornalrol.com.br\/index.php?rest_route=%2Fwp%2Fv2%2Fposts%2F2053&print=pdf\" class=\"pdfprnt-button pdfprnt-button-pdf\" target=\"_blank\" ><\/a><a href=\"https:\/\/jornalrol.com.br\/index.php?rest_route=%2Fwp%2Fv2%2Fposts%2F2053&print=print\" class=\"pdfprnt-button pdfprnt-button-print\" target=\"_blank\" ><img decoding=\"async\" src=\"https:\/\/jornalrol.com.br\/wp-content\/plugins\/pdf-print\/images\/print.png\" alt=\"image_print\" title=\"Conte\u00fado de impress\u00e3o\" \/><\/a><\/div><p><strong>Levada ao ar pela primeira vez em 1986, <em>Cambalacho<\/em>, de Silvio de Abreu, volta ao v\u00eddeo quase tr\u00eas d\u00e9cadas depois.<\/strong><!--more--><\/p>\n<p><a href=\"http:\/\/www.jornalrol.com.br\/wp-content\/uploads\/2015\/05\/cambalacho.jpg\"><img loading=\"lazy\" decoding=\"async\" class=\"alignleft size-medium wp-image-2054\" src=\"http:\/\/www.jornalrol.com.br\/wp-content\/uploads\/2015\/05\/cambalacho-300x148.jpg\" alt=\"cambalacho\" width=\"300\" height=\"148\" \/><\/a>Exibida na faixa das 19h00 e com 179 cap\u00edtulos, a trama tinha como tema a situa\u00e7\u00e3o que o Brasil vivia, isto na vis\u00e3o do autor.<\/p>\n<p><em>Cambalacho <\/em>contou com supervis\u00e3o de Daniel Filho e dire\u00e7\u00e3o de Jorge Fernando e Ant\u00f4nio Rangel.<\/p>\n<p>Para quem n\u00e3o viu em 1986 e nem na reprise de 1991, no <em>Vale a Pena Ver de Novo<\/em>, tem agora a oportunidade de conferir pelo canal Viva uma novela como n\u00e3o se faz mais hoje em dia (o formato esgotou-se e atualmente s\u00e3o sempre os mesmos atores).<\/p>\n<p>No elenco nomes como Fernanda Montenegro, Gianfrancesco Guarnieri, Nat\u00e1lia do Valle, Susana Vieira, Regina Cas\u00e9, Cl\u00e1udio Marzo, Edson Celulari, D\u00e9bora Bloch, Consuelo Leandro, Oswaldo Loureiro, Maur\u00edcio Mattar, Andr\u00e9a Avancini, Roberto Bomfim, Rosamaria Murtinho, Lu\u00eds Fernando Guimar\u00e3es, Louise Cardoso, Marcos Frota, Emiliano Queiroz, F\u00e1bio Sabag, M\u00e1rio Lago, Joana Fomm, Cl\u00e1udio Correa e Castro, Jacqueline Laurence, Paulo C\u00e9sar Grande, Cristine Nazareth, Duse Nacaratti, Leina Krespi, Maria Helena Pader, Marcos Vin\u00edcius, Cl\u00e1udia Raia, Yara Amaral, Henriqueta Brieba, Evandro Mesquita, Zilka Salaberry, Wilza Carla, Paulo Gracindo, Paulo Goulart, Chacrinha (como ele mesmo), entre outros.<\/p>\n<p>&nbsp;<\/p>\n<p><strong>Curiosidades<\/strong><\/p>\n<p>V\u00e1rios atores de <em>Cambalacho<\/em> j\u00e1 est\u00e3o no andar de cima, entre alguns: Gianfrancesco Guarnieri, Cl\u00e1udio Marzo, Consuelo Leandro, Oswaldo Loureiro, F\u00e1bio Sabag, M\u00e1rio Lago, Cl\u00e1udio Correa e Castro, Leina Krespi, Duse Nacaratti, Yara Amaral, Henriqueta Brieba, Zilka Salaberry e Wilza Carla.<\/p>\n<p>Regina Cas\u00e9, Cl\u00e1udia Raia, Louise Cardoso e Lu\u00eds Fernando Guimar\u00e3es, dois anos depois estariam juntos no humor\u00edstico<em> TV Pirata<\/em>.<\/p>\n<p>Foi a primeira novela da carreira da modelo Luiza Brunet.<\/p>\n<p>Cristina Pereira, Abelardo Barbosa (Chacrinha), Angela Maria, Marcos Miranda, Daniel Filho, Ruth de Souza, Mauro Mendon\u00e7a e Monique Evans, estiveram presentes em cap\u00edtulos diferentes da novela.<\/p>\n<p>Foi a primeira novela de Silvio de Abreu ap\u00f3s o fim da censura.<\/p>\n<p>&nbsp;<\/p>\n<p><strong>O enredo de Cambalacho<\/strong><\/p>\n<p>Andr\u00e9ia (Nat\u00e1lia do Valle) planeja um crime perfeito para eliminar seu marido, Antero Souza e Silva e ficar com sua heran\u00e7a. O que ela n\u00e3o esperava era que o testamento remetia a fortuna para Leonarda Furtado, a Nan\u00e1 (Fernanda Montenegro), suposta filha desaparecida de Antero e que vive aplicando cambalachos para sobreviver ao lado de Jer\u00f4nimo Machado, o Jej\u00ea.<\/p>\n<p>A reviravolta na hist\u00f3ria acontece com a chegada de Daniela (Louise Cardoso), suposta filha de Nan\u00e1 que morava no exterior e a m\u00e3e n\u00e3o a via desde pequena.<\/p>\n<p>Entre outros tantos personagens, destaque para a pretensiosa Tina Pepper, f\u00e3 da cantora Tina Turner (foi um dos \u00fanicos e melhores personagens de Regina Cas\u00e9 em novelas).<\/p>\n<p>Consuelo Leandro viveu Lili Bolero, m\u00e3e de Tina Pepper. Passou a hist\u00f3ria inteira falando que a cantora Angela Maria roubou seu sucesso como cantora, a ponto de a pr\u00f3pria aparecer num dos cap\u00edtulos.<\/p>\n<p>Com a reprise de <em>Cambalacho <\/em>poderemos rever os autom\u00f3veis daquela \u00e9poca, os aparelhos de telefone e uma S\u00e3o Paulo diferente dos dias de hoje, em que os recursos tecnol\u00f3gicos eram outros e a Internet e o celular n\u00e3o existiam.<\/p>\n<p>Claro, n\u00e3o poderia deixar de lembrar que no per\u00edodo de exibi\u00e7\u00e3o da novela, \u201cfazer um cambalacho\u201d era o mesmo que tram\u00f3ia, levar vantagens ou explorar algu\u00e9m.<\/p>\n<p>No ar a partir de 24 de agosto.<\/p>\n<p>&nbsp;<\/p>\n<p>Link da abertura da novela.<\/p>\n<p>&nbsp;<\/p>\n<p>http:\/\/globotv.globo.com\/rede-globo\/memoria-globo\/v\/cambalacho-1986\/2145585\/<\/p>\n<p>&nbsp;<\/p>\n","protected":false},"excerpt":{"rendered":"<p>Levada ao ar pela primeira vez em 1986, Cambalacho, de Silvio de Abreu, volta ao v\u00eddeo quase tr\u00eas d\u00e9cadas depois.<\/p>\n","protected":false},"author":3,"featured_media":0,"comment_status":"closed","ping_status":"closed","sticky":false,"template":"","format":"standard","meta":{"_jetpack_newsletter_access":"","_jetpack_dont_email_post_to_subs":false,"_jetpack_newsletter_tier_id":0,"_jetpack_memberships_contains_paywalled_content":false,"_jetpack_memberships_contains_paid_content":false,"footnotes":""},"categories":[7],"tags":[8287],"class_list":["post-2053","post","type-post","status-publish","format-standard","hentry","category-comunicacao","tag-televisao"],"aioseo_notices":[],"views":0,"jetpack_featured_media_url":"","jetpack_sharing_enabled":true,"jetpack_likes_enabled":true,"jetpack-related-posts":[{"id":34218,"url":"https:\/\/jornalrol.com.br\/?p=34218","url_meta":{"origin":2053,"position":0},"title":"Sorocaba retoma atividades culturais com sucesso do Circo dos Sonhos","author":"Sergio Diniz da Costa","date":"4 de outubro de 2020","format":false,"excerpt":"Completamente reformulado, o espet\u00e1culo apresenta uma aventura fant\u00e1stica num reino m\u00e1gico cheio de a\u00e7\u00e3o e encantamento, num espet\u00e1culo com novas atra\u00e7\u00f5es e novos artistas Na retomada das atividades culturais, o Circo dos Sonhos retorna \u00e0 Sorocaba com um de seus mais aclamados espet\u00e1culos. No pr\u00f3ximo dia 09 reestreia na cidade\u00a0Circo\u2026","rel":"","context":"Em &quot;Comunica\u00e7\u00e3o&quot;","block_context":{"text":"Comunica\u00e7\u00e3o","link":"https:\/\/jornalrol.com.br\/?cat=7"},"img":{"alt_text":"","src":"https:\/\/i0.wp.com\/www.jornalrol.com.br\/wp-content\/uploads\/2020\/10\/ESPET%C3%81CULO-CIRCO-DOS-SONHOS-NO-MUNDO-DA-FANTASIA-FOTO-RODRIGO-FROTA-1-300x169.jpg?resize=350%2C200","width":350,"height":200},"classes":[]},{"id":32314,"url":"https:\/\/jornalrol.com.br\/?p=32314","url_meta":{"origin":2053,"position":1},"title":"Aos 81 anos de idade, Alcina Maria Silva Azevedo lan\u00e7a seu terceiro livro: &#039;Al\u00e9m do Nosso Mundo&#039;","author":"Sergio Diniz da Costa","date":"1 de julho de 2020","format":false,"excerpt":"Al\u00e9m do Nosso Mundo narra hist\u00f3rias vividas aqui e que se perpetuam em novas dimens\u00f5es, trazendo muitas emo\u00e7\u00f5es e tramas do Al\u00e9m Nascida na cidade de Cruzeiro (SP) e radicada em Campinas (SP), Alcina Maria \u00e9 uma prova incontest\u00e1vel de que a idade n\u00e3o \u00e9 empecilho para a realiza\u00e7\u00e3o de\u2026","rel":"","context":"Em &quot;Comunica\u00e7\u00e3o&quot;","block_context":{"text":"Comunica\u00e7\u00e3o","link":"https:\/\/jornalrol.com.br\/?cat=7"},"img":{"alt_text":"","src":"https:\/\/i0.wp.com\/www.jornalrol.com.br\/wp-content\/uploads\/2020\/07\/104697003_3611426562207669_2127588822332243333_o-300x300.jpg?resize=350%2C200","width":350,"height":200},"classes":[]},{"id":66502,"url":"https:\/\/jornalrol.com.br\/?p=66502","url_meta":{"origin":2053,"position":2},"title":"Tramas","author":"Evani Ferreira Rocha","date":"15 de maio de 2024","format":false,"excerpt":"Busco a ponta do novelo, me contenho com desvelo. Suas curvas s\u00e3o perfeitas, como a roda do tear. Cada la\u00e7o uma armadilha, feita para despistar os vendavais...","rel":"","context":"Em &quot;Literatura&quot;","block_context":{"text":"Literatura","link":"https:\/\/jornalrol.com.br\/?cat=9285"},"img":{"alt_text":"Evani Rocha","src":"https:\/\/i0.wp.com\/jornalrol.com.br\/wp-content\/uploads\/2023\/12\/FOTO-JORNAL-ROL.jpg?resize=350%2C200&ssl=1","width":350,"height":200},"classes":[]},{"id":27692,"url":"https:\/\/jornalrol.com.br\/?p=27692","url_meta":{"origin":2053,"position":3},"title":"Rog\u00e9rio Sardella: &#039;Artes&amp;Espet\u00e1culos&#039;","author":"Helio Rubens","date":"4 de junho de 2019","format":false,"excerpt":"\u00a0 Artes & Espet\u00e1culos \u00a0 Fernanda Montenegro: a \u2018Dona do Peda\u00e7o\u2019 N\u00e3o \u00e9 por acaso que Arlette Pinheiro Esteves Torres, nome verdadeiro de Fernanda Montenegro, \u00e9 considerada uma das maiores atrizes brasileiras, com destaques no teatro, cinema e dramaturgia. Embora r\u00e1pida, sua passagem pela nova novela das nove, A Dona\u2026","rel":"","context":"Em &quot;Comunica\u00e7\u00e3o&quot;","block_context":{"text":"Comunica\u00e7\u00e3o","link":"https:\/\/jornalrol.com.br\/?cat=7"},"img":{"alt_text":"","src":"https:\/\/i0.wp.com\/jornalrol.com.br\/wp-content\/uploads\/2019\/06\/Filisbino.jpg?resize=350%2C200&ssl=1","width":350,"height":200,"srcset":"https:\/\/i0.wp.com\/jornalrol.com.br\/wp-content\/uploads\/2019\/06\/Filisbino.jpg?resize=350%2C200&ssl=1 1x, https:\/\/i0.wp.com\/jornalrol.com.br\/wp-content\/uploads\/2019\/06\/Filisbino.jpg?resize=525%2C300&ssl=1 1.5x"},"classes":[]},{"id":7771,"url":"https:\/\/jornalrol.com.br\/?p=7771","url_meta":{"origin":2053,"position":4},"title":"&#039;Os anos 80 est\u00e3o de volta&#039; recorda a invas\u00e3o do universo infantil na TV\u00a0","author":"Helio Rubens","date":"23 de janeiro de 2017","format":false,"excerpt":"As boy bands Polegar e Domin\u00f3, o personagem Fof\u00e3o, o programa \"Pirlimpimpim\", os filmes de Os Trapalh\u00f5es e o estouro de Xuxa e\u00a0Ang\u00e9lica est\u00e3o entre os destaques do epis\u00f3dio de domingo \u00a0 A s\u00e9rie \"Os Anos 80 Est\u00e3o de Volta\" aborda neste domingo, dia 29 de janeiro, a invas\u00e3o do\u2026","rel":"","context":"Em &quot;Comunica\u00e7\u00e3o&quot;","block_context":{"text":"Comunica\u00e7\u00e3o","link":"https:\/\/jornalrol.com.br\/?cat=7"},"img":{"alt_text":"Viva","src":"https:\/\/ci6.googleusercontent.com\/proxy\/07EBywMLSQrX3qVhbZyJcUerBY8RghDJiJ8l_0A7knJvxEAgUCAKg-qRq92jJEC5e_rnYWgHiI9uHzqO36oGbI9F4N1CjymKWmDk8oVmdzFwfFB7smxDAA6mmACtdrOwEV9FdxVIfjKdZwk1Ykw7-NjHm3h_=s0-d-e1-ft#http:\/\/canalviva.me\/nota_padrao\/2017\/janeiro\/images\/os_anos_80_estao_de_volta_infantil-img1.jpg","width":350,"height":200},"classes":[]},{"id":19159,"url":"https:\/\/jornalrol.com.br\/?p=19159","url_meta":{"origin":2053,"position":5},"title":"Rog\u00e9rio Sardella: Notas sobre Artes&amp;Espet\u00e1culos","author":"Helio Rubens","date":"17 de junho de 2018","format":false,"excerpt":"Rog\u00e9rio Sardella: 'Jornal Cultural ROL e os Melhores de 2017' Al\u00e9m do \u00eaxito na realiza\u00e7\u00e3o da enquete que resultou na escolha dos melhores de 2017 em v\u00e1rias categorias, conforme vota\u00e7\u00e3o dos internautas, a entrega dos certificados marcou a vida dos homenageados em cidades como Itapetininga, Sorocaba e Porto Feliz, com\u2026","rel":"","context":"Em &quot;Comunica\u00e7\u00e3o&quot;","block_context":{"text":"Comunica\u00e7\u00e3o","link":"https:\/\/jornalrol.com.br\/?cat=7"},"img":{"alt_text":"","src":"https:\/\/i0.wp.com\/www.jornalrol.com.br\/wp-content\/uploads\/2017\/01\/rogerio-sardela.jpg?resize=350%2C200","width":350,"height":200},"classes":[]}],"_links":{"self":[{"href":"https:\/\/jornalrol.com.br\/index.php?rest_route=\/wp\/v2\/posts\/2053","targetHints":{"allow":["GET"]}}],"collection":[{"href":"https:\/\/jornalrol.com.br\/index.php?rest_route=\/wp\/v2\/posts"}],"about":[{"href":"https:\/\/jornalrol.com.br\/index.php?rest_route=\/wp\/v2\/types\/post"}],"author":[{"embeddable":true,"href":"https:\/\/jornalrol.com.br\/index.php?rest_route=\/wp\/v2\/users\/3"}],"replies":[{"embeddable":true,"href":"https:\/\/jornalrol.com.br\/index.php?rest_route=%2Fwp%2Fv2%2Fcomments&post=2053"}],"version-history":[{"count":0,"href":"https:\/\/jornalrol.com.br\/index.php?rest_route=\/wp\/v2\/posts\/2053\/revisions"}],"wp:attachment":[{"href":"https:\/\/jornalrol.com.br\/index.php?rest_route=%2Fwp%2Fv2%2Fmedia&parent=2053"}],"wp:term":[{"taxonomy":"category","embeddable":true,"href":"https:\/\/jornalrol.com.br\/index.php?rest_route=%2Fwp%2Fv2%2Fcategories&post=2053"},{"taxonomy":"post_tag","embeddable":true,"href":"https:\/\/jornalrol.com.br\/index.php?rest_route=%2Fwp%2Fv2%2Ftags&post=2053"}],"curies":[{"name":"wp","href":"https:\/\/api.w.org\/{rel}","templated":true}]}}