{"id":2061,"date":"2015-05-30T17:43:25","date_gmt":"2015-05-30T20:43:25","guid":{"rendered":"http:\/\/www.jornalrol.com.br\/?p=2061"},"modified":"2015-05-30T17:43:25","modified_gmt":"2015-05-30T20:43:25","slug":"artigo-de-celso-lungaretti-se-gritar-pega-ladrao-nao-fica-um-meu-irmao","status":"publish","type":"post","link":"https:\/\/jornalrol.com.br\/?p=2061","title":{"rendered":"Artigo de Celso Lungaretti: &#039;SE GRITAR &quot;PEGA, LADR\u00c3O!&quot;, N\u00c3O FICA UM, MEU IRM\u00c3O&#8230;&#039;"},"content":{"rendered":"<div class=\"pdfprnt-buttons pdfprnt-buttons-post pdfprnt-top-right\"><a href=\"https:\/\/jornalrol.com.br\/index.php?rest_route=%2Fwp%2Fv2%2Fposts%2F2061&print=pdf\" class=\"pdfprnt-button pdfprnt-button-pdf\" target=\"_blank\" ><\/a><a href=\"https:\/\/jornalrol.com.br\/index.php?rest_route=%2Fwp%2Fv2%2Fposts%2F2061&print=print\" class=\"pdfprnt-button pdfprnt-button-print\" target=\"_blank\" ><img decoding=\"async\" src=\"https:\/\/jornalrol.com.br\/wp-content\/plugins\/pdf-print\/images\/print.png\" alt=\"image_print\" title=\"Conte\u00fado de impress\u00e3o\" \/><\/a><\/div><p>&nbsp;<\/p>\n<table>\n<tbody>\n<tr>\n<td>\u00a0<a href=\"http:\/\/www.jornalrol.com.br\/wp-content\/uploads\/2015\/05\/fifa.jpg\"><img loading=\"lazy\" decoding=\"async\" class=\"alignleft size-medium wp-image-2062\" src=\"http:\/\/www.jornalrol.com.br\/wp-content\/uploads\/2015\/05\/fifa-300x180.jpg\" alt=\"fifa\" width=\"300\" height=\"180\" \/><\/a><\/td>\n<\/tr>\n<tr>\n<td><strong>Desta vez ele n\u00e3o quer ver mocinhas, quer\u00a0<u>N\u00c3O<\/u>\u00a0ver policiais.<\/strong><\/td>\n<\/tr>\n<\/tbody>\n<\/table>\n<p><strong>O<\/strong>\u00a0presidente da Casa Bandida do Futebol, Marco Polo Del Nero, deveria permanecer na Su\u00ed\u00e7a nesta 6\u00aa feira (29), para ajudar a escolher o novo chef\u00e3o da Federa\u00e7\u00e3o Internacional de Falcatruas e Arma\u00e7\u00f5es.<\/p>\n<p>Mas, ao perceber que as investiga\u00e7\u00f5es do FBI estavam chegando perigosamente perto dele, abandonou tudo e voltou depressinha para \u00a0o Brasil, antes que o levassem para fazer companhia ao Marin.<\/p>\n<p>Talvez tenha escapado da frigideira para cair no fogo: fontes de Bras\u00edlia antecipam que ele ser\u00e1 o principal alvo da CPI da ladroagem futebol\u00edstica.<\/p>\n<p>Afora o fato de a Pol\u00edcia Federal estar ansiosa por mostrar servi\u00e7o, depois de sua cong\u00eanere estadunidense ter-lhe atirado na cara que h\u00e1 20 anos n\u00e3o cumpre com seu dever.<\/p>\n<p>(clique\u00a0<a href=\"https:\/\/youtu.be\/VXH3FGOcgV4\">aqui<\/a>\u00a0para ouvir &#8220;Se gritar pega ladr\u00e3o&#8221;,\u00a0na voz de Bezerra da Silva e Os Originais do Samba)<\/p>\n<div class=\"jetpack-video-wrapper\"><iframe loading=\"lazy\" title=\"Se pegar pega ladr\u00e3o - Bezerra da Silva (Originais do Samba)\" width=\"640\" height=\"360\" src=\"https:\/\/www.youtube.com\/embed\/VXH3FGOcgV4?feature=oembed\" frameborder=\"0\" allow=\"accelerometer; autoplay; clipboard-write; encrypted-media; gyroscope; picture-in-picture; web-share\" referrerpolicy=\"strict-origin-when-cross-origin\" allowfullscreen><\/iframe><\/div>\n<p>&nbsp;<\/p>\n<p style=\"text-align: center;\"><strong>HONRA ENTRE LADR\u00d5ES&#8230;<\/strong><\/p>\n<p>&#8230;\u00e9 um dos t\u00edtulos alternativos que recebeu, no mercado de v\u00eddeo, o excelente policial franc\u00eas\u00a0<strong><u>Adeus, amigo<\/u><\/strong>\u00a0(que voc\u00eas podem assistir na \u00edntegra clicando\u00a0<a href=\"http:\/\/naufrago-da-utopia.blogspot.com.br\/2013\/12\/uma-amostra-do-magnifico-cinema.html\"><strong>aqui<\/strong><\/a>).<\/p>\n<p>Tem tudo a ver, ali\u00e1s, pois remete ao momento mais marcante do filme. Dois homens que mal se conhecem s\u00e3o comparsas numa contraven\u00e7\u00e3o e, ao separarem-se, um deles (Alain Delon) diz para o outro jamais admitir que tinham agido juntos, caso contr\u00e1rio ambos pegariam penas bem maiores. Pede-lhe que d\u00ea sua palavra de honra.<\/p>\n<p>O outro (Charles Bronson) objeta: &#8220;Mas, eu n\u00e3o tenho honra&#8221;.<\/p>\n<p>O primeiro insiste: &#8220;Quero sua palavra mesmo assim&#8221;.<\/p>\n<p>E o juramento acabar\u00e1 sendo integralmente cumprido.<\/p>\n<p><a href=\"http:\/\/www.jornalrol.com.br\/wp-content\/uploads\/2015\/05\/fifa1.jpg\"><img loading=\"lazy\" decoding=\"async\" class=\"alignleft size-medium wp-image-2063\" src=\"http:\/\/www.jornalrol.com.br\/wp-content\/uploads\/2015\/05\/fifa1-300x194.jpg\" alt=\"fifa1\" width=\"300\" height=\"194\" \/><\/a>Esta lembran\u00e7a me ocorreu ao ler que o atual presidente da CBF, Marco Polo Del Nero, abandonou \u00e0s feras seu velho parceiro e amigo Jos\u00e9 Maria Marin, tentando escapar sozinho do esc\u00e2ndalo de corrup\u00e7\u00e3o no futebol.<\/p>\n<p>Assim, a CBF n\u00e3o est\u00e1 dando assist\u00eancia jur\u00eddica nenhuma a Marin na Su\u00ed\u00e7a,\u00a0<strong><em>desbatizou<\/em><\/strong>\u00a0o edif\u00edcio-sede (que tinha o nome dele) e destituiu-o da vice-presid\u00eancia que ocupava. Coloca-o no isolamento, como leproso, na esperan\u00e7a de evitar o\u00a0<strong><em>cont\u00e1gio<\/em><\/strong>.<\/p>\n<p>Em v\u00e3o: segundo vejo no site da\u00a0<u><strong>Folha de S. Paulo<\/strong><\/u>,\u00a0<a href=\"http:\/\/www1.folha.uol.com.br\/esporte\/2015\/05\/1634630-eua-indicam-que-marin-dividiu-propina-com-del-nero-e-teixeira.shtml\"><strong>EUA indicam que Marin dividiu propina com Del Nero e Teixeira<\/strong><\/a>.<\/p>\n<p>&nbsp;<\/p>\n<p>&nbsp;<\/p>\n<p style=\"text-align: center;\"><strong>ROM\u00c1RIO EXIGE FAXINA COMPLETA: &#8220;O SAFADO, LADR\u00c3O\u00a0E ORDIN\u00c1RIO DEL NERO TAMB\u00c9M TEM QUE SER PRESO!&#8221;<\/strong><\/p>\n<p><strong>&#8220;Policiais deram uma batida em um ninho de ratos e prenderam v\u00e1ri<\/strong><strong>os dirigentes.<\/strong><\/p>\n<p><strong><br \/>\n<\/strong><strong>Todos acusados de participar de um esquema de corrup\u00e7\u00e3o que j\u00e1 dura 20 anos.<\/strong><\/p>\n<p><strong><img loading=\"lazy\" decoding=\"async\" class=\"alignleft size-medium wp-image-2064\" src=\"http:\/\/www.jornalrol.com.br\/wp-content\/uploads\/2015\/05\/fifa2-300x283.jpg\" alt=\"fifa2\" width=\"300\" height=\"283\" \/><\/strong><strong>Vergonhosamente, entre os detidos est\u00e1 o vice da CBF, Jos\u00e9 Maria Marin, um dos ratos que venho denunciando h\u00e1 muito tempo.\u00a0<\/strong><\/p>\n<p><strong>Infelizmente n\u00e3o foi a nossa pol\u00edcia que prendeu. Ent\u00e3o, parab\u00e9ns ao FBI e \u00e0 pol\u00edcia su\u00ed\u00e7a.\u00a0<\/strong><\/p>\n<p><strong>O safado, ladr\u00e3o e ordin\u00e1rio Del Nero [que sucedeu Marin na presid\u00eancia da CBF] tamb\u00e9m tem que ser preso!&#8221;\u00a0(Rom\u00e1rio de Souza Faria, que, como futebolista, carregou a Sele\u00e7\u00e3o Brasileira nas costas no Mundial Fifa de 1994, sendo hoje senador pelo RJ)<\/strong><\/p>\n<p>&nbsp;<\/p>\n<p>&nbsp;<\/p>\n<p>&nbsp;<\/p>\n<p style=\"text-align: center;\">\n<p style=\"text-align: center;\"><strong>RECORDAR \u00c9 VIVER: QUEM COM C\u00c3ES SE DEITA, COM PULGAS SE LEVANTA&#8221;<\/strong><\/p>\n<p style=\"text-align: center;\">\n<p><strong>F<\/strong>ace ao mal estar causado pela foto do\u00a0<em><strong>estranho casal<\/strong><\/em>,\u00a0assessores de Dilma Rousseff est\u00e3o alegando que n\u00e3o houve efusividade entre ela e Jos\u00e9 Maria Marin, mas sim uma esperteza do f<img loading=\"lazy\" decoding=\"async\" class=\"alignleft size-medium wp-image-2065\" src=\"http:\/\/www.jornalrol.com.br\/wp-content\/uploads\/2015\/05\/fifa3-300x107.jpg\" alt=\"fifa3\" width=\"300\" height=\"107\" \/>ot\u00f3grafo da CBF, que ficou de prontid\u00e3o \u00e0 espera de uma oportunidade para clic\u00e1-la sorridente. O sinal de\u00a0<strong><em>positivo<\/em><\/strong>\u00a0seria para algu\u00e9m que n\u00e3o aparece na foto. OK, o registro est\u00e1 feito. No entanto:<\/p>\n<ol>\n<li>\u00e9 meio pueril uma presidenta da Rep\u00fablica dividir camarote com um desafeto e permanecer emburrada, melhor seria n\u00e3o ter ido l\u00e1 ou estar em companhia menos constrangedora;<\/li>\n<li>quando adolescentes admitem terem sido ing\u00eanuos, tudo bem, mas pessoas vividas t\u00eam mais \u00e9 de nunca baixarem a guarda, at\u00e9 porque, conforme reza a sabedoria popular,\u00a0<strong><em>quem com c\u00e3es se deita, com pulgas se levanta<\/em><\/strong>.<\/li>\n<\/ol>\n<table>\n<tbody>\n<tr>\n<td>\u00a0<a href=\"http:\/\/www.jornalrol.com.br\/wp-content\/uploads\/2015\/05\/fifa4.jpg\"><img loading=\"lazy\" decoding=\"async\" class=\" size-medium wp-image-2066 aligncenter\" src=\"http:\/\/www.jornalrol.com.br\/wp-content\/uploads\/2015\/05\/fifa4-300x169.jpg\" alt=\"fifa4\" width=\"300\" height=\"169\" \/><\/a><\/td>\n<\/tr>\n<tr>\n<td><strong>O &#8216;estranho casal&#8217; sob vaias na Copa das Confedera\u00e7\u00f5es<\/strong><\/td>\n<\/tr>\n<\/tbody>\n<\/table>\n<p>Finalmente, permito-me considerar que n\u00e3o houve empenho real do governo federal em evitar a situa\u00e7\u00e3o extremamente vexat\u00f3ria de que teremos na tribuna de honra de uma Copa do Mundo disputada no Brasil, como presidente da CBF, um antigo\u00a0<strong><em>capacho<\/em><\/strong>\u00a0\u00a0da ditadura militar:\u00a0\u00a0o pat\u00e9tico\u00a0<strong><em>Z\u00e9 das Medalhas<\/em><\/strong>.<br \/>\n&#8230;havia como se chegar a solu\u00e7\u00e3o melhor [uma articula\u00e7\u00e3o para evitar que o dirigente m\u00e1ximo do futebol brasileiro fosse algu\u00e9m que nos humilhasse tanto, quando os olhares do mundo inteiro estariam voltados para n\u00f3s], desde que o governo se dispusesse a pagar o pre\u00e7o, pois lidava com indiv\u00edduos que colocam\u00a0<strong><u>SEMPRE<\/u><\/strong>\u00a0os interesses acima das convic\u00e7\u00f5es. Mas, preferiu preservar suas moedas de troca para outras barganhas&#8230;<\/p>\n<p><strong>(o texto acima foi divulgado no blogue\u00a0N\u00e1ufrago da Utopia\u00a0<\/strong><strong>um\u00a0<\/strong><strong>ano\u00a0<\/strong><strong>antes do Mundial 2014 da Fifa)<\/strong><\/p>\n<p>&nbsp;<\/p>\n<p style=\"text-align: center;\"><strong>MARIN NO XILINDR\u00d3: \u00c9 UMA VERGONHA A JUSTI\u00c7A\u00a0<\/strong><strong>DOS EUA ESTAR FAZENDO O QUE A NOSSA\u00a0<\/strong><strong>H\u00c1 MUITO DEVERIA TER FEITO!<\/strong><\/p>\n<p>&nbsp;<\/p>\n<table>\n<tbody>\n<tr>\n<td style=\"text-align: center;\">\u00a0<a href=\"http:\/\/www.jornalrol.com.br\/wp-content\/uploads\/2015\/05\/fifa5.jpg\"><img loading=\"lazy\" decoding=\"async\" class=\" size-medium wp-image-2067 aligncenter\" src=\"http:\/\/www.jornalrol.com.br\/wp-content\/uploads\/2015\/05\/fifa5-300x224.jpg\" alt=\"fifa5\" width=\"300\" height=\"224\" \/><\/a><\/td>\n<\/tr>\n<tr>\n<td><strong>&#8220;Fazer pol\u00edtica \u00e9 meter a m\u00e3o no sangue e na m&#8230;&#8221; (Sartre)<\/strong><\/td>\n<\/tr>\n<\/tbody>\n<\/table>\n<p><strong>Deu na\u00a0<u>BBC Brasil<\/u>\u00a0(a \u00edntegra est\u00e1\u00a0<a href=\"http:\/\/www.bbc.co.uk\/portuguese\/noticias\/2015\/05\/150527_prisoes_suica_mdb\">aqui<\/a>)<\/strong>:<\/p>\n<p><strong>&#8220;<\/strong>O vice-presidente da CBF, Jos\u00e9 Maria Marin, e outros seis dirigentes da Fifa foram presos na manh\u00e3 desta quarta-feira em um hotel em Zurique, na Su\u00ed\u00e7a, sob acusa\u00e7\u00f5es de corrup\u00e7\u00e3o.<\/p>\n<p>A pol\u00edcia su\u00ed\u00e7a efetuou as pris\u00f5es a pedido da Justi\u00e7a americana, onde corre um processo sobre corrup\u00e7\u00e3o na organiza\u00e7\u00e3o.<\/p>\n<p>Marin foi visto deixando o hotel entre os detidos, acompanhado de policiais que carregavam sua mala e seus pertences em uma sacola pl\u00e1stica.<\/p>\n<p>&#8230;Eles podem ser extraditados para os Estados Unidos.<\/p>\n<p>&#8230;O grupo \u00e9 acusado de armar um esquema de corrup\u00e7\u00e3o com propinas de pelo menos US$ 150 milh\u00f5es de d\u00f3lares (mais de R$ 470 milh\u00f5es), que existe h\u00e1 pelo menos vinte e quatro anos.<\/p>\n<table>\n<tbody>\n<tr>\n<td>\u00a0<a href=\"http:\/\/www.jornalrol.com.br\/wp-content\/uploads\/2015\/05\/fifa6.jpg\"><img loading=\"lazy\" decoding=\"async\" class=\" size-medium wp-image-2068 aligncenter\" src=\"http:\/\/www.jornalrol.com.br\/wp-content\/uploads\/2015\/05\/fifa6-300x215.jpg\" alt=\"fifa6\" width=\"300\" height=\"215\" \/><\/a><\/td>\n<\/tr>\n<tr>\n<td><strong>Fizeram com ele o que ele fez com o Vladimir Herzog?<\/strong><\/td>\n<\/tr>\n<\/tbody>\n<\/table>\n<p>Entre as acusa\u00e7\u00f5es que os suspeitos enfrentam est\u00e3o lavagem de dinheiro, crime organizado e fraude eletr\u00f4nica.<\/p>\n<p>&#8216;O indiciamento sugere que a corrup\u00e7\u00e3o \u00e9 desenfreada, sist\u00eamica e tem ra\u00edzes profundas tanto no exterior como aqui nos Estados Unidos&#8217;, disse a procuradora-geral Loretta Lynch.<\/p>\n<p>&#8216;Essa corrup\u00e7\u00e3o come\u00e7ou h\u00e1 pelo menos duas gera\u00e7\u00f5es de executivos do futebol que, supostamente, abusaram de suas posi\u00e7\u00f5es de confian\u00e7a para obter milh\u00f5es de d\u00f3lares em subornos e propina&#8217;.<strong>&#8220;<\/strong><\/p>\n<p><strong>Meu sentimento, como brasileiro, \u00e9 de enorme vergonha, por estar a Justi\u00e7a estadunidense fazendo o que nossa Justi\u00e7a deveria ter feito h\u00e1 d\u00e9cadas.\u00a0<\/strong><\/p>\n<p><strong>Mas, n\u00e3o de culpa, porque sempre tratei tal cidad\u00e3o como med\u00edocre, incompetente, corrupto e cleptoman\u00edaco, elemento nefasto para o esporte brasileiro, tudo tendo feito para que ele n\u00e3o conduzisse a Sele\u00e7\u00e3o Brasileira para a derrota anunciada em 2014.<\/strong><\/p>\n<table>\n<tbody>\n<tr>\n<td>\u00a0<a href=\"http:\/\/www.jornalrol.com.br\/wp-content\/uploads\/2015\/05\/fifa7.jpg\"><img loading=\"lazy\" decoding=\"async\" class=\" size-medium wp-image-2069 aligncenter\" src=\"http:\/\/www.jornalrol.com.br\/wp-content\/uploads\/2015\/05\/fifa7-300x218.jpg\" alt=\"fifa7\" width=\"300\" height=\"218\" \/><\/a><\/td>\n<\/tr>\n<tr>\n<td><strong>Feitos um para o outro: Marin e Maluf.<\/strong><\/td>\n<\/tr>\n<\/tbody>\n<\/table>\n<p><strong><br \/>\n<\/strong><strong>Mesmo assim, considero um exagero a possibilidade levantada pelo Depto. de Justi\u00e7a dos EUA, de que Marin venha a ser condenado a 20 anos de deten\u00e7\u00e3o. Para um octogen\u00e1rio, isto equivaleria \u00e0 pris\u00e3o perp\u00e9tua. Ele fez totalmente por merecer a desonra e o opr\u00f3brio, mas morrer na pris\u00e3o seria demasiado.\u00a0<\/strong><\/p>\n<p><strong>Aproveito para reproduzir dois posts antigos meus que ajudam a montar o\u00a0<em>dossi\u00ea Marin<\/em>:<\/strong><\/p>\n<p style=\"text-align: center;\"><strong>DEIXAREMOS UM FILHOTE DA DITADURA\u00a0<\/strong><strong>NOS REPRESENTAR NO MUNDIAL 2014?!<\/strong><\/p>\n<p><a href=\"http:\/\/www.jornalrol.com.br\/wp-content\/uploads\/2015\/05\/fifa8.jpg\"><img loading=\"lazy\" decoding=\"async\" class=\"alignleft size-medium wp-image-2070\" src=\"http:\/\/www.jornalrol.com.br\/wp-content\/uploads\/2015\/05\/fifa8-124x300.jpg\" alt=\"fifa8\" width=\"124\" height=\"300\" \/><\/a>FOLHA CORRIDA DO ATUAL PRESIDENTE DA CBF:<\/p>\n<ul>\n<li>COMO DEPUTADO DURANTE A DITADURA MILITAR, EXIGIU QUE FOSSE INVESTIGADA A INFILTRA\u00c7\u00c3O COMUNISTA NA TV CULTURA (PONTO DE PARTIDA DO ASSASSINATO DE VLADIMIR HERZOG) E FOI \u00c0 TRIBUNA FAZER OS MAIS RASGADOS ELOGIOS AO DELEGADO S\u00c9RGIO FLEURY (O TOCAIEIRO DO MARIGHELLA). LEIA OS DOIS DISCURSOS DO LAMBE-COTURNOS\u00a0<a href=\"http:\/\/blogdojuca.uol.com.br\/2012\/06\/os-discursos-de-marin\/\"><strong>aqui<\/strong><\/a><\/li>\n<\/ul>\n<ul>\n<li>COMO ESPORTISTA, ROUBOU AT\u00c9 MEDALHA DE CAMPE\u00c3O DA COPA S\u00c3O PAULO (vide\u00a0<a href=\"http:\/\/uolesportevetv.blogosfera.uol.com.br\/2012\/01\/25\/vice-presidente-da-cbf-e-flagrado-embolsando-medalha\/\">aqui<\/a>).<\/li>\n<\/ul>\n<ul>\n<li>COMO CIDAD\u00c3O, FEZ &#8220;GATO&#8221; PARA SURRUPIAR ENERGIA EL\u00c9TRICA DO VIZINHO (vide\u00a0<a href=\"http:\/\/blogdojuca.uol.com.br\/2013\/02\/o-gato-de-jose-maria-marin\/\">aqui<\/a>).<\/li>\n<\/ul>\n<p>DEIXAREMOS UM MARIN DESSES REPRESENTAR O FUTEBOL BRASILEIRO NUMA COPA DO MUNDO?!<\/p>\n<p><strong>O PRESIDENTE DA CBF TAMB\u00c9M SURRUPIOU OBRAS DE ARTE?<\/strong><\/p>\n<p><strong>\u00c9<\/strong>\u00a0o que o Juca Kfouri insinua (vide\u00a0<strong><a href=\"http:\/\/blogdojuca.uol.com.br\/2013\/08\/blogueiro-injuriado-com-marin\/\">aqui<\/a><\/strong>). Dizendo n\u00e3o conhecer o apartamento de Jos\u00e9 Maria Marin, o jornalista afirma haver escutado &#8220;dos que j\u00e1 tiveram a honra de l\u00e1 estar que seus quadros s\u00e3o dignos de decorar as paredes de pal\u00e1cios&#8221;.<\/p>\n<p>E, com fina ironia, arremata:<\/p>\n<p><strong>&#8220;<\/strong>Como, por exemplo, o dos Bandeirantes<strong>&#8220;<\/strong>.<\/p>\n<p>Ou seja, Kfouri sugere que Marin tamb\u00e9m teria levado\u00a0<strong><em>souvenirs<\/em><\/strong>\u00a0\u00a0de sua passagem pela sede do Executivo paulista, entre maio\/1982 e mar\u00e7o\/1983, quando substituiu o licenciado governador\u00a0<strong><em>bi\u00f4nico<\/em><\/strong>\u00a0Paulo Maluf, do qual era vice.<\/p>\n<p><strong><em>Se non \u00e8 vero, \u00e8 ben trovato<\/em><\/strong>. Afinal, continua vivo na nossa mem\u00f3ria aquele pat\u00e9tico epis\u00f3dio de 2012, quando, disfar\u00e7adamente, Marin embolsou a medalha que deveria entregar a um jogador do Corinthians, durante a cerim\u00f4nia de premia\u00e7\u00e3o dos campe\u00f5es da Copa S\u00e3o Paulo de Futebol J\u00fanior.<\/p>\n<p>N\u00e3o foi, contudo, t\u00e3o sorrateiro a ponto de passar despercebido para um atento c\u00e2mera da TV Bandeirantes, que\u00a0<strong><a href=\"https:\/\/youtu.be\/IVZbulmbsc4\">flagrou<\/a><\/strong>\u00a0o furto.<\/p>\n<p>Daquela vez, a cleptomania marinesca acabou sendo exibida em rede nacional de TV.<\/p>\n<p>E agora, estaria escancarada nas paredes do seu luxuoso ap\u00ea &#8211;aquele cujo elevado consumo de energia el\u00e9trica foi, segundo outra den\u00fancia de Kfouri, pago durante muito tempo pelo vizinho, pois o distra\u00eddo Marin teria esquecido de desmembrar as contas, ao alugar-lhe o apartamento ao lado.<\/p>\n<p>&nbsp;<\/p>\n<p>https:\/\/www.youtube.com\/watch?v=IVZbulmbsc4&#038;authuser=2<\/p>\n","protected":false},"excerpt":{"rendered":"<p>&nbsp; \u00a0 Desta vez ele n\u00e3o quer ver mocinhas, quer\u00a0N\u00c3O\u00a0ver policiais. O\u00a0presidente da Casa Bandida do Futebol, Marco Polo Del Nero, deveria permanecer na Su\u00ed\u00e7a nesta 6\u00aa feira (29), para ajudar a escolher o novo chef\u00e3o da Federa\u00e7\u00e3o Internacional de Falcatruas e<\/p>\n<p class=\"link-more\"><a class=\"myButt \" href=\"https:\/\/jornalrol.com.br\/?p=2061\">Read More<\/a><\/p>\n","protected":false},"author":3,"featured_media":0,"comment_status":"closed","ping_status":"closed","sticky":false,"template":"","format":"standard","meta":{"_jetpack_newsletter_access":"","_jetpack_dont_email_post_to_subs":false,"_jetpack_newsletter_tier_id":0,"_jetpack_memberships_contains_paywalled_content":false,"_jetpack_memberships_contains_paid_content":false,"footnotes":""},"categories":[7],"tags":[1797],"class_list":["post-2061","post","type-post","status-publish","format-standard","hentry","category-comunicacao","tag-celso-lungaretti"],"aioseo_notices":[],"views":0,"jetpack_featured_media_url":"","jetpack_sharing_enabled":true,"jetpack_likes_enabled":true,"jetpack-related-posts":[{"id":25832,"url":"https:\/\/jornalrol.com.br\/?p=25832","url_meta":{"origin":2061,"position":0},"title":"Celso Lungaretti: &#039;Miss\u00e3o cumprida, presidente! Agora nada lhe falta para matas as saudades dos ignaros velhos tempos&#8230;&#039;","author":"Helio Rubens","date":"1 de abril de 2019","format":false,"excerpt":"\u00a0REUNIMOS 21 TEXTOS PARA SERVIREM DE ANT\u00cdDOTOS \u00c0\u00a0DITADURA. UM PARA CADA ANO QUE O PESADELO DUROU O\u00a0Encontro com a ditadura\u00a0j\u00e1 atingiu seu objetivo, o de oferecer farto material de leitura e consulta para quem busca informa\u00e7\u00e3o isenta e consistente sobre o arb\u00edtrio que se abateu sobre o Brasil no dia\u2026","rel":"","context":"Em &quot;Comunica\u00e7\u00e3o&quot;","block_context":{"text":"Comunica\u00e7\u00e3o","link":"https:\/\/jornalrol.com.br\/?cat=7"},"img":{"alt_text":"","src":"https:\/\/i0.wp.com\/www.jornalrol.com.br\/wp-content\/uploads\/2019\/03\/Celso5.jpg?resize=350%2C200","width":350,"height":200},"classes":[]},{"id":27244,"url":"https:\/\/jornalrol.com.br\/?p=27244","url_meta":{"origin":2061,"position":1},"title":"Celso Lungaretti: &#039;O ogro Bolsonaro, o Olavo sem cabe\u00e7a, os pr\u00edncipes-herdeiros das trevas e os ministros zumbis s\u00e3o um halloween querendo se prolongar meses adentro&#039;","author":"Helio Rubens","date":"16 de maio de 2019","format":false,"excerpt":"O GOVERNO BOLSONARO J\u00c1 DERRETEU. S\u00d3 FALTA, TAPANDO\u00a0O NARIZ, EMPURRAR A GOSMA\u00a0NAUSEABUNDA PARA O RALO Foi bonita a festa, mo\u00e7ada, fiquei contente! \u00a0Era exatamente do que precis\u00e1vamos, esse tsunami de jovens despertando para a pol\u00edtica (o pesadelo do Bolsonaro na v\u00e9spera!), tomando a Paulista e tantas outras avenidas e pra\u00e7as\u2026","rel":"","context":"Em &quot;Comunica\u00e7\u00e3o&quot;","block_context":{"text":"Comunica\u00e7\u00e3o","link":"https:\/\/jornalrol.com.br\/?cat=7"},"img":{"alt_text":"","src":"https:\/\/i0.wp.com\/www.jornalrol.com.br\/wp-content\/uploads\/2019\/03\/Celso5.jpg?resize=350%2C200","width":350,"height":200},"classes":[]},{"id":38274,"url":"https:\/\/jornalrol.com.br\/?p=38274","url_meta":{"origin":2061,"position":2},"title":"Celso Lungaretti: &#039;Matamos a cobra e mostramos o pau: com um presidente de verdade, o Brasil poderia ter uns 100 mil brasileiros a menos mortos pela Covid&#039;","author":"ADM","date":"3 de mar\u00e7o de 2021","format":false,"excerpt":"Celso Lungaretti Calculamos quantas mortes por Covid poderiam ser evitadas\u00a0 sem o negacionismo do Bolsonaro. o resultado \u00e9 chocante No s\u00e9culo passado os economistas gostavam de comparar o Brasil a uma\u00a0Bel\u00edndia: os impostos aqui existentes seriam t\u00e3o elevados quanto os da rica B\u00e9lgica, mas a mis\u00e9ria que suport\u00e1vamos equivaleria \u00e0\u2026","rel":"","context":"Em &quot;Comunica\u00e7\u00e3o&quot;","block_context":{"text":"Comunica\u00e7\u00e3o","link":"https:\/\/jornalrol.com.br\/?cat=7"},"img":{"alt_text":"","src":"https:\/\/i0.wp.com\/www.jornalrol.com.br\/wp-content\/uploads\/2020\/04\/celso-5-300x169-300x169.jpg?resize=350%2C200","width":350,"height":200},"classes":[]},{"id":27780,"url":"https:\/\/jornalrol.com.br\/?p=27780","url_meta":{"origin":2061,"position":3},"title":"Celso Lungaretti: &#039;A Lava-Jato est\u00e1 nua&#039;","author":"Helio Rubens","date":"10 de junho de 2019","format":false,"excerpt":"Celso Lungaretti:\u00a0A LAVA JATO EST\u00c1 NUA Para quem consegue discernir o que se passa nos bastidores dos Poderes, nunca houve a mais remota d\u00favida da exist\u00eancia de um rolo compressor pol\u00edtico-policial-judicial predeterminando o resultado do impeachment da Dilma e dos processos contra Lula. O que nada tem a ver com\u2026","rel":"","context":"Em &quot;Comunica\u00e7\u00e3o&quot;","block_context":{"text":"Comunica\u00e7\u00e3o","link":"https:\/\/jornalrol.com.br\/?cat=7"},"img":{"alt_text":"","src":"https:\/\/i0.wp.com\/www.jornalrol.com.br\/wp-content\/uploads\/2019\/03\/Celso5.jpg?resize=350%2C200","width":350,"height":200},"classes":[]},{"id":38544,"url":"https:\/\/jornalrol.com.br\/?p=38544","url_meta":{"origin":2061,"position":4},"title":"Celso Lungaretti: &quot;Hoje o Lula s\u00f3 discursou e deu entrevista. O lan\u00e7amento da nova &#039;carta aos brasileiros&#039; ficou para depois&#8230;&#039;","author":"ADM","date":"13 de mar\u00e7o de 2021","format":false,"excerpt":"celso lungaretti Concilia\u00e7\u00e3o das elites em marcha: sem surpresa nenhuma, lula evidencia que vai\u00a0repetir seu papel hist\u00f3rico de 2002 Comecei o dia lendo que os dirigentes petistas aconselharam Lula a evitar atos e palavras contundentes, passando a interpretar o papel de um estadista, de forma a aproveitar a mais gritante\u2026","rel":"","context":"Em &quot;Comunica\u00e7\u00e3o&quot;","block_context":{"text":"Comunica\u00e7\u00e3o","link":"https:\/\/jornalrol.com.br\/?cat=7"},"img":{"alt_text":"","src":"https:\/\/i0.wp.com\/www.jornalrol.com.br\/wp-content\/uploads\/2020\/04\/celso-5-300x169-300x169.jpg?resize=350%2C200","width":350,"height":200},"classes":[]},{"id":12434,"url":"https:\/\/jornalrol.com.br\/?p=12434","url_meta":{"origin":2061,"position":5},"title":"Celso Lungaretti: &#039;Para Juca Kfouri, os brasileiros t\u00eam que retomar o Brasil: para Celso Lungaretti, a humanidade tem de retomar o mundo&#039;","author":"Helio Rubens","date":"21 de agosto de 2017","format":false,"excerpt":"\u00a0 \u00a0Celso Lungaretti: 'A\u00a0DEMOCRACIA CORINTHIANA\u00a0ME FEZ CRER QUE, AP\u00d3S A TEMPESTADE DITATORIAL, VIRIA A BONAN\u00c7A DE UM NOVO BRASIL' Sou da mesma gera\u00e7\u00e3o do Juca Kfouri, s\u00f3 uns poucos meses mais novo. Ent\u00e3o, conhe\u00e7o muito bem os sentimentos que inspiraram seu\u00a0artigo dominical. Mas, discordo da conclus\u00e3o: para mim, n\u00e3o s\u00e3o\u2026","rel":"","context":"Em &quot;Comunica\u00e7\u00e3o&quot;","block_context":{"text":"Comunica\u00e7\u00e3o","link":"https:\/\/jornalrol.com.br\/?cat=7"},"img":{"alt_text":"","src":"https:\/\/i0.wp.com\/www.jornalrol.com.br\/wp-content\/uploads\/2017\/04\/Foto-Celso3-abril-17-225x300.jpg?resize=350%2C200","width":350,"height":200},"classes":[]}],"_links":{"self":[{"href":"https:\/\/jornalrol.com.br\/index.php?rest_route=\/wp\/v2\/posts\/2061","targetHints":{"allow":["GET"]}}],"collection":[{"href":"https:\/\/jornalrol.com.br\/index.php?rest_route=\/wp\/v2\/posts"}],"about":[{"href":"https:\/\/jornalrol.com.br\/index.php?rest_route=\/wp\/v2\/types\/post"}],"author":[{"embeddable":true,"href":"https:\/\/jornalrol.com.br\/index.php?rest_route=\/wp\/v2\/users\/3"}],"replies":[{"embeddable":true,"href":"https:\/\/jornalrol.com.br\/index.php?rest_route=%2Fwp%2Fv2%2Fcomments&post=2061"}],"version-history":[{"count":0,"href":"https:\/\/jornalrol.com.br\/index.php?rest_route=\/wp\/v2\/posts\/2061\/revisions"}],"wp:attachment":[{"href":"https:\/\/jornalrol.com.br\/index.php?rest_route=%2Fwp%2Fv2%2Fmedia&parent=2061"}],"wp:term":[{"taxonomy":"category","embeddable":true,"href":"https:\/\/jornalrol.com.br\/index.php?rest_route=%2Fwp%2Fv2%2Fcategories&post=2061"},{"taxonomy":"post_tag","embeddable":true,"href":"https:\/\/jornalrol.com.br\/index.php?rest_route=%2Fwp%2Fv2%2Ftags&post=2061"}],"curies":[{"name":"wp","href":"https:\/\/api.w.org\/{rel}","templated":true}]}}