{"id":2072,"date":"2015-05-30T21:03:27","date_gmt":"2015-05-31T00:03:27","guid":{"rendered":"http:\/\/www.jornalrol.com.br\/?p=2072"},"modified":"2015-05-30T21:03:27","modified_gmt":"2015-05-31T00:03:27","slug":"policia-prende-irmaos-por-traficode-drogas-em-itapetininga","status":"publish","type":"post","link":"https:\/\/jornalrol.com.br\/?p=2072","title":{"rendered":"Policia prende irm\u00e3os por tr\u00e1ficode drogas em Itapetininga"},"content":{"rendered":"<div class=\"pdfprnt-buttons pdfprnt-buttons-post pdfprnt-top-right\"><a href=\"https:\/\/jornalrol.com.br\/index.php?rest_route=%2Fwp%2Fv2%2Fposts%2F2072&print=pdf\" class=\"pdfprnt-button pdfprnt-button-pdf\" target=\"_blank\" ><\/a><a href=\"https:\/\/jornalrol.com.br\/index.php?rest_route=%2Fwp%2Fv2%2Fposts%2F2072&print=print\" class=\"pdfprnt-button pdfprnt-button-print\" target=\"_blank\" ><img decoding=\"async\" src=\"https:\/\/jornalrol.com.br\/wp-content\/plugins\/pdf-print\/images\/print.png\" alt=\"image_print\" title=\"Conte\u00fado de impress\u00e3o\" \/><\/a><\/div><div class=\"materia-titulo\">\n<h1 class=\"entry-title\">Opera\u00e7\u00e3o da Pol\u00edcia Civil prende irm\u00e3os por tr\u00e1fico em Itapetininga<!--more--><\/h1>\n<\/div>\n<div class=\"materia-assinatura-linha\">\u00a0Al\u00e9m deles, outras 27 pessoas foram presas nesta sexta-feira (29).<br \/>\nA\u00e7\u00e3o foi realizada em 13 cidades da regi\u00e3o; foram 62 mandados de busca.<\/div>\n<div class=\"materia-assinatura-letra\">\n<div class=\"materia-assinatura\">\n<p class=\"vcard author\"><span class=\"adr\"><span class=\"locality\">Do G1 Itapetininga e Regi\u00e3o<\/span><\/span><\/p>\n<\/div>\n<\/div>\n<div class=\"compartilhamento-materia\">\n<div class=\"share-bar share-bar-container share-theme-natural\" data-title=\"Opera\u00e7\u00e3o da Pol\u00edcia Civil prende irm\u00e3os por tr\u00e1fico em Itapetininga\n\" data-url=\"http:\/\/g1.globo.com\/sao-paulo\/itapetininga-regiao\/noticia\/2015\/05\/operacao-da-policia-civil-prende-irmaos-por-trafico-em-itapetininga.html\" data-image-url=\"http:\/\/s2.glbimg.com\/sorfB_aDXbNnGspTAa4la07AnG0=\/1200x630\/s.glbimg.com\/jo\/g1\/f\/original\/2015\/05\/29\/img-20150529-wa0000_3.jpg\" data-hashtags=\"#G1\"><\/p>\n<div class=\"share-button share-facebook share-full\">\n<div class=\"svg-size\"><\/div>\n<\/div>\n<div class=\"share-button share-pinterest share-small\"><\/div>\n<\/div>\n<\/div>\n<div id=\"materia-letra\" class=\"materia-conteudo entry-content\">\n<div>\n<p>Uma opera\u00e7\u00e3o em 13 cidades da cobertura da Pol\u00edcia Civil em <a class=\"premium-tip\" href=\"http:\/\/g1.globo.com\/sp\/itapetininga-regiao\/cidade\/itapetininga.html\">Itapetininga<\/a> (SP) nesta sexta-feira (29) resultou com a pris\u00e3o de dois irm\u00e3os suspeitos de tr\u00e1fico de drogas em Itapetininga. Os jovens, de 21 e 25 anos, foram detidos na casa deles, na Vila Regina, com por\u00e7\u00f5es de maconha, coca\u00edna.<\/p>\n<div class=\"saibamais componente_materia\"><strong>saiba mais<\/strong><\/p>\n<ul>\n<li><a href=\"http:\/\/g1.globo.com\/sao-paulo\/itapetininga-regiao\/noticia\/2015\/05\/tres-sao-presos-por-assalto-posto-de-combustiveis-em-itapetininga.html\" target=\"_blank\">Tr\u00eas s\u00e3o presos por assalto a posto<br \/>\nde combust\u00edveis em Itapetininga<\/a><\/li>\n<\/ul>\n<\/div>\n<p>A dupla tinha tamb\u00e9m duas espingardas de press\u00e3o, contabilidade do tr\u00e1fico, balan\u00e7a de precis\u00e3o, um celular e dinheiro. Os dois foram levados para o Centro de Deten\u00e7\u00e3o Provis\u00f3ria (CDP) de <a class=\"premium-tip\" href=\"http:\/\/g1.globo.com\/sp\/sorocaba-jundiai\/cidade\/capela-do-alto.html\">Capela do Alto<\/a> (SP) e est\u00e3o \u00e0 disposi\u00e7\u00e3o da Justi\u00e7a.<\/p>\n<p>A a\u00e7\u00e3o da Pol\u00edcia Civil na regi\u00e3o prendeu ainda outras 27 pessoas por diversos crimes, diz a pol\u00edcia. Foram cumpridos 62 mandados de buscas na casa de suspeitos.<\/p>\n<div class=\"foto componente_materia midia-largura-300\"><img loading=\"lazy\" decoding=\"async\" title=\"homem foi preso com maconha e coca\u00edna pela pol\u00edcia (Foto: Divulga\u00e7\u00e3o\/ PM Itapetininga)\" src=\"http:\/\/s2.glbimg.com\/FeHYEUeDV4GwJk8S040keK8WzqQ=\/300x225\/s.glbimg.com\/jo\/g1\/f\/original\/2015\/05\/29\/img-20150529-wa0000_3.jpg\" alt=\"homem foi preso com maconha e coca\u00edna pela pol\u00edcia (Foto: Divulga\u00e7\u00e3o\/ PM Itapetininga)\" width=\"300\" height=\"225\" \/><strong>homem foi preso com maconha e coca\u00edna<br \/>\npela pol\u00edcia (Foto: Divulga\u00e7\u00e3o\/ PM Itapetininga)<\/strong><\/div>\n<p><strong>Flagrante da Pol\u00edcia Militar<\/strong><br \/>\nAinda em Itapetininga, outro suspeito de tr\u00e1fico foi detido pela Pol\u00edcia Militar depois de den\u00fancias an\u00f4nimas. A pris\u00e3o foi no Jardim Bela Vista.<\/p>\n<p>Com o suspeito foram encontradas 61 por\u00e7\u00f5es de coca\u00edna, 225 por\u00e7\u00f5es de crack, uma balan\u00e7a de precis\u00e3o e muni\u00e7\u00f5es pra rev\u00f3lver calibre 38. Ele ainda tinha R$ 1 mil em esp\u00e9cie.<\/p>\n<p>O homem est\u00e1 \u00e0 disposi\u00e7\u00e3o da Justi\u00e7a.<\/p>\n<div class=\"foto componente_materia midia-largura-620\"><img loading=\"lazy\" decoding=\"async\" title=\"Irm\u00e3os foram presos durante a\u00e7\u00e3o da pol\u00edcia na cidade (Foto: Divulga\u00e7\u00e3o\/ Pol\u00edcia Civil itapetininga)\" src=\"http:\/\/s2.glbimg.com\/9WD4KdLAKElVtm32hlh_Avx3Y5Q=\/s.glbimg.com\/jo\/g1\/f\/original\/2015\/05\/29\/img-20150529-wa0005.jpg\" alt=\"Irm\u00e3os foram presos durante a\u00e7\u00e3o da pol\u00edcia na cidade (Foto: Divulga\u00e7\u00e3o\/ Pol\u00edcia Civil itapetininga)\" width=\"620\" height=\"465\" \/><strong>Irm\u00e3os foram presos durante a\u00e7\u00e3o da pol\u00edcia na cidade (Foto: Divulga\u00e7\u00e3o\/ Pol\u00edcia Civil itapetininga)<\/strong><\/div>\n<div class=\"foto componente_materia midia-largura-620\"><img loading=\"lazy\" decoding=\"async\" title=\"Por\u00e7\u00f5es de drogas e armas foram apreendidas (Foto: Divulga\u00e7\u00e3o\/ Pol\u00edcia Civil Itapetininga)\" src=\"http:\/\/s2.glbimg.com\/gobGfGEJoMXbylnlfOLyK30CfZc=\/s.glbimg.com\/jo\/g1\/f\/original\/2015\/05\/29\/img-20150529-wa0007_2.jpg\" alt=\"Por\u00e7\u00f5es de drogas e armas foram apreendidas (Foto: Divulga\u00e7\u00e3o\/ Pol\u00edcia Civil Itapetininga)\" width=\"620\" height=\"465\" \/><strong>Por\u00e7\u00f5es de drogas e armas foram apreendidas (Foto: Divulga\u00e7\u00e3o\/ Pol\u00edcia Civil Itapetininga)<\/strong><\/div>\n<\/div>\n<\/div>\n","protected":false},"excerpt":{"rendered":"<p>Opera\u00e7\u00e3o da Pol\u00edcia Civil prende irm\u00e3os por tr\u00e1fico em Itapetininga<\/p>\n","protected":false},"author":3,"featured_media":0,"comment_status":"closed","ping_status":"closed","sticky":false,"template":"","format":"standard","meta":{"_jetpack_newsletter_access":"","_jetpack_dont_email_post_to_subs":false,"_jetpack_newsletter_tier_id":0,"_jetpack_memberships_contains_paywalled_content":false,"_jetpack_memberships_contains_paid_content":false,"footnotes":""},"categories":[7],"tags":[6892],"class_list":["post-2072","post","type-post","status-publish","format-standard","hentry","category-comunicacao","tag-policia"],"aioseo_notices":[],"views":0,"jetpack_featured_media_url":"","jetpack_sharing_enabled":true,"jetpack_likes_enabled":true,"jetpack-related-posts":[{"id":1960,"url":"https:\/\/jornalrol.com.br\/?p=1960","url_meta":{"origin":2072,"position":0},"title":"DISE DESCOBRE PONTO DE TR\u00c1FICO EM ITAPETININGA","author":"Helio Rubens","date":"23 de maio de 2015","format":false,"excerpt":"Lava-r\u00e1pido era usado como ponto\u00a0de tr\u00e1fico de drogas em Itapetininga Policiais da Dise encontraram at\u00e9 cofre dentro do local nesta sexta-feira. Havia ainda coca\u00edna, p\u00f3 para mistura da droga, balan\u00e7a e embalagens. Do G1 Itapetininga e Regi\u00e3o FACEBOOK Dois homens foram presos e um menor apreendido, segundo a pol\u00edcia (Foto:\u2026","rel":"","context":"Em &quot;Comunica\u00e7\u00e3o&quot;","block_context":{"text":"Comunica\u00e7\u00e3o","link":"https:\/\/jornalrol.com.br\/?cat=7"},"img":{"alt_text":"Dois homens foram presos e um menor apreendido, segundo a pol\u00edcia de Itapetininga (Foto: Divulga\u00e7\u00e3o\/Dise)","src":"https:\/\/i0.wp.com\/s2.glbimg.com\/l6_I3uKlLJWAGs5SAVROhdZ782M%3D\/s.glbimg.com\/jo\/g1\/f\/original\/2015\/05\/23\/drogassss.jpg?resize=350%2C200","width":350,"height":200,"srcset":"https:\/\/i0.wp.com\/s2.glbimg.com\/l6_I3uKlLJWAGs5SAVROhdZ782M%3D\/s.glbimg.com\/jo\/g1\/f\/original\/2015\/05\/23\/drogassss.jpg?resize=350%2C200 1x, https:\/\/i0.wp.com\/s2.glbimg.com\/l6_I3uKlLJWAGs5SAVROhdZ782M%3D\/s.glbimg.com\/jo\/g1\/f\/original\/2015\/05\/23\/drogassss.jpg?resize=525%2C300 1.5x"},"classes":[]},{"id":2889,"url":"https:\/\/jornalrol.com.br\/?p=2889","url_meta":{"origin":2072,"position":1},"title":"Animal selvagem \u00e9 atropelado em plena Rodovia Raposo Tavares","author":"Helio Rubens","date":"4 de agosto de 2015","format":false,"excerpt":"Cachorro-do-mato \u00e9 atropelado na Raposo Tavares em Itapetininga (Mat\u00e9ria publicada pela TV Tem) Animal foi atingido na parte traseira e n\u00e3o conseguia andar, diz bombeiro. Bicho est\u00e1 em cl\u00ednica veterin\u00e1ria e depois de recuperado dever\u00e1 ser solto. Do G1 Itapetininga e Regi\u00e3o FACEBOOK Animal foi encontrado ferido no acostamento da\u2026","rel":"","context":"Em &quot;Comunica\u00e7\u00e3o&quot;","block_context":{"text":"Comunica\u00e7\u00e3o","link":"https:\/\/jornalrol.com.br\/?cat=7"},"img":{"alt_text":"Animal foi encontrado ferido no acostamento da Raposo Tavares (Foto: Divulga\u00e7\u00e3o\/ Bombeiros Itapetininga)","src":"https:\/\/i0.wp.com\/s2.glbimg.com\/nlBifWwQ3nBOr1dOWzCNtlTTqIk%3D\/s.glbimg.com\/jo\/g1\/f\/original\/2015\/08\/03\/img-20150803-wa0012_1.jpg?resize=350%2C200","width":350,"height":200,"srcset":"https:\/\/i0.wp.com\/s2.glbimg.com\/nlBifWwQ3nBOr1dOWzCNtlTTqIk%3D\/s.glbimg.com\/jo\/g1\/f\/original\/2015\/08\/03\/img-20150803-wa0012_1.jpg?resize=350%2C200 1x, https:\/\/i0.wp.com\/s2.glbimg.com\/nlBifWwQ3nBOr1dOWzCNtlTTqIk%3D\/s.glbimg.com\/jo\/g1\/f\/original\/2015\/08\/03\/img-20150803-wa0012_1.jpg?resize=525%2C300 1.5x"},"classes":[]},{"id":8325,"url":"https:\/\/jornalrol.com.br\/?p=8325","url_meta":{"origin":2072,"position":2},"title":"Revista TOP DA CIDADE homenageia os que lutam pela Cultura em Itapetininga","author":"Helio Rubens","date":"19 de fevereiro de 2017","format":false,"excerpt":"Revista editada em Itapetininga destaca as pessoas que lutam voluntariamente a favor da cultura na regi\u00e3o A revista TOP DA CIDADE em sua edi\u00e7\u00e3o de fevereiro\/2017, faz ampla reportagem contando os esfor\u00e7os desenvolvidos pelos dirigentes de quatro entidades culturais que atualmente s\u00e3o as que mais se dedicam \u00e0 causa da\u2026","rel":"","context":"Em &quot;Comunica\u00e7\u00e3o&quot;","block_context":{"text":"Comunica\u00e7\u00e3o","link":"https:\/\/jornalrol.com.br\/?cat=7"},"img":{"alt_text":"","src":"https:\/\/i0.wp.com\/www.jornalrol.com.br\/wp-content\/uploads\/2017\/02\/Capa-revista-TOP-Fev-17-001-226x300.jpg?resize=350%2C200","width":350,"height":200},"classes":[]},{"id":2995,"url":"https:\/\/jornalrol.com.br\/?p=2995","url_meta":{"origin":2072,"position":3},"title":"TV Tem diz que foi grande a manifesta\u00e7\u00e3o contra a Dilma em Tatui","author":"Helio Rubens","date":"17 de agosto de 2015","format":false,"excerpt":"Moradores protestam contra o governo na regi\u00e3o de Itapetininga \u00a0Manifestantes em Tatu\u00ed usaram bandeiras e camisetas nas cores do Brasil. Ato contra a presidente Dilma Rousseff (PT) foi organizado pela internet. Do G1 Itapetininga e Regi\u00e3o FACEBOOK Manifestantes se reuniram na pra\u00e7a para protestar contra o governo federal (Foto: Caio\u2026","rel":"","context":"Em &quot;Comunica\u00e7\u00e3o&quot;","block_context":{"text":"Comunica\u00e7\u00e3o","link":"https:\/\/jornalrol.com.br\/?cat=7"},"img":{"alt_text":"Manifestantes se reun\u00edram na Pra\u00e7a da Matriz, em Tatu\u00ed, para protestar contra o governo federal  (Foto: Caio Silveira\/G1)","src":"https:\/\/i0.wp.com\/s2.glbimg.com\/u2050lZX7YbU3z-6lvX7sLUGQOw%3D\/s.glbimg.com\/jo\/g1\/f\/original\/2015\/08\/16\/tatuir.jpg?resize=350%2C200","width":350,"height":200,"srcset":"https:\/\/i0.wp.com\/s2.glbimg.com\/u2050lZX7YbU3z-6lvX7sLUGQOw%3D\/s.glbimg.com\/jo\/g1\/f\/original\/2015\/08\/16\/tatuir.jpg?resize=350%2C200 1x, https:\/\/i0.wp.com\/s2.glbimg.com\/u2050lZX7YbU3z-6lvX7sLUGQOw%3D\/s.glbimg.com\/jo\/g1\/f\/original\/2015\/08\/16\/tatuir.jpg?resize=525%2C300 1.5x"},"classes":[]},{"id":2440,"url":"https:\/\/jornalrol.com.br\/?p=2440","url_meta":{"origin":2072,"position":4},"title":"Circuito &#039;Correr e Caminhar&#039; de Itapetininga teve participa\u00e7\u00e3o\u00a0regional com colabora\u00e7\u00e3o na Campanha do Agasalho","author":"Helio Rubens","date":"4 de julho de 2015","format":false,"excerpt":"A 4a. Etapa do Circuito Municipal Correr e Caminhar com Sa\u00fade, foi realizada\u00a0no \u00faltimo\u00a0dia 28\/junho com largada e chegada defronte a Igreja de S\u00e3o Jo\u00e3o A caminhada percorrendo ruas e avenidas da Vila S\u00e3o Jo\u00e3o, Vila Aurora, Jardim Marab\u00e1 em percurso de 7 km para caminhada e corrida. Apesar da\u2026","rel":"","context":"Em &quot;Comunica\u00e7\u00e3o&quot;","block_context":{"text":"Comunica\u00e7\u00e3o","link":"https:\/\/jornalrol.com.br\/?cat=7"},"img":{"alt_text":"Caminhada(Mulheres) 01","src":"https:\/\/i0.wp.com\/www.jornalrol.com.br\/wp-content\/uploads\/2015\/07\/CaminhadaMulheres-01-300x198.jpg?resize=350%2C200","width":350,"height":200},"classes":[]},{"id":1568,"url":"https:\/\/jornalrol.com.br\/?p=1568","url_meta":{"origin":2072,"position":5},"title":"Itapetininga: ASSALTOS A COMERCIANTES EST\u00c1 VIRANDO ROTINA","author":"Helio Rubens","date":"11 de abril de 2015","format":false,"excerpt":"C\u00e2mera registra assalto a com\u00e9rcio\u00a0de Itapetininga Do G1 Itapetininga e Regi\u00e3o v\u00eddeo Local foi roubado na 5\u00aa feira, dois dias ap\u00f3s outro crime na mesma avenida. \u2018J\u00e1 nem assusta, estou t\u00e3o acostumado. \u00c9 s\u00f3 um caso a mais\u2019, diz v\u00edtima. http:\/\/g1.globo.com\/sao-paulo\/itapetininga-regiao\/noticia\/2015\/04\/camera-filma-assalto-comercio-de-itapetininga-assista-o-video.html Dois com\u00e9rcios que ficam na principal avenida da Vila\u2026","rel":"","context":"Em &quot;Comunica\u00e7\u00e3o&quot;","block_context":{"text":"Comunica\u00e7\u00e3o","link":"https:\/\/jornalrol.com.br\/?cat=7"},"img":{"alt_text":"C\u00e2mera de seguran\u00e7a filmou assalto em padaria da Vila Reis (Foto: Reprodu\u00e7\u00e3o\/ TV TEM)","src":"https:\/\/i0.wp.com\/s2.glbimg.com\/SEuhEOdkrikuE7mSuwEjU18D2c8%3D\/s.glbimg.com\/jo\/g1\/f\/original\/2015\/04\/10\/camera_1.jpg?resize=350%2C200","width":350,"height":200,"srcset":"https:\/\/i0.wp.com\/s2.glbimg.com\/SEuhEOdkrikuE7mSuwEjU18D2c8%3D\/s.glbimg.com\/jo\/g1\/f\/original\/2015\/04\/10\/camera_1.jpg?resize=350%2C200 1x, https:\/\/i0.wp.com\/s2.glbimg.com\/SEuhEOdkrikuE7mSuwEjU18D2c8%3D\/s.glbimg.com\/jo\/g1\/f\/original\/2015\/04\/10\/camera_1.jpg?resize=525%2C300 1.5x"},"classes":[]}],"_links":{"self":[{"href":"https:\/\/jornalrol.com.br\/index.php?rest_route=\/wp\/v2\/posts\/2072","targetHints":{"allow":["GET"]}}],"collection":[{"href":"https:\/\/jornalrol.com.br\/index.php?rest_route=\/wp\/v2\/posts"}],"about":[{"href":"https:\/\/jornalrol.com.br\/index.php?rest_route=\/wp\/v2\/types\/post"}],"author":[{"embeddable":true,"href":"https:\/\/jornalrol.com.br\/index.php?rest_route=\/wp\/v2\/users\/3"}],"replies":[{"embeddable":true,"href":"https:\/\/jornalrol.com.br\/index.php?rest_route=%2Fwp%2Fv2%2Fcomments&post=2072"}],"version-history":[{"count":0,"href":"https:\/\/jornalrol.com.br\/index.php?rest_route=\/wp\/v2\/posts\/2072\/revisions"}],"wp:attachment":[{"href":"https:\/\/jornalrol.com.br\/index.php?rest_route=%2Fwp%2Fv2%2Fmedia&parent=2072"}],"wp:term":[{"taxonomy":"category","embeddable":true,"href":"https:\/\/jornalrol.com.br\/index.php?rest_route=%2Fwp%2Fv2%2Fcategories&post=2072"},{"taxonomy":"post_tag","embeddable":true,"href":"https:\/\/jornalrol.com.br\/index.php?rest_route=%2Fwp%2Fv2%2Ftags&post=2072"}],"curies":[{"name":"wp","href":"https:\/\/api.w.org\/{rel}","templated":true}]}}